{"id":195636,"date":"2024-01-03T06:29:59","date_gmt":"2024-01-03T10:29:59","guid":{"rendered":"https:\/\/www.eldiario.net\/portal\/?p=195636"},"modified":"2024-01-03T06:29:59","modified_gmt":"2024-01-03T10:29:59","slug":"conexion-entre-terremoto-y-choque-de-dos-aviones-dejan-5-muertos-en-tokio","status":"publish","type":"post","link":"https:\/\/www.eldiario.net\/portal\/2024\/01\/03\/conexion-entre-terremoto-y-choque-de-dos-aviones-dejan-5-muertos-en-tokio\/","title":{"rendered":"Conexi\u00f3n entre terremoto y choque de  dos aviones dejan 5 muertos en Tokio"},"content":{"rendered":"<p>M\u00e1s detalles contin\u00faan emergiendo en las \u00faltimas horas sobre el accidente a\u00e9reo de ayer en Jap\u00f3n, que dej\u00f3 cinco muertos luego que un avi\u00f3n de pasajeros de Japan Airlines (JAL) y una aeronave de la Guardia Costera japonesa chocaron en el aeropuerto Haneda de Tokio.<br \/>\nEl suceso se produjo un d\u00eda despu\u00e9s de que Jap\u00f3n fue sacudido por un violento terremoto que golpe\u00f3 la pen\u00ednsula de Noto, en el centro del pa\u00eds, y que caus\u00f3 al menos 48 muertos.<br \/>\nDe hecho, nueva informaci\u00f3n permite establecer una conexi\u00f3n entre las dos tragedias: seg\u00fan inform\u00f3 la agencia Kyodo, el avi\u00f3n del servicio de guardacostas, un Bombardier Dash-8, ten\u00eda previsto partir para la ciudad de Niigata con el fin de llevar suministros a residentes afectados por el letal terremoto.<br \/>\nPero al salir a la pista con seis personas a bordo, por razones que a\u00fan se investigan, fue impactado por el Airbus A350 de JAL.<br \/>\nDe los seis oficiales que viajaban a bordo, cinco fueron hallados muertos tras el accidente. El Ministerio de Transporte dijo que se trataba del vicecapit\u00e1n Nobuyuki Tahara (41), el operador de radio Takanori Ishida (27), el operador de radar de b\u00fasqueda Wataru Tateto (39), el mec\u00e1nico Masato Uno (47) y el trabajador de mantenimiento Shigesuke Kato (56).<br \/>\nLa Guardia Costera de Jap\u00f3n inform\u00f3 que su piloto, el capit\u00e1n Genki Miyamoto (39), hab\u00eda sobrevivido, aunque se encuentra herido de gravedad.<br \/>\nLa \u201cincre\u00edble\u201d<br \/>\nactuaci\u00f3n de la<br \/>\ntripulaci\u00f3n<br \/>\nPor otro lado, todos los 367 pasajeros y 12 tripulantes a bordo del Airbus A350 de Japan Airlines salieron ilesos antes de que el avi\u00f3n fuera devorado completamente por las llamas.<br \/>\nVarios expertos y funcionarios elogiaron el profesionalismo y la valent\u00eda de la tripulaci\u00f3n y los equipos de emergencia, que lograron evitar una tragedia que pudo haber sido mucho peor.<br \/>\nEd Galea, profesor y director del Grupo de Ingenier\u00eda de Seguridad contra Incendios de la Universidad de Greenwich, realiz\u00f3 en las redes sociales un detallado an\u00e1lisis de la evacuaci\u00f3n, que calific\u00f3 de \u201cincre\u00edble\u201d debido a su dificultad.<br \/>\n\u201cDe los pocos pasajeros que podemos ver en tierra y evacuados a salvo en el v\u00eddeo, ninguno lleva equipaje, lo cual es un buen comportamiento por parte de los pasajeros, y presumiblemente por parte de la tripulaci\u00f3n, que habr\u00eda instado a los pasajeros a dejar el equipaje\u201d, agreg\u00f3 el experto.<br \/>\nLos relatos de los pasajeros: \u201cEra un infierno\u201d, tambi\u00e9n aportaron m\u00e1s detalles sobre el accidente y la evacuaci\u00f3n.<br \/>\nEl sueco Anton Deibe, de 17 a\u00f1os, explic\u00f3 al peri\u00f3dico sueco Aftonbladet que \u201ctoda la cabina se llen\u00f3 de humo en unos minutos. Nos arrojamos al piso. Luego las puertas de emergencia fueron abiertas y nos abalanzamos hacia ellas\u201d.<br \/>\n\u201cEl humo en la cabina picaba endiabladamente. Era un infierno. No ten\u00edamos idea a d\u00f3nde \u00edbamos, as\u00ed que s\u00f3lo salimos corriendo por la pista. Era un caos\u201d, agreg\u00f3 Deibe, que viajaba con sus padres y su hermana.<br \/>\nInvestigaci\u00f3n<br \/>\nen curso<br \/>\nMientras tanto, las autoridades siguen investigando las causas del accidente. Ni la Guardia Costera nipona ni la Agencia Meteorol\u00f3gica apuntaron al motivo del siniestro, ya que no se hab\u00edan producido condiciones meteorol\u00f3gicas adversas ni fuertes vientos, seg\u00fan se\u00f1alaron.<br \/>\nPor el momento, tampoco fue emitido un informe por Japan Airlines, agreg\u00f3 el funcionario.<\/p>\n<p>Accidentes pocos<br \/>\nfrecuentes<br \/>\nTodos los vuelos dom\u00e9sticos de Tokio Haneda fueron anulados, seg\u00fan la web del aeropuerto, pero se manten\u00eda la mayor\u00eda de vuelos internacionales.<br \/>\nTokio Haneda es uno de los dos aeropuertos internacionales de la capital japonesa y uno de los m\u00e1s transitados del mundo.<br \/>\nLos accidentes con aviones de pasajeros son extremadamente inusuales en Jap\u00f3n.<br \/>\nEl m\u00e1s grave ocurri\u00f3 en 1985, cuando un avi\u00f3n de Japan Airlines se estrell\u00f3 entre Tokio y Osaka, matando a 520 personas, en una de las peores cat\u00e1strofes a\u00e9reas del mundo. (Infobae)<\/p>\n","protected":false},"excerpt":{"rendered":"<p>M\u00e1s detalles contin\u00faan emergiendo en las \u00faltimas horas sobre el accidente a\u00e9reo de ayer en Jap\u00f3n, que dej\u00f3 cinco muertos luego que un avi\u00f3n de pasajeros de Japan Airlines (JAL) y una aeronave de la Guardia Costera japonesa chocaron en el aeropuerto Haneda de Tokio. El suceso se produjo un d\u00eda despu\u00e9s de que Jap\u00f3n [&hellip;]<\/p>\n","protected":false},"author":1,"featured_media":195637,"comment_status":"open","ping_status":"open","sticky":false,"template":"","format":"standard","meta":{"_acf_changed":false,"footnotes":""},"categories":[3],"tags":[],"class_list":["post-195636","post","type-post","status-publish","format-standard","has-post-thumbnail","category-internacional"],"acf":{"antetitulo":"A\u00f1o Nuevo tr\u00e1gico en Jap\u00f3n"},"yoast_head":"<!-- This site is optimized with the Yoast SEO plugin v28.4 - https:\/\/yoast.com\/product\/yoast-seo-wordpress\/ -->\n<title>Conexi\u00f3n entre terremoto y choque de dos aviones dejan 5 muertos en Tokio - El Diario - Bolivia<\/title>\n<meta name=\"robots\" content=\"index, follow, max-snippet:-1, max-image-preview:large, max-video-preview:-1\" \/>\n<link rel=\"canonical\" href=\"https:\/\/www.eldiario.net\/portal\/2024\/01\/03\/conexion-entre-terremoto-y-choque-de-dos-aviones-dejan-5-muertos-en-tokio\/\" \/>\n<meta property=\"og:locale\" content=\"es_ES\" \/>\n<meta property=\"og:type\" content=\"article\" \/>\n<meta property=\"og:title\" content=\"Conexi\u00f3n entre terremoto y choque de dos aviones dejan 5 muertos en Tokio - El Diario - Bolivia\" \/>\n<meta property=\"og:description\" content=\"M\u00e1s detalles contin\u00faan emergiendo en las \u00faltimas horas sobre el accidente a\u00e9reo de ayer en Jap\u00f3n, que dej\u00f3 cinco muertos luego que un avi\u00f3n de pasajeros de Japan Airlines (JAL) y una aeronave de la Guardia Costera japonesa chocaron en el aeropuerto Haneda de Tokio. El suceso se produjo un d\u00eda despu\u00e9s de que Jap\u00f3n [&hellip;]\" \/>\n<meta property=\"og:url\" content=\"https:\/\/www.eldiario.net\/portal\/2024\/01\/03\/conexion-entre-terremoto-y-choque-de-dos-aviones-dejan-5-muertos-en-tokio\/\" \/>\n<meta property=\"og:site_name\" content=\"El Diario - Bolivia\" \/>\n<meta property=\"article:publisher\" content=\"https:\/\/www.facebook.com\/eldiario.bolivia\/\" \/>\n<meta property=\"article:published_time\" content=\"2024-01-03T10:29:59+00:00\" \/>\n<meta property=\"og:image\" content=\"https:\/\/www.eldiario.net\/portal\/wp-content\/uploads\/2024\/01\/AVION.jpg\" \/>\n\t<meta property=\"og:image:width\" content=\"1200\" \/>\n\t<meta property=\"og:image:height\" content=\"670\" \/>\n\t<meta property=\"og:image:type\" content=\"image\/jpeg\" \/>\n<meta name=\"author\" content=\"Jeanette\" \/>\n<meta name=\"twitter:card\" content=\"summary_large_image\" \/>\n<meta name=\"twitter:creator\" content=\"@eldiario_net\" \/>\n<meta name=\"twitter:site\" content=\"@eldiario_net\" \/>\n<meta name=\"twitter:label1\" content=\"Escrito por\" \/>\n\t<meta name=\"twitter:data1\" content=\"Jeanette\" \/>\n\t<meta name=\"twitter:label2\" content=\"Tiempo de lectura\" \/>\n\t<meta name=\"twitter:data2\" content=\"4 minutos\" \/>\n<script type=\"application\/ld+json\" class=\"yoast-schema-graph\">{\"@context\":\"https:\\\/\\\/schema.org\",\"@graph\":[{\"@type\":\"Article\",\"@id\":\"https:\\\/\\\/www.eldiario.net\\\/portal\\\/2024\\\/01\\\/03\\\/conexion-entre-terremoto-y-choque-de-dos-aviones-dejan-5-muertos-en-tokio\\\/#article\",\"isPartOf\":{\"@id\":\"https:\\\/\\\/www.eldiario.net\\\/portal\\\/2024\\\/01\\\/03\\\/conexion-entre-terremoto-y-choque-de-dos-aviones-dejan-5-muertos-en-tokio\\\/\"},\"author\":{\"name\":\"Jeanette\",\"@id\":\"https:\\\/\\\/www.eldiario.net\\\/portal\\\/#\\\/schema\\\/person\\\/f46445640444750d7d753ccd04ae01b7\"},\"headline\":\"Conexi\u00f3n entre terremoto y choque de dos aviones dejan 5 muertos en Tokio\",\"datePublished\":\"2024-01-03T10:29:59+00:00\",\"mainEntityOfPage\":{\"@id\":\"https:\\\/\\\/www.eldiario.net\\\/portal\\\/2024\\\/01\\\/03\\\/conexion-entre-terremoto-y-choque-de-dos-aviones-dejan-5-muertos-en-tokio\\\/\"},\"wordCount\":681,\"commentCount\":0,\"publisher\":{\"@id\":\"https:\\\/\\\/www.eldiario.net\\\/portal\\\/#organization\"},\"image\":{\"@id\":\"https:\\\/\\\/www.eldiario.net\\\/portal\\\/2024\\\/01\\\/03\\\/conexion-entre-terremoto-y-choque-de-dos-aviones-dejan-5-muertos-en-tokio\\\/#primaryimage\"},\"thumbnailUrl\":\"https:\\\/\\\/www.eldiario.net\\\/portal\\\/wp-content\\\/uploads\\\/2024\\\/01\\\/AVION.jpg\",\"articleSection\":[\"Internacional\"],\"inLanguage\":\"es\",\"potentialAction\":[{\"@type\":\"CommentAction\",\"name\":\"Comment\",\"target\":[\"https:\\\/\\\/www.eldiario.net\\\/portal\\\/2024\\\/01\\\/03\\\/conexion-entre-terremoto-y-choque-de-dos-aviones-dejan-5-muertos-en-tokio\\\/#respond\"]}]},{\"@type\":\"WebPage\",\"@id\":\"https:\\\/\\\/www.eldiario.net\\\/portal\\\/2024\\\/01\\\/03\\\/conexion-entre-terremoto-y-choque-de-dos-aviones-dejan-5-muertos-en-tokio\\\/\",\"url\":\"https:\\\/\\\/www.eldiario.net\\\/portal\\\/2024\\\/01\\\/03\\\/conexion-entre-terremoto-y-choque-de-dos-aviones-dejan-5-muertos-en-tokio\\\/\",\"name\":\"Conexi\u00f3n entre terremoto y choque de dos aviones dejan 5 muertos en Tokio - El Diario - Bolivia\",\"isPartOf\":{\"@id\":\"https:\\\/\\\/www.eldiario.net\\\/portal\\\/#website\"},\"primaryImageOfPage\":{\"@id\":\"https:\\\/\\\/www.eldiario.net\\\/portal\\\/2024\\\/01\\\/03\\\/conexion-entre-terremoto-y-choque-de-dos-aviones-dejan-5-muertos-en-tokio\\\/#primaryimage\"},\"image\":{\"@id\":\"https:\\\/\\\/www.eldiario.net\\\/portal\\\/2024\\\/01\\\/03\\\/conexion-entre-terremoto-y-choque-de-dos-aviones-dejan-5-muertos-en-tokio\\\/#primaryimage\"},\"thumbnailUrl\":\"https:\\\/\\\/www.eldiario.net\\\/portal\\\/wp-content\\\/uploads\\\/2024\\\/01\\\/AVION.jpg\",\"datePublished\":\"2024-01-03T10:29:59+00:00\",\"breadcrumb\":{\"@id\":\"https:\\\/\\\/www.eldiario.net\\\/portal\\\/2024\\\/01\\\/03\\\/conexion-entre-terremoto-y-choque-de-dos-aviones-dejan-5-muertos-en-tokio\\\/#breadcrumb\"},\"inLanguage\":\"es\",\"potentialAction\":[{\"@type\":\"ReadAction\",\"target\":[\"https:\\\/\\\/www.eldiario.net\\\/portal\\\/2024\\\/01\\\/03\\\/conexion-entre-terremoto-y-choque-de-dos-aviones-dejan-5-muertos-en-tokio\\\/\"]}]},{\"@type\":\"ImageObject\",\"inLanguage\":\"es\",\"@id\":\"https:\\\/\\\/www.eldiario.net\\\/portal\\\/2024\\\/01\\\/03\\\/conexion-entre-terremoto-y-choque-de-dos-aviones-dejan-5-muertos-en-tokio\\\/#primaryimage\",\"url\":\"https:\\\/\\\/www.eldiario.net\\\/portal\\\/wp-content\\\/uploads\\\/2024\\\/01\\\/AVION.jpg\",\"contentUrl\":\"https:\\\/\\\/www.eldiario.net\\\/portal\\\/wp-content\\\/uploads\\\/2024\\\/01\\\/AVION.jpg\",\"width\":1200,\"height\":670,\"caption\":\"AUTORIDADES ASEGURAN QUE LAS INVESTIGACIONES SOBRE LA CAUSA SER\u00c1N EXHAUsTIVAS. Medi\u00e1tiko\"},{\"@type\":\"BreadcrumbList\",\"@id\":\"https:\\\/\\\/www.eldiario.net\\\/portal\\\/2024\\\/01\\\/03\\\/conexion-entre-terremoto-y-choque-de-dos-aviones-dejan-5-muertos-en-tokio\\\/#breadcrumb\",\"itemListElement\":[{\"@type\":\"ListItem\",\"position\":1,\"name\":\"Portada\",\"item\":\"https:\\\/\\\/www.eldiario.net\\\/portal\\\/\"},{\"@type\":\"ListItem\",\"position\":2,\"name\":\"Conexi\u00f3n entre terremoto y choque de dos aviones dejan 5 muertos en Tokio\"}]},{\"@type\":\"WebSite\",\"@id\":\"https:\\\/\\\/www.eldiario.net\\\/portal\\\/#website\",\"url\":\"https:\\\/\\\/www.eldiario.net\\\/portal\\\/\",\"name\":\"El Diario - Decano de la prensa nacional\",\"description\":\"El Diario - Decano de la prensa nacional\",\"publisher\":{\"@id\":\"https:\\\/\\\/www.eldiario.net\\\/portal\\\/#organization\"},\"potentialAction\":[{\"@type\":\"SearchAction\",\"target\":{\"@type\":\"EntryPoint\",\"urlTemplate\":\"https:\\\/\\\/www.eldiario.net\\\/portal\\\/?s={search_term_string}\"},\"query-input\":{\"@type\":\"PropertyValueSpecification\",\"valueRequired\":true,\"valueName\":\"search_term_string\"}}],\"inLanguage\":\"es\"},{\"@type\":\"Organization\",\"@id\":\"https:\\\/\\\/www.eldiario.net\\\/portal\\\/#organization\",\"name\":\"El Diario - Decano de la prensa nacional\",\"url\":\"https:\\\/\\\/www.eldiario.net\\\/portal\\\/\",\"logo\":{\"@type\":\"ImageObject\",\"inLanguage\":\"es\",\"@id\":\"https:\\\/\\\/www.eldiario.net\\\/portal\\\/#\\\/schema\\\/logo\\\/image\\\/\",\"url\":\"https:\\\/\\\/www.eldiario.net\\\/portal\\\/wp-content\\\/uploads\\\/2023\\\/07\\\/logo_ED.jpg\",\"contentUrl\":\"https:\\\/\\\/www.eldiario.net\\\/portal\\\/wp-content\\\/uploads\\\/2023\\\/07\\\/logo_ED.jpg\",\"width\":272,\"height\":52,\"caption\":\"El Diario - Decano de la prensa nacional\"},\"image\":{\"@id\":\"https:\\\/\\\/www.eldiario.net\\\/portal\\\/#\\\/schema\\\/logo\\\/image\\\/\"},\"sameAs\":[\"https:\\\/\\\/www.facebook.com\\\/eldiario.bolivia\\\/\",\"https:\\\/\\\/x.com\\\/eldiario_net\"]},{\"@type\":\"Person\",\"@id\":\"https:\\\/\\\/www.eldiario.net\\\/portal\\\/#\\\/schema\\\/person\\\/f46445640444750d7d753ccd04ae01b7\",\"name\":\"Jeanette\",\"image\":{\"@type\":\"ImageObject\",\"inLanguage\":\"es\",\"@id\":\"https:\\\/\\\/secure.gravatar.com\\\/avatar\\\/3ea2118a5f7dad2b7138b1187a6b7ee55f160b9968b66013c3a3ef39dd7e5798?s=96&d=mm&r=g\",\"url\":\"https:\\\/\\\/secure.gravatar.com\\\/avatar\\\/3ea2118a5f7dad2b7138b1187a6b7ee55f160b9968b66013c3a3ef39dd7e5798?s=96&d=mm&r=g\",\"contentUrl\":\"https:\\\/\\\/secure.gravatar.com\\\/avatar\\\/3ea2118a5f7dad2b7138b1187a6b7ee55f160b9968b66013c3a3ef39dd7e5798?s=96&d=mm&r=g\",\"caption\":\"Jeanette\"},\"sameAs\":[\"https:\\\/\\\/www.eldiario.net\\\/portal\"],\"url\":\"https:\\\/\\\/www.eldiario.net\\\/portal\\\/author\\\/jeanette\\\/\"}]}<\/script>\n<!-- \/ Yoast SEO plugin. -->","yoast_head_json":{"title":"Conexi\u00f3n entre terremoto y choque de dos aviones dejan 5 muertos en Tokio - El Diario - Bolivia","robots":{"index":"index","follow":"follow","max-snippet":"max-snippet:-1","max-image-preview":"max-image-preview:large","max-video-preview":"max-video-preview:-1"},"canonical":"https:\/\/www.eldiario.net\/portal\/2024\/01\/03\/conexion-entre-terremoto-y-choque-de-dos-aviones-dejan-5-muertos-en-tokio\/","og_locale":"es_ES","og_type":"article","og_title":"Conexi\u00f3n entre terremoto y choque de dos aviones dejan 5 muertos en Tokio - El Diario - Bolivia","og_description":"M\u00e1s detalles contin\u00faan emergiendo en las \u00faltimas horas sobre el accidente a\u00e9reo de ayer en Jap\u00f3n, que dej\u00f3 cinco muertos luego que un avi\u00f3n de pasajeros de Japan Airlines (JAL) y una aeronave de la Guardia Costera japonesa chocaron en el aeropuerto Haneda de Tokio. El suceso se produjo un d\u00eda despu\u00e9s de que Jap\u00f3n [&hellip;]","og_url":"https:\/\/www.eldiario.net\/portal\/2024\/01\/03\/conexion-entre-terremoto-y-choque-de-dos-aviones-dejan-5-muertos-en-tokio\/","og_site_name":"El Diario - Bolivia","article_publisher":"https:\/\/www.facebook.com\/eldiario.bolivia\/","article_published_time":"2024-01-03T10:29:59+00:00","og_image":[{"width":1200,"height":670,"url":"https:\/\/www.eldiario.net\/portal\/wp-content\/uploads\/2024\/01\/AVION.jpg","type":"image\/jpeg"}],"author":"Jeanette","twitter_card":"summary_large_image","twitter_creator":"@eldiario_net","twitter_site":"@eldiario_net","twitter_misc":{"Escrito por":"Jeanette","Tiempo de lectura":"4 minutos"},"schema":{"@context":"https:\/\/schema.org","@graph":[{"@type":"Article","@id":"https:\/\/www.eldiario.net\/portal\/2024\/01\/03\/conexion-entre-terremoto-y-choque-de-dos-aviones-dejan-5-muertos-en-tokio\/#article","isPartOf":{"@id":"https:\/\/www.eldiario.net\/portal\/2024\/01\/03\/conexion-entre-terremoto-y-choque-de-dos-aviones-dejan-5-muertos-en-tokio\/"},"author":{"name":"Jeanette","@id":"https:\/\/www.eldiario.net\/portal\/#\/schema\/person\/f46445640444750d7d753ccd04ae01b7"},"headline":"Conexi\u00f3n entre terremoto y choque de dos aviones dejan 5 muertos en Tokio","datePublished":"2024-01-03T10:29:59+00:00","mainEntityOfPage":{"@id":"https:\/\/www.eldiario.net\/portal\/2024\/01\/03\/conexion-entre-terremoto-y-choque-de-dos-aviones-dejan-5-muertos-en-tokio\/"},"wordCount":681,"commentCount":0,"publisher":{"@id":"https:\/\/www.eldiario.net\/portal\/#organization"},"image":{"@id":"https:\/\/www.eldiario.net\/portal\/2024\/01\/03\/conexion-entre-terremoto-y-choque-de-dos-aviones-dejan-5-muertos-en-tokio\/#primaryimage"},"thumbnailUrl":"https:\/\/www.eldiario.net\/portal\/wp-content\/uploads\/2024\/01\/AVION.jpg","articleSection":["Internacional"],"inLanguage":"es","potentialAction":[{"@type":"CommentAction","name":"Comment","target":["https:\/\/www.eldiario.net\/portal\/2024\/01\/03\/conexion-entre-terremoto-y-choque-de-dos-aviones-dejan-5-muertos-en-tokio\/#respond"]}]},{"@type":"WebPage","@id":"https:\/\/www.eldiario.net\/portal\/2024\/01\/03\/conexion-entre-terremoto-y-choque-de-dos-aviones-dejan-5-muertos-en-tokio\/","url":"https:\/\/www.eldiario.net\/portal\/2024\/01\/03\/conexion-entre-terremoto-y-choque-de-dos-aviones-dejan-5-muertos-en-tokio\/","name":"Conexi\u00f3n entre terremoto y choque de dos aviones dejan 5 muertos en Tokio - El Diario - Bolivia","isPartOf":{"@id":"https:\/\/www.eldiario.net\/portal\/#website"},"primaryImageOfPage":{"@id":"https:\/\/www.eldiario.net\/portal\/2024\/01\/03\/conexion-entre-terremoto-y-choque-de-dos-aviones-dejan-5-muertos-en-tokio\/#primaryimage"},"image":{"@id":"https:\/\/www.eldiario.net\/portal\/2024\/01\/03\/conexion-entre-terremoto-y-choque-de-dos-aviones-dejan-5-muertos-en-tokio\/#primaryimage"},"thumbnailUrl":"https:\/\/www.eldiario.net\/portal\/wp-content\/uploads\/2024\/01\/AVION.jpg","datePublished":"2024-01-03T10:29:59+00:00","breadcrumb":{"@id":"https:\/\/www.eldiario.net\/portal\/2024\/01\/03\/conexion-entre-terremoto-y-choque-de-dos-aviones-dejan-5-muertos-en-tokio\/#breadcrumb"},"inLanguage":"es","potentialAction":[{"@type":"ReadAction","target":["https:\/\/www.eldiario.net\/portal\/2024\/01\/03\/conexion-entre-terremoto-y-choque-de-dos-aviones-dejan-5-muertos-en-tokio\/"]}]},{"@type":"ImageObject","inLanguage":"es","@id":"https:\/\/www.eldiario.net\/portal\/2024\/01\/03\/conexion-entre-terremoto-y-choque-de-dos-aviones-dejan-5-muertos-en-tokio\/#primaryimage","url":"https:\/\/www.eldiario.net\/portal\/wp-content\/uploads\/2024\/01\/AVION.jpg","contentUrl":"https:\/\/www.eldiario.net\/portal\/wp-content\/uploads\/2024\/01\/AVION.jpg","width":1200,"height":670,"caption":"AUTORIDADES ASEGURAN QUE LAS INVESTIGACIONES SOBRE LA CAUSA SER\u00c1N EXHAUsTIVAS. Medi\u00e1tiko"},{"@type":"BreadcrumbList","@id":"https:\/\/www.eldiario.net\/portal\/2024\/01\/03\/conexion-entre-terremoto-y-choque-de-dos-aviones-dejan-5-muertos-en-tokio\/#breadcrumb","itemListElement":[{"@type":"ListItem","position":1,"name":"Portada","item":"https:\/\/www.eldiario.net\/portal\/"},{"@type":"ListItem","position":2,"name":"Conexi\u00f3n entre terremoto y choque de dos aviones dejan 5 muertos en Tokio"}]},{"@type":"WebSite","@id":"https:\/\/www.eldiario.net\/portal\/#website","url":"https:\/\/www.eldiario.net\/portal\/","name":"El Diario - Decano de la prensa nacional","description":"El Diario - Decano de la prensa nacional","publisher":{"@id":"https:\/\/www.eldiario.net\/portal\/#organization"},"potentialAction":[{"@type":"SearchAction","target":{"@type":"EntryPoint","urlTemplate":"https:\/\/www.eldiario.net\/portal\/?s={search_term_string}"},"query-input":{"@type":"PropertyValueSpecification","valueRequired":true,"valueName":"search_term_string"}}],"inLanguage":"es"},{"@type":"Organization","@id":"https:\/\/www.eldiario.net\/portal\/#organization","name":"El Diario - Decano de la prensa nacional","url":"https:\/\/www.eldiario.net\/portal\/","logo":{"@type":"ImageObject","inLanguage":"es","@id":"https:\/\/www.eldiario.net\/portal\/#\/schema\/logo\/image\/","url":"https:\/\/www.eldiario.net\/portal\/wp-content\/uploads\/2023\/07\/logo_ED.jpg","contentUrl":"https:\/\/www.eldiario.net\/portal\/wp-content\/uploads\/2023\/07\/logo_ED.jpg","width":272,"height":52,"caption":"El Diario - Decano de la prensa nacional"},"image":{"@id":"https:\/\/www.eldiario.net\/portal\/#\/schema\/logo\/image\/"},"sameAs":["https:\/\/www.facebook.com\/eldiario.bolivia\/","https:\/\/x.com\/eldiario_net"]},{"@type":"Person","@id":"https:\/\/www.eldiario.net\/portal\/#\/schema\/person\/f46445640444750d7d753ccd04ae01b7","name":"Jeanette","image":{"@type":"ImageObject","inLanguage":"es","@id":"https:\/\/secure.gravatar.com\/avatar\/3ea2118a5f7dad2b7138b1187a6b7ee55f160b9968b66013c3a3ef39dd7e5798?s=96&d=mm&r=g","url":"https:\/\/secure.gravatar.com\/avatar\/3ea2118a5f7dad2b7138b1187a6b7ee55f160b9968b66013c3a3ef39dd7e5798?s=96&d=mm&r=g","contentUrl":"https:\/\/secure.gravatar.com\/avatar\/3ea2118a5f7dad2b7138b1187a6b7ee55f160b9968b66013c3a3ef39dd7e5798?s=96&d=mm&r=g","caption":"Jeanette"},"sameAs":["https:\/\/www.eldiario.net\/portal"],"url":"https:\/\/www.eldiario.net\/portal\/author\/jeanette\/"}]}},"_links":{"self":[{"href":"https:\/\/www.eldiario.net\/portal\/wp-json\/wp\/v2\/posts\/195636","targetHints":{"allow":["GET"]}}],"collection":[{"href":"https:\/\/www.eldiario.net\/portal\/wp-json\/wp\/v2\/posts"}],"about":[{"href":"https:\/\/www.eldiario.net\/portal\/wp-json\/wp\/v2\/types\/post"}],"author":[{"embeddable":true,"href":"https:\/\/www.eldiario.net\/portal\/wp-json\/wp\/v2\/users\/1"}],"replies":[{"embeddable":true,"href":"https:\/\/www.eldiario.net\/portal\/wp-json\/wp\/v2\/comments?post=195636"}],"version-history":[{"count":1,"href":"https:\/\/www.eldiario.net\/portal\/wp-json\/wp\/v2\/posts\/195636\/revisions"}],"predecessor-version":[{"id":195638,"href":"https:\/\/www.eldiario.net\/portal\/wp-json\/wp\/v2\/posts\/195636\/revisions\/195638"}],"wp:featuredmedia":[{"embeddable":true,"href":"https:\/\/www.eldiario.net\/portal\/wp-json\/wp\/v2\/media\/195637"}],"wp:attachment":[{"href":"https:\/\/www.eldiario.net\/portal\/wp-json\/wp\/v2\/media?parent=195636"}],"wp:term":[{"taxonomy":"category","embeddable":true,"href":"https:\/\/www.eldiario.net\/portal\/wp-json\/wp\/v2\/categories?post=195636"},{"taxonomy":"post_tag","embeddable":true,"href":"https:\/\/www.eldiario.net\/portal\/wp-json\/wp\/v2\/tags?post=195636"}],"curies":[{"name":"wp","href":"https:\/\/api.w.org\/{rel}","templated":true}]}}