{"id":195633,"date":"2024-01-03T06:28:57","date_gmt":"2024-01-03T10:28:57","guid":{"rendered":"https:\/\/www.eldiario.net\/portal\/?p=195633"},"modified":"2024-01-03T06:28:57","modified_gmt":"2024-01-03T10:28:57","slug":"suben-a-cerca-de-22-200-muertos-por-ofensiva-de-israel-contra-gaza","status":"publish","type":"post","link":"https:\/\/www.eldiario.net\/portal\/2024\/01\/03\/suben-a-cerca-de-22-200-muertos-por-ofensiva-de-israel-contra-gaza\/","title":{"rendered":"Suben a cerca de 22.200 muertos  por ofensiva de Israel contra Gaza"},"content":{"rendered":"<p>El balance de palestinos muertos a causa de la ofensiva desencadenada por el Ej\u00e9rcito de Israel contra la Franja de Gaza tras los ataques ejecutados el 7 de octubre por el Movimiento de Resistencia Isl\u00e1mica (Ham\u00e1s) subi\u00f3 a cerca de 22.200, seg\u00fan indicaron ayer las autoridades del enclave, controladas por el grupo islamista.<br \/>\nEl Ministerio de Sanidad gazat\u00ed se\u00f1al\u00f3 en un breve mensaje en su cuenta en la red social Facebook, que el balance de la agresi\u00f3n israel\u00ed aument\u00f3 a 22.185 m\u00e1rtires y 57.035 heridos desde el 7 de octubre, antes de especificar que durante las \u00faltimas 24 horas murieron 207 personas, mientras que 338 resultaron heridas.<br \/>\nPor su parte, el Ministerio de Educaci\u00f3n palestino indic\u00f3 que hasta la fecha se confirm\u00f3 la muerte de 4.156 estudiantes a causa de la ofensiva israel\u00ed contra Gaza, las operaciones de las fuerzas de seguridad israel\u00edes y los ataques por parte de colonos desde el 7 de octubre, mientras que otros 7.818 han resultado heridos.<br \/>\nAs\u00ed, especific\u00f3 que 4.119 estudiantes murieron y 7.536 resultaron heridos en la Franja, mientras que 37 fallecieron y 282 resultaron heridos en Cisjordania y Jerusal\u00e9n Este, a los que se suma la detenci\u00f3n de otros 85.<br \/>\nEl Ministerio recalc\u00f3 adem\u00e1s que 221 profesores y administradores de centros educativos perdieron la vida por los ataques del Ej\u00e9rcito de Israel en Gaza, al tiempo que incidi\u00f3 en que 278 escuelas, entre ellas 65 pertenecientes a la Agencia de Naciones Unidas para los Refugiados de Palestina en Oriente Pr\u00f3ximo (Unrwa), han sufrido da\u00f1os materiales de diversa consideraci\u00f3n.<br \/>\nEn esta l\u00ednea, detall\u00f3 que el 90 por ciento de los colegios p\u00fablicos y centros educativos de Gaza sufrieron da\u00f1os directos o indirectos, lo que forz\u00f3 al 29 por ciento de estas instituciones a cerrar sus puertas, mientras que 133 de estas escuelas est\u00e1n siendo utilizadas como refugios improvisados por los desplazados internos a causa de la ofensiva.<br \/>\nEl Ej\u00e9rcito de Israel lanz\u00f3 su ofensiva contra el enclave palestino tras los ataques de Ham\u00e1s, que dejaron unos 1.200 muertos y cerca de 240 secuestrados. Adem\u00e1s, m\u00e1s de 300 muertos a manos del Ej\u00e9rcito israel\u00ed y por ataques de colonos en Cisjordania y Jerusal\u00e9n Este desde el 7 de octubre. (Europa Press)<\/p>\n","protected":false},"excerpt":{"rendered":"<p>El balance de palestinos muertos a causa de la ofensiva desencadenada por el Ej\u00e9rcito de Israel contra la Franja de Gaza tras los ataques ejecutados el 7 de octubre por el Movimiento de Resistencia Isl\u00e1mica (Ham\u00e1s) subi\u00f3 a cerca de 22.200, seg\u00fan indicaron ayer las autoridades del enclave, controladas por el grupo islamista. El Ministerio [&hellip;]<\/p>\n","protected":false},"author":1,"featured_media":195634,"comment_status":"open","ping_status":"open","sticky":false,"template":"","format":"standard","meta":{"_acf_changed":false,"footnotes":""},"categories":[3],"tags":[],"class_list":["post-195633","post","type-post","status-publish","format-standard","has-post-thumbnail","category-internacional"],"acf":{"antetitulo":"M\u00e1s de 4.000 estudiantes muertos"},"yoast_head":"<!-- This site is optimized with the Yoast SEO plugin v28.4 - https:\/\/yoast.com\/product\/yoast-seo-wordpress\/ -->\n<title>Suben a cerca de 22.200 muertos por ofensiva de Israel contra Gaza - El Diario - Bolivia<\/title>\n<meta name=\"robots\" content=\"index, follow, max-snippet:-1, max-image-preview:large, max-video-preview:-1\" \/>\n<link rel=\"canonical\" href=\"https:\/\/www.eldiario.net\/portal\/2024\/01\/03\/suben-a-cerca-de-22-200-muertos-por-ofensiva-de-israel-contra-gaza\/\" \/>\n<meta property=\"og:locale\" content=\"es_ES\" \/>\n<meta property=\"og:type\" content=\"article\" \/>\n<meta property=\"og:title\" content=\"Suben a cerca de 22.200 muertos por ofensiva de Israel contra Gaza - El Diario - Bolivia\" \/>\n<meta property=\"og:description\" content=\"El balance de palestinos muertos a causa de la ofensiva desencadenada por el Ej\u00e9rcito de Israel contra la Franja de Gaza tras los ataques ejecutados el 7 de octubre por el Movimiento de Resistencia Isl\u00e1mica (Ham\u00e1s) subi\u00f3 a cerca de 22.200, seg\u00fan indicaron ayer las autoridades del enclave, controladas por el grupo islamista. El Ministerio [&hellip;]\" \/>\n<meta property=\"og:url\" content=\"https:\/\/www.eldiario.net\/portal\/2024\/01\/03\/suben-a-cerca-de-22-200-muertos-por-ofensiva-de-israel-contra-gaza\/\" \/>\n<meta property=\"og:site_name\" content=\"El Diario - Bolivia\" \/>\n<meta property=\"article:publisher\" content=\"https:\/\/www.facebook.com\/eldiario.bolivia\/\" \/>\n<meta property=\"article:published_time\" content=\"2024-01-03T10:28:57+00:00\" \/>\n<meta property=\"og:image\" content=\"https:\/\/www.eldiario.net\/portal\/wp-content\/uploads\/2024\/01\/GENTE.jpg\" \/>\n\t<meta property=\"og:image:width\" content=\"1200\" \/>\n\t<meta property=\"og:image:height\" content=\"675\" \/>\n\t<meta property=\"og:image:type\" content=\"image\/jpeg\" \/>\n<meta name=\"author\" content=\"Jeanette\" \/>\n<meta name=\"twitter:card\" content=\"summary_large_image\" \/>\n<meta name=\"twitter:creator\" content=\"@eldiario_net\" \/>\n<meta name=\"twitter:site\" content=\"@eldiario_net\" \/>\n<meta name=\"twitter:label1\" content=\"Escrito por\" \/>\n\t<meta name=\"twitter:data1\" content=\"Jeanette\" \/>\n\t<meta name=\"twitter:label2\" content=\"Tiempo de lectura\" \/>\n\t<meta name=\"twitter:data2\" content=\"2 minutos\" \/>\n<script type=\"application\/ld+json\" class=\"yoast-schema-graph\">{\"@context\":\"https:\\\/\\\/schema.org\",\"@graph\":[{\"@type\":\"Article\",\"@id\":\"https:\\\/\\\/www.eldiario.net\\\/portal\\\/2024\\\/01\\\/03\\\/suben-a-cerca-de-22-200-muertos-por-ofensiva-de-israel-contra-gaza\\\/#article\",\"isPartOf\":{\"@id\":\"https:\\\/\\\/www.eldiario.net\\\/portal\\\/2024\\\/01\\\/03\\\/suben-a-cerca-de-22-200-muertos-por-ofensiva-de-israel-contra-gaza\\\/\"},\"author\":{\"name\":\"Jeanette\",\"@id\":\"https:\\\/\\\/www.eldiario.net\\\/portal\\\/#\\\/schema\\\/person\\\/f46445640444750d7d753ccd04ae01b7\"},\"headline\":\"Suben a cerca de 22.200 muertos por ofensiva de Israel contra Gaza\",\"datePublished\":\"2024-01-03T10:28:57+00:00\",\"mainEntityOfPage\":{\"@id\":\"https:\\\/\\\/www.eldiario.net\\\/portal\\\/2024\\\/01\\\/03\\\/suben-a-cerca-de-22-200-muertos-por-ofensiva-de-israel-contra-gaza\\\/\"},\"wordCount\":378,\"commentCount\":0,\"publisher\":{\"@id\":\"https:\\\/\\\/www.eldiario.net\\\/portal\\\/#organization\"},\"image\":{\"@id\":\"https:\\\/\\\/www.eldiario.net\\\/portal\\\/2024\\\/01\\\/03\\\/suben-a-cerca-de-22-200-muertos-por-ofensiva-de-israel-contra-gaza\\\/#primaryimage\"},\"thumbnailUrl\":\"https:\\\/\\\/www.eldiario.net\\\/portal\\\/wp-content\\\/uploads\\\/2024\\\/01\\\/GENTE.jpg\",\"articleSection\":[\"Internacional\"],\"inLanguage\":\"es\",\"potentialAction\":[{\"@type\":\"CommentAction\",\"name\":\"Comment\",\"target\":[\"https:\\\/\\\/www.eldiario.net\\\/portal\\\/2024\\\/01\\\/03\\\/suben-a-cerca-de-22-200-muertos-por-ofensiva-de-israel-contra-gaza\\\/#respond\"]}]},{\"@type\":\"WebPage\",\"@id\":\"https:\\\/\\\/www.eldiario.net\\\/portal\\\/2024\\\/01\\\/03\\\/suben-a-cerca-de-22-200-muertos-por-ofensiva-de-israel-contra-gaza\\\/\",\"url\":\"https:\\\/\\\/www.eldiario.net\\\/portal\\\/2024\\\/01\\\/03\\\/suben-a-cerca-de-22-200-muertos-por-ofensiva-de-israel-contra-gaza\\\/\",\"name\":\"Suben a cerca de 22.200 muertos por ofensiva de Israel contra Gaza - El Diario - Bolivia\",\"isPartOf\":{\"@id\":\"https:\\\/\\\/www.eldiario.net\\\/portal\\\/#website\"},\"primaryImageOfPage\":{\"@id\":\"https:\\\/\\\/www.eldiario.net\\\/portal\\\/2024\\\/01\\\/03\\\/suben-a-cerca-de-22-200-muertos-por-ofensiva-de-israel-contra-gaza\\\/#primaryimage\"},\"image\":{\"@id\":\"https:\\\/\\\/www.eldiario.net\\\/portal\\\/2024\\\/01\\\/03\\\/suben-a-cerca-de-22-200-muertos-por-ofensiva-de-israel-contra-gaza\\\/#primaryimage\"},\"thumbnailUrl\":\"https:\\\/\\\/www.eldiario.net\\\/portal\\\/wp-content\\\/uploads\\\/2024\\\/01\\\/GENTE.jpg\",\"datePublished\":\"2024-01-03T10:28:57+00:00\",\"breadcrumb\":{\"@id\":\"https:\\\/\\\/www.eldiario.net\\\/portal\\\/2024\\\/01\\\/03\\\/suben-a-cerca-de-22-200-muertos-por-ofensiva-de-israel-contra-gaza\\\/#breadcrumb\"},\"inLanguage\":\"es\",\"potentialAction\":[{\"@type\":\"ReadAction\",\"target\":[\"https:\\\/\\\/www.eldiario.net\\\/portal\\\/2024\\\/01\\\/03\\\/suben-a-cerca-de-22-200-muertos-por-ofensiva-de-israel-contra-gaza\\\/\"]}]},{\"@type\":\"ImageObject\",\"inLanguage\":\"es\",\"@id\":\"https:\\\/\\\/www.eldiario.net\\\/portal\\\/2024\\\/01\\\/03\\\/suben-a-cerca-de-22-200-muertos-por-ofensiva-de-israel-contra-gaza\\\/#primaryimage\",\"url\":\"https:\\\/\\\/www.eldiario.net\\\/portal\\\/wp-content\\\/uploads\\\/2024\\\/01\\\/GENTE.jpg\",\"contentUrl\":\"https:\\\/\\\/www.eldiario.net\\\/portal\\\/wp-content\\\/uploads\\\/2024\\\/01\\\/GENTE.jpg\",\"width\":1200,\"height\":675,\"caption\":\"EN GAZA, 278 escuelas sufrieron da\u00f1os materiales. El Nuevo Diario\"},{\"@type\":\"BreadcrumbList\",\"@id\":\"https:\\\/\\\/www.eldiario.net\\\/portal\\\/2024\\\/01\\\/03\\\/suben-a-cerca-de-22-200-muertos-por-ofensiva-de-israel-contra-gaza\\\/#breadcrumb\",\"itemListElement\":[{\"@type\":\"ListItem\",\"position\":1,\"name\":\"Portada\",\"item\":\"https:\\\/\\\/www.eldiario.net\\\/portal\\\/\"},{\"@type\":\"ListItem\",\"position\":2,\"name\":\"Suben a cerca de 22.200 muertos por ofensiva de Israel contra Gaza\"}]},{\"@type\":\"WebSite\",\"@id\":\"https:\\\/\\\/www.eldiario.net\\\/portal\\\/#website\",\"url\":\"https:\\\/\\\/www.eldiario.net\\\/portal\\\/\",\"name\":\"El Diario - Decano de la prensa nacional\",\"description\":\"El Diario - Decano de la prensa nacional\",\"publisher\":{\"@id\":\"https:\\\/\\\/www.eldiario.net\\\/portal\\\/#organization\"},\"potentialAction\":[{\"@type\":\"SearchAction\",\"target\":{\"@type\":\"EntryPoint\",\"urlTemplate\":\"https:\\\/\\\/www.eldiario.net\\\/portal\\\/?s={search_term_string}\"},\"query-input\":{\"@type\":\"PropertyValueSpecification\",\"valueRequired\":true,\"valueName\":\"search_term_string\"}}],\"inLanguage\":\"es\"},{\"@type\":\"Organization\",\"@id\":\"https:\\\/\\\/www.eldiario.net\\\/portal\\\/#organization\",\"name\":\"El Diario - Decano de la prensa nacional\",\"url\":\"https:\\\/\\\/www.eldiario.net\\\/portal\\\/\",\"logo\":{\"@type\":\"ImageObject\",\"inLanguage\":\"es\",\"@id\":\"https:\\\/\\\/www.eldiario.net\\\/portal\\\/#\\\/schema\\\/logo\\\/image\\\/\",\"url\":\"https:\\\/\\\/www.eldiario.net\\\/portal\\\/wp-content\\\/uploads\\\/2023\\\/07\\\/logo_ED.jpg\",\"contentUrl\":\"https:\\\/\\\/www.eldiario.net\\\/portal\\\/wp-content\\\/uploads\\\/2023\\\/07\\\/logo_ED.jpg\",\"width\":272,\"height\":52,\"caption\":\"El Diario - Decano de la prensa nacional\"},\"image\":{\"@id\":\"https:\\\/\\\/www.eldiario.net\\\/portal\\\/#\\\/schema\\\/logo\\\/image\\\/\"},\"sameAs\":[\"https:\\\/\\\/www.facebook.com\\\/eldiario.bolivia\\\/\",\"https:\\\/\\\/x.com\\\/eldiario_net\"]},{\"@type\":\"Person\",\"@id\":\"https:\\\/\\\/www.eldiario.net\\\/portal\\\/#\\\/schema\\\/person\\\/f46445640444750d7d753ccd04ae01b7\",\"name\":\"Jeanette\",\"image\":{\"@type\":\"ImageObject\",\"inLanguage\":\"es\",\"@id\":\"https:\\\/\\\/secure.gravatar.com\\\/avatar\\\/3ea2118a5f7dad2b7138b1187a6b7ee55f160b9968b66013c3a3ef39dd7e5798?s=96&d=mm&r=g\",\"url\":\"https:\\\/\\\/secure.gravatar.com\\\/avatar\\\/3ea2118a5f7dad2b7138b1187a6b7ee55f160b9968b66013c3a3ef39dd7e5798?s=96&d=mm&r=g\",\"contentUrl\":\"https:\\\/\\\/secure.gravatar.com\\\/avatar\\\/3ea2118a5f7dad2b7138b1187a6b7ee55f160b9968b66013c3a3ef39dd7e5798?s=96&d=mm&r=g\",\"caption\":\"Jeanette\"},\"sameAs\":[\"https:\\\/\\\/www.eldiario.net\\\/portal\"],\"url\":\"https:\\\/\\\/www.eldiario.net\\\/portal\\\/author\\\/jeanette\\\/\"}]}<\/script>\n<!-- \/ Yoast SEO plugin. -->","yoast_head_json":{"title":"Suben a cerca de 22.200 muertos por ofensiva de Israel contra Gaza - El Diario - Bolivia","robots":{"index":"index","follow":"follow","max-snippet":"max-snippet:-1","max-image-preview":"max-image-preview:large","max-video-preview":"max-video-preview:-1"},"canonical":"https:\/\/www.eldiario.net\/portal\/2024\/01\/03\/suben-a-cerca-de-22-200-muertos-por-ofensiva-de-israel-contra-gaza\/","og_locale":"es_ES","og_type":"article","og_title":"Suben a cerca de 22.200 muertos por ofensiva de Israel contra Gaza - El Diario - Bolivia","og_description":"El balance de palestinos muertos a causa de la ofensiva desencadenada por el Ej\u00e9rcito de Israel contra la Franja de Gaza tras los ataques ejecutados el 7 de octubre por el Movimiento de Resistencia Isl\u00e1mica (Ham\u00e1s) subi\u00f3 a cerca de 22.200, seg\u00fan indicaron ayer las autoridades del enclave, controladas por el grupo islamista. El Ministerio [&hellip;]","og_url":"https:\/\/www.eldiario.net\/portal\/2024\/01\/03\/suben-a-cerca-de-22-200-muertos-por-ofensiva-de-israel-contra-gaza\/","og_site_name":"El Diario - Bolivia","article_publisher":"https:\/\/www.facebook.com\/eldiario.bolivia\/","article_published_time":"2024-01-03T10:28:57+00:00","og_image":[{"width":1200,"height":675,"url":"https:\/\/www.eldiario.net\/portal\/wp-content\/uploads\/2024\/01\/GENTE.jpg","type":"image\/jpeg"}],"author":"Jeanette","twitter_card":"summary_large_image","twitter_creator":"@eldiario_net","twitter_site":"@eldiario_net","twitter_misc":{"Escrito por":"Jeanette","Tiempo de lectura":"2 minutos"},"schema":{"@context":"https:\/\/schema.org","@graph":[{"@type":"Article","@id":"https:\/\/www.eldiario.net\/portal\/2024\/01\/03\/suben-a-cerca-de-22-200-muertos-por-ofensiva-de-israel-contra-gaza\/#article","isPartOf":{"@id":"https:\/\/www.eldiario.net\/portal\/2024\/01\/03\/suben-a-cerca-de-22-200-muertos-por-ofensiva-de-israel-contra-gaza\/"},"author":{"name":"Jeanette","@id":"https:\/\/www.eldiario.net\/portal\/#\/schema\/person\/f46445640444750d7d753ccd04ae01b7"},"headline":"Suben a cerca de 22.200 muertos por ofensiva de Israel contra Gaza","datePublished":"2024-01-03T10:28:57+00:00","mainEntityOfPage":{"@id":"https:\/\/www.eldiario.net\/portal\/2024\/01\/03\/suben-a-cerca-de-22-200-muertos-por-ofensiva-de-israel-contra-gaza\/"},"wordCount":378,"commentCount":0,"publisher":{"@id":"https:\/\/www.eldiario.net\/portal\/#organization"},"image":{"@id":"https:\/\/www.eldiario.net\/portal\/2024\/01\/03\/suben-a-cerca-de-22-200-muertos-por-ofensiva-de-israel-contra-gaza\/#primaryimage"},"thumbnailUrl":"https:\/\/www.eldiario.net\/portal\/wp-content\/uploads\/2024\/01\/GENTE.jpg","articleSection":["Internacional"],"inLanguage":"es","potentialAction":[{"@type":"CommentAction","name":"Comment","target":["https:\/\/www.eldiario.net\/portal\/2024\/01\/03\/suben-a-cerca-de-22-200-muertos-por-ofensiva-de-israel-contra-gaza\/#respond"]}]},{"@type":"WebPage","@id":"https:\/\/www.eldiario.net\/portal\/2024\/01\/03\/suben-a-cerca-de-22-200-muertos-por-ofensiva-de-israel-contra-gaza\/","url":"https:\/\/www.eldiario.net\/portal\/2024\/01\/03\/suben-a-cerca-de-22-200-muertos-por-ofensiva-de-israel-contra-gaza\/","name":"Suben a cerca de 22.200 muertos por ofensiva de Israel contra Gaza - El Diario - Bolivia","isPartOf":{"@id":"https:\/\/www.eldiario.net\/portal\/#website"},"primaryImageOfPage":{"@id":"https:\/\/www.eldiario.net\/portal\/2024\/01\/03\/suben-a-cerca-de-22-200-muertos-por-ofensiva-de-israel-contra-gaza\/#primaryimage"},"image":{"@id":"https:\/\/www.eldiario.net\/portal\/2024\/01\/03\/suben-a-cerca-de-22-200-muertos-por-ofensiva-de-israel-contra-gaza\/#primaryimage"},"thumbnailUrl":"https:\/\/www.eldiario.net\/portal\/wp-content\/uploads\/2024\/01\/GENTE.jpg","datePublished":"2024-01-03T10:28:57+00:00","breadcrumb":{"@id":"https:\/\/www.eldiario.net\/portal\/2024\/01\/03\/suben-a-cerca-de-22-200-muertos-por-ofensiva-de-israel-contra-gaza\/#breadcrumb"},"inLanguage":"es","potentialAction":[{"@type":"ReadAction","target":["https:\/\/www.eldiario.net\/portal\/2024\/01\/03\/suben-a-cerca-de-22-200-muertos-por-ofensiva-de-israel-contra-gaza\/"]}]},{"@type":"ImageObject","inLanguage":"es","@id":"https:\/\/www.eldiario.net\/portal\/2024\/01\/03\/suben-a-cerca-de-22-200-muertos-por-ofensiva-de-israel-contra-gaza\/#primaryimage","url":"https:\/\/www.eldiario.net\/portal\/wp-content\/uploads\/2024\/01\/GENTE.jpg","contentUrl":"https:\/\/www.eldiario.net\/portal\/wp-content\/uploads\/2024\/01\/GENTE.jpg","width":1200,"height":675,"caption":"EN GAZA, 278 escuelas sufrieron da\u00f1os materiales. El Nuevo Diario"},{"@type":"BreadcrumbList","@id":"https:\/\/www.eldiario.net\/portal\/2024\/01\/03\/suben-a-cerca-de-22-200-muertos-por-ofensiva-de-israel-contra-gaza\/#breadcrumb","itemListElement":[{"@type":"ListItem","position":1,"name":"Portada","item":"https:\/\/www.eldiario.net\/portal\/"},{"@type":"ListItem","position":2,"name":"Suben a cerca de 22.200 muertos por ofensiva de Israel contra Gaza"}]},{"@type":"WebSite","@id":"https:\/\/www.eldiario.net\/portal\/#website","url":"https:\/\/www.eldiario.net\/portal\/","name":"El Diario - Decano de la prensa nacional","description":"El Diario - Decano de la prensa nacional","publisher":{"@id":"https:\/\/www.eldiario.net\/portal\/#organization"},"potentialAction":[{"@type":"SearchAction","target":{"@type":"EntryPoint","urlTemplate":"https:\/\/www.eldiario.net\/portal\/?s={search_term_string}"},"query-input":{"@type":"PropertyValueSpecification","valueRequired":true,"valueName":"search_term_string"}}],"inLanguage":"es"},{"@type":"Organization","@id":"https:\/\/www.eldiario.net\/portal\/#organization","name":"El Diario - Decano de la prensa nacional","url":"https:\/\/www.eldiario.net\/portal\/","logo":{"@type":"ImageObject","inLanguage":"es","@id":"https:\/\/www.eldiario.net\/portal\/#\/schema\/logo\/image\/","url":"https:\/\/www.eldiario.net\/portal\/wp-content\/uploads\/2023\/07\/logo_ED.jpg","contentUrl":"https:\/\/www.eldiario.net\/portal\/wp-content\/uploads\/2023\/07\/logo_ED.jpg","width":272,"height":52,"caption":"El Diario - Decano de la prensa nacional"},"image":{"@id":"https:\/\/www.eldiario.net\/portal\/#\/schema\/logo\/image\/"},"sameAs":["https:\/\/www.facebook.com\/eldiario.bolivia\/","https:\/\/x.com\/eldiario_net"]},{"@type":"Person","@id":"https:\/\/www.eldiario.net\/portal\/#\/schema\/person\/f46445640444750d7d753ccd04ae01b7","name":"Jeanette","image":{"@type":"ImageObject","inLanguage":"es","@id":"https:\/\/secure.gravatar.com\/avatar\/3ea2118a5f7dad2b7138b1187a6b7ee55f160b9968b66013c3a3ef39dd7e5798?s=96&d=mm&r=g","url":"https:\/\/secure.gravatar.com\/avatar\/3ea2118a5f7dad2b7138b1187a6b7ee55f160b9968b66013c3a3ef39dd7e5798?s=96&d=mm&r=g","contentUrl":"https:\/\/secure.gravatar.com\/avatar\/3ea2118a5f7dad2b7138b1187a6b7ee55f160b9968b66013c3a3ef39dd7e5798?s=96&d=mm&r=g","caption":"Jeanette"},"sameAs":["https:\/\/www.eldiario.net\/portal"],"url":"https:\/\/www.eldiario.net\/portal\/author\/jeanette\/"}]}},"_links":{"self":[{"href":"https:\/\/www.eldiario.net\/portal\/wp-json\/wp\/v2\/posts\/195633","targetHints":{"allow":["GET"]}}],"collection":[{"href":"https:\/\/www.eldiario.net\/portal\/wp-json\/wp\/v2\/posts"}],"about":[{"href":"https:\/\/www.eldiario.net\/portal\/wp-json\/wp\/v2\/types\/post"}],"author":[{"embeddable":true,"href":"https:\/\/www.eldiario.net\/portal\/wp-json\/wp\/v2\/users\/1"}],"replies":[{"embeddable":true,"href":"https:\/\/www.eldiario.net\/portal\/wp-json\/wp\/v2\/comments?post=195633"}],"version-history":[{"count":1,"href":"https:\/\/www.eldiario.net\/portal\/wp-json\/wp\/v2\/posts\/195633\/revisions"}],"predecessor-version":[{"id":195635,"href":"https:\/\/www.eldiario.net\/portal\/wp-json\/wp\/v2\/posts\/195633\/revisions\/195635"}],"wp:featuredmedia":[{"embeddable":true,"href":"https:\/\/www.eldiario.net\/portal\/wp-json\/wp\/v2\/media\/195634"}],"wp:attachment":[{"href":"https:\/\/www.eldiario.net\/portal\/wp-json\/wp\/v2\/media?parent=195633"}],"wp:term":[{"taxonomy":"category","embeddable":true,"href":"https:\/\/www.eldiario.net\/portal\/wp-json\/wp\/v2\/categories?post=195633"},{"taxonomy":"post_tag","embeddable":true,"href":"https:\/\/www.eldiario.net\/portal\/wp-json\/wp\/v2\/tags?post=195633"}],"curies":[{"name":"wp","href":"https:\/\/api.w.org\/{rel}","templated":true}]}}