{"id":195630,"date":"2024-01-03T06:27:59","date_gmt":"2024-01-03T10:27:59","guid":{"rendered":"https:\/\/www.eldiario.net\/portal\/?p=195630"},"modified":"2024-01-03T06:27:59","modified_gmt":"2024-01-03T10:27:59","slug":"ascienden-a-14-los-sacerdotes-catolicos-detenidos-por-regimen-de-nicaragua","status":"publish","type":"post","link":"https:\/\/www.eldiario.net\/portal\/2024\/01\/03\/ascienden-a-14-los-sacerdotes-catolicos-detenidos-por-regimen-de-nicaragua\/","title":{"rendered":"Ascienden a 14 los sacerdotes cat\u00f3licos  detenidos por r\u00e9gimen de Nicaragua"},"content":{"rendered":"<p>El n\u00famero de sacerdotes cat\u00f3licos arrestados desde el 20 de diciembre en Nicaragua ascendi\u00f3 a 14, denunciaron religiosos y activistas humanitarios nicarag\u00fcenses en el exilio, en el marco de una ola de detenciones de cl\u00e9rigos por lo que el papa Francisco expres\u00f3 preocupaci\u00f3n.<br \/>\nEl sacerdote Gustavo Sandino, p\u00e1rroco en el municipio de Santa Mar\u00eda de Pantasma, en el norte\u00f1o departamento de Jinotega, fue detenido el \u00faltimo d\u00eda de 2023.<br \/>\nEsta oleada de arrestos inici\u00f3 con la detenci\u00f3n del obispo de Siuna, Isidoro Mora, el 20 de diciembre, seg\u00fan un listado de la abogada especialista en temas de la Iglesia, Martha Molina, exiliada en Estados Unidos.<br \/>\nEl papa Francisco dijo que sigue \u201ccon profunda preocupaci\u00f3n lo que est\u00e1 sucediendo en Nicaragua, donde obispos y sacerdotes fueron privados de su libertad\u201d, tras el tradicional rezo del \u00c1ngelus en la plaza de San Pedro del Vaticano.<br \/>\nFrancisco, primer pont\u00edfice latinoamericano de la historia, inst\u00f3 a \u201cla oraci\u00f3n insistente\u201d a los fieles que le escuchaban desde la Plaza de San Pedro del Vaticano y \u201ca todo el pueblo de Dios\u201d.<br \/>\nNi el r\u00e9gimen de Daniel Ortega ni la polic\u00eda se refirieron a la situaci\u00f3n de los religiosos.<br \/>\nEl portal gubernamental El 19 Digital resalt\u00f3 en cambio una masiva vigilia de fin de a\u00f1o de miles de evang\u00e9licos del \u201cMinisterio R\u00edos de Agua Viva\u201d, realizada en el sureste de Managua con apoyo de la polic\u00eda, los bomberos y la alcald\u00eda capitalina.<br \/>\nCon Mora suman dos los prelados en prisi\u00f3n. Monse\u00f1or Rolando \u00c1lvarez, quien est\u00e1 detenido desde agosto de 2022, fue condenado el 10 de febrero a 26 a\u00f1os acusado de traici\u00f3n a la patria y prefiri\u00f3 la c\u00e1rcel al exilio.<br \/>\nLa relaci\u00f3n entre la Iglesia y el Gobierno se deterior\u00f3 durante las protestas del 2018, luego de que Ortega acus\u00f3 a religiosos por apoyar a los opositores en lo que consider\u00f3 un intento de golpe de Estado.<br \/>\nLas protestas con bloqueos de carreteras y choques entre opositores y partidarios del gobierno dejaron m\u00e1s de 300 muertos, seg\u00fan datos de la ONU. (Infobae\/Afp)<\/p>\n","protected":false},"excerpt":{"rendered":"<p>El n\u00famero de sacerdotes cat\u00f3licos arrestados desde el 20 de diciembre en Nicaragua ascendi\u00f3 a 14, denunciaron religiosos y activistas humanitarios nicarag\u00fcenses en el exilio, en el marco de una ola de detenciones de cl\u00e9rigos por lo que el papa Francisco expres\u00f3 preocupaci\u00f3n. El sacerdote Gustavo Sandino, p\u00e1rroco en el municipio de Santa Mar\u00eda de [&hellip;]<\/p>\n","protected":false},"author":1,"featured_media":195631,"comment_status":"open","ping_status":"open","sticky":false,"template":"","format":"standard","meta":{"_acf_changed":false,"footnotes":""},"categories":[3],"tags":[],"class_list":["post-195630","post","type-post","status-publish","format-standard","has-post-thumbnail","category-internacional"],"acf":{"antetitulo":"Por \u00f3rdenes de Daniel Ortega"},"yoast_head":"<!-- This site is optimized with the Yoast SEO plugin v28.4 - https:\/\/yoast.com\/product\/yoast-seo-wordpress\/ -->\n<title>Ascienden a 14 los sacerdotes cat\u00f3licos detenidos por r\u00e9gimen de Nicaragua - El Diario - Bolivia<\/title>\n<meta name=\"robots\" content=\"index, follow, max-snippet:-1, max-image-preview:large, max-video-preview:-1\" \/>\n<link rel=\"canonical\" href=\"https:\/\/www.eldiario.net\/portal\/2024\/01\/03\/ascienden-a-14-los-sacerdotes-catolicos-detenidos-por-regimen-de-nicaragua\/\" \/>\n<meta property=\"og:locale\" content=\"es_ES\" \/>\n<meta property=\"og:type\" content=\"article\" \/>\n<meta property=\"og:title\" content=\"Ascienden a 14 los sacerdotes cat\u00f3licos detenidos por r\u00e9gimen de Nicaragua - El Diario - Bolivia\" \/>\n<meta property=\"og:description\" content=\"El n\u00famero de sacerdotes cat\u00f3licos arrestados desde el 20 de diciembre en Nicaragua ascendi\u00f3 a 14, denunciaron religiosos y activistas humanitarios nicarag\u00fcenses en el exilio, en el marco de una ola de detenciones de cl\u00e9rigos por lo que el papa Francisco expres\u00f3 preocupaci\u00f3n. El sacerdote Gustavo Sandino, p\u00e1rroco en el municipio de Santa Mar\u00eda de [&hellip;]\" \/>\n<meta property=\"og:url\" content=\"https:\/\/www.eldiario.net\/portal\/2024\/01\/03\/ascienden-a-14-los-sacerdotes-catolicos-detenidos-por-regimen-de-nicaragua\/\" \/>\n<meta property=\"og:site_name\" content=\"El Diario - Bolivia\" \/>\n<meta property=\"article:publisher\" content=\"https:\/\/www.facebook.com\/eldiario.bolivia\/\" \/>\n<meta property=\"article:published_time\" content=\"2024-01-03T10:27:59+00:00\" \/>\n<meta property=\"og:image\" content=\"https:\/\/www.eldiario.net\/portal\/wp-content\/uploads\/2024\/01\/CURAS.jpg\" \/>\n\t<meta property=\"og:image:width\" content=\"1023\" \/>\n\t<meta property=\"og:image:height\" content=\"575\" \/>\n\t<meta property=\"og:image:type\" content=\"image\/jpeg\" \/>\n<meta name=\"author\" content=\"Jeanette\" \/>\n<meta name=\"twitter:card\" content=\"summary_large_image\" \/>\n<meta name=\"twitter:creator\" content=\"@eldiario_net\" \/>\n<meta name=\"twitter:site\" content=\"@eldiario_net\" \/>\n<meta name=\"twitter:label1\" content=\"Escrito por\" \/>\n\t<meta name=\"twitter:data1\" content=\"Jeanette\" \/>\n\t<meta name=\"twitter:label2\" content=\"Tiempo de lectura\" \/>\n\t<meta name=\"twitter:data2\" content=\"2 minutos\" \/>\n<script type=\"application\/ld+json\" class=\"yoast-schema-graph\">{\"@context\":\"https:\\\/\\\/schema.org\",\"@graph\":[{\"@type\":\"Article\",\"@id\":\"https:\\\/\\\/www.eldiario.net\\\/portal\\\/2024\\\/01\\\/03\\\/ascienden-a-14-los-sacerdotes-catolicos-detenidos-por-regimen-de-nicaragua\\\/#article\",\"isPartOf\":{\"@id\":\"https:\\\/\\\/www.eldiario.net\\\/portal\\\/2024\\\/01\\\/03\\\/ascienden-a-14-los-sacerdotes-catolicos-detenidos-por-regimen-de-nicaragua\\\/\"},\"author\":{\"name\":\"Jeanette\",\"@id\":\"https:\\\/\\\/www.eldiario.net\\\/portal\\\/#\\\/schema\\\/person\\\/f46445640444750d7d753ccd04ae01b7\"},\"headline\":\"Ascienden a 14 los sacerdotes cat\u00f3licos detenidos por r\u00e9gimen de Nicaragua\",\"datePublished\":\"2024-01-03T10:27:59+00:00\",\"mainEntityOfPage\":{\"@id\":\"https:\\\/\\\/www.eldiario.net\\\/portal\\\/2024\\\/01\\\/03\\\/ascienden-a-14-los-sacerdotes-catolicos-detenidos-por-regimen-de-nicaragua\\\/\"},\"wordCount\":370,\"commentCount\":0,\"publisher\":{\"@id\":\"https:\\\/\\\/www.eldiario.net\\\/portal\\\/#organization\"},\"image\":{\"@id\":\"https:\\\/\\\/www.eldiario.net\\\/portal\\\/2024\\\/01\\\/03\\\/ascienden-a-14-los-sacerdotes-catolicos-detenidos-por-regimen-de-nicaragua\\\/#primaryimage\"},\"thumbnailUrl\":\"https:\\\/\\\/www.eldiario.net\\\/portal\\\/wp-content\\\/uploads\\\/2024\\\/01\\\/CURAS.jpg\",\"articleSection\":[\"Internacional\"],\"inLanguage\":\"es\",\"potentialAction\":[{\"@type\":\"CommentAction\",\"name\":\"Comment\",\"target\":[\"https:\\\/\\\/www.eldiario.net\\\/portal\\\/2024\\\/01\\\/03\\\/ascienden-a-14-los-sacerdotes-catolicos-detenidos-por-regimen-de-nicaragua\\\/#respond\"]}]},{\"@type\":\"WebPage\",\"@id\":\"https:\\\/\\\/www.eldiario.net\\\/portal\\\/2024\\\/01\\\/03\\\/ascienden-a-14-los-sacerdotes-catolicos-detenidos-por-regimen-de-nicaragua\\\/\",\"url\":\"https:\\\/\\\/www.eldiario.net\\\/portal\\\/2024\\\/01\\\/03\\\/ascienden-a-14-los-sacerdotes-catolicos-detenidos-por-regimen-de-nicaragua\\\/\",\"name\":\"Ascienden a 14 los sacerdotes cat\u00f3licos detenidos por r\u00e9gimen de Nicaragua - El Diario - Bolivia\",\"isPartOf\":{\"@id\":\"https:\\\/\\\/www.eldiario.net\\\/portal\\\/#website\"},\"primaryImageOfPage\":{\"@id\":\"https:\\\/\\\/www.eldiario.net\\\/portal\\\/2024\\\/01\\\/03\\\/ascienden-a-14-los-sacerdotes-catolicos-detenidos-por-regimen-de-nicaragua\\\/#primaryimage\"},\"image\":{\"@id\":\"https:\\\/\\\/www.eldiario.net\\\/portal\\\/2024\\\/01\\\/03\\\/ascienden-a-14-los-sacerdotes-catolicos-detenidos-por-regimen-de-nicaragua\\\/#primaryimage\"},\"thumbnailUrl\":\"https:\\\/\\\/www.eldiario.net\\\/portal\\\/wp-content\\\/uploads\\\/2024\\\/01\\\/CURAS.jpg\",\"datePublished\":\"2024-01-03T10:27:59+00:00\",\"breadcrumb\":{\"@id\":\"https:\\\/\\\/www.eldiario.net\\\/portal\\\/2024\\\/01\\\/03\\\/ascienden-a-14-los-sacerdotes-catolicos-detenidos-por-regimen-de-nicaragua\\\/#breadcrumb\"},\"inLanguage\":\"es\",\"potentialAction\":[{\"@type\":\"ReadAction\",\"target\":[\"https:\\\/\\\/www.eldiario.net\\\/portal\\\/2024\\\/01\\\/03\\\/ascienden-a-14-los-sacerdotes-catolicos-detenidos-por-regimen-de-nicaragua\\\/\"]}]},{\"@type\":\"ImageObject\",\"inLanguage\":\"es\",\"@id\":\"https:\\\/\\\/www.eldiario.net\\\/portal\\\/2024\\\/01\\\/03\\\/ascienden-a-14-los-sacerdotes-catolicos-detenidos-por-regimen-de-nicaragua\\\/#primaryimage\",\"url\":\"https:\\\/\\\/www.eldiario.net\\\/portal\\\/wp-content\\\/uploads\\\/2024\\\/01\\\/CURAS.jpg\",\"contentUrl\":\"https:\\\/\\\/www.eldiario.net\\\/portal\\\/wp-content\\\/uploads\\\/2024\\\/01\\\/CURAS.jpg\",\"width\":1023,\"height\":575,\"caption\":\"SACERDOTES CAT\u00d3LICOS QUE HIZO DETENER EL R\u00c9GIMEN DE ORTEGA.\"},{\"@type\":\"BreadcrumbList\",\"@id\":\"https:\\\/\\\/www.eldiario.net\\\/portal\\\/2024\\\/01\\\/03\\\/ascienden-a-14-los-sacerdotes-catolicos-detenidos-por-regimen-de-nicaragua\\\/#breadcrumb\",\"itemListElement\":[{\"@type\":\"ListItem\",\"position\":1,\"name\":\"Portada\",\"item\":\"https:\\\/\\\/www.eldiario.net\\\/portal\\\/\"},{\"@type\":\"ListItem\",\"position\":2,\"name\":\"Ascienden a 14 los sacerdotes cat\u00f3licos detenidos por r\u00e9gimen de Nicaragua\"}]},{\"@type\":\"WebSite\",\"@id\":\"https:\\\/\\\/www.eldiario.net\\\/portal\\\/#website\",\"url\":\"https:\\\/\\\/www.eldiario.net\\\/portal\\\/\",\"name\":\"El Diario - Decano de la prensa nacional\",\"description\":\"El Diario - Decano de la prensa nacional\",\"publisher\":{\"@id\":\"https:\\\/\\\/www.eldiario.net\\\/portal\\\/#organization\"},\"potentialAction\":[{\"@type\":\"SearchAction\",\"target\":{\"@type\":\"EntryPoint\",\"urlTemplate\":\"https:\\\/\\\/www.eldiario.net\\\/portal\\\/?s={search_term_string}\"},\"query-input\":{\"@type\":\"PropertyValueSpecification\",\"valueRequired\":true,\"valueName\":\"search_term_string\"}}],\"inLanguage\":\"es\"},{\"@type\":\"Organization\",\"@id\":\"https:\\\/\\\/www.eldiario.net\\\/portal\\\/#organization\",\"name\":\"El Diario - Decano de la prensa nacional\",\"url\":\"https:\\\/\\\/www.eldiario.net\\\/portal\\\/\",\"logo\":{\"@type\":\"ImageObject\",\"inLanguage\":\"es\",\"@id\":\"https:\\\/\\\/www.eldiario.net\\\/portal\\\/#\\\/schema\\\/logo\\\/image\\\/\",\"url\":\"https:\\\/\\\/www.eldiario.net\\\/portal\\\/wp-content\\\/uploads\\\/2023\\\/07\\\/logo_ED.jpg\",\"contentUrl\":\"https:\\\/\\\/www.eldiario.net\\\/portal\\\/wp-content\\\/uploads\\\/2023\\\/07\\\/logo_ED.jpg\",\"width\":272,\"height\":52,\"caption\":\"El Diario - Decano de la prensa nacional\"},\"image\":{\"@id\":\"https:\\\/\\\/www.eldiario.net\\\/portal\\\/#\\\/schema\\\/logo\\\/image\\\/\"},\"sameAs\":[\"https:\\\/\\\/www.facebook.com\\\/eldiario.bolivia\\\/\",\"https:\\\/\\\/x.com\\\/eldiario_net\"]},{\"@type\":\"Person\",\"@id\":\"https:\\\/\\\/www.eldiario.net\\\/portal\\\/#\\\/schema\\\/person\\\/f46445640444750d7d753ccd04ae01b7\",\"name\":\"Jeanette\",\"image\":{\"@type\":\"ImageObject\",\"inLanguage\":\"es\",\"@id\":\"https:\\\/\\\/secure.gravatar.com\\\/avatar\\\/3ea2118a5f7dad2b7138b1187a6b7ee55f160b9968b66013c3a3ef39dd7e5798?s=96&d=mm&r=g\",\"url\":\"https:\\\/\\\/secure.gravatar.com\\\/avatar\\\/3ea2118a5f7dad2b7138b1187a6b7ee55f160b9968b66013c3a3ef39dd7e5798?s=96&d=mm&r=g\",\"contentUrl\":\"https:\\\/\\\/secure.gravatar.com\\\/avatar\\\/3ea2118a5f7dad2b7138b1187a6b7ee55f160b9968b66013c3a3ef39dd7e5798?s=96&d=mm&r=g\",\"caption\":\"Jeanette\"},\"sameAs\":[\"https:\\\/\\\/www.eldiario.net\\\/portal\"],\"url\":\"https:\\\/\\\/www.eldiario.net\\\/portal\\\/author\\\/jeanette\\\/\"}]}<\/script>\n<!-- \/ Yoast SEO plugin. -->","yoast_head_json":{"title":"Ascienden a 14 los sacerdotes cat\u00f3licos detenidos por r\u00e9gimen de Nicaragua - El Diario - Bolivia","robots":{"index":"index","follow":"follow","max-snippet":"max-snippet:-1","max-image-preview":"max-image-preview:large","max-video-preview":"max-video-preview:-1"},"canonical":"https:\/\/www.eldiario.net\/portal\/2024\/01\/03\/ascienden-a-14-los-sacerdotes-catolicos-detenidos-por-regimen-de-nicaragua\/","og_locale":"es_ES","og_type":"article","og_title":"Ascienden a 14 los sacerdotes cat\u00f3licos detenidos por r\u00e9gimen de Nicaragua - El Diario - Bolivia","og_description":"El n\u00famero de sacerdotes cat\u00f3licos arrestados desde el 20 de diciembre en Nicaragua ascendi\u00f3 a 14, denunciaron religiosos y activistas humanitarios nicarag\u00fcenses en el exilio, en el marco de una ola de detenciones de cl\u00e9rigos por lo que el papa Francisco expres\u00f3 preocupaci\u00f3n. El sacerdote Gustavo Sandino, p\u00e1rroco en el municipio de Santa Mar\u00eda de [&hellip;]","og_url":"https:\/\/www.eldiario.net\/portal\/2024\/01\/03\/ascienden-a-14-los-sacerdotes-catolicos-detenidos-por-regimen-de-nicaragua\/","og_site_name":"El Diario - Bolivia","article_publisher":"https:\/\/www.facebook.com\/eldiario.bolivia\/","article_published_time":"2024-01-03T10:27:59+00:00","og_image":[{"width":1023,"height":575,"url":"https:\/\/www.eldiario.net\/portal\/wp-content\/uploads\/2024\/01\/CURAS.jpg","type":"image\/jpeg"}],"author":"Jeanette","twitter_card":"summary_large_image","twitter_creator":"@eldiario_net","twitter_site":"@eldiario_net","twitter_misc":{"Escrito por":"Jeanette","Tiempo de lectura":"2 minutos"},"schema":{"@context":"https:\/\/schema.org","@graph":[{"@type":"Article","@id":"https:\/\/www.eldiario.net\/portal\/2024\/01\/03\/ascienden-a-14-los-sacerdotes-catolicos-detenidos-por-regimen-de-nicaragua\/#article","isPartOf":{"@id":"https:\/\/www.eldiario.net\/portal\/2024\/01\/03\/ascienden-a-14-los-sacerdotes-catolicos-detenidos-por-regimen-de-nicaragua\/"},"author":{"name":"Jeanette","@id":"https:\/\/www.eldiario.net\/portal\/#\/schema\/person\/f46445640444750d7d753ccd04ae01b7"},"headline":"Ascienden a 14 los sacerdotes cat\u00f3licos detenidos por r\u00e9gimen de Nicaragua","datePublished":"2024-01-03T10:27:59+00:00","mainEntityOfPage":{"@id":"https:\/\/www.eldiario.net\/portal\/2024\/01\/03\/ascienden-a-14-los-sacerdotes-catolicos-detenidos-por-regimen-de-nicaragua\/"},"wordCount":370,"commentCount":0,"publisher":{"@id":"https:\/\/www.eldiario.net\/portal\/#organization"},"image":{"@id":"https:\/\/www.eldiario.net\/portal\/2024\/01\/03\/ascienden-a-14-los-sacerdotes-catolicos-detenidos-por-regimen-de-nicaragua\/#primaryimage"},"thumbnailUrl":"https:\/\/www.eldiario.net\/portal\/wp-content\/uploads\/2024\/01\/CURAS.jpg","articleSection":["Internacional"],"inLanguage":"es","potentialAction":[{"@type":"CommentAction","name":"Comment","target":["https:\/\/www.eldiario.net\/portal\/2024\/01\/03\/ascienden-a-14-los-sacerdotes-catolicos-detenidos-por-regimen-de-nicaragua\/#respond"]}]},{"@type":"WebPage","@id":"https:\/\/www.eldiario.net\/portal\/2024\/01\/03\/ascienden-a-14-los-sacerdotes-catolicos-detenidos-por-regimen-de-nicaragua\/","url":"https:\/\/www.eldiario.net\/portal\/2024\/01\/03\/ascienden-a-14-los-sacerdotes-catolicos-detenidos-por-regimen-de-nicaragua\/","name":"Ascienden a 14 los sacerdotes cat\u00f3licos detenidos por r\u00e9gimen de Nicaragua - El Diario - Bolivia","isPartOf":{"@id":"https:\/\/www.eldiario.net\/portal\/#website"},"primaryImageOfPage":{"@id":"https:\/\/www.eldiario.net\/portal\/2024\/01\/03\/ascienden-a-14-los-sacerdotes-catolicos-detenidos-por-regimen-de-nicaragua\/#primaryimage"},"image":{"@id":"https:\/\/www.eldiario.net\/portal\/2024\/01\/03\/ascienden-a-14-los-sacerdotes-catolicos-detenidos-por-regimen-de-nicaragua\/#primaryimage"},"thumbnailUrl":"https:\/\/www.eldiario.net\/portal\/wp-content\/uploads\/2024\/01\/CURAS.jpg","datePublished":"2024-01-03T10:27:59+00:00","breadcrumb":{"@id":"https:\/\/www.eldiario.net\/portal\/2024\/01\/03\/ascienden-a-14-los-sacerdotes-catolicos-detenidos-por-regimen-de-nicaragua\/#breadcrumb"},"inLanguage":"es","potentialAction":[{"@type":"ReadAction","target":["https:\/\/www.eldiario.net\/portal\/2024\/01\/03\/ascienden-a-14-los-sacerdotes-catolicos-detenidos-por-regimen-de-nicaragua\/"]}]},{"@type":"ImageObject","inLanguage":"es","@id":"https:\/\/www.eldiario.net\/portal\/2024\/01\/03\/ascienden-a-14-los-sacerdotes-catolicos-detenidos-por-regimen-de-nicaragua\/#primaryimage","url":"https:\/\/www.eldiario.net\/portal\/wp-content\/uploads\/2024\/01\/CURAS.jpg","contentUrl":"https:\/\/www.eldiario.net\/portal\/wp-content\/uploads\/2024\/01\/CURAS.jpg","width":1023,"height":575,"caption":"SACERDOTES CAT\u00d3LICOS QUE HIZO DETENER EL R\u00c9GIMEN DE ORTEGA."},{"@type":"BreadcrumbList","@id":"https:\/\/www.eldiario.net\/portal\/2024\/01\/03\/ascienden-a-14-los-sacerdotes-catolicos-detenidos-por-regimen-de-nicaragua\/#breadcrumb","itemListElement":[{"@type":"ListItem","position":1,"name":"Portada","item":"https:\/\/www.eldiario.net\/portal\/"},{"@type":"ListItem","position":2,"name":"Ascienden a 14 los sacerdotes cat\u00f3licos detenidos por r\u00e9gimen de Nicaragua"}]},{"@type":"WebSite","@id":"https:\/\/www.eldiario.net\/portal\/#website","url":"https:\/\/www.eldiario.net\/portal\/","name":"El Diario - Decano de la prensa nacional","description":"El Diario - Decano de la prensa nacional","publisher":{"@id":"https:\/\/www.eldiario.net\/portal\/#organization"},"potentialAction":[{"@type":"SearchAction","target":{"@type":"EntryPoint","urlTemplate":"https:\/\/www.eldiario.net\/portal\/?s={search_term_string}"},"query-input":{"@type":"PropertyValueSpecification","valueRequired":true,"valueName":"search_term_string"}}],"inLanguage":"es"},{"@type":"Organization","@id":"https:\/\/www.eldiario.net\/portal\/#organization","name":"El Diario - Decano de la prensa nacional","url":"https:\/\/www.eldiario.net\/portal\/","logo":{"@type":"ImageObject","inLanguage":"es","@id":"https:\/\/www.eldiario.net\/portal\/#\/schema\/logo\/image\/","url":"https:\/\/www.eldiario.net\/portal\/wp-content\/uploads\/2023\/07\/logo_ED.jpg","contentUrl":"https:\/\/www.eldiario.net\/portal\/wp-content\/uploads\/2023\/07\/logo_ED.jpg","width":272,"height":52,"caption":"El Diario - Decano de la prensa nacional"},"image":{"@id":"https:\/\/www.eldiario.net\/portal\/#\/schema\/logo\/image\/"},"sameAs":["https:\/\/www.facebook.com\/eldiario.bolivia\/","https:\/\/x.com\/eldiario_net"]},{"@type":"Person","@id":"https:\/\/www.eldiario.net\/portal\/#\/schema\/person\/f46445640444750d7d753ccd04ae01b7","name":"Jeanette","image":{"@type":"ImageObject","inLanguage":"es","@id":"https:\/\/secure.gravatar.com\/avatar\/3ea2118a5f7dad2b7138b1187a6b7ee55f160b9968b66013c3a3ef39dd7e5798?s=96&d=mm&r=g","url":"https:\/\/secure.gravatar.com\/avatar\/3ea2118a5f7dad2b7138b1187a6b7ee55f160b9968b66013c3a3ef39dd7e5798?s=96&d=mm&r=g","contentUrl":"https:\/\/secure.gravatar.com\/avatar\/3ea2118a5f7dad2b7138b1187a6b7ee55f160b9968b66013c3a3ef39dd7e5798?s=96&d=mm&r=g","caption":"Jeanette"},"sameAs":["https:\/\/www.eldiario.net\/portal"],"url":"https:\/\/www.eldiario.net\/portal\/author\/jeanette\/"}]}},"_links":{"self":[{"href":"https:\/\/www.eldiario.net\/portal\/wp-json\/wp\/v2\/posts\/195630","targetHints":{"allow":["GET"]}}],"collection":[{"href":"https:\/\/www.eldiario.net\/portal\/wp-json\/wp\/v2\/posts"}],"about":[{"href":"https:\/\/www.eldiario.net\/portal\/wp-json\/wp\/v2\/types\/post"}],"author":[{"embeddable":true,"href":"https:\/\/www.eldiario.net\/portal\/wp-json\/wp\/v2\/users\/1"}],"replies":[{"embeddable":true,"href":"https:\/\/www.eldiario.net\/portal\/wp-json\/wp\/v2\/comments?post=195630"}],"version-history":[{"count":1,"href":"https:\/\/www.eldiario.net\/portal\/wp-json\/wp\/v2\/posts\/195630\/revisions"}],"predecessor-version":[{"id":195632,"href":"https:\/\/www.eldiario.net\/portal\/wp-json\/wp\/v2\/posts\/195630\/revisions\/195632"}],"wp:featuredmedia":[{"embeddable":true,"href":"https:\/\/www.eldiario.net\/portal\/wp-json\/wp\/v2\/media\/195631"}],"wp:attachment":[{"href":"https:\/\/www.eldiario.net\/portal\/wp-json\/wp\/v2\/media?parent=195630"}],"wp:term":[{"taxonomy":"category","embeddable":true,"href":"https:\/\/www.eldiario.net\/portal\/wp-json\/wp\/v2\/categories?post=195630"},{"taxonomy":"post_tag","embeddable":true,"href":"https:\/\/www.eldiario.net\/portal\/wp-json\/wp\/v2\/tags?post=195630"}],"curies":[{"name":"wp","href":"https:\/\/api.w.org\/{rel}","templated":true}]}}