{"id":195625,"date":"2024-01-03T06:26:40","date_gmt":"2024-01-03T10:26:40","guid":{"rendered":"https:\/\/www.eldiario.net\/portal\/?p=195625"},"modified":"2024-01-03T06:26:40","modified_gmt":"2024-01-03T10:26:40","slug":"avion-ruso-bombardeo-su-propio-territorio-y-destruyo-seis-casas","status":"publish","type":"post","link":"https:\/\/www.eldiario.net\/portal\/2024\/01\/03\/avion-ruso-bombardeo-su-propio-territorio-y-destruyo-seis-casas\/","title":{"rendered":"Avi\u00f3n ruso bombarde\u00f3 su propio  territorio y destruy\u00f3 seis casas"},"content":{"rendered":"<p>El Ministerio ruso de Defensa reconoci\u00f3 ayer que un proyectil suyo cay\u00f3 accidentalmente en el territorio de la regi\u00f3n de Voronezh, fronteriza con Ucrania, sin causar v\u00edctimas, pero provoc\u00f3 da\u00f1os en viviendas particulares.<br \/>\n\u201cEl 2 de enero de 2024, alrededor de las 9.00 hora de Mosc\u00fa (6.00 GMT), se produjo una descarga involuntaria de munici\u00f3n de un avi\u00f3n durante un vuelo de una aeronave de las Fuerzas Aeroespaciales sobre la aldea de Petropavlovka, en la regi\u00f3n de Voronezh\u201d, indica la nota castrense.<br \/>\nDefensa precis\u00f3 que el incidente \u201cno caus\u00f3 v\u00edctimas\u201d, pero s\u00ed da\u00f1os a \u201cseis viviendas particulares\u201d.<br \/>\nLas fuerzas rusas atacaron ayer con misiles la capital ucraniana, Kiev, y la ciudad de Kharkiv, en el noroeste del pa\u00eds.<br \/>\nLos periodistas de la AFP escucharon m\u00e1s de una docena de fuertes explosiones en Kiev ayer por la ma\u00f1ana, mientras las defensas antia\u00e9reas hac\u00edan temblar los edificios del centro de la ciudad.<br \/>\nEn la ciudad oriental de Kharkiv, sufri\u00f3 al menos cuatro ataques que da\u00f1aron edificios de varios pisos e infraestructuras civiles en el centro, declar\u00f3 el jefe de la administraci\u00f3n militar de la ciudad, Oleg Sinegubov.<br \/>\nComo consecuencia del ataque con misiles se registraron ca\u00eddas de restos en al menos nueve distritos de la capital, escribi\u00f3 el jefe de la Administraci\u00f3n Militar de la ciudad, Sergu\u00ed Popko, en su canal de Telegram.<br \/>\nEl alcalde de Kiev, Vitali Klitschk\u00f3, explic\u00f3 que en el distrito de Solomiansk\u00ed 16 personas resultaron heridas tras producirse un incendio en un edificio de varios pisos, de los que 15 fueron hospitalizados.<br \/>\nEl ataque ruso se produce despu\u00e9s de que el lunes por la tarde las fuerzas del Kremlin atacaran el d\u00eda de A\u00f1o Nuevo la capital con drones, sin causar grandes da\u00f1os ni v\u00edctimas, as\u00ed como la regi\u00f3n de Sumi (noreste).<br \/>\nEl presidente de Rusia, Vlad\u00edmir Putin, advirti\u00f3 que el ataque ucraniano del pasado s\u00e1bado contra la ciudad fronteriza de B\u00e9lgorod, que se cobr\u00f3 al menos 25 muertos y m\u00e1s de cien heridos, no quedar\u00eda impune, por lo que anunci\u00f3 otras ofensivas. (Infobae \/Efe\/Afp)<\/p>\n","protected":false},"excerpt":{"rendered":"<p>El Ministerio ruso de Defensa reconoci\u00f3 ayer que un proyectil suyo cay\u00f3 accidentalmente en el territorio de la regi\u00f3n de Voronezh, fronteriza con Ucrania, sin causar v\u00edctimas, pero provoc\u00f3 da\u00f1os en viviendas particulares. \u201cEl 2 de enero de 2024, alrededor de las 9.00 hora de Mosc\u00fa (6.00 GMT), se produjo una descarga involuntaria de munici\u00f3n [&hellip;]<\/p>\n","protected":false},"author":1,"featured_media":195626,"comment_status":"open","ping_status":"open","sticky":false,"template":"","format":"standard","meta":{"_acf_changed":false,"footnotes":""},"categories":[3],"tags":[],"class_list":["post-195625","post","type-post","status-publish","format-standard","has-post-thumbnail","category-internacional"],"acf":{"antetitulo":"Fue involuntario, asegura el Kremlin"},"yoast_head":"<!-- This site is optimized with the Yoast SEO plugin v28.4 - https:\/\/yoast.com\/product\/yoast-seo-wordpress\/ -->\n<title>Avi\u00f3n ruso bombarde\u00f3 su propio territorio y destruy\u00f3 seis casas - El Diario - Bolivia<\/title>\n<meta name=\"robots\" content=\"index, follow, max-snippet:-1, max-image-preview:large, max-video-preview:-1\" \/>\n<link rel=\"canonical\" href=\"https:\/\/www.eldiario.net\/portal\/2024\/01\/03\/avion-ruso-bombardeo-su-propio-territorio-y-destruyo-seis-casas\/\" \/>\n<meta property=\"og:locale\" content=\"es_ES\" \/>\n<meta property=\"og:type\" content=\"article\" \/>\n<meta property=\"og:title\" content=\"Avi\u00f3n ruso bombarde\u00f3 su propio territorio y destruy\u00f3 seis casas - El Diario - Bolivia\" \/>\n<meta property=\"og:description\" content=\"El Ministerio ruso de Defensa reconoci\u00f3 ayer que un proyectil suyo cay\u00f3 accidentalmente en el territorio de la regi\u00f3n de Voronezh, fronteriza con Ucrania, sin causar v\u00edctimas, pero provoc\u00f3 da\u00f1os en viviendas particulares. \u201cEl 2 de enero de 2024, alrededor de las 9.00 hora de Mosc\u00fa (6.00 GMT), se produjo una descarga involuntaria de munici\u00f3n [&hellip;]\" \/>\n<meta property=\"og:url\" content=\"https:\/\/www.eldiario.net\/portal\/2024\/01\/03\/avion-ruso-bombardeo-su-propio-territorio-y-destruyo-seis-casas\/\" \/>\n<meta property=\"og:site_name\" content=\"El Diario - Bolivia\" \/>\n<meta property=\"article:publisher\" content=\"https:\/\/www.facebook.com\/eldiario.bolivia\/\" \/>\n<meta property=\"article:published_time\" content=\"2024-01-03T10:26:40+00:00\" \/>\n<meta property=\"og:image\" content=\"https:\/\/www.eldiario.net\/portal\/wp-content\/uploads\/2024\/01\/CASA-scaled.jpg\" \/>\n\t<meta property=\"og:image:width\" content=\"2560\" \/>\n\t<meta property=\"og:image:height\" content=\"1707\" \/>\n\t<meta property=\"og:image:type\" content=\"image\/jpeg\" \/>\n<meta name=\"author\" content=\"Jeanette\" \/>\n<meta name=\"twitter:card\" content=\"summary_large_image\" \/>\n<meta name=\"twitter:creator\" content=\"@eldiario_net\" \/>\n<meta name=\"twitter:site\" content=\"@eldiario_net\" \/>\n<meta name=\"twitter:label1\" content=\"Escrito por\" \/>\n\t<meta name=\"twitter:data1\" content=\"Jeanette\" \/>\n\t<meta name=\"twitter:label2\" content=\"Tiempo de lectura\" \/>\n\t<meta name=\"twitter:data2\" content=\"2 minutos\" \/>\n<script type=\"application\/ld+json\" class=\"yoast-schema-graph\">{\"@context\":\"https:\\\/\\\/schema.org\",\"@graph\":[{\"@type\":\"Article\",\"@id\":\"https:\\\/\\\/www.eldiario.net\\\/portal\\\/2024\\\/01\\\/03\\\/avion-ruso-bombardeo-su-propio-territorio-y-destruyo-seis-casas\\\/#article\",\"isPartOf\":{\"@id\":\"https:\\\/\\\/www.eldiario.net\\\/portal\\\/2024\\\/01\\\/03\\\/avion-ruso-bombardeo-su-propio-territorio-y-destruyo-seis-casas\\\/\"},\"author\":{\"name\":\"Jeanette\",\"@id\":\"https:\\\/\\\/www.eldiario.net\\\/portal\\\/#\\\/schema\\\/person\\\/f46445640444750d7d753ccd04ae01b7\"},\"headline\":\"Avi\u00f3n ruso bombarde\u00f3 su propio territorio y destruy\u00f3 seis casas\",\"datePublished\":\"2024-01-03T10:26:40+00:00\",\"mainEntityOfPage\":{\"@id\":\"https:\\\/\\\/www.eldiario.net\\\/portal\\\/2024\\\/01\\\/03\\\/avion-ruso-bombardeo-su-propio-territorio-y-destruyo-seis-casas\\\/\"},\"wordCount\":370,\"commentCount\":0,\"publisher\":{\"@id\":\"https:\\\/\\\/www.eldiario.net\\\/portal\\\/#organization\"},\"image\":{\"@id\":\"https:\\\/\\\/www.eldiario.net\\\/portal\\\/2024\\\/01\\\/03\\\/avion-ruso-bombardeo-su-propio-territorio-y-destruyo-seis-casas\\\/#primaryimage\"},\"thumbnailUrl\":\"https:\\\/\\\/www.eldiario.net\\\/portal\\\/wp-content\\\/uploads\\\/2024\\\/01\\\/CASA-scaled.jpg\",\"articleSection\":[\"Internacional\"],\"inLanguage\":\"es\",\"potentialAction\":[{\"@type\":\"CommentAction\",\"name\":\"Comment\",\"target\":[\"https:\\\/\\\/www.eldiario.net\\\/portal\\\/2024\\\/01\\\/03\\\/avion-ruso-bombardeo-su-propio-territorio-y-destruyo-seis-casas\\\/#respond\"]}]},{\"@type\":\"WebPage\",\"@id\":\"https:\\\/\\\/www.eldiario.net\\\/portal\\\/2024\\\/01\\\/03\\\/avion-ruso-bombardeo-su-propio-territorio-y-destruyo-seis-casas\\\/\",\"url\":\"https:\\\/\\\/www.eldiario.net\\\/portal\\\/2024\\\/01\\\/03\\\/avion-ruso-bombardeo-su-propio-territorio-y-destruyo-seis-casas\\\/\",\"name\":\"Avi\u00f3n ruso bombarde\u00f3 su propio territorio y destruy\u00f3 seis casas - El Diario - Bolivia\",\"isPartOf\":{\"@id\":\"https:\\\/\\\/www.eldiario.net\\\/portal\\\/#website\"},\"primaryImageOfPage\":{\"@id\":\"https:\\\/\\\/www.eldiario.net\\\/portal\\\/2024\\\/01\\\/03\\\/avion-ruso-bombardeo-su-propio-territorio-y-destruyo-seis-casas\\\/#primaryimage\"},\"image\":{\"@id\":\"https:\\\/\\\/www.eldiario.net\\\/portal\\\/2024\\\/01\\\/03\\\/avion-ruso-bombardeo-su-propio-territorio-y-destruyo-seis-casas\\\/#primaryimage\"},\"thumbnailUrl\":\"https:\\\/\\\/www.eldiario.net\\\/portal\\\/wp-content\\\/uploads\\\/2024\\\/01\\\/CASA-scaled.jpg\",\"datePublished\":\"2024-01-03T10:26:40+00:00\",\"breadcrumb\":{\"@id\":\"https:\\\/\\\/www.eldiario.net\\\/portal\\\/2024\\\/01\\\/03\\\/avion-ruso-bombardeo-su-propio-territorio-y-destruyo-seis-casas\\\/#breadcrumb\"},\"inLanguage\":\"es\",\"potentialAction\":[{\"@type\":\"ReadAction\",\"target\":[\"https:\\\/\\\/www.eldiario.net\\\/portal\\\/2024\\\/01\\\/03\\\/avion-ruso-bombardeo-su-propio-territorio-y-destruyo-seis-casas\\\/\"]}]},{\"@type\":\"ImageObject\",\"inLanguage\":\"es\",\"@id\":\"https:\\\/\\\/www.eldiario.net\\\/portal\\\/2024\\\/01\\\/03\\\/avion-ruso-bombardeo-su-propio-territorio-y-destruyo-seis-casas\\\/#primaryimage\",\"url\":\"https:\\\/\\\/www.eldiario.net\\\/portal\\\/wp-content\\\/uploads\\\/2024\\\/01\\\/CASA-scaled.jpg\",\"contentUrl\":\"https:\\\/\\\/www.eldiario.net\\\/portal\\\/wp-content\\\/uploads\\\/2024\\\/01\\\/CASA-scaled.jpg\",\"width\":2560,\"height\":1707},{\"@type\":\"BreadcrumbList\",\"@id\":\"https:\\\/\\\/www.eldiario.net\\\/portal\\\/2024\\\/01\\\/03\\\/avion-ruso-bombardeo-su-propio-territorio-y-destruyo-seis-casas\\\/#breadcrumb\",\"itemListElement\":[{\"@type\":\"ListItem\",\"position\":1,\"name\":\"Portada\",\"item\":\"https:\\\/\\\/www.eldiario.net\\\/portal\\\/\"},{\"@type\":\"ListItem\",\"position\":2,\"name\":\"Avi\u00f3n ruso bombarde\u00f3 su propio territorio y destruy\u00f3 seis casas\"}]},{\"@type\":\"WebSite\",\"@id\":\"https:\\\/\\\/www.eldiario.net\\\/portal\\\/#website\",\"url\":\"https:\\\/\\\/www.eldiario.net\\\/portal\\\/\",\"name\":\"El Diario - Decano de la prensa nacional\",\"description\":\"El Diario - Decano de la prensa nacional\",\"publisher\":{\"@id\":\"https:\\\/\\\/www.eldiario.net\\\/portal\\\/#organization\"},\"potentialAction\":[{\"@type\":\"SearchAction\",\"target\":{\"@type\":\"EntryPoint\",\"urlTemplate\":\"https:\\\/\\\/www.eldiario.net\\\/portal\\\/?s={search_term_string}\"},\"query-input\":{\"@type\":\"PropertyValueSpecification\",\"valueRequired\":true,\"valueName\":\"search_term_string\"}}],\"inLanguage\":\"es\"},{\"@type\":\"Organization\",\"@id\":\"https:\\\/\\\/www.eldiario.net\\\/portal\\\/#organization\",\"name\":\"El Diario - Decano de la prensa nacional\",\"url\":\"https:\\\/\\\/www.eldiario.net\\\/portal\\\/\",\"logo\":{\"@type\":\"ImageObject\",\"inLanguage\":\"es\",\"@id\":\"https:\\\/\\\/www.eldiario.net\\\/portal\\\/#\\\/schema\\\/logo\\\/image\\\/\",\"url\":\"https:\\\/\\\/www.eldiario.net\\\/portal\\\/wp-content\\\/uploads\\\/2023\\\/07\\\/logo_ED.jpg\",\"contentUrl\":\"https:\\\/\\\/www.eldiario.net\\\/portal\\\/wp-content\\\/uploads\\\/2023\\\/07\\\/logo_ED.jpg\",\"width\":272,\"height\":52,\"caption\":\"El Diario - Decano de la prensa nacional\"},\"image\":{\"@id\":\"https:\\\/\\\/www.eldiario.net\\\/portal\\\/#\\\/schema\\\/logo\\\/image\\\/\"},\"sameAs\":[\"https:\\\/\\\/www.facebook.com\\\/eldiario.bolivia\\\/\",\"https:\\\/\\\/x.com\\\/eldiario_net\"]},{\"@type\":\"Person\",\"@id\":\"https:\\\/\\\/www.eldiario.net\\\/portal\\\/#\\\/schema\\\/person\\\/f46445640444750d7d753ccd04ae01b7\",\"name\":\"Jeanette\",\"image\":{\"@type\":\"ImageObject\",\"inLanguage\":\"es\",\"@id\":\"https:\\\/\\\/secure.gravatar.com\\\/avatar\\\/3ea2118a5f7dad2b7138b1187a6b7ee55f160b9968b66013c3a3ef39dd7e5798?s=96&d=mm&r=g\",\"url\":\"https:\\\/\\\/secure.gravatar.com\\\/avatar\\\/3ea2118a5f7dad2b7138b1187a6b7ee55f160b9968b66013c3a3ef39dd7e5798?s=96&d=mm&r=g\",\"contentUrl\":\"https:\\\/\\\/secure.gravatar.com\\\/avatar\\\/3ea2118a5f7dad2b7138b1187a6b7ee55f160b9968b66013c3a3ef39dd7e5798?s=96&d=mm&r=g\",\"caption\":\"Jeanette\"},\"sameAs\":[\"https:\\\/\\\/www.eldiario.net\\\/portal\"],\"url\":\"https:\\\/\\\/www.eldiario.net\\\/portal\\\/author\\\/jeanette\\\/\"}]}<\/script>\n<!-- \/ Yoast SEO plugin. -->","yoast_head_json":{"title":"Avi\u00f3n ruso bombarde\u00f3 su propio territorio y destruy\u00f3 seis casas - El Diario - Bolivia","robots":{"index":"index","follow":"follow","max-snippet":"max-snippet:-1","max-image-preview":"max-image-preview:large","max-video-preview":"max-video-preview:-1"},"canonical":"https:\/\/www.eldiario.net\/portal\/2024\/01\/03\/avion-ruso-bombardeo-su-propio-territorio-y-destruyo-seis-casas\/","og_locale":"es_ES","og_type":"article","og_title":"Avi\u00f3n ruso bombarde\u00f3 su propio territorio y destruy\u00f3 seis casas - El Diario - Bolivia","og_description":"El Ministerio ruso de Defensa reconoci\u00f3 ayer que un proyectil suyo cay\u00f3 accidentalmente en el territorio de la regi\u00f3n de Voronezh, fronteriza con Ucrania, sin causar v\u00edctimas, pero provoc\u00f3 da\u00f1os en viviendas particulares. \u201cEl 2 de enero de 2024, alrededor de las 9.00 hora de Mosc\u00fa (6.00 GMT), se produjo una descarga involuntaria de munici\u00f3n [&hellip;]","og_url":"https:\/\/www.eldiario.net\/portal\/2024\/01\/03\/avion-ruso-bombardeo-su-propio-territorio-y-destruyo-seis-casas\/","og_site_name":"El Diario - Bolivia","article_publisher":"https:\/\/www.facebook.com\/eldiario.bolivia\/","article_published_time":"2024-01-03T10:26:40+00:00","og_image":[{"width":2560,"height":1707,"url":"https:\/\/www.eldiario.net\/portal\/wp-content\/uploads\/2024\/01\/CASA-scaled.jpg","type":"image\/jpeg"}],"author":"Jeanette","twitter_card":"summary_large_image","twitter_creator":"@eldiario_net","twitter_site":"@eldiario_net","twitter_misc":{"Escrito por":"Jeanette","Tiempo de lectura":"2 minutos"},"schema":{"@context":"https:\/\/schema.org","@graph":[{"@type":"Article","@id":"https:\/\/www.eldiario.net\/portal\/2024\/01\/03\/avion-ruso-bombardeo-su-propio-territorio-y-destruyo-seis-casas\/#article","isPartOf":{"@id":"https:\/\/www.eldiario.net\/portal\/2024\/01\/03\/avion-ruso-bombardeo-su-propio-territorio-y-destruyo-seis-casas\/"},"author":{"name":"Jeanette","@id":"https:\/\/www.eldiario.net\/portal\/#\/schema\/person\/f46445640444750d7d753ccd04ae01b7"},"headline":"Avi\u00f3n ruso bombarde\u00f3 su propio territorio y destruy\u00f3 seis casas","datePublished":"2024-01-03T10:26:40+00:00","mainEntityOfPage":{"@id":"https:\/\/www.eldiario.net\/portal\/2024\/01\/03\/avion-ruso-bombardeo-su-propio-territorio-y-destruyo-seis-casas\/"},"wordCount":370,"commentCount":0,"publisher":{"@id":"https:\/\/www.eldiario.net\/portal\/#organization"},"image":{"@id":"https:\/\/www.eldiario.net\/portal\/2024\/01\/03\/avion-ruso-bombardeo-su-propio-territorio-y-destruyo-seis-casas\/#primaryimage"},"thumbnailUrl":"https:\/\/www.eldiario.net\/portal\/wp-content\/uploads\/2024\/01\/CASA-scaled.jpg","articleSection":["Internacional"],"inLanguage":"es","potentialAction":[{"@type":"CommentAction","name":"Comment","target":["https:\/\/www.eldiario.net\/portal\/2024\/01\/03\/avion-ruso-bombardeo-su-propio-territorio-y-destruyo-seis-casas\/#respond"]}]},{"@type":"WebPage","@id":"https:\/\/www.eldiario.net\/portal\/2024\/01\/03\/avion-ruso-bombardeo-su-propio-territorio-y-destruyo-seis-casas\/","url":"https:\/\/www.eldiario.net\/portal\/2024\/01\/03\/avion-ruso-bombardeo-su-propio-territorio-y-destruyo-seis-casas\/","name":"Avi\u00f3n ruso bombarde\u00f3 su propio territorio y destruy\u00f3 seis casas - El Diario - Bolivia","isPartOf":{"@id":"https:\/\/www.eldiario.net\/portal\/#website"},"primaryImageOfPage":{"@id":"https:\/\/www.eldiario.net\/portal\/2024\/01\/03\/avion-ruso-bombardeo-su-propio-territorio-y-destruyo-seis-casas\/#primaryimage"},"image":{"@id":"https:\/\/www.eldiario.net\/portal\/2024\/01\/03\/avion-ruso-bombardeo-su-propio-territorio-y-destruyo-seis-casas\/#primaryimage"},"thumbnailUrl":"https:\/\/www.eldiario.net\/portal\/wp-content\/uploads\/2024\/01\/CASA-scaled.jpg","datePublished":"2024-01-03T10:26:40+00:00","breadcrumb":{"@id":"https:\/\/www.eldiario.net\/portal\/2024\/01\/03\/avion-ruso-bombardeo-su-propio-territorio-y-destruyo-seis-casas\/#breadcrumb"},"inLanguage":"es","potentialAction":[{"@type":"ReadAction","target":["https:\/\/www.eldiario.net\/portal\/2024\/01\/03\/avion-ruso-bombardeo-su-propio-territorio-y-destruyo-seis-casas\/"]}]},{"@type":"ImageObject","inLanguage":"es","@id":"https:\/\/www.eldiario.net\/portal\/2024\/01\/03\/avion-ruso-bombardeo-su-propio-territorio-y-destruyo-seis-casas\/#primaryimage","url":"https:\/\/www.eldiario.net\/portal\/wp-content\/uploads\/2024\/01\/CASA-scaled.jpg","contentUrl":"https:\/\/www.eldiario.net\/portal\/wp-content\/uploads\/2024\/01\/CASA-scaled.jpg","width":2560,"height":1707},{"@type":"BreadcrumbList","@id":"https:\/\/www.eldiario.net\/portal\/2024\/01\/03\/avion-ruso-bombardeo-su-propio-territorio-y-destruyo-seis-casas\/#breadcrumb","itemListElement":[{"@type":"ListItem","position":1,"name":"Portada","item":"https:\/\/www.eldiario.net\/portal\/"},{"@type":"ListItem","position":2,"name":"Avi\u00f3n ruso bombarde\u00f3 su propio territorio y destruy\u00f3 seis casas"}]},{"@type":"WebSite","@id":"https:\/\/www.eldiario.net\/portal\/#website","url":"https:\/\/www.eldiario.net\/portal\/","name":"El Diario - Decano de la prensa nacional","description":"El Diario - Decano de la prensa nacional","publisher":{"@id":"https:\/\/www.eldiario.net\/portal\/#organization"},"potentialAction":[{"@type":"SearchAction","target":{"@type":"EntryPoint","urlTemplate":"https:\/\/www.eldiario.net\/portal\/?s={search_term_string}"},"query-input":{"@type":"PropertyValueSpecification","valueRequired":true,"valueName":"search_term_string"}}],"inLanguage":"es"},{"@type":"Organization","@id":"https:\/\/www.eldiario.net\/portal\/#organization","name":"El Diario - Decano de la prensa nacional","url":"https:\/\/www.eldiario.net\/portal\/","logo":{"@type":"ImageObject","inLanguage":"es","@id":"https:\/\/www.eldiario.net\/portal\/#\/schema\/logo\/image\/","url":"https:\/\/www.eldiario.net\/portal\/wp-content\/uploads\/2023\/07\/logo_ED.jpg","contentUrl":"https:\/\/www.eldiario.net\/portal\/wp-content\/uploads\/2023\/07\/logo_ED.jpg","width":272,"height":52,"caption":"El Diario - Decano de la prensa nacional"},"image":{"@id":"https:\/\/www.eldiario.net\/portal\/#\/schema\/logo\/image\/"},"sameAs":["https:\/\/www.facebook.com\/eldiario.bolivia\/","https:\/\/x.com\/eldiario_net"]},{"@type":"Person","@id":"https:\/\/www.eldiario.net\/portal\/#\/schema\/person\/f46445640444750d7d753ccd04ae01b7","name":"Jeanette","image":{"@type":"ImageObject","inLanguage":"es","@id":"https:\/\/secure.gravatar.com\/avatar\/3ea2118a5f7dad2b7138b1187a6b7ee55f160b9968b66013c3a3ef39dd7e5798?s=96&d=mm&r=g","url":"https:\/\/secure.gravatar.com\/avatar\/3ea2118a5f7dad2b7138b1187a6b7ee55f160b9968b66013c3a3ef39dd7e5798?s=96&d=mm&r=g","contentUrl":"https:\/\/secure.gravatar.com\/avatar\/3ea2118a5f7dad2b7138b1187a6b7ee55f160b9968b66013c3a3ef39dd7e5798?s=96&d=mm&r=g","caption":"Jeanette"},"sameAs":["https:\/\/www.eldiario.net\/portal"],"url":"https:\/\/www.eldiario.net\/portal\/author\/jeanette\/"}]}},"_links":{"self":[{"href":"https:\/\/www.eldiario.net\/portal\/wp-json\/wp\/v2\/posts\/195625","targetHints":{"allow":["GET"]}}],"collection":[{"href":"https:\/\/www.eldiario.net\/portal\/wp-json\/wp\/v2\/posts"}],"about":[{"href":"https:\/\/www.eldiario.net\/portal\/wp-json\/wp\/v2\/types\/post"}],"author":[{"embeddable":true,"href":"https:\/\/www.eldiario.net\/portal\/wp-json\/wp\/v2\/users\/1"}],"replies":[{"embeddable":true,"href":"https:\/\/www.eldiario.net\/portal\/wp-json\/wp\/v2\/comments?post=195625"}],"version-history":[{"count":1,"href":"https:\/\/www.eldiario.net\/portal\/wp-json\/wp\/v2\/posts\/195625\/revisions"}],"predecessor-version":[{"id":195627,"href":"https:\/\/www.eldiario.net\/portal\/wp-json\/wp\/v2\/posts\/195625\/revisions\/195627"}],"wp:featuredmedia":[{"embeddable":true,"href":"https:\/\/www.eldiario.net\/portal\/wp-json\/wp\/v2\/media\/195626"}],"wp:attachment":[{"href":"https:\/\/www.eldiario.net\/portal\/wp-json\/wp\/v2\/media?parent=195625"}],"wp:term":[{"taxonomy":"category","embeddable":true,"href":"https:\/\/www.eldiario.net\/portal\/wp-json\/wp\/v2\/categories?post=195625"},{"taxonomy":"post_tag","embeddable":true,"href":"https:\/\/www.eldiario.net\/portal\/wp-json\/wp\/v2\/tags?post=195625"}],"curies":[{"name":"wp","href":"https:\/\/api.w.org\/{rel}","templated":true}]}}