{"id":195616,"date":"2024-01-03T06:21:03","date_gmt":"2024-01-03T10:21:03","guid":{"rendered":"https:\/\/www.eldiario.net\/portal\/?p=195616"},"modified":"2024-01-03T06:21:03","modified_gmt":"2024-01-03T10:21:03","slug":"fallo-del-tcp-genera-crisis-en-la-gobernacion-crucena","status":"publish","type":"post","link":"https:\/\/www.eldiario.net\/portal\/2024\/01\/03\/fallo-del-tcp-genera-crisis-en-la-gobernacion-crucena\/","title":{"rendered":"Fallo del TCP genera crisis  en la Gobernaci\u00f3n cruce\u00f1a"},"content":{"rendered":"<p>El asesor de Gesti\u00f3n de la Gobernaci\u00f3n, Efra\u00edn Su\u00e1rez, se\u00f1al\u00f3 que el reciente fallo del Tribunal Constitucional Plurinacional (TCP) vulnera la Ley departamental 293 y a la vez estar\u00eda buscando dar un golpe a la democracia y al voto del pueblo cruce\u00f1o, que eligi\u00f3 a Luis Fernando Camacho Vaca como gobernador de Santa Cruz.<br \/>\nIndic\u00f3 que la Ley departamental 293 que fue emitida en el mes de marzo del a\u00f1o 2023 por la Asamblea Legislativa Departamental (ALD), lo que hace es regular los casos de ausencia temporal en la Gobernaci\u00f3n. \u201cPor tanto, ese fallo es de imposible cumplimiento por parte de la Asamblea Legislativa Departamental, ya que no ha tomado en cuenta la ley que regula la ausencia temporal y que est\u00e1 establecido por el Estatuto departamental\u201d, remarc\u00f3.<br \/>\nAsimismo, Su\u00e1rez subray\u00f3 que el gobernador Camacho, no est\u00e1 impedido de ejercer el cargo tanto en lo formal como en lo material, dado que desde hace un a\u00f1o el gobernador ejerce su cargo sin ning\u00fan problema desde su lugar de secuestro en el penal de Chonchocoro, tal es as\u00ed que el a\u00f1o 2023 el gobernador Luis Fernando Camacho Vaca super\u00f3 todos los r\u00e9cords en cuesti\u00f3n de ejecuci\u00f3n presupuestaria, sobrepasando el 90% de ejecuci\u00f3n el a\u00f1o 2023.<br \/>\nTras el fallo del TCP que ordena que el vicegobernador Mario Aguilera asuma de forma interina la Gobernaci\u00f3n de Santa Cruz, la Asamblea Legislativa Departamental y la misma Gobernaci\u00f3n cruce\u00f1a se\u00f1alaron que ese dictamen es \u201cinejecutable\u201d y de \u201cdif\u00edcil cumplimiento\u201d.<br \/>\nPor su lado, la asamble\u00edsta departamental Paola Aguirre rechaz\u00f3 la determinaci\u00f3n del TCP y la calific\u00f3 de decisi\u00f3n \u201cpol\u00edtica\u201d. \u201cEsta sentencia departamental resulta ambigua e inejecutable porque ya tenemos una decisi\u00f3n con una ley departamental\u201d, manifest\u00f3.<br \/>\nPor otro lado, mediante una carta enviada a la Asamblea Legislativa Departamental, el vicegobernador de Santa Cruz, Mario Aguilera, pidi\u00f3 que se d\u00e9 cumplimiento al fallo del Tribunal Constitucional Plurinacional (TCP) sobre la suplencia temporal en el cargo de Gobernador. Mientras que desde la Gobernaci\u00f3n consideraron la sentencia como un \u201cgolpe a la democracia\u201d. (Santa Cruz, agencias)<\/p>\n","protected":false},"excerpt":{"rendered":"<p>El asesor de Gesti\u00f3n de la Gobernaci\u00f3n, Efra\u00edn Su\u00e1rez, se\u00f1al\u00f3 que el reciente fallo del Tribunal Constitucional Plurinacional (TCP) vulnera la Ley departamental 293 y a la vez estar\u00eda buscando dar un golpe a la democracia y al voto del pueblo cruce\u00f1o, que eligi\u00f3 a Luis Fernando Camacho Vaca como gobernador de Santa Cruz. Indic\u00f3 [&hellip;]<\/p>\n","protected":false},"author":1,"featured_media":195617,"comment_status":"open","ping_status":"open","sticky":false,"template":"","format":"standard","meta":{"_acf_changed":false,"footnotes":""},"categories":[17],"tags":[],"class_list":["post-195616","post","type-post","status-publish","format-standard","has-post-thumbnail","category-principal"],"acf":{"antetitulo":"Califican de golpe a la democracia"},"yoast_head":"<!-- This site is optimized with the Yoast SEO plugin v28.4 - https:\/\/yoast.com\/product\/yoast-seo-wordpress\/ -->\n<title>Fallo del TCP genera crisis en la Gobernaci\u00f3n cruce\u00f1a - El Diario - Bolivia<\/title>\n<meta name=\"robots\" content=\"index, follow, max-snippet:-1, max-image-preview:large, max-video-preview:-1\" \/>\n<link rel=\"canonical\" href=\"https:\/\/www.eldiario.net\/portal\/2024\/01\/03\/fallo-del-tcp-genera-crisis-en-la-gobernacion-crucena\/\" \/>\n<meta property=\"og:locale\" content=\"es_ES\" \/>\n<meta property=\"og:type\" content=\"article\" \/>\n<meta property=\"og:title\" content=\"Fallo del TCP genera crisis en la Gobernaci\u00f3n cruce\u00f1a - El Diario - Bolivia\" \/>\n<meta property=\"og:description\" content=\"El asesor de Gesti\u00f3n de la Gobernaci\u00f3n, Efra\u00edn Su\u00e1rez, se\u00f1al\u00f3 que el reciente fallo del Tribunal Constitucional Plurinacional (TCP) vulnera la Ley departamental 293 y a la vez estar\u00eda buscando dar un golpe a la democracia y al voto del pueblo cruce\u00f1o, que eligi\u00f3 a Luis Fernando Camacho Vaca como gobernador de Santa Cruz. Indic\u00f3 [&hellip;]\" \/>\n<meta property=\"og:url\" content=\"https:\/\/www.eldiario.net\/portal\/2024\/01\/03\/fallo-del-tcp-genera-crisis-en-la-gobernacion-crucena\/\" \/>\n<meta property=\"og:site_name\" content=\"El Diario - Bolivia\" \/>\n<meta property=\"article:publisher\" content=\"https:\/\/www.facebook.com\/eldiario.bolivia\/\" \/>\n<meta property=\"article:published_time\" content=\"2024-01-03T10:21:03+00:00\" \/>\n<meta property=\"og:image\" content=\"https:\/\/www.eldiario.net\/portal\/wp-content\/uploads\/2024\/01\/P-1-15-cm-x-10.jpg\" \/>\n\t<meta property=\"og:image:width\" content=\"1280\" \/>\n\t<meta property=\"og:image:height\" content=\"640\" \/>\n\t<meta property=\"og:image:type\" content=\"image\/jpeg\" \/>\n<meta name=\"author\" content=\"Jeanette\" \/>\n<meta name=\"twitter:card\" content=\"summary_large_image\" \/>\n<meta name=\"twitter:creator\" content=\"@eldiario_net\" \/>\n<meta name=\"twitter:site\" content=\"@eldiario_net\" \/>\n<meta name=\"twitter:label1\" content=\"Escrito por\" \/>\n\t<meta name=\"twitter:data1\" content=\"Jeanette\" \/>\n\t<meta name=\"twitter:label2\" content=\"Tiempo de lectura\" \/>\n\t<meta name=\"twitter:data2\" content=\"2 minutos\" \/>\n<script type=\"application\/ld+json\" class=\"yoast-schema-graph\">{\"@context\":\"https:\\\/\\\/schema.org\",\"@graph\":[{\"@type\":\"Article\",\"@id\":\"https:\\\/\\\/www.eldiario.net\\\/portal\\\/2024\\\/01\\\/03\\\/fallo-del-tcp-genera-crisis-en-la-gobernacion-crucena\\\/#article\",\"isPartOf\":{\"@id\":\"https:\\\/\\\/www.eldiario.net\\\/portal\\\/2024\\\/01\\\/03\\\/fallo-del-tcp-genera-crisis-en-la-gobernacion-crucena\\\/\"},\"author\":{\"name\":\"Jeanette\",\"@id\":\"https:\\\/\\\/www.eldiario.net\\\/portal\\\/#\\\/schema\\\/person\\\/f46445640444750d7d753ccd04ae01b7\"},\"headline\":\"Fallo del TCP genera crisis en la Gobernaci\u00f3n cruce\u00f1a\",\"datePublished\":\"2024-01-03T10:21:03+00:00\",\"mainEntityOfPage\":{\"@id\":\"https:\\\/\\\/www.eldiario.net\\\/portal\\\/2024\\\/01\\\/03\\\/fallo-del-tcp-genera-crisis-en-la-gobernacion-crucena\\\/\"},\"wordCount\":371,\"commentCount\":0,\"publisher\":{\"@id\":\"https:\\\/\\\/www.eldiario.net\\\/portal\\\/#organization\"},\"image\":{\"@id\":\"https:\\\/\\\/www.eldiario.net\\\/portal\\\/2024\\\/01\\\/03\\\/fallo-del-tcp-genera-crisis-en-la-gobernacion-crucena\\\/#primaryimage\"},\"thumbnailUrl\":\"https:\\\/\\\/www.eldiario.net\\\/portal\\\/wp-content\\\/uploads\\\/2024\\\/01\\\/P-1-15-cm-x-10.jpg\",\"articleSection\":[\"Principal\"],\"inLanguage\":\"es\",\"potentialAction\":[{\"@type\":\"CommentAction\",\"name\":\"Comment\",\"target\":[\"https:\\\/\\\/www.eldiario.net\\\/portal\\\/2024\\\/01\\\/03\\\/fallo-del-tcp-genera-crisis-en-la-gobernacion-crucena\\\/#respond\"]}]},{\"@type\":\"WebPage\",\"@id\":\"https:\\\/\\\/www.eldiario.net\\\/portal\\\/2024\\\/01\\\/03\\\/fallo-del-tcp-genera-crisis-en-la-gobernacion-crucena\\\/\",\"url\":\"https:\\\/\\\/www.eldiario.net\\\/portal\\\/2024\\\/01\\\/03\\\/fallo-del-tcp-genera-crisis-en-la-gobernacion-crucena\\\/\",\"name\":\"Fallo del TCP genera crisis en la Gobernaci\u00f3n cruce\u00f1a - El Diario - Bolivia\",\"isPartOf\":{\"@id\":\"https:\\\/\\\/www.eldiario.net\\\/portal\\\/#website\"},\"primaryImageOfPage\":{\"@id\":\"https:\\\/\\\/www.eldiario.net\\\/portal\\\/2024\\\/01\\\/03\\\/fallo-del-tcp-genera-crisis-en-la-gobernacion-crucena\\\/#primaryimage\"},\"image\":{\"@id\":\"https:\\\/\\\/www.eldiario.net\\\/portal\\\/2024\\\/01\\\/03\\\/fallo-del-tcp-genera-crisis-en-la-gobernacion-crucena\\\/#primaryimage\"},\"thumbnailUrl\":\"https:\\\/\\\/www.eldiario.net\\\/portal\\\/wp-content\\\/uploads\\\/2024\\\/01\\\/P-1-15-cm-x-10.jpg\",\"datePublished\":\"2024-01-03T10:21:03+00:00\",\"breadcrumb\":{\"@id\":\"https:\\\/\\\/www.eldiario.net\\\/portal\\\/2024\\\/01\\\/03\\\/fallo-del-tcp-genera-crisis-en-la-gobernacion-crucena\\\/#breadcrumb\"},\"inLanguage\":\"es\",\"potentialAction\":[{\"@type\":\"ReadAction\",\"target\":[\"https:\\\/\\\/www.eldiario.net\\\/portal\\\/2024\\\/01\\\/03\\\/fallo-del-tcp-genera-crisis-en-la-gobernacion-crucena\\\/\"]}]},{\"@type\":\"ImageObject\",\"inLanguage\":\"es\",\"@id\":\"https:\\\/\\\/www.eldiario.net\\\/portal\\\/2024\\\/01\\\/03\\\/fallo-del-tcp-genera-crisis-en-la-gobernacion-crucena\\\/#primaryimage\",\"url\":\"https:\\\/\\\/www.eldiario.net\\\/portal\\\/wp-content\\\/uploads\\\/2024\\\/01\\\/P-1-15-cm-x-10.jpg\",\"contentUrl\":\"https:\\\/\\\/www.eldiario.net\\\/portal\\\/wp-content\\\/uploads\\\/2024\\\/01\\\/P-1-15-cm-x-10.jpg\",\"width\":1280,\"height\":640,\"caption\":\"TCP dispone que Mario Aguilera asuma el cargo de Gobernador de Santa Cruz en suplencia legal de Luis Fernando Camacho.\"},{\"@type\":\"BreadcrumbList\",\"@id\":\"https:\\\/\\\/www.eldiario.net\\\/portal\\\/2024\\\/01\\\/03\\\/fallo-del-tcp-genera-crisis-en-la-gobernacion-crucena\\\/#breadcrumb\",\"itemListElement\":[{\"@type\":\"ListItem\",\"position\":1,\"name\":\"Portada\",\"item\":\"https:\\\/\\\/www.eldiario.net\\\/portal\\\/\"},{\"@type\":\"ListItem\",\"position\":2,\"name\":\"Fallo del TCP genera crisis en la Gobernaci\u00f3n cruce\u00f1a\"}]},{\"@type\":\"WebSite\",\"@id\":\"https:\\\/\\\/www.eldiario.net\\\/portal\\\/#website\",\"url\":\"https:\\\/\\\/www.eldiario.net\\\/portal\\\/\",\"name\":\"El Diario - Decano de la prensa nacional\",\"description\":\"El Diario - Decano de la prensa nacional\",\"publisher\":{\"@id\":\"https:\\\/\\\/www.eldiario.net\\\/portal\\\/#organization\"},\"potentialAction\":[{\"@type\":\"SearchAction\",\"target\":{\"@type\":\"EntryPoint\",\"urlTemplate\":\"https:\\\/\\\/www.eldiario.net\\\/portal\\\/?s={search_term_string}\"},\"query-input\":{\"@type\":\"PropertyValueSpecification\",\"valueRequired\":true,\"valueName\":\"search_term_string\"}}],\"inLanguage\":\"es\"},{\"@type\":\"Organization\",\"@id\":\"https:\\\/\\\/www.eldiario.net\\\/portal\\\/#organization\",\"name\":\"El Diario - Decano de la prensa nacional\",\"url\":\"https:\\\/\\\/www.eldiario.net\\\/portal\\\/\",\"logo\":{\"@type\":\"ImageObject\",\"inLanguage\":\"es\",\"@id\":\"https:\\\/\\\/www.eldiario.net\\\/portal\\\/#\\\/schema\\\/logo\\\/image\\\/\",\"url\":\"https:\\\/\\\/www.eldiario.net\\\/portal\\\/wp-content\\\/uploads\\\/2023\\\/07\\\/logo_ED.jpg\",\"contentUrl\":\"https:\\\/\\\/www.eldiario.net\\\/portal\\\/wp-content\\\/uploads\\\/2023\\\/07\\\/logo_ED.jpg\",\"width\":272,\"height\":52,\"caption\":\"El Diario - Decano de la prensa nacional\"},\"image\":{\"@id\":\"https:\\\/\\\/www.eldiario.net\\\/portal\\\/#\\\/schema\\\/logo\\\/image\\\/\"},\"sameAs\":[\"https:\\\/\\\/www.facebook.com\\\/eldiario.bolivia\\\/\",\"https:\\\/\\\/x.com\\\/eldiario_net\"]},{\"@type\":\"Person\",\"@id\":\"https:\\\/\\\/www.eldiario.net\\\/portal\\\/#\\\/schema\\\/person\\\/f46445640444750d7d753ccd04ae01b7\",\"name\":\"Jeanette\",\"image\":{\"@type\":\"ImageObject\",\"inLanguage\":\"es\",\"@id\":\"https:\\\/\\\/secure.gravatar.com\\\/avatar\\\/3ea2118a5f7dad2b7138b1187a6b7ee55f160b9968b66013c3a3ef39dd7e5798?s=96&d=mm&r=g\",\"url\":\"https:\\\/\\\/secure.gravatar.com\\\/avatar\\\/3ea2118a5f7dad2b7138b1187a6b7ee55f160b9968b66013c3a3ef39dd7e5798?s=96&d=mm&r=g\",\"contentUrl\":\"https:\\\/\\\/secure.gravatar.com\\\/avatar\\\/3ea2118a5f7dad2b7138b1187a6b7ee55f160b9968b66013c3a3ef39dd7e5798?s=96&d=mm&r=g\",\"caption\":\"Jeanette\"},\"sameAs\":[\"https:\\\/\\\/www.eldiario.net\\\/portal\"],\"url\":\"https:\\\/\\\/www.eldiario.net\\\/portal\\\/author\\\/jeanette\\\/\"}]}<\/script>\n<!-- \/ Yoast SEO plugin. -->","yoast_head_json":{"title":"Fallo del TCP genera crisis en la Gobernaci\u00f3n cruce\u00f1a - El Diario - Bolivia","robots":{"index":"index","follow":"follow","max-snippet":"max-snippet:-1","max-image-preview":"max-image-preview:large","max-video-preview":"max-video-preview:-1"},"canonical":"https:\/\/www.eldiario.net\/portal\/2024\/01\/03\/fallo-del-tcp-genera-crisis-en-la-gobernacion-crucena\/","og_locale":"es_ES","og_type":"article","og_title":"Fallo del TCP genera crisis en la Gobernaci\u00f3n cruce\u00f1a - El Diario - Bolivia","og_description":"El asesor de Gesti\u00f3n de la Gobernaci\u00f3n, Efra\u00edn Su\u00e1rez, se\u00f1al\u00f3 que el reciente fallo del Tribunal Constitucional Plurinacional (TCP) vulnera la Ley departamental 293 y a la vez estar\u00eda buscando dar un golpe a la democracia y al voto del pueblo cruce\u00f1o, que eligi\u00f3 a Luis Fernando Camacho Vaca como gobernador de Santa Cruz. Indic\u00f3 [&hellip;]","og_url":"https:\/\/www.eldiario.net\/portal\/2024\/01\/03\/fallo-del-tcp-genera-crisis-en-la-gobernacion-crucena\/","og_site_name":"El Diario - Bolivia","article_publisher":"https:\/\/www.facebook.com\/eldiario.bolivia\/","article_published_time":"2024-01-03T10:21:03+00:00","og_image":[{"width":1280,"height":640,"url":"https:\/\/www.eldiario.net\/portal\/wp-content\/uploads\/2024\/01\/P-1-15-cm-x-10.jpg","type":"image\/jpeg"}],"author":"Jeanette","twitter_card":"summary_large_image","twitter_creator":"@eldiario_net","twitter_site":"@eldiario_net","twitter_misc":{"Escrito por":"Jeanette","Tiempo de lectura":"2 minutos"},"schema":{"@context":"https:\/\/schema.org","@graph":[{"@type":"Article","@id":"https:\/\/www.eldiario.net\/portal\/2024\/01\/03\/fallo-del-tcp-genera-crisis-en-la-gobernacion-crucena\/#article","isPartOf":{"@id":"https:\/\/www.eldiario.net\/portal\/2024\/01\/03\/fallo-del-tcp-genera-crisis-en-la-gobernacion-crucena\/"},"author":{"name":"Jeanette","@id":"https:\/\/www.eldiario.net\/portal\/#\/schema\/person\/f46445640444750d7d753ccd04ae01b7"},"headline":"Fallo del TCP genera crisis en la Gobernaci\u00f3n cruce\u00f1a","datePublished":"2024-01-03T10:21:03+00:00","mainEntityOfPage":{"@id":"https:\/\/www.eldiario.net\/portal\/2024\/01\/03\/fallo-del-tcp-genera-crisis-en-la-gobernacion-crucena\/"},"wordCount":371,"commentCount":0,"publisher":{"@id":"https:\/\/www.eldiario.net\/portal\/#organization"},"image":{"@id":"https:\/\/www.eldiario.net\/portal\/2024\/01\/03\/fallo-del-tcp-genera-crisis-en-la-gobernacion-crucena\/#primaryimage"},"thumbnailUrl":"https:\/\/www.eldiario.net\/portal\/wp-content\/uploads\/2024\/01\/P-1-15-cm-x-10.jpg","articleSection":["Principal"],"inLanguage":"es","potentialAction":[{"@type":"CommentAction","name":"Comment","target":["https:\/\/www.eldiario.net\/portal\/2024\/01\/03\/fallo-del-tcp-genera-crisis-en-la-gobernacion-crucena\/#respond"]}]},{"@type":"WebPage","@id":"https:\/\/www.eldiario.net\/portal\/2024\/01\/03\/fallo-del-tcp-genera-crisis-en-la-gobernacion-crucena\/","url":"https:\/\/www.eldiario.net\/portal\/2024\/01\/03\/fallo-del-tcp-genera-crisis-en-la-gobernacion-crucena\/","name":"Fallo del TCP genera crisis en la Gobernaci\u00f3n cruce\u00f1a - El Diario - Bolivia","isPartOf":{"@id":"https:\/\/www.eldiario.net\/portal\/#website"},"primaryImageOfPage":{"@id":"https:\/\/www.eldiario.net\/portal\/2024\/01\/03\/fallo-del-tcp-genera-crisis-en-la-gobernacion-crucena\/#primaryimage"},"image":{"@id":"https:\/\/www.eldiario.net\/portal\/2024\/01\/03\/fallo-del-tcp-genera-crisis-en-la-gobernacion-crucena\/#primaryimage"},"thumbnailUrl":"https:\/\/www.eldiario.net\/portal\/wp-content\/uploads\/2024\/01\/P-1-15-cm-x-10.jpg","datePublished":"2024-01-03T10:21:03+00:00","breadcrumb":{"@id":"https:\/\/www.eldiario.net\/portal\/2024\/01\/03\/fallo-del-tcp-genera-crisis-en-la-gobernacion-crucena\/#breadcrumb"},"inLanguage":"es","potentialAction":[{"@type":"ReadAction","target":["https:\/\/www.eldiario.net\/portal\/2024\/01\/03\/fallo-del-tcp-genera-crisis-en-la-gobernacion-crucena\/"]}]},{"@type":"ImageObject","inLanguage":"es","@id":"https:\/\/www.eldiario.net\/portal\/2024\/01\/03\/fallo-del-tcp-genera-crisis-en-la-gobernacion-crucena\/#primaryimage","url":"https:\/\/www.eldiario.net\/portal\/wp-content\/uploads\/2024\/01\/P-1-15-cm-x-10.jpg","contentUrl":"https:\/\/www.eldiario.net\/portal\/wp-content\/uploads\/2024\/01\/P-1-15-cm-x-10.jpg","width":1280,"height":640,"caption":"TCP dispone que Mario Aguilera asuma el cargo de Gobernador de Santa Cruz en suplencia legal de Luis Fernando Camacho."},{"@type":"BreadcrumbList","@id":"https:\/\/www.eldiario.net\/portal\/2024\/01\/03\/fallo-del-tcp-genera-crisis-en-la-gobernacion-crucena\/#breadcrumb","itemListElement":[{"@type":"ListItem","position":1,"name":"Portada","item":"https:\/\/www.eldiario.net\/portal\/"},{"@type":"ListItem","position":2,"name":"Fallo del TCP genera crisis en la Gobernaci\u00f3n cruce\u00f1a"}]},{"@type":"WebSite","@id":"https:\/\/www.eldiario.net\/portal\/#website","url":"https:\/\/www.eldiario.net\/portal\/","name":"El Diario - Decano de la prensa nacional","description":"El Diario - Decano de la prensa nacional","publisher":{"@id":"https:\/\/www.eldiario.net\/portal\/#organization"},"potentialAction":[{"@type":"SearchAction","target":{"@type":"EntryPoint","urlTemplate":"https:\/\/www.eldiario.net\/portal\/?s={search_term_string}"},"query-input":{"@type":"PropertyValueSpecification","valueRequired":true,"valueName":"search_term_string"}}],"inLanguage":"es"},{"@type":"Organization","@id":"https:\/\/www.eldiario.net\/portal\/#organization","name":"El Diario - Decano de la prensa nacional","url":"https:\/\/www.eldiario.net\/portal\/","logo":{"@type":"ImageObject","inLanguage":"es","@id":"https:\/\/www.eldiario.net\/portal\/#\/schema\/logo\/image\/","url":"https:\/\/www.eldiario.net\/portal\/wp-content\/uploads\/2023\/07\/logo_ED.jpg","contentUrl":"https:\/\/www.eldiario.net\/portal\/wp-content\/uploads\/2023\/07\/logo_ED.jpg","width":272,"height":52,"caption":"El Diario - Decano de la prensa nacional"},"image":{"@id":"https:\/\/www.eldiario.net\/portal\/#\/schema\/logo\/image\/"},"sameAs":["https:\/\/www.facebook.com\/eldiario.bolivia\/","https:\/\/x.com\/eldiario_net"]},{"@type":"Person","@id":"https:\/\/www.eldiario.net\/portal\/#\/schema\/person\/f46445640444750d7d753ccd04ae01b7","name":"Jeanette","image":{"@type":"ImageObject","inLanguage":"es","@id":"https:\/\/secure.gravatar.com\/avatar\/3ea2118a5f7dad2b7138b1187a6b7ee55f160b9968b66013c3a3ef39dd7e5798?s=96&d=mm&r=g","url":"https:\/\/secure.gravatar.com\/avatar\/3ea2118a5f7dad2b7138b1187a6b7ee55f160b9968b66013c3a3ef39dd7e5798?s=96&d=mm&r=g","contentUrl":"https:\/\/secure.gravatar.com\/avatar\/3ea2118a5f7dad2b7138b1187a6b7ee55f160b9968b66013c3a3ef39dd7e5798?s=96&d=mm&r=g","caption":"Jeanette"},"sameAs":["https:\/\/www.eldiario.net\/portal"],"url":"https:\/\/www.eldiario.net\/portal\/author\/jeanette\/"}]}},"_links":{"self":[{"href":"https:\/\/www.eldiario.net\/portal\/wp-json\/wp\/v2\/posts\/195616","targetHints":{"allow":["GET"]}}],"collection":[{"href":"https:\/\/www.eldiario.net\/portal\/wp-json\/wp\/v2\/posts"}],"about":[{"href":"https:\/\/www.eldiario.net\/portal\/wp-json\/wp\/v2\/types\/post"}],"author":[{"embeddable":true,"href":"https:\/\/www.eldiario.net\/portal\/wp-json\/wp\/v2\/users\/1"}],"replies":[{"embeddable":true,"href":"https:\/\/www.eldiario.net\/portal\/wp-json\/wp\/v2\/comments?post=195616"}],"version-history":[{"count":1,"href":"https:\/\/www.eldiario.net\/portal\/wp-json\/wp\/v2\/posts\/195616\/revisions"}],"predecessor-version":[{"id":195618,"href":"https:\/\/www.eldiario.net\/portal\/wp-json\/wp\/v2\/posts\/195616\/revisions\/195618"}],"wp:featuredmedia":[{"embeddable":true,"href":"https:\/\/www.eldiario.net\/portal\/wp-json\/wp\/v2\/media\/195617"}],"wp:attachment":[{"href":"https:\/\/www.eldiario.net\/portal\/wp-json\/wp\/v2\/media?parent=195616"}],"wp:term":[{"taxonomy":"category","embeddable":true,"href":"https:\/\/www.eldiario.net\/portal\/wp-json\/wp\/v2\/categories?post=195616"},{"taxonomy":"post_tag","embeddable":true,"href":"https:\/\/www.eldiario.net\/portal\/wp-json\/wp\/v2\/tags?post=195616"}],"curies":[{"name":"wp","href":"https:\/\/api.w.org\/{rel}","templated":true}]}}