{"id":195612,"date":"2024-01-03T06:19:59","date_gmt":"2024-01-03T10:19:59","guid":{"rendered":"https:\/\/www.eldiario.net\/portal\/?p=195612"},"modified":"2024-01-03T06:19:59","modified_gmt":"2024-01-03T10:19:59","slug":"terremoto-y-choque-de-dos-aviones-dejan-67-muertos","status":"publish","type":"post","link":"https:\/\/www.eldiario.net\/portal\/2024\/01\/03\/terremoto-y-choque-de-dos-aviones-dejan-67-muertos\/","title":{"rendered":"Terremoto y choque de dos aviones dejan 67 muertos"},"content":{"rendered":"<p class=\"v1MsoNormal\">Una serie de fuertes sismos sacudi\u00f3 el oeste de Jap\u00f3n, causando la muerte de por lo menos 55 personas, adem\u00e1s de da\u00f1ar miles de edificios, veh\u00edculos y embarcaciones, y las autoridades advirtieron el martes que era posible que se produjeran m\u00e1s terremotos de gran magnitud.<\/p>\n<p class=\"v1MsoNormal\">Los da\u00f1os fueron tan grandes que no pudieron evaluarse inmediatamente.<\/p>\n<p class=\"v1MsoNormal\">Por otro lado, cinco de los seis tripulantes de la aeronave de la Guardia Costera murieron en el accidente. Ese avi\u00f3n estaba listo para despegar en direcci\u00f3n a la prefectura de Niigata para prestar ayuda a una de las zonas m\u00e1s afectadas por el terremoto que sacudi\u00f3 al pa\u00eds asi\u00e1tico este lunes.<\/p>\n<p class=\"v1MsoNormal\">\n<p class=\"v1MsoNormal\">TERREMOTO DE MAGNITUD 7,6<\/p>\n<p class=\"v1MsoNormal\">Jap\u00f3n registr\u00f3 el lunes un terremoto con una magnitud de 7,6 en la regi\u00f3n central del pa\u00eds, el cual activ\u00f3 alertas de tsunami y llev\u00f3 a miles de personas a refugiarse en albergues.<\/p>\n<p class=\"v1MsoNormal\">Hasta el momento se confirm\u00f3 la muerte de al menos 62 personas y un n\u00famero indeterminado de personas se encuentran atrapadas bajo los escombros de edificios derrumbados en varias localidades.<\/p>\n<p class=\"v1MsoNormal\">El terremoto se produjo alrededor de las 16:10 hora local (07:10 GMT). Momentos despu\u00e9s, se hab\u00edan emitido advertencias de tsunami que luego fueron desactivadas.<\/p>\n<p class=\"v1MsoNormal\">\n<p class=\"v1MsoNormal\">DERRUMBES Y EVACUADOS<\/p>\n<p class=\"v1MsoNormal\">Es poco probable que se conozca el alcance total de los da\u00f1os hasta el martes por la ma\u00f1ana, pero los da\u00f1os en las infraestructuras son evidentes. El martes, el n\u00famero de fallecidos hab\u00eda ascendido a 63, seg\u00fan la emisora p\u00fablica NHK.<\/p>\n<p class=\"v1MsoNormal\">Las autoridades de la ciudad de Suzu, en la prefectura de Ishikawa, reportaron el derrumbe de varias casas y postes el\u00e9ctricos, seg\u00fan la cadena nacional NHK.<\/p>\n<p class=\"v1MsoNormal\">Las principales autopistas cercanas al epicentro del sismo fueron cerradas y m\u00e1s de 36.000 hogares se quedaron sin suministro el\u00e9ctrico, seg\u00fan la empresa Hokuriku Electric Power.<\/p>\n<p class=\"v1MsoNormal\">El excorresponsal de la BBC en Jap\u00f3n, Rupert Wingfield-Hayes, que informaba desde Taiw\u00e1n, dijo que cientos de metros de la principal autopista entre las ciudades de Toyama y Kanazawa hab\u00edan quedado destrozados por deslaves.<\/p>\n<p class=\"v1MsoNormal\">Un video grabado en Uchinada, tambi\u00e9n en la prefectura de Ishikawa, mostraba la superficie de una carretera ondulada y agrietada. Tambi\u00e9n hubo da\u00f1os en el santuario de Onohiyoshi, en Kanazawa.<\/p>\n<p class=\"v1MsoNormal\">Miles de personas fueron llevadas a centros de evacuaci\u00f3n para pasar la noche del lunes.<\/p>\n<p class=\"v1MsoNormal\">\n<p class=\"v1MsoNormal\">CINCO MUERTOS EN CHOQUE DE AVIONES<\/p>\n<p class=\"v1MsoNormal\">Los 379 pasajeros y tripulantes que iban en un vuelo de la aerol\u00ednea japonesa Japan Airlines fueron trasladados sanos y salvos ayer luego de que la nave estallara en llamas\u00a0en un aeropuerto de Tokio, Jap\u00f3n.<\/p>\n<p class=\"v1MsoNormal\">El avi\u00f3n choc\u00f3 en la pista de aterrizaje del aeropuerto de Haneda, en Tokio, con una aeronave de la Guardia Costera en la que viajaban al menos seis personas, de los que cinco perdieron la vida.<\/p>\n<p class=\"v1MsoNormal\">En im\u00e1genes dadas a conocer por la televisi\u00f3n p\u00fablica japonesa se puede observar a uno de los aviones completamente consumido por las llamas.<\/p>\n<p class=\"v1MsoNormal\">Seg\u00fan la agencia de noticias AFP, cinco de los seis tripulantes de la aeronave de la Guardia Costera murieron en el accidente. (BBC y AFP)<\/p>\n\r\n                <style type=\"text\/css\">\r\n                    \r\n                    #tdi_1  .td-doubleSlider-2 .td-item1 {\r\n                        background: url(https:\/\/www.eldiario.net\/portal\/wp-content\/uploads\/2024\/01\/P-2-10-cm-x-8.jpg) 0 0 no-repeat;\r\n                    }\r\n                    #tdi_1  .td-doubleSlider-2 .td-item2 {\r\n                        background: url(https:\/\/www.eldiario.net\/portal\/wp-content\/uploads\/2024\/01\/P-3-10-cm-x-8.jpg) 0 0 no-repeat;\r\n                    }\r\n                <\/style>\r\n\r\n                <div id=\"tdi_1\" class=\"td-gallery td-slide-on-2-columns\">\r\n                    <div class=\"post_td_gallery\">\r\n                        <div class=\"td-gallery-slide-top\">\r\n                           <div class=\"td-gallery-title\"><\/div>\r\n\r\n                            <div class=\"td-gallery-controls-wrapper\">\r\n                                <div class=\"td-gallery-slide-count\"><span class=\"td-gallery-slide-item-focus\">1<\/span> de 2<\/div>\r\n                                <div class=\"td-gallery-slide-prev-next-but\">\r\n                                    <i class = \"td-icon-left doubleSliderPrevButton\"><\/i>\r\n                                    <i class = \"td-icon-right doubleSliderNextButton\"><\/i>\r\n                                <\/div>\r\n                            <\/div>\r\n                        <\/div>\r\n\r\n                        <div class = \"td-doubleSlider-1 \">\r\n                            <div class = \"td-slider\">\r\n                                \r\n                    <div class = \"td-slide-item td-item1\">\r\n                        <figure class=\"td-slide-galery-figure td-slide-popup-gallery\">\r\n                            <a class=\"slide-gallery-image-link\" href=\"https:\/\/www.eldiario.net\/portal\/wp-content\/uploads\/2024\/01\/P-2-10-cm-x-8.jpg\" title=\"P-2 10 cm x 8\"  data-caption=\"Al menos 62 personas han fallecido en la prefectura nipona de Ishikawa tras el fuerte terremoto que sacudi\u00f3 el centro de Jap\u00f3n el d\u00eda de A\u00f1o Nuevo.\"  data-description=\"\">\r\n                                <img decoding=\"async\" src=\"https:\/\/www.eldiario.net\/portal\/wp-content\/uploads\/2024\/01\/P-2-10-cm-x-8.jpg\" srcset=\"https:\/\/www.eldiario.net\/portal\/wp-content\/uploads\/2024\/01\/P-2-10-cm-x-8.jpg 829w, https:\/\/www.eldiario.net\/portal\/wp-content\/uploads\/2024\/01\/P-2-10-cm-x-8-300x190.jpg 300w, https:\/\/www.eldiario.net\/portal\/wp-content\/uploads\/2024\/01\/P-2-10-cm-x-8-768x486.jpg 768w, https:\/\/www.eldiario.net\/portal\/wp-content\/uploads\/2024\/01\/P-2-10-cm-x-8-696x441.jpg 696w\" sizes=\"(max-width: 663px) 100vw, 663px\" alt=\"\">\r\n                            <\/a>\r\n                            <figcaption class = \"td-slide-caption td-gallery-slide-content\"><div class = \"td-gallery-slide-copywrite\">Al menos 62 personas han fallecido en la prefectura nipona de Ishikawa tras el fuerte terremoto que sacudi\u00f3 el centro de Jap\u00f3n el d\u00eda de A\u00f1o Nuevo.<\/div><\/figcaption>\r\n                        <\/figure>\r\n                    <\/div>\r\n                    <div class = \"td-slide-item td-item2\">\r\n                        <figure class=\"td-slide-galery-figure td-slide-popup-gallery\">\r\n                            <a class=\"slide-gallery-image-link\" href=\"https:\/\/www.eldiario.net\/portal\/wp-content\/uploads\/2024\/01\/P-3-10-cm-x-8.jpg\" title=\"P-3 10 cm x 8\"  data-caption=\"Cinco personas mueren y cientos de pasajeros escapan en la colisi\u00f3n de dos aviones en un aeropuerto de Tokio, Jap\u00f3n.\"  data-description=\"\">\r\n                                <img decoding=\"async\" src=\"https:\/\/www.eldiario.net\/portal\/wp-content\/uploads\/2024\/01\/P-3-10-cm-x-8.jpg\" srcset=\"https:\/\/www.eldiario.net\/portal\/wp-content\/uploads\/2024\/01\/P-3-10-cm-x-8.jpg 2048w, https:\/\/www.eldiario.net\/portal\/wp-content\/uploads\/2024\/01\/P-3-10-cm-x-8-300x187.jpg 300w, https:\/\/www.eldiario.net\/portal\/wp-content\/uploads\/2024\/01\/P-3-10-cm-x-8-1024x639.jpg 1024w, https:\/\/www.eldiario.net\/portal\/wp-content\/uploads\/2024\/01\/P-3-10-cm-x-8-768x479.jpg 768w, https:\/\/www.eldiario.net\/portal\/wp-content\/uploads\/2024\/01\/P-3-10-cm-x-8-1536x959.jpg 1536w, https:\/\/www.eldiario.net\/portal\/wp-content\/uploads\/2024\/01\/P-3-10-cm-x-8-696x434.jpg 696w, https:\/\/www.eldiario.net\/portal\/wp-content\/uploads\/2024\/01\/P-3-10-cm-x-8-1068x666.jpg 1068w, https:\/\/www.eldiario.net\/portal\/wp-content\/uploads\/2024\/01\/P-3-10-cm-x-8-1920x1198.jpg 1920w\" sizes=\"(max-width: 673px) 100vw, 673px\" alt=\"\">\r\n                            <\/a>\r\n                            <figcaption class = \"td-slide-caption td-gallery-slide-content\"><div class = \"td-gallery-slide-copywrite\">Cinco personas mueren y cientos de pasajeros escapan en la colisi\u00f3n de dos aviones en un aeropuerto de Tokio, Jap\u00f3n.<\/div><\/figcaption>\r\n                        <\/figure>\r\n                    <\/div>\r\n                            <\/div>\r\n                        <\/div>\r\n\r\n                        <div class = \"td-doubleSlider-2\">\r\n                            <div class = \"td-slider\">\r\n                                \r\n                    <div class = \"td-button td-item1\">\r\n                        <div class = \"td-border\"><\/div>\r\n                    <\/div>\r\n                    <div class = \"td-button td-item2\">\r\n                        <div class = \"td-border\"><\/div>\r\n                    <\/div>\r\n                            <\/div>\r\n                        <\/div>\r\n\r\n                    <\/div>\r\n\r\n                <\/div>\r\n                \n<p class=\"v1MsoNormal\">\n","protected":false},"excerpt":{"rendered":"<p>Una serie de fuertes sismos sacudi\u00f3 el oeste de Jap\u00f3n, causando la muerte de por lo menos 55 personas, adem\u00e1s de da\u00f1ar miles de edificios, veh\u00edculos y embarcaciones, y las autoridades advirtieron el martes que era posible que se produjeran m\u00e1s terremotos de gran magnitud. Los da\u00f1os fueron tan grandes que no pudieron evaluarse inmediatamente. [&hellip;]<\/p>\n","protected":false},"author":1,"featured_media":195613,"comment_status":"open","ping_status":"open","sticky":false,"template":"","format":"standard","meta":{"_acf_changed":false,"footnotes":""},"categories":[15],"tags":[],"class_list":["post-195612","post","type-post","status-publish","format-standard","has-post-thumbnail","category-portada"],"acf":{"antetitulo":"A\u00f1o Nuevo tr\u00e1gico en Jap\u00f3n"},"yoast_head":"<!-- This site is optimized with the Yoast SEO plugin v28.4 - https:\/\/yoast.com\/product\/yoast-seo-wordpress\/ -->\n<title>Terremoto y choque de dos aviones dejan 67 muertos - El Diario - Bolivia<\/title>\n<meta name=\"robots\" content=\"index, follow, max-snippet:-1, max-image-preview:large, max-video-preview:-1\" \/>\n<link rel=\"canonical\" href=\"https:\/\/www.eldiario.net\/portal\/2024\/01\/03\/terremoto-y-choque-de-dos-aviones-dejan-67-muertos\/\" \/>\n<meta property=\"og:locale\" content=\"es_ES\" \/>\n<meta property=\"og:type\" content=\"article\" \/>\n<meta property=\"og:title\" content=\"Terremoto y choque de dos aviones dejan 67 muertos - El Diario - Bolivia\" \/>\n<meta property=\"og:description\" content=\"Una serie de fuertes sismos sacudi\u00f3 el oeste de Jap\u00f3n, causando la muerte de por lo menos 55 personas, adem\u00e1s de da\u00f1ar miles de edificios, veh\u00edculos y embarcaciones, y las autoridades advirtieron el martes que era posible que se produjeran m\u00e1s terremotos de gran magnitud. Los da\u00f1os fueron tan grandes que no pudieron evaluarse inmediatamente. [&hellip;]\" \/>\n<meta property=\"og:url\" content=\"https:\/\/www.eldiario.net\/portal\/2024\/01\/03\/terremoto-y-choque-de-dos-aviones-dejan-67-muertos\/\" \/>\n<meta property=\"og:site_name\" content=\"El Diario - Bolivia\" \/>\n<meta property=\"article:publisher\" content=\"https:\/\/www.facebook.com\/eldiario.bolivia\/\" \/>\n<meta property=\"article:published_time\" content=\"2024-01-03T10:19:59+00:00\" \/>\n<meta property=\"og:image\" content=\"https:\/\/www.eldiario.net\/portal\/wp-content\/uploads\/2024\/01\/P-2-10-cm-x-8.jpg\" \/>\n\t<meta property=\"og:image:width\" content=\"829\" \/>\n\t<meta property=\"og:image:height\" content=\"525\" \/>\n\t<meta property=\"og:image:type\" content=\"image\/jpeg\" \/>\n<meta name=\"author\" content=\"Jeanette\" \/>\n<meta name=\"twitter:card\" content=\"summary_large_image\" \/>\n<meta name=\"twitter:creator\" content=\"@eldiario_net\" \/>\n<meta name=\"twitter:site\" content=\"@eldiario_net\" \/>\n<meta name=\"twitter:label1\" content=\"Escrito por\" \/>\n\t<meta name=\"twitter:data1\" content=\"Jeanette\" \/>\n\t<meta name=\"twitter:label2\" content=\"Tiempo de lectura\" \/>\n\t<meta name=\"twitter:data2\" content=\"3 minutos\" \/>\n<script type=\"application\/ld+json\" class=\"yoast-schema-graph\">{\"@context\":\"https:\\\/\\\/schema.org\",\"@graph\":[{\"@type\":\"Article\",\"@id\":\"https:\\\/\\\/www.eldiario.net\\\/portal\\\/2024\\\/01\\\/03\\\/terremoto-y-choque-de-dos-aviones-dejan-67-muertos\\\/#article\",\"isPartOf\":{\"@id\":\"https:\\\/\\\/www.eldiario.net\\\/portal\\\/2024\\\/01\\\/03\\\/terremoto-y-choque-de-dos-aviones-dejan-67-muertos\\\/\"},\"author\":{\"name\":\"Jeanette\",\"@id\":\"https:\\\/\\\/www.eldiario.net\\\/portal\\\/#\\\/schema\\\/person\\\/f46445640444750d7d753ccd04ae01b7\"},\"headline\":\"Terremoto y choque de dos aviones dejan 67 muertos\",\"datePublished\":\"2024-01-03T10:19:59+00:00\",\"mainEntityOfPage\":{\"@id\":\"https:\\\/\\\/www.eldiario.net\\\/portal\\\/2024\\\/01\\\/03\\\/terremoto-y-choque-de-dos-aviones-dejan-67-muertos\\\/\"},\"wordCount\":550,\"commentCount\":0,\"publisher\":{\"@id\":\"https:\\\/\\\/www.eldiario.net\\\/portal\\\/#organization\"},\"image\":{\"@id\":\"https:\\\/\\\/www.eldiario.net\\\/portal\\\/2024\\\/01\\\/03\\\/terremoto-y-choque-de-dos-aviones-dejan-67-muertos\\\/#primaryimage\"},\"thumbnailUrl\":\"https:\\\/\\\/www.eldiario.net\\\/portal\\\/wp-content\\\/uploads\\\/2024\\\/01\\\/P-2-10-cm-x-8.jpg\",\"articleSection\":[\"Portada\"],\"inLanguage\":\"es\",\"potentialAction\":[{\"@type\":\"CommentAction\",\"name\":\"Comment\",\"target\":[\"https:\\\/\\\/www.eldiario.net\\\/portal\\\/2024\\\/01\\\/03\\\/terremoto-y-choque-de-dos-aviones-dejan-67-muertos\\\/#respond\"]}]},{\"@type\":\"WebPage\",\"@id\":\"https:\\\/\\\/www.eldiario.net\\\/portal\\\/2024\\\/01\\\/03\\\/terremoto-y-choque-de-dos-aviones-dejan-67-muertos\\\/\",\"url\":\"https:\\\/\\\/www.eldiario.net\\\/portal\\\/2024\\\/01\\\/03\\\/terremoto-y-choque-de-dos-aviones-dejan-67-muertos\\\/\",\"name\":\"Terremoto y choque de dos aviones dejan 67 muertos - El Diario - Bolivia\",\"isPartOf\":{\"@id\":\"https:\\\/\\\/www.eldiario.net\\\/portal\\\/#website\"},\"primaryImageOfPage\":{\"@id\":\"https:\\\/\\\/www.eldiario.net\\\/portal\\\/2024\\\/01\\\/03\\\/terremoto-y-choque-de-dos-aviones-dejan-67-muertos\\\/#primaryimage\"},\"image\":{\"@id\":\"https:\\\/\\\/www.eldiario.net\\\/portal\\\/2024\\\/01\\\/03\\\/terremoto-y-choque-de-dos-aviones-dejan-67-muertos\\\/#primaryimage\"},\"thumbnailUrl\":\"https:\\\/\\\/www.eldiario.net\\\/portal\\\/wp-content\\\/uploads\\\/2024\\\/01\\\/P-2-10-cm-x-8.jpg\",\"datePublished\":\"2024-01-03T10:19:59+00:00\",\"breadcrumb\":{\"@id\":\"https:\\\/\\\/www.eldiario.net\\\/portal\\\/2024\\\/01\\\/03\\\/terremoto-y-choque-de-dos-aviones-dejan-67-muertos\\\/#breadcrumb\"},\"inLanguage\":\"es\",\"potentialAction\":[{\"@type\":\"ReadAction\",\"target\":[\"https:\\\/\\\/www.eldiario.net\\\/portal\\\/2024\\\/01\\\/03\\\/terremoto-y-choque-de-dos-aviones-dejan-67-muertos\\\/\"]}]},{\"@type\":\"ImageObject\",\"inLanguage\":\"es\",\"@id\":\"https:\\\/\\\/www.eldiario.net\\\/portal\\\/2024\\\/01\\\/03\\\/terremoto-y-choque-de-dos-aviones-dejan-67-muertos\\\/#primaryimage\",\"url\":\"https:\\\/\\\/www.eldiario.net\\\/portal\\\/wp-content\\\/uploads\\\/2024\\\/01\\\/P-2-10-cm-x-8.jpg\",\"contentUrl\":\"https:\\\/\\\/www.eldiario.net\\\/portal\\\/wp-content\\\/uploads\\\/2024\\\/01\\\/P-2-10-cm-x-8.jpg\",\"width\":829,\"height\":525,\"caption\":\"Al menos 62 personas han fallecido en la prefectura nipona de Ishikawa tras el fuerte terremoto que sacudi\u00f3 el centro de Jap\u00f3n el d\u00eda de A\u00f1o Nuevo.\"},{\"@type\":\"BreadcrumbList\",\"@id\":\"https:\\\/\\\/www.eldiario.net\\\/portal\\\/2024\\\/01\\\/03\\\/terremoto-y-choque-de-dos-aviones-dejan-67-muertos\\\/#breadcrumb\",\"itemListElement\":[{\"@type\":\"ListItem\",\"position\":1,\"name\":\"Portada\",\"item\":\"https:\\\/\\\/www.eldiario.net\\\/portal\\\/\"},{\"@type\":\"ListItem\",\"position\":2,\"name\":\"Terremoto y choque de dos aviones dejan 67 muertos\"}]},{\"@type\":\"WebSite\",\"@id\":\"https:\\\/\\\/www.eldiario.net\\\/portal\\\/#website\",\"url\":\"https:\\\/\\\/www.eldiario.net\\\/portal\\\/\",\"name\":\"El Diario - Decano de la prensa nacional\",\"description\":\"El Diario - Decano de la prensa nacional\",\"publisher\":{\"@id\":\"https:\\\/\\\/www.eldiario.net\\\/portal\\\/#organization\"},\"potentialAction\":[{\"@type\":\"SearchAction\",\"target\":{\"@type\":\"EntryPoint\",\"urlTemplate\":\"https:\\\/\\\/www.eldiario.net\\\/portal\\\/?s={search_term_string}\"},\"query-input\":{\"@type\":\"PropertyValueSpecification\",\"valueRequired\":true,\"valueName\":\"search_term_string\"}}],\"inLanguage\":\"es\"},{\"@type\":\"Organization\",\"@id\":\"https:\\\/\\\/www.eldiario.net\\\/portal\\\/#organization\",\"name\":\"El Diario - Decano de la prensa nacional\",\"url\":\"https:\\\/\\\/www.eldiario.net\\\/portal\\\/\",\"logo\":{\"@type\":\"ImageObject\",\"inLanguage\":\"es\",\"@id\":\"https:\\\/\\\/www.eldiario.net\\\/portal\\\/#\\\/schema\\\/logo\\\/image\\\/\",\"url\":\"https:\\\/\\\/www.eldiario.net\\\/portal\\\/wp-content\\\/uploads\\\/2023\\\/07\\\/logo_ED.jpg\",\"contentUrl\":\"https:\\\/\\\/www.eldiario.net\\\/portal\\\/wp-content\\\/uploads\\\/2023\\\/07\\\/logo_ED.jpg\",\"width\":272,\"height\":52,\"caption\":\"El Diario - Decano de la prensa nacional\"},\"image\":{\"@id\":\"https:\\\/\\\/www.eldiario.net\\\/portal\\\/#\\\/schema\\\/logo\\\/image\\\/\"},\"sameAs\":[\"https:\\\/\\\/www.facebook.com\\\/eldiario.bolivia\\\/\",\"https:\\\/\\\/x.com\\\/eldiario_net\"]},{\"@type\":\"Person\",\"@id\":\"https:\\\/\\\/www.eldiario.net\\\/portal\\\/#\\\/schema\\\/person\\\/f46445640444750d7d753ccd04ae01b7\",\"name\":\"Jeanette\",\"image\":{\"@type\":\"ImageObject\",\"inLanguage\":\"es\",\"@id\":\"https:\\\/\\\/secure.gravatar.com\\\/avatar\\\/3ea2118a5f7dad2b7138b1187a6b7ee55f160b9968b66013c3a3ef39dd7e5798?s=96&d=mm&r=g\",\"url\":\"https:\\\/\\\/secure.gravatar.com\\\/avatar\\\/3ea2118a5f7dad2b7138b1187a6b7ee55f160b9968b66013c3a3ef39dd7e5798?s=96&d=mm&r=g\",\"contentUrl\":\"https:\\\/\\\/secure.gravatar.com\\\/avatar\\\/3ea2118a5f7dad2b7138b1187a6b7ee55f160b9968b66013c3a3ef39dd7e5798?s=96&d=mm&r=g\",\"caption\":\"Jeanette\"},\"sameAs\":[\"https:\\\/\\\/www.eldiario.net\\\/portal\"],\"url\":\"https:\\\/\\\/www.eldiario.net\\\/portal\\\/author\\\/jeanette\\\/\"}]}<\/script>\n<!-- \/ Yoast SEO plugin. -->","yoast_head_json":{"title":"Terremoto y choque de dos aviones dejan 67 muertos - El Diario - Bolivia","robots":{"index":"index","follow":"follow","max-snippet":"max-snippet:-1","max-image-preview":"max-image-preview:large","max-video-preview":"max-video-preview:-1"},"canonical":"https:\/\/www.eldiario.net\/portal\/2024\/01\/03\/terremoto-y-choque-de-dos-aviones-dejan-67-muertos\/","og_locale":"es_ES","og_type":"article","og_title":"Terremoto y choque de dos aviones dejan 67 muertos - El Diario - Bolivia","og_description":"Una serie de fuertes sismos sacudi\u00f3 el oeste de Jap\u00f3n, causando la muerte de por lo menos 55 personas, adem\u00e1s de da\u00f1ar miles de edificios, veh\u00edculos y embarcaciones, y las autoridades advirtieron el martes que era posible que se produjeran m\u00e1s terremotos de gran magnitud. Los da\u00f1os fueron tan grandes que no pudieron evaluarse inmediatamente. [&hellip;]","og_url":"https:\/\/www.eldiario.net\/portal\/2024\/01\/03\/terremoto-y-choque-de-dos-aviones-dejan-67-muertos\/","og_site_name":"El Diario - Bolivia","article_publisher":"https:\/\/www.facebook.com\/eldiario.bolivia\/","article_published_time":"2024-01-03T10:19:59+00:00","og_image":[{"width":829,"height":525,"url":"https:\/\/www.eldiario.net\/portal\/wp-content\/uploads\/2024\/01\/P-2-10-cm-x-8.jpg","type":"image\/jpeg"}],"author":"Jeanette","twitter_card":"summary_large_image","twitter_creator":"@eldiario_net","twitter_site":"@eldiario_net","twitter_misc":{"Escrito por":"Jeanette","Tiempo de lectura":"3 minutos"},"schema":{"@context":"https:\/\/schema.org","@graph":[{"@type":"Article","@id":"https:\/\/www.eldiario.net\/portal\/2024\/01\/03\/terremoto-y-choque-de-dos-aviones-dejan-67-muertos\/#article","isPartOf":{"@id":"https:\/\/www.eldiario.net\/portal\/2024\/01\/03\/terremoto-y-choque-de-dos-aviones-dejan-67-muertos\/"},"author":{"name":"Jeanette","@id":"https:\/\/www.eldiario.net\/portal\/#\/schema\/person\/f46445640444750d7d753ccd04ae01b7"},"headline":"Terremoto y choque de dos aviones dejan 67 muertos","datePublished":"2024-01-03T10:19:59+00:00","mainEntityOfPage":{"@id":"https:\/\/www.eldiario.net\/portal\/2024\/01\/03\/terremoto-y-choque-de-dos-aviones-dejan-67-muertos\/"},"wordCount":550,"commentCount":0,"publisher":{"@id":"https:\/\/www.eldiario.net\/portal\/#organization"},"image":{"@id":"https:\/\/www.eldiario.net\/portal\/2024\/01\/03\/terremoto-y-choque-de-dos-aviones-dejan-67-muertos\/#primaryimage"},"thumbnailUrl":"https:\/\/www.eldiario.net\/portal\/wp-content\/uploads\/2024\/01\/P-2-10-cm-x-8.jpg","articleSection":["Portada"],"inLanguage":"es","potentialAction":[{"@type":"CommentAction","name":"Comment","target":["https:\/\/www.eldiario.net\/portal\/2024\/01\/03\/terremoto-y-choque-de-dos-aviones-dejan-67-muertos\/#respond"]}]},{"@type":"WebPage","@id":"https:\/\/www.eldiario.net\/portal\/2024\/01\/03\/terremoto-y-choque-de-dos-aviones-dejan-67-muertos\/","url":"https:\/\/www.eldiario.net\/portal\/2024\/01\/03\/terremoto-y-choque-de-dos-aviones-dejan-67-muertos\/","name":"Terremoto y choque de dos aviones dejan 67 muertos - El Diario - Bolivia","isPartOf":{"@id":"https:\/\/www.eldiario.net\/portal\/#website"},"primaryImageOfPage":{"@id":"https:\/\/www.eldiario.net\/portal\/2024\/01\/03\/terremoto-y-choque-de-dos-aviones-dejan-67-muertos\/#primaryimage"},"image":{"@id":"https:\/\/www.eldiario.net\/portal\/2024\/01\/03\/terremoto-y-choque-de-dos-aviones-dejan-67-muertos\/#primaryimage"},"thumbnailUrl":"https:\/\/www.eldiario.net\/portal\/wp-content\/uploads\/2024\/01\/P-2-10-cm-x-8.jpg","datePublished":"2024-01-03T10:19:59+00:00","breadcrumb":{"@id":"https:\/\/www.eldiario.net\/portal\/2024\/01\/03\/terremoto-y-choque-de-dos-aviones-dejan-67-muertos\/#breadcrumb"},"inLanguage":"es","potentialAction":[{"@type":"ReadAction","target":["https:\/\/www.eldiario.net\/portal\/2024\/01\/03\/terremoto-y-choque-de-dos-aviones-dejan-67-muertos\/"]}]},{"@type":"ImageObject","inLanguage":"es","@id":"https:\/\/www.eldiario.net\/portal\/2024\/01\/03\/terremoto-y-choque-de-dos-aviones-dejan-67-muertos\/#primaryimage","url":"https:\/\/www.eldiario.net\/portal\/wp-content\/uploads\/2024\/01\/P-2-10-cm-x-8.jpg","contentUrl":"https:\/\/www.eldiario.net\/portal\/wp-content\/uploads\/2024\/01\/P-2-10-cm-x-8.jpg","width":829,"height":525,"caption":"Al menos 62 personas han fallecido en la prefectura nipona de Ishikawa tras el fuerte terremoto que sacudi\u00f3 el centro de Jap\u00f3n el d\u00eda de A\u00f1o Nuevo."},{"@type":"BreadcrumbList","@id":"https:\/\/www.eldiario.net\/portal\/2024\/01\/03\/terremoto-y-choque-de-dos-aviones-dejan-67-muertos\/#breadcrumb","itemListElement":[{"@type":"ListItem","position":1,"name":"Portada","item":"https:\/\/www.eldiario.net\/portal\/"},{"@type":"ListItem","position":2,"name":"Terremoto y choque de dos aviones dejan 67 muertos"}]},{"@type":"WebSite","@id":"https:\/\/www.eldiario.net\/portal\/#website","url":"https:\/\/www.eldiario.net\/portal\/","name":"El Diario - Decano de la prensa nacional","description":"El Diario - Decano de la prensa nacional","publisher":{"@id":"https:\/\/www.eldiario.net\/portal\/#organization"},"potentialAction":[{"@type":"SearchAction","target":{"@type":"EntryPoint","urlTemplate":"https:\/\/www.eldiario.net\/portal\/?s={search_term_string}"},"query-input":{"@type":"PropertyValueSpecification","valueRequired":true,"valueName":"search_term_string"}}],"inLanguage":"es"},{"@type":"Organization","@id":"https:\/\/www.eldiario.net\/portal\/#organization","name":"El Diario - Decano de la prensa nacional","url":"https:\/\/www.eldiario.net\/portal\/","logo":{"@type":"ImageObject","inLanguage":"es","@id":"https:\/\/www.eldiario.net\/portal\/#\/schema\/logo\/image\/","url":"https:\/\/www.eldiario.net\/portal\/wp-content\/uploads\/2023\/07\/logo_ED.jpg","contentUrl":"https:\/\/www.eldiario.net\/portal\/wp-content\/uploads\/2023\/07\/logo_ED.jpg","width":272,"height":52,"caption":"El Diario - Decano de la prensa nacional"},"image":{"@id":"https:\/\/www.eldiario.net\/portal\/#\/schema\/logo\/image\/"},"sameAs":["https:\/\/www.facebook.com\/eldiario.bolivia\/","https:\/\/x.com\/eldiario_net"]},{"@type":"Person","@id":"https:\/\/www.eldiario.net\/portal\/#\/schema\/person\/f46445640444750d7d753ccd04ae01b7","name":"Jeanette","image":{"@type":"ImageObject","inLanguage":"es","@id":"https:\/\/secure.gravatar.com\/avatar\/3ea2118a5f7dad2b7138b1187a6b7ee55f160b9968b66013c3a3ef39dd7e5798?s=96&d=mm&r=g","url":"https:\/\/secure.gravatar.com\/avatar\/3ea2118a5f7dad2b7138b1187a6b7ee55f160b9968b66013c3a3ef39dd7e5798?s=96&d=mm&r=g","contentUrl":"https:\/\/secure.gravatar.com\/avatar\/3ea2118a5f7dad2b7138b1187a6b7ee55f160b9968b66013c3a3ef39dd7e5798?s=96&d=mm&r=g","caption":"Jeanette"},"sameAs":["https:\/\/www.eldiario.net\/portal"],"url":"https:\/\/www.eldiario.net\/portal\/author\/jeanette\/"}]}},"_links":{"self":[{"href":"https:\/\/www.eldiario.net\/portal\/wp-json\/wp\/v2\/posts\/195612","targetHints":{"allow":["GET"]}}],"collection":[{"href":"https:\/\/www.eldiario.net\/portal\/wp-json\/wp\/v2\/posts"}],"about":[{"href":"https:\/\/www.eldiario.net\/portal\/wp-json\/wp\/v2\/types\/post"}],"author":[{"embeddable":true,"href":"https:\/\/www.eldiario.net\/portal\/wp-json\/wp\/v2\/users\/1"}],"replies":[{"embeddable":true,"href":"https:\/\/www.eldiario.net\/portal\/wp-json\/wp\/v2\/comments?post=195612"}],"version-history":[{"count":1,"href":"https:\/\/www.eldiario.net\/portal\/wp-json\/wp\/v2\/posts\/195612\/revisions"}],"predecessor-version":[{"id":195615,"href":"https:\/\/www.eldiario.net\/portal\/wp-json\/wp\/v2\/posts\/195612\/revisions\/195615"}],"wp:featuredmedia":[{"embeddable":true,"href":"https:\/\/www.eldiario.net\/portal\/wp-json\/wp\/v2\/media\/195613"}],"wp:attachment":[{"href":"https:\/\/www.eldiario.net\/portal\/wp-json\/wp\/v2\/media?parent=195612"}],"wp:term":[{"taxonomy":"category","embeddable":true,"href":"https:\/\/www.eldiario.net\/portal\/wp-json\/wp\/v2\/categories?post=195612"},{"taxonomy":"post_tag","embeddable":true,"href":"https:\/\/www.eldiario.net\/portal\/wp-json\/wp\/v2\/tags?post=195612"}],"curies":[{"name":"wp","href":"https:\/\/api.w.org\/{rel}","templated":true}]}}