{"id":195570,"date":"2023-12-31T06:32:48","date_gmt":"2023-12-31T10:32:48","guid":{"rendered":"https:\/\/www.eldiario.net\/portal\/?p=195570"},"modified":"2023-12-31T06:32:48","modified_gmt":"2023-12-31T10:32:48","slug":"deseos-animales-cantantes-y-versos-magnificos","status":"publish","type":"post","link":"https:\/\/www.eldiario.net\/portal\/2023\/12\/31\/deseos-animales-cantantes-y-versos-magnificos\/","title":{"rendered":"Deseos, animales cantantes y versos \u2018magn\u00edficos\u2019"},"content":{"rendered":"<p>Las canciones originales de WISH: El Poder de los Deseos son conmovedoras, pero cada una de ellas inspira a las audiencias de diferentes maneras. Acompa\u00f1ando la narraci\u00f3n en distintos momentos de la historia, crean los climas m\u00e1s variados. Una de las canciones principales del film es \u201cMi deseo\u201d interpretada por Mar\u00eda Le\u00f3n en su versi\u00f3n en espa\u00f1ol para Latinoam\u00e9rica, quien tambi\u00e9n presta su voz a Asha. Comenta Michaels sobre la canci\u00f3n: <\/p>\n<p>\u201cEs un importante punto de inflexi\u00f3n en la historia del personaje. Es el momento en el que ella se da cuenta que no puede quedarse de brazos cruzados y dejar que una persona decida el destino de los sue\u00f1os de todos los dem\u00e1s. Es una canci\u00f3n potente, fuerte. Tiene la fuerza que se debe tener si se quiere generar un cambio para el bien com\u00fan\u201d.<br \/>\nOtras de las canciones que componen el repertorio musical son \u201cEl Reino de Rosas\u201d, una divertida, en\u00e9rgica y aut\u00e9ntica \u2018canci\u00f3n de bienvenida\u2019 de Disney al estilo de \u201cFinalmente y como nunca\u201d de Frozen: Una Aventura Congelada, y \u201cSin dudar\u201d que es una oda a los deseos del Reino de Rosas.<br \/>\n\u201cUna estrella\u201d, es una canci\u00f3n interpretada por 22 solistas que pone a cantar a los animales y las plantas del bosque, y es un gui\u00f1o a Blanca Nieves y Aurora. Dice Michaels: \u201cAsha comprende que todo est\u00e1 hecho de polvo interestelar. Es un momento tan divertido y bello, y siempre se me escapa una l\u00e1grima cuando la miro\u201d.<br \/>\n\u201cQuer\u00edamos una canci\u00f3n que representara la esencia de Estrella. Estrella est\u00e1 all\u00ed para recordarle a Asha que ella tiene el poder de hacer realidad sus sue\u00f1os, y de que no est\u00e1 sola. La canci\u00f3n, y la pel\u00edcula, es sobre la conexi\u00f3n con los dem\u00e1s y que, en el fondo, no somos tan diferentes\u201d, agrega Fawn.<br \/>\n\u201c\u00bfY as\u00ed van a agradecer?\u201d, una cl\u00e1sica canci\u00f3n de villanos que expresa los sentimientos m\u00e1s profundos de Magn\u00edfico; y \u201cLa ruin verdad\u201d, Rice cuenta que adora esta canci\u00f3n \u201cpor la energ\u00eda feroz que tiene y la confrontaci\u00f3n con el poder que manifiesta\u201d y destaca, \u201cel puente de esta canci\u00f3n es uno de mis momentos musicales favoritos de la pel\u00edcula, y sintetiza el viaje que fueron haciendo los adolescentes en su lucha por hacerle frente a Magn\u00edfico\u201d.<\/p>\n","protected":false},"excerpt":{"rendered":"<p>Las canciones originales de WISH: El Poder de los Deseos son conmovedoras, pero cada una de ellas inspira a las audiencias de diferentes maneras. Acompa\u00f1ando la narraci\u00f3n en distintos momentos de la historia, crean los climas m\u00e1s variados. Una de las canciones principales del film es \u201cMi deseo\u201d interpretada por Mar\u00eda Le\u00f3n en su versi\u00f3n [&hellip;]<\/p>\n","protected":false},"author":1,"featured_media":195571,"comment_status":"open","ping_status":"open","sticky":false,"template":"","format":"standard","meta":{"_acf_changed":false,"footnotes":""},"categories":[45],"tags":[],"class_list":["post-195570","post","type-post","status-publish","format-standard","has-post-thumbnail","category-cine-mundo"],"acf":{"antetitulo":""},"yoast_head":"<!-- This site is optimized with the Yoast SEO plugin v28.3 - https:\/\/yoast.com\/product\/yoast-seo-wordpress\/ -->\n<title>Deseos, animales cantantes y versos \u2018magn\u00edficos\u2019 - El Diario - Bolivia<\/title>\n<meta name=\"robots\" content=\"index, follow, max-snippet:-1, max-image-preview:large, max-video-preview:-1\" \/>\n<link rel=\"canonical\" href=\"https:\/\/www.eldiario.net\/portal\/2023\/12\/31\/deseos-animales-cantantes-y-versos-magnificos\/\" \/>\n<meta property=\"og:locale\" content=\"es_ES\" \/>\n<meta property=\"og:type\" content=\"article\" \/>\n<meta property=\"og:title\" content=\"Deseos, animales cantantes y versos \u2018magn\u00edficos\u2019 - El Diario - Bolivia\" \/>\n<meta property=\"og:description\" content=\"Las canciones originales de WISH: El Poder de los Deseos son conmovedoras, pero cada una de ellas inspira a las audiencias de diferentes maneras. Acompa\u00f1ando la narraci\u00f3n en distintos momentos de la historia, crean los climas m\u00e1s variados. Una de las canciones principales del film es \u201cMi deseo\u201d interpretada por Mar\u00eda Le\u00f3n en su versi\u00f3n [&hellip;]\" \/>\n<meta property=\"og:url\" content=\"https:\/\/www.eldiario.net\/portal\/2023\/12\/31\/deseos-animales-cantantes-y-versos-magnificos\/\" \/>\n<meta property=\"og:site_name\" content=\"El Diario - Bolivia\" \/>\n<meta property=\"article:publisher\" content=\"https:\/\/www.facebook.com\/eldiario.bolivia\/\" \/>\n<meta property=\"article:published_time\" content=\"2023-12-31T10:32:48+00:00\" \/>\n<meta property=\"og:image\" content=\"https:\/\/www.eldiario.net\/portal\/wp-content\/uploads\/2023\/12\/Deseos-animales-cantantes-y-versos-magnificos-3.png\" \/>\n\t<meta property=\"og:image:width\" content=\"1086\" \/>\n\t<meta property=\"og:image:height\" content=\"420\" \/>\n\t<meta property=\"og:image:type\" content=\"image\/png\" \/>\n<meta name=\"author\" content=\"Jeanette\" \/>\n<meta name=\"twitter:card\" content=\"summary_large_image\" \/>\n<meta name=\"twitter:creator\" content=\"@eldiario_net\" \/>\n<meta name=\"twitter:site\" content=\"@eldiario_net\" \/>\n<meta name=\"twitter:label1\" content=\"Escrito por\" \/>\n\t<meta name=\"twitter:data1\" content=\"Jeanette\" \/>\n\t<meta name=\"twitter:label2\" content=\"Tiempo de lectura\" \/>\n\t<meta name=\"twitter:data2\" content=\"1 minuto\" \/>\n<script type=\"application\/ld+json\" class=\"yoast-schema-graph\">{\"@context\":\"https:\\\/\\\/schema.org\",\"@graph\":[{\"@type\":\"Article\",\"@id\":\"https:\\\/\\\/www.eldiario.net\\\/portal\\\/2023\\\/12\\\/31\\\/deseos-animales-cantantes-y-versos-magnificos\\\/#article\",\"isPartOf\":{\"@id\":\"https:\\\/\\\/www.eldiario.net\\\/portal\\\/2023\\\/12\\\/31\\\/deseos-animales-cantantes-y-versos-magnificos\\\/\"},\"author\":{\"name\":\"Jeanette\",\"@id\":\"https:\\\/\\\/www.eldiario.net\\\/portal\\\/#\\\/schema\\\/person\\\/f46445640444750d7d753ccd04ae01b7\"},\"headline\":\"Deseos, animales cantantes y versos \u2018magn\u00edficos\u2019\",\"datePublished\":\"2023-12-31T10:32:48+00:00\",\"mainEntityOfPage\":{\"@id\":\"https:\\\/\\\/www.eldiario.net\\\/portal\\\/2023\\\/12\\\/31\\\/deseos-animales-cantantes-y-versos-magnificos\\\/\"},\"wordCount\":419,\"commentCount\":0,\"publisher\":{\"@id\":\"https:\\\/\\\/www.eldiario.net\\\/portal\\\/#organization\"},\"image\":{\"@id\":\"https:\\\/\\\/www.eldiario.net\\\/portal\\\/2023\\\/12\\\/31\\\/deseos-animales-cantantes-y-versos-magnificos\\\/#primaryimage\"},\"thumbnailUrl\":\"https:\\\/\\\/www.eldiario.net\\\/portal\\\/wp-content\\\/uploads\\\/2023\\\/12\\\/Deseos-animales-cantantes-y-versos-magnificos-3.png\",\"articleSection\":[\"Cine Mundo\"],\"inLanguage\":\"es\",\"potentialAction\":[{\"@type\":\"CommentAction\",\"name\":\"Comment\",\"target\":[\"https:\\\/\\\/www.eldiario.net\\\/portal\\\/2023\\\/12\\\/31\\\/deseos-animales-cantantes-y-versos-magnificos\\\/#respond\"]}]},{\"@type\":\"WebPage\",\"@id\":\"https:\\\/\\\/www.eldiario.net\\\/portal\\\/2023\\\/12\\\/31\\\/deseos-animales-cantantes-y-versos-magnificos\\\/\",\"url\":\"https:\\\/\\\/www.eldiario.net\\\/portal\\\/2023\\\/12\\\/31\\\/deseos-animales-cantantes-y-versos-magnificos\\\/\",\"name\":\"Deseos, animales cantantes y versos \u2018magn\u00edficos\u2019 - El Diario - Bolivia\",\"isPartOf\":{\"@id\":\"https:\\\/\\\/www.eldiario.net\\\/portal\\\/#website\"},\"primaryImageOfPage\":{\"@id\":\"https:\\\/\\\/www.eldiario.net\\\/portal\\\/2023\\\/12\\\/31\\\/deseos-animales-cantantes-y-versos-magnificos\\\/#primaryimage\"},\"image\":{\"@id\":\"https:\\\/\\\/www.eldiario.net\\\/portal\\\/2023\\\/12\\\/31\\\/deseos-animales-cantantes-y-versos-magnificos\\\/#primaryimage\"},\"thumbnailUrl\":\"https:\\\/\\\/www.eldiario.net\\\/portal\\\/wp-content\\\/uploads\\\/2023\\\/12\\\/Deseos-animales-cantantes-y-versos-magnificos-3.png\",\"datePublished\":\"2023-12-31T10:32:48+00:00\",\"breadcrumb\":{\"@id\":\"https:\\\/\\\/www.eldiario.net\\\/portal\\\/2023\\\/12\\\/31\\\/deseos-animales-cantantes-y-versos-magnificos\\\/#breadcrumb\"},\"inLanguage\":\"es\",\"potentialAction\":[{\"@type\":\"ReadAction\",\"target\":[\"https:\\\/\\\/www.eldiario.net\\\/portal\\\/2023\\\/12\\\/31\\\/deseos-animales-cantantes-y-versos-magnificos\\\/\"]}]},{\"@type\":\"ImageObject\",\"inLanguage\":\"es\",\"@id\":\"https:\\\/\\\/www.eldiario.net\\\/portal\\\/2023\\\/12\\\/31\\\/deseos-animales-cantantes-y-versos-magnificos\\\/#primaryimage\",\"url\":\"https:\\\/\\\/www.eldiario.net\\\/portal\\\/wp-content\\\/uploads\\\/2023\\\/12\\\/Deseos-animales-cantantes-y-versos-magnificos-3.png\",\"contentUrl\":\"https:\\\/\\\/www.eldiario.net\\\/portal\\\/wp-content\\\/uploads\\\/2023\\\/12\\\/Deseos-animales-cantantes-y-versos-magnificos-3.png\",\"width\":1086,\"height\":420},{\"@type\":\"BreadcrumbList\",\"@id\":\"https:\\\/\\\/www.eldiario.net\\\/portal\\\/2023\\\/12\\\/31\\\/deseos-animales-cantantes-y-versos-magnificos\\\/#breadcrumb\",\"itemListElement\":[{\"@type\":\"ListItem\",\"position\":1,\"name\":\"Portada\",\"item\":\"https:\\\/\\\/www.eldiario.net\\\/portal\\\/\"},{\"@type\":\"ListItem\",\"position\":2,\"name\":\"Deseos, animales cantantes y versos \u2018magn\u00edficos\u2019\"}]},{\"@type\":\"WebSite\",\"@id\":\"https:\\\/\\\/www.eldiario.net\\\/portal\\\/#website\",\"url\":\"https:\\\/\\\/www.eldiario.net\\\/portal\\\/\",\"name\":\"El Diario - Decano de la prensa nacional\",\"description\":\"El Diario - Decano de la prensa nacional\",\"publisher\":{\"@id\":\"https:\\\/\\\/www.eldiario.net\\\/portal\\\/#organization\"},\"potentialAction\":[{\"@type\":\"SearchAction\",\"target\":{\"@type\":\"EntryPoint\",\"urlTemplate\":\"https:\\\/\\\/www.eldiario.net\\\/portal\\\/?s={search_term_string}\"},\"query-input\":{\"@type\":\"PropertyValueSpecification\",\"valueRequired\":true,\"valueName\":\"search_term_string\"}}],\"inLanguage\":\"es\"},{\"@type\":\"Organization\",\"@id\":\"https:\\\/\\\/www.eldiario.net\\\/portal\\\/#organization\",\"name\":\"El Diario - Decano de la prensa nacional\",\"url\":\"https:\\\/\\\/www.eldiario.net\\\/portal\\\/\",\"logo\":{\"@type\":\"ImageObject\",\"inLanguage\":\"es\",\"@id\":\"https:\\\/\\\/www.eldiario.net\\\/portal\\\/#\\\/schema\\\/logo\\\/image\\\/\",\"url\":\"https:\\\/\\\/www.eldiario.net\\\/portal\\\/wp-content\\\/uploads\\\/2023\\\/07\\\/logo_ED.jpg\",\"contentUrl\":\"https:\\\/\\\/www.eldiario.net\\\/portal\\\/wp-content\\\/uploads\\\/2023\\\/07\\\/logo_ED.jpg\",\"width\":272,\"height\":52,\"caption\":\"El Diario - Decano de la prensa nacional\"},\"image\":{\"@id\":\"https:\\\/\\\/www.eldiario.net\\\/portal\\\/#\\\/schema\\\/logo\\\/image\\\/\"},\"sameAs\":[\"https:\\\/\\\/www.facebook.com\\\/eldiario.bolivia\\\/\",\"https:\\\/\\\/x.com\\\/eldiario_net\"]},{\"@type\":\"Person\",\"@id\":\"https:\\\/\\\/www.eldiario.net\\\/portal\\\/#\\\/schema\\\/person\\\/f46445640444750d7d753ccd04ae01b7\",\"name\":\"Jeanette\",\"image\":{\"@type\":\"ImageObject\",\"inLanguage\":\"es\",\"@id\":\"https:\\\/\\\/secure.gravatar.com\\\/avatar\\\/3ea2118a5f7dad2b7138b1187a6b7ee55f160b9968b66013c3a3ef39dd7e5798?s=96&d=mm&r=g\",\"url\":\"https:\\\/\\\/secure.gravatar.com\\\/avatar\\\/3ea2118a5f7dad2b7138b1187a6b7ee55f160b9968b66013c3a3ef39dd7e5798?s=96&d=mm&r=g\",\"contentUrl\":\"https:\\\/\\\/secure.gravatar.com\\\/avatar\\\/3ea2118a5f7dad2b7138b1187a6b7ee55f160b9968b66013c3a3ef39dd7e5798?s=96&d=mm&r=g\",\"caption\":\"Jeanette\"},\"sameAs\":[\"https:\\\/\\\/www.eldiario.net\\\/portal\"],\"url\":\"https:\\\/\\\/www.eldiario.net\\\/portal\\\/author\\\/jeanette\\\/\"}]}<\/script>\n<!-- \/ Yoast SEO plugin. -->","yoast_head_json":{"title":"Deseos, animales cantantes y versos \u2018magn\u00edficos\u2019 - El Diario - Bolivia","robots":{"index":"index","follow":"follow","max-snippet":"max-snippet:-1","max-image-preview":"max-image-preview:large","max-video-preview":"max-video-preview:-1"},"canonical":"https:\/\/www.eldiario.net\/portal\/2023\/12\/31\/deseos-animales-cantantes-y-versos-magnificos\/","og_locale":"es_ES","og_type":"article","og_title":"Deseos, animales cantantes y versos \u2018magn\u00edficos\u2019 - El Diario - Bolivia","og_description":"Las canciones originales de WISH: El Poder de los Deseos son conmovedoras, pero cada una de ellas inspira a las audiencias de diferentes maneras. Acompa\u00f1ando la narraci\u00f3n en distintos momentos de la historia, crean los climas m\u00e1s variados. Una de las canciones principales del film es \u201cMi deseo\u201d interpretada por Mar\u00eda Le\u00f3n en su versi\u00f3n [&hellip;]","og_url":"https:\/\/www.eldiario.net\/portal\/2023\/12\/31\/deseos-animales-cantantes-y-versos-magnificos\/","og_site_name":"El Diario - Bolivia","article_publisher":"https:\/\/www.facebook.com\/eldiario.bolivia\/","article_published_time":"2023-12-31T10:32:48+00:00","og_image":[{"width":1086,"height":420,"url":"https:\/\/www.eldiario.net\/portal\/wp-content\/uploads\/2023\/12\/Deseos-animales-cantantes-y-versos-magnificos-3.png","type":"image\/png"}],"author":"Jeanette","twitter_card":"summary_large_image","twitter_creator":"@eldiario_net","twitter_site":"@eldiario_net","twitter_misc":{"Escrito por":"Jeanette","Tiempo de lectura":"1 minuto"},"schema":{"@context":"https:\/\/schema.org","@graph":[{"@type":"Article","@id":"https:\/\/www.eldiario.net\/portal\/2023\/12\/31\/deseos-animales-cantantes-y-versos-magnificos\/#article","isPartOf":{"@id":"https:\/\/www.eldiario.net\/portal\/2023\/12\/31\/deseos-animales-cantantes-y-versos-magnificos\/"},"author":{"name":"Jeanette","@id":"https:\/\/www.eldiario.net\/portal\/#\/schema\/person\/f46445640444750d7d753ccd04ae01b7"},"headline":"Deseos, animales cantantes y versos \u2018magn\u00edficos\u2019","datePublished":"2023-12-31T10:32:48+00:00","mainEntityOfPage":{"@id":"https:\/\/www.eldiario.net\/portal\/2023\/12\/31\/deseos-animales-cantantes-y-versos-magnificos\/"},"wordCount":419,"commentCount":0,"publisher":{"@id":"https:\/\/www.eldiario.net\/portal\/#organization"},"image":{"@id":"https:\/\/www.eldiario.net\/portal\/2023\/12\/31\/deseos-animales-cantantes-y-versos-magnificos\/#primaryimage"},"thumbnailUrl":"https:\/\/www.eldiario.net\/portal\/wp-content\/uploads\/2023\/12\/Deseos-animales-cantantes-y-versos-magnificos-3.png","articleSection":["Cine Mundo"],"inLanguage":"es","potentialAction":[{"@type":"CommentAction","name":"Comment","target":["https:\/\/www.eldiario.net\/portal\/2023\/12\/31\/deseos-animales-cantantes-y-versos-magnificos\/#respond"]}]},{"@type":"WebPage","@id":"https:\/\/www.eldiario.net\/portal\/2023\/12\/31\/deseos-animales-cantantes-y-versos-magnificos\/","url":"https:\/\/www.eldiario.net\/portal\/2023\/12\/31\/deseos-animales-cantantes-y-versos-magnificos\/","name":"Deseos, animales cantantes y versos \u2018magn\u00edficos\u2019 - El Diario - Bolivia","isPartOf":{"@id":"https:\/\/www.eldiario.net\/portal\/#website"},"primaryImageOfPage":{"@id":"https:\/\/www.eldiario.net\/portal\/2023\/12\/31\/deseos-animales-cantantes-y-versos-magnificos\/#primaryimage"},"image":{"@id":"https:\/\/www.eldiario.net\/portal\/2023\/12\/31\/deseos-animales-cantantes-y-versos-magnificos\/#primaryimage"},"thumbnailUrl":"https:\/\/www.eldiario.net\/portal\/wp-content\/uploads\/2023\/12\/Deseos-animales-cantantes-y-versos-magnificos-3.png","datePublished":"2023-12-31T10:32:48+00:00","breadcrumb":{"@id":"https:\/\/www.eldiario.net\/portal\/2023\/12\/31\/deseos-animales-cantantes-y-versos-magnificos\/#breadcrumb"},"inLanguage":"es","potentialAction":[{"@type":"ReadAction","target":["https:\/\/www.eldiario.net\/portal\/2023\/12\/31\/deseos-animales-cantantes-y-versos-magnificos\/"]}]},{"@type":"ImageObject","inLanguage":"es","@id":"https:\/\/www.eldiario.net\/portal\/2023\/12\/31\/deseos-animales-cantantes-y-versos-magnificos\/#primaryimage","url":"https:\/\/www.eldiario.net\/portal\/wp-content\/uploads\/2023\/12\/Deseos-animales-cantantes-y-versos-magnificos-3.png","contentUrl":"https:\/\/www.eldiario.net\/portal\/wp-content\/uploads\/2023\/12\/Deseos-animales-cantantes-y-versos-magnificos-3.png","width":1086,"height":420},{"@type":"BreadcrumbList","@id":"https:\/\/www.eldiario.net\/portal\/2023\/12\/31\/deseos-animales-cantantes-y-versos-magnificos\/#breadcrumb","itemListElement":[{"@type":"ListItem","position":1,"name":"Portada","item":"https:\/\/www.eldiario.net\/portal\/"},{"@type":"ListItem","position":2,"name":"Deseos, animales cantantes y versos \u2018magn\u00edficos\u2019"}]},{"@type":"WebSite","@id":"https:\/\/www.eldiario.net\/portal\/#website","url":"https:\/\/www.eldiario.net\/portal\/","name":"El Diario - Decano de la prensa nacional","description":"El Diario - Decano de la prensa nacional","publisher":{"@id":"https:\/\/www.eldiario.net\/portal\/#organization"},"potentialAction":[{"@type":"SearchAction","target":{"@type":"EntryPoint","urlTemplate":"https:\/\/www.eldiario.net\/portal\/?s={search_term_string}"},"query-input":{"@type":"PropertyValueSpecification","valueRequired":true,"valueName":"search_term_string"}}],"inLanguage":"es"},{"@type":"Organization","@id":"https:\/\/www.eldiario.net\/portal\/#organization","name":"El Diario - Decano de la prensa nacional","url":"https:\/\/www.eldiario.net\/portal\/","logo":{"@type":"ImageObject","inLanguage":"es","@id":"https:\/\/www.eldiario.net\/portal\/#\/schema\/logo\/image\/","url":"https:\/\/www.eldiario.net\/portal\/wp-content\/uploads\/2023\/07\/logo_ED.jpg","contentUrl":"https:\/\/www.eldiario.net\/portal\/wp-content\/uploads\/2023\/07\/logo_ED.jpg","width":272,"height":52,"caption":"El Diario - Decano de la prensa nacional"},"image":{"@id":"https:\/\/www.eldiario.net\/portal\/#\/schema\/logo\/image\/"},"sameAs":["https:\/\/www.facebook.com\/eldiario.bolivia\/","https:\/\/x.com\/eldiario_net"]},{"@type":"Person","@id":"https:\/\/www.eldiario.net\/portal\/#\/schema\/person\/f46445640444750d7d753ccd04ae01b7","name":"Jeanette","image":{"@type":"ImageObject","inLanguage":"es","@id":"https:\/\/secure.gravatar.com\/avatar\/3ea2118a5f7dad2b7138b1187a6b7ee55f160b9968b66013c3a3ef39dd7e5798?s=96&d=mm&r=g","url":"https:\/\/secure.gravatar.com\/avatar\/3ea2118a5f7dad2b7138b1187a6b7ee55f160b9968b66013c3a3ef39dd7e5798?s=96&d=mm&r=g","contentUrl":"https:\/\/secure.gravatar.com\/avatar\/3ea2118a5f7dad2b7138b1187a6b7ee55f160b9968b66013c3a3ef39dd7e5798?s=96&d=mm&r=g","caption":"Jeanette"},"sameAs":["https:\/\/www.eldiario.net\/portal"],"url":"https:\/\/www.eldiario.net\/portal\/author\/jeanette\/"}]}},"_links":{"self":[{"href":"https:\/\/www.eldiario.net\/portal\/wp-json\/wp\/v2\/posts\/195570","targetHints":{"allow":["GET"]}}],"collection":[{"href":"https:\/\/www.eldiario.net\/portal\/wp-json\/wp\/v2\/posts"}],"about":[{"href":"https:\/\/www.eldiario.net\/portal\/wp-json\/wp\/v2\/types\/post"}],"author":[{"embeddable":true,"href":"https:\/\/www.eldiario.net\/portal\/wp-json\/wp\/v2\/users\/1"}],"replies":[{"embeddable":true,"href":"https:\/\/www.eldiario.net\/portal\/wp-json\/wp\/v2\/comments?post=195570"}],"version-history":[{"count":1,"href":"https:\/\/www.eldiario.net\/portal\/wp-json\/wp\/v2\/posts\/195570\/revisions"}],"predecessor-version":[{"id":195572,"href":"https:\/\/www.eldiario.net\/portal\/wp-json\/wp\/v2\/posts\/195570\/revisions\/195572"}],"wp:featuredmedia":[{"embeddable":true,"href":"https:\/\/www.eldiario.net\/portal\/wp-json\/wp\/v2\/media\/195571"}],"wp:attachment":[{"href":"https:\/\/www.eldiario.net\/portal\/wp-json\/wp\/v2\/media?parent=195570"}],"wp:term":[{"taxonomy":"category","embeddable":true,"href":"https:\/\/www.eldiario.net\/portal\/wp-json\/wp\/v2\/categories?post=195570"},{"taxonomy":"post_tag","embeddable":true,"href":"https:\/\/www.eldiario.net\/portal\/wp-json\/wp\/v2\/tags?post=195570"}],"curies":[{"name":"wp","href":"https:\/\/api.w.org\/{rel}","templated":true}]}}