{"id":193511,"date":"2023-12-18T06:31:34","date_gmt":"2023-12-18T10:31:34","guid":{"rendered":"https:\/\/www.eldiario.net\/portal\/?p=193511"},"modified":"2023-12-18T06:31:34","modified_gmt":"2023-12-18T10:31:34","slug":"el-legado-de-kissinger-en-america-latina","status":"publish","type":"post","link":"https:\/\/www.eldiario.net\/portal\/2023\/12\/18\/el-legado-de-kissinger-en-america-latina\/","title":{"rendered":"El legado de Kissinger en Am\u00e9rica Latina"},"content":{"rendered":"<p><em><strong>Abraham Coaquira Huancollo<\/strong><\/em><\/p>\n<p>Henry Kissinger, nacido el 27 de mayo de 1923 en F\u00fcrth, Alemania, se destac\u00f3 como un influyente diplom\u00e1tico y pol\u00edtico estadounidense durante la Guerra Fr\u00eda. Emigr\u00f3 a Estados Unidos en 1938 para huir del r\u00e9gimen nazi y se naturaliz\u00f3 como ciudadano estadounidense en 1943. A lo largo de su carrera, desempe\u00f1\u00f3 roles clave, siendo Asesor de Seguridad Nacional y Secretario de Estado bajo las administraciones de Richard Nixon y Gerald Ford.<br \/>\nEn el contexto de Am\u00e9rica Latina, la actuaci\u00f3n de Kissinger estuvo fuertemente marcada por la Guerra Fr\u00eda y la lucha contra la expansi\u00f3n del comunismo. Aunque muchas narrativas hist\u00f3ricas a menudo se centran en eventos espec\u00edficos, como el golpe de Estado en Chile que derroc\u00f3 al presidente Salvador Allende, Kissinger dedic\u00f3 m\u00e1s tiempo y esfuerzo a la regi\u00f3n de lo que suele reconocerse.<br \/>\nLa influencia de Henry Kissinger en la pol\u00edtica estadounidense hacia Am\u00e9rica Latina fue significativa y duradera. Como Asesor de Seguridad Nacional y posteriormente como Secretario de Estado, Kissinger desempe\u00f1\u00f3 un papel central en la formulaci\u00f3n y ejecuci\u00f3n de la pol\u00edtica exterior de Estados Unidos en la regi\u00f3n durante la Guerra Fr\u00eda.<br \/>\nSu enfoque pragm\u00e1tico y realista, fundamentado en la realpolitik, buscaba asegurar los intereses estrat\u00e9gicos de Estados Unidos en un contexto marcado por la bipolaridad entre Estados Unidos y la Uni\u00f3n Sovi\u00e9tica. En este marco, Kissinger defendi\u00f3 la necesidad de mantener gobiernos aliados, incluso si eran reg\u00edmenes autoritarios, con el argumento de que eran pilares fundamentales en la lucha contra la expansi\u00f3n comunista.<br \/>\nLa doctrina de Kissinger en Am\u00e9rica Latina se manifest\u00f3 en varios eventos clave, como el respaldo a gobiernos militares en Chile y Argentina. En Chile, su papel en el golpe de Estado que derroc\u00f3 al presidente Salvador Allende en 1973 es emblem\u00e1tico de su influencia en la regi\u00f3n. Kissinger justific\u00f3 este apoyo bajo la premisa de evitar la consolidaci\u00f3n de reg\u00edmenes afines a la Uni\u00f3n Sovi\u00e9tica.<br \/>\nAsimismo, su influencia se evidenci\u00f3 en la tolerancia hacia violaciones de derechos humanos por parte de reg\u00edmenes aliados, como los ocurridos durante las dictaduras militares en Argentina y Chile. Kissinger prioriz\u00f3 la estabilidad pol\u00edtica y la alianza estrat\u00e9gica sobre las consideraciones \u00e9ticas, generando cr\u00edticas y controversias tanto a nivel nacional como internacional.<br \/>\nEn t\u00e9rminos de incidencias concretas, Kissinger respald\u00f3 activamente la Operaci\u00f3n C\u00f3ndor, una coordinaci\u00f3n represiva entre dictaduras en Am\u00e9rica Latina. Documentos desclasificados han revelado su conocimiento y apoyo a estas operaciones, que incluyeron acciones violentas contra opositores pol\u00edticos en la regi\u00f3n.<br \/>\nSu influencia tambi\u00e9n se manifest\u00f3 en cuestiones espec\u00edficas, como las negociaciones sobre el Canal de Panam\u00e1 y la gesti\u00f3n de conflictos bilaterales, donde busc\u00f3 equilibrar los intereses estadounidenses con las demandas y preocupaciones de los pa\u00edses latinoamericanos.<br \/>\nLa influencia de Henry Kissinger en Bolivia, particularmente durante el primer gobierno dictatorial del general Hugo Banzer Su\u00e1rez, marc\u00f3 un cap\u00edtulo significativo en la pol\u00edtica boliviana. Kissinger, como arquitecto de la realpolitik estadounidense, se consolid\u00f3 como aliado estrat\u00e9gico en Bolivia.<br \/>\nEn el contexto boliviano, la relaci\u00f3n con Banzer Su\u00e1rez fue un ejemplo claro de esta estrategia. Kissinger, respaldando reg\u00edmenes autoritarios en pos de la estabilidad pol\u00edtica, brind\u00f3 apoyo y reconocimiento a Banzer, quien asumi\u00f3 el poder mediante un golpe de Estado en 1971. La doctrina Kissinger se reflej\u00f3 en la tolerancia hacia acciones represivas y violaciones de derechos humanos, siempre y cuando el gobierno respaldado se posicionara contra el comunismo.<br \/>\nEste respaldo no se circunscribi\u00f3 exclusivamente al gobierno de Banzer; su influencia pudo haber permeado eventos pol\u00edticos posteriores en Bolivia. La orientaci\u00f3n pragm\u00e1tica de Kissinger, caracterizada por la b\u00fasqueda de estabilidad en medio de la Guerra Fr\u00eda, posiblemente dej\u00f3 una marca duradera en la pol\u00edtica boliviana. Este legado cobra relevancia dada la coyuntura de los diferentes golpes de Estado y la inminente inestabilidad pol\u00edtica, y posteriormente la hiperinflaci\u00f3n, cuando las soluciones buscadas reflejaban el perfil que la crisis econ\u00f3mica requer\u00eda. Y las influencias provenientes de Estados Unidos, pa\u00eds promotor de determinadas recetas econ\u00f3micas, fueron significativas durante el gobierno de Paz Estenssoro. Gonzalo S\u00e1nchez de Lozada, quien fungi\u00f3 como ministro en dicho periodo y posteriormente asumi\u00f3 la presidencia en dos ocasiones, era muy cercano al gobierno de Estados Unidos, adem\u00e1s, estuvo inmerso en una compleja trama pol\u00edtica y social del pa\u00eds en su \u00faltima administraci\u00f3n.<br \/>\nEs importante considerar que la influencia de Kissinger en Bolivia no se limita a interacciones directas, sino que su doctrina y enfoque geopol\u00edtico podr\u00edan haber permeado la pol\u00edtica boliviana a lo largo de diferentes administraciones. Este legado, marcado por decisiones pragm\u00e1ticas y alianzas estrat\u00e9gicas, es parte integral de la historia pol\u00edtica boliviana y su impacto perdura en la memoria hist\u00f3rica del pa\u00eds.<\/p>\n<p>El autor es turism\u00f3logo y Relacionista Internacional.<\/p>\n","protected":false},"excerpt":{"rendered":"<p>Abraham Coaquira Huancollo Henry Kissinger, nacido el 27 de mayo de 1923 en F\u00fcrth, Alemania, se destac\u00f3 como un influyente diplom\u00e1tico y pol\u00edtico estadounidense durante la Guerra Fr\u00eda. Emigr\u00f3 a Estados Unidos en 1938 para huir del r\u00e9gimen nazi y se naturaliz\u00f3 como ciudadano estadounidense en 1943. A lo largo de su carrera, desempe\u00f1\u00f3 roles [&hellip;]<\/p>\n","protected":false},"author":1,"featured_media":0,"comment_status":"closed","ping_status":"open","sticky":false,"template":"","format":"standard","meta":{"_acf_changed":false,"footnotes":""},"categories":[9],"tags":[],"class_list":["post-193511","post","type-post","status-publish","format-standard","category-opinion"],"acf":{"antetitulo":""},"yoast_head":"<!-- This site is optimized with the Yoast SEO plugin v28.4 - https:\/\/yoast.com\/product\/yoast-seo-wordpress\/ -->\n<title>El legado de Kissinger en Am\u00e9rica Latina - El Diario - Bolivia<\/title>\n<meta name=\"robots\" content=\"index, follow, max-snippet:-1, max-image-preview:large, max-video-preview:-1\" \/>\n<link rel=\"canonical\" href=\"https:\/\/www.eldiario.net\/portal\/2023\/12\/18\/el-legado-de-kissinger-en-america-latina\/\" \/>\n<meta property=\"og:locale\" content=\"es_ES\" \/>\n<meta property=\"og:type\" content=\"article\" \/>\n<meta property=\"og:title\" content=\"El legado de Kissinger en Am\u00e9rica Latina - El Diario - Bolivia\" \/>\n<meta property=\"og:description\" content=\"Abraham Coaquira Huancollo Henry Kissinger, nacido el 27 de mayo de 1923 en F\u00fcrth, Alemania, se destac\u00f3 como un influyente diplom\u00e1tico y pol\u00edtico estadounidense durante la Guerra Fr\u00eda. Emigr\u00f3 a Estados Unidos en 1938 para huir del r\u00e9gimen nazi y se naturaliz\u00f3 como ciudadano estadounidense en 1943. A lo largo de su carrera, desempe\u00f1\u00f3 roles [&hellip;]\" \/>\n<meta property=\"og:url\" content=\"https:\/\/www.eldiario.net\/portal\/2023\/12\/18\/el-legado-de-kissinger-en-america-latina\/\" \/>\n<meta property=\"og:site_name\" content=\"El Diario - Bolivia\" \/>\n<meta property=\"article:publisher\" content=\"https:\/\/www.facebook.com\/eldiario.bolivia\/\" \/>\n<meta property=\"article:published_time\" content=\"2023-12-18T10:31:34+00:00\" \/>\n<meta name=\"author\" content=\"Jeanette\" \/>\n<meta name=\"twitter:card\" content=\"summary_large_image\" \/>\n<meta name=\"twitter:creator\" content=\"@eldiario_net\" \/>\n<meta name=\"twitter:site\" content=\"@eldiario_net\" \/>\n<meta name=\"twitter:label1\" content=\"Escrito por\" \/>\n\t<meta name=\"twitter:data1\" content=\"Jeanette\" \/>\n\t<meta name=\"twitter:label2\" content=\"Tiempo de lectura\" \/>\n\t<meta name=\"twitter:data2\" content=\"4 minutos\" \/>\n<script type=\"application\/ld+json\" class=\"yoast-schema-graph\">{\"@context\":\"https:\\\/\\\/schema.org\",\"@graph\":[{\"@type\":\"Article\",\"@id\":\"https:\\\/\\\/www.eldiario.net\\\/portal\\\/2023\\\/12\\\/18\\\/el-legado-de-kissinger-en-america-latina\\\/#article\",\"isPartOf\":{\"@id\":\"https:\\\/\\\/www.eldiario.net\\\/portal\\\/2023\\\/12\\\/18\\\/el-legado-de-kissinger-en-america-latina\\\/\"},\"author\":{\"name\":\"Jeanette\",\"@id\":\"https:\\\/\\\/www.eldiario.net\\\/portal\\\/#\\\/schema\\\/person\\\/f46445640444750d7d753ccd04ae01b7\"},\"headline\":\"El legado de Kissinger en Am\u00e9rica Latina\",\"datePublished\":\"2023-12-18T10:31:34+00:00\",\"mainEntityOfPage\":{\"@id\":\"https:\\\/\\\/www.eldiario.net\\\/portal\\\/2023\\\/12\\\/18\\\/el-legado-de-kissinger-en-america-latina\\\/\"},\"wordCount\":852,\"publisher\":{\"@id\":\"https:\\\/\\\/www.eldiario.net\\\/portal\\\/#organization\"},\"articleSection\":[\"Opini\u00f3n\"],\"inLanguage\":\"es\"},{\"@type\":\"WebPage\",\"@id\":\"https:\\\/\\\/www.eldiario.net\\\/portal\\\/2023\\\/12\\\/18\\\/el-legado-de-kissinger-en-america-latina\\\/\",\"url\":\"https:\\\/\\\/www.eldiario.net\\\/portal\\\/2023\\\/12\\\/18\\\/el-legado-de-kissinger-en-america-latina\\\/\",\"name\":\"El legado de Kissinger en Am\u00e9rica Latina - El Diario - Bolivia\",\"isPartOf\":{\"@id\":\"https:\\\/\\\/www.eldiario.net\\\/portal\\\/#website\"},\"datePublished\":\"2023-12-18T10:31:34+00:00\",\"breadcrumb\":{\"@id\":\"https:\\\/\\\/www.eldiario.net\\\/portal\\\/2023\\\/12\\\/18\\\/el-legado-de-kissinger-en-america-latina\\\/#breadcrumb\"},\"inLanguage\":\"es\",\"potentialAction\":[{\"@type\":\"ReadAction\",\"target\":[\"https:\\\/\\\/www.eldiario.net\\\/portal\\\/2023\\\/12\\\/18\\\/el-legado-de-kissinger-en-america-latina\\\/\"]}]},{\"@type\":\"BreadcrumbList\",\"@id\":\"https:\\\/\\\/www.eldiario.net\\\/portal\\\/2023\\\/12\\\/18\\\/el-legado-de-kissinger-en-america-latina\\\/#breadcrumb\",\"itemListElement\":[{\"@type\":\"ListItem\",\"position\":1,\"name\":\"Portada\",\"item\":\"https:\\\/\\\/www.eldiario.net\\\/portal\\\/\"},{\"@type\":\"ListItem\",\"position\":2,\"name\":\"El legado de Kissinger en Am\u00e9rica Latina\"}]},{\"@type\":\"WebSite\",\"@id\":\"https:\\\/\\\/www.eldiario.net\\\/portal\\\/#website\",\"url\":\"https:\\\/\\\/www.eldiario.net\\\/portal\\\/\",\"name\":\"El Diario - Decano de la prensa nacional\",\"description\":\"El Diario - Decano de la prensa nacional\",\"publisher\":{\"@id\":\"https:\\\/\\\/www.eldiario.net\\\/portal\\\/#organization\"},\"potentialAction\":[{\"@type\":\"SearchAction\",\"target\":{\"@type\":\"EntryPoint\",\"urlTemplate\":\"https:\\\/\\\/www.eldiario.net\\\/portal\\\/?s={search_term_string}\"},\"query-input\":{\"@type\":\"PropertyValueSpecification\",\"valueRequired\":true,\"valueName\":\"search_term_string\"}}],\"inLanguage\":\"es\"},{\"@type\":\"Organization\",\"@id\":\"https:\\\/\\\/www.eldiario.net\\\/portal\\\/#organization\",\"name\":\"El Diario - Decano de la prensa nacional\",\"url\":\"https:\\\/\\\/www.eldiario.net\\\/portal\\\/\",\"logo\":{\"@type\":\"ImageObject\",\"inLanguage\":\"es\",\"@id\":\"https:\\\/\\\/www.eldiario.net\\\/portal\\\/#\\\/schema\\\/logo\\\/image\\\/\",\"url\":\"https:\\\/\\\/www.eldiario.net\\\/portal\\\/wp-content\\\/uploads\\\/2023\\\/07\\\/logo_ED.jpg\",\"contentUrl\":\"https:\\\/\\\/www.eldiario.net\\\/portal\\\/wp-content\\\/uploads\\\/2023\\\/07\\\/logo_ED.jpg\",\"width\":272,\"height\":52,\"caption\":\"El Diario - Decano de la prensa nacional\"},\"image\":{\"@id\":\"https:\\\/\\\/www.eldiario.net\\\/portal\\\/#\\\/schema\\\/logo\\\/image\\\/\"},\"sameAs\":[\"https:\\\/\\\/www.facebook.com\\\/eldiario.bolivia\\\/\",\"https:\\\/\\\/x.com\\\/eldiario_net\"]},{\"@type\":\"Person\",\"@id\":\"https:\\\/\\\/www.eldiario.net\\\/portal\\\/#\\\/schema\\\/person\\\/f46445640444750d7d753ccd04ae01b7\",\"name\":\"Jeanette\",\"image\":{\"@type\":\"ImageObject\",\"inLanguage\":\"es\",\"@id\":\"https:\\\/\\\/secure.gravatar.com\\\/avatar\\\/3ea2118a5f7dad2b7138b1187a6b7ee55f160b9968b66013c3a3ef39dd7e5798?s=96&d=mm&r=g\",\"url\":\"https:\\\/\\\/secure.gravatar.com\\\/avatar\\\/3ea2118a5f7dad2b7138b1187a6b7ee55f160b9968b66013c3a3ef39dd7e5798?s=96&d=mm&r=g\",\"contentUrl\":\"https:\\\/\\\/secure.gravatar.com\\\/avatar\\\/3ea2118a5f7dad2b7138b1187a6b7ee55f160b9968b66013c3a3ef39dd7e5798?s=96&d=mm&r=g\",\"caption\":\"Jeanette\"},\"sameAs\":[\"https:\\\/\\\/www.eldiario.net\\\/portal\"],\"url\":\"https:\\\/\\\/www.eldiario.net\\\/portal\\\/author\\\/jeanette\\\/\"}]}<\/script>\n<!-- \/ Yoast SEO plugin. -->","yoast_head_json":{"title":"El legado de Kissinger en Am\u00e9rica Latina - El Diario - Bolivia","robots":{"index":"index","follow":"follow","max-snippet":"max-snippet:-1","max-image-preview":"max-image-preview:large","max-video-preview":"max-video-preview:-1"},"canonical":"https:\/\/www.eldiario.net\/portal\/2023\/12\/18\/el-legado-de-kissinger-en-america-latina\/","og_locale":"es_ES","og_type":"article","og_title":"El legado de Kissinger en Am\u00e9rica Latina - El Diario - Bolivia","og_description":"Abraham Coaquira Huancollo Henry Kissinger, nacido el 27 de mayo de 1923 en F\u00fcrth, Alemania, se destac\u00f3 como un influyente diplom\u00e1tico y pol\u00edtico estadounidense durante la Guerra Fr\u00eda. Emigr\u00f3 a Estados Unidos en 1938 para huir del r\u00e9gimen nazi y se naturaliz\u00f3 como ciudadano estadounidense en 1943. A lo largo de su carrera, desempe\u00f1\u00f3 roles [&hellip;]","og_url":"https:\/\/www.eldiario.net\/portal\/2023\/12\/18\/el-legado-de-kissinger-en-america-latina\/","og_site_name":"El Diario - Bolivia","article_publisher":"https:\/\/www.facebook.com\/eldiario.bolivia\/","article_published_time":"2023-12-18T10:31:34+00:00","author":"Jeanette","twitter_card":"summary_large_image","twitter_creator":"@eldiario_net","twitter_site":"@eldiario_net","twitter_misc":{"Escrito por":"Jeanette","Tiempo de lectura":"4 minutos"},"schema":{"@context":"https:\/\/schema.org","@graph":[{"@type":"Article","@id":"https:\/\/www.eldiario.net\/portal\/2023\/12\/18\/el-legado-de-kissinger-en-america-latina\/#article","isPartOf":{"@id":"https:\/\/www.eldiario.net\/portal\/2023\/12\/18\/el-legado-de-kissinger-en-america-latina\/"},"author":{"name":"Jeanette","@id":"https:\/\/www.eldiario.net\/portal\/#\/schema\/person\/f46445640444750d7d753ccd04ae01b7"},"headline":"El legado de Kissinger en Am\u00e9rica Latina","datePublished":"2023-12-18T10:31:34+00:00","mainEntityOfPage":{"@id":"https:\/\/www.eldiario.net\/portal\/2023\/12\/18\/el-legado-de-kissinger-en-america-latina\/"},"wordCount":852,"publisher":{"@id":"https:\/\/www.eldiario.net\/portal\/#organization"},"articleSection":["Opini\u00f3n"],"inLanguage":"es"},{"@type":"WebPage","@id":"https:\/\/www.eldiario.net\/portal\/2023\/12\/18\/el-legado-de-kissinger-en-america-latina\/","url":"https:\/\/www.eldiario.net\/portal\/2023\/12\/18\/el-legado-de-kissinger-en-america-latina\/","name":"El legado de Kissinger en Am\u00e9rica Latina - El Diario - Bolivia","isPartOf":{"@id":"https:\/\/www.eldiario.net\/portal\/#website"},"datePublished":"2023-12-18T10:31:34+00:00","breadcrumb":{"@id":"https:\/\/www.eldiario.net\/portal\/2023\/12\/18\/el-legado-de-kissinger-en-america-latina\/#breadcrumb"},"inLanguage":"es","potentialAction":[{"@type":"ReadAction","target":["https:\/\/www.eldiario.net\/portal\/2023\/12\/18\/el-legado-de-kissinger-en-america-latina\/"]}]},{"@type":"BreadcrumbList","@id":"https:\/\/www.eldiario.net\/portal\/2023\/12\/18\/el-legado-de-kissinger-en-america-latina\/#breadcrumb","itemListElement":[{"@type":"ListItem","position":1,"name":"Portada","item":"https:\/\/www.eldiario.net\/portal\/"},{"@type":"ListItem","position":2,"name":"El legado de Kissinger en Am\u00e9rica Latina"}]},{"@type":"WebSite","@id":"https:\/\/www.eldiario.net\/portal\/#website","url":"https:\/\/www.eldiario.net\/portal\/","name":"El Diario - Decano de la prensa nacional","description":"El Diario - Decano de la prensa nacional","publisher":{"@id":"https:\/\/www.eldiario.net\/portal\/#organization"},"potentialAction":[{"@type":"SearchAction","target":{"@type":"EntryPoint","urlTemplate":"https:\/\/www.eldiario.net\/portal\/?s={search_term_string}"},"query-input":{"@type":"PropertyValueSpecification","valueRequired":true,"valueName":"search_term_string"}}],"inLanguage":"es"},{"@type":"Organization","@id":"https:\/\/www.eldiario.net\/portal\/#organization","name":"El Diario - Decano de la prensa nacional","url":"https:\/\/www.eldiario.net\/portal\/","logo":{"@type":"ImageObject","inLanguage":"es","@id":"https:\/\/www.eldiario.net\/portal\/#\/schema\/logo\/image\/","url":"https:\/\/www.eldiario.net\/portal\/wp-content\/uploads\/2023\/07\/logo_ED.jpg","contentUrl":"https:\/\/www.eldiario.net\/portal\/wp-content\/uploads\/2023\/07\/logo_ED.jpg","width":272,"height":52,"caption":"El Diario - Decano de la prensa nacional"},"image":{"@id":"https:\/\/www.eldiario.net\/portal\/#\/schema\/logo\/image\/"},"sameAs":["https:\/\/www.facebook.com\/eldiario.bolivia\/","https:\/\/x.com\/eldiario_net"]},{"@type":"Person","@id":"https:\/\/www.eldiario.net\/portal\/#\/schema\/person\/f46445640444750d7d753ccd04ae01b7","name":"Jeanette","image":{"@type":"ImageObject","inLanguage":"es","@id":"https:\/\/secure.gravatar.com\/avatar\/3ea2118a5f7dad2b7138b1187a6b7ee55f160b9968b66013c3a3ef39dd7e5798?s=96&d=mm&r=g","url":"https:\/\/secure.gravatar.com\/avatar\/3ea2118a5f7dad2b7138b1187a6b7ee55f160b9968b66013c3a3ef39dd7e5798?s=96&d=mm&r=g","contentUrl":"https:\/\/secure.gravatar.com\/avatar\/3ea2118a5f7dad2b7138b1187a6b7ee55f160b9968b66013c3a3ef39dd7e5798?s=96&d=mm&r=g","caption":"Jeanette"},"sameAs":["https:\/\/www.eldiario.net\/portal"],"url":"https:\/\/www.eldiario.net\/portal\/author\/jeanette\/"}]}},"_links":{"self":[{"href":"https:\/\/www.eldiario.net\/portal\/wp-json\/wp\/v2\/posts\/193511","targetHints":{"allow":["GET"]}}],"collection":[{"href":"https:\/\/www.eldiario.net\/portal\/wp-json\/wp\/v2\/posts"}],"about":[{"href":"https:\/\/www.eldiario.net\/portal\/wp-json\/wp\/v2\/types\/post"}],"author":[{"embeddable":true,"href":"https:\/\/www.eldiario.net\/portal\/wp-json\/wp\/v2\/users\/1"}],"replies":[{"embeddable":true,"href":"https:\/\/www.eldiario.net\/portal\/wp-json\/wp\/v2\/comments?post=193511"}],"version-history":[{"count":0,"href":"https:\/\/www.eldiario.net\/portal\/wp-json\/wp\/v2\/posts\/193511\/revisions"}],"wp:attachment":[{"href":"https:\/\/www.eldiario.net\/portal\/wp-json\/wp\/v2\/media?parent=193511"}],"wp:term":[{"taxonomy":"category","embeddable":true,"href":"https:\/\/www.eldiario.net\/portal\/wp-json\/wp\/v2\/categories?post=193511"},{"taxonomy":"post_tag","embeddable":true,"href":"https:\/\/www.eldiario.net\/portal\/wp-json\/wp\/v2\/tags?post=193511"}],"curies":[{"name":"wp","href":"https:\/\/api.w.org\/{rel}","templated":true}]}}