{"id":193499,"date":"2023-12-18T06:28:14","date_gmt":"2023-12-18T10:28:14","guid":{"rendered":"https:\/\/www.eldiario.net\/portal\/?p=193499"},"modified":"2023-12-18T06:28:14","modified_gmt":"2023-12-18T10:28:14","slug":"periodistas-en-emergencia-por-frecuentes-agresiones","status":"publish","type":"post","link":"https:\/\/www.eldiario.net\/portal\/2023\/12\/18\/periodistas-en-emergencia-por-frecuentes-agresiones\/","title":{"rendered":"Periodistas en emergencia por frecuentes agresiones"},"content":{"rendered":"<p>Seis agresiones, que van desde amenazas, insultos, acusaciones sin pruebas, malos tratos, presiones hasta da\u00f1os materiales, que sucedieron en noviembre pasado en Trinidad, dieron lugar a en\u00e9rgicos pronunciamientos y una movilizaci\u00f3n de los trabajadores de la prensa de la capital beniana, rechazando estas acciones y exigiendo respeto a la libertad de expresi\u00f3n.<br \/>\nUna sucesi\u00f3n de ofensas por parte de funcionarios p\u00fablicos, que ocurrieron entre el 22 y 28 de noviembre, \u201csobrepasaron los l\u00edmites de la tolerancia, no pod\u00edamos seguir callados\u201d, se\u00f1al\u00f3 el secretario ejecutivo del Sindicato de Trabajadores de Prensa, Radio y Televisi\u00f3n de Trinidad, Sergio Loza, a la Unidad de Monitoreo de la Asociaci\u00f3n Nacional de la Prensa (ANP).<br \/>\nEl mi\u00e9rcoles 22 de noviembre pasado, dos funcionarios del Gobierno Departamental de Beni, la directora de Educaci\u00f3n, Ketty L\u00f3pez Carranza, y el responsable de Juventudes en Riberalta, Gustavo Cabrera Limpias, por separado, expresaron ofensas contra la prensa cuando fueron consultados sobre la denuncia del director de Comunicaci\u00f3n de la Alcald\u00eda, Sebasti\u00e1n Murillo, de que la violenta golpiza que sufri\u00f3 en un restaurante el 18 de noviembre fue por \u201cencargo\u201d del Gobernador del Departamento.<br \/>\n\u201cCuando hay algo importante, ah\u00ed ustedes no aparecen, pero un chisme s\u00ed c\u00f3mo lo divulgan\u2026 La prensa es una chismosa que se presta para\u2026\u201d, expres\u00f3 L\u00f3pez como se evidencia en los videos difundidos por varios medios.<br \/>\nDesde Riberalta, por su parte, Cabrera descalific\u00f3, como en otras oportunidades, el trabajo de la prensa tild\u00e1ndola, entre una serie de adjetivos, de \u201cvendida\u201d. \u201cSe dejan comprar por 100 o 200 bolivianos para publicar\u2026\u201d La agresi\u00f3n verbal tambi\u00e9n est\u00e1 registrada en videos.<br \/>\nAmbos ataques fueron rechazados por el Sindicato de la Prensa de Trinidad, la Federaci\u00f3n Sindical de Trabajadores de la Prensa de Beni y la Federaci\u00f3n Amaz\u00f3nica de Trabajadores de la Prensa, que reclamaron disculpas de ambos funcionarios.<br \/>\n\u201cLa respuesta fueron m\u00e1s agravios, se arm\u00f3 como una c\u00fapula que se volc\u00f3 en contra de los medios y los periodistas que informaban sobre el caso de Murillo, con amenazas, denigrando su trabajo y desprestigi\u00e1ndolo con calificativos despectivos a trav\u00e9s de llamadas telef\u00f3nicas y comentarios en p\u00e1ginas digitales y redes procedentes de cuentas falsas\u201d, manifest\u00f3 Loza.<br \/>\nEn asamblea de emergencia, los periodistas decidieron realizar un \u201cplant\u00f3n\u201d. La protesta se cumpli\u00f3 el 27 de noviembre en la plaza central de Trinidad. Horas despu\u00e9s, los directivos del Sindicato y otros periodistas, que tienen pauta publicitaria de la Gobernaci\u00f3n, fueron convocados a una reuni\u00f3n con el Gobernador.<br \/>\n\u201cLe ratificamos a la autoridad departamental nuestro rechazo a todo tipo de amedrentamiento contra la prensa y la exigencia de disculpas p\u00fablicas de los dos funcionarios, y anticipamos que nos reservamos el derecho de seguir las acciones legales correspondientes\u201d, se\u00f1al\u00f3 Loza al agregar que esa noche, pasadas las 22:00 se difundieron dos videos con las disculpas de L\u00f3pez y Cabrera.<br \/>\n\u201cQuiero expresar profundamente mis disculpas ya que aprecio la delicada labor que ejercen diariamente\u201d, expres\u00f3 L\u00f3pez.<br \/>\n\u201cDisc\u00falpenme, soy una persona que a veces se expresa de una manera no adecuada por el mismo temperamento que tengo\u2026\u201d, manifest\u00f3 por su parte Cabrera, quien tambi\u00e9n es boxeador profesional.<br \/>\nNo obstante, \u201cla historia no acab\u00f3 as\u00ed\u201d, lament\u00f3 Loza. Media hora despu\u00e9s de la difusi\u00f3n de los videos se viraliz\u00f3 un meme ironizando la retractaci\u00f3n de Cabrera y este culp\u00f3 de ese material a Juan de Dios Pe\u00f1a, periodista del medio digital Taxi Noticias.<br \/>\n\u201cLe amenaz\u00f3 que lo que ven\u00eda en adelante ser\u00eda personal, le har\u00eda bullying (acoso) hasta que borre su p\u00e1gina y descalific\u00f3 su trabajo porque no era periodista\u201d, inform\u00f3 el dirigente sindical.<br \/>\nDe acuerdo a las denuncias recibidas por el Sindicato de la Prensa de Trinidad, a mediados de noviembre, desconocidos rompieron los vidrios del veh\u00edculo del periodista Larry Bustamante, de \u201cCanal 57 Estrellas\u201d, como \u201cse\u00f1al ante sus notas sobre la municipalidad que no eran del agrado de sus autoridades\u201d, seg\u00fan el dirigente.<br \/>\nEn otro caso, el 23 de noviembre, tras la difusi\u00f3n de denuncias de padres de familia de 13 estudiantes de la promoci\u00f3n 2023 reprobados, presuntamente, como parte del acoso (bullying) de algunos responsables del establecimiento educativo, un grupo de padres que no compart\u00edan esa denuncia exigieron a los medios que sean borradas las notas sobre el tema.<br \/>\nCuestionaron la \u00e9tica y responsabilidad de la prensa en su trabajo con calificativos de \u201cprensa vendida\u201d e incluso amenazaron con acciones contra Taxi Noticias, que hab\u00eda tenido m\u00e1s vistas en su transmisi\u00f3n en vivo, si no borraba lo publicado.<br \/>\nEl 24 de noviembre pasado, la prensa fue blanco de otros agravios por publicar los resultados del allanamiento de un condominio en Trinidad, en un operativo antidroga. El fiscal departamental de Beni, Gerardo Balderas, quien presidi\u00f3 el operativo, en declaraciones a la prensa dio los nombres de los implicados en el caso, entre ellos una exreina de belleza de Beni.<br \/>\nLos medios que publicaron el nombre recibieron amenazas de los familiares de la joven sino borraban esos informes. Un periodista, que utiliz\u00f3 una imagen de la joven como parte de su nota, pero luego la suprimi\u00f3, fue advertido por los familiares de que \u201cpronto sabr\u00eda con qui\u00e9n se hab\u00eda metido\u201d.<br \/>\nLoza lament\u00f3 la sucesi\u00f3n de exabruptos y agresiones de funcionarios p\u00fablicos como de personas particulares que no respetan la Constituci\u00f3n Pol\u00edtica del Estado y sus garant\u00edas a la libertad de expresi\u00f3n e informaci\u00f3n, y se denigre con tanta facilidad la credibilidad ganada por los medios de comunicaci\u00f3n solo porque no responden a sus intereses.<br \/>\nRemarc\u00f3 que, de existir una denuncia contra la prensa y su labor informativa, los ciudadanos pueden acudir al Tribunal de Imprenta de Trinidad, \u00fanica instancia facultada por ley para procesarlos o eximirlos.<\/p>\n<p>&nbsp;<\/p>\n","protected":false},"excerpt":{"rendered":"<p>Seis agresiones, que van desde amenazas, insultos, acusaciones sin pruebas, malos tratos, presiones hasta da\u00f1os materiales, que sucedieron en noviembre pasado en Trinidad, dieron lugar a en\u00e9rgicos pronunciamientos y una movilizaci\u00f3n de los trabajadores de la prensa de la capital beniana, rechazando estas acciones y exigiendo respeto a la libertad de expresi\u00f3n. Una sucesi\u00f3n de [&hellip;]<\/p>\n","protected":false},"author":1,"featured_media":193500,"comment_status":"closed","ping_status":"open","sticky":false,"template":"","format":"standard","meta":{"_acf_changed":false,"footnotes":""},"categories":[39],"tags":[],"class_list":["post-193499","post","type-post","status-publish","format-standard","has-post-thumbnail","category-sociedad"],"acf":{"antetitulo":""},"yoast_head":"<!-- This site is optimized with the Yoast SEO plugin v28.4 - https:\/\/yoast.com\/product\/yoast-seo-wordpress\/ -->\n<title>Periodistas en emergencia por frecuentes agresiones - El Diario - Bolivia<\/title>\n<meta name=\"robots\" content=\"index, follow, max-snippet:-1, max-image-preview:large, max-video-preview:-1\" \/>\n<link rel=\"canonical\" href=\"https:\/\/www.eldiario.net\/portal\/2023\/12\/18\/periodistas-en-emergencia-por-frecuentes-agresiones\/\" \/>\n<meta property=\"og:locale\" content=\"es_ES\" \/>\n<meta property=\"og:type\" content=\"article\" \/>\n<meta property=\"og:title\" content=\"Periodistas en emergencia por frecuentes agresiones - El Diario - Bolivia\" \/>\n<meta property=\"og:description\" content=\"Seis agresiones, que van desde amenazas, insultos, acusaciones sin pruebas, malos tratos, presiones hasta da\u00f1os materiales, que sucedieron en noviembre pasado en Trinidad, dieron lugar a en\u00e9rgicos pronunciamientos y una movilizaci\u00f3n de los trabajadores de la prensa de la capital beniana, rechazando estas acciones y exigiendo respeto a la libertad de expresi\u00f3n. Una sucesi\u00f3n de [&hellip;]\" \/>\n<meta property=\"og:url\" content=\"https:\/\/www.eldiario.net\/portal\/2023\/12\/18\/periodistas-en-emergencia-por-frecuentes-agresiones\/\" \/>\n<meta property=\"og:site_name\" content=\"El Diario - Bolivia\" \/>\n<meta property=\"article:publisher\" content=\"https:\/\/www.facebook.com\/eldiario.bolivia\/\" \/>\n<meta property=\"article:published_time\" content=\"2023-12-18T10:28:14+00:00\" \/>\n<meta property=\"og:image\" content=\"https:\/\/www.eldiario.net\/portal\/wp-content\/uploads\/2023\/12\/Seg-171.png\" \/>\n\t<meta property=\"og:image:width\" content=\"885\" \/>\n\t<meta property=\"og:image:height\" content=\"489\" \/>\n\t<meta property=\"og:image:type\" content=\"image\/png\" \/>\n<meta name=\"author\" content=\"Jeanette\" \/>\n<meta name=\"twitter:card\" content=\"summary_large_image\" \/>\n<meta name=\"twitter:creator\" content=\"@eldiario_net\" \/>\n<meta name=\"twitter:site\" content=\"@eldiario_net\" \/>\n<meta name=\"twitter:label1\" content=\"Escrito por\" \/>\n\t<meta name=\"twitter:data1\" content=\"Jeanette\" \/>\n\t<meta name=\"twitter:label2\" content=\"Tiempo de lectura\" \/>\n\t<meta name=\"twitter:data2\" content=\"5 minutos\" \/>\n<script type=\"application\/ld+json\" class=\"yoast-schema-graph\">{\"@context\":\"https:\\\/\\\/schema.org\",\"@graph\":[{\"@type\":\"Article\",\"@id\":\"https:\\\/\\\/www.eldiario.net\\\/portal\\\/2023\\\/12\\\/18\\\/periodistas-en-emergencia-por-frecuentes-agresiones\\\/#article\",\"isPartOf\":{\"@id\":\"https:\\\/\\\/www.eldiario.net\\\/portal\\\/2023\\\/12\\\/18\\\/periodistas-en-emergencia-por-frecuentes-agresiones\\\/\"},\"author\":{\"name\":\"Jeanette\",\"@id\":\"https:\\\/\\\/www.eldiario.net\\\/portal\\\/#\\\/schema\\\/person\\\/f46445640444750d7d753ccd04ae01b7\"},\"headline\":\"Periodistas en emergencia por frecuentes agresiones\",\"datePublished\":\"2023-12-18T10:28:14+00:00\",\"mainEntityOfPage\":{\"@id\":\"https:\\\/\\\/www.eldiario.net\\\/portal\\\/2023\\\/12\\\/18\\\/periodistas-en-emergencia-por-frecuentes-agresiones\\\/\"},\"wordCount\":989,\"publisher\":{\"@id\":\"https:\\\/\\\/www.eldiario.net\\\/portal\\\/#organization\"},\"image\":{\"@id\":\"https:\\\/\\\/www.eldiario.net\\\/portal\\\/2023\\\/12\\\/18\\\/periodistas-en-emergencia-por-frecuentes-agresiones\\\/#primaryimage\"},\"thumbnailUrl\":\"https:\\\/\\\/www.eldiario.net\\\/portal\\\/wp-content\\\/uploads\\\/2023\\\/12\\\/Seg-171.png\",\"articleSection\":[\"Sociedad - Seguridad\"],\"inLanguage\":\"es\"},{\"@type\":\"WebPage\",\"@id\":\"https:\\\/\\\/www.eldiario.net\\\/portal\\\/2023\\\/12\\\/18\\\/periodistas-en-emergencia-por-frecuentes-agresiones\\\/\",\"url\":\"https:\\\/\\\/www.eldiario.net\\\/portal\\\/2023\\\/12\\\/18\\\/periodistas-en-emergencia-por-frecuentes-agresiones\\\/\",\"name\":\"Periodistas en emergencia por frecuentes agresiones - El Diario - Bolivia\",\"isPartOf\":{\"@id\":\"https:\\\/\\\/www.eldiario.net\\\/portal\\\/#website\"},\"primaryImageOfPage\":{\"@id\":\"https:\\\/\\\/www.eldiario.net\\\/portal\\\/2023\\\/12\\\/18\\\/periodistas-en-emergencia-por-frecuentes-agresiones\\\/#primaryimage\"},\"image\":{\"@id\":\"https:\\\/\\\/www.eldiario.net\\\/portal\\\/2023\\\/12\\\/18\\\/periodistas-en-emergencia-por-frecuentes-agresiones\\\/#primaryimage\"},\"thumbnailUrl\":\"https:\\\/\\\/www.eldiario.net\\\/portal\\\/wp-content\\\/uploads\\\/2023\\\/12\\\/Seg-171.png\",\"datePublished\":\"2023-12-18T10:28:14+00:00\",\"breadcrumb\":{\"@id\":\"https:\\\/\\\/www.eldiario.net\\\/portal\\\/2023\\\/12\\\/18\\\/periodistas-en-emergencia-por-frecuentes-agresiones\\\/#breadcrumb\"},\"inLanguage\":\"es\",\"potentialAction\":[{\"@type\":\"ReadAction\",\"target\":[\"https:\\\/\\\/www.eldiario.net\\\/portal\\\/2023\\\/12\\\/18\\\/periodistas-en-emergencia-por-frecuentes-agresiones\\\/\"]}]},{\"@type\":\"ImageObject\",\"inLanguage\":\"es\",\"@id\":\"https:\\\/\\\/www.eldiario.net\\\/portal\\\/2023\\\/12\\\/18\\\/periodistas-en-emergencia-por-frecuentes-agresiones\\\/#primaryimage\",\"url\":\"https:\\\/\\\/www.eldiario.net\\\/portal\\\/wp-content\\\/uploads\\\/2023\\\/12\\\/Seg-171.png\",\"contentUrl\":\"https:\\\/\\\/www.eldiario.net\\\/portal\\\/wp-content\\\/uploads\\\/2023\\\/12\\\/Seg-171.png\",\"width\":885,\"height\":489,\"caption\":\"Trabajadores de la prensa protestan contra agresiones.\"},{\"@type\":\"BreadcrumbList\",\"@id\":\"https:\\\/\\\/www.eldiario.net\\\/portal\\\/2023\\\/12\\\/18\\\/periodistas-en-emergencia-por-frecuentes-agresiones\\\/#breadcrumb\",\"itemListElement\":[{\"@type\":\"ListItem\",\"position\":1,\"name\":\"Portada\",\"item\":\"https:\\\/\\\/www.eldiario.net\\\/portal\\\/\"},{\"@type\":\"ListItem\",\"position\":2,\"name\":\"Periodistas en emergencia por frecuentes agresiones\"}]},{\"@type\":\"WebSite\",\"@id\":\"https:\\\/\\\/www.eldiario.net\\\/portal\\\/#website\",\"url\":\"https:\\\/\\\/www.eldiario.net\\\/portal\\\/\",\"name\":\"El Diario - Decano de la prensa nacional\",\"description\":\"El Diario - Decano de la prensa nacional\",\"publisher\":{\"@id\":\"https:\\\/\\\/www.eldiario.net\\\/portal\\\/#organization\"},\"potentialAction\":[{\"@type\":\"SearchAction\",\"target\":{\"@type\":\"EntryPoint\",\"urlTemplate\":\"https:\\\/\\\/www.eldiario.net\\\/portal\\\/?s={search_term_string}\"},\"query-input\":{\"@type\":\"PropertyValueSpecification\",\"valueRequired\":true,\"valueName\":\"search_term_string\"}}],\"inLanguage\":\"es\"},{\"@type\":\"Organization\",\"@id\":\"https:\\\/\\\/www.eldiario.net\\\/portal\\\/#organization\",\"name\":\"El Diario - Decano de la prensa nacional\",\"url\":\"https:\\\/\\\/www.eldiario.net\\\/portal\\\/\",\"logo\":{\"@type\":\"ImageObject\",\"inLanguage\":\"es\",\"@id\":\"https:\\\/\\\/www.eldiario.net\\\/portal\\\/#\\\/schema\\\/logo\\\/image\\\/\",\"url\":\"https:\\\/\\\/www.eldiario.net\\\/portal\\\/wp-content\\\/uploads\\\/2023\\\/07\\\/logo_ED.jpg\",\"contentUrl\":\"https:\\\/\\\/www.eldiario.net\\\/portal\\\/wp-content\\\/uploads\\\/2023\\\/07\\\/logo_ED.jpg\",\"width\":272,\"height\":52,\"caption\":\"El Diario - Decano de la prensa nacional\"},\"image\":{\"@id\":\"https:\\\/\\\/www.eldiario.net\\\/portal\\\/#\\\/schema\\\/logo\\\/image\\\/\"},\"sameAs\":[\"https:\\\/\\\/www.facebook.com\\\/eldiario.bolivia\\\/\",\"https:\\\/\\\/x.com\\\/eldiario_net\"]},{\"@type\":\"Person\",\"@id\":\"https:\\\/\\\/www.eldiario.net\\\/portal\\\/#\\\/schema\\\/person\\\/f46445640444750d7d753ccd04ae01b7\",\"name\":\"Jeanette\",\"image\":{\"@type\":\"ImageObject\",\"inLanguage\":\"es\",\"@id\":\"https:\\\/\\\/secure.gravatar.com\\\/avatar\\\/3ea2118a5f7dad2b7138b1187a6b7ee55f160b9968b66013c3a3ef39dd7e5798?s=96&d=mm&r=g\",\"url\":\"https:\\\/\\\/secure.gravatar.com\\\/avatar\\\/3ea2118a5f7dad2b7138b1187a6b7ee55f160b9968b66013c3a3ef39dd7e5798?s=96&d=mm&r=g\",\"contentUrl\":\"https:\\\/\\\/secure.gravatar.com\\\/avatar\\\/3ea2118a5f7dad2b7138b1187a6b7ee55f160b9968b66013c3a3ef39dd7e5798?s=96&d=mm&r=g\",\"caption\":\"Jeanette\"},\"sameAs\":[\"https:\\\/\\\/www.eldiario.net\\\/portal\"],\"url\":\"https:\\\/\\\/www.eldiario.net\\\/portal\\\/author\\\/jeanette\\\/\"}]}<\/script>\n<!-- \/ Yoast SEO plugin. -->","yoast_head_json":{"title":"Periodistas en emergencia por frecuentes agresiones - El Diario - Bolivia","robots":{"index":"index","follow":"follow","max-snippet":"max-snippet:-1","max-image-preview":"max-image-preview:large","max-video-preview":"max-video-preview:-1"},"canonical":"https:\/\/www.eldiario.net\/portal\/2023\/12\/18\/periodistas-en-emergencia-por-frecuentes-agresiones\/","og_locale":"es_ES","og_type":"article","og_title":"Periodistas en emergencia por frecuentes agresiones - El Diario - Bolivia","og_description":"Seis agresiones, que van desde amenazas, insultos, acusaciones sin pruebas, malos tratos, presiones hasta da\u00f1os materiales, que sucedieron en noviembre pasado en Trinidad, dieron lugar a en\u00e9rgicos pronunciamientos y una movilizaci\u00f3n de los trabajadores de la prensa de la capital beniana, rechazando estas acciones y exigiendo respeto a la libertad de expresi\u00f3n. Una sucesi\u00f3n de [&hellip;]","og_url":"https:\/\/www.eldiario.net\/portal\/2023\/12\/18\/periodistas-en-emergencia-por-frecuentes-agresiones\/","og_site_name":"El Diario - Bolivia","article_publisher":"https:\/\/www.facebook.com\/eldiario.bolivia\/","article_published_time":"2023-12-18T10:28:14+00:00","og_image":[{"width":885,"height":489,"url":"https:\/\/www.eldiario.net\/portal\/wp-content\/uploads\/2023\/12\/Seg-171.png","type":"image\/png"}],"author":"Jeanette","twitter_card":"summary_large_image","twitter_creator":"@eldiario_net","twitter_site":"@eldiario_net","twitter_misc":{"Escrito por":"Jeanette","Tiempo de lectura":"5 minutos"},"schema":{"@context":"https:\/\/schema.org","@graph":[{"@type":"Article","@id":"https:\/\/www.eldiario.net\/portal\/2023\/12\/18\/periodistas-en-emergencia-por-frecuentes-agresiones\/#article","isPartOf":{"@id":"https:\/\/www.eldiario.net\/portal\/2023\/12\/18\/periodistas-en-emergencia-por-frecuentes-agresiones\/"},"author":{"name":"Jeanette","@id":"https:\/\/www.eldiario.net\/portal\/#\/schema\/person\/f46445640444750d7d753ccd04ae01b7"},"headline":"Periodistas en emergencia por frecuentes agresiones","datePublished":"2023-12-18T10:28:14+00:00","mainEntityOfPage":{"@id":"https:\/\/www.eldiario.net\/portal\/2023\/12\/18\/periodistas-en-emergencia-por-frecuentes-agresiones\/"},"wordCount":989,"publisher":{"@id":"https:\/\/www.eldiario.net\/portal\/#organization"},"image":{"@id":"https:\/\/www.eldiario.net\/portal\/2023\/12\/18\/periodistas-en-emergencia-por-frecuentes-agresiones\/#primaryimage"},"thumbnailUrl":"https:\/\/www.eldiario.net\/portal\/wp-content\/uploads\/2023\/12\/Seg-171.png","articleSection":["Sociedad - Seguridad"],"inLanguage":"es"},{"@type":"WebPage","@id":"https:\/\/www.eldiario.net\/portal\/2023\/12\/18\/periodistas-en-emergencia-por-frecuentes-agresiones\/","url":"https:\/\/www.eldiario.net\/portal\/2023\/12\/18\/periodistas-en-emergencia-por-frecuentes-agresiones\/","name":"Periodistas en emergencia por frecuentes agresiones - El Diario - Bolivia","isPartOf":{"@id":"https:\/\/www.eldiario.net\/portal\/#website"},"primaryImageOfPage":{"@id":"https:\/\/www.eldiario.net\/portal\/2023\/12\/18\/periodistas-en-emergencia-por-frecuentes-agresiones\/#primaryimage"},"image":{"@id":"https:\/\/www.eldiario.net\/portal\/2023\/12\/18\/periodistas-en-emergencia-por-frecuentes-agresiones\/#primaryimage"},"thumbnailUrl":"https:\/\/www.eldiario.net\/portal\/wp-content\/uploads\/2023\/12\/Seg-171.png","datePublished":"2023-12-18T10:28:14+00:00","breadcrumb":{"@id":"https:\/\/www.eldiario.net\/portal\/2023\/12\/18\/periodistas-en-emergencia-por-frecuentes-agresiones\/#breadcrumb"},"inLanguage":"es","potentialAction":[{"@type":"ReadAction","target":["https:\/\/www.eldiario.net\/portal\/2023\/12\/18\/periodistas-en-emergencia-por-frecuentes-agresiones\/"]}]},{"@type":"ImageObject","inLanguage":"es","@id":"https:\/\/www.eldiario.net\/portal\/2023\/12\/18\/periodistas-en-emergencia-por-frecuentes-agresiones\/#primaryimage","url":"https:\/\/www.eldiario.net\/portal\/wp-content\/uploads\/2023\/12\/Seg-171.png","contentUrl":"https:\/\/www.eldiario.net\/portal\/wp-content\/uploads\/2023\/12\/Seg-171.png","width":885,"height":489,"caption":"Trabajadores de la prensa protestan contra agresiones."},{"@type":"BreadcrumbList","@id":"https:\/\/www.eldiario.net\/portal\/2023\/12\/18\/periodistas-en-emergencia-por-frecuentes-agresiones\/#breadcrumb","itemListElement":[{"@type":"ListItem","position":1,"name":"Portada","item":"https:\/\/www.eldiario.net\/portal\/"},{"@type":"ListItem","position":2,"name":"Periodistas en emergencia por frecuentes agresiones"}]},{"@type":"WebSite","@id":"https:\/\/www.eldiario.net\/portal\/#website","url":"https:\/\/www.eldiario.net\/portal\/","name":"El Diario - Decano de la prensa nacional","description":"El Diario - Decano de la prensa nacional","publisher":{"@id":"https:\/\/www.eldiario.net\/portal\/#organization"},"potentialAction":[{"@type":"SearchAction","target":{"@type":"EntryPoint","urlTemplate":"https:\/\/www.eldiario.net\/portal\/?s={search_term_string}"},"query-input":{"@type":"PropertyValueSpecification","valueRequired":true,"valueName":"search_term_string"}}],"inLanguage":"es"},{"@type":"Organization","@id":"https:\/\/www.eldiario.net\/portal\/#organization","name":"El Diario - Decano de la prensa nacional","url":"https:\/\/www.eldiario.net\/portal\/","logo":{"@type":"ImageObject","inLanguage":"es","@id":"https:\/\/www.eldiario.net\/portal\/#\/schema\/logo\/image\/","url":"https:\/\/www.eldiario.net\/portal\/wp-content\/uploads\/2023\/07\/logo_ED.jpg","contentUrl":"https:\/\/www.eldiario.net\/portal\/wp-content\/uploads\/2023\/07\/logo_ED.jpg","width":272,"height":52,"caption":"El Diario - Decano de la prensa nacional"},"image":{"@id":"https:\/\/www.eldiario.net\/portal\/#\/schema\/logo\/image\/"},"sameAs":["https:\/\/www.facebook.com\/eldiario.bolivia\/","https:\/\/x.com\/eldiario_net"]},{"@type":"Person","@id":"https:\/\/www.eldiario.net\/portal\/#\/schema\/person\/f46445640444750d7d753ccd04ae01b7","name":"Jeanette","image":{"@type":"ImageObject","inLanguage":"es","@id":"https:\/\/secure.gravatar.com\/avatar\/3ea2118a5f7dad2b7138b1187a6b7ee55f160b9968b66013c3a3ef39dd7e5798?s=96&d=mm&r=g","url":"https:\/\/secure.gravatar.com\/avatar\/3ea2118a5f7dad2b7138b1187a6b7ee55f160b9968b66013c3a3ef39dd7e5798?s=96&d=mm&r=g","contentUrl":"https:\/\/secure.gravatar.com\/avatar\/3ea2118a5f7dad2b7138b1187a6b7ee55f160b9968b66013c3a3ef39dd7e5798?s=96&d=mm&r=g","caption":"Jeanette"},"sameAs":["https:\/\/www.eldiario.net\/portal"],"url":"https:\/\/www.eldiario.net\/portal\/author\/jeanette\/"}]}},"_links":{"self":[{"href":"https:\/\/www.eldiario.net\/portal\/wp-json\/wp\/v2\/posts\/193499","targetHints":{"allow":["GET"]}}],"collection":[{"href":"https:\/\/www.eldiario.net\/portal\/wp-json\/wp\/v2\/posts"}],"about":[{"href":"https:\/\/www.eldiario.net\/portal\/wp-json\/wp\/v2\/types\/post"}],"author":[{"embeddable":true,"href":"https:\/\/www.eldiario.net\/portal\/wp-json\/wp\/v2\/users\/1"}],"replies":[{"embeddable":true,"href":"https:\/\/www.eldiario.net\/portal\/wp-json\/wp\/v2\/comments?post=193499"}],"version-history":[{"count":0,"href":"https:\/\/www.eldiario.net\/portal\/wp-json\/wp\/v2\/posts\/193499\/revisions"}],"wp:featuredmedia":[{"embeddable":true,"href":"https:\/\/www.eldiario.net\/portal\/wp-json\/wp\/v2\/media\/193500"}],"wp:attachment":[{"href":"https:\/\/www.eldiario.net\/portal\/wp-json\/wp\/v2\/media?parent=193499"}],"wp:term":[{"taxonomy":"category","embeddable":true,"href":"https:\/\/www.eldiario.net\/portal\/wp-json\/wp\/v2\/categories?post=193499"},{"taxonomy":"post_tag","embeddable":true,"href":"https:\/\/www.eldiario.net\/portal\/wp-json\/wp\/v2\/tags?post=193499"}],"curies":[{"name":"wp","href":"https:\/\/api.w.org\/{rel}","templated":true}]}}