{"id":193497,"date":"2023-12-18T06:27:04","date_gmt":"2023-12-18T10:27:04","guid":{"rendered":"https:\/\/www.eldiario.net\/portal\/?p=193497"},"modified":"2023-12-18T06:27:04","modified_gmt":"2023-12-18T10:27:04","slug":"detencion-preventiva-para-acusado-de-agredir-sexualmente-a-sus-hijas","status":"publish","type":"post","link":"https:\/\/www.eldiario.net\/portal\/2023\/12\/18\/detencion-preventiva-para-acusado-de-agredir-sexualmente-a-sus-hijas\/","title":{"rendered":"Detenci\u00f3n preventiva para acusado  de agredir sexualmente a sus hijas"},"content":{"rendered":"<p>Tras la respectiva audiencia de medidas cautelares, el Juzgado 5\u00b0 de Instrucci\u00f3n Penal Cautelar de la Ciudad de La Paz, dispuso dictar detenci\u00f3n preventiva por el lapso de seis meses en el penal de Chonchocoro, para un sujeto de 51 a\u00f1os, acusado por el presunto delito de Violaci\u00f3n de Infante, Ni\u00f1a Ni\u00f1o o Adolescente, con agravante, que hubiese sido cometido en contra de sus hijas de 15 y 11 a\u00f1os de edad en reiteradas ocasiones.<br \/>\nSeg\u00fan los primeros informes de la investigaci\u00f3n, el sujeto acusado agredi\u00f3 sexualmente a sus dos hijas desde hace dos a\u00f1os, luego del fallecimiento de su esposa, producto de estos actos, en la actualidad una de las menores se encuentra en estado de gestaci\u00f3n.<br \/>\nLa Fiscal\u00eda present\u00f3 pruebas de convicci\u00f3n para constatar el delito y que el sujeto sea enviado a la c\u00e1rcel de Chonchocoro con detenci\u00f3n preventiva, mientras se contin\u00faa con las investigaciones.<br \/>\nSeg\u00fan inform\u00f3 el fiscal asignado al caso, Jhonny Callau, la menor gestante se encuentra con 20 semanas de embarazo. El sujeto fue imputado formalmente y permanecer\u00e1 con detenci\u00f3n preventiva los siguientes seis meses.<br \/>\n\u201cEl Ministerio P\u00fablico, con base a todas las pruebas colectadas, ha demostrado ampliamente la probabilidad de autor\u00eda del imputado, as\u00ed como la existencia de riesgos procesales, por lo que la autoridad jurisdiccional determin\u00f3 la detenci\u00f3n preventiva del imputado por el lapso de 6 meses a cumplirse en el penal de Chonchocoro\u201d, sostuvo.<br \/>\nPor su parte, el fiscal departamental de La Paz, Williams Alave, destac\u00f3 que las pruebas presentadas por la Fiscal\u00eda apuntan con contundencia al autor del hecho y confirman la comisi\u00f3n del delito.<br \/>\n\u201cEn la audiencia se presentaron siete elementos de convicci\u00f3n que han demostrado la probabilidad de autor\u00eda del padre, que habr\u00eda agredido sexualmente a sus hijas, con el agravante de que una de las menores qued\u00f3 embarazada, hecho sucedido en el municipio de Mapiri\u201d, dijo.<\/p>\n","protected":false},"excerpt":{"rendered":"<p>Tras la respectiva audiencia de medidas cautelares, el Juzgado 5\u00b0 de Instrucci\u00f3n Penal Cautelar de la Ciudad de La Paz, dispuso dictar detenci\u00f3n preventiva por el lapso de seis meses en el penal de Chonchocoro, para un sujeto de 51 a\u00f1os, acusado por el presunto delito de Violaci\u00f3n de Infante, Ni\u00f1a Ni\u00f1o o Adolescente, con [&hellip;]<\/p>\n","protected":false},"author":1,"featured_media":0,"comment_status":"closed","ping_status":"open","sticky":false,"template":"","format":"standard","meta":{"_acf_changed":false,"footnotes":""},"categories":[39],"tags":[],"class_list":["post-193497","post","type-post","status-publish","format-standard","category-sociedad"],"acf":{"antetitulo":""},"yoast_head":"<!-- This site is optimized with the Yoast SEO plugin v28.4 - https:\/\/yoast.com\/product\/yoast-seo-wordpress\/ -->\n<title>Detenci\u00f3n preventiva para acusado de agredir sexualmente a sus hijas - El Diario - Bolivia<\/title>\n<meta name=\"robots\" content=\"index, follow, max-snippet:-1, max-image-preview:large, max-video-preview:-1\" \/>\n<link rel=\"canonical\" href=\"https:\/\/www.eldiario.net\/portal\/2023\/12\/18\/detencion-preventiva-para-acusado-de-agredir-sexualmente-a-sus-hijas\/\" \/>\n<meta property=\"og:locale\" content=\"es_ES\" \/>\n<meta property=\"og:type\" content=\"article\" \/>\n<meta property=\"og:title\" content=\"Detenci\u00f3n preventiva para acusado de agredir sexualmente a sus hijas - El Diario - Bolivia\" \/>\n<meta property=\"og:description\" content=\"Tras la respectiva audiencia de medidas cautelares, el Juzgado 5\u00b0 de Instrucci\u00f3n Penal Cautelar de la Ciudad de La Paz, dispuso dictar detenci\u00f3n preventiva por el lapso de seis meses en el penal de Chonchocoro, para un sujeto de 51 a\u00f1os, acusado por el presunto delito de Violaci\u00f3n de Infante, Ni\u00f1a Ni\u00f1o o Adolescente, con [&hellip;]\" \/>\n<meta property=\"og:url\" content=\"https:\/\/www.eldiario.net\/portal\/2023\/12\/18\/detencion-preventiva-para-acusado-de-agredir-sexualmente-a-sus-hijas\/\" \/>\n<meta property=\"og:site_name\" content=\"El Diario - Bolivia\" \/>\n<meta property=\"article:publisher\" content=\"https:\/\/www.facebook.com\/eldiario.bolivia\/\" \/>\n<meta property=\"article:published_time\" content=\"2023-12-18T10:27:04+00:00\" \/>\n<meta name=\"author\" content=\"Jeanette\" \/>\n<meta name=\"twitter:card\" content=\"summary_large_image\" \/>\n<meta name=\"twitter:creator\" content=\"@eldiario_net\" \/>\n<meta name=\"twitter:site\" content=\"@eldiario_net\" \/>\n<meta name=\"twitter:label1\" content=\"Escrito por\" \/>\n\t<meta name=\"twitter:data1\" content=\"Jeanette\" \/>\n\t<meta name=\"twitter:label2\" content=\"Tiempo de lectura\" \/>\n\t<meta name=\"twitter:data2\" content=\"2 minutos\" \/>\n<script type=\"application\/ld+json\" class=\"yoast-schema-graph\">{\"@context\":\"https:\\\/\\\/schema.org\",\"@graph\":[{\"@type\":\"Article\",\"@id\":\"https:\\\/\\\/www.eldiario.net\\\/portal\\\/2023\\\/12\\\/18\\\/detencion-preventiva-para-acusado-de-agredir-sexualmente-a-sus-hijas\\\/#article\",\"isPartOf\":{\"@id\":\"https:\\\/\\\/www.eldiario.net\\\/portal\\\/2023\\\/12\\\/18\\\/detencion-preventiva-para-acusado-de-agredir-sexualmente-a-sus-hijas\\\/\"},\"author\":{\"name\":\"Jeanette\",\"@id\":\"https:\\\/\\\/www.eldiario.net\\\/portal\\\/#\\\/schema\\\/person\\\/f46445640444750d7d753ccd04ae01b7\"},\"headline\":\"Detenci\u00f3n preventiva para acusado de agredir sexualmente a sus hijas\",\"datePublished\":\"2023-12-18T10:27:04+00:00\",\"mainEntityOfPage\":{\"@id\":\"https:\\\/\\\/www.eldiario.net\\\/portal\\\/2023\\\/12\\\/18\\\/detencion-preventiva-para-acusado-de-agredir-sexualmente-a-sus-hijas\\\/\"},\"wordCount\":340,\"publisher\":{\"@id\":\"https:\\\/\\\/www.eldiario.net\\\/portal\\\/#organization\"},\"articleSection\":[\"Sociedad - Seguridad\"],\"inLanguage\":\"es\"},{\"@type\":\"WebPage\",\"@id\":\"https:\\\/\\\/www.eldiario.net\\\/portal\\\/2023\\\/12\\\/18\\\/detencion-preventiva-para-acusado-de-agredir-sexualmente-a-sus-hijas\\\/\",\"url\":\"https:\\\/\\\/www.eldiario.net\\\/portal\\\/2023\\\/12\\\/18\\\/detencion-preventiva-para-acusado-de-agredir-sexualmente-a-sus-hijas\\\/\",\"name\":\"Detenci\u00f3n preventiva para acusado de agredir sexualmente a sus hijas - El Diario - Bolivia\",\"isPartOf\":{\"@id\":\"https:\\\/\\\/www.eldiario.net\\\/portal\\\/#website\"},\"datePublished\":\"2023-12-18T10:27:04+00:00\",\"breadcrumb\":{\"@id\":\"https:\\\/\\\/www.eldiario.net\\\/portal\\\/2023\\\/12\\\/18\\\/detencion-preventiva-para-acusado-de-agredir-sexualmente-a-sus-hijas\\\/#breadcrumb\"},\"inLanguage\":\"es\",\"potentialAction\":[{\"@type\":\"ReadAction\",\"target\":[\"https:\\\/\\\/www.eldiario.net\\\/portal\\\/2023\\\/12\\\/18\\\/detencion-preventiva-para-acusado-de-agredir-sexualmente-a-sus-hijas\\\/\"]}]},{\"@type\":\"BreadcrumbList\",\"@id\":\"https:\\\/\\\/www.eldiario.net\\\/portal\\\/2023\\\/12\\\/18\\\/detencion-preventiva-para-acusado-de-agredir-sexualmente-a-sus-hijas\\\/#breadcrumb\",\"itemListElement\":[{\"@type\":\"ListItem\",\"position\":1,\"name\":\"Portada\",\"item\":\"https:\\\/\\\/www.eldiario.net\\\/portal\\\/\"},{\"@type\":\"ListItem\",\"position\":2,\"name\":\"Detenci\u00f3n preventiva para acusado de agredir sexualmente a sus hijas\"}]},{\"@type\":\"WebSite\",\"@id\":\"https:\\\/\\\/www.eldiario.net\\\/portal\\\/#website\",\"url\":\"https:\\\/\\\/www.eldiario.net\\\/portal\\\/\",\"name\":\"El Diario - Decano de la prensa nacional\",\"description\":\"El Diario - Decano de la prensa nacional\",\"publisher\":{\"@id\":\"https:\\\/\\\/www.eldiario.net\\\/portal\\\/#organization\"},\"potentialAction\":[{\"@type\":\"SearchAction\",\"target\":{\"@type\":\"EntryPoint\",\"urlTemplate\":\"https:\\\/\\\/www.eldiario.net\\\/portal\\\/?s={search_term_string}\"},\"query-input\":{\"@type\":\"PropertyValueSpecification\",\"valueRequired\":true,\"valueName\":\"search_term_string\"}}],\"inLanguage\":\"es\"},{\"@type\":\"Organization\",\"@id\":\"https:\\\/\\\/www.eldiario.net\\\/portal\\\/#organization\",\"name\":\"El Diario - Decano de la prensa nacional\",\"url\":\"https:\\\/\\\/www.eldiario.net\\\/portal\\\/\",\"logo\":{\"@type\":\"ImageObject\",\"inLanguage\":\"es\",\"@id\":\"https:\\\/\\\/www.eldiario.net\\\/portal\\\/#\\\/schema\\\/logo\\\/image\\\/\",\"url\":\"https:\\\/\\\/www.eldiario.net\\\/portal\\\/wp-content\\\/uploads\\\/2023\\\/07\\\/logo_ED.jpg\",\"contentUrl\":\"https:\\\/\\\/www.eldiario.net\\\/portal\\\/wp-content\\\/uploads\\\/2023\\\/07\\\/logo_ED.jpg\",\"width\":272,\"height\":52,\"caption\":\"El Diario - Decano de la prensa nacional\"},\"image\":{\"@id\":\"https:\\\/\\\/www.eldiario.net\\\/portal\\\/#\\\/schema\\\/logo\\\/image\\\/\"},\"sameAs\":[\"https:\\\/\\\/www.facebook.com\\\/eldiario.bolivia\\\/\",\"https:\\\/\\\/x.com\\\/eldiario_net\"]},{\"@type\":\"Person\",\"@id\":\"https:\\\/\\\/www.eldiario.net\\\/portal\\\/#\\\/schema\\\/person\\\/f46445640444750d7d753ccd04ae01b7\",\"name\":\"Jeanette\",\"image\":{\"@type\":\"ImageObject\",\"inLanguage\":\"es\",\"@id\":\"https:\\\/\\\/secure.gravatar.com\\\/avatar\\\/3ea2118a5f7dad2b7138b1187a6b7ee55f160b9968b66013c3a3ef39dd7e5798?s=96&d=mm&r=g\",\"url\":\"https:\\\/\\\/secure.gravatar.com\\\/avatar\\\/3ea2118a5f7dad2b7138b1187a6b7ee55f160b9968b66013c3a3ef39dd7e5798?s=96&d=mm&r=g\",\"contentUrl\":\"https:\\\/\\\/secure.gravatar.com\\\/avatar\\\/3ea2118a5f7dad2b7138b1187a6b7ee55f160b9968b66013c3a3ef39dd7e5798?s=96&d=mm&r=g\",\"caption\":\"Jeanette\"},\"sameAs\":[\"https:\\\/\\\/www.eldiario.net\\\/portal\"],\"url\":\"https:\\\/\\\/www.eldiario.net\\\/portal\\\/author\\\/jeanette\\\/\"}]}<\/script>\n<!-- \/ Yoast SEO plugin. -->","yoast_head_json":{"title":"Detenci\u00f3n preventiva para acusado de agredir sexualmente a sus hijas - El Diario - Bolivia","robots":{"index":"index","follow":"follow","max-snippet":"max-snippet:-1","max-image-preview":"max-image-preview:large","max-video-preview":"max-video-preview:-1"},"canonical":"https:\/\/www.eldiario.net\/portal\/2023\/12\/18\/detencion-preventiva-para-acusado-de-agredir-sexualmente-a-sus-hijas\/","og_locale":"es_ES","og_type":"article","og_title":"Detenci\u00f3n preventiva para acusado de agredir sexualmente a sus hijas - El Diario - Bolivia","og_description":"Tras la respectiva audiencia de medidas cautelares, el Juzgado 5\u00b0 de Instrucci\u00f3n Penal Cautelar de la Ciudad de La Paz, dispuso dictar detenci\u00f3n preventiva por el lapso de seis meses en el penal de Chonchocoro, para un sujeto de 51 a\u00f1os, acusado por el presunto delito de Violaci\u00f3n de Infante, Ni\u00f1a Ni\u00f1o o Adolescente, con [&hellip;]","og_url":"https:\/\/www.eldiario.net\/portal\/2023\/12\/18\/detencion-preventiva-para-acusado-de-agredir-sexualmente-a-sus-hijas\/","og_site_name":"El Diario - Bolivia","article_publisher":"https:\/\/www.facebook.com\/eldiario.bolivia\/","article_published_time":"2023-12-18T10:27:04+00:00","author":"Jeanette","twitter_card":"summary_large_image","twitter_creator":"@eldiario_net","twitter_site":"@eldiario_net","twitter_misc":{"Escrito por":"Jeanette","Tiempo de lectura":"2 minutos"},"schema":{"@context":"https:\/\/schema.org","@graph":[{"@type":"Article","@id":"https:\/\/www.eldiario.net\/portal\/2023\/12\/18\/detencion-preventiva-para-acusado-de-agredir-sexualmente-a-sus-hijas\/#article","isPartOf":{"@id":"https:\/\/www.eldiario.net\/portal\/2023\/12\/18\/detencion-preventiva-para-acusado-de-agredir-sexualmente-a-sus-hijas\/"},"author":{"name":"Jeanette","@id":"https:\/\/www.eldiario.net\/portal\/#\/schema\/person\/f46445640444750d7d753ccd04ae01b7"},"headline":"Detenci\u00f3n preventiva para acusado de agredir sexualmente a sus hijas","datePublished":"2023-12-18T10:27:04+00:00","mainEntityOfPage":{"@id":"https:\/\/www.eldiario.net\/portal\/2023\/12\/18\/detencion-preventiva-para-acusado-de-agredir-sexualmente-a-sus-hijas\/"},"wordCount":340,"publisher":{"@id":"https:\/\/www.eldiario.net\/portal\/#organization"},"articleSection":["Sociedad - Seguridad"],"inLanguage":"es"},{"@type":"WebPage","@id":"https:\/\/www.eldiario.net\/portal\/2023\/12\/18\/detencion-preventiva-para-acusado-de-agredir-sexualmente-a-sus-hijas\/","url":"https:\/\/www.eldiario.net\/portal\/2023\/12\/18\/detencion-preventiva-para-acusado-de-agredir-sexualmente-a-sus-hijas\/","name":"Detenci\u00f3n preventiva para acusado de agredir sexualmente a sus hijas - El Diario - Bolivia","isPartOf":{"@id":"https:\/\/www.eldiario.net\/portal\/#website"},"datePublished":"2023-12-18T10:27:04+00:00","breadcrumb":{"@id":"https:\/\/www.eldiario.net\/portal\/2023\/12\/18\/detencion-preventiva-para-acusado-de-agredir-sexualmente-a-sus-hijas\/#breadcrumb"},"inLanguage":"es","potentialAction":[{"@type":"ReadAction","target":["https:\/\/www.eldiario.net\/portal\/2023\/12\/18\/detencion-preventiva-para-acusado-de-agredir-sexualmente-a-sus-hijas\/"]}]},{"@type":"BreadcrumbList","@id":"https:\/\/www.eldiario.net\/portal\/2023\/12\/18\/detencion-preventiva-para-acusado-de-agredir-sexualmente-a-sus-hijas\/#breadcrumb","itemListElement":[{"@type":"ListItem","position":1,"name":"Portada","item":"https:\/\/www.eldiario.net\/portal\/"},{"@type":"ListItem","position":2,"name":"Detenci\u00f3n preventiva para acusado de agredir sexualmente a sus hijas"}]},{"@type":"WebSite","@id":"https:\/\/www.eldiario.net\/portal\/#website","url":"https:\/\/www.eldiario.net\/portal\/","name":"El Diario - Decano de la prensa nacional","description":"El Diario - Decano de la prensa nacional","publisher":{"@id":"https:\/\/www.eldiario.net\/portal\/#organization"},"potentialAction":[{"@type":"SearchAction","target":{"@type":"EntryPoint","urlTemplate":"https:\/\/www.eldiario.net\/portal\/?s={search_term_string}"},"query-input":{"@type":"PropertyValueSpecification","valueRequired":true,"valueName":"search_term_string"}}],"inLanguage":"es"},{"@type":"Organization","@id":"https:\/\/www.eldiario.net\/portal\/#organization","name":"El Diario - Decano de la prensa nacional","url":"https:\/\/www.eldiario.net\/portal\/","logo":{"@type":"ImageObject","inLanguage":"es","@id":"https:\/\/www.eldiario.net\/portal\/#\/schema\/logo\/image\/","url":"https:\/\/www.eldiario.net\/portal\/wp-content\/uploads\/2023\/07\/logo_ED.jpg","contentUrl":"https:\/\/www.eldiario.net\/portal\/wp-content\/uploads\/2023\/07\/logo_ED.jpg","width":272,"height":52,"caption":"El Diario - Decano de la prensa nacional"},"image":{"@id":"https:\/\/www.eldiario.net\/portal\/#\/schema\/logo\/image\/"},"sameAs":["https:\/\/www.facebook.com\/eldiario.bolivia\/","https:\/\/x.com\/eldiario_net"]},{"@type":"Person","@id":"https:\/\/www.eldiario.net\/portal\/#\/schema\/person\/f46445640444750d7d753ccd04ae01b7","name":"Jeanette","image":{"@type":"ImageObject","inLanguage":"es","@id":"https:\/\/secure.gravatar.com\/avatar\/3ea2118a5f7dad2b7138b1187a6b7ee55f160b9968b66013c3a3ef39dd7e5798?s=96&d=mm&r=g","url":"https:\/\/secure.gravatar.com\/avatar\/3ea2118a5f7dad2b7138b1187a6b7ee55f160b9968b66013c3a3ef39dd7e5798?s=96&d=mm&r=g","contentUrl":"https:\/\/secure.gravatar.com\/avatar\/3ea2118a5f7dad2b7138b1187a6b7ee55f160b9968b66013c3a3ef39dd7e5798?s=96&d=mm&r=g","caption":"Jeanette"},"sameAs":["https:\/\/www.eldiario.net\/portal"],"url":"https:\/\/www.eldiario.net\/portal\/author\/jeanette\/"}]}},"_links":{"self":[{"href":"https:\/\/www.eldiario.net\/portal\/wp-json\/wp\/v2\/posts\/193497","targetHints":{"allow":["GET"]}}],"collection":[{"href":"https:\/\/www.eldiario.net\/portal\/wp-json\/wp\/v2\/posts"}],"about":[{"href":"https:\/\/www.eldiario.net\/portal\/wp-json\/wp\/v2\/types\/post"}],"author":[{"embeddable":true,"href":"https:\/\/www.eldiario.net\/portal\/wp-json\/wp\/v2\/users\/1"}],"replies":[{"embeddable":true,"href":"https:\/\/www.eldiario.net\/portal\/wp-json\/wp\/v2\/comments?post=193497"}],"version-history":[{"count":0,"href":"https:\/\/www.eldiario.net\/portal\/wp-json\/wp\/v2\/posts\/193497\/revisions"}],"wp:attachment":[{"href":"https:\/\/www.eldiario.net\/portal\/wp-json\/wp\/v2\/media?parent=193497"}],"wp:term":[{"taxonomy":"category","embeddable":true,"href":"https:\/\/www.eldiario.net\/portal\/wp-json\/wp\/v2\/categories?post=193497"},{"taxonomy":"post_tag","embeddable":true,"href":"https:\/\/www.eldiario.net\/portal\/wp-json\/wp\/v2\/tags?post=193497"}],"curies":[{"name":"wp","href":"https:\/\/api.w.org\/{rel}","templated":true}]}}