{"id":193494,"date":"2023-12-18T06:26:22","date_gmt":"2023-12-18T10:26:22","guid":{"rendered":"https:\/\/www.eldiario.net\/portal\/?p=193494"},"modified":"2023-12-18T06:26:22","modified_gmt":"2023-12-18T10:26:22","slug":"inegi-asegura-que-aumento-el-trabajo-infantil-en-mexico","status":"publish","type":"post","link":"https:\/\/www.eldiario.net\/portal\/2023\/12\/18\/inegi-asegura-que-aumento-el-trabajo-infantil-en-mexico\/","title":{"rendered":"Inegi asegura que aument\u00f3 el trabajo infantil en M\u00e9xico"},"content":{"rendered":"<p>El Instituto Nacional de Estad\u00edstica y Geograf\u00eda (Inegi) revel\u00f3 los datos de su Encuesta Nacional de Trabajo Infantil (ENTI) 2022, donde los resultados no son alentadores a pesar de los esfuerzos y campa\u00f1as para erradicarlo, las cifras revelan una situaci\u00f3n preocupante.<br \/>\nSeg\u00fan los datos del estudio que se hizo de forma conjunta con la Organizaci\u00f3n Internacional del Trabajo y la Secretar\u00eda del Trabajo y Previsi\u00f3n Social (STPS), en el a\u00f1o 2022, 3.7 millones de ni\u00f1as, ni\u00f1os y adolescentes estuvieron involucrados en alguna forma de trabajo infantil en M\u00e9xico.<br \/>\nEstas cifras reflejan no solo una estad\u00edstica fr\u00eda, sino vidas y potenciales truncados debido a circunstancias sociales, econ\u00f3micas y culturales complejas.<br \/>\nEs alarmante observar c\u00f3mo estas cifras fluct\u00faan a lo largo de los a\u00f1os, indicando tendencias ascendentes en el trabajo infantil, a pesar de los esfuerzos para disminuirlo. En el a\u00f1o 2015, la tasa se ubicaba en 12.3%, mostrando una ligera mejora en 2017 con un 11%, pero desafortunadamente volvi\u00f3 a aumentar a 13.1% en 2022. Esto sugiere desaf\u00edos estructurales y sist\u00e9micos que contin\u00faan desafiando los esfuerzos por erradicar esta problem\u00e1tica.<br \/>\nResulta alarmante tambi\u00e9n la disparidad de g\u00e9nero en el trabajo infantil. Mientras que la tasa de trabajo infantil en ni\u00f1os fue del 15.5%, en el caso de las ni\u00f1as fue del 10.7%. Esta diferencia puede deberse a diversos factores culturales, sociales y econ\u00f3micos que perpet\u00faan desigualdades de g\u00e9nero y roles predefinidos.<br \/>\nEs fundamental destacar que una gran proporci\u00f3n de estos ni\u00f1os y ni\u00f1as se ven involucrados en ocupaciones no permitidas, incluso en actividades peligrosas que ponen en riesgo su salud, desarrollo y bienestar general. De los 2.1 millones de personas involucradas en ocupaciones no permitidas, alarmantemente el 92.5% se encontraba realizando actividades consideradas como peligrosas. Esto indica un grave riesgo para la integridad f\u00edsica y emocional de estos j\u00f3venes, quienes merecen un entorno seguro y oportunidades para su crecimiento y educaci\u00f3n.<br \/>\nLos quehaceres dom\u00e9sticos en condiciones no adecuadas tambi\u00e9n representan una preocupaci\u00f3n significativa, ya que 1.9 millones de ni\u00f1os y ni\u00f1as se vieron involucrados en estas actividades. A pesar de ser tareas que en apariencia pueden parecer parte de la vida cotidiana, estas actividades pueden ser perjudiciales para la salud y el bienestar de los menores, afectando su desarrollo f\u00edsico, emocional y educativo.<br \/>\nEs evidente que se necesitan acciones urgentes y coordinadas por parte del gobierno, la sociedad civil y la comunidad en general para abordar este problema de manera integral. Se requiere implementar pol\u00edticas m\u00e1s efectivas, programas educativos y de sensibilizaci\u00f3n, as\u00ed como una mayor supervisi\u00f3n y aplicaci\u00f3n de leyes laborales para proteger a la infancia y garantizarles un entorno seguro y propicio para su desarrollo.<br \/>\nEstados con mayor y menor porcentaje de trabajo infantil<br \/>\nEn el estudio, el Estado donde tiene una alta tasa de trabajo infantil, es Guerrero, mientras la que registr\u00f3 menor cantidad fue la Ciudad de M\u00e9xico.<br \/>\nLos tres primeros lugares con tasa mayor: Guerrero, con 24.5%, Chiapas, con 20.8% y Nayarit, con 19.1%.<br \/>\nLos tres primeros lugares con tasa menor: Ciudad de M\u00e9xico, con 4%, Coahuila de Zaragoza, con 6.4% y Baja California, con 6.5%.<br \/>\nLa lucha contra el trabajo infantil no solo es una cuesti\u00f3n de pol\u00edtica y legislaci\u00f3n, sino tambi\u00e9n un llamado a la conciencia colectiva y a la responsabilidad individual. Es necesario fomentar un cambio cultural que valore y proteja los derechos de los ni\u00f1os, brind\u00e1ndoles oportunidades educativas y entornos seguros que les permitan alcanzar su m\u00e1ximo potencial sin verse obligados a sacrificar su infancia por la necesidad econ\u00f3mica o la tradici\u00f3n social.<br \/>\nEl trabajo infantil persiste como un desaf\u00edo significativo en M\u00e9xico, y es imperativo que se tomen medidas efectivas y sostenibles para abordar esta problem\u00e1tica y asegurar un futuro mejor para las generaciones venideras. (Infobae)<\/p>\n","protected":false},"excerpt":{"rendered":"<p>El Instituto Nacional de Estad\u00edstica y Geograf\u00eda (Inegi) revel\u00f3 los datos de su Encuesta Nacional de Trabajo Infantil (ENTI) 2022, donde los resultados no son alentadores a pesar de los esfuerzos y campa\u00f1as para erradicarlo, las cifras revelan una situaci\u00f3n preocupante. Seg\u00fan los datos del estudio que se hizo de forma conjunta con la Organizaci\u00f3n [&hellip;]<\/p>\n","protected":false},"author":1,"featured_media":193495,"comment_status":"closed","ping_status":"open","sticky":false,"template":"","format":"standard","meta":{"_acf_changed":false,"footnotes":""},"categories":[3],"tags":[],"class_list":["post-193494","post","type-post","status-publish","format-standard","has-post-thumbnail","category-internacional"],"acf":{"antetitulo":""},"yoast_head":"<!-- This site is optimized with the Yoast SEO plugin v28.4 - https:\/\/yoast.com\/product\/yoast-seo-wordpress\/ -->\n<title>Inegi asegura que aument\u00f3 el trabajo infantil en M\u00e9xico - El Diario - Bolivia<\/title>\n<meta name=\"robots\" content=\"index, follow, max-snippet:-1, max-image-preview:large, max-video-preview:-1\" \/>\n<link rel=\"canonical\" href=\"https:\/\/www.eldiario.net\/portal\/2023\/12\/18\/inegi-asegura-que-aumento-el-trabajo-infantil-en-mexico\/\" \/>\n<meta property=\"og:locale\" content=\"es_ES\" \/>\n<meta property=\"og:type\" content=\"article\" \/>\n<meta property=\"og:title\" content=\"Inegi asegura que aument\u00f3 el trabajo infantil en M\u00e9xico - El Diario - Bolivia\" \/>\n<meta property=\"og:description\" content=\"El Instituto Nacional de Estad\u00edstica y Geograf\u00eda (Inegi) revel\u00f3 los datos de su Encuesta Nacional de Trabajo Infantil (ENTI) 2022, donde los resultados no son alentadores a pesar de los esfuerzos y campa\u00f1as para erradicarlo, las cifras revelan una situaci\u00f3n preocupante. Seg\u00fan los datos del estudio que se hizo de forma conjunta con la Organizaci\u00f3n [&hellip;]\" \/>\n<meta property=\"og:url\" content=\"https:\/\/www.eldiario.net\/portal\/2023\/12\/18\/inegi-asegura-que-aumento-el-trabajo-infantil-en-mexico\/\" \/>\n<meta property=\"og:site_name\" content=\"El Diario - Bolivia\" \/>\n<meta property=\"article:publisher\" content=\"https:\/\/www.facebook.com\/eldiario.bolivia\/\" \/>\n<meta property=\"article:published_time\" content=\"2023-12-18T10:26:22+00:00\" \/>\n<meta property=\"og:image\" content=\"https:\/\/www.eldiario.net\/portal\/wp-content\/uploads\/2023\/12\/NINAS.jpg\" \/>\n\t<meta property=\"og:image:width\" content=\"769\" \/>\n\t<meta property=\"og:image:height\" content=\"432\" \/>\n\t<meta property=\"og:image:type\" content=\"image\/jpeg\" \/>\n<meta name=\"author\" content=\"Jeanette\" \/>\n<meta name=\"twitter:card\" content=\"summary_large_image\" \/>\n<meta name=\"twitter:creator\" content=\"@eldiario_net\" \/>\n<meta name=\"twitter:site\" content=\"@eldiario_net\" \/>\n<meta name=\"twitter:label1\" content=\"Escrito por\" \/>\n\t<meta name=\"twitter:data1\" content=\"Jeanette\" \/>\n\t<meta name=\"twitter:label2\" content=\"Tiempo de lectura\" \/>\n\t<meta name=\"twitter:data2\" content=\"4 minutos\" \/>\n<script type=\"application\/ld+json\" class=\"yoast-schema-graph\">{\"@context\":\"https:\\\/\\\/schema.org\",\"@graph\":[{\"@type\":\"Article\",\"@id\":\"https:\\\/\\\/www.eldiario.net\\\/portal\\\/2023\\\/12\\\/18\\\/inegi-asegura-que-aumento-el-trabajo-infantil-en-mexico\\\/#article\",\"isPartOf\":{\"@id\":\"https:\\\/\\\/www.eldiario.net\\\/portal\\\/2023\\\/12\\\/18\\\/inegi-asegura-que-aumento-el-trabajo-infantil-en-mexico\\\/\"},\"author\":{\"name\":\"Jeanette\",\"@id\":\"https:\\\/\\\/www.eldiario.net\\\/portal\\\/#\\\/schema\\\/person\\\/f46445640444750d7d753ccd04ae01b7\"},\"headline\":\"Inegi asegura que aument\u00f3 el trabajo infantil en M\u00e9xico\",\"datePublished\":\"2023-12-18T10:26:22+00:00\",\"mainEntityOfPage\":{\"@id\":\"https:\\\/\\\/www.eldiario.net\\\/portal\\\/2023\\\/12\\\/18\\\/inegi-asegura-que-aumento-el-trabajo-infantil-en-mexico\\\/\"},\"wordCount\":666,\"publisher\":{\"@id\":\"https:\\\/\\\/www.eldiario.net\\\/portal\\\/#organization\"},\"image\":{\"@id\":\"https:\\\/\\\/www.eldiario.net\\\/portal\\\/2023\\\/12\\\/18\\\/inegi-asegura-que-aumento-el-trabajo-infantil-en-mexico\\\/#primaryimage\"},\"thumbnailUrl\":\"https:\\\/\\\/www.eldiario.net\\\/portal\\\/wp-content\\\/uploads\\\/2023\\\/12\\\/NINAS.jpg\",\"articleSection\":[\"Internacional\"],\"inLanguage\":\"es\"},{\"@type\":\"WebPage\",\"@id\":\"https:\\\/\\\/www.eldiario.net\\\/portal\\\/2023\\\/12\\\/18\\\/inegi-asegura-que-aumento-el-trabajo-infantil-en-mexico\\\/\",\"url\":\"https:\\\/\\\/www.eldiario.net\\\/portal\\\/2023\\\/12\\\/18\\\/inegi-asegura-que-aumento-el-trabajo-infantil-en-mexico\\\/\",\"name\":\"Inegi asegura que aument\u00f3 el trabajo infantil en M\u00e9xico - El Diario - Bolivia\",\"isPartOf\":{\"@id\":\"https:\\\/\\\/www.eldiario.net\\\/portal\\\/#website\"},\"primaryImageOfPage\":{\"@id\":\"https:\\\/\\\/www.eldiario.net\\\/portal\\\/2023\\\/12\\\/18\\\/inegi-asegura-que-aumento-el-trabajo-infantil-en-mexico\\\/#primaryimage\"},\"image\":{\"@id\":\"https:\\\/\\\/www.eldiario.net\\\/portal\\\/2023\\\/12\\\/18\\\/inegi-asegura-que-aumento-el-trabajo-infantil-en-mexico\\\/#primaryimage\"},\"thumbnailUrl\":\"https:\\\/\\\/www.eldiario.net\\\/portal\\\/wp-content\\\/uploads\\\/2023\\\/12\\\/NINAS.jpg\",\"datePublished\":\"2023-12-18T10:26:22+00:00\",\"breadcrumb\":{\"@id\":\"https:\\\/\\\/www.eldiario.net\\\/portal\\\/2023\\\/12\\\/18\\\/inegi-asegura-que-aumento-el-trabajo-infantil-en-mexico\\\/#breadcrumb\"},\"inLanguage\":\"es\",\"potentialAction\":[{\"@type\":\"ReadAction\",\"target\":[\"https:\\\/\\\/www.eldiario.net\\\/portal\\\/2023\\\/12\\\/18\\\/inegi-asegura-que-aumento-el-trabajo-infantil-en-mexico\\\/\"]}]},{\"@type\":\"ImageObject\",\"inLanguage\":\"es\",\"@id\":\"https:\\\/\\\/www.eldiario.net\\\/portal\\\/2023\\\/12\\\/18\\\/inegi-asegura-que-aumento-el-trabajo-infantil-en-mexico\\\/#primaryimage\",\"url\":\"https:\\\/\\\/www.eldiario.net\\\/portal\\\/wp-content\\\/uploads\\\/2023\\\/12\\\/NINAS.jpg\",\"contentUrl\":\"https:\\\/\\\/www.eldiario.net\\\/portal\\\/wp-content\\\/uploads\\\/2023\\\/12\\\/NINAS.jpg\",\"width\":769,\"height\":432,\"caption\":\"MUCHAS NI\u00d1AS FUERON INVOLUCRADaS EN ACtIVIDADES DOM\u00c9STICAS. AFIP\"},{\"@type\":\"BreadcrumbList\",\"@id\":\"https:\\\/\\\/www.eldiario.net\\\/portal\\\/2023\\\/12\\\/18\\\/inegi-asegura-que-aumento-el-trabajo-infantil-en-mexico\\\/#breadcrumb\",\"itemListElement\":[{\"@type\":\"ListItem\",\"position\":1,\"name\":\"Portada\",\"item\":\"https:\\\/\\\/www.eldiario.net\\\/portal\\\/\"},{\"@type\":\"ListItem\",\"position\":2,\"name\":\"Inegi asegura que aument\u00f3 el trabajo infantil en M\u00e9xico\"}]},{\"@type\":\"WebSite\",\"@id\":\"https:\\\/\\\/www.eldiario.net\\\/portal\\\/#website\",\"url\":\"https:\\\/\\\/www.eldiario.net\\\/portal\\\/\",\"name\":\"El Diario - Decano de la prensa nacional\",\"description\":\"El Diario - Decano de la prensa nacional\",\"publisher\":{\"@id\":\"https:\\\/\\\/www.eldiario.net\\\/portal\\\/#organization\"},\"potentialAction\":[{\"@type\":\"SearchAction\",\"target\":{\"@type\":\"EntryPoint\",\"urlTemplate\":\"https:\\\/\\\/www.eldiario.net\\\/portal\\\/?s={search_term_string}\"},\"query-input\":{\"@type\":\"PropertyValueSpecification\",\"valueRequired\":true,\"valueName\":\"search_term_string\"}}],\"inLanguage\":\"es\"},{\"@type\":\"Organization\",\"@id\":\"https:\\\/\\\/www.eldiario.net\\\/portal\\\/#organization\",\"name\":\"El Diario - Decano de la prensa nacional\",\"url\":\"https:\\\/\\\/www.eldiario.net\\\/portal\\\/\",\"logo\":{\"@type\":\"ImageObject\",\"inLanguage\":\"es\",\"@id\":\"https:\\\/\\\/www.eldiario.net\\\/portal\\\/#\\\/schema\\\/logo\\\/image\\\/\",\"url\":\"https:\\\/\\\/www.eldiario.net\\\/portal\\\/wp-content\\\/uploads\\\/2023\\\/07\\\/logo_ED.jpg\",\"contentUrl\":\"https:\\\/\\\/www.eldiario.net\\\/portal\\\/wp-content\\\/uploads\\\/2023\\\/07\\\/logo_ED.jpg\",\"width\":272,\"height\":52,\"caption\":\"El Diario - Decano de la prensa nacional\"},\"image\":{\"@id\":\"https:\\\/\\\/www.eldiario.net\\\/portal\\\/#\\\/schema\\\/logo\\\/image\\\/\"},\"sameAs\":[\"https:\\\/\\\/www.facebook.com\\\/eldiario.bolivia\\\/\",\"https:\\\/\\\/x.com\\\/eldiario_net\"]},{\"@type\":\"Person\",\"@id\":\"https:\\\/\\\/www.eldiario.net\\\/portal\\\/#\\\/schema\\\/person\\\/f46445640444750d7d753ccd04ae01b7\",\"name\":\"Jeanette\",\"image\":{\"@type\":\"ImageObject\",\"inLanguage\":\"es\",\"@id\":\"https:\\\/\\\/secure.gravatar.com\\\/avatar\\\/3ea2118a5f7dad2b7138b1187a6b7ee55f160b9968b66013c3a3ef39dd7e5798?s=96&d=mm&r=g\",\"url\":\"https:\\\/\\\/secure.gravatar.com\\\/avatar\\\/3ea2118a5f7dad2b7138b1187a6b7ee55f160b9968b66013c3a3ef39dd7e5798?s=96&d=mm&r=g\",\"contentUrl\":\"https:\\\/\\\/secure.gravatar.com\\\/avatar\\\/3ea2118a5f7dad2b7138b1187a6b7ee55f160b9968b66013c3a3ef39dd7e5798?s=96&d=mm&r=g\",\"caption\":\"Jeanette\"},\"sameAs\":[\"https:\\\/\\\/www.eldiario.net\\\/portal\"],\"url\":\"https:\\\/\\\/www.eldiario.net\\\/portal\\\/author\\\/jeanette\\\/\"}]}<\/script>\n<!-- \/ Yoast SEO plugin. -->","yoast_head_json":{"title":"Inegi asegura que aument\u00f3 el trabajo infantil en M\u00e9xico - El Diario - Bolivia","robots":{"index":"index","follow":"follow","max-snippet":"max-snippet:-1","max-image-preview":"max-image-preview:large","max-video-preview":"max-video-preview:-1"},"canonical":"https:\/\/www.eldiario.net\/portal\/2023\/12\/18\/inegi-asegura-que-aumento-el-trabajo-infantil-en-mexico\/","og_locale":"es_ES","og_type":"article","og_title":"Inegi asegura que aument\u00f3 el trabajo infantil en M\u00e9xico - El Diario - Bolivia","og_description":"El Instituto Nacional de Estad\u00edstica y Geograf\u00eda (Inegi) revel\u00f3 los datos de su Encuesta Nacional de Trabajo Infantil (ENTI) 2022, donde los resultados no son alentadores a pesar de los esfuerzos y campa\u00f1as para erradicarlo, las cifras revelan una situaci\u00f3n preocupante. Seg\u00fan los datos del estudio que se hizo de forma conjunta con la Organizaci\u00f3n [&hellip;]","og_url":"https:\/\/www.eldiario.net\/portal\/2023\/12\/18\/inegi-asegura-que-aumento-el-trabajo-infantil-en-mexico\/","og_site_name":"El Diario - Bolivia","article_publisher":"https:\/\/www.facebook.com\/eldiario.bolivia\/","article_published_time":"2023-12-18T10:26:22+00:00","og_image":[{"width":769,"height":432,"url":"https:\/\/www.eldiario.net\/portal\/wp-content\/uploads\/2023\/12\/NINAS.jpg","type":"image\/jpeg"}],"author":"Jeanette","twitter_card":"summary_large_image","twitter_creator":"@eldiario_net","twitter_site":"@eldiario_net","twitter_misc":{"Escrito por":"Jeanette","Tiempo de lectura":"4 minutos"},"schema":{"@context":"https:\/\/schema.org","@graph":[{"@type":"Article","@id":"https:\/\/www.eldiario.net\/portal\/2023\/12\/18\/inegi-asegura-que-aumento-el-trabajo-infantil-en-mexico\/#article","isPartOf":{"@id":"https:\/\/www.eldiario.net\/portal\/2023\/12\/18\/inegi-asegura-que-aumento-el-trabajo-infantil-en-mexico\/"},"author":{"name":"Jeanette","@id":"https:\/\/www.eldiario.net\/portal\/#\/schema\/person\/f46445640444750d7d753ccd04ae01b7"},"headline":"Inegi asegura que aument\u00f3 el trabajo infantil en M\u00e9xico","datePublished":"2023-12-18T10:26:22+00:00","mainEntityOfPage":{"@id":"https:\/\/www.eldiario.net\/portal\/2023\/12\/18\/inegi-asegura-que-aumento-el-trabajo-infantil-en-mexico\/"},"wordCount":666,"publisher":{"@id":"https:\/\/www.eldiario.net\/portal\/#organization"},"image":{"@id":"https:\/\/www.eldiario.net\/portal\/2023\/12\/18\/inegi-asegura-que-aumento-el-trabajo-infantil-en-mexico\/#primaryimage"},"thumbnailUrl":"https:\/\/www.eldiario.net\/portal\/wp-content\/uploads\/2023\/12\/NINAS.jpg","articleSection":["Internacional"],"inLanguage":"es"},{"@type":"WebPage","@id":"https:\/\/www.eldiario.net\/portal\/2023\/12\/18\/inegi-asegura-que-aumento-el-trabajo-infantil-en-mexico\/","url":"https:\/\/www.eldiario.net\/portal\/2023\/12\/18\/inegi-asegura-que-aumento-el-trabajo-infantil-en-mexico\/","name":"Inegi asegura que aument\u00f3 el trabajo infantil en M\u00e9xico - El Diario - Bolivia","isPartOf":{"@id":"https:\/\/www.eldiario.net\/portal\/#website"},"primaryImageOfPage":{"@id":"https:\/\/www.eldiario.net\/portal\/2023\/12\/18\/inegi-asegura-que-aumento-el-trabajo-infantil-en-mexico\/#primaryimage"},"image":{"@id":"https:\/\/www.eldiario.net\/portal\/2023\/12\/18\/inegi-asegura-que-aumento-el-trabajo-infantil-en-mexico\/#primaryimage"},"thumbnailUrl":"https:\/\/www.eldiario.net\/portal\/wp-content\/uploads\/2023\/12\/NINAS.jpg","datePublished":"2023-12-18T10:26:22+00:00","breadcrumb":{"@id":"https:\/\/www.eldiario.net\/portal\/2023\/12\/18\/inegi-asegura-que-aumento-el-trabajo-infantil-en-mexico\/#breadcrumb"},"inLanguage":"es","potentialAction":[{"@type":"ReadAction","target":["https:\/\/www.eldiario.net\/portal\/2023\/12\/18\/inegi-asegura-que-aumento-el-trabajo-infantil-en-mexico\/"]}]},{"@type":"ImageObject","inLanguage":"es","@id":"https:\/\/www.eldiario.net\/portal\/2023\/12\/18\/inegi-asegura-que-aumento-el-trabajo-infantil-en-mexico\/#primaryimage","url":"https:\/\/www.eldiario.net\/portal\/wp-content\/uploads\/2023\/12\/NINAS.jpg","contentUrl":"https:\/\/www.eldiario.net\/portal\/wp-content\/uploads\/2023\/12\/NINAS.jpg","width":769,"height":432,"caption":"MUCHAS NI\u00d1AS FUERON INVOLUCRADaS EN ACtIVIDADES DOM\u00c9STICAS. AFIP"},{"@type":"BreadcrumbList","@id":"https:\/\/www.eldiario.net\/portal\/2023\/12\/18\/inegi-asegura-que-aumento-el-trabajo-infantil-en-mexico\/#breadcrumb","itemListElement":[{"@type":"ListItem","position":1,"name":"Portada","item":"https:\/\/www.eldiario.net\/portal\/"},{"@type":"ListItem","position":2,"name":"Inegi asegura que aument\u00f3 el trabajo infantil en M\u00e9xico"}]},{"@type":"WebSite","@id":"https:\/\/www.eldiario.net\/portal\/#website","url":"https:\/\/www.eldiario.net\/portal\/","name":"El Diario - Decano de la prensa nacional","description":"El Diario - Decano de la prensa nacional","publisher":{"@id":"https:\/\/www.eldiario.net\/portal\/#organization"},"potentialAction":[{"@type":"SearchAction","target":{"@type":"EntryPoint","urlTemplate":"https:\/\/www.eldiario.net\/portal\/?s={search_term_string}"},"query-input":{"@type":"PropertyValueSpecification","valueRequired":true,"valueName":"search_term_string"}}],"inLanguage":"es"},{"@type":"Organization","@id":"https:\/\/www.eldiario.net\/portal\/#organization","name":"El Diario - Decano de la prensa nacional","url":"https:\/\/www.eldiario.net\/portal\/","logo":{"@type":"ImageObject","inLanguage":"es","@id":"https:\/\/www.eldiario.net\/portal\/#\/schema\/logo\/image\/","url":"https:\/\/www.eldiario.net\/portal\/wp-content\/uploads\/2023\/07\/logo_ED.jpg","contentUrl":"https:\/\/www.eldiario.net\/portal\/wp-content\/uploads\/2023\/07\/logo_ED.jpg","width":272,"height":52,"caption":"El Diario - Decano de la prensa nacional"},"image":{"@id":"https:\/\/www.eldiario.net\/portal\/#\/schema\/logo\/image\/"},"sameAs":["https:\/\/www.facebook.com\/eldiario.bolivia\/","https:\/\/x.com\/eldiario_net"]},{"@type":"Person","@id":"https:\/\/www.eldiario.net\/portal\/#\/schema\/person\/f46445640444750d7d753ccd04ae01b7","name":"Jeanette","image":{"@type":"ImageObject","inLanguage":"es","@id":"https:\/\/secure.gravatar.com\/avatar\/3ea2118a5f7dad2b7138b1187a6b7ee55f160b9968b66013c3a3ef39dd7e5798?s=96&d=mm&r=g","url":"https:\/\/secure.gravatar.com\/avatar\/3ea2118a5f7dad2b7138b1187a6b7ee55f160b9968b66013c3a3ef39dd7e5798?s=96&d=mm&r=g","contentUrl":"https:\/\/secure.gravatar.com\/avatar\/3ea2118a5f7dad2b7138b1187a6b7ee55f160b9968b66013c3a3ef39dd7e5798?s=96&d=mm&r=g","caption":"Jeanette"},"sameAs":["https:\/\/www.eldiario.net\/portal"],"url":"https:\/\/www.eldiario.net\/portal\/author\/jeanette\/"}]}},"_links":{"self":[{"href":"https:\/\/www.eldiario.net\/portal\/wp-json\/wp\/v2\/posts\/193494","targetHints":{"allow":["GET"]}}],"collection":[{"href":"https:\/\/www.eldiario.net\/portal\/wp-json\/wp\/v2\/posts"}],"about":[{"href":"https:\/\/www.eldiario.net\/portal\/wp-json\/wp\/v2\/types\/post"}],"author":[{"embeddable":true,"href":"https:\/\/www.eldiario.net\/portal\/wp-json\/wp\/v2\/users\/1"}],"replies":[{"embeddable":true,"href":"https:\/\/www.eldiario.net\/portal\/wp-json\/wp\/v2\/comments?post=193494"}],"version-history":[{"count":0,"href":"https:\/\/www.eldiario.net\/portal\/wp-json\/wp\/v2\/posts\/193494\/revisions"}],"wp:featuredmedia":[{"embeddable":true,"href":"https:\/\/www.eldiario.net\/portal\/wp-json\/wp\/v2\/media\/193495"}],"wp:attachment":[{"href":"https:\/\/www.eldiario.net\/portal\/wp-json\/wp\/v2\/media?parent=193494"}],"wp:term":[{"taxonomy":"category","embeddable":true,"href":"https:\/\/www.eldiario.net\/portal\/wp-json\/wp\/v2\/categories?post=193494"},{"taxonomy":"post_tag","embeddable":true,"href":"https:\/\/www.eldiario.net\/portal\/wp-json\/wp\/v2\/tags?post=193494"}],"curies":[{"name":"wp","href":"https:\/\/api.w.org\/{rel}","templated":true}]}}