{"id":193491,"date":"2023-12-18T06:24:26","date_gmt":"2023-12-18T10:24:26","guid":{"rendered":"https:\/\/www.eldiario.net\/portal\/?p=193491"},"modified":"2023-12-18T06:24:26","modified_gmt":"2023-12-18T10:24:26","slug":"ola-de-mosquitos-invade-punta-del-este-en-medio-de-alertas","status":"publish","type":"post","link":"https:\/\/www.eldiario.net\/portal\/2023\/12\/18\/ola-de-mosquitos-invade-punta-del-este-en-medio-de-alertas\/","title":{"rendered":"Ola de mosquitos invade Punta  del Este en medio de alertas"},"content":{"rendered":"<p>La popular ciudad tur\u00edstica de Punta del Este, Uruguay, se encuentra en medio de una preocupante situaci\u00f3n debido a una invasi\u00f3n de mosquitos que afecta a los habitantes y visitantes, mientras en la Intendencia de Maldonado a\u00fan no se vislumbran indicios de futuras campa\u00f1as de fumigaci\u00f3n.<br \/>\nEste fen\u00f3meno coincide con alertas sanitarias en la regi\u00f3n por casos de dengue, as\u00ed como la anticipaci\u00f3n de una ola de calor que se aproxima.<br \/>\nExpertos en salud p\u00fablica recomiendan a la poblaci\u00f3n tomar precauciones individuales, como el uso de repelentes y la instalaci\u00f3n de mosquiteros. Pero los comerciantes y operadores tur\u00edsticos tambi\u00e9n manifiestan su preocupaci\u00f3n por esta crisis, ya que afecta a la imagen de Punta del Este como destino vacacional.<br \/>\nMiembros de la comunidad local advirtieron que las autoridades no est\u00e1n fumigando y no hay un plan para esta situaci\u00f3n puntual, como otras veces que se activaron campa\u00f1as por casos confirmados de dengue.<br \/>\nIncidentes similares ocurrieron en temporadas estivales anteriores, pero el contexto presente de un aumento de casos de dengue aunado a pron\u00f3sticos de temperaturas elevadas coloca a las comunidades en una situaci\u00f3n de mayor vulnerabilidad. Las altas temperaturas previstas facilitan la proliferaci\u00f3n del mosquito, lo que intensifica la urgencia de medidas preventivas y controles efectivos por parte de las autoridades para contener la diseminaci\u00f3n del virus.<br \/>\nEl mosquito Aedes aegypti, abundante en regiones de clima tropical y subtropical, es el principal transmisor del dengue, enfermedad que ha registrado un notable aumento en casos en las \u00faltimas cuatro d\u00e9cadas.<br \/>\nLa Organizaci\u00f3n Panamericana de la Salud (OPS) inform\u00f3 la semana pasada, que en la regi\u00f3n de las Am\u00e9ricas se report\u00f3 un r\u00e9cord de casos de dengue durante 2023, con 4.150.724 personas afectadas en 43 de los 46 pa\u00edses y territorios monitoreados. Esto significa el mayor n\u00famero de casos en un a\u00f1o que se haya registrado desde 1980. Del total de casos, 6.622 se reportaron como graves. Se informaron 2.025 muertes por dengue.<br \/>\nEntre los principales pa\u00edses americanos afectados por el dengue en 2023 destacan Bolivia, que en tan solo los primeros tres meses del a\u00f1o confirm\u00f3 65.411 casos, es decir, la mitad del n\u00famero total de 2020, a\u00f1o con la mayor epidemia de los \u00faltimos nueve a\u00f1os. Asimismo, super\u00f3 aquel registro de 41 muertes con m\u00e1s de 50 este a\u00f1o. En Per\u00fa la situaci\u00f3n tambi\u00e9n se torn\u00f3 preocupante con 22.844 casos y 26 muertes en el mismo per\u00edodo. El aumento en los afectados es casi el doble de los registrados en los mismos meses de 2022.<br \/>\nBrasil, sin embargo, fue uno de los pa\u00edses con mayor presencia del mosquito. Hasta el 18 de marzo se hab\u00edan notificado 385.131 casos -confirmados y sospechosos- y unas 105 muertes. En tanto, durante todo 2023, Argentina super\u00f3 los 132.000 casos e inform\u00f3 de 66 fallecidos. \u00abEl brote epidemiol\u00f3gico de dengue del a\u00f1o 2023 es el mayor registrado tanto en magnitud como en persistencia en comparaci\u00f3n con los brotes epidemiol\u00f3gicos de las temporadas 2015\/2016 y 2019\/2020\u00bb, indicaron desde el Ministerio de Salud argentino. (Infobae\/Efe)<\/p>\n","protected":false},"excerpt":{"rendered":"<p>La popular ciudad tur\u00edstica de Punta del Este, Uruguay, se encuentra en medio de una preocupante situaci\u00f3n debido a una invasi\u00f3n de mosquitos que afecta a los habitantes y visitantes, mientras en la Intendencia de Maldonado a\u00fan no se vislumbran indicios de futuras campa\u00f1as de fumigaci\u00f3n. Este fen\u00f3meno coincide con alertas sanitarias en la regi\u00f3n [&hellip;]<\/p>\n","protected":false},"author":1,"featured_media":193492,"comment_status":"closed","ping_status":"open","sticky":false,"template":"","format":"standard","meta":{"_acf_changed":false,"footnotes":""},"categories":[3],"tags":[],"class_list":["post-193491","post","type-post","status-publish","format-standard","has-post-thumbnail","category-internacional"],"acf":{"antetitulo":""},"yoast_head":"<!-- This site is optimized with the Yoast SEO plugin v28.4 - https:\/\/yoast.com\/product\/yoast-seo-wordpress\/ -->\n<title>Ola de mosquitos invade Punta del Este en medio de alertas - El Diario - Bolivia<\/title>\n<meta name=\"robots\" content=\"index, follow, max-snippet:-1, max-image-preview:large, max-video-preview:-1\" \/>\n<link rel=\"canonical\" href=\"https:\/\/www.eldiario.net\/portal\/2023\/12\/18\/ola-de-mosquitos-invade-punta-del-este-en-medio-de-alertas\/\" \/>\n<meta property=\"og:locale\" content=\"es_ES\" \/>\n<meta property=\"og:type\" content=\"article\" \/>\n<meta property=\"og:title\" content=\"Ola de mosquitos invade Punta del Este en medio de alertas - El Diario - Bolivia\" \/>\n<meta property=\"og:description\" content=\"La popular ciudad tur\u00edstica de Punta del Este, Uruguay, se encuentra en medio de una preocupante situaci\u00f3n debido a una invasi\u00f3n de mosquitos que afecta a los habitantes y visitantes, mientras en la Intendencia de Maldonado a\u00fan no se vislumbran indicios de futuras campa\u00f1as de fumigaci\u00f3n. Este fen\u00f3meno coincide con alertas sanitarias en la regi\u00f3n [&hellip;]\" \/>\n<meta property=\"og:url\" content=\"https:\/\/www.eldiario.net\/portal\/2023\/12\/18\/ola-de-mosquitos-invade-punta-del-este-en-medio-de-alertas\/\" \/>\n<meta property=\"og:site_name\" content=\"El Diario - Bolivia\" \/>\n<meta property=\"article:publisher\" content=\"https:\/\/www.facebook.com\/eldiario.bolivia\/\" \/>\n<meta property=\"article:published_time\" content=\"2023-12-18T10:24:26+00:00\" \/>\n<meta property=\"og:image\" content=\"https:\/\/www.eldiario.net\/portal\/wp-content\/uploads\/2023\/12\/BICHO-scaled-1.jpeg\" \/>\n\t<meta property=\"og:image:width\" content=\"2560\" \/>\n\t<meta property=\"og:image:height\" content=\"1695\" \/>\n\t<meta property=\"og:image:type\" content=\"image\/jpeg\" \/>\n<meta name=\"author\" content=\"Jeanette\" \/>\n<meta name=\"twitter:card\" content=\"summary_large_image\" \/>\n<meta name=\"twitter:creator\" content=\"@eldiario_net\" \/>\n<meta name=\"twitter:site\" content=\"@eldiario_net\" \/>\n<meta name=\"twitter:label1\" content=\"Escrito por\" \/>\n\t<meta name=\"twitter:data1\" content=\"Jeanette\" \/>\n\t<meta name=\"twitter:label2\" content=\"Tiempo de lectura\" \/>\n\t<meta name=\"twitter:data2\" content=\"3 minutos\" \/>\n<script type=\"application\/ld+json\" class=\"yoast-schema-graph\">{\"@context\":\"https:\\\/\\\/schema.org\",\"@graph\":[{\"@type\":\"Article\",\"@id\":\"https:\\\/\\\/www.eldiario.net\\\/portal\\\/2023\\\/12\\\/18\\\/ola-de-mosquitos-invade-punta-del-este-en-medio-de-alertas\\\/#article\",\"isPartOf\":{\"@id\":\"https:\\\/\\\/www.eldiario.net\\\/portal\\\/2023\\\/12\\\/18\\\/ola-de-mosquitos-invade-punta-del-este-en-medio-de-alertas\\\/\"},\"author\":{\"name\":\"Jeanette\",\"@id\":\"https:\\\/\\\/www.eldiario.net\\\/portal\\\/#\\\/schema\\\/person\\\/f46445640444750d7d753ccd04ae01b7\"},\"headline\":\"Ola de mosquitos invade Punta del Este en medio de alertas\",\"datePublished\":\"2023-12-18T10:24:26+00:00\",\"mainEntityOfPage\":{\"@id\":\"https:\\\/\\\/www.eldiario.net\\\/portal\\\/2023\\\/12\\\/18\\\/ola-de-mosquitos-invade-punta-del-este-en-medio-de-alertas\\\/\"},\"wordCount\":531,\"publisher\":{\"@id\":\"https:\\\/\\\/www.eldiario.net\\\/portal\\\/#organization\"},\"image\":{\"@id\":\"https:\\\/\\\/www.eldiario.net\\\/portal\\\/2023\\\/12\\\/18\\\/ola-de-mosquitos-invade-punta-del-este-en-medio-de-alertas\\\/#primaryimage\"},\"thumbnailUrl\":\"https:\\\/\\\/www.eldiario.net\\\/portal\\\/wp-content\\\/uploads\\\/2023\\\/12\\\/BICHO-scaled-1.jpeg\",\"articleSection\":[\"Internacional\"],\"inLanguage\":\"es\"},{\"@type\":\"WebPage\",\"@id\":\"https:\\\/\\\/www.eldiario.net\\\/portal\\\/2023\\\/12\\\/18\\\/ola-de-mosquitos-invade-punta-del-este-en-medio-de-alertas\\\/\",\"url\":\"https:\\\/\\\/www.eldiario.net\\\/portal\\\/2023\\\/12\\\/18\\\/ola-de-mosquitos-invade-punta-del-este-en-medio-de-alertas\\\/\",\"name\":\"Ola de mosquitos invade Punta del Este en medio de alertas - El Diario - Bolivia\",\"isPartOf\":{\"@id\":\"https:\\\/\\\/www.eldiario.net\\\/portal\\\/#website\"},\"primaryImageOfPage\":{\"@id\":\"https:\\\/\\\/www.eldiario.net\\\/portal\\\/2023\\\/12\\\/18\\\/ola-de-mosquitos-invade-punta-del-este-en-medio-de-alertas\\\/#primaryimage\"},\"image\":{\"@id\":\"https:\\\/\\\/www.eldiario.net\\\/portal\\\/2023\\\/12\\\/18\\\/ola-de-mosquitos-invade-punta-del-este-en-medio-de-alertas\\\/#primaryimage\"},\"thumbnailUrl\":\"https:\\\/\\\/www.eldiario.net\\\/portal\\\/wp-content\\\/uploads\\\/2023\\\/12\\\/BICHO-scaled-1.jpeg\",\"datePublished\":\"2023-12-18T10:24:26+00:00\",\"breadcrumb\":{\"@id\":\"https:\\\/\\\/www.eldiario.net\\\/portal\\\/2023\\\/12\\\/18\\\/ola-de-mosquitos-invade-punta-del-este-en-medio-de-alertas\\\/#breadcrumb\"},\"inLanguage\":\"es\",\"potentialAction\":[{\"@type\":\"ReadAction\",\"target\":[\"https:\\\/\\\/www.eldiario.net\\\/portal\\\/2023\\\/12\\\/18\\\/ola-de-mosquitos-invade-punta-del-este-en-medio-de-alertas\\\/\"]}]},{\"@type\":\"ImageObject\",\"inLanguage\":\"es\",\"@id\":\"https:\\\/\\\/www.eldiario.net\\\/portal\\\/2023\\\/12\\\/18\\\/ola-de-mosquitos-invade-punta-del-este-en-medio-de-alertas\\\/#primaryimage\",\"url\":\"https:\\\/\\\/www.eldiario.net\\\/portal\\\/wp-content\\\/uploads\\\/2023\\\/12\\\/BICHO-scaled-1.jpeg\",\"contentUrl\":\"https:\\\/\\\/www.eldiario.net\\\/portal\\\/wp-content\\\/uploads\\\/2023\\\/12\\\/BICHO-scaled-1.jpeg\",\"width\":2560,\"height\":1695,\"caption\":\"PUNTA DEL ESTE, CIUDAD FAVORITO DE TURISTAS CON M\u00c1S INCIDENCIA. INFOBAE\"},{\"@type\":\"BreadcrumbList\",\"@id\":\"https:\\\/\\\/www.eldiario.net\\\/portal\\\/2023\\\/12\\\/18\\\/ola-de-mosquitos-invade-punta-del-este-en-medio-de-alertas\\\/#breadcrumb\",\"itemListElement\":[{\"@type\":\"ListItem\",\"position\":1,\"name\":\"Portada\",\"item\":\"https:\\\/\\\/www.eldiario.net\\\/portal\\\/\"},{\"@type\":\"ListItem\",\"position\":2,\"name\":\"Ola de mosquitos invade Punta del Este en medio de alertas\"}]},{\"@type\":\"WebSite\",\"@id\":\"https:\\\/\\\/www.eldiario.net\\\/portal\\\/#website\",\"url\":\"https:\\\/\\\/www.eldiario.net\\\/portal\\\/\",\"name\":\"El Diario - Decano de la prensa nacional\",\"description\":\"El Diario - Decano de la prensa nacional\",\"publisher\":{\"@id\":\"https:\\\/\\\/www.eldiario.net\\\/portal\\\/#organization\"},\"potentialAction\":[{\"@type\":\"SearchAction\",\"target\":{\"@type\":\"EntryPoint\",\"urlTemplate\":\"https:\\\/\\\/www.eldiario.net\\\/portal\\\/?s={search_term_string}\"},\"query-input\":{\"@type\":\"PropertyValueSpecification\",\"valueRequired\":true,\"valueName\":\"search_term_string\"}}],\"inLanguage\":\"es\"},{\"@type\":\"Organization\",\"@id\":\"https:\\\/\\\/www.eldiario.net\\\/portal\\\/#organization\",\"name\":\"El Diario - Decano de la prensa nacional\",\"url\":\"https:\\\/\\\/www.eldiario.net\\\/portal\\\/\",\"logo\":{\"@type\":\"ImageObject\",\"inLanguage\":\"es\",\"@id\":\"https:\\\/\\\/www.eldiario.net\\\/portal\\\/#\\\/schema\\\/logo\\\/image\\\/\",\"url\":\"https:\\\/\\\/www.eldiario.net\\\/portal\\\/wp-content\\\/uploads\\\/2023\\\/07\\\/logo_ED.jpg\",\"contentUrl\":\"https:\\\/\\\/www.eldiario.net\\\/portal\\\/wp-content\\\/uploads\\\/2023\\\/07\\\/logo_ED.jpg\",\"width\":272,\"height\":52,\"caption\":\"El Diario - Decano de la prensa nacional\"},\"image\":{\"@id\":\"https:\\\/\\\/www.eldiario.net\\\/portal\\\/#\\\/schema\\\/logo\\\/image\\\/\"},\"sameAs\":[\"https:\\\/\\\/www.facebook.com\\\/eldiario.bolivia\\\/\",\"https:\\\/\\\/x.com\\\/eldiario_net\"]},{\"@type\":\"Person\",\"@id\":\"https:\\\/\\\/www.eldiario.net\\\/portal\\\/#\\\/schema\\\/person\\\/f46445640444750d7d753ccd04ae01b7\",\"name\":\"Jeanette\",\"image\":{\"@type\":\"ImageObject\",\"inLanguage\":\"es\",\"@id\":\"https:\\\/\\\/secure.gravatar.com\\\/avatar\\\/3ea2118a5f7dad2b7138b1187a6b7ee55f160b9968b66013c3a3ef39dd7e5798?s=96&d=mm&r=g\",\"url\":\"https:\\\/\\\/secure.gravatar.com\\\/avatar\\\/3ea2118a5f7dad2b7138b1187a6b7ee55f160b9968b66013c3a3ef39dd7e5798?s=96&d=mm&r=g\",\"contentUrl\":\"https:\\\/\\\/secure.gravatar.com\\\/avatar\\\/3ea2118a5f7dad2b7138b1187a6b7ee55f160b9968b66013c3a3ef39dd7e5798?s=96&d=mm&r=g\",\"caption\":\"Jeanette\"},\"sameAs\":[\"https:\\\/\\\/www.eldiario.net\\\/portal\"],\"url\":\"https:\\\/\\\/www.eldiario.net\\\/portal\\\/author\\\/jeanette\\\/\"}]}<\/script>\n<!-- \/ Yoast SEO plugin. -->","yoast_head_json":{"title":"Ola de mosquitos invade Punta del Este en medio de alertas - El Diario - Bolivia","robots":{"index":"index","follow":"follow","max-snippet":"max-snippet:-1","max-image-preview":"max-image-preview:large","max-video-preview":"max-video-preview:-1"},"canonical":"https:\/\/www.eldiario.net\/portal\/2023\/12\/18\/ola-de-mosquitos-invade-punta-del-este-en-medio-de-alertas\/","og_locale":"es_ES","og_type":"article","og_title":"Ola de mosquitos invade Punta del Este en medio de alertas - El Diario - Bolivia","og_description":"La popular ciudad tur\u00edstica de Punta del Este, Uruguay, se encuentra en medio de una preocupante situaci\u00f3n debido a una invasi\u00f3n de mosquitos que afecta a los habitantes y visitantes, mientras en la Intendencia de Maldonado a\u00fan no se vislumbran indicios de futuras campa\u00f1as de fumigaci\u00f3n. Este fen\u00f3meno coincide con alertas sanitarias en la regi\u00f3n [&hellip;]","og_url":"https:\/\/www.eldiario.net\/portal\/2023\/12\/18\/ola-de-mosquitos-invade-punta-del-este-en-medio-de-alertas\/","og_site_name":"El Diario - Bolivia","article_publisher":"https:\/\/www.facebook.com\/eldiario.bolivia\/","article_published_time":"2023-12-18T10:24:26+00:00","og_image":[{"width":2560,"height":1695,"url":"https:\/\/www.eldiario.net\/portal\/wp-content\/uploads\/2023\/12\/BICHO-scaled-1.jpeg","type":"image\/jpeg"}],"author":"Jeanette","twitter_card":"summary_large_image","twitter_creator":"@eldiario_net","twitter_site":"@eldiario_net","twitter_misc":{"Escrito por":"Jeanette","Tiempo de lectura":"3 minutos"},"schema":{"@context":"https:\/\/schema.org","@graph":[{"@type":"Article","@id":"https:\/\/www.eldiario.net\/portal\/2023\/12\/18\/ola-de-mosquitos-invade-punta-del-este-en-medio-de-alertas\/#article","isPartOf":{"@id":"https:\/\/www.eldiario.net\/portal\/2023\/12\/18\/ola-de-mosquitos-invade-punta-del-este-en-medio-de-alertas\/"},"author":{"name":"Jeanette","@id":"https:\/\/www.eldiario.net\/portal\/#\/schema\/person\/f46445640444750d7d753ccd04ae01b7"},"headline":"Ola de mosquitos invade Punta del Este en medio de alertas","datePublished":"2023-12-18T10:24:26+00:00","mainEntityOfPage":{"@id":"https:\/\/www.eldiario.net\/portal\/2023\/12\/18\/ola-de-mosquitos-invade-punta-del-este-en-medio-de-alertas\/"},"wordCount":531,"publisher":{"@id":"https:\/\/www.eldiario.net\/portal\/#organization"},"image":{"@id":"https:\/\/www.eldiario.net\/portal\/2023\/12\/18\/ola-de-mosquitos-invade-punta-del-este-en-medio-de-alertas\/#primaryimage"},"thumbnailUrl":"https:\/\/www.eldiario.net\/portal\/wp-content\/uploads\/2023\/12\/BICHO-scaled-1.jpeg","articleSection":["Internacional"],"inLanguage":"es"},{"@type":"WebPage","@id":"https:\/\/www.eldiario.net\/portal\/2023\/12\/18\/ola-de-mosquitos-invade-punta-del-este-en-medio-de-alertas\/","url":"https:\/\/www.eldiario.net\/portal\/2023\/12\/18\/ola-de-mosquitos-invade-punta-del-este-en-medio-de-alertas\/","name":"Ola de mosquitos invade Punta del Este en medio de alertas - El Diario - Bolivia","isPartOf":{"@id":"https:\/\/www.eldiario.net\/portal\/#website"},"primaryImageOfPage":{"@id":"https:\/\/www.eldiario.net\/portal\/2023\/12\/18\/ola-de-mosquitos-invade-punta-del-este-en-medio-de-alertas\/#primaryimage"},"image":{"@id":"https:\/\/www.eldiario.net\/portal\/2023\/12\/18\/ola-de-mosquitos-invade-punta-del-este-en-medio-de-alertas\/#primaryimage"},"thumbnailUrl":"https:\/\/www.eldiario.net\/portal\/wp-content\/uploads\/2023\/12\/BICHO-scaled-1.jpeg","datePublished":"2023-12-18T10:24:26+00:00","breadcrumb":{"@id":"https:\/\/www.eldiario.net\/portal\/2023\/12\/18\/ola-de-mosquitos-invade-punta-del-este-en-medio-de-alertas\/#breadcrumb"},"inLanguage":"es","potentialAction":[{"@type":"ReadAction","target":["https:\/\/www.eldiario.net\/portal\/2023\/12\/18\/ola-de-mosquitos-invade-punta-del-este-en-medio-de-alertas\/"]}]},{"@type":"ImageObject","inLanguage":"es","@id":"https:\/\/www.eldiario.net\/portal\/2023\/12\/18\/ola-de-mosquitos-invade-punta-del-este-en-medio-de-alertas\/#primaryimage","url":"https:\/\/www.eldiario.net\/portal\/wp-content\/uploads\/2023\/12\/BICHO-scaled-1.jpeg","contentUrl":"https:\/\/www.eldiario.net\/portal\/wp-content\/uploads\/2023\/12\/BICHO-scaled-1.jpeg","width":2560,"height":1695,"caption":"PUNTA DEL ESTE, CIUDAD FAVORITO DE TURISTAS CON M\u00c1S INCIDENCIA. INFOBAE"},{"@type":"BreadcrumbList","@id":"https:\/\/www.eldiario.net\/portal\/2023\/12\/18\/ola-de-mosquitos-invade-punta-del-este-en-medio-de-alertas\/#breadcrumb","itemListElement":[{"@type":"ListItem","position":1,"name":"Portada","item":"https:\/\/www.eldiario.net\/portal\/"},{"@type":"ListItem","position":2,"name":"Ola de mosquitos invade Punta del Este en medio de alertas"}]},{"@type":"WebSite","@id":"https:\/\/www.eldiario.net\/portal\/#website","url":"https:\/\/www.eldiario.net\/portal\/","name":"El Diario - Decano de la prensa nacional","description":"El Diario - Decano de la prensa nacional","publisher":{"@id":"https:\/\/www.eldiario.net\/portal\/#organization"},"potentialAction":[{"@type":"SearchAction","target":{"@type":"EntryPoint","urlTemplate":"https:\/\/www.eldiario.net\/portal\/?s={search_term_string}"},"query-input":{"@type":"PropertyValueSpecification","valueRequired":true,"valueName":"search_term_string"}}],"inLanguage":"es"},{"@type":"Organization","@id":"https:\/\/www.eldiario.net\/portal\/#organization","name":"El Diario - Decano de la prensa nacional","url":"https:\/\/www.eldiario.net\/portal\/","logo":{"@type":"ImageObject","inLanguage":"es","@id":"https:\/\/www.eldiario.net\/portal\/#\/schema\/logo\/image\/","url":"https:\/\/www.eldiario.net\/portal\/wp-content\/uploads\/2023\/07\/logo_ED.jpg","contentUrl":"https:\/\/www.eldiario.net\/portal\/wp-content\/uploads\/2023\/07\/logo_ED.jpg","width":272,"height":52,"caption":"El Diario - Decano de la prensa nacional"},"image":{"@id":"https:\/\/www.eldiario.net\/portal\/#\/schema\/logo\/image\/"},"sameAs":["https:\/\/www.facebook.com\/eldiario.bolivia\/","https:\/\/x.com\/eldiario_net"]},{"@type":"Person","@id":"https:\/\/www.eldiario.net\/portal\/#\/schema\/person\/f46445640444750d7d753ccd04ae01b7","name":"Jeanette","image":{"@type":"ImageObject","inLanguage":"es","@id":"https:\/\/secure.gravatar.com\/avatar\/3ea2118a5f7dad2b7138b1187a6b7ee55f160b9968b66013c3a3ef39dd7e5798?s=96&d=mm&r=g","url":"https:\/\/secure.gravatar.com\/avatar\/3ea2118a5f7dad2b7138b1187a6b7ee55f160b9968b66013c3a3ef39dd7e5798?s=96&d=mm&r=g","contentUrl":"https:\/\/secure.gravatar.com\/avatar\/3ea2118a5f7dad2b7138b1187a6b7ee55f160b9968b66013c3a3ef39dd7e5798?s=96&d=mm&r=g","caption":"Jeanette"},"sameAs":["https:\/\/www.eldiario.net\/portal"],"url":"https:\/\/www.eldiario.net\/portal\/author\/jeanette\/"}]}},"_links":{"self":[{"href":"https:\/\/www.eldiario.net\/portal\/wp-json\/wp\/v2\/posts\/193491","targetHints":{"allow":["GET"]}}],"collection":[{"href":"https:\/\/www.eldiario.net\/portal\/wp-json\/wp\/v2\/posts"}],"about":[{"href":"https:\/\/www.eldiario.net\/portal\/wp-json\/wp\/v2\/types\/post"}],"author":[{"embeddable":true,"href":"https:\/\/www.eldiario.net\/portal\/wp-json\/wp\/v2\/users\/1"}],"replies":[{"embeddable":true,"href":"https:\/\/www.eldiario.net\/portal\/wp-json\/wp\/v2\/comments?post=193491"}],"version-history":[{"count":0,"href":"https:\/\/www.eldiario.net\/portal\/wp-json\/wp\/v2\/posts\/193491\/revisions"}],"wp:featuredmedia":[{"embeddable":true,"href":"https:\/\/www.eldiario.net\/portal\/wp-json\/wp\/v2\/media\/193492"}],"wp:attachment":[{"href":"https:\/\/www.eldiario.net\/portal\/wp-json\/wp\/v2\/media?parent=193491"}],"wp:term":[{"taxonomy":"category","embeddable":true,"href":"https:\/\/www.eldiario.net\/portal\/wp-json\/wp\/v2\/categories?post=193491"},{"taxonomy":"post_tag","embeddable":true,"href":"https:\/\/www.eldiario.net\/portal\/wp-json\/wp\/v2\/tags?post=193491"}],"curies":[{"name":"wp","href":"https:\/\/api.w.org\/{rel}","templated":true}]}}