{"id":193488,"date":"2023-12-18T06:23:11","date_gmt":"2023-12-18T10:23:11","guid":{"rendered":"https:\/\/www.eldiario.net\/portal\/?p=193488"},"modified":"2023-12-18T06:23:11","modified_gmt":"2023-12-18T10:23:11","slug":"notifican-aumento-de-enfermedad-respiratoria-en-menores-de-4-anos","status":"publish","type":"post","link":"https:\/\/www.eldiario.net\/portal\/2023\/12\/18\/notifican-aumento-de-enfermedad-respiratoria-en-menores-de-4-anos\/","title":{"rendered":"Notifican aumento de enfermedad  respiratoria en menores de 4 a\u00f1os"},"content":{"rendered":"<p>Las tasas de casos de infecciones respiratorias agudas graves (SARI, por sus siglas en ingl\u00e9s) en la Uni\u00f3n Europea y el Espacio Econ\u00f3mico Europeo (UE\/EEE), Espa\u00f1a y Alemania notificaron aumentos de incidencia en las \u00faltimas tres semanas en edades de 0 a 4 a\u00f1os, seg\u00fan informe del Centro Europeo para la Prevenci\u00f3n y el Control de las Enfermedades (ECDC).<br \/>\nSin embargo, el ECDC aclara que la disponibilidad actual de datos relativos a la gravedad de la enfermedad a partir de los sistemas SARI es limitada, ya que solo seis pa\u00edses han notificado estos datos al ECDC desde la semana del 27 de septiembre de 2023.<br \/>\nAdem\u00e1s, es importante tener en cuenta que se esperan retrasos en la notificaci\u00f3n de los datos de las SARI, ya que parte de la informaci\u00f3n relacionada con los casos solo puede estar disponible despu\u00e9s del alta y la recopilaci\u00f3n de datos cl\u00ednicos.<br \/>\nVIGILANCIA DE LA<br \/>\nENFERMEDAD GRAVE<br \/>\nEntre la semana del 17 de julio y la del 25 de octubre de 2023, se observ\u00f3 un aumento de la positividad conjunta de las pruebas del SARS-CoV-2 entre los casos de SARI en las personas de 15 a 64 a\u00f1os y en las mayores de 65 a\u00f1os, con un panorama desigual a nivel de pa\u00eds, pues solo seis pa\u00edses notificaron datos.<br \/>\nSin embargo, se observ\u00f3 una tendencia decreciente en estos grupos de edad desde la mencionada semana del 25 de octubre, que puede atribuirse en parte a retrasos en la notificaci\u00f3n.<br \/>\nA nivel de la UE\/EEE, los ingresos hospitalarios no centinela covid-19, las tasas de UCI y las tasas de mortalidad aumentaron gradualmente desde la semana del 4 de septiembre de 2023, reflejando los datos notificados por los sistemas centinela.<br \/>\n\u00abLa tendencia descendente observada en los ingresos hospitalarios no centinela por covid-19, las tasas de UCI y las tasas de mortalidad durante las \u00faltimas una o dos semanas es muy probablemente atribuible tambi\u00e9n a los retrasos en la notificaci\u00f3n\u00bb, concluyen desde el ECDC.<br \/>\nDATOS DE GRIPE,<br \/>\nCOVID-19 Y VRS EN<br \/>\nEUROPA<br \/>\nEn Atenci\u00f3n Primaria, la proporci\u00f3n de infecciones respiratorias agudas debidas al SARS-CoV-2 se mantuvo alta (por encima del 10%) desde la semana del 22 de junio de este a\u00f1o, con una ligera tendencia al alza desde la semana del 27 de septiembre. En la semana del 22 de noviembre, la positividad conjunta de las pruebas en Atenci\u00f3n Primaria fue del 24 por ciento (mediana del 19%, datos de 14 pa\u00edses).<br \/>\nA nivel de pa\u00eds, durante este per\u00edodo se observaron tendencias de aumento y disminuci\u00f3n de la positividad de la prueba del SARS-CoV-2, lo que indica variabilidad regional. \u00abEs importante se\u00f1alar que el tama\u00f1o de los sistemas centinela y el n\u00famero de pruebas var\u00edan considerablemente de un pa\u00eds a otro, lo que influye en la precisi\u00f3n de los an\u00e1lisis de tendencias\u00bb, aclaran desde el centro europeo. No obstante, estas cifras concuerdan con las detecciones de SARS-CoV-2 observadas en muestras respiratorias, recogidas fuera de los centros centinela de vigilancia.<br \/>\nAdem\u00e1s del covid, las infecciones debidas al Virus Respiratorio Sincitial (VRS) fueron en constante aumento en las \u00faltimas semanas. A escala de la UE y el EEE, la positividad conjunta de las pruebas en Atenci\u00f3n Primaria fue del 11 por ciento (mediana del 3%, datos de 12 pa\u00edses) en la semana del 22 de noviembre. En general, la circulaci\u00f3n del VRS se intensific\u00f3 m\u00e1s tarde que el a\u00f1o anterior y la positividad sigue siendo menos de la mitad del m\u00e1ximo alcanzado el a\u00f1o pasado.<br \/>\nEn cuanto a la gripe, su actividad se mantiene a un nivel bajo, aunque las evaluaciones cualitativas realizadas por los pa\u00edses indican un aumento de la intensidad de la actividad de la gripe y de la propagaci\u00f3n geogr\u00e1fica en varios pa\u00edses.<br \/>\nEn general, la positividad conjunta de las pruebas en Atenci\u00f3n Primaria fue del 4 por ciento en la semana del 22 de noviembre (mediana del 3%, datos de 15 pa\u00edses), y tres pa\u00edses (Estonia, Grecia y Lituania) superaron el 10 por ciento de positividad.<br \/>\nLos tres tipos\/subtipos de virus de la gripe (A(H1)pdm09, A(H3) y B) cocirculan. A\u00fan no es posible determinar si estos aumentos iniciales representan el inicio de la temporada de gripe 2023\/24, ya que no hay un subtipo claro de virus dominante, ni se confirmaron aumentos sostenidos durante un n\u00famero suficiente de semanas. (Europa Press)<\/p>\n","protected":false},"excerpt":{"rendered":"<p>Las tasas de casos de infecciones respiratorias agudas graves (SARI, por sus siglas en ingl\u00e9s) en la Uni\u00f3n Europea y el Espacio Econ\u00f3mico Europeo (UE\/EEE), Espa\u00f1a y Alemania notificaron aumentos de incidencia en las \u00faltimas tres semanas en edades de 0 a 4 a\u00f1os, seg\u00fan informe del Centro Europeo para la Prevenci\u00f3n y el Control [&hellip;]<\/p>\n","protected":false},"author":1,"featured_media":193489,"comment_status":"closed","ping_status":"open","sticky":false,"template":"","format":"standard","meta":{"_acf_changed":false,"footnotes":""},"categories":[3],"tags":[],"class_list":["post-193488","post","type-post","status-publish","format-standard","has-post-thumbnail","category-internacional"],"acf":{"antetitulo":""},"yoast_head":"<!-- This site is optimized with the Yoast SEO plugin v28.4 - https:\/\/yoast.com\/product\/yoast-seo-wordpress\/ -->\n<title>Notifican aumento de enfermedad respiratoria en menores de 4 a\u00f1os - El Diario - Bolivia<\/title>\n<meta name=\"robots\" content=\"index, follow, max-snippet:-1, max-image-preview:large, max-video-preview:-1\" \/>\n<link rel=\"canonical\" href=\"https:\/\/www.eldiario.net\/portal\/2023\/12\/18\/notifican-aumento-de-enfermedad-respiratoria-en-menores-de-4-anos\/\" \/>\n<meta property=\"og:locale\" content=\"es_ES\" \/>\n<meta property=\"og:type\" content=\"article\" \/>\n<meta property=\"og:title\" content=\"Notifican aumento de enfermedad respiratoria en menores de 4 a\u00f1os - El Diario - Bolivia\" \/>\n<meta property=\"og:description\" content=\"Las tasas de casos de infecciones respiratorias agudas graves (SARI, por sus siglas en ingl\u00e9s) en la Uni\u00f3n Europea y el Espacio Econ\u00f3mico Europeo (UE\/EEE), Espa\u00f1a y Alemania notificaron aumentos de incidencia en las \u00faltimas tres semanas en edades de 0 a 4 a\u00f1os, seg\u00fan informe del Centro Europeo para la Prevenci\u00f3n y el Control [&hellip;]\" \/>\n<meta property=\"og:url\" content=\"https:\/\/www.eldiario.net\/portal\/2023\/12\/18\/notifican-aumento-de-enfermedad-respiratoria-en-menores-de-4-anos\/\" \/>\n<meta property=\"og:site_name\" content=\"El Diario - Bolivia\" \/>\n<meta property=\"article:publisher\" content=\"https:\/\/www.facebook.com\/eldiario.bolivia\/\" \/>\n<meta property=\"article:published_time\" content=\"2023-12-18T10:23:11+00:00\" \/>\n<meta property=\"og:image\" content=\"https:\/\/www.eldiario.net\/portal\/wp-content\/uploads\/2023\/12\/VACUNA.jpeg\" \/>\n\t<meta property=\"og:image:width\" content=\"650\" \/>\n\t<meta property=\"og:image:height\" content=\"430\" \/>\n\t<meta property=\"og:image:type\" content=\"image\/jpeg\" \/>\n<meta name=\"author\" content=\"Jeanette\" \/>\n<meta name=\"twitter:card\" content=\"summary_large_image\" \/>\n<meta name=\"twitter:creator\" content=\"@eldiario_net\" \/>\n<meta name=\"twitter:site\" content=\"@eldiario_net\" \/>\n<meta name=\"twitter:label1\" content=\"Escrito por\" \/>\n\t<meta name=\"twitter:data1\" content=\"Jeanette\" \/>\n\t<meta name=\"twitter:label2\" content=\"Tiempo de lectura\" \/>\n\t<meta name=\"twitter:data2\" content=\"4 minutos\" \/>\n<script type=\"application\/ld+json\" class=\"yoast-schema-graph\">{\"@context\":\"https:\\\/\\\/schema.org\",\"@graph\":[{\"@type\":\"Article\",\"@id\":\"https:\\\/\\\/www.eldiario.net\\\/portal\\\/2023\\\/12\\\/18\\\/notifican-aumento-de-enfermedad-respiratoria-en-menores-de-4-anos\\\/#article\",\"isPartOf\":{\"@id\":\"https:\\\/\\\/www.eldiario.net\\\/portal\\\/2023\\\/12\\\/18\\\/notifican-aumento-de-enfermedad-respiratoria-en-menores-de-4-anos\\\/\"},\"author\":{\"name\":\"Jeanette\",\"@id\":\"https:\\\/\\\/www.eldiario.net\\\/portal\\\/#\\\/schema\\\/person\\\/f46445640444750d7d753ccd04ae01b7\"},\"headline\":\"Notifican aumento de enfermedad respiratoria en menores de 4 a\u00f1os\",\"datePublished\":\"2023-12-18T10:23:11+00:00\",\"mainEntityOfPage\":{\"@id\":\"https:\\\/\\\/www.eldiario.net\\\/portal\\\/2023\\\/12\\\/18\\\/notifican-aumento-de-enfermedad-respiratoria-en-menores-de-4-anos\\\/\"},\"wordCount\":753,\"publisher\":{\"@id\":\"https:\\\/\\\/www.eldiario.net\\\/portal\\\/#organization\"},\"image\":{\"@id\":\"https:\\\/\\\/www.eldiario.net\\\/portal\\\/2023\\\/12\\\/18\\\/notifican-aumento-de-enfermedad-respiratoria-en-menores-de-4-anos\\\/#primaryimage\"},\"thumbnailUrl\":\"https:\\\/\\\/www.eldiario.net\\\/portal\\\/wp-content\\\/uploads\\\/2023\\\/12\\\/VACUNA.jpeg\",\"articleSection\":[\"Internacional\"],\"inLanguage\":\"es\"},{\"@type\":\"WebPage\",\"@id\":\"https:\\\/\\\/www.eldiario.net\\\/portal\\\/2023\\\/12\\\/18\\\/notifican-aumento-de-enfermedad-respiratoria-en-menores-de-4-anos\\\/\",\"url\":\"https:\\\/\\\/www.eldiario.net\\\/portal\\\/2023\\\/12\\\/18\\\/notifican-aumento-de-enfermedad-respiratoria-en-menores-de-4-anos\\\/\",\"name\":\"Notifican aumento de enfermedad respiratoria en menores de 4 a\u00f1os - El Diario - Bolivia\",\"isPartOf\":{\"@id\":\"https:\\\/\\\/www.eldiario.net\\\/portal\\\/#website\"},\"primaryImageOfPage\":{\"@id\":\"https:\\\/\\\/www.eldiario.net\\\/portal\\\/2023\\\/12\\\/18\\\/notifican-aumento-de-enfermedad-respiratoria-en-menores-de-4-anos\\\/#primaryimage\"},\"image\":{\"@id\":\"https:\\\/\\\/www.eldiario.net\\\/portal\\\/2023\\\/12\\\/18\\\/notifican-aumento-de-enfermedad-respiratoria-en-menores-de-4-anos\\\/#primaryimage\"},\"thumbnailUrl\":\"https:\\\/\\\/www.eldiario.net\\\/portal\\\/wp-content\\\/uploads\\\/2023\\\/12\\\/VACUNA.jpeg\",\"datePublished\":\"2023-12-18T10:23:11+00:00\",\"breadcrumb\":{\"@id\":\"https:\\\/\\\/www.eldiario.net\\\/portal\\\/2023\\\/12\\\/18\\\/notifican-aumento-de-enfermedad-respiratoria-en-menores-de-4-anos\\\/#breadcrumb\"},\"inLanguage\":\"es\",\"potentialAction\":[{\"@type\":\"ReadAction\",\"target\":[\"https:\\\/\\\/www.eldiario.net\\\/portal\\\/2023\\\/12\\\/18\\\/notifican-aumento-de-enfermedad-respiratoria-en-menores-de-4-anos\\\/\"]}]},{\"@type\":\"ImageObject\",\"inLanguage\":\"es\",\"@id\":\"https:\\\/\\\/www.eldiario.net\\\/portal\\\/2023\\\/12\\\/18\\\/notifican-aumento-de-enfermedad-respiratoria-en-menores-de-4-anos\\\/#primaryimage\",\"url\":\"https:\\\/\\\/www.eldiario.net\\\/portal\\\/wp-content\\\/uploads\\\/2023\\\/12\\\/VACUNA.jpeg\",\"contentUrl\":\"https:\\\/\\\/www.eldiario.net\\\/portal\\\/wp-content\\\/uploads\\\/2023\\\/12\\\/VACUNA.jpeg\",\"width\":650,\"height\":430,\"caption\":\"LAS TENDENCIAS SEG\u00daN LOS DATOS SON DESDE CERO A CUATRO A\u00d1OS CON M\u00c1S INCIDENCIA.\"},{\"@type\":\"BreadcrumbList\",\"@id\":\"https:\\\/\\\/www.eldiario.net\\\/portal\\\/2023\\\/12\\\/18\\\/notifican-aumento-de-enfermedad-respiratoria-en-menores-de-4-anos\\\/#breadcrumb\",\"itemListElement\":[{\"@type\":\"ListItem\",\"position\":1,\"name\":\"Portada\",\"item\":\"https:\\\/\\\/www.eldiario.net\\\/portal\\\/\"},{\"@type\":\"ListItem\",\"position\":2,\"name\":\"Notifican aumento de enfermedad respiratoria en menores de 4 a\u00f1os\"}]},{\"@type\":\"WebSite\",\"@id\":\"https:\\\/\\\/www.eldiario.net\\\/portal\\\/#website\",\"url\":\"https:\\\/\\\/www.eldiario.net\\\/portal\\\/\",\"name\":\"El Diario - Decano de la prensa nacional\",\"description\":\"El Diario - Decano de la prensa nacional\",\"publisher\":{\"@id\":\"https:\\\/\\\/www.eldiario.net\\\/portal\\\/#organization\"},\"potentialAction\":[{\"@type\":\"SearchAction\",\"target\":{\"@type\":\"EntryPoint\",\"urlTemplate\":\"https:\\\/\\\/www.eldiario.net\\\/portal\\\/?s={search_term_string}\"},\"query-input\":{\"@type\":\"PropertyValueSpecification\",\"valueRequired\":true,\"valueName\":\"search_term_string\"}}],\"inLanguage\":\"es\"},{\"@type\":\"Organization\",\"@id\":\"https:\\\/\\\/www.eldiario.net\\\/portal\\\/#organization\",\"name\":\"El Diario - Decano de la prensa nacional\",\"url\":\"https:\\\/\\\/www.eldiario.net\\\/portal\\\/\",\"logo\":{\"@type\":\"ImageObject\",\"inLanguage\":\"es\",\"@id\":\"https:\\\/\\\/www.eldiario.net\\\/portal\\\/#\\\/schema\\\/logo\\\/image\\\/\",\"url\":\"https:\\\/\\\/www.eldiario.net\\\/portal\\\/wp-content\\\/uploads\\\/2023\\\/07\\\/logo_ED.jpg\",\"contentUrl\":\"https:\\\/\\\/www.eldiario.net\\\/portal\\\/wp-content\\\/uploads\\\/2023\\\/07\\\/logo_ED.jpg\",\"width\":272,\"height\":52,\"caption\":\"El Diario - Decano de la prensa nacional\"},\"image\":{\"@id\":\"https:\\\/\\\/www.eldiario.net\\\/portal\\\/#\\\/schema\\\/logo\\\/image\\\/\"},\"sameAs\":[\"https:\\\/\\\/www.facebook.com\\\/eldiario.bolivia\\\/\",\"https:\\\/\\\/x.com\\\/eldiario_net\"]},{\"@type\":\"Person\",\"@id\":\"https:\\\/\\\/www.eldiario.net\\\/portal\\\/#\\\/schema\\\/person\\\/f46445640444750d7d753ccd04ae01b7\",\"name\":\"Jeanette\",\"image\":{\"@type\":\"ImageObject\",\"inLanguage\":\"es\",\"@id\":\"https:\\\/\\\/secure.gravatar.com\\\/avatar\\\/3ea2118a5f7dad2b7138b1187a6b7ee55f160b9968b66013c3a3ef39dd7e5798?s=96&d=mm&r=g\",\"url\":\"https:\\\/\\\/secure.gravatar.com\\\/avatar\\\/3ea2118a5f7dad2b7138b1187a6b7ee55f160b9968b66013c3a3ef39dd7e5798?s=96&d=mm&r=g\",\"contentUrl\":\"https:\\\/\\\/secure.gravatar.com\\\/avatar\\\/3ea2118a5f7dad2b7138b1187a6b7ee55f160b9968b66013c3a3ef39dd7e5798?s=96&d=mm&r=g\",\"caption\":\"Jeanette\"},\"sameAs\":[\"https:\\\/\\\/www.eldiario.net\\\/portal\"],\"url\":\"https:\\\/\\\/www.eldiario.net\\\/portal\\\/author\\\/jeanette\\\/\"}]}<\/script>\n<!-- \/ Yoast SEO plugin. -->","yoast_head_json":{"title":"Notifican aumento de enfermedad respiratoria en menores de 4 a\u00f1os - El Diario - Bolivia","robots":{"index":"index","follow":"follow","max-snippet":"max-snippet:-1","max-image-preview":"max-image-preview:large","max-video-preview":"max-video-preview:-1"},"canonical":"https:\/\/www.eldiario.net\/portal\/2023\/12\/18\/notifican-aumento-de-enfermedad-respiratoria-en-menores-de-4-anos\/","og_locale":"es_ES","og_type":"article","og_title":"Notifican aumento de enfermedad respiratoria en menores de 4 a\u00f1os - El Diario - Bolivia","og_description":"Las tasas de casos de infecciones respiratorias agudas graves (SARI, por sus siglas en ingl\u00e9s) en la Uni\u00f3n Europea y el Espacio Econ\u00f3mico Europeo (UE\/EEE), Espa\u00f1a y Alemania notificaron aumentos de incidencia en las \u00faltimas tres semanas en edades de 0 a 4 a\u00f1os, seg\u00fan informe del Centro Europeo para la Prevenci\u00f3n y el Control [&hellip;]","og_url":"https:\/\/www.eldiario.net\/portal\/2023\/12\/18\/notifican-aumento-de-enfermedad-respiratoria-en-menores-de-4-anos\/","og_site_name":"El Diario - Bolivia","article_publisher":"https:\/\/www.facebook.com\/eldiario.bolivia\/","article_published_time":"2023-12-18T10:23:11+00:00","og_image":[{"width":650,"height":430,"url":"https:\/\/www.eldiario.net\/portal\/wp-content\/uploads\/2023\/12\/VACUNA.jpeg","type":"image\/jpeg"}],"author":"Jeanette","twitter_card":"summary_large_image","twitter_creator":"@eldiario_net","twitter_site":"@eldiario_net","twitter_misc":{"Escrito por":"Jeanette","Tiempo de lectura":"4 minutos"},"schema":{"@context":"https:\/\/schema.org","@graph":[{"@type":"Article","@id":"https:\/\/www.eldiario.net\/portal\/2023\/12\/18\/notifican-aumento-de-enfermedad-respiratoria-en-menores-de-4-anos\/#article","isPartOf":{"@id":"https:\/\/www.eldiario.net\/portal\/2023\/12\/18\/notifican-aumento-de-enfermedad-respiratoria-en-menores-de-4-anos\/"},"author":{"name":"Jeanette","@id":"https:\/\/www.eldiario.net\/portal\/#\/schema\/person\/f46445640444750d7d753ccd04ae01b7"},"headline":"Notifican aumento de enfermedad respiratoria en menores de 4 a\u00f1os","datePublished":"2023-12-18T10:23:11+00:00","mainEntityOfPage":{"@id":"https:\/\/www.eldiario.net\/portal\/2023\/12\/18\/notifican-aumento-de-enfermedad-respiratoria-en-menores-de-4-anos\/"},"wordCount":753,"publisher":{"@id":"https:\/\/www.eldiario.net\/portal\/#organization"},"image":{"@id":"https:\/\/www.eldiario.net\/portal\/2023\/12\/18\/notifican-aumento-de-enfermedad-respiratoria-en-menores-de-4-anos\/#primaryimage"},"thumbnailUrl":"https:\/\/www.eldiario.net\/portal\/wp-content\/uploads\/2023\/12\/VACUNA.jpeg","articleSection":["Internacional"],"inLanguage":"es"},{"@type":"WebPage","@id":"https:\/\/www.eldiario.net\/portal\/2023\/12\/18\/notifican-aumento-de-enfermedad-respiratoria-en-menores-de-4-anos\/","url":"https:\/\/www.eldiario.net\/portal\/2023\/12\/18\/notifican-aumento-de-enfermedad-respiratoria-en-menores-de-4-anos\/","name":"Notifican aumento de enfermedad respiratoria en menores de 4 a\u00f1os - El Diario - Bolivia","isPartOf":{"@id":"https:\/\/www.eldiario.net\/portal\/#website"},"primaryImageOfPage":{"@id":"https:\/\/www.eldiario.net\/portal\/2023\/12\/18\/notifican-aumento-de-enfermedad-respiratoria-en-menores-de-4-anos\/#primaryimage"},"image":{"@id":"https:\/\/www.eldiario.net\/portal\/2023\/12\/18\/notifican-aumento-de-enfermedad-respiratoria-en-menores-de-4-anos\/#primaryimage"},"thumbnailUrl":"https:\/\/www.eldiario.net\/portal\/wp-content\/uploads\/2023\/12\/VACUNA.jpeg","datePublished":"2023-12-18T10:23:11+00:00","breadcrumb":{"@id":"https:\/\/www.eldiario.net\/portal\/2023\/12\/18\/notifican-aumento-de-enfermedad-respiratoria-en-menores-de-4-anos\/#breadcrumb"},"inLanguage":"es","potentialAction":[{"@type":"ReadAction","target":["https:\/\/www.eldiario.net\/portal\/2023\/12\/18\/notifican-aumento-de-enfermedad-respiratoria-en-menores-de-4-anos\/"]}]},{"@type":"ImageObject","inLanguage":"es","@id":"https:\/\/www.eldiario.net\/portal\/2023\/12\/18\/notifican-aumento-de-enfermedad-respiratoria-en-menores-de-4-anos\/#primaryimage","url":"https:\/\/www.eldiario.net\/portal\/wp-content\/uploads\/2023\/12\/VACUNA.jpeg","contentUrl":"https:\/\/www.eldiario.net\/portal\/wp-content\/uploads\/2023\/12\/VACUNA.jpeg","width":650,"height":430,"caption":"LAS TENDENCIAS SEG\u00daN LOS DATOS SON DESDE CERO A CUATRO A\u00d1OS CON M\u00c1S INCIDENCIA."},{"@type":"BreadcrumbList","@id":"https:\/\/www.eldiario.net\/portal\/2023\/12\/18\/notifican-aumento-de-enfermedad-respiratoria-en-menores-de-4-anos\/#breadcrumb","itemListElement":[{"@type":"ListItem","position":1,"name":"Portada","item":"https:\/\/www.eldiario.net\/portal\/"},{"@type":"ListItem","position":2,"name":"Notifican aumento de enfermedad respiratoria en menores de 4 a\u00f1os"}]},{"@type":"WebSite","@id":"https:\/\/www.eldiario.net\/portal\/#website","url":"https:\/\/www.eldiario.net\/portal\/","name":"El Diario - Decano de la prensa nacional","description":"El Diario - Decano de la prensa nacional","publisher":{"@id":"https:\/\/www.eldiario.net\/portal\/#organization"},"potentialAction":[{"@type":"SearchAction","target":{"@type":"EntryPoint","urlTemplate":"https:\/\/www.eldiario.net\/portal\/?s={search_term_string}"},"query-input":{"@type":"PropertyValueSpecification","valueRequired":true,"valueName":"search_term_string"}}],"inLanguage":"es"},{"@type":"Organization","@id":"https:\/\/www.eldiario.net\/portal\/#organization","name":"El Diario - Decano de la prensa nacional","url":"https:\/\/www.eldiario.net\/portal\/","logo":{"@type":"ImageObject","inLanguage":"es","@id":"https:\/\/www.eldiario.net\/portal\/#\/schema\/logo\/image\/","url":"https:\/\/www.eldiario.net\/portal\/wp-content\/uploads\/2023\/07\/logo_ED.jpg","contentUrl":"https:\/\/www.eldiario.net\/portal\/wp-content\/uploads\/2023\/07\/logo_ED.jpg","width":272,"height":52,"caption":"El Diario - Decano de la prensa nacional"},"image":{"@id":"https:\/\/www.eldiario.net\/portal\/#\/schema\/logo\/image\/"},"sameAs":["https:\/\/www.facebook.com\/eldiario.bolivia\/","https:\/\/x.com\/eldiario_net"]},{"@type":"Person","@id":"https:\/\/www.eldiario.net\/portal\/#\/schema\/person\/f46445640444750d7d753ccd04ae01b7","name":"Jeanette","image":{"@type":"ImageObject","inLanguage":"es","@id":"https:\/\/secure.gravatar.com\/avatar\/3ea2118a5f7dad2b7138b1187a6b7ee55f160b9968b66013c3a3ef39dd7e5798?s=96&d=mm&r=g","url":"https:\/\/secure.gravatar.com\/avatar\/3ea2118a5f7dad2b7138b1187a6b7ee55f160b9968b66013c3a3ef39dd7e5798?s=96&d=mm&r=g","contentUrl":"https:\/\/secure.gravatar.com\/avatar\/3ea2118a5f7dad2b7138b1187a6b7ee55f160b9968b66013c3a3ef39dd7e5798?s=96&d=mm&r=g","caption":"Jeanette"},"sameAs":["https:\/\/www.eldiario.net\/portal"],"url":"https:\/\/www.eldiario.net\/portal\/author\/jeanette\/"}]}},"_links":{"self":[{"href":"https:\/\/www.eldiario.net\/portal\/wp-json\/wp\/v2\/posts\/193488","targetHints":{"allow":["GET"]}}],"collection":[{"href":"https:\/\/www.eldiario.net\/portal\/wp-json\/wp\/v2\/posts"}],"about":[{"href":"https:\/\/www.eldiario.net\/portal\/wp-json\/wp\/v2\/types\/post"}],"author":[{"embeddable":true,"href":"https:\/\/www.eldiario.net\/portal\/wp-json\/wp\/v2\/users\/1"}],"replies":[{"embeddable":true,"href":"https:\/\/www.eldiario.net\/portal\/wp-json\/wp\/v2\/comments?post=193488"}],"version-history":[{"count":0,"href":"https:\/\/www.eldiario.net\/portal\/wp-json\/wp\/v2\/posts\/193488\/revisions"}],"wp:featuredmedia":[{"embeddable":true,"href":"https:\/\/www.eldiario.net\/portal\/wp-json\/wp\/v2\/media\/193489"}],"wp:attachment":[{"href":"https:\/\/www.eldiario.net\/portal\/wp-json\/wp\/v2\/media?parent=193488"}],"wp:term":[{"taxonomy":"category","embeddable":true,"href":"https:\/\/www.eldiario.net\/portal\/wp-json\/wp\/v2\/categories?post=193488"},{"taxonomy":"post_tag","embeddable":true,"href":"https:\/\/www.eldiario.net\/portal\/wp-json\/wp\/v2\/tags?post=193488"}],"curies":[{"name":"wp","href":"https:\/\/api.w.org\/{rel}","templated":true}]}}