{"id":193486,"date":"2023-12-18T06:22:21","date_gmt":"2023-12-18T10:22:21","guid":{"rendered":"https:\/\/www.eldiario.net\/portal\/?p=193486"},"modified":"2023-12-18T06:22:21","modified_gmt":"2023-12-18T10:22:21","slug":"primer-vuelo-de-aeroplano-a-motor-cumplio-120-anos","status":"publish","type":"post","link":"https:\/\/www.eldiario.net\/portal\/2023\/12\/18\/primer-vuelo-de-aeroplano-a-motor-cumplio-120-anos\/","title":{"rendered":"Primer vuelo de aeroplano a motor cumpli\u00f3 120 a\u00f1os"},"content":{"rendered":"<p>La gesta del primer vuelo controlado de la historia conseguida en un aeroplano propulsado, dise\u00f1ado por los hermanos Wilbur y Orville Wright, cumpli\u00f3 120 a\u00f1os.<br \/>\nAquella gesta de finales de 1903, que dio paso a la era de la aviaci\u00f3n, elev\u00f3 el aparato unos 40 metros durante 12 segundos en Kitty Hawk, Carolina del Norte.<br \/>\nAntes de que Orville surcara los cielos a bordo de su aeroplano, su hermano ya lo hab\u00eda intentado con el mismo aparato. No obstante, el destino quiso que fuera Orville y no Wilbur el que pasara a la historia por lograr el primer vuelo.<br \/>\nTras haber superado multitud de dificultades y realizado, cientos de experimentos, el 14 de diciembre de 1903 los hermanos Wright ten\u00edan listo su aeroplano y Wilbur fue el elegido para probarlo, aunque sin mucho \u00e9xito. Logr\u00f3 levantarse poco m\u00e1s de 3 metros y recorrer unos 20 metros, pero perdi\u00f3 impulso y acab\u00f3 estrell\u00e1ndose sin resultar herido. Tres d\u00edas despu\u00e9s, Orville lo consigui\u00f3.<br \/>\nANTES VEND\u00cdAN BICICLETAS<br \/>\nAntes de inventar el primer aeroplano, los hermanos Wright vend\u00edan bicicletas en su propia tienda y no ten\u00edan muchos conocimientos t\u00e9cnicos, aunque su pasi\u00f3n por volar logr\u00f3 salvar esos obst\u00e1culos y los convirti\u00f3 en unos expertos en la materia.<br \/>\nDe hecho, antes de acometer cualquier intento de volar los hermanos se documentaron de manera exhaustiva y contactaron con todo tipo de expertos que les aconsejaron en temas como el motor que deb\u00eda utilizarse o incluso el mejor lugar para probar suerte, sin dejar ning\u00fan detalle a la improvisaci\u00f3n.<br \/>\nEL EJ\u00c9RCITO RECHAZ\u00d3 SU INVENTO EN UN PRINCIPIO<br \/>\nLos hermanos Wright contactaron con el ej\u00e9rcito de Estados Unidos en 1905 para ofrecerle su invento, pero su propuesta fue rechazada ante el celo que mostraban los hermanos a la hora de dar detalles t\u00e9cnicos sobre su aeroplano y las malas experiencias que hab\u00eda tenido el ej\u00e9rcito antes con otros inventores que ofrec\u00edan lo mismo.<br \/>\nDos a\u00f1os despu\u00e9s, y ante la celebridad que hab\u00edan ganado los hermanos en el mundo con sus vuelos, el ej\u00e9rcito cambi\u00f3 de opini\u00f3n y decidi\u00f3 comprarle un aeroplano. El vuelo de inauguraci\u00f3n result\u00f3 ser una tragedia.<br \/>\nEl teniente Thomas E. Selfridge que viajaba a bordo del aparato muri\u00f3 y Orville, a los mandos, result\u00f3 gravemente herido despu\u00e9s de un fallo mec\u00e1nico que hizo que el aparato se estrellase en una exhibici\u00f3n en el Fuerte Myer, Virginia, en 1908. (Europa Press)<\/p>\n","protected":false},"excerpt":{"rendered":"<p>La gesta del primer vuelo controlado de la historia conseguida en un aeroplano propulsado, dise\u00f1ado por los hermanos Wilbur y Orville Wright, cumpli\u00f3 120 a\u00f1os. Aquella gesta de finales de 1903, que dio paso a la era de la aviaci\u00f3n, elev\u00f3 el aparato unos 40 metros durante 12 segundos en Kitty Hawk, Carolina del Norte. [&hellip;]<\/p>\n","protected":false},"author":1,"featured_media":0,"comment_status":"closed","ping_status":"open","sticky":false,"template":"","format":"standard","meta":{"_acf_changed":false,"footnotes":""},"categories":[3],"tags":[],"class_list":["post-193486","post","type-post","status-publish","format-standard","category-internacional"],"acf":{"antetitulo":""},"yoast_head":"<!-- This site is optimized with the Yoast SEO plugin v28.4 - https:\/\/yoast.com\/product\/yoast-seo-wordpress\/ -->\n<title>Primer vuelo de aeroplano a motor cumpli\u00f3 120 a\u00f1os - El Diario - Bolivia<\/title>\n<meta name=\"robots\" content=\"index, follow, max-snippet:-1, max-image-preview:large, max-video-preview:-1\" \/>\n<link rel=\"canonical\" href=\"https:\/\/www.eldiario.net\/portal\/2023\/12\/18\/primer-vuelo-de-aeroplano-a-motor-cumplio-120-anos\/\" \/>\n<meta property=\"og:locale\" content=\"es_ES\" \/>\n<meta property=\"og:type\" content=\"article\" \/>\n<meta property=\"og:title\" content=\"Primer vuelo de aeroplano a motor cumpli\u00f3 120 a\u00f1os - El Diario - Bolivia\" \/>\n<meta property=\"og:description\" content=\"La gesta del primer vuelo controlado de la historia conseguida en un aeroplano propulsado, dise\u00f1ado por los hermanos Wilbur y Orville Wright, cumpli\u00f3 120 a\u00f1os. Aquella gesta de finales de 1903, que dio paso a la era de la aviaci\u00f3n, elev\u00f3 el aparato unos 40 metros durante 12 segundos en Kitty Hawk, Carolina del Norte. [&hellip;]\" \/>\n<meta property=\"og:url\" content=\"https:\/\/www.eldiario.net\/portal\/2023\/12\/18\/primer-vuelo-de-aeroplano-a-motor-cumplio-120-anos\/\" \/>\n<meta property=\"og:site_name\" content=\"El Diario - Bolivia\" \/>\n<meta property=\"article:publisher\" content=\"https:\/\/www.facebook.com\/eldiario.bolivia\/\" \/>\n<meta property=\"article:published_time\" content=\"2023-12-18T10:22:21+00:00\" \/>\n<meta name=\"author\" content=\"Jeanette\" \/>\n<meta name=\"twitter:card\" content=\"summary_large_image\" \/>\n<meta name=\"twitter:creator\" content=\"@eldiario_net\" \/>\n<meta name=\"twitter:site\" content=\"@eldiario_net\" \/>\n<meta name=\"twitter:label1\" content=\"Escrito por\" \/>\n\t<meta name=\"twitter:data1\" content=\"Jeanette\" \/>\n\t<meta name=\"twitter:label2\" content=\"Tiempo de lectura\" \/>\n\t<meta name=\"twitter:data2\" content=\"2 minutos\" \/>\n<script type=\"application\/ld+json\" class=\"yoast-schema-graph\">{\"@context\":\"https:\\\/\\\/schema.org\",\"@graph\":[{\"@type\":\"Article\",\"@id\":\"https:\\\/\\\/www.eldiario.net\\\/portal\\\/2023\\\/12\\\/18\\\/primer-vuelo-de-aeroplano-a-motor-cumplio-120-anos\\\/#article\",\"isPartOf\":{\"@id\":\"https:\\\/\\\/www.eldiario.net\\\/portal\\\/2023\\\/12\\\/18\\\/primer-vuelo-de-aeroplano-a-motor-cumplio-120-anos\\\/\"},\"author\":{\"name\":\"Jeanette\",\"@id\":\"https:\\\/\\\/www.eldiario.net\\\/portal\\\/#\\\/schema\\\/person\\\/f46445640444750d7d753ccd04ae01b7\"},\"headline\":\"Primer vuelo de aeroplano a motor cumpli\u00f3 120 a\u00f1os\",\"datePublished\":\"2023-12-18T10:22:21+00:00\",\"mainEntityOfPage\":{\"@id\":\"https:\\\/\\\/www.eldiario.net\\\/portal\\\/2023\\\/12\\\/18\\\/primer-vuelo-de-aeroplano-a-motor-cumplio-120-anos\\\/\"},\"wordCount\":427,\"publisher\":{\"@id\":\"https:\\\/\\\/www.eldiario.net\\\/portal\\\/#organization\"},\"articleSection\":[\"Internacional\"],\"inLanguage\":\"es\"},{\"@type\":\"WebPage\",\"@id\":\"https:\\\/\\\/www.eldiario.net\\\/portal\\\/2023\\\/12\\\/18\\\/primer-vuelo-de-aeroplano-a-motor-cumplio-120-anos\\\/\",\"url\":\"https:\\\/\\\/www.eldiario.net\\\/portal\\\/2023\\\/12\\\/18\\\/primer-vuelo-de-aeroplano-a-motor-cumplio-120-anos\\\/\",\"name\":\"Primer vuelo de aeroplano a motor cumpli\u00f3 120 a\u00f1os - El Diario - Bolivia\",\"isPartOf\":{\"@id\":\"https:\\\/\\\/www.eldiario.net\\\/portal\\\/#website\"},\"datePublished\":\"2023-12-18T10:22:21+00:00\",\"breadcrumb\":{\"@id\":\"https:\\\/\\\/www.eldiario.net\\\/portal\\\/2023\\\/12\\\/18\\\/primer-vuelo-de-aeroplano-a-motor-cumplio-120-anos\\\/#breadcrumb\"},\"inLanguage\":\"es\",\"potentialAction\":[{\"@type\":\"ReadAction\",\"target\":[\"https:\\\/\\\/www.eldiario.net\\\/portal\\\/2023\\\/12\\\/18\\\/primer-vuelo-de-aeroplano-a-motor-cumplio-120-anos\\\/\"]}]},{\"@type\":\"BreadcrumbList\",\"@id\":\"https:\\\/\\\/www.eldiario.net\\\/portal\\\/2023\\\/12\\\/18\\\/primer-vuelo-de-aeroplano-a-motor-cumplio-120-anos\\\/#breadcrumb\",\"itemListElement\":[{\"@type\":\"ListItem\",\"position\":1,\"name\":\"Portada\",\"item\":\"https:\\\/\\\/www.eldiario.net\\\/portal\\\/\"},{\"@type\":\"ListItem\",\"position\":2,\"name\":\"Primer vuelo de aeroplano a motor cumpli\u00f3 120 a\u00f1os\"}]},{\"@type\":\"WebSite\",\"@id\":\"https:\\\/\\\/www.eldiario.net\\\/portal\\\/#website\",\"url\":\"https:\\\/\\\/www.eldiario.net\\\/portal\\\/\",\"name\":\"El Diario - Decano de la prensa nacional\",\"description\":\"El Diario - Decano de la prensa nacional\",\"publisher\":{\"@id\":\"https:\\\/\\\/www.eldiario.net\\\/portal\\\/#organization\"},\"potentialAction\":[{\"@type\":\"SearchAction\",\"target\":{\"@type\":\"EntryPoint\",\"urlTemplate\":\"https:\\\/\\\/www.eldiario.net\\\/portal\\\/?s={search_term_string}\"},\"query-input\":{\"@type\":\"PropertyValueSpecification\",\"valueRequired\":true,\"valueName\":\"search_term_string\"}}],\"inLanguage\":\"es\"},{\"@type\":\"Organization\",\"@id\":\"https:\\\/\\\/www.eldiario.net\\\/portal\\\/#organization\",\"name\":\"El Diario - Decano de la prensa nacional\",\"url\":\"https:\\\/\\\/www.eldiario.net\\\/portal\\\/\",\"logo\":{\"@type\":\"ImageObject\",\"inLanguage\":\"es\",\"@id\":\"https:\\\/\\\/www.eldiario.net\\\/portal\\\/#\\\/schema\\\/logo\\\/image\\\/\",\"url\":\"https:\\\/\\\/www.eldiario.net\\\/portal\\\/wp-content\\\/uploads\\\/2023\\\/07\\\/logo_ED.jpg\",\"contentUrl\":\"https:\\\/\\\/www.eldiario.net\\\/portal\\\/wp-content\\\/uploads\\\/2023\\\/07\\\/logo_ED.jpg\",\"width\":272,\"height\":52,\"caption\":\"El Diario - Decano de la prensa nacional\"},\"image\":{\"@id\":\"https:\\\/\\\/www.eldiario.net\\\/portal\\\/#\\\/schema\\\/logo\\\/image\\\/\"},\"sameAs\":[\"https:\\\/\\\/www.facebook.com\\\/eldiario.bolivia\\\/\",\"https:\\\/\\\/x.com\\\/eldiario_net\"]},{\"@type\":\"Person\",\"@id\":\"https:\\\/\\\/www.eldiario.net\\\/portal\\\/#\\\/schema\\\/person\\\/f46445640444750d7d753ccd04ae01b7\",\"name\":\"Jeanette\",\"image\":{\"@type\":\"ImageObject\",\"inLanguage\":\"es\",\"@id\":\"https:\\\/\\\/secure.gravatar.com\\\/avatar\\\/3ea2118a5f7dad2b7138b1187a6b7ee55f160b9968b66013c3a3ef39dd7e5798?s=96&d=mm&r=g\",\"url\":\"https:\\\/\\\/secure.gravatar.com\\\/avatar\\\/3ea2118a5f7dad2b7138b1187a6b7ee55f160b9968b66013c3a3ef39dd7e5798?s=96&d=mm&r=g\",\"contentUrl\":\"https:\\\/\\\/secure.gravatar.com\\\/avatar\\\/3ea2118a5f7dad2b7138b1187a6b7ee55f160b9968b66013c3a3ef39dd7e5798?s=96&d=mm&r=g\",\"caption\":\"Jeanette\"},\"sameAs\":[\"https:\\\/\\\/www.eldiario.net\\\/portal\"],\"url\":\"https:\\\/\\\/www.eldiario.net\\\/portal\\\/author\\\/jeanette\\\/\"}]}<\/script>\n<!-- \/ Yoast SEO plugin. -->","yoast_head_json":{"title":"Primer vuelo de aeroplano a motor cumpli\u00f3 120 a\u00f1os - El Diario - Bolivia","robots":{"index":"index","follow":"follow","max-snippet":"max-snippet:-1","max-image-preview":"max-image-preview:large","max-video-preview":"max-video-preview:-1"},"canonical":"https:\/\/www.eldiario.net\/portal\/2023\/12\/18\/primer-vuelo-de-aeroplano-a-motor-cumplio-120-anos\/","og_locale":"es_ES","og_type":"article","og_title":"Primer vuelo de aeroplano a motor cumpli\u00f3 120 a\u00f1os - El Diario - Bolivia","og_description":"La gesta del primer vuelo controlado de la historia conseguida en un aeroplano propulsado, dise\u00f1ado por los hermanos Wilbur y Orville Wright, cumpli\u00f3 120 a\u00f1os. Aquella gesta de finales de 1903, que dio paso a la era de la aviaci\u00f3n, elev\u00f3 el aparato unos 40 metros durante 12 segundos en Kitty Hawk, Carolina del Norte. [&hellip;]","og_url":"https:\/\/www.eldiario.net\/portal\/2023\/12\/18\/primer-vuelo-de-aeroplano-a-motor-cumplio-120-anos\/","og_site_name":"El Diario - Bolivia","article_publisher":"https:\/\/www.facebook.com\/eldiario.bolivia\/","article_published_time":"2023-12-18T10:22:21+00:00","author":"Jeanette","twitter_card":"summary_large_image","twitter_creator":"@eldiario_net","twitter_site":"@eldiario_net","twitter_misc":{"Escrito por":"Jeanette","Tiempo de lectura":"2 minutos"},"schema":{"@context":"https:\/\/schema.org","@graph":[{"@type":"Article","@id":"https:\/\/www.eldiario.net\/portal\/2023\/12\/18\/primer-vuelo-de-aeroplano-a-motor-cumplio-120-anos\/#article","isPartOf":{"@id":"https:\/\/www.eldiario.net\/portal\/2023\/12\/18\/primer-vuelo-de-aeroplano-a-motor-cumplio-120-anos\/"},"author":{"name":"Jeanette","@id":"https:\/\/www.eldiario.net\/portal\/#\/schema\/person\/f46445640444750d7d753ccd04ae01b7"},"headline":"Primer vuelo de aeroplano a motor cumpli\u00f3 120 a\u00f1os","datePublished":"2023-12-18T10:22:21+00:00","mainEntityOfPage":{"@id":"https:\/\/www.eldiario.net\/portal\/2023\/12\/18\/primer-vuelo-de-aeroplano-a-motor-cumplio-120-anos\/"},"wordCount":427,"publisher":{"@id":"https:\/\/www.eldiario.net\/portal\/#organization"},"articleSection":["Internacional"],"inLanguage":"es"},{"@type":"WebPage","@id":"https:\/\/www.eldiario.net\/portal\/2023\/12\/18\/primer-vuelo-de-aeroplano-a-motor-cumplio-120-anos\/","url":"https:\/\/www.eldiario.net\/portal\/2023\/12\/18\/primer-vuelo-de-aeroplano-a-motor-cumplio-120-anos\/","name":"Primer vuelo de aeroplano a motor cumpli\u00f3 120 a\u00f1os - El Diario - Bolivia","isPartOf":{"@id":"https:\/\/www.eldiario.net\/portal\/#website"},"datePublished":"2023-12-18T10:22:21+00:00","breadcrumb":{"@id":"https:\/\/www.eldiario.net\/portal\/2023\/12\/18\/primer-vuelo-de-aeroplano-a-motor-cumplio-120-anos\/#breadcrumb"},"inLanguage":"es","potentialAction":[{"@type":"ReadAction","target":["https:\/\/www.eldiario.net\/portal\/2023\/12\/18\/primer-vuelo-de-aeroplano-a-motor-cumplio-120-anos\/"]}]},{"@type":"BreadcrumbList","@id":"https:\/\/www.eldiario.net\/portal\/2023\/12\/18\/primer-vuelo-de-aeroplano-a-motor-cumplio-120-anos\/#breadcrumb","itemListElement":[{"@type":"ListItem","position":1,"name":"Portada","item":"https:\/\/www.eldiario.net\/portal\/"},{"@type":"ListItem","position":2,"name":"Primer vuelo de aeroplano a motor cumpli\u00f3 120 a\u00f1os"}]},{"@type":"WebSite","@id":"https:\/\/www.eldiario.net\/portal\/#website","url":"https:\/\/www.eldiario.net\/portal\/","name":"El Diario - Decano de la prensa nacional","description":"El Diario - Decano de la prensa nacional","publisher":{"@id":"https:\/\/www.eldiario.net\/portal\/#organization"},"potentialAction":[{"@type":"SearchAction","target":{"@type":"EntryPoint","urlTemplate":"https:\/\/www.eldiario.net\/portal\/?s={search_term_string}"},"query-input":{"@type":"PropertyValueSpecification","valueRequired":true,"valueName":"search_term_string"}}],"inLanguage":"es"},{"@type":"Organization","@id":"https:\/\/www.eldiario.net\/portal\/#organization","name":"El Diario - Decano de la prensa nacional","url":"https:\/\/www.eldiario.net\/portal\/","logo":{"@type":"ImageObject","inLanguage":"es","@id":"https:\/\/www.eldiario.net\/portal\/#\/schema\/logo\/image\/","url":"https:\/\/www.eldiario.net\/portal\/wp-content\/uploads\/2023\/07\/logo_ED.jpg","contentUrl":"https:\/\/www.eldiario.net\/portal\/wp-content\/uploads\/2023\/07\/logo_ED.jpg","width":272,"height":52,"caption":"El Diario - Decano de la prensa nacional"},"image":{"@id":"https:\/\/www.eldiario.net\/portal\/#\/schema\/logo\/image\/"},"sameAs":["https:\/\/www.facebook.com\/eldiario.bolivia\/","https:\/\/x.com\/eldiario_net"]},{"@type":"Person","@id":"https:\/\/www.eldiario.net\/portal\/#\/schema\/person\/f46445640444750d7d753ccd04ae01b7","name":"Jeanette","image":{"@type":"ImageObject","inLanguage":"es","@id":"https:\/\/secure.gravatar.com\/avatar\/3ea2118a5f7dad2b7138b1187a6b7ee55f160b9968b66013c3a3ef39dd7e5798?s=96&d=mm&r=g","url":"https:\/\/secure.gravatar.com\/avatar\/3ea2118a5f7dad2b7138b1187a6b7ee55f160b9968b66013c3a3ef39dd7e5798?s=96&d=mm&r=g","contentUrl":"https:\/\/secure.gravatar.com\/avatar\/3ea2118a5f7dad2b7138b1187a6b7ee55f160b9968b66013c3a3ef39dd7e5798?s=96&d=mm&r=g","caption":"Jeanette"},"sameAs":["https:\/\/www.eldiario.net\/portal"],"url":"https:\/\/www.eldiario.net\/portal\/author\/jeanette\/"}]}},"_links":{"self":[{"href":"https:\/\/www.eldiario.net\/portal\/wp-json\/wp\/v2\/posts\/193486","targetHints":{"allow":["GET"]}}],"collection":[{"href":"https:\/\/www.eldiario.net\/portal\/wp-json\/wp\/v2\/posts"}],"about":[{"href":"https:\/\/www.eldiario.net\/portal\/wp-json\/wp\/v2\/types\/post"}],"author":[{"embeddable":true,"href":"https:\/\/www.eldiario.net\/portal\/wp-json\/wp\/v2\/users\/1"}],"replies":[{"embeddable":true,"href":"https:\/\/www.eldiario.net\/portal\/wp-json\/wp\/v2\/comments?post=193486"}],"version-history":[{"count":0,"href":"https:\/\/www.eldiario.net\/portal\/wp-json\/wp\/v2\/posts\/193486\/revisions"}],"wp:attachment":[{"href":"https:\/\/www.eldiario.net\/portal\/wp-json\/wp\/v2\/media?parent=193486"}],"wp:term":[{"taxonomy":"category","embeddable":true,"href":"https:\/\/www.eldiario.net\/portal\/wp-json\/wp\/v2\/categories?post=193486"},{"taxonomy":"post_tag","embeddable":true,"href":"https:\/\/www.eldiario.net\/portal\/wp-json\/wp\/v2\/tags?post=193486"}],"curies":[{"name":"wp","href":"https:\/\/api.w.org\/{rel}","templated":true}]}}