{"id":193480,"date":"2023-12-18T06:20:28","date_gmt":"2023-12-18T10:20:28","guid":{"rendered":"https:\/\/www.eldiario.net\/portal\/?p=193480"},"modified":"2023-12-18T06:20:28","modified_gmt":"2023-12-18T10:20:28","slug":"en-argentina-quince-personas-mueren-por-fuertes-vientos","status":"publish","type":"post","link":"https:\/\/www.eldiario.net\/portal\/2023\/12\/18\/en-argentina-quince-personas-mueren-por-fuertes-vientos\/","title":{"rendered":"En Argentina quince personas  mueren por fuertes vientos"},"content":{"rendered":"<p>Al menos 15 personas perdieron la vida por el colapso del techo de un club deportivo en el municipio argentino de Bah\u00eda Blanca, que est\u00e1 siendo azotado por una fuerte tormenta que lleg\u00f3 acompa\u00f1ada de fuertes vientos y precipitaciones.<br \/>\nEl temporal ocasion\u00f3 la ca\u00edda de \u00e1rboles y postes, as\u00ed como la interrupci\u00f3n del suministro el\u00e9ctrico en varias zonas. Desde el municipio inform\u00f3 que se registraron m\u00faltiples heridos, algunos graves, por el derrumbe de techos, aunque se conoce que el n\u00famero de heridos y fallecidos puede continuar subiendo.<br \/>\nSin embargo, el caso m\u00e1s grave fue en el Club Bahiense del Norte, donde el techo se derrumb\u00f3 cuando se estaba celebrando un encuentro deportivo. Por el momento, se confirm\u00f3 15 muertos, aunque todav\u00eda no se conoce el n\u00famero total de v\u00edctimas, ya que sigue el trabajo de b\u00fasqueda entre los escombros.<br \/>\n\u00abTodas las fuerzas de emergencia se encuentran trabajando e inicialmente el Hospital Municipal recibir\u00e1 a las personas heridas. Se activaron centros de evacuaci\u00f3n en el Club Estrella, Club Olimpo y Dow Center\u00bb, informaron a\u00f1adiendo que tres pacientes ingresaron a la Unidad de Terapia Intensiva con lesiones de gravedad, mientras que otros fueron derivados a diferentes nosocomios.<br \/>\nTras lo sucedido, las autoridades solicitaron a la poblaci\u00f3n que no se acerquen a la instituci\u00f3n deportiva y que permanezcan en sus hogares, ya que tambi\u00e9n se reportaron inundaciones en calles y avenidas que complican la circulaci\u00f3n vial lo que puede provocar otros hechos lamentables.<br \/>\nAntes del inicio de la tormenta, el Servicio Meteorol\u00f3gico Nacional (SMN) hab\u00eda emitido una alerta naranja advirtiendo de fuertes r\u00e1fagas y abundantes precipitaciones.<br \/>\nDesde el municipio de Bah\u00eda Blanca detallaron que los vientos alcanzaron los 140 kil\u00f3metros por hora, pero se espera que el fen\u00f3meno meteorol\u00f3gico se desvanezca con el paso de las horas, pero ayer se mantuvo la presencia de lluvias durante toda la ma\u00f1ana y con el paso del d\u00eda, el panorama estuvo predominado por un cielo nublado que se combin\u00f3 con una temperatura m\u00ednima de 18 grado y una m\u00e1xima de hasta 28 grados. (Europa Press)<\/p>\n","protected":false},"excerpt":{"rendered":"<p>Al menos 15 personas perdieron la vida por el colapso del techo de un club deportivo en el municipio argentino de Bah\u00eda Blanca, que est\u00e1 siendo azotado por una fuerte tormenta que lleg\u00f3 acompa\u00f1ada de fuertes vientos y precipitaciones. El temporal ocasion\u00f3 la ca\u00edda de \u00e1rboles y postes, as\u00ed como la interrupci\u00f3n del suministro el\u00e9ctrico [&hellip;]<\/p>\n","protected":false},"author":1,"featured_media":193481,"comment_status":"closed","ping_status":"open","sticky":false,"template":"","format":"standard","meta":{"_acf_changed":false,"footnotes":""},"categories":[3],"tags":[],"class_list":["post-193480","post","type-post","status-publish","format-standard","has-post-thumbnail","category-internacional"],"acf":{"antetitulo":""},"yoast_head":"<!-- This site is optimized with the Yoast SEO plugin v28.4 - https:\/\/yoast.com\/product\/yoast-seo-wordpress\/ -->\n<title>En Argentina quince personas mueren por fuertes vientos - El Diario - Bolivia<\/title>\n<meta name=\"robots\" content=\"index, follow, max-snippet:-1, max-image-preview:large, max-video-preview:-1\" \/>\n<link rel=\"canonical\" href=\"https:\/\/www.eldiario.net\/portal\/2023\/12\/18\/en-argentina-quince-personas-mueren-por-fuertes-vientos\/\" \/>\n<meta property=\"og:locale\" content=\"es_ES\" \/>\n<meta property=\"og:type\" content=\"article\" \/>\n<meta property=\"og:title\" content=\"En Argentina quince personas mueren por fuertes vientos - El Diario - Bolivia\" \/>\n<meta property=\"og:description\" content=\"Al menos 15 personas perdieron la vida por el colapso del techo de un club deportivo en el municipio argentino de Bah\u00eda Blanca, que est\u00e1 siendo azotado por una fuerte tormenta que lleg\u00f3 acompa\u00f1ada de fuertes vientos y precipitaciones. El temporal ocasion\u00f3 la ca\u00edda de \u00e1rboles y postes, as\u00ed como la interrupci\u00f3n del suministro el\u00e9ctrico [&hellip;]\" \/>\n<meta property=\"og:url\" content=\"https:\/\/www.eldiario.net\/portal\/2023\/12\/18\/en-argentina-quince-personas-mueren-por-fuertes-vientos\/\" \/>\n<meta property=\"og:site_name\" content=\"El Diario - Bolivia\" \/>\n<meta property=\"article:publisher\" content=\"https:\/\/www.facebook.com\/eldiario.bolivia\/\" \/>\n<meta property=\"article:published_time\" content=\"2023-12-18T10:20:28+00:00\" \/>\n<meta property=\"og:image\" content=\"https:\/\/www.eldiario.net\/portal\/wp-content\/uploads\/2023\/12\/TECHO.jpg\" \/>\n\t<meta property=\"og:image:width\" content=\"2000\" \/>\n\t<meta property=\"og:image:height\" content=\"1500\" \/>\n\t<meta property=\"og:image:type\" content=\"image\/jpeg\" \/>\n<meta name=\"author\" content=\"Jeanette\" \/>\n<meta name=\"twitter:card\" content=\"summary_large_image\" \/>\n<meta name=\"twitter:creator\" content=\"@eldiario_net\" \/>\n<meta name=\"twitter:site\" content=\"@eldiario_net\" \/>\n<meta name=\"twitter:label1\" content=\"Escrito por\" \/>\n\t<meta name=\"twitter:data1\" content=\"Jeanette\" \/>\n\t<meta name=\"twitter:label2\" content=\"Tiempo de lectura\" \/>\n\t<meta name=\"twitter:data2\" content=\"2 minutos\" \/>\n<script type=\"application\/ld+json\" class=\"yoast-schema-graph\">{\"@context\":\"https:\\\/\\\/schema.org\",\"@graph\":[{\"@type\":\"Article\",\"@id\":\"https:\\\/\\\/www.eldiario.net\\\/portal\\\/2023\\\/12\\\/18\\\/en-argentina-quince-personas-mueren-por-fuertes-vientos\\\/#article\",\"isPartOf\":{\"@id\":\"https:\\\/\\\/www.eldiario.net\\\/portal\\\/2023\\\/12\\\/18\\\/en-argentina-quince-personas-mueren-por-fuertes-vientos\\\/\"},\"author\":{\"name\":\"Jeanette\",\"@id\":\"https:\\\/\\\/www.eldiario.net\\\/portal\\\/#\\\/schema\\\/person\\\/f46445640444750d7d753ccd04ae01b7\"},\"headline\":\"En Argentina quince personas mueren por fuertes vientos\",\"datePublished\":\"2023-12-18T10:20:28+00:00\",\"mainEntityOfPage\":{\"@id\":\"https:\\\/\\\/www.eldiario.net\\\/portal\\\/2023\\\/12\\\/18\\\/en-argentina-quince-personas-mueren-por-fuertes-vientos\\\/\"},\"wordCount\":371,\"publisher\":{\"@id\":\"https:\\\/\\\/www.eldiario.net\\\/portal\\\/#organization\"},\"image\":{\"@id\":\"https:\\\/\\\/www.eldiario.net\\\/portal\\\/2023\\\/12\\\/18\\\/en-argentina-quince-personas-mueren-por-fuertes-vientos\\\/#primaryimage\"},\"thumbnailUrl\":\"https:\\\/\\\/www.eldiario.net\\\/portal\\\/wp-content\\\/uploads\\\/2023\\\/12\\\/TECHO.jpg\",\"articleSection\":[\"Internacional\"],\"inLanguage\":\"es\"},{\"@type\":\"WebPage\",\"@id\":\"https:\\\/\\\/www.eldiario.net\\\/portal\\\/2023\\\/12\\\/18\\\/en-argentina-quince-personas-mueren-por-fuertes-vientos\\\/\",\"url\":\"https:\\\/\\\/www.eldiario.net\\\/portal\\\/2023\\\/12\\\/18\\\/en-argentina-quince-personas-mueren-por-fuertes-vientos\\\/\",\"name\":\"En Argentina quince personas mueren por fuertes vientos - El Diario - Bolivia\",\"isPartOf\":{\"@id\":\"https:\\\/\\\/www.eldiario.net\\\/portal\\\/#website\"},\"primaryImageOfPage\":{\"@id\":\"https:\\\/\\\/www.eldiario.net\\\/portal\\\/2023\\\/12\\\/18\\\/en-argentina-quince-personas-mueren-por-fuertes-vientos\\\/#primaryimage\"},\"image\":{\"@id\":\"https:\\\/\\\/www.eldiario.net\\\/portal\\\/2023\\\/12\\\/18\\\/en-argentina-quince-personas-mueren-por-fuertes-vientos\\\/#primaryimage\"},\"thumbnailUrl\":\"https:\\\/\\\/www.eldiario.net\\\/portal\\\/wp-content\\\/uploads\\\/2023\\\/12\\\/TECHO.jpg\",\"datePublished\":\"2023-12-18T10:20:28+00:00\",\"breadcrumb\":{\"@id\":\"https:\\\/\\\/www.eldiario.net\\\/portal\\\/2023\\\/12\\\/18\\\/en-argentina-quince-personas-mueren-por-fuertes-vientos\\\/#breadcrumb\"},\"inLanguage\":\"es\",\"potentialAction\":[{\"@type\":\"ReadAction\",\"target\":[\"https:\\\/\\\/www.eldiario.net\\\/portal\\\/2023\\\/12\\\/18\\\/en-argentina-quince-personas-mueren-por-fuertes-vientos\\\/\"]}]},{\"@type\":\"ImageObject\",\"inLanguage\":\"es\",\"@id\":\"https:\\\/\\\/www.eldiario.net\\\/portal\\\/2023\\\/12\\\/18\\\/en-argentina-quince-personas-mueren-por-fuertes-vientos\\\/#primaryimage\",\"url\":\"https:\\\/\\\/www.eldiario.net\\\/portal\\\/wp-content\\\/uploads\\\/2023\\\/12\\\/TECHO.jpg\",\"contentUrl\":\"https:\\\/\\\/www.eldiario.net\\\/portal\\\/wp-content\\\/uploads\\\/2023\\\/12\\\/TECHO.jpg\",\"width\":2000,\"height\":1500,\"caption\":\"EL TEMPORAL TAMBI\u00c9N CAUS\u00d3 DA\u00d1OS EN LA INFRAESTRUCTURA P\u00daBLICA. Clarin.com\"},{\"@type\":\"BreadcrumbList\",\"@id\":\"https:\\\/\\\/www.eldiario.net\\\/portal\\\/2023\\\/12\\\/18\\\/en-argentina-quince-personas-mueren-por-fuertes-vientos\\\/#breadcrumb\",\"itemListElement\":[{\"@type\":\"ListItem\",\"position\":1,\"name\":\"Portada\",\"item\":\"https:\\\/\\\/www.eldiario.net\\\/portal\\\/\"},{\"@type\":\"ListItem\",\"position\":2,\"name\":\"En Argentina quince personas mueren por fuertes vientos\"}]},{\"@type\":\"WebSite\",\"@id\":\"https:\\\/\\\/www.eldiario.net\\\/portal\\\/#website\",\"url\":\"https:\\\/\\\/www.eldiario.net\\\/portal\\\/\",\"name\":\"El Diario - Decano de la prensa nacional\",\"description\":\"El Diario - Decano de la prensa nacional\",\"publisher\":{\"@id\":\"https:\\\/\\\/www.eldiario.net\\\/portal\\\/#organization\"},\"potentialAction\":[{\"@type\":\"SearchAction\",\"target\":{\"@type\":\"EntryPoint\",\"urlTemplate\":\"https:\\\/\\\/www.eldiario.net\\\/portal\\\/?s={search_term_string}\"},\"query-input\":{\"@type\":\"PropertyValueSpecification\",\"valueRequired\":true,\"valueName\":\"search_term_string\"}}],\"inLanguage\":\"es\"},{\"@type\":\"Organization\",\"@id\":\"https:\\\/\\\/www.eldiario.net\\\/portal\\\/#organization\",\"name\":\"El Diario - Decano de la prensa nacional\",\"url\":\"https:\\\/\\\/www.eldiario.net\\\/portal\\\/\",\"logo\":{\"@type\":\"ImageObject\",\"inLanguage\":\"es\",\"@id\":\"https:\\\/\\\/www.eldiario.net\\\/portal\\\/#\\\/schema\\\/logo\\\/image\\\/\",\"url\":\"https:\\\/\\\/www.eldiario.net\\\/portal\\\/wp-content\\\/uploads\\\/2023\\\/07\\\/logo_ED.jpg\",\"contentUrl\":\"https:\\\/\\\/www.eldiario.net\\\/portal\\\/wp-content\\\/uploads\\\/2023\\\/07\\\/logo_ED.jpg\",\"width\":272,\"height\":52,\"caption\":\"El Diario - Decano de la prensa nacional\"},\"image\":{\"@id\":\"https:\\\/\\\/www.eldiario.net\\\/portal\\\/#\\\/schema\\\/logo\\\/image\\\/\"},\"sameAs\":[\"https:\\\/\\\/www.facebook.com\\\/eldiario.bolivia\\\/\",\"https:\\\/\\\/x.com\\\/eldiario_net\"]},{\"@type\":\"Person\",\"@id\":\"https:\\\/\\\/www.eldiario.net\\\/portal\\\/#\\\/schema\\\/person\\\/f46445640444750d7d753ccd04ae01b7\",\"name\":\"Jeanette\",\"image\":{\"@type\":\"ImageObject\",\"inLanguage\":\"es\",\"@id\":\"https:\\\/\\\/secure.gravatar.com\\\/avatar\\\/3ea2118a5f7dad2b7138b1187a6b7ee55f160b9968b66013c3a3ef39dd7e5798?s=96&d=mm&r=g\",\"url\":\"https:\\\/\\\/secure.gravatar.com\\\/avatar\\\/3ea2118a5f7dad2b7138b1187a6b7ee55f160b9968b66013c3a3ef39dd7e5798?s=96&d=mm&r=g\",\"contentUrl\":\"https:\\\/\\\/secure.gravatar.com\\\/avatar\\\/3ea2118a5f7dad2b7138b1187a6b7ee55f160b9968b66013c3a3ef39dd7e5798?s=96&d=mm&r=g\",\"caption\":\"Jeanette\"},\"sameAs\":[\"https:\\\/\\\/www.eldiario.net\\\/portal\"],\"url\":\"https:\\\/\\\/www.eldiario.net\\\/portal\\\/author\\\/jeanette\\\/\"}]}<\/script>\n<!-- \/ Yoast SEO plugin. -->","yoast_head_json":{"title":"En Argentina quince personas mueren por fuertes vientos - El Diario - Bolivia","robots":{"index":"index","follow":"follow","max-snippet":"max-snippet:-1","max-image-preview":"max-image-preview:large","max-video-preview":"max-video-preview:-1"},"canonical":"https:\/\/www.eldiario.net\/portal\/2023\/12\/18\/en-argentina-quince-personas-mueren-por-fuertes-vientos\/","og_locale":"es_ES","og_type":"article","og_title":"En Argentina quince personas mueren por fuertes vientos - El Diario - Bolivia","og_description":"Al menos 15 personas perdieron la vida por el colapso del techo de un club deportivo en el municipio argentino de Bah\u00eda Blanca, que est\u00e1 siendo azotado por una fuerte tormenta que lleg\u00f3 acompa\u00f1ada de fuertes vientos y precipitaciones. El temporal ocasion\u00f3 la ca\u00edda de \u00e1rboles y postes, as\u00ed como la interrupci\u00f3n del suministro el\u00e9ctrico [&hellip;]","og_url":"https:\/\/www.eldiario.net\/portal\/2023\/12\/18\/en-argentina-quince-personas-mueren-por-fuertes-vientos\/","og_site_name":"El Diario - Bolivia","article_publisher":"https:\/\/www.facebook.com\/eldiario.bolivia\/","article_published_time":"2023-12-18T10:20:28+00:00","og_image":[{"width":2000,"height":1500,"url":"https:\/\/www.eldiario.net\/portal\/wp-content\/uploads\/2023\/12\/TECHO.jpg","type":"image\/jpeg"}],"author":"Jeanette","twitter_card":"summary_large_image","twitter_creator":"@eldiario_net","twitter_site":"@eldiario_net","twitter_misc":{"Escrito por":"Jeanette","Tiempo de lectura":"2 minutos"},"schema":{"@context":"https:\/\/schema.org","@graph":[{"@type":"Article","@id":"https:\/\/www.eldiario.net\/portal\/2023\/12\/18\/en-argentina-quince-personas-mueren-por-fuertes-vientos\/#article","isPartOf":{"@id":"https:\/\/www.eldiario.net\/portal\/2023\/12\/18\/en-argentina-quince-personas-mueren-por-fuertes-vientos\/"},"author":{"name":"Jeanette","@id":"https:\/\/www.eldiario.net\/portal\/#\/schema\/person\/f46445640444750d7d753ccd04ae01b7"},"headline":"En Argentina quince personas mueren por fuertes vientos","datePublished":"2023-12-18T10:20:28+00:00","mainEntityOfPage":{"@id":"https:\/\/www.eldiario.net\/portal\/2023\/12\/18\/en-argentina-quince-personas-mueren-por-fuertes-vientos\/"},"wordCount":371,"publisher":{"@id":"https:\/\/www.eldiario.net\/portal\/#organization"},"image":{"@id":"https:\/\/www.eldiario.net\/portal\/2023\/12\/18\/en-argentina-quince-personas-mueren-por-fuertes-vientos\/#primaryimage"},"thumbnailUrl":"https:\/\/www.eldiario.net\/portal\/wp-content\/uploads\/2023\/12\/TECHO.jpg","articleSection":["Internacional"],"inLanguage":"es"},{"@type":"WebPage","@id":"https:\/\/www.eldiario.net\/portal\/2023\/12\/18\/en-argentina-quince-personas-mueren-por-fuertes-vientos\/","url":"https:\/\/www.eldiario.net\/portal\/2023\/12\/18\/en-argentina-quince-personas-mueren-por-fuertes-vientos\/","name":"En Argentina quince personas mueren por fuertes vientos - El Diario - Bolivia","isPartOf":{"@id":"https:\/\/www.eldiario.net\/portal\/#website"},"primaryImageOfPage":{"@id":"https:\/\/www.eldiario.net\/portal\/2023\/12\/18\/en-argentina-quince-personas-mueren-por-fuertes-vientos\/#primaryimage"},"image":{"@id":"https:\/\/www.eldiario.net\/portal\/2023\/12\/18\/en-argentina-quince-personas-mueren-por-fuertes-vientos\/#primaryimage"},"thumbnailUrl":"https:\/\/www.eldiario.net\/portal\/wp-content\/uploads\/2023\/12\/TECHO.jpg","datePublished":"2023-12-18T10:20:28+00:00","breadcrumb":{"@id":"https:\/\/www.eldiario.net\/portal\/2023\/12\/18\/en-argentina-quince-personas-mueren-por-fuertes-vientos\/#breadcrumb"},"inLanguage":"es","potentialAction":[{"@type":"ReadAction","target":["https:\/\/www.eldiario.net\/portal\/2023\/12\/18\/en-argentina-quince-personas-mueren-por-fuertes-vientos\/"]}]},{"@type":"ImageObject","inLanguage":"es","@id":"https:\/\/www.eldiario.net\/portal\/2023\/12\/18\/en-argentina-quince-personas-mueren-por-fuertes-vientos\/#primaryimage","url":"https:\/\/www.eldiario.net\/portal\/wp-content\/uploads\/2023\/12\/TECHO.jpg","contentUrl":"https:\/\/www.eldiario.net\/portal\/wp-content\/uploads\/2023\/12\/TECHO.jpg","width":2000,"height":1500,"caption":"EL TEMPORAL TAMBI\u00c9N CAUS\u00d3 DA\u00d1OS EN LA INFRAESTRUCTURA P\u00daBLICA. Clarin.com"},{"@type":"BreadcrumbList","@id":"https:\/\/www.eldiario.net\/portal\/2023\/12\/18\/en-argentina-quince-personas-mueren-por-fuertes-vientos\/#breadcrumb","itemListElement":[{"@type":"ListItem","position":1,"name":"Portada","item":"https:\/\/www.eldiario.net\/portal\/"},{"@type":"ListItem","position":2,"name":"En Argentina quince personas mueren por fuertes vientos"}]},{"@type":"WebSite","@id":"https:\/\/www.eldiario.net\/portal\/#website","url":"https:\/\/www.eldiario.net\/portal\/","name":"El Diario - Decano de la prensa nacional","description":"El Diario - Decano de la prensa nacional","publisher":{"@id":"https:\/\/www.eldiario.net\/portal\/#organization"},"potentialAction":[{"@type":"SearchAction","target":{"@type":"EntryPoint","urlTemplate":"https:\/\/www.eldiario.net\/portal\/?s={search_term_string}"},"query-input":{"@type":"PropertyValueSpecification","valueRequired":true,"valueName":"search_term_string"}}],"inLanguage":"es"},{"@type":"Organization","@id":"https:\/\/www.eldiario.net\/portal\/#organization","name":"El Diario - Decano de la prensa nacional","url":"https:\/\/www.eldiario.net\/portal\/","logo":{"@type":"ImageObject","inLanguage":"es","@id":"https:\/\/www.eldiario.net\/portal\/#\/schema\/logo\/image\/","url":"https:\/\/www.eldiario.net\/portal\/wp-content\/uploads\/2023\/07\/logo_ED.jpg","contentUrl":"https:\/\/www.eldiario.net\/portal\/wp-content\/uploads\/2023\/07\/logo_ED.jpg","width":272,"height":52,"caption":"El Diario - Decano de la prensa nacional"},"image":{"@id":"https:\/\/www.eldiario.net\/portal\/#\/schema\/logo\/image\/"},"sameAs":["https:\/\/www.facebook.com\/eldiario.bolivia\/","https:\/\/x.com\/eldiario_net"]},{"@type":"Person","@id":"https:\/\/www.eldiario.net\/portal\/#\/schema\/person\/f46445640444750d7d753ccd04ae01b7","name":"Jeanette","image":{"@type":"ImageObject","inLanguage":"es","@id":"https:\/\/secure.gravatar.com\/avatar\/3ea2118a5f7dad2b7138b1187a6b7ee55f160b9968b66013c3a3ef39dd7e5798?s=96&d=mm&r=g","url":"https:\/\/secure.gravatar.com\/avatar\/3ea2118a5f7dad2b7138b1187a6b7ee55f160b9968b66013c3a3ef39dd7e5798?s=96&d=mm&r=g","contentUrl":"https:\/\/secure.gravatar.com\/avatar\/3ea2118a5f7dad2b7138b1187a6b7ee55f160b9968b66013c3a3ef39dd7e5798?s=96&d=mm&r=g","caption":"Jeanette"},"sameAs":["https:\/\/www.eldiario.net\/portal"],"url":"https:\/\/www.eldiario.net\/portal\/author\/jeanette\/"}]}},"_links":{"self":[{"href":"https:\/\/www.eldiario.net\/portal\/wp-json\/wp\/v2\/posts\/193480","targetHints":{"allow":["GET"]}}],"collection":[{"href":"https:\/\/www.eldiario.net\/portal\/wp-json\/wp\/v2\/posts"}],"about":[{"href":"https:\/\/www.eldiario.net\/portal\/wp-json\/wp\/v2\/types\/post"}],"author":[{"embeddable":true,"href":"https:\/\/www.eldiario.net\/portal\/wp-json\/wp\/v2\/users\/1"}],"replies":[{"embeddable":true,"href":"https:\/\/www.eldiario.net\/portal\/wp-json\/wp\/v2\/comments?post=193480"}],"version-history":[{"count":0,"href":"https:\/\/www.eldiario.net\/portal\/wp-json\/wp\/v2\/posts\/193480\/revisions"}],"wp:featuredmedia":[{"embeddable":true,"href":"https:\/\/www.eldiario.net\/portal\/wp-json\/wp\/v2\/media\/193481"}],"wp:attachment":[{"href":"https:\/\/www.eldiario.net\/portal\/wp-json\/wp\/v2\/media?parent=193480"}],"wp:term":[{"taxonomy":"category","embeddable":true,"href":"https:\/\/www.eldiario.net\/portal\/wp-json\/wp\/v2\/categories?post=193480"},{"taxonomy":"post_tag","embeddable":true,"href":"https:\/\/www.eldiario.net\/portal\/wp-json\/wp\/v2\/tags?post=193480"}],"curies":[{"name":"wp","href":"https:\/\/api.w.org\/{rel}","templated":true}]}}