{"id":193477,"date":"2023-12-18T06:17:45","date_gmt":"2023-12-18T10:17:45","guid":{"rendered":"https:\/\/www.eldiario.net\/portal\/?p=193477"},"modified":"2023-12-18T06:17:45","modified_gmt":"2023-12-18T10:17:45","slug":"papa-francisco-cumple-87-anos-y-lo-celebra-con-ninos","status":"publish","type":"post","link":"https:\/\/www.eldiario.net\/portal\/2023\/12\/18\/papa-francisco-cumple-87-anos-y-lo-celebra-con-ninos\/","title":{"rendered":"Papa Francisco cumple 87  a\u00f1os y lo celebra con ni\u00f1os"},"content":{"rendered":"<p>El papa Francisco cumpli\u00f3 ayer 87 a\u00f1os y lo celebra con una fiesta con m\u00e1s de 200 familias y ni\u00f1os tratados en el centro pedi\u00e1trico del Vaticano, arropado por las felicitaciones de autoridades y personas de todo el mundo.<br \/>\nTradicionalmente en el Vaticano no se celebran los cumplea\u00f1os sino la onom\u00e1stica, pero la \u201cfiesta\u201d de Francisco ya se convirti\u00f3 en una tradici\u00f3n.<br \/>\nFrancisco acudi\u00f3 al Aula Pablo VI del Vaticano, muy cerca de su residencia personal, para participar a la celebraci\u00f3n organizada por el Dispensario Santa Marta, un centro pedi\u00e1trico de la Santa Sede fundado hace un siglo, en 1922.<br \/>\nEn el evento participaron m\u00e1s de 200 familias que acuden a dicho hospital, as\u00ed como sus m\u00e9dicos y voluntarios, la agenda inclu\u00eda c\u00e1nticos, bailes, \u201cun peque\u00f1o espect\u00e1culo circense\u201d y, como no podr\u00eda ser de otro modo, un pastel de cumplea\u00f1os.<br \/>\nDespu\u00e9s Francisco apareci\u00f3 para recitar el \u00c1ngelus dominical desde la ventana del Palacio Apost\u00f3lico.<br \/>\nLa celebraci\u00f3n se da en medio de los conocidos problemas de salud de Francisco, con dificultades para caminar por su dolor en la rodilla.<br \/>\nAunque el papa ya volvi\u00f3 a participar en actos p\u00fablicos, como la veneraci\u00f3n de la Inmaculada Concepci\u00f3n en el centro de Roma, y en una semana, iniciar\u00e1 los ritos de la Navidad.<br \/>\nPor otro lado, en la v\u00edspera de su cumplea\u00f1os, el Tribunal del Vaticano conden\u00f3 por un esc\u00e1ndalo financiero a nueve personas, entre ellas, a 5 a\u00f1os y medio de c\u00e1rcel, al cardenal Angelo Becciu, quien fuera su prefecto para la Congregaci\u00f3n para las Causas de los Santos (2018-2020) y n\u00famero 3 de la Secretar\u00eda de Estado (2011 y 2018).<br \/>\nEn cualquier caso, Francisco ya empez\u00f3 a recibir felicitaciones como la del presidente de la Rep\u00fablica italiana, Sergio Mattarella, quien apreci\u00f3 sus continuos llamamientos a la paz y al cuidado del medioambiente.<br \/>\n\u201cEn un mundo en el que lamentablemente nuevas rivalidades se a\u00f1aden a conflictos antiguos, su incesante acci\u00f3n pastoral reclama a todos la exigencia de construir soluciones que restablezcan la paz poniendo a la persona, con su inalienable dignidad\u201d, escribi\u00f3 en un telegrama.<br \/>\nLa Conferencia Episcopal Italiana tambi\u00e9n felicit\u00f3 al pont\u00edfice destacando sus deseos de paz en este momento en que la toda la humanidad sufre el drama de la violencia. (Infobae\/Efe)<\/p>\n","protected":false},"excerpt":{"rendered":"<p>El papa Francisco cumpli\u00f3 ayer 87 a\u00f1os y lo celebra con una fiesta con m\u00e1s de 200 familias y ni\u00f1os tratados en el centro pedi\u00e1trico del Vaticano, arropado por las felicitaciones de autoridades y personas de todo el mundo. Tradicionalmente en el Vaticano no se celebran los cumplea\u00f1os sino la onom\u00e1stica, pero la \u201cfiesta\u201d de [&hellip;]<\/p>\n","protected":false},"author":1,"featured_media":193478,"comment_status":"closed","ping_status":"open","sticky":false,"template":"","format":"standard","meta":{"_acf_changed":false,"footnotes":""},"categories":[3],"tags":[],"class_list":["post-193477","post","type-post","status-publish","format-standard","has-post-thumbnail","category-internacional"],"acf":{"antetitulo":""},"yoast_head":"<!-- This site is optimized with the Yoast SEO plugin v28.4 - https:\/\/yoast.com\/product\/yoast-seo-wordpress\/ -->\n<title>Papa Francisco cumple 87 a\u00f1os y lo celebra con ni\u00f1os - El Diario - Bolivia<\/title>\n<meta name=\"robots\" content=\"index, follow, max-snippet:-1, max-image-preview:large, max-video-preview:-1\" \/>\n<link rel=\"canonical\" href=\"https:\/\/www.eldiario.net\/portal\/2023\/12\/18\/papa-francisco-cumple-87-anos-y-lo-celebra-con-ninos\/\" \/>\n<meta property=\"og:locale\" content=\"es_ES\" \/>\n<meta property=\"og:type\" content=\"article\" \/>\n<meta property=\"og:title\" content=\"Papa Francisco cumple 87 a\u00f1os y lo celebra con ni\u00f1os - El Diario - Bolivia\" \/>\n<meta property=\"og:description\" content=\"El papa Francisco cumpli\u00f3 ayer 87 a\u00f1os y lo celebra con una fiesta con m\u00e1s de 200 familias y ni\u00f1os tratados en el centro pedi\u00e1trico del Vaticano, arropado por las felicitaciones de autoridades y personas de todo el mundo. Tradicionalmente en el Vaticano no se celebran los cumplea\u00f1os sino la onom\u00e1stica, pero la \u201cfiesta\u201d de [&hellip;]\" \/>\n<meta property=\"og:url\" content=\"https:\/\/www.eldiario.net\/portal\/2023\/12\/18\/papa-francisco-cumple-87-anos-y-lo-celebra-con-ninos\/\" \/>\n<meta property=\"og:site_name\" content=\"El Diario - Bolivia\" \/>\n<meta property=\"article:publisher\" content=\"https:\/\/www.facebook.com\/eldiario.bolivia\/\" \/>\n<meta property=\"article:published_time\" content=\"2023-12-18T10:17:45+00:00\" \/>\n<meta property=\"og:image\" content=\"https:\/\/www.eldiario.net\/portal\/wp-content\/uploads\/2023\/12\/FESTEJO.jpg\" \/>\n\t<meta property=\"og:image:width\" content=\"769\" \/>\n\t<meta property=\"og:image:height\" content=\"512\" \/>\n\t<meta property=\"og:image:type\" content=\"image\/jpeg\" \/>\n<meta name=\"author\" content=\"Jeanette\" \/>\n<meta name=\"twitter:card\" content=\"summary_large_image\" \/>\n<meta name=\"twitter:creator\" content=\"@eldiario_net\" \/>\n<meta name=\"twitter:site\" content=\"@eldiario_net\" \/>\n<meta name=\"twitter:label1\" content=\"Escrito por\" \/>\n\t<meta name=\"twitter:data1\" content=\"Jeanette\" \/>\n\t<meta name=\"twitter:label2\" content=\"Tiempo de lectura\" \/>\n\t<meta name=\"twitter:data2\" content=\"2 minutos\" \/>\n<script type=\"application\/ld+json\" class=\"yoast-schema-graph\">{\"@context\":\"https:\\\/\\\/schema.org\",\"@graph\":[{\"@type\":\"Article\",\"@id\":\"https:\\\/\\\/www.eldiario.net\\\/portal\\\/2023\\\/12\\\/18\\\/papa-francisco-cumple-87-anos-y-lo-celebra-con-ninos\\\/#article\",\"isPartOf\":{\"@id\":\"https:\\\/\\\/www.eldiario.net\\\/portal\\\/2023\\\/12\\\/18\\\/papa-francisco-cumple-87-anos-y-lo-celebra-con-ninos\\\/\"},\"author\":{\"name\":\"Jeanette\",\"@id\":\"https:\\\/\\\/www.eldiario.net\\\/portal\\\/#\\\/schema\\\/person\\\/f46445640444750d7d753ccd04ae01b7\"},\"headline\":\"Papa Francisco cumple 87 a\u00f1os y lo celebra con ni\u00f1os\",\"datePublished\":\"2023-12-18T10:17:45+00:00\",\"mainEntityOfPage\":{\"@id\":\"https:\\\/\\\/www.eldiario.net\\\/portal\\\/2023\\\/12\\\/18\\\/papa-francisco-cumple-87-anos-y-lo-celebra-con-ninos\\\/\"},\"wordCount\":412,\"publisher\":{\"@id\":\"https:\\\/\\\/www.eldiario.net\\\/portal\\\/#organization\"},\"image\":{\"@id\":\"https:\\\/\\\/www.eldiario.net\\\/portal\\\/2023\\\/12\\\/18\\\/papa-francisco-cumple-87-anos-y-lo-celebra-con-ninos\\\/#primaryimage\"},\"thumbnailUrl\":\"https:\\\/\\\/www.eldiario.net\\\/portal\\\/wp-content\\\/uploads\\\/2023\\\/12\\\/FESTEJO.jpg\",\"articleSection\":[\"Internacional\"],\"inLanguage\":\"es\"},{\"@type\":\"WebPage\",\"@id\":\"https:\\\/\\\/www.eldiario.net\\\/portal\\\/2023\\\/12\\\/18\\\/papa-francisco-cumple-87-anos-y-lo-celebra-con-ninos\\\/\",\"url\":\"https:\\\/\\\/www.eldiario.net\\\/portal\\\/2023\\\/12\\\/18\\\/papa-francisco-cumple-87-anos-y-lo-celebra-con-ninos\\\/\",\"name\":\"Papa Francisco cumple 87 a\u00f1os y lo celebra con ni\u00f1os - El Diario - Bolivia\",\"isPartOf\":{\"@id\":\"https:\\\/\\\/www.eldiario.net\\\/portal\\\/#website\"},\"primaryImageOfPage\":{\"@id\":\"https:\\\/\\\/www.eldiario.net\\\/portal\\\/2023\\\/12\\\/18\\\/papa-francisco-cumple-87-anos-y-lo-celebra-con-ninos\\\/#primaryimage\"},\"image\":{\"@id\":\"https:\\\/\\\/www.eldiario.net\\\/portal\\\/2023\\\/12\\\/18\\\/papa-francisco-cumple-87-anos-y-lo-celebra-con-ninos\\\/#primaryimage\"},\"thumbnailUrl\":\"https:\\\/\\\/www.eldiario.net\\\/portal\\\/wp-content\\\/uploads\\\/2023\\\/12\\\/FESTEJO.jpg\",\"datePublished\":\"2023-12-18T10:17:45+00:00\",\"breadcrumb\":{\"@id\":\"https:\\\/\\\/www.eldiario.net\\\/portal\\\/2023\\\/12\\\/18\\\/papa-francisco-cumple-87-anos-y-lo-celebra-con-ninos\\\/#breadcrumb\"},\"inLanguage\":\"es\",\"potentialAction\":[{\"@type\":\"ReadAction\",\"target\":[\"https:\\\/\\\/www.eldiario.net\\\/portal\\\/2023\\\/12\\\/18\\\/papa-francisco-cumple-87-anos-y-lo-celebra-con-ninos\\\/\"]}]},{\"@type\":\"ImageObject\",\"inLanguage\":\"es\",\"@id\":\"https:\\\/\\\/www.eldiario.net\\\/portal\\\/2023\\\/12\\\/18\\\/papa-francisco-cumple-87-anos-y-lo-celebra-con-ninos\\\/#primaryimage\",\"url\":\"https:\\\/\\\/www.eldiario.net\\\/portal\\\/wp-content\\\/uploads\\\/2023\\\/12\\\/FESTEJO.jpg\",\"contentUrl\":\"https:\\\/\\\/www.eldiario.net\\\/portal\\\/wp-content\\\/uploads\\\/2023\\\/12\\\/FESTEJO.jpg\",\"width\":769,\"height\":512,\"caption\":\"EL PAPA FRANCISCO CON LOS NI\u00d1OS DEL CENTRO PEDI\u00c1TRICO. Reuters\"},{\"@type\":\"BreadcrumbList\",\"@id\":\"https:\\\/\\\/www.eldiario.net\\\/portal\\\/2023\\\/12\\\/18\\\/papa-francisco-cumple-87-anos-y-lo-celebra-con-ninos\\\/#breadcrumb\",\"itemListElement\":[{\"@type\":\"ListItem\",\"position\":1,\"name\":\"Portada\",\"item\":\"https:\\\/\\\/www.eldiario.net\\\/portal\\\/\"},{\"@type\":\"ListItem\",\"position\":2,\"name\":\"Papa Francisco cumple 87 a\u00f1os y lo celebra con ni\u00f1os\"}]},{\"@type\":\"WebSite\",\"@id\":\"https:\\\/\\\/www.eldiario.net\\\/portal\\\/#website\",\"url\":\"https:\\\/\\\/www.eldiario.net\\\/portal\\\/\",\"name\":\"El Diario - Decano de la prensa nacional\",\"description\":\"El Diario - Decano de la prensa nacional\",\"publisher\":{\"@id\":\"https:\\\/\\\/www.eldiario.net\\\/portal\\\/#organization\"},\"potentialAction\":[{\"@type\":\"SearchAction\",\"target\":{\"@type\":\"EntryPoint\",\"urlTemplate\":\"https:\\\/\\\/www.eldiario.net\\\/portal\\\/?s={search_term_string}\"},\"query-input\":{\"@type\":\"PropertyValueSpecification\",\"valueRequired\":true,\"valueName\":\"search_term_string\"}}],\"inLanguage\":\"es\"},{\"@type\":\"Organization\",\"@id\":\"https:\\\/\\\/www.eldiario.net\\\/portal\\\/#organization\",\"name\":\"El Diario - Decano de la prensa nacional\",\"url\":\"https:\\\/\\\/www.eldiario.net\\\/portal\\\/\",\"logo\":{\"@type\":\"ImageObject\",\"inLanguage\":\"es\",\"@id\":\"https:\\\/\\\/www.eldiario.net\\\/portal\\\/#\\\/schema\\\/logo\\\/image\\\/\",\"url\":\"https:\\\/\\\/www.eldiario.net\\\/portal\\\/wp-content\\\/uploads\\\/2023\\\/07\\\/logo_ED.jpg\",\"contentUrl\":\"https:\\\/\\\/www.eldiario.net\\\/portal\\\/wp-content\\\/uploads\\\/2023\\\/07\\\/logo_ED.jpg\",\"width\":272,\"height\":52,\"caption\":\"El Diario - Decano de la prensa nacional\"},\"image\":{\"@id\":\"https:\\\/\\\/www.eldiario.net\\\/portal\\\/#\\\/schema\\\/logo\\\/image\\\/\"},\"sameAs\":[\"https:\\\/\\\/www.facebook.com\\\/eldiario.bolivia\\\/\",\"https:\\\/\\\/x.com\\\/eldiario_net\"]},{\"@type\":\"Person\",\"@id\":\"https:\\\/\\\/www.eldiario.net\\\/portal\\\/#\\\/schema\\\/person\\\/f46445640444750d7d753ccd04ae01b7\",\"name\":\"Jeanette\",\"image\":{\"@type\":\"ImageObject\",\"inLanguage\":\"es\",\"@id\":\"https:\\\/\\\/secure.gravatar.com\\\/avatar\\\/3ea2118a5f7dad2b7138b1187a6b7ee55f160b9968b66013c3a3ef39dd7e5798?s=96&d=mm&r=g\",\"url\":\"https:\\\/\\\/secure.gravatar.com\\\/avatar\\\/3ea2118a5f7dad2b7138b1187a6b7ee55f160b9968b66013c3a3ef39dd7e5798?s=96&d=mm&r=g\",\"contentUrl\":\"https:\\\/\\\/secure.gravatar.com\\\/avatar\\\/3ea2118a5f7dad2b7138b1187a6b7ee55f160b9968b66013c3a3ef39dd7e5798?s=96&d=mm&r=g\",\"caption\":\"Jeanette\"},\"sameAs\":[\"https:\\\/\\\/www.eldiario.net\\\/portal\"],\"url\":\"https:\\\/\\\/www.eldiario.net\\\/portal\\\/author\\\/jeanette\\\/\"}]}<\/script>\n<!-- \/ Yoast SEO plugin. -->","yoast_head_json":{"title":"Papa Francisco cumple 87 a\u00f1os y lo celebra con ni\u00f1os - El Diario - Bolivia","robots":{"index":"index","follow":"follow","max-snippet":"max-snippet:-1","max-image-preview":"max-image-preview:large","max-video-preview":"max-video-preview:-1"},"canonical":"https:\/\/www.eldiario.net\/portal\/2023\/12\/18\/papa-francisco-cumple-87-anos-y-lo-celebra-con-ninos\/","og_locale":"es_ES","og_type":"article","og_title":"Papa Francisco cumple 87 a\u00f1os y lo celebra con ni\u00f1os - El Diario - Bolivia","og_description":"El papa Francisco cumpli\u00f3 ayer 87 a\u00f1os y lo celebra con una fiesta con m\u00e1s de 200 familias y ni\u00f1os tratados en el centro pedi\u00e1trico del Vaticano, arropado por las felicitaciones de autoridades y personas de todo el mundo. Tradicionalmente en el Vaticano no se celebran los cumplea\u00f1os sino la onom\u00e1stica, pero la \u201cfiesta\u201d de [&hellip;]","og_url":"https:\/\/www.eldiario.net\/portal\/2023\/12\/18\/papa-francisco-cumple-87-anos-y-lo-celebra-con-ninos\/","og_site_name":"El Diario - Bolivia","article_publisher":"https:\/\/www.facebook.com\/eldiario.bolivia\/","article_published_time":"2023-12-18T10:17:45+00:00","og_image":[{"width":769,"height":512,"url":"https:\/\/www.eldiario.net\/portal\/wp-content\/uploads\/2023\/12\/FESTEJO.jpg","type":"image\/jpeg"}],"author":"Jeanette","twitter_card":"summary_large_image","twitter_creator":"@eldiario_net","twitter_site":"@eldiario_net","twitter_misc":{"Escrito por":"Jeanette","Tiempo de lectura":"2 minutos"},"schema":{"@context":"https:\/\/schema.org","@graph":[{"@type":"Article","@id":"https:\/\/www.eldiario.net\/portal\/2023\/12\/18\/papa-francisco-cumple-87-anos-y-lo-celebra-con-ninos\/#article","isPartOf":{"@id":"https:\/\/www.eldiario.net\/portal\/2023\/12\/18\/papa-francisco-cumple-87-anos-y-lo-celebra-con-ninos\/"},"author":{"name":"Jeanette","@id":"https:\/\/www.eldiario.net\/portal\/#\/schema\/person\/f46445640444750d7d753ccd04ae01b7"},"headline":"Papa Francisco cumple 87 a\u00f1os y lo celebra con ni\u00f1os","datePublished":"2023-12-18T10:17:45+00:00","mainEntityOfPage":{"@id":"https:\/\/www.eldiario.net\/portal\/2023\/12\/18\/papa-francisco-cumple-87-anos-y-lo-celebra-con-ninos\/"},"wordCount":412,"publisher":{"@id":"https:\/\/www.eldiario.net\/portal\/#organization"},"image":{"@id":"https:\/\/www.eldiario.net\/portal\/2023\/12\/18\/papa-francisco-cumple-87-anos-y-lo-celebra-con-ninos\/#primaryimage"},"thumbnailUrl":"https:\/\/www.eldiario.net\/portal\/wp-content\/uploads\/2023\/12\/FESTEJO.jpg","articleSection":["Internacional"],"inLanguage":"es"},{"@type":"WebPage","@id":"https:\/\/www.eldiario.net\/portal\/2023\/12\/18\/papa-francisco-cumple-87-anos-y-lo-celebra-con-ninos\/","url":"https:\/\/www.eldiario.net\/portal\/2023\/12\/18\/papa-francisco-cumple-87-anos-y-lo-celebra-con-ninos\/","name":"Papa Francisco cumple 87 a\u00f1os y lo celebra con ni\u00f1os - El Diario - Bolivia","isPartOf":{"@id":"https:\/\/www.eldiario.net\/portal\/#website"},"primaryImageOfPage":{"@id":"https:\/\/www.eldiario.net\/portal\/2023\/12\/18\/papa-francisco-cumple-87-anos-y-lo-celebra-con-ninos\/#primaryimage"},"image":{"@id":"https:\/\/www.eldiario.net\/portal\/2023\/12\/18\/papa-francisco-cumple-87-anos-y-lo-celebra-con-ninos\/#primaryimage"},"thumbnailUrl":"https:\/\/www.eldiario.net\/portal\/wp-content\/uploads\/2023\/12\/FESTEJO.jpg","datePublished":"2023-12-18T10:17:45+00:00","breadcrumb":{"@id":"https:\/\/www.eldiario.net\/portal\/2023\/12\/18\/papa-francisco-cumple-87-anos-y-lo-celebra-con-ninos\/#breadcrumb"},"inLanguage":"es","potentialAction":[{"@type":"ReadAction","target":["https:\/\/www.eldiario.net\/portal\/2023\/12\/18\/papa-francisco-cumple-87-anos-y-lo-celebra-con-ninos\/"]}]},{"@type":"ImageObject","inLanguage":"es","@id":"https:\/\/www.eldiario.net\/portal\/2023\/12\/18\/papa-francisco-cumple-87-anos-y-lo-celebra-con-ninos\/#primaryimage","url":"https:\/\/www.eldiario.net\/portal\/wp-content\/uploads\/2023\/12\/FESTEJO.jpg","contentUrl":"https:\/\/www.eldiario.net\/portal\/wp-content\/uploads\/2023\/12\/FESTEJO.jpg","width":769,"height":512,"caption":"EL PAPA FRANCISCO CON LOS NI\u00d1OS DEL CENTRO PEDI\u00c1TRICO. Reuters"},{"@type":"BreadcrumbList","@id":"https:\/\/www.eldiario.net\/portal\/2023\/12\/18\/papa-francisco-cumple-87-anos-y-lo-celebra-con-ninos\/#breadcrumb","itemListElement":[{"@type":"ListItem","position":1,"name":"Portada","item":"https:\/\/www.eldiario.net\/portal\/"},{"@type":"ListItem","position":2,"name":"Papa Francisco cumple 87 a\u00f1os y lo celebra con ni\u00f1os"}]},{"@type":"WebSite","@id":"https:\/\/www.eldiario.net\/portal\/#website","url":"https:\/\/www.eldiario.net\/portal\/","name":"El Diario - Decano de la prensa nacional","description":"El Diario - Decano de la prensa nacional","publisher":{"@id":"https:\/\/www.eldiario.net\/portal\/#organization"},"potentialAction":[{"@type":"SearchAction","target":{"@type":"EntryPoint","urlTemplate":"https:\/\/www.eldiario.net\/portal\/?s={search_term_string}"},"query-input":{"@type":"PropertyValueSpecification","valueRequired":true,"valueName":"search_term_string"}}],"inLanguage":"es"},{"@type":"Organization","@id":"https:\/\/www.eldiario.net\/portal\/#organization","name":"El Diario - Decano de la prensa nacional","url":"https:\/\/www.eldiario.net\/portal\/","logo":{"@type":"ImageObject","inLanguage":"es","@id":"https:\/\/www.eldiario.net\/portal\/#\/schema\/logo\/image\/","url":"https:\/\/www.eldiario.net\/portal\/wp-content\/uploads\/2023\/07\/logo_ED.jpg","contentUrl":"https:\/\/www.eldiario.net\/portal\/wp-content\/uploads\/2023\/07\/logo_ED.jpg","width":272,"height":52,"caption":"El Diario - Decano de la prensa nacional"},"image":{"@id":"https:\/\/www.eldiario.net\/portal\/#\/schema\/logo\/image\/"},"sameAs":["https:\/\/www.facebook.com\/eldiario.bolivia\/","https:\/\/x.com\/eldiario_net"]},{"@type":"Person","@id":"https:\/\/www.eldiario.net\/portal\/#\/schema\/person\/f46445640444750d7d753ccd04ae01b7","name":"Jeanette","image":{"@type":"ImageObject","inLanguage":"es","@id":"https:\/\/secure.gravatar.com\/avatar\/3ea2118a5f7dad2b7138b1187a6b7ee55f160b9968b66013c3a3ef39dd7e5798?s=96&d=mm&r=g","url":"https:\/\/secure.gravatar.com\/avatar\/3ea2118a5f7dad2b7138b1187a6b7ee55f160b9968b66013c3a3ef39dd7e5798?s=96&d=mm&r=g","contentUrl":"https:\/\/secure.gravatar.com\/avatar\/3ea2118a5f7dad2b7138b1187a6b7ee55f160b9968b66013c3a3ef39dd7e5798?s=96&d=mm&r=g","caption":"Jeanette"},"sameAs":["https:\/\/www.eldiario.net\/portal"],"url":"https:\/\/www.eldiario.net\/portal\/author\/jeanette\/"}]}},"_links":{"self":[{"href":"https:\/\/www.eldiario.net\/portal\/wp-json\/wp\/v2\/posts\/193477","targetHints":{"allow":["GET"]}}],"collection":[{"href":"https:\/\/www.eldiario.net\/portal\/wp-json\/wp\/v2\/posts"}],"about":[{"href":"https:\/\/www.eldiario.net\/portal\/wp-json\/wp\/v2\/types\/post"}],"author":[{"embeddable":true,"href":"https:\/\/www.eldiario.net\/portal\/wp-json\/wp\/v2\/users\/1"}],"replies":[{"embeddable":true,"href":"https:\/\/www.eldiario.net\/portal\/wp-json\/wp\/v2\/comments?post=193477"}],"version-history":[{"count":0,"href":"https:\/\/www.eldiario.net\/portal\/wp-json\/wp\/v2\/posts\/193477\/revisions"}],"wp:featuredmedia":[{"embeddable":true,"href":"https:\/\/www.eldiario.net\/portal\/wp-json\/wp\/v2\/media\/193478"}],"wp:attachment":[{"href":"https:\/\/www.eldiario.net\/portal\/wp-json\/wp\/v2\/media?parent=193477"}],"wp:term":[{"taxonomy":"category","embeddable":true,"href":"https:\/\/www.eldiario.net\/portal\/wp-json\/wp\/v2\/categories?post=193477"},{"taxonomy":"post_tag","embeddable":true,"href":"https:\/\/www.eldiario.net\/portal\/wp-json\/wp\/v2\/tags?post=193477"}],"curies":[{"name":"wp","href":"https:\/\/api.w.org\/{rel}","templated":true}]}}