{"id":193472,"date":"2023-12-18T06:16:18","date_gmt":"2023-12-18T10:16:18","guid":{"rendered":"https:\/\/www.eldiario.net\/portal\/?p=193472"},"modified":"2023-12-18T06:16:18","modified_gmt":"2023-12-18T10:16:18","slug":"mas-de-14-000-sudaneses-huyen-de-wad-madani-en-48-horas","status":"publish","type":"post","link":"https:\/\/www.eldiario.net\/portal\/2023\/12\/18\/mas-de-14-000-sudaneses-huyen-de-wad-madani-en-48-horas\/","title":{"rendered":"M\u00e1s de 14.000 sudaneses huyen  de Wad Madani en 48 horas"},"content":{"rendered":"<p>M\u00e1s de 14.000 personas ya huyeron de la ciudad de Wad Madani, capital del Estado de Gezira, por los combates entre el Ej\u00e9rcito y las paramilitares Fuerzas de Apoyo R\u00e1pido (RSF) que alcanzaron a la que, hasta ahora, era considerada como una de las \u00faltimas zonas seguras del pa\u00eds, escenario de una catastr\u00f3fica guerra desde mediados de abril.<br \/>\nLa Oficina para la Coordinaci\u00f3n de Asuntos Humanitarios de Naciones Unidas (OCHA) constat\u00f3 que \u00abentre 14.000 y 15.000 personas\u00bb salieron ya de la ciudad, \u00abbien hacia los barrios perif\u00e9ricos del oeste, a otras partes del Estado, o bien en direcci\u00f3n a los estados de Sennar y Gedaref\u00bb, indic\u00f3.<br \/>\nLos combates de las \u00faltimas horas ya est\u00e1n llegando al estrat\u00e9gico puente de Hantoub, que conecta la ciudad con la periferia, en medio de \u00abluchas sin cuartel\u00bb y nuevos cierres de accesos como el puente de Rifa, en la parte oriental del Estado y cuya clausura fue ordenada por el Ej\u00e9rcito sudan\u00e9s para impedir nuevos avances paramilitares hacia la ciudad, informan testigos del \u2039Sudan Tribune\u203a.<br \/>\nCabe recordar que Naciones Unidas anunci\u00f3 la suspensi\u00f3n inmediata y hasta nuevo aviso de sus operaciones humanitarias en el Estado sudan\u00e9s por los fuertes combates en las inmediaciones de una ciudad que era el hogar de al menos 86.000 del casi medio mill\u00f3n de desplazados internos que se encuentran ahora mismo en Gezira tras escapar de los combates en otras zonas del pa\u00eds.<br \/>\nTENSI\u00d3N DIPLOM\u00c1TICA<br \/>\nCON CHAD<br \/>\nEn medio de este panorama, el frente diplom\u00e1tico tambi\u00e9n est\u00e1 siendo escenario de nuevas fricciones despu\u00e9s de que, tambi\u00e9n este pasado s\u00e1bado, el vecino gobierno chadiano expulsara del pa\u00eds a cuatro diplom\u00e1ticos sudaneses, seg\u00fan hizo saber el Ministerio de Exteriores chadiano.<br \/>\n\u00abEsta medida sigue las acusaciones graves e infundadas del general Yasser al Atah, Jefe de Estado Mayor de las Fuerzas Armadas Sudanesas, acusando a Chad de interferir en el conflicto y repetidas, para sorpresa general, por el ministro de Exteriores sudan\u00e9s, Ali Ickh, recientemente en un canal de televisi\u00f3n local\u00bb, de acuerdo con la nota.<br \/>\nDe hecho, hace una semana el Gobierno de Sud\u00e1n tambi\u00e9n anunci\u00f3 la expulsi\u00f3n del pa\u00eds de 15 diplom\u00e1ticos de Emiratos \u00c1rabes Unidos al entender que estaban colaborando con las paramilitares Fuerzas de Apoyo R\u00e1pido. (Europa Press)<\/p>\n","protected":false},"excerpt":{"rendered":"<p>M\u00e1s de 14.000 personas ya huyeron de la ciudad de Wad Madani, capital del Estado de Gezira, por los combates entre el Ej\u00e9rcito y las paramilitares Fuerzas de Apoyo R\u00e1pido (RSF) que alcanzaron a la que, hasta ahora, era considerada como una de las \u00faltimas zonas seguras del pa\u00eds, escenario de una catastr\u00f3fica guerra desde [&hellip;]<\/p>\n","protected":false},"author":1,"featured_media":193473,"comment_status":"closed","ping_status":"open","sticky":false,"template":"","format":"standard","meta":{"_acf_changed":false,"footnotes":""},"categories":[3],"tags":[],"class_list":["post-193472","post","type-post","status-publish","format-standard","has-post-thumbnail","category-internacional"],"acf":{"antetitulo":""},"yoast_head":"<!-- This site is optimized with the Yoast SEO plugin v28.4 - https:\/\/yoast.com\/product\/yoast-seo-wordpress\/ -->\n<title>M\u00e1s de 14.000 sudaneses huyen de Wad Madani en 48 horas - El Diario - Bolivia<\/title>\n<meta name=\"robots\" content=\"index, follow, max-snippet:-1, max-image-preview:large, max-video-preview:-1\" \/>\n<link rel=\"canonical\" href=\"https:\/\/www.eldiario.net\/portal\/2023\/12\/18\/mas-de-14-000-sudaneses-huyen-de-wad-madani-en-48-horas\/\" \/>\n<meta property=\"og:locale\" content=\"es_ES\" \/>\n<meta property=\"og:type\" content=\"article\" \/>\n<meta property=\"og:title\" content=\"M\u00e1s de 14.000 sudaneses huyen de Wad Madani en 48 horas - El Diario - Bolivia\" \/>\n<meta property=\"og:description\" content=\"M\u00e1s de 14.000 personas ya huyeron de la ciudad de Wad Madani, capital del Estado de Gezira, por los combates entre el Ej\u00e9rcito y las paramilitares Fuerzas de Apoyo R\u00e1pido (RSF) que alcanzaron a la que, hasta ahora, era considerada como una de las \u00faltimas zonas seguras del pa\u00eds, escenario de una catastr\u00f3fica guerra desde [&hellip;]\" \/>\n<meta property=\"og:url\" content=\"https:\/\/www.eldiario.net\/portal\/2023\/12\/18\/mas-de-14-000-sudaneses-huyen-de-wad-madani-en-48-horas\/\" \/>\n<meta property=\"og:site_name\" content=\"El Diario - Bolivia\" \/>\n<meta property=\"article:publisher\" content=\"https:\/\/www.facebook.com\/eldiario.bolivia\/\" \/>\n<meta property=\"article:published_time\" content=\"2023-12-18T10:16:18+00:00\" \/>\n<meta property=\"og:image\" content=\"https:\/\/www.eldiario.net\/portal\/wp-content\/uploads\/2023\/12\/ESCAPE.jpg\" \/>\n\t<meta property=\"og:image:width\" content=\"1536\" \/>\n\t<meta property=\"og:image:height\" content=\"1638\" \/>\n\t<meta property=\"og:image:type\" content=\"image\/jpeg\" \/>\n<meta name=\"author\" content=\"Jeanette\" \/>\n<meta name=\"twitter:card\" content=\"summary_large_image\" \/>\n<meta name=\"twitter:creator\" content=\"@eldiario_net\" \/>\n<meta name=\"twitter:site\" content=\"@eldiario_net\" \/>\n<meta name=\"twitter:label1\" content=\"Escrito por\" \/>\n\t<meta name=\"twitter:data1\" content=\"Jeanette\" \/>\n\t<meta name=\"twitter:label2\" content=\"Tiempo de lectura\" \/>\n\t<meta name=\"twitter:data2\" content=\"2 minutos\" \/>\n<script type=\"application\/ld+json\" class=\"yoast-schema-graph\">{\"@context\":\"https:\\\/\\\/schema.org\",\"@graph\":[{\"@type\":\"Article\",\"@id\":\"https:\\\/\\\/www.eldiario.net\\\/portal\\\/2023\\\/12\\\/18\\\/mas-de-14-000-sudaneses-huyen-de-wad-madani-en-48-horas\\\/#article\",\"isPartOf\":{\"@id\":\"https:\\\/\\\/www.eldiario.net\\\/portal\\\/2023\\\/12\\\/18\\\/mas-de-14-000-sudaneses-huyen-de-wad-madani-en-48-horas\\\/\"},\"author\":{\"name\":\"Jeanette\",\"@id\":\"https:\\\/\\\/www.eldiario.net\\\/portal\\\/#\\\/schema\\\/person\\\/f46445640444750d7d753ccd04ae01b7\"},\"headline\":\"M\u00e1s de 14.000 sudaneses huyen de Wad Madani en 48 horas\",\"datePublished\":\"2023-12-18T10:16:18+00:00\",\"mainEntityOfPage\":{\"@id\":\"https:\\\/\\\/www.eldiario.net\\\/portal\\\/2023\\\/12\\\/18\\\/mas-de-14-000-sudaneses-huyen-de-wad-madani-en-48-horas\\\/\"},\"wordCount\":409,\"publisher\":{\"@id\":\"https:\\\/\\\/www.eldiario.net\\\/portal\\\/#organization\"},\"image\":{\"@id\":\"https:\\\/\\\/www.eldiario.net\\\/portal\\\/2023\\\/12\\\/18\\\/mas-de-14-000-sudaneses-huyen-de-wad-madani-en-48-horas\\\/#primaryimage\"},\"thumbnailUrl\":\"https:\\\/\\\/www.eldiario.net\\\/portal\\\/wp-content\\\/uploads\\\/2023\\\/12\\\/ESCAPE.jpg\",\"articleSection\":[\"Internacional\"],\"inLanguage\":\"es\"},{\"@type\":\"WebPage\",\"@id\":\"https:\\\/\\\/www.eldiario.net\\\/portal\\\/2023\\\/12\\\/18\\\/mas-de-14-000-sudaneses-huyen-de-wad-madani-en-48-horas\\\/\",\"url\":\"https:\\\/\\\/www.eldiario.net\\\/portal\\\/2023\\\/12\\\/18\\\/mas-de-14-000-sudaneses-huyen-de-wad-madani-en-48-horas\\\/\",\"name\":\"M\u00e1s de 14.000 sudaneses huyen de Wad Madani en 48 horas - El Diario - Bolivia\",\"isPartOf\":{\"@id\":\"https:\\\/\\\/www.eldiario.net\\\/portal\\\/#website\"},\"primaryImageOfPage\":{\"@id\":\"https:\\\/\\\/www.eldiario.net\\\/portal\\\/2023\\\/12\\\/18\\\/mas-de-14-000-sudaneses-huyen-de-wad-madani-en-48-horas\\\/#primaryimage\"},\"image\":{\"@id\":\"https:\\\/\\\/www.eldiario.net\\\/portal\\\/2023\\\/12\\\/18\\\/mas-de-14-000-sudaneses-huyen-de-wad-madani-en-48-horas\\\/#primaryimage\"},\"thumbnailUrl\":\"https:\\\/\\\/www.eldiario.net\\\/portal\\\/wp-content\\\/uploads\\\/2023\\\/12\\\/ESCAPE.jpg\",\"datePublished\":\"2023-12-18T10:16:18+00:00\",\"breadcrumb\":{\"@id\":\"https:\\\/\\\/www.eldiario.net\\\/portal\\\/2023\\\/12\\\/18\\\/mas-de-14-000-sudaneses-huyen-de-wad-madani-en-48-horas\\\/#breadcrumb\"},\"inLanguage\":\"es\",\"potentialAction\":[{\"@type\":\"ReadAction\",\"target\":[\"https:\\\/\\\/www.eldiario.net\\\/portal\\\/2023\\\/12\\\/18\\\/mas-de-14-000-sudaneses-huyen-de-wad-madani-en-48-horas\\\/\"]}]},{\"@type\":\"ImageObject\",\"inLanguage\":\"es\",\"@id\":\"https:\\\/\\\/www.eldiario.net\\\/portal\\\/2023\\\/12\\\/18\\\/mas-de-14-000-sudaneses-huyen-de-wad-madani-en-48-horas\\\/#primaryimage\",\"url\":\"https:\\\/\\\/www.eldiario.net\\\/portal\\\/wp-content\\\/uploads\\\/2023\\\/12\\\/ESCAPE.jpg\",\"contentUrl\":\"https:\\\/\\\/www.eldiario.net\\\/portal\\\/wp-content\\\/uploads\\\/2023\\\/12\\\/ESCAPE.jpg\",\"width\":1536,\"height\":1638,\"caption\":\"MUCHAS PERSONAS SALIERON HACIA BARRIOS PERIF\u00c9RICOS.\"},{\"@type\":\"BreadcrumbList\",\"@id\":\"https:\\\/\\\/www.eldiario.net\\\/portal\\\/2023\\\/12\\\/18\\\/mas-de-14-000-sudaneses-huyen-de-wad-madani-en-48-horas\\\/#breadcrumb\",\"itemListElement\":[{\"@type\":\"ListItem\",\"position\":1,\"name\":\"Portada\",\"item\":\"https:\\\/\\\/www.eldiario.net\\\/portal\\\/\"},{\"@type\":\"ListItem\",\"position\":2,\"name\":\"M\u00e1s de 14.000 sudaneses huyen de Wad Madani en 48 horas\"}]},{\"@type\":\"WebSite\",\"@id\":\"https:\\\/\\\/www.eldiario.net\\\/portal\\\/#website\",\"url\":\"https:\\\/\\\/www.eldiario.net\\\/portal\\\/\",\"name\":\"El Diario - Decano de la prensa nacional\",\"description\":\"El Diario - Decano de la prensa nacional\",\"publisher\":{\"@id\":\"https:\\\/\\\/www.eldiario.net\\\/portal\\\/#organization\"},\"potentialAction\":[{\"@type\":\"SearchAction\",\"target\":{\"@type\":\"EntryPoint\",\"urlTemplate\":\"https:\\\/\\\/www.eldiario.net\\\/portal\\\/?s={search_term_string}\"},\"query-input\":{\"@type\":\"PropertyValueSpecification\",\"valueRequired\":true,\"valueName\":\"search_term_string\"}}],\"inLanguage\":\"es\"},{\"@type\":\"Organization\",\"@id\":\"https:\\\/\\\/www.eldiario.net\\\/portal\\\/#organization\",\"name\":\"El Diario - Decano de la prensa nacional\",\"url\":\"https:\\\/\\\/www.eldiario.net\\\/portal\\\/\",\"logo\":{\"@type\":\"ImageObject\",\"inLanguage\":\"es\",\"@id\":\"https:\\\/\\\/www.eldiario.net\\\/portal\\\/#\\\/schema\\\/logo\\\/image\\\/\",\"url\":\"https:\\\/\\\/www.eldiario.net\\\/portal\\\/wp-content\\\/uploads\\\/2023\\\/07\\\/logo_ED.jpg\",\"contentUrl\":\"https:\\\/\\\/www.eldiario.net\\\/portal\\\/wp-content\\\/uploads\\\/2023\\\/07\\\/logo_ED.jpg\",\"width\":272,\"height\":52,\"caption\":\"El Diario - Decano de la prensa nacional\"},\"image\":{\"@id\":\"https:\\\/\\\/www.eldiario.net\\\/portal\\\/#\\\/schema\\\/logo\\\/image\\\/\"},\"sameAs\":[\"https:\\\/\\\/www.facebook.com\\\/eldiario.bolivia\\\/\",\"https:\\\/\\\/x.com\\\/eldiario_net\"]},{\"@type\":\"Person\",\"@id\":\"https:\\\/\\\/www.eldiario.net\\\/portal\\\/#\\\/schema\\\/person\\\/f46445640444750d7d753ccd04ae01b7\",\"name\":\"Jeanette\",\"image\":{\"@type\":\"ImageObject\",\"inLanguage\":\"es\",\"@id\":\"https:\\\/\\\/secure.gravatar.com\\\/avatar\\\/3ea2118a5f7dad2b7138b1187a6b7ee55f160b9968b66013c3a3ef39dd7e5798?s=96&d=mm&r=g\",\"url\":\"https:\\\/\\\/secure.gravatar.com\\\/avatar\\\/3ea2118a5f7dad2b7138b1187a6b7ee55f160b9968b66013c3a3ef39dd7e5798?s=96&d=mm&r=g\",\"contentUrl\":\"https:\\\/\\\/secure.gravatar.com\\\/avatar\\\/3ea2118a5f7dad2b7138b1187a6b7ee55f160b9968b66013c3a3ef39dd7e5798?s=96&d=mm&r=g\",\"caption\":\"Jeanette\"},\"sameAs\":[\"https:\\\/\\\/www.eldiario.net\\\/portal\"],\"url\":\"https:\\\/\\\/www.eldiario.net\\\/portal\\\/author\\\/jeanette\\\/\"}]}<\/script>\n<!-- \/ Yoast SEO plugin. -->","yoast_head_json":{"title":"M\u00e1s de 14.000 sudaneses huyen de Wad Madani en 48 horas - El Diario - Bolivia","robots":{"index":"index","follow":"follow","max-snippet":"max-snippet:-1","max-image-preview":"max-image-preview:large","max-video-preview":"max-video-preview:-1"},"canonical":"https:\/\/www.eldiario.net\/portal\/2023\/12\/18\/mas-de-14-000-sudaneses-huyen-de-wad-madani-en-48-horas\/","og_locale":"es_ES","og_type":"article","og_title":"M\u00e1s de 14.000 sudaneses huyen de Wad Madani en 48 horas - El Diario - Bolivia","og_description":"M\u00e1s de 14.000 personas ya huyeron de la ciudad de Wad Madani, capital del Estado de Gezira, por los combates entre el Ej\u00e9rcito y las paramilitares Fuerzas de Apoyo R\u00e1pido (RSF) que alcanzaron a la que, hasta ahora, era considerada como una de las \u00faltimas zonas seguras del pa\u00eds, escenario de una catastr\u00f3fica guerra desde [&hellip;]","og_url":"https:\/\/www.eldiario.net\/portal\/2023\/12\/18\/mas-de-14-000-sudaneses-huyen-de-wad-madani-en-48-horas\/","og_site_name":"El Diario - Bolivia","article_publisher":"https:\/\/www.facebook.com\/eldiario.bolivia\/","article_published_time":"2023-12-18T10:16:18+00:00","og_image":[{"width":1536,"height":1638,"url":"https:\/\/www.eldiario.net\/portal\/wp-content\/uploads\/2023\/12\/ESCAPE.jpg","type":"image\/jpeg"}],"author":"Jeanette","twitter_card":"summary_large_image","twitter_creator":"@eldiario_net","twitter_site":"@eldiario_net","twitter_misc":{"Escrito por":"Jeanette","Tiempo de lectura":"2 minutos"},"schema":{"@context":"https:\/\/schema.org","@graph":[{"@type":"Article","@id":"https:\/\/www.eldiario.net\/portal\/2023\/12\/18\/mas-de-14-000-sudaneses-huyen-de-wad-madani-en-48-horas\/#article","isPartOf":{"@id":"https:\/\/www.eldiario.net\/portal\/2023\/12\/18\/mas-de-14-000-sudaneses-huyen-de-wad-madani-en-48-horas\/"},"author":{"name":"Jeanette","@id":"https:\/\/www.eldiario.net\/portal\/#\/schema\/person\/f46445640444750d7d753ccd04ae01b7"},"headline":"M\u00e1s de 14.000 sudaneses huyen de Wad Madani en 48 horas","datePublished":"2023-12-18T10:16:18+00:00","mainEntityOfPage":{"@id":"https:\/\/www.eldiario.net\/portal\/2023\/12\/18\/mas-de-14-000-sudaneses-huyen-de-wad-madani-en-48-horas\/"},"wordCount":409,"publisher":{"@id":"https:\/\/www.eldiario.net\/portal\/#organization"},"image":{"@id":"https:\/\/www.eldiario.net\/portal\/2023\/12\/18\/mas-de-14-000-sudaneses-huyen-de-wad-madani-en-48-horas\/#primaryimage"},"thumbnailUrl":"https:\/\/www.eldiario.net\/portal\/wp-content\/uploads\/2023\/12\/ESCAPE.jpg","articleSection":["Internacional"],"inLanguage":"es"},{"@type":"WebPage","@id":"https:\/\/www.eldiario.net\/portal\/2023\/12\/18\/mas-de-14-000-sudaneses-huyen-de-wad-madani-en-48-horas\/","url":"https:\/\/www.eldiario.net\/portal\/2023\/12\/18\/mas-de-14-000-sudaneses-huyen-de-wad-madani-en-48-horas\/","name":"M\u00e1s de 14.000 sudaneses huyen de Wad Madani en 48 horas - El Diario - Bolivia","isPartOf":{"@id":"https:\/\/www.eldiario.net\/portal\/#website"},"primaryImageOfPage":{"@id":"https:\/\/www.eldiario.net\/portal\/2023\/12\/18\/mas-de-14-000-sudaneses-huyen-de-wad-madani-en-48-horas\/#primaryimage"},"image":{"@id":"https:\/\/www.eldiario.net\/portal\/2023\/12\/18\/mas-de-14-000-sudaneses-huyen-de-wad-madani-en-48-horas\/#primaryimage"},"thumbnailUrl":"https:\/\/www.eldiario.net\/portal\/wp-content\/uploads\/2023\/12\/ESCAPE.jpg","datePublished":"2023-12-18T10:16:18+00:00","breadcrumb":{"@id":"https:\/\/www.eldiario.net\/portal\/2023\/12\/18\/mas-de-14-000-sudaneses-huyen-de-wad-madani-en-48-horas\/#breadcrumb"},"inLanguage":"es","potentialAction":[{"@type":"ReadAction","target":["https:\/\/www.eldiario.net\/portal\/2023\/12\/18\/mas-de-14-000-sudaneses-huyen-de-wad-madani-en-48-horas\/"]}]},{"@type":"ImageObject","inLanguage":"es","@id":"https:\/\/www.eldiario.net\/portal\/2023\/12\/18\/mas-de-14-000-sudaneses-huyen-de-wad-madani-en-48-horas\/#primaryimage","url":"https:\/\/www.eldiario.net\/portal\/wp-content\/uploads\/2023\/12\/ESCAPE.jpg","contentUrl":"https:\/\/www.eldiario.net\/portal\/wp-content\/uploads\/2023\/12\/ESCAPE.jpg","width":1536,"height":1638,"caption":"MUCHAS PERSONAS SALIERON HACIA BARRIOS PERIF\u00c9RICOS."},{"@type":"BreadcrumbList","@id":"https:\/\/www.eldiario.net\/portal\/2023\/12\/18\/mas-de-14-000-sudaneses-huyen-de-wad-madani-en-48-horas\/#breadcrumb","itemListElement":[{"@type":"ListItem","position":1,"name":"Portada","item":"https:\/\/www.eldiario.net\/portal\/"},{"@type":"ListItem","position":2,"name":"M\u00e1s de 14.000 sudaneses huyen de Wad Madani en 48 horas"}]},{"@type":"WebSite","@id":"https:\/\/www.eldiario.net\/portal\/#website","url":"https:\/\/www.eldiario.net\/portal\/","name":"El Diario - Decano de la prensa nacional","description":"El Diario - Decano de la prensa nacional","publisher":{"@id":"https:\/\/www.eldiario.net\/portal\/#organization"},"potentialAction":[{"@type":"SearchAction","target":{"@type":"EntryPoint","urlTemplate":"https:\/\/www.eldiario.net\/portal\/?s={search_term_string}"},"query-input":{"@type":"PropertyValueSpecification","valueRequired":true,"valueName":"search_term_string"}}],"inLanguage":"es"},{"@type":"Organization","@id":"https:\/\/www.eldiario.net\/portal\/#organization","name":"El Diario - Decano de la prensa nacional","url":"https:\/\/www.eldiario.net\/portal\/","logo":{"@type":"ImageObject","inLanguage":"es","@id":"https:\/\/www.eldiario.net\/portal\/#\/schema\/logo\/image\/","url":"https:\/\/www.eldiario.net\/portal\/wp-content\/uploads\/2023\/07\/logo_ED.jpg","contentUrl":"https:\/\/www.eldiario.net\/portal\/wp-content\/uploads\/2023\/07\/logo_ED.jpg","width":272,"height":52,"caption":"El Diario - Decano de la prensa nacional"},"image":{"@id":"https:\/\/www.eldiario.net\/portal\/#\/schema\/logo\/image\/"},"sameAs":["https:\/\/www.facebook.com\/eldiario.bolivia\/","https:\/\/x.com\/eldiario_net"]},{"@type":"Person","@id":"https:\/\/www.eldiario.net\/portal\/#\/schema\/person\/f46445640444750d7d753ccd04ae01b7","name":"Jeanette","image":{"@type":"ImageObject","inLanguage":"es","@id":"https:\/\/secure.gravatar.com\/avatar\/3ea2118a5f7dad2b7138b1187a6b7ee55f160b9968b66013c3a3ef39dd7e5798?s=96&d=mm&r=g","url":"https:\/\/secure.gravatar.com\/avatar\/3ea2118a5f7dad2b7138b1187a6b7ee55f160b9968b66013c3a3ef39dd7e5798?s=96&d=mm&r=g","contentUrl":"https:\/\/secure.gravatar.com\/avatar\/3ea2118a5f7dad2b7138b1187a6b7ee55f160b9968b66013c3a3ef39dd7e5798?s=96&d=mm&r=g","caption":"Jeanette"},"sameAs":["https:\/\/www.eldiario.net\/portal"],"url":"https:\/\/www.eldiario.net\/portal\/author\/jeanette\/"}]}},"_links":{"self":[{"href":"https:\/\/www.eldiario.net\/portal\/wp-json\/wp\/v2\/posts\/193472","targetHints":{"allow":["GET"]}}],"collection":[{"href":"https:\/\/www.eldiario.net\/portal\/wp-json\/wp\/v2\/posts"}],"about":[{"href":"https:\/\/www.eldiario.net\/portal\/wp-json\/wp\/v2\/types\/post"}],"author":[{"embeddable":true,"href":"https:\/\/www.eldiario.net\/portal\/wp-json\/wp\/v2\/users\/1"}],"replies":[{"embeddable":true,"href":"https:\/\/www.eldiario.net\/portal\/wp-json\/wp\/v2\/comments?post=193472"}],"version-history":[{"count":0,"href":"https:\/\/www.eldiario.net\/portal\/wp-json\/wp\/v2\/posts\/193472\/revisions"}],"wp:featuredmedia":[{"embeddable":true,"href":"https:\/\/www.eldiario.net\/portal\/wp-json\/wp\/v2\/media\/193473"}],"wp:attachment":[{"href":"https:\/\/www.eldiario.net\/portal\/wp-json\/wp\/v2\/media?parent=193472"}],"wp:term":[{"taxonomy":"category","embeddable":true,"href":"https:\/\/www.eldiario.net\/portal\/wp-json\/wp\/v2\/categories?post=193472"},{"taxonomy":"post_tag","embeddable":true,"href":"https:\/\/www.eldiario.net\/portal\/wp-json\/wp\/v2\/tags?post=193472"}],"curies":[{"name":"wp","href":"https:\/\/api.w.org\/{rel}","templated":true}]}}