{"id":193470,"date":"2023-12-18T06:15:35","date_gmt":"2023-12-18T10:15:35","guid":{"rendered":"https:\/\/www.eldiario.net\/portal\/?p=193470"},"modified":"2023-12-18T06:15:35","modified_gmt":"2023-12-18T10:15:35","slug":"corea-del-sur-confirma-lanzamiento-de-misil-norcoreano-de-corto-alcance","status":"publish","type":"post","link":"https:\/\/www.eldiario.net\/portal\/2023\/12\/18\/corea-del-sur-confirma-lanzamiento-de-misil-norcoreano-de-corto-alcance\/","title":{"rendered":"Corea del Sur confirma lanzamiento de misil norcoreano de corto alcance"},"content":{"rendered":"<p>El Ej\u00e9rcito surcoreano confirm\u00f3 que Corea del Norte lanz\u00f3 ayer un misil bal\u00edstico de corto alcance en direcci\u00f3n al mar de Jap\u00f3n, seg\u00fan un comunicado recogido por la agencia oficial de noticias de Corea del Sur, Yonhap, sin dar por el momento m\u00e1s detalles.<br \/>\nEste lanzamiento tiene lugar tras un encuentro de alto nivel entre Corea del Sur y Estados Unidos, donde ambos pa\u00edses discutieron una futura estrategia nuclear disuasoria hacia Pyongyang y que coincide con la conmemoraci\u00f3n del 12\u00ba aniversario de la muerte del l\u00edder norcoreano Kim Jong Il, padre del actual mandatario, Kim Jong Un, el 17 de diciembre de 2011.<br \/>\nTambi\u00e9n en las \u00faltimas horas la llegado a la ciudad portuaria surcoreana de Busan un submarino estadounidense de propulsi\u00f3n nuclear, precisamente en un contexto de creciente preocupaci\u00f3n ante la posibilidad de que Corea del Norte acabara lanzando este mes un misil bal\u00edstico intercontinental.<br \/>\nNo obstante, el Ej\u00e9rcito norcoreano confirm\u00f3 finalmente que el proyectil ten\u00eda una baja autonom\u00eda en un primer balance inicial que apunta a un lanzamiento en torno a las 22.38 horas (las 14.38 en Espa\u00f1a) y que vol\u00f3 unos 570 kil\u00f3metros antes de acabar en el mar.<br \/>\nLa nueva estrategia nuclear concebida ante la amenaza del programa nuclear norcoreano comprende, entre otros aspectos, la concepci\u00f3n de un sistema de intercambio de informaci\u00f3n sobre cuestiones nucleares. (Europa Press)<\/p>\n","protected":false},"excerpt":{"rendered":"<p>El Ej\u00e9rcito surcoreano confirm\u00f3 que Corea del Norte lanz\u00f3 ayer un misil bal\u00edstico de corto alcance en direcci\u00f3n al mar de Jap\u00f3n, seg\u00fan un comunicado recogido por la agencia oficial de noticias de Corea del Sur, Yonhap, sin dar por el momento m\u00e1s detalles. Este lanzamiento tiene lugar tras un encuentro de alto nivel entre [&hellip;]<\/p>\n","protected":false},"author":1,"featured_media":0,"comment_status":"closed","ping_status":"open","sticky":false,"template":"","format":"standard","meta":{"_acf_changed":false,"footnotes":""},"categories":[3],"tags":[],"class_list":["post-193470","post","type-post","status-publish","format-standard","category-internacional"],"acf":{"antetitulo":""},"yoast_head":"<!-- This site is optimized with the Yoast SEO plugin v28.3 - https:\/\/yoast.com\/product\/yoast-seo-wordpress\/ -->\n<title>Corea del Sur confirma lanzamiento de misil norcoreano de corto alcance - El Diario - Bolivia<\/title>\n<meta name=\"robots\" content=\"index, follow, max-snippet:-1, max-image-preview:large, max-video-preview:-1\" \/>\n<link rel=\"canonical\" href=\"https:\/\/www.eldiario.net\/portal\/2023\/12\/18\/corea-del-sur-confirma-lanzamiento-de-misil-norcoreano-de-corto-alcance\/\" \/>\n<meta property=\"og:locale\" content=\"es_ES\" \/>\n<meta property=\"og:type\" content=\"article\" \/>\n<meta property=\"og:title\" content=\"Corea del Sur confirma lanzamiento de misil norcoreano de corto alcance - El Diario - Bolivia\" \/>\n<meta property=\"og:description\" content=\"El Ej\u00e9rcito surcoreano confirm\u00f3 que Corea del Norte lanz\u00f3 ayer un misil bal\u00edstico de corto alcance en direcci\u00f3n al mar de Jap\u00f3n, seg\u00fan un comunicado recogido por la agencia oficial de noticias de Corea del Sur, Yonhap, sin dar por el momento m\u00e1s detalles. Este lanzamiento tiene lugar tras un encuentro de alto nivel entre [&hellip;]\" \/>\n<meta property=\"og:url\" content=\"https:\/\/www.eldiario.net\/portal\/2023\/12\/18\/corea-del-sur-confirma-lanzamiento-de-misil-norcoreano-de-corto-alcance\/\" \/>\n<meta property=\"og:site_name\" content=\"El Diario - Bolivia\" \/>\n<meta property=\"article:publisher\" content=\"https:\/\/www.facebook.com\/eldiario.bolivia\/\" \/>\n<meta property=\"article:published_time\" content=\"2023-12-18T10:15:35+00:00\" \/>\n<meta name=\"author\" content=\"Jeanette\" \/>\n<meta name=\"twitter:card\" content=\"summary_large_image\" \/>\n<meta name=\"twitter:creator\" content=\"@eldiario_net\" \/>\n<meta name=\"twitter:site\" content=\"@eldiario_net\" \/>\n<meta name=\"twitter:label1\" content=\"Escrito por\" \/>\n\t<meta name=\"twitter:data1\" content=\"Jeanette\" \/>\n\t<meta name=\"twitter:label2\" content=\"Tiempo de lectura\" \/>\n\t<meta name=\"twitter:data2\" content=\"2 minutos\" \/>\n<script type=\"application\/ld+json\" class=\"yoast-schema-graph\">{\"@context\":\"https:\\\/\\\/schema.org\",\"@graph\":[{\"@type\":\"Article\",\"@id\":\"https:\\\/\\\/www.eldiario.net\\\/portal\\\/2023\\\/12\\\/18\\\/corea-del-sur-confirma-lanzamiento-de-misil-norcoreano-de-corto-alcance\\\/#article\",\"isPartOf\":{\"@id\":\"https:\\\/\\\/www.eldiario.net\\\/portal\\\/2023\\\/12\\\/18\\\/corea-del-sur-confirma-lanzamiento-de-misil-norcoreano-de-corto-alcance\\\/\"},\"author\":{\"name\":\"Jeanette\",\"@id\":\"https:\\\/\\\/www.eldiario.net\\\/portal\\\/#\\\/schema\\\/person\\\/f46445640444750d7d753ccd04ae01b7\"},\"headline\":\"Corea del Sur confirma lanzamiento de misil norcoreano de corto alcance\",\"datePublished\":\"2023-12-18T10:15:35+00:00\",\"mainEntityOfPage\":{\"@id\":\"https:\\\/\\\/www.eldiario.net\\\/portal\\\/2023\\\/12\\\/18\\\/corea-del-sur-confirma-lanzamiento-de-misil-norcoreano-de-corto-alcance\\\/\"},\"wordCount\":247,\"publisher\":{\"@id\":\"https:\\\/\\\/www.eldiario.net\\\/portal\\\/#organization\"},\"articleSection\":[\"Internacional\"],\"inLanguage\":\"es\"},{\"@type\":\"WebPage\",\"@id\":\"https:\\\/\\\/www.eldiario.net\\\/portal\\\/2023\\\/12\\\/18\\\/corea-del-sur-confirma-lanzamiento-de-misil-norcoreano-de-corto-alcance\\\/\",\"url\":\"https:\\\/\\\/www.eldiario.net\\\/portal\\\/2023\\\/12\\\/18\\\/corea-del-sur-confirma-lanzamiento-de-misil-norcoreano-de-corto-alcance\\\/\",\"name\":\"Corea del Sur confirma lanzamiento de misil norcoreano de corto alcance - El Diario - Bolivia\",\"isPartOf\":{\"@id\":\"https:\\\/\\\/www.eldiario.net\\\/portal\\\/#website\"},\"datePublished\":\"2023-12-18T10:15:35+00:00\",\"breadcrumb\":{\"@id\":\"https:\\\/\\\/www.eldiario.net\\\/portal\\\/2023\\\/12\\\/18\\\/corea-del-sur-confirma-lanzamiento-de-misil-norcoreano-de-corto-alcance\\\/#breadcrumb\"},\"inLanguage\":\"es\",\"potentialAction\":[{\"@type\":\"ReadAction\",\"target\":[\"https:\\\/\\\/www.eldiario.net\\\/portal\\\/2023\\\/12\\\/18\\\/corea-del-sur-confirma-lanzamiento-de-misil-norcoreano-de-corto-alcance\\\/\"]}]},{\"@type\":\"BreadcrumbList\",\"@id\":\"https:\\\/\\\/www.eldiario.net\\\/portal\\\/2023\\\/12\\\/18\\\/corea-del-sur-confirma-lanzamiento-de-misil-norcoreano-de-corto-alcance\\\/#breadcrumb\",\"itemListElement\":[{\"@type\":\"ListItem\",\"position\":1,\"name\":\"Portada\",\"item\":\"https:\\\/\\\/www.eldiario.net\\\/portal\\\/\"},{\"@type\":\"ListItem\",\"position\":2,\"name\":\"Corea del Sur confirma lanzamiento de misil norcoreano de corto alcance\"}]},{\"@type\":\"WebSite\",\"@id\":\"https:\\\/\\\/www.eldiario.net\\\/portal\\\/#website\",\"url\":\"https:\\\/\\\/www.eldiario.net\\\/portal\\\/\",\"name\":\"El Diario - Decano de la prensa nacional\",\"description\":\"El Diario - Decano de la prensa nacional\",\"publisher\":{\"@id\":\"https:\\\/\\\/www.eldiario.net\\\/portal\\\/#organization\"},\"potentialAction\":[{\"@type\":\"SearchAction\",\"target\":{\"@type\":\"EntryPoint\",\"urlTemplate\":\"https:\\\/\\\/www.eldiario.net\\\/portal\\\/?s={search_term_string}\"},\"query-input\":{\"@type\":\"PropertyValueSpecification\",\"valueRequired\":true,\"valueName\":\"search_term_string\"}}],\"inLanguage\":\"es\"},{\"@type\":\"Organization\",\"@id\":\"https:\\\/\\\/www.eldiario.net\\\/portal\\\/#organization\",\"name\":\"El Diario - Decano de la prensa nacional\",\"url\":\"https:\\\/\\\/www.eldiario.net\\\/portal\\\/\",\"logo\":{\"@type\":\"ImageObject\",\"inLanguage\":\"es\",\"@id\":\"https:\\\/\\\/www.eldiario.net\\\/portal\\\/#\\\/schema\\\/logo\\\/image\\\/\",\"url\":\"https:\\\/\\\/www.eldiario.net\\\/portal\\\/wp-content\\\/uploads\\\/2023\\\/07\\\/logo_ED.jpg\",\"contentUrl\":\"https:\\\/\\\/www.eldiario.net\\\/portal\\\/wp-content\\\/uploads\\\/2023\\\/07\\\/logo_ED.jpg\",\"width\":272,\"height\":52,\"caption\":\"El Diario - Decano de la prensa nacional\"},\"image\":{\"@id\":\"https:\\\/\\\/www.eldiario.net\\\/portal\\\/#\\\/schema\\\/logo\\\/image\\\/\"},\"sameAs\":[\"https:\\\/\\\/www.facebook.com\\\/eldiario.bolivia\\\/\",\"https:\\\/\\\/x.com\\\/eldiario_net\"]},{\"@type\":\"Person\",\"@id\":\"https:\\\/\\\/www.eldiario.net\\\/portal\\\/#\\\/schema\\\/person\\\/f46445640444750d7d753ccd04ae01b7\",\"name\":\"Jeanette\",\"image\":{\"@type\":\"ImageObject\",\"inLanguage\":\"es\",\"@id\":\"https:\\\/\\\/secure.gravatar.com\\\/avatar\\\/3ea2118a5f7dad2b7138b1187a6b7ee55f160b9968b66013c3a3ef39dd7e5798?s=96&d=mm&r=g\",\"url\":\"https:\\\/\\\/secure.gravatar.com\\\/avatar\\\/3ea2118a5f7dad2b7138b1187a6b7ee55f160b9968b66013c3a3ef39dd7e5798?s=96&d=mm&r=g\",\"contentUrl\":\"https:\\\/\\\/secure.gravatar.com\\\/avatar\\\/3ea2118a5f7dad2b7138b1187a6b7ee55f160b9968b66013c3a3ef39dd7e5798?s=96&d=mm&r=g\",\"caption\":\"Jeanette\"},\"sameAs\":[\"https:\\\/\\\/www.eldiario.net\\\/portal\"],\"url\":\"https:\\\/\\\/www.eldiario.net\\\/portal\\\/author\\\/jeanette\\\/\"}]}<\/script>\n<!-- \/ Yoast SEO plugin. -->","yoast_head_json":{"title":"Corea del Sur confirma lanzamiento de misil norcoreano de corto alcance - El Diario - Bolivia","robots":{"index":"index","follow":"follow","max-snippet":"max-snippet:-1","max-image-preview":"max-image-preview:large","max-video-preview":"max-video-preview:-1"},"canonical":"https:\/\/www.eldiario.net\/portal\/2023\/12\/18\/corea-del-sur-confirma-lanzamiento-de-misil-norcoreano-de-corto-alcance\/","og_locale":"es_ES","og_type":"article","og_title":"Corea del Sur confirma lanzamiento de misil norcoreano de corto alcance - El Diario - Bolivia","og_description":"El Ej\u00e9rcito surcoreano confirm\u00f3 que Corea del Norte lanz\u00f3 ayer un misil bal\u00edstico de corto alcance en direcci\u00f3n al mar de Jap\u00f3n, seg\u00fan un comunicado recogido por la agencia oficial de noticias de Corea del Sur, Yonhap, sin dar por el momento m\u00e1s detalles. Este lanzamiento tiene lugar tras un encuentro de alto nivel entre [&hellip;]","og_url":"https:\/\/www.eldiario.net\/portal\/2023\/12\/18\/corea-del-sur-confirma-lanzamiento-de-misil-norcoreano-de-corto-alcance\/","og_site_name":"El Diario - Bolivia","article_publisher":"https:\/\/www.facebook.com\/eldiario.bolivia\/","article_published_time":"2023-12-18T10:15:35+00:00","author":"Jeanette","twitter_card":"summary_large_image","twitter_creator":"@eldiario_net","twitter_site":"@eldiario_net","twitter_misc":{"Escrito por":"Jeanette","Tiempo de lectura":"2 minutos"},"schema":{"@context":"https:\/\/schema.org","@graph":[{"@type":"Article","@id":"https:\/\/www.eldiario.net\/portal\/2023\/12\/18\/corea-del-sur-confirma-lanzamiento-de-misil-norcoreano-de-corto-alcance\/#article","isPartOf":{"@id":"https:\/\/www.eldiario.net\/portal\/2023\/12\/18\/corea-del-sur-confirma-lanzamiento-de-misil-norcoreano-de-corto-alcance\/"},"author":{"name":"Jeanette","@id":"https:\/\/www.eldiario.net\/portal\/#\/schema\/person\/f46445640444750d7d753ccd04ae01b7"},"headline":"Corea del Sur confirma lanzamiento de misil norcoreano de corto alcance","datePublished":"2023-12-18T10:15:35+00:00","mainEntityOfPage":{"@id":"https:\/\/www.eldiario.net\/portal\/2023\/12\/18\/corea-del-sur-confirma-lanzamiento-de-misil-norcoreano-de-corto-alcance\/"},"wordCount":247,"publisher":{"@id":"https:\/\/www.eldiario.net\/portal\/#organization"},"articleSection":["Internacional"],"inLanguage":"es"},{"@type":"WebPage","@id":"https:\/\/www.eldiario.net\/portal\/2023\/12\/18\/corea-del-sur-confirma-lanzamiento-de-misil-norcoreano-de-corto-alcance\/","url":"https:\/\/www.eldiario.net\/portal\/2023\/12\/18\/corea-del-sur-confirma-lanzamiento-de-misil-norcoreano-de-corto-alcance\/","name":"Corea del Sur confirma lanzamiento de misil norcoreano de corto alcance - El Diario - Bolivia","isPartOf":{"@id":"https:\/\/www.eldiario.net\/portal\/#website"},"datePublished":"2023-12-18T10:15:35+00:00","breadcrumb":{"@id":"https:\/\/www.eldiario.net\/portal\/2023\/12\/18\/corea-del-sur-confirma-lanzamiento-de-misil-norcoreano-de-corto-alcance\/#breadcrumb"},"inLanguage":"es","potentialAction":[{"@type":"ReadAction","target":["https:\/\/www.eldiario.net\/portal\/2023\/12\/18\/corea-del-sur-confirma-lanzamiento-de-misil-norcoreano-de-corto-alcance\/"]}]},{"@type":"BreadcrumbList","@id":"https:\/\/www.eldiario.net\/portal\/2023\/12\/18\/corea-del-sur-confirma-lanzamiento-de-misil-norcoreano-de-corto-alcance\/#breadcrumb","itemListElement":[{"@type":"ListItem","position":1,"name":"Portada","item":"https:\/\/www.eldiario.net\/portal\/"},{"@type":"ListItem","position":2,"name":"Corea del Sur confirma lanzamiento de misil norcoreano de corto alcance"}]},{"@type":"WebSite","@id":"https:\/\/www.eldiario.net\/portal\/#website","url":"https:\/\/www.eldiario.net\/portal\/","name":"El Diario - Decano de la prensa nacional","description":"El Diario - Decano de la prensa nacional","publisher":{"@id":"https:\/\/www.eldiario.net\/portal\/#organization"},"potentialAction":[{"@type":"SearchAction","target":{"@type":"EntryPoint","urlTemplate":"https:\/\/www.eldiario.net\/portal\/?s={search_term_string}"},"query-input":{"@type":"PropertyValueSpecification","valueRequired":true,"valueName":"search_term_string"}}],"inLanguage":"es"},{"@type":"Organization","@id":"https:\/\/www.eldiario.net\/portal\/#organization","name":"El Diario - Decano de la prensa nacional","url":"https:\/\/www.eldiario.net\/portal\/","logo":{"@type":"ImageObject","inLanguage":"es","@id":"https:\/\/www.eldiario.net\/portal\/#\/schema\/logo\/image\/","url":"https:\/\/www.eldiario.net\/portal\/wp-content\/uploads\/2023\/07\/logo_ED.jpg","contentUrl":"https:\/\/www.eldiario.net\/portal\/wp-content\/uploads\/2023\/07\/logo_ED.jpg","width":272,"height":52,"caption":"El Diario - Decano de la prensa nacional"},"image":{"@id":"https:\/\/www.eldiario.net\/portal\/#\/schema\/logo\/image\/"},"sameAs":["https:\/\/www.facebook.com\/eldiario.bolivia\/","https:\/\/x.com\/eldiario_net"]},{"@type":"Person","@id":"https:\/\/www.eldiario.net\/portal\/#\/schema\/person\/f46445640444750d7d753ccd04ae01b7","name":"Jeanette","image":{"@type":"ImageObject","inLanguage":"es","@id":"https:\/\/secure.gravatar.com\/avatar\/3ea2118a5f7dad2b7138b1187a6b7ee55f160b9968b66013c3a3ef39dd7e5798?s=96&d=mm&r=g","url":"https:\/\/secure.gravatar.com\/avatar\/3ea2118a5f7dad2b7138b1187a6b7ee55f160b9968b66013c3a3ef39dd7e5798?s=96&d=mm&r=g","contentUrl":"https:\/\/secure.gravatar.com\/avatar\/3ea2118a5f7dad2b7138b1187a6b7ee55f160b9968b66013c3a3ef39dd7e5798?s=96&d=mm&r=g","caption":"Jeanette"},"sameAs":["https:\/\/www.eldiario.net\/portal"],"url":"https:\/\/www.eldiario.net\/portal\/author\/jeanette\/"}]}},"_links":{"self":[{"href":"https:\/\/www.eldiario.net\/portal\/wp-json\/wp\/v2\/posts\/193470","targetHints":{"allow":["GET"]}}],"collection":[{"href":"https:\/\/www.eldiario.net\/portal\/wp-json\/wp\/v2\/posts"}],"about":[{"href":"https:\/\/www.eldiario.net\/portal\/wp-json\/wp\/v2\/types\/post"}],"author":[{"embeddable":true,"href":"https:\/\/www.eldiario.net\/portal\/wp-json\/wp\/v2\/users\/1"}],"replies":[{"embeddable":true,"href":"https:\/\/www.eldiario.net\/portal\/wp-json\/wp\/v2\/comments?post=193470"}],"version-history":[{"count":0,"href":"https:\/\/www.eldiario.net\/portal\/wp-json\/wp\/v2\/posts\/193470\/revisions"}],"wp:attachment":[{"href":"https:\/\/www.eldiario.net\/portal\/wp-json\/wp\/v2\/media?parent=193470"}],"wp:term":[{"taxonomy":"category","embeddable":true,"href":"https:\/\/www.eldiario.net\/portal\/wp-json\/wp\/v2\/categories?post=193470"},{"taxonomy":"post_tag","embeddable":true,"href":"https:\/\/www.eldiario.net\/portal\/wp-json\/wp\/v2\/tags?post=193470"}],"curies":[{"name":"wp","href":"https:\/\/api.w.org\/{rel}","templated":true}]}}