{"id":193465,"date":"2023-12-18T06:14:00","date_gmt":"2023-12-18T10:14:00","guid":{"rendered":"https:\/\/www.eldiario.net\/portal\/?p=193465"},"modified":"2023-12-18T06:14:00","modified_gmt":"2023-12-18T10:14:00","slug":"anuncian-inversiones-publico-privadas-en-electrolineras-para-apoyo-a-electromovilidad","status":"publish","type":"post","link":"https:\/\/www.eldiario.net\/portal\/2023\/12\/18\/anuncian-inversiones-publico-privadas-en-electrolineras-para-apoyo-a-electromovilidad\/","title":{"rendered":"Anuncian inversiones p\u00fablico-privadas en  electrolineras para apoyo a electromovilidad"},"content":{"rendered":"<p>Se proyectan mayor n\u00famero de electrolineras para el 2024, con el objetivo de apoyar la electromovilidad, clave para la diversificaci\u00f3n de la matriz energ\u00e9tica, en un momento en que Bolivia baj\u00f3 su producci\u00f3n de gas y ahora se convirti\u00f3 en neto importador de hidrocarburos.<br \/>\nLa electrificaci\u00f3n del transporte, un factor clave para la diversificaci\u00f3n de la matriz energ\u00e9tica de Bolivia, dio un paso fundamental con las electrolineras, estaciones de carga que son parte de la vanguardia ambiental de la industria vehicular, que busca reducir sus emisiones de di\u00f3xido de carbono provenientes de la quema de combustibles f\u00f3siles.<br \/>\nEn el mundo, la electrificaci\u00f3n del transporte es crucial para alcanzar las metas de disminuci\u00f3n de las emisiones de gases de efecto invernadero y as\u00ed lo han entendido los grandes fabricantes de veh\u00edculos, que est\u00e1n en plena carrera por construir unidades con mayor autonom\u00eda y m\u00e1s accesibles para los usuarios.<br \/>\nEsa competencia est\u00e1 causando un descenso constante de los precios de los motorizados el\u00e9ctricos en los mercados internacionales, montos que ser\u00e1n similares a los de los convencionales alrededor de 2025, proyecta Schneider Electric, especialista en automatizaci\u00f3n y gesti\u00f3n eficiente de la energ\u00eda, que tambi\u00e9n calcula que el 30% de las ventas mundiales de veh\u00edculos de pasajeros ser\u00e1n totalmente el\u00e9ctricas para el 2030.<br \/>\nAs\u00ed, al ser la electromovilidad una tendencia global, se comenzaron a superar en varios pa\u00edses desaf\u00edos como la infraestructura de carga, el marco normativo y la seguridad, entre otros.<br \/>\nY Bolivia no es la excepci\u00f3n. En julio de 2021 se promulg\u00f3 el Decreto 4539, que otorga incentivos tributarios y financieros para la fabricaci\u00f3n, ensamblaje e importaci\u00f3n de coches el\u00e9ctricos e h\u00edbridos, as\u00ed como de maquinaria agr\u00edcola el\u00e9ctrica e h\u00edbrida. Como parte de este impulso, se planific\u00f3 la construcci\u00f3n de una red de estaciones de carga, para facilitar la transici\u00f3n y garantizar la accesibilidad a los usuarios.<br \/>\nLa primera electrolinera del pa\u00eds, denominada EV link by Schneider Electric, se inaugur\u00f3 en septiembre de 2021. Hoy, casi al cierre de 2023, hay ya 17 instaladas en el eje troncal, en puntos estrat\u00e9gicos. Todos estos centros de carga, fruto de una alianza p\u00fablico-privada, permiten que cualquier tipo de veh\u00edculo el\u00e9ctrico pueda cargarse plenamente en menos horas, tiempo en el cual el conductor puede realizar sus tr\u00e1mites, compras o actividades de esparcimiento.<br \/>\nEl tiempo para alcanzar una carga plena depender\u00e1 del nivel de carga que tenga la bater\u00eda, pero, para acelerar el proceso, las electrolineras disponen de dos tipos de carga: normal y r\u00e1pida.<br \/>\n\u201cSe espera que el 2024 sea mayor la cantidad de estaciones de carga de veh\u00edculos el\u00e9ctricos, ya que \u00e9stas pueden ser p\u00fablicas\u201d, instaladas por entidades nacionales y departamentales, \u201co privadas\u201d, ubicadas en edificios, condominios o casas particulares, el gerente Comercial de Schneider Electric para Bolivia, adelant\u00f3 Enrique Aill\u00f3n.<br \/>\nLa confianza del ejecutivo est\u00e1 bien fundamentada, al igual que las ventajas de tener un veh\u00edculo el\u00e9ctrico. Los estudios muestran que estos coches no solo no emiten gases contaminantes durante su funcionamiento, sino que son \u2013a largo plazo\u2013 m\u00e1s econ\u00f3micos que los convencionales. Un auto el\u00e9ctrico puede recorrer 100 kil\u00f3metros gastando solo el 50% del dinero que usa un auto a combusti\u00f3n en cubrir ese mismo espacio.<br \/>\nLa duraci\u00f3n de las bater\u00edas ha sido otro aspecto de preocupaci\u00f3n para los usuarios, pero en su carrera por un mayor desarrollo los fabricantes ya ofrecen garant\u00edas de hasta 10 a\u00f1os o 500.000 kil\u00f3metros.<br \/>\n\u201cLa electromovilidad est\u00e1 ingresando de a poco a nuestro pa\u00eds. Estamos introduciendo los primeros conceptos y acciones para cubrir el ecosistema de esta alternativa sostenible y para fomentar el uso de veh\u00edculos el\u00e9ctricos dentro nuestro territorio\u201d, remarc\u00f3 Aill\u00f3n.<br \/>\nEn ese marco, ser\u00e1 necesario definir tarifas de est\u00edmulo para carga de electromotores, de manera que sea m\u00e1s f\u00e1cil la decisi\u00f3n de cambiar hacia una movilidad el\u00e9ctrica; y promover programas de formaci\u00f3n orientados al mantenimiento t\u00e9cnico de estas unidades.<br \/>\nA futuro, se puede pensar en el establecimiento de un transporte urbano con buses el\u00e9ctricos mediante modelos de concesi\u00f3n, un proceso que se prev\u00e9 lento pero necesario. De manera paralela, las empresas inmobiliarias deber\u00e1n acelerar la incorporaci\u00f3n de infraestructuras de carga en sus nuevos proyectos residenciales, atendiendo al creciente inter\u00e9s de los ciudadanos en adquirir veh\u00edculos el\u00e9ctricos.<br \/>\nEn Chile ya trabajan buses el\u00e9ctricos en el transporte p\u00fablico, Colombia tambi\u00e9n va por este camino, as\u00ed pa\u00edses de la regi\u00f3n dan un paso importante a un cambio de matriz energ\u00e9tica y ahora Bolivia deber\u00e1 acelerar el ingreso a esta tendencia tras la ca\u00edda de la producci\u00f3n de hidrocarburos.<\/p>\n","protected":false},"excerpt":{"rendered":"<p>Se proyectan mayor n\u00famero de electrolineras para el 2024, con el objetivo de apoyar la electromovilidad, clave para la diversificaci\u00f3n de la matriz energ\u00e9tica, en un momento en que Bolivia baj\u00f3 su producci\u00f3n de gas y ahora se convirti\u00f3 en neto importador de hidrocarburos. La electrificaci\u00f3n del transporte, un factor clave para la diversificaci\u00f3n de [&hellip;]<\/p>\n","protected":false},"author":1,"featured_media":193466,"comment_status":"closed","ping_status":"open","sticky":false,"template":"","format":"standard","meta":{"_acf_changed":false,"footnotes":""},"categories":[7],"tags":[],"class_list":["post-193465","post","type-post","status-publish","format-standard","has-post-thumbnail","category-economia"],"acf":{"antetitulo":""},"yoast_head":"<!-- This site is optimized with the Yoast SEO plugin v28.3 - https:\/\/yoast.com\/product\/yoast-seo-wordpress\/ -->\n<title>Anuncian inversiones p\u00fablico-privadas en electrolineras para apoyo a electromovilidad - El Diario - Bolivia<\/title>\n<meta name=\"robots\" content=\"index, follow, max-snippet:-1, max-image-preview:large, max-video-preview:-1\" \/>\n<link rel=\"canonical\" href=\"https:\/\/www.eldiario.net\/portal\/2023\/12\/18\/anuncian-inversiones-publico-privadas-en-electrolineras-para-apoyo-a-electromovilidad\/\" \/>\n<meta property=\"og:locale\" content=\"es_ES\" \/>\n<meta property=\"og:type\" content=\"article\" \/>\n<meta property=\"og:title\" content=\"Anuncian inversiones p\u00fablico-privadas en electrolineras para apoyo a electromovilidad - El Diario - Bolivia\" \/>\n<meta property=\"og:description\" content=\"Se proyectan mayor n\u00famero de electrolineras para el 2024, con el objetivo de apoyar la electromovilidad, clave para la diversificaci\u00f3n de la matriz energ\u00e9tica, en un momento en que Bolivia baj\u00f3 su producci\u00f3n de gas y ahora se convirti\u00f3 en neto importador de hidrocarburos. La electrificaci\u00f3n del transporte, un factor clave para la diversificaci\u00f3n de [&hellip;]\" \/>\n<meta property=\"og:url\" content=\"https:\/\/www.eldiario.net\/portal\/2023\/12\/18\/anuncian-inversiones-publico-privadas-en-electrolineras-para-apoyo-a-electromovilidad\/\" \/>\n<meta property=\"og:site_name\" content=\"El Diario - Bolivia\" \/>\n<meta property=\"article:publisher\" content=\"https:\/\/www.facebook.com\/eldiario.bolivia\/\" \/>\n<meta property=\"article:published_time\" content=\"2023-12-18T10:14:00+00:00\" \/>\n<meta property=\"og:image\" content=\"https:\/\/www.eldiario.net\/portal\/wp-content\/uploads\/2023\/12\/movil.jpg\" \/>\n\t<meta property=\"og:image:width\" content=\"474\" \/>\n\t<meta property=\"og:image:height\" content=\"270\" \/>\n\t<meta property=\"og:image:type\" content=\"image\/jpeg\" \/>\n<meta name=\"author\" content=\"Jeanette\" \/>\n<meta name=\"twitter:card\" content=\"summary_large_image\" \/>\n<meta name=\"twitter:creator\" content=\"@eldiario_net\" \/>\n<meta name=\"twitter:site\" content=\"@eldiario_net\" \/>\n<meta name=\"twitter:label1\" content=\"Escrito por\" \/>\n\t<meta name=\"twitter:data1\" content=\"Jeanette\" \/>\n\t<meta name=\"twitter:label2\" content=\"Tiempo de lectura\" \/>\n\t<meta name=\"twitter:data2\" content=\"4 minutos\" \/>\n<script type=\"application\/ld+json\" class=\"yoast-schema-graph\">{\"@context\":\"https:\\\/\\\/schema.org\",\"@graph\":[{\"@type\":\"Article\",\"@id\":\"https:\\\/\\\/www.eldiario.net\\\/portal\\\/2023\\\/12\\\/18\\\/anuncian-inversiones-publico-privadas-en-electrolineras-para-apoyo-a-electromovilidad\\\/#article\",\"isPartOf\":{\"@id\":\"https:\\\/\\\/www.eldiario.net\\\/portal\\\/2023\\\/12\\\/18\\\/anuncian-inversiones-publico-privadas-en-electrolineras-para-apoyo-a-electromovilidad\\\/\"},\"author\":{\"name\":\"Jeanette\",\"@id\":\"https:\\\/\\\/www.eldiario.net\\\/portal\\\/#\\\/schema\\\/person\\\/f46445640444750d7d753ccd04ae01b7\"},\"headline\":\"Anuncian inversiones p\u00fablico-privadas en electrolineras para apoyo a electromovilidad\",\"datePublished\":\"2023-12-18T10:14:00+00:00\",\"mainEntityOfPage\":{\"@id\":\"https:\\\/\\\/www.eldiario.net\\\/portal\\\/2023\\\/12\\\/18\\\/anuncian-inversiones-publico-privadas-en-electrolineras-para-apoyo-a-electromovilidad\\\/\"},\"wordCount\":824,\"publisher\":{\"@id\":\"https:\\\/\\\/www.eldiario.net\\\/portal\\\/#organization\"},\"image\":{\"@id\":\"https:\\\/\\\/www.eldiario.net\\\/portal\\\/2023\\\/12\\\/18\\\/anuncian-inversiones-publico-privadas-en-electrolineras-para-apoyo-a-electromovilidad\\\/#primaryimage\"},\"thumbnailUrl\":\"https:\\\/\\\/www.eldiario.net\\\/portal\\\/wp-content\\\/uploads\\\/2023\\\/12\\\/movil.jpg\",\"articleSection\":[\"Econom\u00eda\"],\"inLanguage\":\"es\"},{\"@type\":\"WebPage\",\"@id\":\"https:\\\/\\\/www.eldiario.net\\\/portal\\\/2023\\\/12\\\/18\\\/anuncian-inversiones-publico-privadas-en-electrolineras-para-apoyo-a-electromovilidad\\\/\",\"url\":\"https:\\\/\\\/www.eldiario.net\\\/portal\\\/2023\\\/12\\\/18\\\/anuncian-inversiones-publico-privadas-en-electrolineras-para-apoyo-a-electromovilidad\\\/\",\"name\":\"Anuncian inversiones p\u00fablico-privadas en electrolineras para apoyo a electromovilidad - El Diario - Bolivia\",\"isPartOf\":{\"@id\":\"https:\\\/\\\/www.eldiario.net\\\/portal\\\/#website\"},\"primaryImageOfPage\":{\"@id\":\"https:\\\/\\\/www.eldiario.net\\\/portal\\\/2023\\\/12\\\/18\\\/anuncian-inversiones-publico-privadas-en-electrolineras-para-apoyo-a-electromovilidad\\\/#primaryimage\"},\"image\":{\"@id\":\"https:\\\/\\\/www.eldiario.net\\\/portal\\\/2023\\\/12\\\/18\\\/anuncian-inversiones-publico-privadas-en-electrolineras-para-apoyo-a-electromovilidad\\\/#primaryimage\"},\"thumbnailUrl\":\"https:\\\/\\\/www.eldiario.net\\\/portal\\\/wp-content\\\/uploads\\\/2023\\\/12\\\/movil.jpg\",\"datePublished\":\"2023-12-18T10:14:00+00:00\",\"breadcrumb\":{\"@id\":\"https:\\\/\\\/www.eldiario.net\\\/portal\\\/2023\\\/12\\\/18\\\/anuncian-inversiones-publico-privadas-en-electrolineras-para-apoyo-a-electromovilidad\\\/#breadcrumb\"},\"inLanguage\":\"es\",\"potentialAction\":[{\"@type\":\"ReadAction\",\"target\":[\"https:\\\/\\\/www.eldiario.net\\\/portal\\\/2023\\\/12\\\/18\\\/anuncian-inversiones-publico-privadas-en-electrolineras-para-apoyo-a-electromovilidad\\\/\"]}]},{\"@type\":\"ImageObject\",\"inLanguage\":\"es\",\"@id\":\"https:\\\/\\\/www.eldiario.net\\\/portal\\\/2023\\\/12\\\/18\\\/anuncian-inversiones-publico-privadas-en-electrolineras-para-apoyo-a-electromovilidad\\\/#primaryimage\",\"url\":\"https:\\\/\\\/www.eldiario.net\\\/portal\\\/wp-content\\\/uploads\\\/2023\\\/12\\\/movil.jpg\",\"contentUrl\":\"https:\\\/\\\/www.eldiario.net\\\/portal\\\/wp-content\\\/uploads\\\/2023\\\/12\\\/movil.jpg\",\"width\":474,\"height\":270,\"caption\":\"Autos el\u00e9ctricos en plena carga.\"},{\"@type\":\"BreadcrumbList\",\"@id\":\"https:\\\/\\\/www.eldiario.net\\\/portal\\\/2023\\\/12\\\/18\\\/anuncian-inversiones-publico-privadas-en-electrolineras-para-apoyo-a-electromovilidad\\\/#breadcrumb\",\"itemListElement\":[{\"@type\":\"ListItem\",\"position\":1,\"name\":\"Portada\",\"item\":\"https:\\\/\\\/www.eldiario.net\\\/portal\\\/\"},{\"@type\":\"ListItem\",\"position\":2,\"name\":\"Anuncian inversiones p\u00fablico-privadas en electrolineras para apoyo a electromovilidad\"}]},{\"@type\":\"WebSite\",\"@id\":\"https:\\\/\\\/www.eldiario.net\\\/portal\\\/#website\",\"url\":\"https:\\\/\\\/www.eldiario.net\\\/portal\\\/\",\"name\":\"El Diario - Decano de la prensa nacional\",\"description\":\"El Diario - Decano de la prensa nacional\",\"publisher\":{\"@id\":\"https:\\\/\\\/www.eldiario.net\\\/portal\\\/#organization\"},\"potentialAction\":[{\"@type\":\"SearchAction\",\"target\":{\"@type\":\"EntryPoint\",\"urlTemplate\":\"https:\\\/\\\/www.eldiario.net\\\/portal\\\/?s={search_term_string}\"},\"query-input\":{\"@type\":\"PropertyValueSpecification\",\"valueRequired\":true,\"valueName\":\"search_term_string\"}}],\"inLanguage\":\"es\"},{\"@type\":\"Organization\",\"@id\":\"https:\\\/\\\/www.eldiario.net\\\/portal\\\/#organization\",\"name\":\"El Diario - Decano de la prensa nacional\",\"url\":\"https:\\\/\\\/www.eldiario.net\\\/portal\\\/\",\"logo\":{\"@type\":\"ImageObject\",\"inLanguage\":\"es\",\"@id\":\"https:\\\/\\\/www.eldiario.net\\\/portal\\\/#\\\/schema\\\/logo\\\/image\\\/\",\"url\":\"https:\\\/\\\/www.eldiario.net\\\/portal\\\/wp-content\\\/uploads\\\/2023\\\/07\\\/logo_ED.jpg\",\"contentUrl\":\"https:\\\/\\\/www.eldiario.net\\\/portal\\\/wp-content\\\/uploads\\\/2023\\\/07\\\/logo_ED.jpg\",\"width\":272,\"height\":52,\"caption\":\"El Diario - Decano de la prensa nacional\"},\"image\":{\"@id\":\"https:\\\/\\\/www.eldiario.net\\\/portal\\\/#\\\/schema\\\/logo\\\/image\\\/\"},\"sameAs\":[\"https:\\\/\\\/www.facebook.com\\\/eldiario.bolivia\\\/\",\"https:\\\/\\\/x.com\\\/eldiario_net\"]},{\"@type\":\"Person\",\"@id\":\"https:\\\/\\\/www.eldiario.net\\\/portal\\\/#\\\/schema\\\/person\\\/f46445640444750d7d753ccd04ae01b7\",\"name\":\"Jeanette\",\"image\":{\"@type\":\"ImageObject\",\"inLanguage\":\"es\",\"@id\":\"https:\\\/\\\/secure.gravatar.com\\\/avatar\\\/3ea2118a5f7dad2b7138b1187a6b7ee55f160b9968b66013c3a3ef39dd7e5798?s=96&d=mm&r=g\",\"url\":\"https:\\\/\\\/secure.gravatar.com\\\/avatar\\\/3ea2118a5f7dad2b7138b1187a6b7ee55f160b9968b66013c3a3ef39dd7e5798?s=96&d=mm&r=g\",\"contentUrl\":\"https:\\\/\\\/secure.gravatar.com\\\/avatar\\\/3ea2118a5f7dad2b7138b1187a6b7ee55f160b9968b66013c3a3ef39dd7e5798?s=96&d=mm&r=g\",\"caption\":\"Jeanette\"},\"sameAs\":[\"https:\\\/\\\/www.eldiario.net\\\/portal\"],\"url\":\"https:\\\/\\\/www.eldiario.net\\\/portal\\\/author\\\/jeanette\\\/\"}]}<\/script>\n<!-- \/ Yoast SEO plugin. -->","yoast_head_json":{"title":"Anuncian inversiones p\u00fablico-privadas en electrolineras para apoyo a electromovilidad - El Diario - Bolivia","robots":{"index":"index","follow":"follow","max-snippet":"max-snippet:-1","max-image-preview":"max-image-preview:large","max-video-preview":"max-video-preview:-1"},"canonical":"https:\/\/www.eldiario.net\/portal\/2023\/12\/18\/anuncian-inversiones-publico-privadas-en-electrolineras-para-apoyo-a-electromovilidad\/","og_locale":"es_ES","og_type":"article","og_title":"Anuncian inversiones p\u00fablico-privadas en electrolineras para apoyo a electromovilidad - El Diario - Bolivia","og_description":"Se proyectan mayor n\u00famero de electrolineras para el 2024, con el objetivo de apoyar la electromovilidad, clave para la diversificaci\u00f3n de la matriz energ\u00e9tica, en un momento en que Bolivia baj\u00f3 su producci\u00f3n de gas y ahora se convirti\u00f3 en neto importador de hidrocarburos. La electrificaci\u00f3n del transporte, un factor clave para la diversificaci\u00f3n de [&hellip;]","og_url":"https:\/\/www.eldiario.net\/portal\/2023\/12\/18\/anuncian-inversiones-publico-privadas-en-electrolineras-para-apoyo-a-electromovilidad\/","og_site_name":"El Diario - Bolivia","article_publisher":"https:\/\/www.facebook.com\/eldiario.bolivia\/","article_published_time":"2023-12-18T10:14:00+00:00","og_image":[{"width":474,"height":270,"url":"https:\/\/www.eldiario.net\/portal\/wp-content\/uploads\/2023\/12\/movil.jpg","type":"image\/jpeg"}],"author":"Jeanette","twitter_card":"summary_large_image","twitter_creator":"@eldiario_net","twitter_site":"@eldiario_net","twitter_misc":{"Escrito por":"Jeanette","Tiempo de lectura":"4 minutos"},"schema":{"@context":"https:\/\/schema.org","@graph":[{"@type":"Article","@id":"https:\/\/www.eldiario.net\/portal\/2023\/12\/18\/anuncian-inversiones-publico-privadas-en-electrolineras-para-apoyo-a-electromovilidad\/#article","isPartOf":{"@id":"https:\/\/www.eldiario.net\/portal\/2023\/12\/18\/anuncian-inversiones-publico-privadas-en-electrolineras-para-apoyo-a-electromovilidad\/"},"author":{"name":"Jeanette","@id":"https:\/\/www.eldiario.net\/portal\/#\/schema\/person\/f46445640444750d7d753ccd04ae01b7"},"headline":"Anuncian inversiones p\u00fablico-privadas en electrolineras para apoyo a electromovilidad","datePublished":"2023-12-18T10:14:00+00:00","mainEntityOfPage":{"@id":"https:\/\/www.eldiario.net\/portal\/2023\/12\/18\/anuncian-inversiones-publico-privadas-en-electrolineras-para-apoyo-a-electromovilidad\/"},"wordCount":824,"publisher":{"@id":"https:\/\/www.eldiario.net\/portal\/#organization"},"image":{"@id":"https:\/\/www.eldiario.net\/portal\/2023\/12\/18\/anuncian-inversiones-publico-privadas-en-electrolineras-para-apoyo-a-electromovilidad\/#primaryimage"},"thumbnailUrl":"https:\/\/www.eldiario.net\/portal\/wp-content\/uploads\/2023\/12\/movil.jpg","articleSection":["Econom\u00eda"],"inLanguage":"es"},{"@type":"WebPage","@id":"https:\/\/www.eldiario.net\/portal\/2023\/12\/18\/anuncian-inversiones-publico-privadas-en-electrolineras-para-apoyo-a-electromovilidad\/","url":"https:\/\/www.eldiario.net\/portal\/2023\/12\/18\/anuncian-inversiones-publico-privadas-en-electrolineras-para-apoyo-a-electromovilidad\/","name":"Anuncian inversiones p\u00fablico-privadas en electrolineras para apoyo a electromovilidad - El Diario - Bolivia","isPartOf":{"@id":"https:\/\/www.eldiario.net\/portal\/#website"},"primaryImageOfPage":{"@id":"https:\/\/www.eldiario.net\/portal\/2023\/12\/18\/anuncian-inversiones-publico-privadas-en-electrolineras-para-apoyo-a-electromovilidad\/#primaryimage"},"image":{"@id":"https:\/\/www.eldiario.net\/portal\/2023\/12\/18\/anuncian-inversiones-publico-privadas-en-electrolineras-para-apoyo-a-electromovilidad\/#primaryimage"},"thumbnailUrl":"https:\/\/www.eldiario.net\/portal\/wp-content\/uploads\/2023\/12\/movil.jpg","datePublished":"2023-12-18T10:14:00+00:00","breadcrumb":{"@id":"https:\/\/www.eldiario.net\/portal\/2023\/12\/18\/anuncian-inversiones-publico-privadas-en-electrolineras-para-apoyo-a-electromovilidad\/#breadcrumb"},"inLanguage":"es","potentialAction":[{"@type":"ReadAction","target":["https:\/\/www.eldiario.net\/portal\/2023\/12\/18\/anuncian-inversiones-publico-privadas-en-electrolineras-para-apoyo-a-electromovilidad\/"]}]},{"@type":"ImageObject","inLanguage":"es","@id":"https:\/\/www.eldiario.net\/portal\/2023\/12\/18\/anuncian-inversiones-publico-privadas-en-electrolineras-para-apoyo-a-electromovilidad\/#primaryimage","url":"https:\/\/www.eldiario.net\/portal\/wp-content\/uploads\/2023\/12\/movil.jpg","contentUrl":"https:\/\/www.eldiario.net\/portal\/wp-content\/uploads\/2023\/12\/movil.jpg","width":474,"height":270,"caption":"Autos el\u00e9ctricos en plena carga."},{"@type":"BreadcrumbList","@id":"https:\/\/www.eldiario.net\/portal\/2023\/12\/18\/anuncian-inversiones-publico-privadas-en-electrolineras-para-apoyo-a-electromovilidad\/#breadcrumb","itemListElement":[{"@type":"ListItem","position":1,"name":"Portada","item":"https:\/\/www.eldiario.net\/portal\/"},{"@type":"ListItem","position":2,"name":"Anuncian inversiones p\u00fablico-privadas en electrolineras para apoyo a electromovilidad"}]},{"@type":"WebSite","@id":"https:\/\/www.eldiario.net\/portal\/#website","url":"https:\/\/www.eldiario.net\/portal\/","name":"El Diario - Decano de la prensa nacional","description":"El Diario - Decano de la prensa nacional","publisher":{"@id":"https:\/\/www.eldiario.net\/portal\/#organization"},"potentialAction":[{"@type":"SearchAction","target":{"@type":"EntryPoint","urlTemplate":"https:\/\/www.eldiario.net\/portal\/?s={search_term_string}"},"query-input":{"@type":"PropertyValueSpecification","valueRequired":true,"valueName":"search_term_string"}}],"inLanguage":"es"},{"@type":"Organization","@id":"https:\/\/www.eldiario.net\/portal\/#organization","name":"El Diario - Decano de la prensa nacional","url":"https:\/\/www.eldiario.net\/portal\/","logo":{"@type":"ImageObject","inLanguage":"es","@id":"https:\/\/www.eldiario.net\/portal\/#\/schema\/logo\/image\/","url":"https:\/\/www.eldiario.net\/portal\/wp-content\/uploads\/2023\/07\/logo_ED.jpg","contentUrl":"https:\/\/www.eldiario.net\/portal\/wp-content\/uploads\/2023\/07\/logo_ED.jpg","width":272,"height":52,"caption":"El Diario - Decano de la prensa nacional"},"image":{"@id":"https:\/\/www.eldiario.net\/portal\/#\/schema\/logo\/image\/"},"sameAs":["https:\/\/www.facebook.com\/eldiario.bolivia\/","https:\/\/x.com\/eldiario_net"]},{"@type":"Person","@id":"https:\/\/www.eldiario.net\/portal\/#\/schema\/person\/f46445640444750d7d753ccd04ae01b7","name":"Jeanette","image":{"@type":"ImageObject","inLanguage":"es","@id":"https:\/\/secure.gravatar.com\/avatar\/3ea2118a5f7dad2b7138b1187a6b7ee55f160b9968b66013c3a3ef39dd7e5798?s=96&d=mm&r=g","url":"https:\/\/secure.gravatar.com\/avatar\/3ea2118a5f7dad2b7138b1187a6b7ee55f160b9968b66013c3a3ef39dd7e5798?s=96&d=mm&r=g","contentUrl":"https:\/\/secure.gravatar.com\/avatar\/3ea2118a5f7dad2b7138b1187a6b7ee55f160b9968b66013c3a3ef39dd7e5798?s=96&d=mm&r=g","caption":"Jeanette"},"sameAs":["https:\/\/www.eldiario.net\/portal"],"url":"https:\/\/www.eldiario.net\/portal\/author\/jeanette\/"}]}},"_links":{"self":[{"href":"https:\/\/www.eldiario.net\/portal\/wp-json\/wp\/v2\/posts\/193465","targetHints":{"allow":["GET"]}}],"collection":[{"href":"https:\/\/www.eldiario.net\/portal\/wp-json\/wp\/v2\/posts"}],"about":[{"href":"https:\/\/www.eldiario.net\/portal\/wp-json\/wp\/v2\/types\/post"}],"author":[{"embeddable":true,"href":"https:\/\/www.eldiario.net\/portal\/wp-json\/wp\/v2\/users\/1"}],"replies":[{"embeddable":true,"href":"https:\/\/www.eldiario.net\/portal\/wp-json\/wp\/v2\/comments?post=193465"}],"version-history":[{"count":0,"href":"https:\/\/www.eldiario.net\/portal\/wp-json\/wp\/v2\/posts\/193465\/revisions"}],"wp:featuredmedia":[{"embeddable":true,"href":"https:\/\/www.eldiario.net\/portal\/wp-json\/wp\/v2\/media\/193466"}],"wp:attachment":[{"href":"https:\/\/www.eldiario.net\/portal\/wp-json\/wp\/v2\/media?parent=193465"}],"wp:term":[{"taxonomy":"category","embeddable":true,"href":"https:\/\/www.eldiario.net\/portal\/wp-json\/wp\/v2\/categories?post=193465"},{"taxonomy":"post_tag","embeddable":true,"href":"https:\/\/www.eldiario.net\/portal\/wp-json\/wp\/v2\/tags?post=193465"}],"curies":[{"name":"wp","href":"https:\/\/api.w.org\/{rel}","templated":true}]}}