{"id":193462,"date":"2023-12-18T06:12:42","date_gmt":"2023-12-18T10:12:42","guid":{"rendered":"https:\/\/www.eldiario.net\/portal\/?p=193462"},"modified":"2023-12-18T06:12:42","modified_gmt":"2023-12-18T10:12:42","slug":"medidas-implementadas-en-argentina-alertan-al-gobierno-de-bolivia","status":"publish","type":"post","link":"https:\/\/www.eldiario.net\/portal\/2023\/12\/18\/medidas-implementadas-en-argentina-alertan-al-gobierno-de-bolivia\/","title":{"rendered":"Medidas implementadas en Argentina  alertan al Gobierno de Bolivia"},"content":{"rendered":"<p>El Gobierno nacional est\u00e1 atento a las medidas que adopt\u00f3 Argentina y trabaja para evitar que estas ocasionen afectaciones importantes a Bolivia, inform\u00f3 el fin de semana el viceministro de Comercio Exterior e Integraci\u00f3n, Benjam\u00edn Blanco.<br \/>\n\u201cNosotros estamos atentos, tal como lo ha dicho el presidente (Luis Arce), respecto a las medidas y a lo que va sucediendo en la Argentina. Se habla de algunas medidas que podr\u00edan poner en dificultades a Bolivia, de momento lo que estamos viendo nosotros (es) en frontera\u201d, dijo la autoridad en conferencia de prensa.<br \/>\nIndic\u00f3 que, seg\u00fan los reportes de los c\u00f3nsules, que est\u00e1n en plena frontera, es que hay un incremento en los precios de algunos productos argentinos, debido al aumento del costo del combustible en el pa\u00eds vecino y las especulaciones.<br \/>\n\u201cLas medidas que se est\u00e1n asumiendo en Argentina, como lo ha explicado el Presidente, pueden afectar. Estamos atentos a esas medidas, estamos atentos a los efectos econ\u00f3micos que pueda tener para nuestro pa\u00eds como va a tener tambi\u00e9n con todos los vecinos que tiene Argentina, con todos los pa\u00edses de la regi\u00f3n\u201d, reiter\u00f3.<br \/>\nEl viceministro sostuvo que actualmente para Bolivia, Argentina es un socio en cuanto a comercio en particular de gas natural, banano y otros productos no tradicionales producidos de buena calidad y est\u00e1n en \u201cmuy buen\u201d precio.<br \/>\nRespecto a la harina, que es uno de los productos que importa Bolivia de Argentina, se\u00f1al\u00f3 que \u201cexiste una peque\u00f1a elevaci\u00f3n de precios\u201d en su comercializaci\u00f3n en el mercado vecino; sin embargo, eso fortalece la industria nacional.<\/p>\n","protected":false},"excerpt":{"rendered":"<p>El Gobierno nacional est\u00e1 atento a las medidas que adopt\u00f3 Argentina y trabaja para evitar que estas ocasionen afectaciones importantes a Bolivia, inform\u00f3 el fin de semana el viceministro de Comercio Exterior e Integraci\u00f3n, Benjam\u00edn Blanco. \u201cNosotros estamos atentos, tal como lo ha dicho el presidente (Luis Arce), respecto a las medidas y a lo [&hellip;]<\/p>\n","protected":false},"author":1,"featured_media":0,"comment_status":"closed","ping_status":"open","sticky":false,"template":"","format":"standard","meta":{"_acf_changed":false,"footnotes":""},"categories":[7],"tags":[],"class_list":["post-193462","post","type-post","status-publish","format-standard","category-economia"],"acf":{"antetitulo":""},"yoast_head":"<!-- This site is optimized with the Yoast SEO plugin v28.3 - https:\/\/yoast.com\/product\/yoast-seo-wordpress\/ -->\n<title>Medidas implementadas en Argentina alertan al Gobierno de Bolivia - El Diario - Bolivia<\/title>\n<meta name=\"robots\" content=\"index, follow, max-snippet:-1, max-image-preview:large, max-video-preview:-1\" \/>\n<link rel=\"canonical\" href=\"https:\/\/www.eldiario.net\/portal\/2023\/12\/18\/medidas-implementadas-en-argentina-alertan-al-gobierno-de-bolivia\/\" \/>\n<meta property=\"og:locale\" content=\"es_ES\" \/>\n<meta property=\"og:type\" content=\"article\" \/>\n<meta property=\"og:title\" content=\"Medidas implementadas en Argentina alertan al Gobierno de Bolivia - El Diario - Bolivia\" \/>\n<meta property=\"og:description\" content=\"El Gobierno nacional est\u00e1 atento a las medidas que adopt\u00f3 Argentina y trabaja para evitar que estas ocasionen afectaciones importantes a Bolivia, inform\u00f3 el fin de semana el viceministro de Comercio Exterior e Integraci\u00f3n, Benjam\u00edn Blanco. \u201cNosotros estamos atentos, tal como lo ha dicho el presidente (Luis Arce), respecto a las medidas y a lo [&hellip;]\" \/>\n<meta property=\"og:url\" content=\"https:\/\/www.eldiario.net\/portal\/2023\/12\/18\/medidas-implementadas-en-argentina-alertan-al-gobierno-de-bolivia\/\" \/>\n<meta property=\"og:site_name\" content=\"El Diario - Bolivia\" \/>\n<meta property=\"article:publisher\" content=\"https:\/\/www.facebook.com\/eldiario.bolivia\/\" \/>\n<meta property=\"article:published_time\" content=\"2023-12-18T10:12:42+00:00\" \/>\n<meta name=\"author\" content=\"Jeanette\" \/>\n<meta name=\"twitter:card\" content=\"summary_large_image\" \/>\n<meta name=\"twitter:creator\" content=\"@eldiario_net\" \/>\n<meta name=\"twitter:site\" content=\"@eldiario_net\" \/>\n<meta name=\"twitter:label1\" content=\"Escrito por\" \/>\n\t<meta name=\"twitter:data1\" content=\"Jeanette\" \/>\n\t<meta name=\"twitter:label2\" content=\"Tiempo de lectura\" \/>\n\t<meta name=\"twitter:data2\" content=\"2 minutos\" \/>\n<script type=\"application\/ld+json\" class=\"yoast-schema-graph\">{\"@context\":\"https:\\\/\\\/schema.org\",\"@graph\":[{\"@type\":\"Article\",\"@id\":\"https:\\\/\\\/www.eldiario.net\\\/portal\\\/2023\\\/12\\\/18\\\/medidas-implementadas-en-argentina-alertan-al-gobierno-de-bolivia\\\/#article\",\"isPartOf\":{\"@id\":\"https:\\\/\\\/www.eldiario.net\\\/portal\\\/2023\\\/12\\\/18\\\/medidas-implementadas-en-argentina-alertan-al-gobierno-de-bolivia\\\/\"},\"author\":{\"name\":\"Jeanette\",\"@id\":\"https:\\\/\\\/www.eldiario.net\\\/portal\\\/#\\\/schema\\\/person\\\/f46445640444750d7d753ccd04ae01b7\"},\"headline\":\"Medidas implementadas en Argentina alertan al Gobierno de Bolivia\",\"datePublished\":\"2023-12-18T10:12:42+00:00\",\"mainEntityOfPage\":{\"@id\":\"https:\\\/\\\/www.eldiario.net\\\/portal\\\/2023\\\/12\\\/18\\\/medidas-implementadas-en-argentina-alertan-al-gobierno-de-bolivia\\\/\"},\"wordCount\":282,\"publisher\":{\"@id\":\"https:\\\/\\\/www.eldiario.net\\\/portal\\\/#organization\"},\"articleSection\":[\"Econom\u00eda\"],\"inLanguage\":\"es\"},{\"@type\":\"WebPage\",\"@id\":\"https:\\\/\\\/www.eldiario.net\\\/portal\\\/2023\\\/12\\\/18\\\/medidas-implementadas-en-argentina-alertan-al-gobierno-de-bolivia\\\/\",\"url\":\"https:\\\/\\\/www.eldiario.net\\\/portal\\\/2023\\\/12\\\/18\\\/medidas-implementadas-en-argentina-alertan-al-gobierno-de-bolivia\\\/\",\"name\":\"Medidas implementadas en Argentina alertan al Gobierno de Bolivia - El Diario - Bolivia\",\"isPartOf\":{\"@id\":\"https:\\\/\\\/www.eldiario.net\\\/portal\\\/#website\"},\"datePublished\":\"2023-12-18T10:12:42+00:00\",\"breadcrumb\":{\"@id\":\"https:\\\/\\\/www.eldiario.net\\\/portal\\\/2023\\\/12\\\/18\\\/medidas-implementadas-en-argentina-alertan-al-gobierno-de-bolivia\\\/#breadcrumb\"},\"inLanguage\":\"es\",\"potentialAction\":[{\"@type\":\"ReadAction\",\"target\":[\"https:\\\/\\\/www.eldiario.net\\\/portal\\\/2023\\\/12\\\/18\\\/medidas-implementadas-en-argentina-alertan-al-gobierno-de-bolivia\\\/\"]}]},{\"@type\":\"BreadcrumbList\",\"@id\":\"https:\\\/\\\/www.eldiario.net\\\/portal\\\/2023\\\/12\\\/18\\\/medidas-implementadas-en-argentina-alertan-al-gobierno-de-bolivia\\\/#breadcrumb\",\"itemListElement\":[{\"@type\":\"ListItem\",\"position\":1,\"name\":\"Portada\",\"item\":\"https:\\\/\\\/www.eldiario.net\\\/portal\\\/\"},{\"@type\":\"ListItem\",\"position\":2,\"name\":\"Medidas implementadas en Argentina alertan al Gobierno de Bolivia\"}]},{\"@type\":\"WebSite\",\"@id\":\"https:\\\/\\\/www.eldiario.net\\\/portal\\\/#website\",\"url\":\"https:\\\/\\\/www.eldiario.net\\\/portal\\\/\",\"name\":\"El Diario - Decano de la prensa nacional\",\"description\":\"El Diario - Decano de la prensa nacional\",\"publisher\":{\"@id\":\"https:\\\/\\\/www.eldiario.net\\\/portal\\\/#organization\"},\"potentialAction\":[{\"@type\":\"SearchAction\",\"target\":{\"@type\":\"EntryPoint\",\"urlTemplate\":\"https:\\\/\\\/www.eldiario.net\\\/portal\\\/?s={search_term_string}\"},\"query-input\":{\"@type\":\"PropertyValueSpecification\",\"valueRequired\":true,\"valueName\":\"search_term_string\"}}],\"inLanguage\":\"es\"},{\"@type\":\"Organization\",\"@id\":\"https:\\\/\\\/www.eldiario.net\\\/portal\\\/#organization\",\"name\":\"El Diario - Decano de la prensa nacional\",\"url\":\"https:\\\/\\\/www.eldiario.net\\\/portal\\\/\",\"logo\":{\"@type\":\"ImageObject\",\"inLanguage\":\"es\",\"@id\":\"https:\\\/\\\/www.eldiario.net\\\/portal\\\/#\\\/schema\\\/logo\\\/image\\\/\",\"url\":\"https:\\\/\\\/www.eldiario.net\\\/portal\\\/wp-content\\\/uploads\\\/2023\\\/07\\\/logo_ED.jpg\",\"contentUrl\":\"https:\\\/\\\/www.eldiario.net\\\/portal\\\/wp-content\\\/uploads\\\/2023\\\/07\\\/logo_ED.jpg\",\"width\":272,\"height\":52,\"caption\":\"El Diario - Decano de la prensa nacional\"},\"image\":{\"@id\":\"https:\\\/\\\/www.eldiario.net\\\/portal\\\/#\\\/schema\\\/logo\\\/image\\\/\"},\"sameAs\":[\"https:\\\/\\\/www.facebook.com\\\/eldiario.bolivia\\\/\",\"https:\\\/\\\/x.com\\\/eldiario_net\"]},{\"@type\":\"Person\",\"@id\":\"https:\\\/\\\/www.eldiario.net\\\/portal\\\/#\\\/schema\\\/person\\\/f46445640444750d7d753ccd04ae01b7\",\"name\":\"Jeanette\",\"image\":{\"@type\":\"ImageObject\",\"inLanguage\":\"es\",\"@id\":\"https:\\\/\\\/secure.gravatar.com\\\/avatar\\\/3ea2118a5f7dad2b7138b1187a6b7ee55f160b9968b66013c3a3ef39dd7e5798?s=96&d=mm&r=g\",\"url\":\"https:\\\/\\\/secure.gravatar.com\\\/avatar\\\/3ea2118a5f7dad2b7138b1187a6b7ee55f160b9968b66013c3a3ef39dd7e5798?s=96&d=mm&r=g\",\"contentUrl\":\"https:\\\/\\\/secure.gravatar.com\\\/avatar\\\/3ea2118a5f7dad2b7138b1187a6b7ee55f160b9968b66013c3a3ef39dd7e5798?s=96&d=mm&r=g\",\"caption\":\"Jeanette\"},\"sameAs\":[\"https:\\\/\\\/www.eldiario.net\\\/portal\"],\"url\":\"https:\\\/\\\/www.eldiario.net\\\/portal\\\/author\\\/jeanette\\\/\"}]}<\/script>\n<!-- \/ Yoast SEO plugin. -->","yoast_head_json":{"title":"Medidas implementadas en Argentina alertan al Gobierno de Bolivia - El Diario - Bolivia","robots":{"index":"index","follow":"follow","max-snippet":"max-snippet:-1","max-image-preview":"max-image-preview:large","max-video-preview":"max-video-preview:-1"},"canonical":"https:\/\/www.eldiario.net\/portal\/2023\/12\/18\/medidas-implementadas-en-argentina-alertan-al-gobierno-de-bolivia\/","og_locale":"es_ES","og_type":"article","og_title":"Medidas implementadas en Argentina alertan al Gobierno de Bolivia - El Diario - Bolivia","og_description":"El Gobierno nacional est\u00e1 atento a las medidas que adopt\u00f3 Argentina y trabaja para evitar que estas ocasionen afectaciones importantes a Bolivia, inform\u00f3 el fin de semana el viceministro de Comercio Exterior e Integraci\u00f3n, Benjam\u00edn Blanco. \u201cNosotros estamos atentos, tal como lo ha dicho el presidente (Luis Arce), respecto a las medidas y a lo [&hellip;]","og_url":"https:\/\/www.eldiario.net\/portal\/2023\/12\/18\/medidas-implementadas-en-argentina-alertan-al-gobierno-de-bolivia\/","og_site_name":"El Diario - Bolivia","article_publisher":"https:\/\/www.facebook.com\/eldiario.bolivia\/","article_published_time":"2023-12-18T10:12:42+00:00","author":"Jeanette","twitter_card":"summary_large_image","twitter_creator":"@eldiario_net","twitter_site":"@eldiario_net","twitter_misc":{"Escrito por":"Jeanette","Tiempo de lectura":"2 minutos"},"schema":{"@context":"https:\/\/schema.org","@graph":[{"@type":"Article","@id":"https:\/\/www.eldiario.net\/portal\/2023\/12\/18\/medidas-implementadas-en-argentina-alertan-al-gobierno-de-bolivia\/#article","isPartOf":{"@id":"https:\/\/www.eldiario.net\/portal\/2023\/12\/18\/medidas-implementadas-en-argentina-alertan-al-gobierno-de-bolivia\/"},"author":{"name":"Jeanette","@id":"https:\/\/www.eldiario.net\/portal\/#\/schema\/person\/f46445640444750d7d753ccd04ae01b7"},"headline":"Medidas implementadas en Argentina alertan al Gobierno de Bolivia","datePublished":"2023-12-18T10:12:42+00:00","mainEntityOfPage":{"@id":"https:\/\/www.eldiario.net\/portal\/2023\/12\/18\/medidas-implementadas-en-argentina-alertan-al-gobierno-de-bolivia\/"},"wordCount":282,"publisher":{"@id":"https:\/\/www.eldiario.net\/portal\/#organization"},"articleSection":["Econom\u00eda"],"inLanguage":"es"},{"@type":"WebPage","@id":"https:\/\/www.eldiario.net\/portal\/2023\/12\/18\/medidas-implementadas-en-argentina-alertan-al-gobierno-de-bolivia\/","url":"https:\/\/www.eldiario.net\/portal\/2023\/12\/18\/medidas-implementadas-en-argentina-alertan-al-gobierno-de-bolivia\/","name":"Medidas implementadas en Argentina alertan al Gobierno de Bolivia - El Diario - Bolivia","isPartOf":{"@id":"https:\/\/www.eldiario.net\/portal\/#website"},"datePublished":"2023-12-18T10:12:42+00:00","breadcrumb":{"@id":"https:\/\/www.eldiario.net\/portal\/2023\/12\/18\/medidas-implementadas-en-argentina-alertan-al-gobierno-de-bolivia\/#breadcrumb"},"inLanguage":"es","potentialAction":[{"@type":"ReadAction","target":["https:\/\/www.eldiario.net\/portal\/2023\/12\/18\/medidas-implementadas-en-argentina-alertan-al-gobierno-de-bolivia\/"]}]},{"@type":"BreadcrumbList","@id":"https:\/\/www.eldiario.net\/portal\/2023\/12\/18\/medidas-implementadas-en-argentina-alertan-al-gobierno-de-bolivia\/#breadcrumb","itemListElement":[{"@type":"ListItem","position":1,"name":"Portada","item":"https:\/\/www.eldiario.net\/portal\/"},{"@type":"ListItem","position":2,"name":"Medidas implementadas en Argentina alertan al Gobierno de Bolivia"}]},{"@type":"WebSite","@id":"https:\/\/www.eldiario.net\/portal\/#website","url":"https:\/\/www.eldiario.net\/portal\/","name":"El Diario - Decano de la prensa nacional","description":"El Diario - Decano de la prensa nacional","publisher":{"@id":"https:\/\/www.eldiario.net\/portal\/#organization"},"potentialAction":[{"@type":"SearchAction","target":{"@type":"EntryPoint","urlTemplate":"https:\/\/www.eldiario.net\/portal\/?s={search_term_string}"},"query-input":{"@type":"PropertyValueSpecification","valueRequired":true,"valueName":"search_term_string"}}],"inLanguage":"es"},{"@type":"Organization","@id":"https:\/\/www.eldiario.net\/portal\/#organization","name":"El Diario - Decano de la prensa nacional","url":"https:\/\/www.eldiario.net\/portal\/","logo":{"@type":"ImageObject","inLanguage":"es","@id":"https:\/\/www.eldiario.net\/portal\/#\/schema\/logo\/image\/","url":"https:\/\/www.eldiario.net\/portal\/wp-content\/uploads\/2023\/07\/logo_ED.jpg","contentUrl":"https:\/\/www.eldiario.net\/portal\/wp-content\/uploads\/2023\/07\/logo_ED.jpg","width":272,"height":52,"caption":"El Diario - Decano de la prensa nacional"},"image":{"@id":"https:\/\/www.eldiario.net\/portal\/#\/schema\/logo\/image\/"},"sameAs":["https:\/\/www.facebook.com\/eldiario.bolivia\/","https:\/\/x.com\/eldiario_net"]},{"@type":"Person","@id":"https:\/\/www.eldiario.net\/portal\/#\/schema\/person\/f46445640444750d7d753ccd04ae01b7","name":"Jeanette","image":{"@type":"ImageObject","inLanguage":"es","@id":"https:\/\/secure.gravatar.com\/avatar\/3ea2118a5f7dad2b7138b1187a6b7ee55f160b9968b66013c3a3ef39dd7e5798?s=96&d=mm&r=g","url":"https:\/\/secure.gravatar.com\/avatar\/3ea2118a5f7dad2b7138b1187a6b7ee55f160b9968b66013c3a3ef39dd7e5798?s=96&d=mm&r=g","contentUrl":"https:\/\/secure.gravatar.com\/avatar\/3ea2118a5f7dad2b7138b1187a6b7ee55f160b9968b66013c3a3ef39dd7e5798?s=96&d=mm&r=g","caption":"Jeanette"},"sameAs":["https:\/\/www.eldiario.net\/portal"],"url":"https:\/\/www.eldiario.net\/portal\/author\/jeanette\/"}]}},"_links":{"self":[{"href":"https:\/\/www.eldiario.net\/portal\/wp-json\/wp\/v2\/posts\/193462","targetHints":{"allow":["GET"]}}],"collection":[{"href":"https:\/\/www.eldiario.net\/portal\/wp-json\/wp\/v2\/posts"}],"about":[{"href":"https:\/\/www.eldiario.net\/portal\/wp-json\/wp\/v2\/types\/post"}],"author":[{"embeddable":true,"href":"https:\/\/www.eldiario.net\/portal\/wp-json\/wp\/v2\/users\/1"}],"replies":[{"embeddable":true,"href":"https:\/\/www.eldiario.net\/portal\/wp-json\/wp\/v2\/comments?post=193462"}],"version-history":[{"count":0,"href":"https:\/\/www.eldiario.net\/portal\/wp-json\/wp\/v2\/posts\/193462\/revisions"}],"wp:attachment":[{"href":"https:\/\/www.eldiario.net\/portal\/wp-json\/wp\/v2\/media?parent=193462"}],"wp:term":[{"taxonomy":"category","embeddable":true,"href":"https:\/\/www.eldiario.net\/portal\/wp-json\/wp\/v2\/categories?post=193462"},{"taxonomy":"post_tag","embeddable":true,"href":"https:\/\/www.eldiario.net\/portal\/wp-json\/wp\/v2\/tags?post=193462"}],"curies":[{"name":"wp","href":"https:\/\/api.w.org\/{rel}","templated":true}]}}