{"id":193336,"date":"2023-12-17T07:51:27","date_gmt":"2023-12-17T11:51:27","guid":{"rendered":"https:\/\/www.eldiario.net\/portal\/?p=193336"},"modified":"2023-12-17T07:51:27","modified_gmt":"2023-12-17T11:51:27","slug":"economia-cierra-con-subida-de-deuda-escasez-de-dolares-alta-informalidad-y-deficit-comercial","status":"publish","type":"post","link":"https:\/\/www.eldiario.net\/portal\/2023\/12\/17\/economia-cierra-con-subida-de-deuda-escasez-de-dolares-alta-informalidad-y-deficit-comercial\/","title":{"rendered":"Econom\u00eda cierra con subida de deuda, escasez de d\u00f3lares, alta informalidad y d\u00e9ficit comercial"},"content":{"rendered":"<p>La econom\u00eda boliviana cierra la presente gesti\u00f3n con aumento de deuda, escasez de d\u00f3lares, alta informalidad, d\u00e9ficit comercial y una irregular provisi\u00f3n de hidrocarburos en el mercado nacional, sin embargo para el Gobierno todo est\u00e1 bien.<br \/>\nLa semana pasada, en un encuentro con periodistas el Presidente Luis Arce, dijo que no hay crisis, y que adem\u00e1s Bolivia est\u00e1 dentro de las econom\u00edas que m\u00e1s crecer\u00e1n, pero tambi\u00e9n asegur\u00f3 que la subvenci\u00f3n a los hidrocarburos continuar\u00e1.<br \/>\nIndic\u00f3 datos de baja inflaci\u00f3n, una desocupaci\u00f3n menor y un crecimiento por encima de 2%, pero no mencion\u00f3 que la inflaci\u00f3n reprimida se basa en un subsidio de m\u00e1s de 2.000 millones de d\u00f3lares, la informalidad absorbi\u00f3 a los trabajadores, pero con precarias condiciones, de acuerdo a analistas econ\u00f3micas que publicaron en las redes sociales sus puntos de vista.<\/p>\n<p>Deuda<br \/>\nEl analista financiero, Jaime Dunn, en un foro sobre Perspectivas Econ\u00f3micas y Desaf\u00edos Empresariales 2024, organizada por BRAQ CorpAffairs &amp; Communications, indic\u00f3 que las perspectivas de Bolivia no est\u00e1n bien para este 2023.<br \/>\nAdelant\u00f3 que los niveles de deuda mundial siguen subiendo, mientras que la deuda p\u00fablica de Bolivia (externa e interna) bordea el 80%, pero el Gobierno para seguir adquiriendo obligaciones internacionales menciona solo a la externa, la misma estar\u00eda en 29,5%.<br \/>\nEl ministro de Planificaci\u00f3n del Desarrollo, Sergio Cusicanqui, en declaraciones a la prensa, explic\u00f3 que el endeudamiento no es problema para la econom\u00eda nacional, ya que Bolivia tiene todav\u00eda margen.<br \/>\nBolivia recientemente pag\u00f3 los servicios de deuda en agosto, y para ello tuvo que vender las reservas de oro para cumplir con esta obligaci\u00f3n, ya que la sombra del default estaba rondando, por ello presion\u00f3 el Gobierno para la aprobaci\u00f3n de la Ley del Oro.<br \/>\nDunn alert\u00f3 que el pago de la deuda a nivel internacional ser\u00e1 alto, la mayor\u00eda de los pa\u00edses destinar\u00e1n m\u00e1s recursos para cumplir con esta obligaci\u00f3n y descuidar\u00e1n al resto de la poblaci\u00f3n.<br \/>\nHace un mes atr\u00e1s, el presidente del Colegio de Economistas, Fernando Romero, inform\u00f3 que la deuda p\u00fablica alcanzaba a m\u00e1s de 80% con respecto al Producto Interno Bruto (PIB), y similar apreciaci\u00f3n indicaron organismos internacionales, como el Banco Mundial.<br \/>\nEl economista Alvarado A. Julio G. escribi\u00f3 en X @alvaradojulgas: No hay d\u00f3lares. No hay combustibles. El d\u00e9ficit fiscal es alto desde 2015. La deuda externa e interna sobrepas\u00f3 el 80% del PIB. Reservas Internacionales Netas no llegan a los 2.000 millones de d\u00f3lares. El 80% de los trabajadores est\u00e1n en la econom\u00eda informal. Pero no estamos en crisis.<br \/>\nEntretanto, el economista Gonzalo Ch\u00e1vez \u00c1lvarez escribi\u00f3 en X @GonzaloCHavezA: \u201cNo hay gas, di\u00e9sel, d\u00f3lares, los subsidios son elevados, el d\u00e9ficit p\u00fablico es gigante, el crecimiento econ\u00f3mico es bonzai, el vecino tiene caspa, el jefazo est\u00e1 con almorranas y caen las reservas internacionales. \u00bfSabes qui\u00e9nes son los culpables del safarrancho? Pues opinadores\u201d.<br \/>\nAsimismo, el empresario y economista Samuel Doria Medina escribi\u00f3 en la red social X @SDoriaMedina: La falta de d\u00f3lares est\u00e1 llevando a una serie de restricciones y distorsiones. Para capturar divisas, el Gobierno perjudica las inversiones privadas en el extranjero, incluso las de la Gestora. Se busca un alivio que durar\u00e1 poco, porque la soluci\u00f3n es estructural.<br \/>\n\u201cA septiembre de 2023, la deuda externa lleg\u00f3 a 13.408 millones de d\u00f3lares y la deuda interna a 128.115 millones de bolivianos (unos 18.407 millones de d\u00f3lares)\u201d, se\u00f1ala una publicaci\u00f3n de la Fundaci\u00f3n Jubileo, de hace unas semanas atr\u00e1s.<br \/>\nPor su parte, Romero alert\u00f3 que para el pr\u00f3ximo a\u00f1o el Presupuesto General del Estado (PGE) 2024 proyecta m\u00e1s de 4.000 millones de d\u00f3lares en deuda externa y en interna 11.000 millones.<br \/>\nCombustibles<br \/>\nHace unas semanas atr\u00e1s, el sector productivo y el transporte sintieron la escasez de combustibles en el mercado nacional, a pesar de los anuncios del gobierno que todo se normaliz\u00f3, las estaciones amanec\u00edan cerradas, y en otros las filas de los camiones eran largas para provisionarse de di\u00e9sel.<br \/>\nEn un principio, el Gobierno trato de negar el hecho, pero luego indicaron que la escasez obedec\u00eda a fallas en la log\u00edstica, debido a la falta de pago a los proveedores por parte del Ministerio de Econom\u00eda y el Banco Central de Bolivia.<br \/>\nLos economistas indicaron que la situaci\u00f3n se complica por la escasez de d\u00f3lares en el mercado nacional, asimismo, alertaron sobre una situaci\u00f3n complicada para el pa\u00eds la falta de la divisa extranjera y m\u00e1s a\u00fan con la ca\u00edda de las Reservas Internacionales, que a agosto alcanz\u00f3 a 2.147 millones de d\u00f3lares.<br \/>\nA pesar de que el Gobierno inform\u00f3 que se proporciona d\u00f3lares al sistema financiero, desde este sector, indican que se recibe d\u00f3lares, pero no es suficiente para normalizar la provisi\u00f3n al mercado nacional.<br \/>\nAl respecto, algunos economistas en las redes sociales indicaron que la cifra a noviembre ser\u00eda menor, y por ello la informaci\u00f3n retrasada del BCB, tiene tres meses de retraso.<\/p>\n<p>Informalidad<br \/>\nMientras el Gobierno muestra una cifra de menos de 4% de desocupaci\u00f3n, la menor de la regi\u00f3n, los economistas le responden, que la informalidad y el contrabando responden a este porcentaje, pero en condiciones precarias y sin seguro de largo plazo.<br \/>\nLa situaci\u00f3n puede agudizarse debido al contrabando, pues pone en peligro m\u00e1s de 600 mil puestos formales en el sector de la industria nacional, por ello el presidente de la C\u00e1mara Nacional de Industrias (CNI), Pablo Camacho, en su informe de fin de a\u00f1o, indic\u00f3 que es vital un trabajo p\u00fablico privado para cuidar los empleos y a las empresas nacionales.<\/p>\n<p>Gobierno<br \/>\nPor otra parte, el economista y exdirector del BCB Gabriel Espinoza Y., escribi\u00f3 en X @g_espinoza: (\u2026) el resumen del asunto es que ha cambiado de posici\u00f3n, Arce pas\u00f3 de desentenderse de la escasez de d\u00f3lares a tratar de capturar las divisas de los sectores exportadores. Si cre\u00edan que la comisi\u00f3n estaba alta ag\u00e1rrense que el 2024 se viene recargado. El segundo mensaje es que el Gobierno defiende la econom\u00eda de su gobierno, el resto (familias y empresas) no le importa.<br \/>\nEl Presidente Arce dijo a los periodistas en la Casa del Pueblo que estamos bien, pero podemos estar mejor, y evit\u00f3 mencionar las observaciones que hacen los economistas sobre los indicadores que afectan a la econom\u00eda nacional.<\/p>\n<p>Comercio<br \/>\nMientras tanto, el comercio internacional tampoco est\u00e1 bien, pues el d\u00e9ficit nuevamente se registra, las ventas decrecen m\u00e1s que las compras, y se lo atribuye a la falta de d\u00f3lares, pero tambi\u00e9n a la ca\u00edda de las exportaciones de gas natural.<br \/>\nEl gerente General del Instituto Boliviano de Comercio Exterior (Ibce), Gary Rodr\u00edguez, se mostr\u00f3 preocupado por las cifras y el d\u00e9ficit que presenta el comercio boliviano en la presente gesti\u00f3n y sugiri\u00f3 que se debe impulsar a los sectores agropecuarios, agroindustrial y maderero forestal, para traer divisas al pa\u00eds.<br \/>\nAl mes de septiembre de 2023, las exportaciones cayeron 23% dejando de ingresar al pa\u00eds casi 2.500 millones de d\u00f3lares respecto al mismo per\u00edodo de la pasada gesti\u00f3n; por otra parte, las importaciones experimentaron un decrecimiento del -3%.<br \/>\nEl saldo comercial de Bolivia en el per\u00edodo enero-septiembre de 2023 fue deficitario en -79 millones de d\u00f3lares, significando una ca\u00edda de 104% respecto al super\u00e1vit comercial registrado en la pasada gesti\u00f3n.<\/p>\n<div id='gallery-1' class='gallery galleryid-193336 gallery-columns-3 gallery-size-large'><figure class='gallery-item'>\n\t\t\t<div class='gallery-icon landscape'>\n\t\t\t\t<a href='https:\/\/www.eldiario.net\/portal\/2023\/12\/17\/economia-cierra-con-subida-de-deuda-escasez-de-dolares-alta-informalidad-y-deficit-comercial\/eco-1-9\/'><img loading=\"lazy\" decoding=\"async\" width=\"696\" height=\"419\" src=\"https:\/\/www.eldiario.net\/portal\/wp-content\/uploads\/2023\/12\/eco-1.jpg\" class=\"attachment-large size-large\" alt=\"\" srcset=\"https:\/\/www.eldiario.net\/portal\/wp-content\/uploads\/2023\/12\/eco-1.jpg 906w, https:\/\/www.eldiario.net\/portal\/wp-content\/uploads\/2023\/12\/eco-1-300x180.jpg 300w, https:\/\/www.eldiario.net\/portal\/wp-content\/uploads\/2023\/12\/eco-1-768x462.jpg 768w, https:\/\/www.eldiario.net\/portal\/wp-content\/uploads\/2023\/12\/eco-1-696x419.jpg 696w\" sizes=\"auto, (max-width: 696px) 100vw, 696px\" \/><\/a>\n\t\t\t<\/div><\/figure><figure class='gallery-item'>\n\t\t\t<div class='gallery-icon landscape'>\n\t\t\t\t<a href='https:\/\/www.eldiario.net\/portal\/2023\/12\/17\/economia-cierra-con-subida-de-deuda-escasez-de-dolares-alta-informalidad-y-deficit-comercial\/eco-2-10\/'><img loading=\"lazy\" decoding=\"async\" width=\"696\" height=\"253\" src=\"https:\/\/www.eldiario.net\/portal\/wp-content\/uploads\/2023\/12\/eco-2.jpg\" class=\"attachment-large size-large\" alt=\"\" srcset=\"https:\/\/www.eldiario.net\/portal\/wp-content\/uploads\/2023\/12\/eco-2.jpg 936w, https:\/\/www.eldiario.net\/portal\/wp-content\/uploads\/2023\/12\/eco-2-300x109.jpg 300w, https:\/\/www.eldiario.net\/portal\/wp-content\/uploads\/2023\/12\/eco-2-768x279.jpg 768w, https:\/\/www.eldiario.net\/portal\/wp-content\/uploads\/2023\/12\/eco-2-696x253.jpg 696w\" sizes=\"auto, (max-width: 696px) 100vw, 696px\" \/><\/a>\n\t\t\t<\/div><\/figure><figure class='gallery-item'>\n\t\t\t<div class='gallery-icon landscape'>\n\t\t\t\t<a href='https:\/\/www.eldiario.net\/portal\/2023\/12\/17\/economia-cierra-con-subida-de-deuda-escasez-de-dolares-alta-informalidad-y-deficit-comercial\/eco-3-5\/'><img loading=\"lazy\" decoding=\"async\" width=\"696\" height=\"434\" src=\"https:\/\/www.eldiario.net\/portal\/wp-content\/uploads\/2023\/12\/eco-3.jpg\" class=\"attachment-large size-large\" alt=\"\" srcset=\"https:\/\/www.eldiario.net\/portal\/wp-content\/uploads\/2023\/12\/eco-3.jpg 846w, https:\/\/www.eldiario.net\/portal\/wp-content\/uploads\/2023\/12\/eco-3-300x187.jpg 300w, https:\/\/www.eldiario.net\/portal\/wp-content\/uploads\/2023\/12\/eco-3-768x479.jpg 768w, https:\/\/www.eldiario.net\/portal\/wp-content\/uploads\/2023\/12\/eco-3-696x434.jpg 696w\" sizes=\"auto, (max-width: 696px) 100vw, 696px\" \/><\/a>\n\t\t\t<\/div><\/figure><figure class='gallery-item'>\n\t\t\t<div class='gallery-icon landscape'>\n\t\t\t\t<a href='https:\/\/www.eldiario.net\/portal\/2023\/12\/17\/economia-cierra-con-subida-de-deuda-escasez-de-dolares-alta-informalidad-y-deficit-comercial\/eco-4-2\/'><img loading=\"lazy\" decoding=\"async\" width=\"696\" height=\"447\" src=\"https:\/\/www.eldiario.net\/portal\/wp-content\/uploads\/2023\/12\/eco-4.jpg\" class=\"attachment-large size-large\" alt=\"\" srcset=\"https:\/\/www.eldiario.net\/portal\/wp-content\/uploads\/2023\/12\/eco-4.jpg 972w, https:\/\/www.eldiario.net\/portal\/wp-content\/uploads\/2023\/12\/eco-4-300x193.jpg 300w, https:\/\/www.eldiario.net\/portal\/wp-content\/uploads\/2023\/12\/eco-4-768x493.jpg 768w, https:\/\/www.eldiario.net\/portal\/wp-content\/uploads\/2023\/12\/eco-4-696x447.jpg 696w\" sizes=\"auto, (max-width: 696px) 100vw, 696px\" \/><\/a>\n\t\t\t<\/div><\/figure>\n\t\t<\/div>\n\n","protected":false},"excerpt":{"rendered":"<p>La econom\u00eda boliviana cierra la presente gesti\u00f3n con aumento de deuda, escasez de d\u00f3lares, alta informalidad, d\u00e9ficit comercial y una irregular provisi\u00f3n de hidrocarburos en el mercado nacional, sin embargo para el Gobierno todo est\u00e1 bien. La semana pasada, en un encuentro con periodistas el Presidente Luis Arce, dijo que no hay crisis, y que [&hellip;]<\/p>\n","protected":false},"author":1,"featured_media":193337,"comment_status":"closed","ping_status":"open","sticky":false,"template":"","format":"standard","meta":{"_acf_changed":false,"footnotes":""},"categories":[7],"tags":[],"class_list":["post-193336","post","type-post","status-publish","format-standard","has-post-thumbnail","category-economia"],"acf":{"antetitulo":""},"yoast_head":"<!-- This site is optimized with the Yoast SEO plugin v28.3 - https:\/\/yoast.com\/product\/yoast-seo-wordpress\/ -->\n<title>Econom\u00eda cierra con subida de deuda, escasez de d\u00f3lares, alta informalidad y d\u00e9ficit comercial - El Diario - Bolivia<\/title>\n<meta name=\"robots\" content=\"index, follow, max-snippet:-1, max-image-preview:large, max-video-preview:-1\" \/>\n<link rel=\"canonical\" href=\"https:\/\/www.eldiario.net\/portal\/2023\/12\/17\/economia-cierra-con-subida-de-deuda-escasez-de-dolares-alta-informalidad-y-deficit-comercial\/\" \/>\n<meta property=\"og:locale\" content=\"es_ES\" \/>\n<meta property=\"og:type\" content=\"article\" \/>\n<meta property=\"og:title\" content=\"Econom\u00eda cierra con subida de deuda, escasez de d\u00f3lares, alta informalidad y d\u00e9ficit comercial - El Diario - Bolivia\" \/>\n<meta property=\"og:description\" content=\"La econom\u00eda boliviana cierra la presente gesti\u00f3n con aumento de deuda, escasez de d\u00f3lares, alta informalidad, d\u00e9ficit comercial y una irregular provisi\u00f3n de hidrocarburos en el mercado nacional, sin embargo para el Gobierno todo est\u00e1 bien. La semana pasada, en un encuentro con periodistas el Presidente Luis Arce, dijo que no hay crisis, y que [&hellip;]\" \/>\n<meta property=\"og:url\" content=\"https:\/\/www.eldiario.net\/portal\/2023\/12\/17\/economia-cierra-con-subida-de-deuda-escasez-de-dolares-alta-informalidad-y-deficit-comercial\/\" \/>\n<meta property=\"og:site_name\" content=\"El Diario - Bolivia\" \/>\n<meta property=\"article:publisher\" content=\"https:\/\/www.facebook.com\/eldiario.bolivia\/\" \/>\n<meta property=\"article:published_time\" content=\"2023-12-17T11:51:27+00:00\" \/>\n<meta property=\"og:image\" content=\"https:\/\/www.eldiario.net\/portal\/wp-content\/uploads\/2023\/12\/eco-1.jpg\" \/>\n\t<meta property=\"og:image:width\" content=\"906\" \/>\n\t<meta property=\"og:image:height\" content=\"545\" \/>\n\t<meta property=\"og:image:type\" content=\"image\/jpeg\" \/>\n<meta name=\"author\" content=\"Jeanette\" \/>\n<meta name=\"twitter:card\" content=\"summary_large_image\" \/>\n<meta name=\"twitter:creator\" content=\"@eldiario_net\" \/>\n<meta name=\"twitter:site\" content=\"@eldiario_net\" \/>\n<meta name=\"twitter:label1\" content=\"Escrito por\" \/>\n\t<meta name=\"twitter:data1\" content=\"Jeanette\" \/>\n\t<meta name=\"twitter:label2\" content=\"Tiempo de lectura\" \/>\n\t<meta name=\"twitter:data2\" content=\"6 minutos\" \/>\n<script type=\"application\/ld+json\" class=\"yoast-schema-graph\">{\"@context\":\"https:\\\/\\\/schema.org\",\"@graph\":[{\"@type\":\"Article\",\"@id\":\"https:\\\/\\\/www.eldiario.net\\\/portal\\\/2023\\\/12\\\/17\\\/economia-cierra-con-subida-de-deuda-escasez-de-dolares-alta-informalidad-y-deficit-comercial\\\/#article\",\"isPartOf\":{\"@id\":\"https:\\\/\\\/www.eldiario.net\\\/portal\\\/2023\\\/12\\\/17\\\/economia-cierra-con-subida-de-deuda-escasez-de-dolares-alta-informalidad-y-deficit-comercial\\\/\"},\"author\":{\"name\":\"Jeanette\",\"@id\":\"https:\\\/\\\/www.eldiario.net\\\/portal\\\/#\\\/schema\\\/person\\\/f46445640444750d7d753ccd04ae01b7\"},\"headline\":\"Econom\u00eda cierra con subida de deuda, escasez de d\u00f3lares, alta informalidad y d\u00e9ficit comercial\",\"datePublished\":\"2023-12-17T11:51:27+00:00\",\"mainEntityOfPage\":{\"@id\":\"https:\\\/\\\/www.eldiario.net\\\/portal\\\/2023\\\/12\\\/17\\\/economia-cierra-con-subida-de-deuda-escasez-de-dolares-alta-informalidad-y-deficit-comercial\\\/\"},\"wordCount\":1289,\"publisher\":{\"@id\":\"https:\\\/\\\/www.eldiario.net\\\/portal\\\/#organization\"},\"image\":{\"@id\":\"https:\\\/\\\/www.eldiario.net\\\/portal\\\/2023\\\/12\\\/17\\\/economia-cierra-con-subida-de-deuda-escasez-de-dolares-alta-informalidad-y-deficit-comercial\\\/#primaryimage\"},\"thumbnailUrl\":\"https:\\\/\\\/www.eldiario.net\\\/portal\\\/wp-content\\\/uploads\\\/2023\\\/12\\\/eco-1.jpg\",\"articleSection\":[\"Econom\u00eda\"],\"inLanguage\":\"es\"},{\"@type\":\"WebPage\",\"@id\":\"https:\\\/\\\/www.eldiario.net\\\/portal\\\/2023\\\/12\\\/17\\\/economia-cierra-con-subida-de-deuda-escasez-de-dolares-alta-informalidad-y-deficit-comercial\\\/\",\"url\":\"https:\\\/\\\/www.eldiario.net\\\/portal\\\/2023\\\/12\\\/17\\\/economia-cierra-con-subida-de-deuda-escasez-de-dolares-alta-informalidad-y-deficit-comercial\\\/\",\"name\":\"Econom\u00eda cierra con subida de deuda, escasez de d\u00f3lares, alta informalidad y d\u00e9ficit comercial - El Diario - Bolivia\",\"isPartOf\":{\"@id\":\"https:\\\/\\\/www.eldiario.net\\\/portal\\\/#website\"},\"primaryImageOfPage\":{\"@id\":\"https:\\\/\\\/www.eldiario.net\\\/portal\\\/2023\\\/12\\\/17\\\/economia-cierra-con-subida-de-deuda-escasez-de-dolares-alta-informalidad-y-deficit-comercial\\\/#primaryimage\"},\"image\":{\"@id\":\"https:\\\/\\\/www.eldiario.net\\\/portal\\\/2023\\\/12\\\/17\\\/economia-cierra-con-subida-de-deuda-escasez-de-dolares-alta-informalidad-y-deficit-comercial\\\/#primaryimage\"},\"thumbnailUrl\":\"https:\\\/\\\/www.eldiario.net\\\/portal\\\/wp-content\\\/uploads\\\/2023\\\/12\\\/eco-1.jpg\",\"datePublished\":\"2023-12-17T11:51:27+00:00\",\"breadcrumb\":{\"@id\":\"https:\\\/\\\/www.eldiario.net\\\/portal\\\/2023\\\/12\\\/17\\\/economia-cierra-con-subida-de-deuda-escasez-de-dolares-alta-informalidad-y-deficit-comercial\\\/#breadcrumb\"},\"inLanguage\":\"es\",\"potentialAction\":[{\"@type\":\"ReadAction\",\"target\":[\"https:\\\/\\\/www.eldiario.net\\\/portal\\\/2023\\\/12\\\/17\\\/economia-cierra-con-subida-de-deuda-escasez-de-dolares-alta-informalidad-y-deficit-comercial\\\/\"]}]},{\"@type\":\"ImageObject\",\"inLanguage\":\"es\",\"@id\":\"https:\\\/\\\/www.eldiario.net\\\/portal\\\/2023\\\/12\\\/17\\\/economia-cierra-con-subida-de-deuda-escasez-de-dolares-alta-informalidad-y-deficit-comercial\\\/#primaryimage\",\"url\":\"https:\\\/\\\/www.eldiario.net\\\/portal\\\/wp-content\\\/uploads\\\/2023\\\/12\\\/eco-1.jpg\",\"contentUrl\":\"https:\\\/\\\/www.eldiario.net\\\/portal\\\/wp-content\\\/uploads\\\/2023\\\/12\\\/eco-1.jpg\",\"width\":906,\"height\":545},{\"@type\":\"BreadcrumbList\",\"@id\":\"https:\\\/\\\/www.eldiario.net\\\/portal\\\/2023\\\/12\\\/17\\\/economia-cierra-con-subida-de-deuda-escasez-de-dolares-alta-informalidad-y-deficit-comercial\\\/#breadcrumb\",\"itemListElement\":[{\"@type\":\"ListItem\",\"position\":1,\"name\":\"Portada\",\"item\":\"https:\\\/\\\/www.eldiario.net\\\/portal\\\/\"},{\"@type\":\"ListItem\",\"position\":2,\"name\":\"Econom\u00eda cierra con subida de deuda, escasez de d\u00f3lares, alta informalidad y d\u00e9ficit comercial\"}]},{\"@type\":\"WebSite\",\"@id\":\"https:\\\/\\\/www.eldiario.net\\\/portal\\\/#website\",\"url\":\"https:\\\/\\\/www.eldiario.net\\\/portal\\\/\",\"name\":\"El Diario - Decano de la prensa nacional\",\"description\":\"El Diario - Decano de la prensa nacional\",\"publisher\":{\"@id\":\"https:\\\/\\\/www.eldiario.net\\\/portal\\\/#organization\"},\"potentialAction\":[{\"@type\":\"SearchAction\",\"target\":{\"@type\":\"EntryPoint\",\"urlTemplate\":\"https:\\\/\\\/www.eldiario.net\\\/portal\\\/?s={search_term_string}\"},\"query-input\":{\"@type\":\"PropertyValueSpecification\",\"valueRequired\":true,\"valueName\":\"search_term_string\"}}],\"inLanguage\":\"es\"},{\"@type\":\"Organization\",\"@id\":\"https:\\\/\\\/www.eldiario.net\\\/portal\\\/#organization\",\"name\":\"El Diario - Decano de la prensa nacional\",\"url\":\"https:\\\/\\\/www.eldiario.net\\\/portal\\\/\",\"logo\":{\"@type\":\"ImageObject\",\"inLanguage\":\"es\",\"@id\":\"https:\\\/\\\/www.eldiario.net\\\/portal\\\/#\\\/schema\\\/logo\\\/image\\\/\",\"url\":\"https:\\\/\\\/www.eldiario.net\\\/portal\\\/wp-content\\\/uploads\\\/2023\\\/07\\\/logo_ED.jpg\",\"contentUrl\":\"https:\\\/\\\/www.eldiario.net\\\/portal\\\/wp-content\\\/uploads\\\/2023\\\/07\\\/logo_ED.jpg\",\"width\":272,\"height\":52,\"caption\":\"El Diario - Decano de la prensa nacional\"},\"image\":{\"@id\":\"https:\\\/\\\/www.eldiario.net\\\/portal\\\/#\\\/schema\\\/logo\\\/image\\\/\"},\"sameAs\":[\"https:\\\/\\\/www.facebook.com\\\/eldiario.bolivia\\\/\",\"https:\\\/\\\/x.com\\\/eldiario_net\"]},{\"@type\":\"Person\",\"@id\":\"https:\\\/\\\/www.eldiario.net\\\/portal\\\/#\\\/schema\\\/person\\\/f46445640444750d7d753ccd04ae01b7\",\"name\":\"Jeanette\",\"image\":{\"@type\":\"ImageObject\",\"inLanguage\":\"es\",\"@id\":\"https:\\\/\\\/secure.gravatar.com\\\/avatar\\\/3ea2118a5f7dad2b7138b1187a6b7ee55f160b9968b66013c3a3ef39dd7e5798?s=96&d=mm&r=g\",\"url\":\"https:\\\/\\\/secure.gravatar.com\\\/avatar\\\/3ea2118a5f7dad2b7138b1187a6b7ee55f160b9968b66013c3a3ef39dd7e5798?s=96&d=mm&r=g\",\"contentUrl\":\"https:\\\/\\\/secure.gravatar.com\\\/avatar\\\/3ea2118a5f7dad2b7138b1187a6b7ee55f160b9968b66013c3a3ef39dd7e5798?s=96&d=mm&r=g\",\"caption\":\"Jeanette\"},\"sameAs\":[\"https:\\\/\\\/www.eldiario.net\\\/portal\"],\"url\":\"https:\\\/\\\/www.eldiario.net\\\/portal\\\/author\\\/jeanette\\\/\"}]}<\/script>\n<!-- \/ Yoast SEO plugin. -->","yoast_head_json":{"title":"Econom\u00eda cierra con subida de deuda, escasez de d\u00f3lares, alta informalidad y d\u00e9ficit comercial - El Diario - Bolivia","robots":{"index":"index","follow":"follow","max-snippet":"max-snippet:-1","max-image-preview":"max-image-preview:large","max-video-preview":"max-video-preview:-1"},"canonical":"https:\/\/www.eldiario.net\/portal\/2023\/12\/17\/economia-cierra-con-subida-de-deuda-escasez-de-dolares-alta-informalidad-y-deficit-comercial\/","og_locale":"es_ES","og_type":"article","og_title":"Econom\u00eda cierra con subida de deuda, escasez de d\u00f3lares, alta informalidad y d\u00e9ficit comercial - El Diario - Bolivia","og_description":"La econom\u00eda boliviana cierra la presente gesti\u00f3n con aumento de deuda, escasez de d\u00f3lares, alta informalidad, d\u00e9ficit comercial y una irregular provisi\u00f3n de hidrocarburos en el mercado nacional, sin embargo para el Gobierno todo est\u00e1 bien. La semana pasada, en un encuentro con periodistas el Presidente Luis Arce, dijo que no hay crisis, y que [&hellip;]","og_url":"https:\/\/www.eldiario.net\/portal\/2023\/12\/17\/economia-cierra-con-subida-de-deuda-escasez-de-dolares-alta-informalidad-y-deficit-comercial\/","og_site_name":"El Diario - Bolivia","article_publisher":"https:\/\/www.facebook.com\/eldiario.bolivia\/","article_published_time":"2023-12-17T11:51:27+00:00","og_image":[{"width":906,"height":545,"url":"https:\/\/www.eldiario.net\/portal\/wp-content\/uploads\/2023\/12\/eco-1.jpg","type":"image\/jpeg"}],"author":"Jeanette","twitter_card":"summary_large_image","twitter_creator":"@eldiario_net","twitter_site":"@eldiario_net","twitter_misc":{"Escrito por":"Jeanette","Tiempo de lectura":"6 minutos"},"schema":{"@context":"https:\/\/schema.org","@graph":[{"@type":"Article","@id":"https:\/\/www.eldiario.net\/portal\/2023\/12\/17\/economia-cierra-con-subida-de-deuda-escasez-de-dolares-alta-informalidad-y-deficit-comercial\/#article","isPartOf":{"@id":"https:\/\/www.eldiario.net\/portal\/2023\/12\/17\/economia-cierra-con-subida-de-deuda-escasez-de-dolares-alta-informalidad-y-deficit-comercial\/"},"author":{"name":"Jeanette","@id":"https:\/\/www.eldiario.net\/portal\/#\/schema\/person\/f46445640444750d7d753ccd04ae01b7"},"headline":"Econom\u00eda cierra con subida de deuda, escasez de d\u00f3lares, alta informalidad y d\u00e9ficit comercial","datePublished":"2023-12-17T11:51:27+00:00","mainEntityOfPage":{"@id":"https:\/\/www.eldiario.net\/portal\/2023\/12\/17\/economia-cierra-con-subida-de-deuda-escasez-de-dolares-alta-informalidad-y-deficit-comercial\/"},"wordCount":1289,"publisher":{"@id":"https:\/\/www.eldiario.net\/portal\/#organization"},"image":{"@id":"https:\/\/www.eldiario.net\/portal\/2023\/12\/17\/economia-cierra-con-subida-de-deuda-escasez-de-dolares-alta-informalidad-y-deficit-comercial\/#primaryimage"},"thumbnailUrl":"https:\/\/www.eldiario.net\/portal\/wp-content\/uploads\/2023\/12\/eco-1.jpg","articleSection":["Econom\u00eda"],"inLanguage":"es"},{"@type":"WebPage","@id":"https:\/\/www.eldiario.net\/portal\/2023\/12\/17\/economia-cierra-con-subida-de-deuda-escasez-de-dolares-alta-informalidad-y-deficit-comercial\/","url":"https:\/\/www.eldiario.net\/portal\/2023\/12\/17\/economia-cierra-con-subida-de-deuda-escasez-de-dolares-alta-informalidad-y-deficit-comercial\/","name":"Econom\u00eda cierra con subida de deuda, escasez de d\u00f3lares, alta informalidad y d\u00e9ficit comercial - El Diario - Bolivia","isPartOf":{"@id":"https:\/\/www.eldiario.net\/portal\/#website"},"primaryImageOfPage":{"@id":"https:\/\/www.eldiario.net\/portal\/2023\/12\/17\/economia-cierra-con-subida-de-deuda-escasez-de-dolares-alta-informalidad-y-deficit-comercial\/#primaryimage"},"image":{"@id":"https:\/\/www.eldiario.net\/portal\/2023\/12\/17\/economia-cierra-con-subida-de-deuda-escasez-de-dolares-alta-informalidad-y-deficit-comercial\/#primaryimage"},"thumbnailUrl":"https:\/\/www.eldiario.net\/portal\/wp-content\/uploads\/2023\/12\/eco-1.jpg","datePublished":"2023-12-17T11:51:27+00:00","breadcrumb":{"@id":"https:\/\/www.eldiario.net\/portal\/2023\/12\/17\/economia-cierra-con-subida-de-deuda-escasez-de-dolares-alta-informalidad-y-deficit-comercial\/#breadcrumb"},"inLanguage":"es","potentialAction":[{"@type":"ReadAction","target":["https:\/\/www.eldiario.net\/portal\/2023\/12\/17\/economia-cierra-con-subida-de-deuda-escasez-de-dolares-alta-informalidad-y-deficit-comercial\/"]}]},{"@type":"ImageObject","inLanguage":"es","@id":"https:\/\/www.eldiario.net\/portal\/2023\/12\/17\/economia-cierra-con-subida-de-deuda-escasez-de-dolares-alta-informalidad-y-deficit-comercial\/#primaryimage","url":"https:\/\/www.eldiario.net\/portal\/wp-content\/uploads\/2023\/12\/eco-1.jpg","contentUrl":"https:\/\/www.eldiario.net\/portal\/wp-content\/uploads\/2023\/12\/eco-1.jpg","width":906,"height":545},{"@type":"BreadcrumbList","@id":"https:\/\/www.eldiario.net\/portal\/2023\/12\/17\/economia-cierra-con-subida-de-deuda-escasez-de-dolares-alta-informalidad-y-deficit-comercial\/#breadcrumb","itemListElement":[{"@type":"ListItem","position":1,"name":"Portada","item":"https:\/\/www.eldiario.net\/portal\/"},{"@type":"ListItem","position":2,"name":"Econom\u00eda cierra con subida de deuda, escasez de d\u00f3lares, alta informalidad y d\u00e9ficit comercial"}]},{"@type":"WebSite","@id":"https:\/\/www.eldiario.net\/portal\/#website","url":"https:\/\/www.eldiario.net\/portal\/","name":"El Diario - Decano de la prensa nacional","description":"El Diario - Decano de la prensa nacional","publisher":{"@id":"https:\/\/www.eldiario.net\/portal\/#organization"},"potentialAction":[{"@type":"SearchAction","target":{"@type":"EntryPoint","urlTemplate":"https:\/\/www.eldiario.net\/portal\/?s={search_term_string}"},"query-input":{"@type":"PropertyValueSpecification","valueRequired":true,"valueName":"search_term_string"}}],"inLanguage":"es"},{"@type":"Organization","@id":"https:\/\/www.eldiario.net\/portal\/#organization","name":"El Diario - Decano de la prensa nacional","url":"https:\/\/www.eldiario.net\/portal\/","logo":{"@type":"ImageObject","inLanguage":"es","@id":"https:\/\/www.eldiario.net\/portal\/#\/schema\/logo\/image\/","url":"https:\/\/www.eldiario.net\/portal\/wp-content\/uploads\/2023\/07\/logo_ED.jpg","contentUrl":"https:\/\/www.eldiario.net\/portal\/wp-content\/uploads\/2023\/07\/logo_ED.jpg","width":272,"height":52,"caption":"El Diario - Decano de la prensa nacional"},"image":{"@id":"https:\/\/www.eldiario.net\/portal\/#\/schema\/logo\/image\/"},"sameAs":["https:\/\/www.facebook.com\/eldiario.bolivia\/","https:\/\/x.com\/eldiario_net"]},{"@type":"Person","@id":"https:\/\/www.eldiario.net\/portal\/#\/schema\/person\/f46445640444750d7d753ccd04ae01b7","name":"Jeanette","image":{"@type":"ImageObject","inLanguage":"es","@id":"https:\/\/secure.gravatar.com\/avatar\/3ea2118a5f7dad2b7138b1187a6b7ee55f160b9968b66013c3a3ef39dd7e5798?s=96&d=mm&r=g","url":"https:\/\/secure.gravatar.com\/avatar\/3ea2118a5f7dad2b7138b1187a6b7ee55f160b9968b66013c3a3ef39dd7e5798?s=96&d=mm&r=g","contentUrl":"https:\/\/secure.gravatar.com\/avatar\/3ea2118a5f7dad2b7138b1187a6b7ee55f160b9968b66013c3a3ef39dd7e5798?s=96&d=mm&r=g","caption":"Jeanette"},"sameAs":["https:\/\/www.eldiario.net\/portal"],"url":"https:\/\/www.eldiario.net\/portal\/author\/jeanette\/"}]}},"_links":{"self":[{"href":"https:\/\/www.eldiario.net\/portal\/wp-json\/wp\/v2\/posts\/193336","targetHints":{"allow":["GET"]}}],"collection":[{"href":"https:\/\/www.eldiario.net\/portal\/wp-json\/wp\/v2\/posts"}],"about":[{"href":"https:\/\/www.eldiario.net\/portal\/wp-json\/wp\/v2\/types\/post"}],"author":[{"embeddable":true,"href":"https:\/\/www.eldiario.net\/portal\/wp-json\/wp\/v2\/users\/1"}],"replies":[{"embeddable":true,"href":"https:\/\/www.eldiario.net\/portal\/wp-json\/wp\/v2\/comments?post=193336"}],"version-history":[{"count":0,"href":"https:\/\/www.eldiario.net\/portal\/wp-json\/wp\/v2\/posts\/193336\/revisions"}],"wp:featuredmedia":[{"embeddable":true,"href":"https:\/\/www.eldiario.net\/portal\/wp-json\/wp\/v2\/media\/193337"}],"wp:attachment":[{"href":"https:\/\/www.eldiario.net\/portal\/wp-json\/wp\/v2\/media?parent=193336"}],"wp:term":[{"taxonomy":"category","embeddable":true,"href":"https:\/\/www.eldiario.net\/portal\/wp-json\/wp\/v2\/categories?post=193336"},{"taxonomy":"post_tag","embeddable":true,"href":"https:\/\/www.eldiario.net\/portal\/wp-json\/wp\/v2\/tags?post=193336"}],"curies":[{"name":"wp","href":"https:\/\/api.w.org\/{rel}","templated":true}]}}