{"id":193333,"date":"2023-12-17T07:50:19","date_gmt":"2023-12-17T11:50:19","guid":{"rendered":"https:\/\/www.eldiario.net\/portal\/?p=193333"},"modified":"2023-12-17T07:50:19","modified_gmt":"2023-12-17T11:50:19","slug":"promueven-la-creacion-de-emprendimientos-sostenibles-y-de-respeto-con-la-naturaleza","status":"publish","type":"post","link":"https:\/\/www.eldiario.net\/portal\/2023\/12\/17\/promueven-la-creacion-de-emprendimientos-sostenibles-y-de-respeto-con-la-naturaleza\/","title":{"rendered":"Promueven la creaci\u00f3n de emprendimientos  sostenibles y de respeto con la naturaleza"},"content":{"rendered":"<p>La gesti\u00f3n del agua, acci\u00f3n clim\u00e1tica o econom\u00eda circular, son los tres ejes tem\u00e1ticos que deber\u00e1n presentar los postulantes al programa \u201cAceleradora 100+\u201d para recibir el respaldo de la Cervecer\u00eda Boliviana Nacional (CBN).<br \/>\n\u201cA trav\u00e9s del programa Aceleradora 100+ queremos reunir acciones de impacto socio-ambiental positivo y medible que nos apoye en este empe\u00f1o institucional de construir un legado sostenible para la sociedad y el medio ambiente durante los pr\u00f3ximos 100 a\u00f1os y m\u00e1s\u201d, explic\u00f3 la gerente nacional de Comunicaci\u00f3n Corporativa y Sustentabilidad de CBN, Andrea Benavente.<br \/>\nPor tercer a\u00f1o consecutivo, Cervecer\u00eda Boliviana Nacional ha abierto la convocatoria para su programa Aceleradora 100+, con el fin de seleccionar e impulsar proyectos que respondan a los desaf\u00edos sobre: gesti\u00f3n del agua, acci\u00f3n clim\u00e1tica o econom\u00eda circular. Las postulaciones se recibir\u00e1n hasta el viernes 19 de enero de 2024.<br \/>\nLos proyectos seleccionados tendr\u00e1n la oportunidad de pasar por un proceso de aceleraci\u00f3n, un acompa\u00f1amiento de la alta gerencia de la compa\u00f1\u00eda y eventualmente incorporarse como proveedores de servicios en la cadena de valor de Cervecer\u00eda Boliviana Nacional.<br \/>\nTres Desaf\u00edos<br \/>\nLa iniciativa busca identificar emprendimientos que trabajen brindando productos o servicios que tengan una visi\u00f3n innovadora y sostenible, que puedan proponer soluciones en alguno de los tres desaf\u00edos que Cervecer\u00eda Boliviana Nacional propone este a\u00f1o en el marco de sus objetivos de sostenibilidad: gesti\u00f3n del agua, acci\u00f3n clim\u00e1tica o econom\u00eda circular.<br \/>\nEn el desaf\u00edo de gesti\u00f3n del agua se valorar\u00e1n iniciativas relacionadas con: el monitoreo de recursos h\u00eddricos, reciclaje y reutilizaci\u00f3n de agua, reducci\u00f3n del l\u00edquido elemento en el proceso productivo, reducci\u00f3n del estr\u00e9s h\u00eddrico, entre otros.<br \/>\nRespecto a acci\u00f3n clim\u00e1tica, se recibir\u00e1n postulaciones que traten temas como: reducci\u00f3n de emisiones, log\u00edstica inteligente y\/o automatizada para un enrutamiento optimizado, tecnolog\u00edas de energ\u00eda renovable con alta eficiencia para camiones, reducci\u00f3n, captura y almacenamiento de emisiones de CO2 y gases particulados de los sistemas de las plantas y de la flota de transporte.<br \/>\nFinalmente, en econom\u00eda circular, se buscan emprendimientos sobre captaci\u00f3n y procesamiento de materiales de reciclaje en circuito log\u00edstico y alternativas de materiales para envasado, aumento de contenido reciclado o aumento de consumo de retornables.<\/p>\n","protected":false},"excerpt":{"rendered":"<p>La gesti\u00f3n del agua, acci\u00f3n clim\u00e1tica o econom\u00eda circular, son los tres ejes tem\u00e1ticos que deber\u00e1n presentar los postulantes al programa \u201cAceleradora 100+\u201d para recibir el respaldo de la Cervecer\u00eda Boliviana Nacional (CBN). \u201cA trav\u00e9s del programa Aceleradora 100+ queremos reunir acciones de impacto socio-ambiental positivo y medible que nos apoye en este empe\u00f1o institucional [&hellip;]<\/p>\n","protected":false},"author":1,"featured_media":193334,"comment_status":"closed","ping_status":"open","sticky":false,"template":"","format":"standard","meta":{"_acf_changed":false,"footnotes":""},"categories":[7],"tags":[],"class_list":["post-193333","post","type-post","status-publish","format-standard","has-post-thumbnail","category-economia"],"acf":{"antetitulo":""},"yoast_head":"<!-- This site is optimized with the Yoast SEO plugin v28.3 - https:\/\/yoast.com\/product\/yoast-seo-wordpress\/ -->\n<title>Promueven la creaci\u00f3n de emprendimientos sostenibles y de respeto con la naturaleza - El Diario - Bolivia<\/title>\n<meta name=\"robots\" content=\"index, follow, max-snippet:-1, max-image-preview:large, max-video-preview:-1\" \/>\n<link rel=\"canonical\" href=\"https:\/\/www.eldiario.net\/portal\/2023\/12\/17\/promueven-la-creacion-de-emprendimientos-sostenibles-y-de-respeto-con-la-naturaleza\/\" \/>\n<meta property=\"og:locale\" content=\"es_ES\" \/>\n<meta property=\"og:type\" content=\"article\" \/>\n<meta property=\"og:title\" content=\"Promueven la creaci\u00f3n de emprendimientos sostenibles y de respeto con la naturaleza - El Diario - Bolivia\" \/>\n<meta property=\"og:description\" content=\"La gesti\u00f3n del agua, acci\u00f3n clim\u00e1tica o econom\u00eda circular, son los tres ejes tem\u00e1ticos que deber\u00e1n presentar los postulantes al programa \u201cAceleradora 100+\u201d para recibir el respaldo de la Cervecer\u00eda Boliviana Nacional (CBN). \u201cA trav\u00e9s del programa Aceleradora 100+ queremos reunir acciones de impacto socio-ambiental positivo y medible que nos apoye en este empe\u00f1o institucional [&hellip;]\" \/>\n<meta property=\"og:url\" content=\"https:\/\/www.eldiario.net\/portal\/2023\/12\/17\/promueven-la-creacion-de-emprendimientos-sostenibles-y-de-respeto-con-la-naturaleza\/\" \/>\n<meta property=\"og:site_name\" content=\"El Diario - Bolivia\" \/>\n<meta property=\"article:publisher\" content=\"https:\/\/www.facebook.com\/eldiario.bolivia\/\" \/>\n<meta property=\"article:published_time\" content=\"2023-12-17T11:50:19+00:00\" \/>\n<meta property=\"og:image\" content=\"https:\/\/www.eldiario.net\/portal\/wp-content\/uploads\/2023\/12\/empre.jpg\" \/>\n\t<meta property=\"og:image:width\" content=\"1044\" \/>\n\t<meta property=\"og:image:height\" content=\"696\" \/>\n\t<meta property=\"og:image:type\" content=\"image\/jpeg\" \/>\n<meta name=\"author\" content=\"Jeanette\" \/>\n<meta name=\"twitter:card\" content=\"summary_large_image\" \/>\n<meta name=\"twitter:creator\" content=\"@eldiario_net\" \/>\n<meta name=\"twitter:site\" content=\"@eldiario_net\" \/>\n<meta name=\"twitter:label1\" content=\"Escrito por\" \/>\n\t<meta name=\"twitter:data1\" content=\"Jeanette\" \/>\n\t<meta name=\"twitter:label2\" content=\"Tiempo de lectura\" \/>\n\t<meta name=\"twitter:data2\" content=\"2 minutos\" \/>\n<script type=\"application\/ld+json\" class=\"yoast-schema-graph\">{\"@context\":\"https:\\\/\\\/schema.org\",\"@graph\":[{\"@type\":\"Article\",\"@id\":\"https:\\\/\\\/www.eldiario.net\\\/portal\\\/2023\\\/12\\\/17\\\/promueven-la-creacion-de-emprendimientos-sostenibles-y-de-respeto-con-la-naturaleza\\\/#article\",\"isPartOf\":{\"@id\":\"https:\\\/\\\/www.eldiario.net\\\/portal\\\/2023\\\/12\\\/17\\\/promueven-la-creacion-de-emprendimientos-sostenibles-y-de-respeto-con-la-naturaleza\\\/\"},\"author\":{\"name\":\"Jeanette\",\"@id\":\"https:\\\/\\\/www.eldiario.net\\\/portal\\\/#\\\/schema\\\/person\\\/f46445640444750d7d753ccd04ae01b7\"},\"headline\":\"Promueven la creaci\u00f3n de emprendimientos sostenibles y de respeto con la naturaleza\",\"datePublished\":\"2023-12-17T11:50:19+00:00\",\"mainEntityOfPage\":{\"@id\":\"https:\\\/\\\/www.eldiario.net\\\/portal\\\/2023\\\/12\\\/17\\\/promueven-la-creacion-de-emprendimientos-sostenibles-y-de-respeto-con-la-naturaleza\\\/\"},\"wordCount\":416,\"publisher\":{\"@id\":\"https:\\\/\\\/www.eldiario.net\\\/portal\\\/#organization\"},\"image\":{\"@id\":\"https:\\\/\\\/www.eldiario.net\\\/portal\\\/2023\\\/12\\\/17\\\/promueven-la-creacion-de-emprendimientos-sostenibles-y-de-respeto-con-la-naturaleza\\\/#primaryimage\"},\"thumbnailUrl\":\"https:\\\/\\\/www.eldiario.net\\\/portal\\\/wp-content\\\/uploads\\\/2023\\\/12\\\/empre.jpg\",\"articleSection\":[\"Econom\u00eda\"],\"inLanguage\":\"es\"},{\"@type\":\"WebPage\",\"@id\":\"https:\\\/\\\/www.eldiario.net\\\/portal\\\/2023\\\/12\\\/17\\\/promueven-la-creacion-de-emprendimientos-sostenibles-y-de-respeto-con-la-naturaleza\\\/\",\"url\":\"https:\\\/\\\/www.eldiario.net\\\/portal\\\/2023\\\/12\\\/17\\\/promueven-la-creacion-de-emprendimientos-sostenibles-y-de-respeto-con-la-naturaleza\\\/\",\"name\":\"Promueven la creaci\u00f3n de emprendimientos sostenibles y de respeto con la naturaleza - El Diario - Bolivia\",\"isPartOf\":{\"@id\":\"https:\\\/\\\/www.eldiario.net\\\/portal\\\/#website\"},\"primaryImageOfPage\":{\"@id\":\"https:\\\/\\\/www.eldiario.net\\\/portal\\\/2023\\\/12\\\/17\\\/promueven-la-creacion-de-emprendimientos-sostenibles-y-de-respeto-con-la-naturaleza\\\/#primaryimage\"},\"image\":{\"@id\":\"https:\\\/\\\/www.eldiario.net\\\/portal\\\/2023\\\/12\\\/17\\\/promueven-la-creacion-de-emprendimientos-sostenibles-y-de-respeto-con-la-naturaleza\\\/#primaryimage\"},\"thumbnailUrl\":\"https:\\\/\\\/www.eldiario.net\\\/portal\\\/wp-content\\\/uploads\\\/2023\\\/12\\\/empre.jpg\",\"datePublished\":\"2023-12-17T11:50:19+00:00\",\"breadcrumb\":{\"@id\":\"https:\\\/\\\/www.eldiario.net\\\/portal\\\/2023\\\/12\\\/17\\\/promueven-la-creacion-de-emprendimientos-sostenibles-y-de-respeto-con-la-naturaleza\\\/#breadcrumb\"},\"inLanguage\":\"es\",\"potentialAction\":[{\"@type\":\"ReadAction\",\"target\":[\"https:\\\/\\\/www.eldiario.net\\\/portal\\\/2023\\\/12\\\/17\\\/promueven-la-creacion-de-emprendimientos-sostenibles-y-de-respeto-con-la-naturaleza\\\/\"]}]},{\"@type\":\"ImageObject\",\"inLanguage\":\"es\",\"@id\":\"https:\\\/\\\/www.eldiario.net\\\/portal\\\/2023\\\/12\\\/17\\\/promueven-la-creacion-de-emprendimientos-sostenibles-y-de-respeto-con-la-naturaleza\\\/#primaryimage\",\"url\":\"https:\\\/\\\/www.eldiario.net\\\/portal\\\/wp-content\\\/uploads\\\/2023\\\/12\\\/empre.jpg\",\"contentUrl\":\"https:\\\/\\\/www.eldiario.net\\\/portal\\\/wp-content\\\/uploads\\\/2023\\\/12\\\/empre.jpg\",\"width\":1044,\"height\":696,\"caption\":\"Presentaci\u00f3n de la propuesta para recibir apoyo.\"},{\"@type\":\"BreadcrumbList\",\"@id\":\"https:\\\/\\\/www.eldiario.net\\\/portal\\\/2023\\\/12\\\/17\\\/promueven-la-creacion-de-emprendimientos-sostenibles-y-de-respeto-con-la-naturaleza\\\/#breadcrumb\",\"itemListElement\":[{\"@type\":\"ListItem\",\"position\":1,\"name\":\"Portada\",\"item\":\"https:\\\/\\\/www.eldiario.net\\\/portal\\\/\"},{\"@type\":\"ListItem\",\"position\":2,\"name\":\"Promueven la creaci\u00f3n de emprendimientos sostenibles y de respeto con la naturaleza\"}]},{\"@type\":\"WebSite\",\"@id\":\"https:\\\/\\\/www.eldiario.net\\\/portal\\\/#website\",\"url\":\"https:\\\/\\\/www.eldiario.net\\\/portal\\\/\",\"name\":\"El Diario - Decano de la prensa nacional\",\"description\":\"El Diario - Decano de la prensa nacional\",\"publisher\":{\"@id\":\"https:\\\/\\\/www.eldiario.net\\\/portal\\\/#organization\"},\"potentialAction\":[{\"@type\":\"SearchAction\",\"target\":{\"@type\":\"EntryPoint\",\"urlTemplate\":\"https:\\\/\\\/www.eldiario.net\\\/portal\\\/?s={search_term_string}\"},\"query-input\":{\"@type\":\"PropertyValueSpecification\",\"valueRequired\":true,\"valueName\":\"search_term_string\"}}],\"inLanguage\":\"es\"},{\"@type\":\"Organization\",\"@id\":\"https:\\\/\\\/www.eldiario.net\\\/portal\\\/#organization\",\"name\":\"El Diario - Decano de la prensa nacional\",\"url\":\"https:\\\/\\\/www.eldiario.net\\\/portal\\\/\",\"logo\":{\"@type\":\"ImageObject\",\"inLanguage\":\"es\",\"@id\":\"https:\\\/\\\/www.eldiario.net\\\/portal\\\/#\\\/schema\\\/logo\\\/image\\\/\",\"url\":\"https:\\\/\\\/www.eldiario.net\\\/portal\\\/wp-content\\\/uploads\\\/2023\\\/07\\\/logo_ED.jpg\",\"contentUrl\":\"https:\\\/\\\/www.eldiario.net\\\/portal\\\/wp-content\\\/uploads\\\/2023\\\/07\\\/logo_ED.jpg\",\"width\":272,\"height\":52,\"caption\":\"El Diario - Decano de la prensa nacional\"},\"image\":{\"@id\":\"https:\\\/\\\/www.eldiario.net\\\/portal\\\/#\\\/schema\\\/logo\\\/image\\\/\"},\"sameAs\":[\"https:\\\/\\\/www.facebook.com\\\/eldiario.bolivia\\\/\",\"https:\\\/\\\/x.com\\\/eldiario_net\"]},{\"@type\":\"Person\",\"@id\":\"https:\\\/\\\/www.eldiario.net\\\/portal\\\/#\\\/schema\\\/person\\\/f46445640444750d7d753ccd04ae01b7\",\"name\":\"Jeanette\",\"image\":{\"@type\":\"ImageObject\",\"inLanguage\":\"es\",\"@id\":\"https:\\\/\\\/secure.gravatar.com\\\/avatar\\\/3ea2118a5f7dad2b7138b1187a6b7ee55f160b9968b66013c3a3ef39dd7e5798?s=96&d=mm&r=g\",\"url\":\"https:\\\/\\\/secure.gravatar.com\\\/avatar\\\/3ea2118a5f7dad2b7138b1187a6b7ee55f160b9968b66013c3a3ef39dd7e5798?s=96&d=mm&r=g\",\"contentUrl\":\"https:\\\/\\\/secure.gravatar.com\\\/avatar\\\/3ea2118a5f7dad2b7138b1187a6b7ee55f160b9968b66013c3a3ef39dd7e5798?s=96&d=mm&r=g\",\"caption\":\"Jeanette\"},\"sameAs\":[\"https:\\\/\\\/www.eldiario.net\\\/portal\"],\"url\":\"https:\\\/\\\/www.eldiario.net\\\/portal\\\/author\\\/jeanette\\\/\"}]}<\/script>\n<!-- \/ Yoast SEO plugin. -->","yoast_head_json":{"title":"Promueven la creaci\u00f3n de emprendimientos sostenibles y de respeto con la naturaleza - El Diario - Bolivia","robots":{"index":"index","follow":"follow","max-snippet":"max-snippet:-1","max-image-preview":"max-image-preview:large","max-video-preview":"max-video-preview:-1"},"canonical":"https:\/\/www.eldiario.net\/portal\/2023\/12\/17\/promueven-la-creacion-de-emprendimientos-sostenibles-y-de-respeto-con-la-naturaleza\/","og_locale":"es_ES","og_type":"article","og_title":"Promueven la creaci\u00f3n de emprendimientos sostenibles y de respeto con la naturaleza - El Diario - Bolivia","og_description":"La gesti\u00f3n del agua, acci\u00f3n clim\u00e1tica o econom\u00eda circular, son los tres ejes tem\u00e1ticos que deber\u00e1n presentar los postulantes al programa \u201cAceleradora 100+\u201d para recibir el respaldo de la Cervecer\u00eda Boliviana Nacional (CBN). \u201cA trav\u00e9s del programa Aceleradora 100+ queremos reunir acciones de impacto socio-ambiental positivo y medible que nos apoye en este empe\u00f1o institucional [&hellip;]","og_url":"https:\/\/www.eldiario.net\/portal\/2023\/12\/17\/promueven-la-creacion-de-emprendimientos-sostenibles-y-de-respeto-con-la-naturaleza\/","og_site_name":"El Diario - Bolivia","article_publisher":"https:\/\/www.facebook.com\/eldiario.bolivia\/","article_published_time":"2023-12-17T11:50:19+00:00","og_image":[{"width":1044,"height":696,"url":"https:\/\/www.eldiario.net\/portal\/wp-content\/uploads\/2023\/12\/empre.jpg","type":"image\/jpeg"}],"author":"Jeanette","twitter_card":"summary_large_image","twitter_creator":"@eldiario_net","twitter_site":"@eldiario_net","twitter_misc":{"Escrito por":"Jeanette","Tiempo de lectura":"2 minutos"},"schema":{"@context":"https:\/\/schema.org","@graph":[{"@type":"Article","@id":"https:\/\/www.eldiario.net\/portal\/2023\/12\/17\/promueven-la-creacion-de-emprendimientos-sostenibles-y-de-respeto-con-la-naturaleza\/#article","isPartOf":{"@id":"https:\/\/www.eldiario.net\/portal\/2023\/12\/17\/promueven-la-creacion-de-emprendimientos-sostenibles-y-de-respeto-con-la-naturaleza\/"},"author":{"name":"Jeanette","@id":"https:\/\/www.eldiario.net\/portal\/#\/schema\/person\/f46445640444750d7d753ccd04ae01b7"},"headline":"Promueven la creaci\u00f3n de emprendimientos sostenibles y de respeto con la naturaleza","datePublished":"2023-12-17T11:50:19+00:00","mainEntityOfPage":{"@id":"https:\/\/www.eldiario.net\/portal\/2023\/12\/17\/promueven-la-creacion-de-emprendimientos-sostenibles-y-de-respeto-con-la-naturaleza\/"},"wordCount":416,"publisher":{"@id":"https:\/\/www.eldiario.net\/portal\/#organization"},"image":{"@id":"https:\/\/www.eldiario.net\/portal\/2023\/12\/17\/promueven-la-creacion-de-emprendimientos-sostenibles-y-de-respeto-con-la-naturaleza\/#primaryimage"},"thumbnailUrl":"https:\/\/www.eldiario.net\/portal\/wp-content\/uploads\/2023\/12\/empre.jpg","articleSection":["Econom\u00eda"],"inLanguage":"es"},{"@type":"WebPage","@id":"https:\/\/www.eldiario.net\/portal\/2023\/12\/17\/promueven-la-creacion-de-emprendimientos-sostenibles-y-de-respeto-con-la-naturaleza\/","url":"https:\/\/www.eldiario.net\/portal\/2023\/12\/17\/promueven-la-creacion-de-emprendimientos-sostenibles-y-de-respeto-con-la-naturaleza\/","name":"Promueven la creaci\u00f3n de emprendimientos sostenibles y de respeto con la naturaleza - El Diario - Bolivia","isPartOf":{"@id":"https:\/\/www.eldiario.net\/portal\/#website"},"primaryImageOfPage":{"@id":"https:\/\/www.eldiario.net\/portal\/2023\/12\/17\/promueven-la-creacion-de-emprendimientos-sostenibles-y-de-respeto-con-la-naturaleza\/#primaryimage"},"image":{"@id":"https:\/\/www.eldiario.net\/portal\/2023\/12\/17\/promueven-la-creacion-de-emprendimientos-sostenibles-y-de-respeto-con-la-naturaleza\/#primaryimage"},"thumbnailUrl":"https:\/\/www.eldiario.net\/portal\/wp-content\/uploads\/2023\/12\/empre.jpg","datePublished":"2023-12-17T11:50:19+00:00","breadcrumb":{"@id":"https:\/\/www.eldiario.net\/portal\/2023\/12\/17\/promueven-la-creacion-de-emprendimientos-sostenibles-y-de-respeto-con-la-naturaleza\/#breadcrumb"},"inLanguage":"es","potentialAction":[{"@type":"ReadAction","target":["https:\/\/www.eldiario.net\/portal\/2023\/12\/17\/promueven-la-creacion-de-emprendimientos-sostenibles-y-de-respeto-con-la-naturaleza\/"]}]},{"@type":"ImageObject","inLanguage":"es","@id":"https:\/\/www.eldiario.net\/portal\/2023\/12\/17\/promueven-la-creacion-de-emprendimientos-sostenibles-y-de-respeto-con-la-naturaleza\/#primaryimage","url":"https:\/\/www.eldiario.net\/portal\/wp-content\/uploads\/2023\/12\/empre.jpg","contentUrl":"https:\/\/www.eldiario.net\/portal\/wp-content\/uploads\/2023\/12\/empre.jpg","width":1044,"height":696,"caption":"Presentaci\u00f3n de la propuesta para recibir apoyo."},{"@type":"BreadcrumbList","@id":"https:\/\/www.eldiario.net\/portal\/2023\/12\/17\/promueven-la-creacion-de-emprendimientos-sostenibles-y-de-respeto-con-la-naturaleza\/#breadcrumb","itemListElement":[{"@type":"ListItem","position":1,"name":"Portada","item":"https:\/\/www.eldiario.net\/portal\/"},{"@type":"ListItem","position":2,"name":"Promueven la creaci\u00f3n de emprendimientos sostenibles y de respeto con la naturaleza"}]},{"@type":"WebSite","@id":"https:\/\/www.eldiario.net\/portal\/#website","url":"https:\/\/www.eldiario.net\/portal\/","name":"El Diario - Decano de la prensa nacional","description":"El Diario - Decano de la prensa nacional","publisher":{"@id":"https:\/\/www.eldiario.net\/portal\/#organization"},"potentialAction":[{"@type":"SearchAction","target":{"@type":"EntryPoint","urlTemplate":"https:\/\/www.eldiario.net\/portal\/?s={search_term_string}"},"query-input":{"@type":"PropertyValueSpecification","valueRequired":true,"valueName":"search_term_string"}}],"inLanguage":"es"},{"@type":"Organization","@id":"https:\/\/www.eldiario.net\/portal\/#organization","name":"El Diario - Decano de la prensa nacional","url":"https:\/\/www.eldiario.net\/portal\/","logo":{"@type":"ImageObject","inLanguage":"es","@id":"https:\/\/www.eldiario.net\/portal\/#\/schema\/logo\/image\/","url":"https:\/\/www.eldiario.net\/portal\/wp-content\/uploads\/2023\/07\/logo_ED.jpg","contentUrl":"https:\/\/www.eldiario.net\/portal\/wp-content\/uploads\/2023\/07\/logo_ED.jpg","width":272,"height":52,"caption":"El Diario - Decano de la prensa nacional"},"image":{"@id":"https:\/\/www.eldiario.net\/portal\/#\/schema\/logo\/image\/"},"sameAs":["https:\/\/www.facebook.com\/eldiario.bolivia\/","https:\/\/x.com\/eldiario_net"]},{"@type":"Person","@id":"https:\/\/www.eldiario.net\/portal\/#\/schema\/person\/f46445640444750d7d753ccd04ae01b7","name":"Jeanette","image":{"@type":"ImageObject","inLanguage":"es","@id":"https:\/\/secure.gravatar.com\/avatar\/3ea2118a5f7dad2b7138b1187a6b7ee55f160b9968b66013c3a3ef39dd7e5798?s=96&d=mm&r=g","url":"https:\/\/secure.gravatar.com\/avatar\/3ea2118a5f7dad2b7138b1187a6b7ee55f160b9968b66013c3a3ef39dd7e5798?s=96&d=mm&r=g","contentUrl":"https:\/\/secure.gravatar.com\/avatar\/3ea2118a5f7dad2b7138b1187a6b7ee55f160b9968b66013c3a3ef39dd7e5798?s=96&d=mm&r=g","caption":"Jeanette"},"sameAs":["https:\/\/www.eldiario.net\/portal"],"url":"https:\/\/www.eldiario.net\/portal\/author\/jeanette\/"}]}},"_links":{"self":[{"href":"https:\/\/www.eldiario.net\/portal\/wp-json\/wp\/v2\/posts\/193333","targetHints":{"allow":["GET"]}}],"collection":[{"href":"https:\/\/www.eldiario.net\/portal\/wp-json\/wp\/v2\/posts"}],"about":[{"href":"https:\/\/www.eldiario.net\/portal\/wp-json\/wp\/v2\/types\/post"}],"author":[{"embeddable":true,"href":"https:\/\/www.eldiario.net\/portal\/wp-json\/wp\/v2\/users\/1"}],"replies":[{"embeddable":true,"href":"https:\/\/www.eldiario.net\/portal\/wp-json\/wp\/v2\/comments?post=193333"}],"version-history":[{"count":0,"href":"https:\/\/www.eldiario.net\/portal\/wp-json\/wp\/v2\/posts\/193333\/revisions"}],"wp:featuredmedia":[{"embeddable":true,"href":"https:\/\/www.eldiario.net\/portal\/wp-json\/wp\/v2\/media\/193334"}],"wp:attachment":[{"href":"https:\/\/www.eldiario.net\/portal\/wp-json\/wp\/v2\/media?parent=193333"}],"wp:term":[{"taxonomy":"category","embeddable":true,"href":"https:\/\/www.eldiario.net\/portal\/wp-json\/wp\/v2\/categories?post=193333"},{"taxonomy":"post_tag","embeddable":true,"href":"https:\/\/www.eldiario.net\/portal\/wp-json\/wp\/v2\/tags?post=193333"}],"curies":[{"name":"wp","href":"https:\/\/api.w.org\/{rel}","templated":true}]}}