{"id":193328,"date":"2023-12-17T07:49:03","date_gmt":"2023-12-17T11:49:03","guid":{"rendered":"https:\/\/www.eldiario.net\/portal\/?p=193328"},"modified":"2023-12-17T07:49:03","modified_gmt":"2023-12-17T11:49:03","slug":"eeuu-derriba-14-drones-lanzados-por-rebeldes-huties-de-yemen","status":"publish","type":"post","link":"https:\/\/www.eldiario.net\/portal\/2023\/12\/17\/eeuu-derriba-14-drones-lanzados-por-rebeldes-huties-de-yemen\/","title":{"rendered":"EEUU derriba 14 drones lanzados  por rebeldes hut\u00edes de Yemen"},"content":{"rendered":"<p>Gracias a que los socios regionales (de EEUU) en el mar Rojo fueron alertados de la amenaza no se registraron v\u00edctimas ni da\u00f1os al resto de las embarcaciones, agreg\u00f3 el Comando.<br \/>\nJunto con este, m\u00e1s temprano el ministro de Defensa del Reino Unido, Grant Shapps, confirm\u00f3 que un destructor de su bandera hab\u00eda derribado otro presunto dron de ataque en estas aguas.<br \/>\n\u00abDurante la noche, el HMS Diamond derrib\u00f3 un presunto avi\u00f3n no tripulado de ataque que ten\u00eda como objetivo la navegaci\u00f3n mercante en el mar Rojo. Se dispar\u00f3 un misil Sea Viper que destruy\u00f3 con \u00e9xito el objetivo\u00bb, se\u00f1al\u00f3 Shapps en un comunicado.<br \/>\nDesde el inicio del conflicto entre Israel y Ham\u00e1s, los rebeldes hut\u00edes lanzan pr\u00e1cticamente a diario misiles contra el sur del Estado jud\u00edo as\u00ed como contra naves que transiten por el mar, que tengan alg\u00fan tipo de v\u00ednculo con Tel Aviv. Se trata de un continuo esfuerzo para impedir que todos los buques que se dirigen a puertos israel\u00edes naveguen por el mar Ar\u00e1bigo y el mar Rojo hasta que se garantice el suministro de ayuda humanitaria para el pueblo de Gaza, sostienen los rebeldes.<br \/>\nFrente a esta situaci\u00f3n, Estados Unidos despleg\u00f3 una gran flota de buques para repeler ataques y disuadir nuevas ofensivas. Inclusive, la v\u00edspera se conoci\u00f3 que, si bien a\u00fan no se hicieron p\u00fablico, el secretario de Defensa de la Casa Blanca, Lloyd Austin, orden\u00f3 que el USS Gerald R. Ford y el crucero USS Normandy extiendan sus operaciones por varias semanas m\u00e1s.<br \/>\nEn total, Washington mantiene 19 naves entre las que se encuentran el USS Dwight D. Eisenhower, USS Philippine Sea, USS Carney, USS Stethem, USS Mason, USS Thomes Hudner, USS Ramage y USS Roosevelt, desplegados entre el Mediterr\u00e1neo oriental, los mares Rojo y Ar\u00e1bigo, y el Golfo P\u00e9rsico.<br \/>\nA ello se suma tambi\u00e9n la presencia de un submarino nuclear desde el pasado 5 de noviembre y la movilizaci\u00f3n de unas 300 tropas en tierra hacia zonas de tensi\u00f3n para evitar una escalada y reforzar la seguridad en sus bases en Siria e Irak, tambi\u00e9n blancos de ataques por su apoyo a Benjam\u00edn Netanyahu.<br \/>\nNo obstante, dos gigantes navieras anunciaron en las \u00faltimas horas, la suspensi\u00f3n del tr\u00e1nsito de sus barcos por esta zona debido a las amenazas de los rebeldes hut\u00edes y los precedentes de ataques y secuestros de otras naves.<br \/>\n\u00abMSC Mediterranean Shipping Co. SA y la Compagnie Maritime d&#8217;affr\u00e8tement y Compagnie G\u00e9n\u00e9rale Maritime (CMA-CGM) decidieron desviar la ruta de sus naves para proteger la vida de las personas y la seguridad de nuestros marineros, debido a que tenemos que cuidar de que existan bajas que en esta ocasi\u00f3n no hemos lamentado\u00bb. La medida se mantendr\u00e1 hasta que la ruta sea segura y de esta manera lograr garantizar todo este trabajo, agregaron en un comunicado.<br \/>\nEl pasado viernes habr\u00eda tomado esta decisi\u00f3n Maersk y Hapag-Lloyd, por las mismas razones. (Infobae\/Efe)<\/p>\n","protected":false},"excerpt":{"rendered":"<p>Gracias a que los socios regionales (de EEUU) en el mar Rojo fueron alertados de la amenaza no se registraron v\u00edctimas ni da\u00f1os al resto de las embarcaciones, agreg\u00f3 el Comando. Junto con este, m\u00e1s temprano el ministro de Defensa del Reino Unido, Grant Shapps, confirm\u00f3 que un destructor de su bandera hab\u00eda derribado otro [&hellip;]<\/p>\n","protected":false},"author":1,"featured_media":193329,"comment_status":"closed","ping_status":"open","sticky":false,"template":"","format":"standard","meta":{"_acf_changed":false,"footnotes":""},"categories":[3],"tags":[],"class_list":["post-193328","post","type-post","status-publish","format-standard","has-post-thumbnail","category-internacional"],"acf":{"antetitulo":""},"yoast_head":"<!-- This site is optimized with the Yoast SEO plugin v28.3 - https:\/\/yoast.com\/product\/yoast-seo-wordpress\/ -->\n<title>EEUU derriba 14 drones lanzados por rebeldes hut\u00edes de Yemen - El Diario - Bolivia<\/title>\n<meta name=\"robots\" content=\"index, follow, max-snippet:-1, max-image-preview:large, max-video-preview:-1\" \/>\n<link rel=\"canonical\" href=\"https:\/\/www.eldiario.net\/portal\/2023\/12\/17\/eeuu-derriba-14-drones-lanzados-por-rebeldes-huties-de-yemen\/\" \/>\n<meta property=\"og:locale\" content=\"es_ES\" \/>\n<meta property=\"og:type\" content=\"article\" \/>\n<meta property=\"og:title\" content=\"EEUU derriba 14 drones lanzados por rebeldes hut\u00edes de Yemen - El Diario - Bolivia\" \/>\n<meta property=\"og:description\" content=\"Gracias a que los socios regionales (de EEUU) en el mar Rojo fueron alertados de la amenaza no se registraron v\u00edctimas ni da\u00f1os al resto de las embarcaciones, agreg\u00f3 el Comando. Junto con este, m\u00e1s temprano el ministro de Defensa del Reino Unido, Grant Shapps, confirm\u00f3 que un destructor de su bandera hab\u00eda derribado otro [&hellip;]\" \/>\n<meta property=\"og:url\" content=\"https:\/\/www.eldiario.net\/portal\/2023\/12\/17\/eeuu-derriba-14-drones-lanzados-por-rebeldes-huties-de-yemen\/\" \/>\n<meta property=\"og:site_name\" content=\"El Diario - Bolivia\" \/>\n<meta property=\"article:publisher\" content=\"https:\/\/www.facebook.com\/eldiario.bolivia\/\" \/>\n<meta property=\"article:published_time\" content=\"2023-12-17T11:49:03+00:00\" \/>\n<meta property=\"og:image\" content=\"https:\/\/www.eldiario.net\/portal\/wp-content\/uploads\/2023\/12\/BARCO.jpg\" \/>\n\t<meta property=\"og:image:width\" content=\"1920\" \/>\n\t<meta property=\"og:image:height\" content=\"1080\" \/>\n\t<meta property=\"og:image:type\" content=\"image\/jpeg\" \/>\n<meta name=\"author\" content=\"Jeanette\" \/>\n<meta name=\"twitter:card\" content=\"summary_large_image\" \/>\n<meta name=\"twitter:creator\" content=\"@eldiario_net\" \/>\n<meta name=\"twitter:site\" content=\"@eldiario_net\" \/>\n<meta name=\"twitter:label1\" content=\"Escrito por\" \/>\n\t<meta name=\"twitter:data1\" content=\"Jeanette\" \/>\n\t<meta name=\"twitter:label2\" content=\"Tiempo de lectura\" \/>\n\t<meta name=\"twitter:data2\" content=\"3 minutos\" \/>\n<script type=\"application\/ld+json\" class=\"yoast-schema-graph\">{\"@context\":\"https:\\\/\\\/schema.org\",\"@graph\":[{\"@type\":\"Article\",\"@id\":\"https:\\\/\\\/www.eldiario.net\\\/portal\\\/2023\\\/12\\\/17\\\/eeuu-derriba-14-drones-lanzados-por-rebeldes-huties-de-yemen\\\/#article\",\"isPartOf\":{\"@id\":\"https:\\\/\\\/www.eldiario.net\\\/portal\\\/2023\\\/12\\\/17\\\/eeuu-derriba-14-drones-lanzados-por-rebeldes-huties-de-yemen\\\/\"},\"author\":{\"name\":\"Jeanette\",\"@id\":\"https:\\\/\\\/www.eldiario.net\\\/portal\\\/#\\\/schema\\\/person\\\/f46445640444750d7d753ccd04ae01b7\"},\"headline\":\"EEUU derriba 14 drones lanzados por rebeldes hut\u00edes de Yemen\",\"datePublished\":\"2023-12-17T11:49:03+00:00\",\"mainEntityOfPage\":{\"@id\":\"https:\\\/\\\/www.eldiario.net\\\/portal\\\/2023\\\/12\\\/17\\\/eeuu-derriba-14-drones-lanzados-por-rebeldes-huties-de-yemen\\\/\"},\"wordCount\":527,\"publisher\":{\"@id\":\"https:\\\/\\\/www.eldiario.net\\\/portal\\\/#organization\"},\"image\":{\"@id\":\"https:\\\/\\\/www.eldiario.net\\\/portal\\\/2023\\\/12\\\/17\\\/eeuu-derriba-14-drones-lanzados-por-rebeldes-huties-de-yemen\\\/#primaryimage\"},\"thumbnailUrl\":\"https:\\\/\\\/www.eldiario.net\\\/portal\\\/wp-content\\\/uploads\\\/2023\\\/12\\\/BARCO.jpg\",\"articleSection\":[\"Internacional\"],\"inLanguage\":\"es\"},{\"@type\":\"WebPage\",\"@id\":\"https:\\\/\\\/www.eldiario.net\\\/portal\\\/2023\\\/12\\\/17\\\/eeuu-derriba-14-drones-lanzados-por-rebeldes-huties-de-yemen\\\/\",\"url\":\"https:\\\/\\\/www.eldiario.net\\\/portal\\\/2023\\\/12\\\/17\\\/eeuu-derriba-14-drones-lanzados-por-rebeldes-huties-de-yemen\\\/\",\"name\":\"EEUU derriba 14 drones lanzados por rebeldes hut\u00edes de Yemen - El Diario - Bolivia\",\"isPartOf\":{\"@id\":\"https:\\\/\\\/www.eldiario.net\\\/portal\\\/#website\"},\"primaryImageOfPage\":{\"@id\":\"https:\\\/\\\/www.eldiario.net\\\/portal\\\/2023\\\/12\\\/17\\\/eeuu-derriba-14-drones-lanzados-por-rebeldes-huties-de-yemen\\\/#primaryimage\"},\"image\":{\"@id\":\"https:\\\/\\\/www.eldiario.net\\\/portal\\\/2023\\\/12\\\/17\\\/eeuu-derriba-14-drones-lanzados-por-rebeldes-huties-de-yemen\\\/#primaryimage\"},\"thumbnailUrl\":\"https:\\\/\\\/www.eldiario.net\\\/portal\\\/wp-content\\\/uploads\\\/2023\\\/12\\\/BARCO.jpg\",\"datePublished\":\"2023-12-17T11:49:03+00:00\",\"breadcrumb\":{\"@id\":\"https:\\\/\\\/www.eldiario.net\\\/portal\\\/2023\\\/12\\\/17\\\/eeuu-derriba-14-drones-lanzados-por-rebeldes-huties-de-yemen\\\/#breadcrumb\"},\"inLanguage\":\"es\",\"potentialAction\":[{\"@type\":\"ReadAction\",\"target\":[\"https:\\\/\\\/www.eldiario.net\\\/portal\\\/2023\\\/12\\\/17\\\/eeuu-derriba-14-drones-lanzados-por-rebeldes-huties-de-yemen\\\/\"]}]},{\"@type\":\"ImageObject\",\"inLanguage\":\"es\",\"@id\":\"https:\\\/\\\/www.eldiario.net\\\/portal\\\/2023\\\/12\\\/17\\\/eeuu-derriba-14-drones-lanzados-por-rebeldes-huties-de-yemen\\\/#primaryimage\",\"url\":\"https:\\\/\\\/www.eldiario.net\\\/portal\\\/wp-content\\\/uploads\\\/2023\\\/12\\\/BARCO.jpg\",\"contentUrl\":\"https:\\\/\\\/www.eldiario.net\\\/portal\\\/wp-content\\\/uploads\\\/2023\\\/12\\\/BARCO.jpg\",\"width\":1920,\"height\":1080,\"caption\":\"ARLEiGH BURKE USS CARNEY FUE EL BUQUE QUE NEUTRALIZ\u00d3 LOS ATAQUES. Sputnik Mundo\"},{\"@type\":\"BreadcrumbList\",\"@id\":\"https:\\\/\\\/www.eldiario.net\\\/portal\\\/2023\\\/12\\\/17\\\/eeuu-derriba-14-drones-lanzados-por-rebeldes-huties-de-yemen\\\/#breadcrumb\",\"itemListElement\":[{\"@type\":\"ListItem\",\"position\":1,\"name\":\"Portada\",\"item\":\"https:\\\/\\\/www.eldiario.net\\\/portal\\\/\"},{\"@type\":\"ListItem\",\"position\":2,\"name\":\"EEUU derriba 14 drones lanzados por rebeldes hut\u00edes de Yemen\"}]},{\"@type\":\"WebSite\",\"@id\":\"https:\\\/\\\/www.eldiario.net\\\/portal\\\/#website\",\"url\":\"https:\\\/\\\/www.eldiario.net\\\/portal\\\/\",\"name\":\"El Diario - Decano de la prensa nacional\",\"description\":\"El Diario - Decano de la prensa nacional\",\"publisher\":{\"@id\":\"https:\\\/\\\/www.eldiario.net\\\/portal\\\/#organization\"},\"potentialAction\":[{\"@type\":\"SearchAction\",\"target\":{\"@type\":\"EntryPoint\",\"urlTemplate\":\"https:\\\/\\\/www.eldiario.net\\\/portal\\\/?s={search_term_string}\"},\"query-input\":{\"@type\":\"PropertyValueSpecification\",\"valueRequired\":true,\"valueName\":\"search_term_string\"}}],\"inLanguage\":\"es\"},{\"@type\":\"Organization\",\"@id\":\"https:\\\/\\\/www.eldiario.net\\\/portal\\\/#organization\",\"name\":\"El Diario - Decano de la prensa nacional\",\"url\":\"https:\\\/\\\/www.eldiario.net\\\/portal\\\/\",\"logo\":{\"@type\":\"ImageObject\",\"inLanguage\":\"es\",\"@id\":\"https:\\\/\\\/www.eldiario.net\\\/portal\\\/#\\\/schema\\\/logo\\\/image\\\/\",\"url\":\"https:\\\/\\\/www.eldiario.net\\\/portal\\\/wp-content\\\/uploads\\\/2023\\\/07\\\/logo_ED.jpg\",\"contentUrl\":\"https:\\\/\\\/www.eldiario.net\\\/portal\\\/wp-content\\\/uploads\\\/2023\\\/07\\\/logo_ED.jpg\",\"width\":272,\"height\":52,\"caption\":\"El Diario - Decano de la prensa nacional\"},\"image\":{\"@id\":\"https:\\\/\\\/www.eldiario.net\\\/portal\\\/#\\\/schema\\\/logo\\\/image\\\/\"},\"sameAs\":[\"https:\\\/\\\/www.facebook.com\\\/eldiario.bolivia\\\/\",\"https:\\\/\\\/x.com\\\/eldiario_net\"]},{\"@type\":\"Person\",\"@id\":\"https:\\\/\\\/www.eldiario.net\\\/portal\\\/#\\\/schema\\\/person\\\/f46445640444750d7d753ccd04ae01b7\",\"name\":\"Jeanette\",\"image\":{\"@type\":\"ImageObject\",\"inLanguage\":\"es\",\"@id\":\"https:\\\/\\\/secure.gravatar.com\\\/avatar\\\/3ea2118a5f7dad2b7138b1187a6b7ee55f160b9968b66013c3a3ef39dd7e5798?s=96&d=mm&r=g\",\"url\":\"https:\\\/\\\/secure.gravatar.com\\\/avatar\\\/3ea2118a5f7dad2b7138b1187a6b7ee55f160b9968b66013c3a3ef39dd7e5798?s=96&d=mm&r=g\",\"contentUrl\":\"https:\\\/\\\/secure.gravatar.com\\\/avatar\\\/3ea2118a5f7dad2b7138b1187a6b7ee55f160b9968b66013c3a3ef39dd7e5798?s=96&d=mm&r=g\",\"caption\":\"Jeanette\"},\"sameAs\":[\"https:\\\/\\\/www.eldiario.net\\\/portal\"],\"url\":\"https:\\\/\\\/www.eldiario.net\\\/portal\\\/author\\\/jeanette\\\/\"}]}<\/script>\n<!-- \/ Yoast SEO plugin. -->","yoast_head_json":{"title":"EEUU derriba 14 drones lanzados por rebeldes hut\u00edes de Yemen - El Diario - Bolivia","robots":{"index":"index","follow":"follow","max-snippet":"max-snippet:-1","max-image-preview":"max-image-preview:large","max-video-preview":"max-video-preview:-1"},"canonical":"https:\/\/www.eldiario.net\/portal\/2023\/12\/17\/eeuu-derriba-14-drones-lanzados-por-rebeldes-huties-de-yemen\/","og_locale":"es_ES","og_type":"article","og_title":"EEUU derriba 14 drones lanzados por rebeldes hut\u00edes de Yemen - El Diario - Bolivia","og_description":"Gracias a que los socios regionales (de EEUU) en el mar Rojo fueron alertados de la amenaza no se registraron v\u00edctimas ni da\u00f1os al resto de las embarcaciones, agreg\u00f3 el Comando. Junto con este, m\u00e1s temprano el ministro de Defensa del Reino Unido, Grant Shapps, confirm\u00f3 que un destructor de su bandera hab\u00eda derribado otro [&hellip;]","og_url":"https:\/\/www.eldiario.net\/portal\/2023\/12\/17\/eeuu-derriba-14-drones-lanzados-por-rebeldes-huties-de-yemen\/","og_site_name":"El Diario - Bolivia","article_publisher":"https:\/\/www.facebook.com\/eldiario.bolivia\/","article_published_time":"2023-12-17T11:49:03+00:00","og_image":[{"width":1920,"height":1080,"url":"https:\/\/www.eldiario.net\/portal\/wp-content\/uploads\/2023\/12\/BARCO.jpg","type":"image\/jpeg"}],"author":"Jeanette","twitter_card":"summary_large_image","twitter_creator":"@eldiario_net","twitter_site":"@eldiario_net","twitter_misc":{"Escrito por":"Jeanette","Tiempo de lectura":"3 minutos"},"schema":{"@context":"https:\/\/schema.org","@graph":[{"@type":"Article","@id":"https:\/\/www.eldiario.net\/portal\/2023\/12\/17\/eeuu-derriba-14-drones-lanzados-por-rebeldes-huties-de-yemen\/#article","isPartOf":{"@id":"https:\/\/www.eldiario.net\/portal\/2023\/12\/17\/eeuu-derriba-14-drones-lanzados-por-rebeldes-huties-de-yemen\/"},"author":{"name":"Jeanette","@id":"https:\/\/www.eldiario.net\/portal\/#\/schema\/person\/f46445640444750d7d753ccd04ae01b7"},"headline":"EEUU derriba 14 drones lanzados por rebeldes hut\u00edes de Yemen","datePublished":"2023-12-17T11:49:03+00:00","mainEntityOfPage":{"@id":"https:\/\/www.eldiario.net\/portal\/2023\/12\/17\/eeuu-derriba-14-drones-lanzados-por-rebeldes-huties-de-yemen\/"},"wordCount":527,"publisher":{"@id":"https:\/\/www.eldiario.net\/portal\/#organization"},"image":{"@id":"https:\/\/www.eldiario.net\/portal\/2023\/12\/17\/eeuu-derriba-14-drones-lanzados-por-rebeldes-huties-de-yemen\/#primaryimage"},"thumbnailUrl":"https:\/\/www.eldiario.net\/portal\/wp-content\/uploads\/2023\/12\/BARCO.jpg","articleSection":["Internacional"],"inLanguage":"es"},{"@type":"WebPage","@id":"https:\/\/www.eldiario.net\/portal\/2023\/12\/17\/eeuu-derriba-14-drones-lanzados-por-rebeldes-huties-de-yemen\/","url":"https:\/\/www.eldiario.net\/portal\/2023\/12\/17\/eeuu-derriba-14-drones-lanzados-por-rebeldes-huties-de-yemen\/","name":"EEUU derriba 14 drones lanzados por rebeldes hut\u00edes de Yemen - El Diario - Bolivia","isPartOf":{"@id":"https:\/\/www.eldiario.net\/portal\/#website"},"primaryImageOfPage":{"@id":"https:\/\/www.eldiario.net\/portal\/2023\/12\/17\/eeuu-derriba-14-drones-lanzados-por-rebeldes-huties-de-yemen\/#primaryimage"},"image":{"@id":"https:\/\/www.eldiario.net\/portal\/2023\/12\/17\/eeuu-derriba-14-drones-lanzados-por-rebeldes-huties-de-yemen\/#primaryimage"},"thumbnailUrl":"https:\/\/www.eldiario.net\/portal\/wp-content\/uploads\/2023\/12\/BARCO.jpg","datePublished":"2023-12-17T11:49:03+00:00","breadcrumb":{"@id":"https:\/\/www.eldiario.net\/portal\/2023\/12\/17\/eeuu-derriba-14-drones-lanzados-por-rebeldes-huties-de-yemen\/#breadcrumb"},"inLanguage":"es","potentialAction":[{"@type":"ReadAction","target":["https:\/\/www.eldiario.net\/portal\/2023\/12\/17\/eeuu-derriba-14-drones-lanzados-por-rebeldes-huties-de-yemen\/"]}]},{"@type":"ImageObject","inLanguage":"es","@id":"https:\/\/www.eldiario.net\/portal\/2023\/12\/17\/eeuu-derriba-14-drones-lanzados-por-rebeldes-huties-de-yemen\/#primaryimage","url":"https:\/\/www.eldiario.net\/portal\/wp-content\/uploads\/2023\/12\/BARCO.jpg","contentUrl":"https:\/\/www.eldiario.net\/portal\/wp-content\/uploads\/2023\/12\/BARCO.jpg","width":1920,"height":1080,"caption":"ARLEiGH BURKE USS CARNEY FUE EL BUQUE QUE NEUTRALIZ\u00d3 LOS ATAQUES. Sputnik Mundo"},{"@type":"BreadcrumbList","@id":"https:\/\/www.eldiario.net\/portal\/2023\/12\/17\/eeuu-derriba-14-drones-lanzados-por-rebeldes-huties-de-yemen\/#breadcrumb","itemListElement":[{"@type":"ListItem","position":1,"name":"Portada","item":"https:\/\/www.eldiario.net\/portal\/"},{"@type":"ListItem","position":2,"name":"EEUU derriba 14 drones lanzados por rebeldes hut\u00edes de Yemen"}]},{"@type":"WebSite","@id":"https:\/\/www.eldiario.net\/portal\/#website","url":"https:\/\/www.eldiario.net\/portal\/","name":"El Diario - Decano de la prensa nacional","description":"El Diario - Decano de la prensa nacional","publisher":{"@id":"https:\/\/www.eldiario.net\/portal\/#organization"},"potentialAction":[{"@type":"SearchAction","target":{"@type":"EntryPoint","urlTemplate":"https:\/\/www.eldiario.net\/portal\/?s={search_term_string}"},"query-input":{"@type":"PropertyValueSpecification","valueRequired":true,"valueName":"search_term_string"}}],"inLanguage":"es"},{"@type":"Organization","@id":"https:\/\/www.eldiario.net\/portal\/#organization","name":"El Diario - Decano de la prensa nacional","url":"https:\/\/www.eldiario.net\/portal\/","logo":{"@type":"ImageObject","inLanguage":"es","@id":"https:\/\/www.eldiario.net\/portal\/#\/schema\/logo\/image\/","url":"https:\/\/www.eldiario.net\/portal\/wp-content\/uploads\/2023\/07\/logo_ED.jpg","contentUrl":"https:\/\/www.eldiario.net\/portal\/wp-content\/uploads\/2023\/07\/logo_ED.jpg","width":272,"height":52,"caption":"El Diario - Decano de la prensa nacional"},"image":{"@id":"https:\/\/www.eldiario.net\/portal\/#\/schema\/logo\/image\/"},"sameAs":["https:\/\/www.facebook.com\/eldiario.bolivia\/","https:\/\/x.com\/eldiario_net"]},{"@type":"Person","@id":"https:\/\/www.eldiario.net\/portal\/#\/schema\/person\/f46445640444750d7d753ccd04ae01b7","name":"Jeanette","image":{"@type":"ImageObject","inLanguage":"es","@id":"https:\/\/secure.gravatar.com\/avatar\/3ea2118a5f7dad2b7138b1187a6b7ee55f160b9968b66013c3a3ef39dd7e5798?s=96&d=mm&r=g","url":"https:\/\/secure.gravatar.com\/avatar\/3ea2118a5f7dad2b7138b1187a6b7ee55f160b9968b66013c3a3ef39dd7e5798?s=96&d=mm&r=g","contentUrl":"https:\/\/secure.gravatar.com\/avatar\/3ea2118a5f7dad2b7138b1187a6b7ee55f160b9968b66013c3a3ef39dd7e5798?s=96&d=mm&r=g","caption":"Jeanette"},"sameAs":["https:\/\/www.eldiario.net\/portal"],"url":"https:\/\/www.eldiario.net\/portal\/author\/jeanette\/"}]}},"_links":{"self":[{"href":"https:\/\/www.eldiario.net\/portal\/wp-json\/wp\/v2\/posts\/193328","targetHints":{"allow":["GET"]}}],"collection":[{"href":"https:\/\/www.eldiario.net\/portal\/wp-json\/wp\/v2\/posts"}],"about":[{"href":"https:\/\/www.eldiario.net\/portal\/wp-json\/wp\/v2\/types\/post"}],"author":[{"embeddable":true,"href":"https:\/\/www.eldiario.net\/portal\/wp-json\/wp\/v2\/users\/1"}],"replies":[{"embeddable":true,"href":"https:\/\/www.eldiario.net\/portal\/wp-json\/wp\/v2\/comments?post=193328"}],"version-history":[{"count":0,"href":"https:\/\/www.eldiario.net\/portal\/wp-json\/wp\/v2\/posts\/193328\/revisions"}],"wp:featuredmedia":[{"embeddable":true,"href":"https:\/\/www.eldiario.net\/portal\/wp-json\/wp\/v2\/media\/193329"}],"wp:attachment":[{"href":"https:\/\/www.eldiario.net\/portal\/wp-json\/wp\/v2\/media?parent=193328"}],"wp:term":[{"taxonomy":"category","embeddable":true,"href":"https:\/\/www.eldiario.net\/portal\/wp-json\/wp\/v2\/categories?post=193328"},{"taxonomy":"post_tag","embeddable":true,"href":"https:\/\/www.eldiario.net\/portal\/wp-json\/wp\/v2\/tags?post=193328"}],"curies":[{"name":"wp","href":"https:\/\/api.w.org\/{rel}","templated":true}]}}