{"id":193325,"date":"2023-12-17T07:47:50","date_gmt":"2023-12-17T11:47:50","guid":{"rendered":"https:\/\/www.eldiario.net\/portal\/?p=193325"},"modified":"2023-12-17T07:47:50","modified_gmt":"2023-12-17T11:47:50","slug":"eeuu-confirma-ampliar-el-alto-al-fuego-durante-dos-semanas","status":"publish","type":"post","link":"https:\/\/www.eldiario.net\/portal\/2023\/12\/17\/eeuu-confirma-ampliar-el-alto-al-fuego-durante-dos-semanas\/","title":{"rendered":"EEUU confirma ampliar el alto  al fuego durante dos semanas"},"content":{"rendered":"<p>La portavoz del Consejo de Seguridad Nacional de Estados Unidos, Adrienne Watson, confirm\u00f3 que el alto al fuego en la Rep\u00fablica Democr\u00e1tica del Congo (RDC) se ampliar\u00e1 por dos semanas, tras haberse realizado durante 72 horas.<br \/>\n\u00abEstados Unidos acoge con satisfacci\u00f3n la pr\u00f3rroga de dos semanas del alto el fuego en el este de la Rep\u00fablica Democr\u00e1tica del Congo. Este paso adicional hacia la paz es un testimonio del compromiso de las partes en el conflicto, as\u00ed como de los vecinos regionales, de reducir las tensiones\u00bb, escribi\u00f3 Watson en un comunicado compartido por la Casa Blanca.<br \/>\nLa portavoz destac\u00f3 el reciente compromiso de la Directora de Inteligencia Nacional de EEUU, Avril Haines, con el Presidente de la Rep\u00fablica Democr\u00e1tica del Congo, Felix Tshisekedi, y el Presidente de Ruanda, Paul Kagame, y su viaje anterior a ambas capitales el 19 y 20 de noviembre, con lo que se logr\u00f3 llegar al acuerdo.<br \/>\n\u00abLa extensi\u00f3n del alto el fuego de dos semanas, que comenz\u00f3 el 14 de diciembre y continuar\u00e1 hasta el 28 de diciembre, compromete a las partes en el conflicto a avanzar en la implementaci\u00f3n de las medidas anteriores de fomento de la confianza, incluida la garant\u00eda de la aplicaci\u00f3n de la directiva del Gobierno de la Rep\u00fablica Democr\u00e1tica del Congo del 21 de noviembre contra cualquier forma de apoyo a los rebeldes de las Fuerzas Democr\u00e1ticas para la Liberaci\u00f3n de Ruanda (Fdlr)\u00bb, explic\u00f3.<br \/>\nDe esta manera, a\u00f1adi\u00f3, tambi\u00e9n que se conseguir\u00e1 la continua retirada de las fuerzas que ocupan la localidad de Mushaki, las posiciones a lo largo de la carretera RP1030 y los lugares al oeste de la carretera N2.<br \/>\nEl M23 es un grupo rebelde formado principalmente por tutsis congole\u00f1os y que opera principalmente en la provincia de Kivu Norte. Tras un conflicto entre 2012 y 2013, RDC y el grupo firmaron en diciembre un acuerdo de paz. En dichos combates, el Ej\u00e9rcito congole\u00f1o cont\u00f3 con apoyo de tropas de Naciones Unidas.<br \/>\nEl grupo lanz\u00f3 una nueva ofensiva en octubre de 2022, recrudecida a partir de noviembre, lo que provoc\u00f3 una crisis diplom\u00e1tica entre RDC y Ruanda, dado que Kinshasa acusa al pa\u00eds vecino de apoyar al M23. Kigali acus\u00f3 a Kinshasa de apoyar a las FDLR, un grupo armado rebelde fundado e integrado principalmente por hutus responsables del genocidio de 1994 en Ruanda. (Europa Press)<\/p>\n","protected":false},"excerpt":{"rendered":"<p>La portavoz del Consejo de Seguridad Nacional de Estados Unidos, Adrienne Watson, confirm\u00f3 que el alto al fuego en la Rep\u00fablica Democr\u00e1tica del Congo (RDC) se ampliar\u00e1 por dos semanas, tras haberse realizado durante 72 horas. \u00abEstados Unidos acoge con satisfacci\u00f3n la pr\u00f3rroga de dos semanas del alto el fuego en el este de la [&hellip;]<\/p>\n","protected":false},"author":1,"featured_media":193326,"comment_status":"closed","ping_status":"open","sticky":false,"template":"","format":"standard","meta":{"_acf_changed":false,"footnotes":""},"categories":[3],"tags":[],"class_list":["post-193325","post","type-post","status-publish","format-standard","has-post-thumbnail","category-internacional"],"acf":{"antetitulo":""},"yoast_head":"<!-- This site is optimized with the Yoast SEO plugin v28.3 - https:\/\/yoast.com\/product\/yoast-seo-wordpress\/ -->\n<title>EEUU confirma ampliar el alto al fuego durante dos semanas - El Diario - Bolivia<\/title>\n<meta name=\"robots\" content=\"index, follow, max-snippet:-1, max-image-preview:large, max-video-preview:-1\" \/>\n<link rel=\"canonical\" href=\"https:\/\/www.eldiario.net\/portal\/2023\/12\/17\/eeuu-confirma-ampliar-el-alto-al-fuego-durante-dos-semanas\/\" \/>\n<meta property=\"og:locale\" content=\"es_ES\" \/>\n<meta property=\"og:type\" content=\"article\" \/>\n<meta property=\"og:title\" content=\"EEUU confirma ampliar el alto al fuego durante dos semanas - El Diario - Bolivia\" \/>\n<meta property=\"og:description\" content=\"La portavoz del Consejo de Seguridad Nacional de Estados Unidos, Adrienne Watson, confirm\u00f3 que el alto al fuego en la Rep\u00fablica Democr\u00e1tica del Congo (RDC) se ampliar\u00e1 por dos semanas, tras haberse realizado durante 72 horas. \u00abEstados Unidos acoge con satisfacci\u00f3n la pr\u00f3rroga de dos semanas del alto el fuego en el este de la [&hellip;]\" \/>\n<meta property=\"og:url\" content=\"https:\/\/www.eldiario.net\/portal\/2023\/12\/17\/eeuu-confirma-ampliar-el-alto-al-fuego-durante-dos-semanas\/\" \/>\n<meta property=\"og:site_name\" content=\"El Diario - Bolivia\" \/>\n<meta property=\"article:publisher\" content=\"https:\/\/www.facebook.com\/eldiario.bolivia\/\" \/>\n<meta property=\"article:published_time\" content=\"2023-12-17T11:47:50+00:00\" \/>\n<meta property=\"og:image\" content=\"https:\/\/www.eldiario.net\/portal\/wp-content\/uploads\/2023\/12\/CASAS-scaled-1.jpg\" \/>\n\t<meta property=\"og:image:width\" content=\"2560\" \/>\n\t<meta property=\"og:image:height\" content=\"1440\" \/>\n\t<meta property=\"og:image:type\" content=\"image\/jpeg\" \/>\n<meta name=\"author\" content=\"Jeanette\" \/>\n<meta name=\"twitter:card\" content=\"summary_large_image\" \/>\n<meta name=\"twitter:creator\" content=\"@eldiario_net\" \/>\n<meta name=\"twitter:site\" content=\"@eldiario_net\" \/>\n<meta name=\"twitter:label1\" content=\"Escrito por\" \/>\n\t<meta name=\"twitter:data1\" content=\"Jeanette\" \/>\n\t<meta name=\"twitter:label2\" content=\"Tiempo de lectura\" \/>\n\t<meta name=\"twitter:data2\" content=\"2 minutos\" \/>\n<script type=\"application\/ld+json\" class=\"yoast-schema-graph\">{\"@context\":\"https:\\\/\\\/schema.org\",\"@graph\":[{\"@type\":\"Article\",\"@id\":\"https:\\\/\\\/www.eldiario.net\\\/portal\\\/2023\\\/12\\\/17\\\/eeuu-confirma-ampliar-el-alto-al-fuego-durante-dos-semanas\\\/#article\",\"isPartOf\":{\"@id\":\"https:\\\/\\\/www.eldiario.net\\\/portal\\\/2023\\\/12\\\/17\\\/eeuu-confirma-ampliar-el-alto-al-fuego-durante-dos-semanas\\\/\"},\"author\":{\"name\":\"Jeanette\",\"@id\":\"https:\\\/\\\/www.eldiario.net\\\/portal\\\/#\\\/schema\\\/person\\\/f46445640444750d7d753ccd04ae01b7\"},\"headline\":\"EEUU confirma ampliar el alto al fuego durante dos semanas\",\"datePublished\":\"2023-12-17T11:47:50+00:00\",\"mainEntityOfPage\":{\"@id\":\"https:\\\/\\\/www.eldiario.net\\\/portal\\\/2023\\\/12\\\/17\\\/eeuu-confirma-ampliar-el-alto-al-fuego-durante-dos-semanas\\\/\"},\"wordCount\":412,\"publisher\":{\"@id\":\"https:\\\/\\\/www.eldiario.net\\\/portal\\\/#organization\"},\"image\":{\"@id\":\"https:\\\/\\\/www.eldiario.net\\\/portal\\\/2023\\\/12\\\/17\\\/eeuu-confirma-ampliar-el-alto-al-fuego-durante-dos-semanas\\\/#primaryimage\"},\"thumbnailUrl\":\"https:\\\/\\\/www.eldiario.net\\\/portal\\\/wp-content\\\/uploads\\\/2023\\\/12\\\/CASAS-scaled-1.jpg\",\"articleSection\":[\"Internacional\"],\"inLanguage\":\"es\"},{\"@type\":\"WebPage\",\"@id\":\"https:\\\/\\\/www.eldiario.net\\\/portal\\\/2023\\\/12\\\/17\\\/eeuu-confirma-ampliar-el-alto-al-fuego-durante-dos-semanas\\\/\",\"url\":\"https:\\\/\\\/www.eldiario.net\\\/portal\\\/2023\\\/12\\\/17\\\/eeuu-confirma-ampliar-el-alto-al-fuego-durante-dos-semanas\\\/\",\"name\":\"EEUU confirma ampliar el alto al fuego durante dos semanas - El Diario - Bolivia\",\"isPartOf\":{\"@id\":\"https:\\\/\\\/www.eldiario.net\\\/portal\\\/#website\"},\"primaryImageOfPage\":{\"@id\":\"https:\\\/\\\/www.eldiario.net\\\/portal\\\/2023\\\/12\\\/17\\\/eeuu-confirma-ampliar-el-alto-al-fuego-durante-dos-semanas\\\/#primaryimage\"},\"image\":{\"@id\":\"https:\\\/\\\/www.eldiario.net\\\/portal\\\/2023\\\/12\\\/17\\\/eeuu-confirma-ampliar-el-alto-al-fuego-durante-dos-semanas\\\/#primaryimage\"},\"thumbnailUrl\":\"https:\\\/\\\/www.eldiario.net\\\/portal\\\/wp-content\\\/uploads\\\/2023\\\/12\\\/CASAS-scaled-1.jpg\",\"datePublished\":\"2023-12-17T11:47:50+00:00\",\"breadcrumb\":{\"@id\":\"https:\\\/\\\/www.eldiario.net\\\/portal\\\/2023\\\/12\\\/17\\\/eeuu-confirma-ampliar-el-alto-al-fuego-durante-dos-semanas\\\/#breadcrumb\"},\"inLanguage\":\"es\",\"potentialAction\":[{\"@type\":\"ReadAction\",\"target\":[\"https:\\\/\\\/www.eldiario.net\\\/portal\\\/2023\\\/12\\\/17\\\/eeuu-confirma-ampliar-el-alto-al-fuego-durante-dos-semanas\\\/\"]}]},{\"@type\":\"ImageObject\",\"inLanguage\":\"es\",\"@id\":\"https:\\\/\\\/www.eldiario.net\\\/portal\\\/2023\\\/12\\\/17\\\/eeuu-confirma-ampliar-el-alto-al-fuego-durante-dos-semanas\\\/#primaryimage\",\"url\":\"https:\\\/\\\/www.eldiario.net\\\/portal\\\/wp-content\\\/uploads\\\/2023\\\/12\\\/CASAS-scaled-1.jpg\",\"contentUrl\":\"https:\\\/\\\/www.eldiario.net\\\/portal\\\/wp-content\\\/uploads\\\/2023\\\/12\\\/CASAS-scaled-1.jpg\",\"width\":2560,\"height\":1440,\"caption\":\"EL ACUERDO ENTRE AMBAS CAPITALES DURAR\u00c1 HASTA EL 28 DE ESTE MES. INFOBAE\"},{\"@type\":\"BreadcrumbList\",\"@id\":\"https:\\\/\\\/www.eldiario.net\\\/portal\\\/2023\\\/12\\\/17\\\/eeuu-confirma-ampliar-el-alto-al-fuego-durante-dos-semanas\\\/#breadcrumb\",\"itemListElement\":[{\"@type\":\"ListItem\",\"position\":1,\"name\":\"Portada\",\"item\":\"https:\\\/\\\/www.eldiario.net\\\/portal\\\/\"},{\"@type\":\"ListItem\",\"position\":2,\"name\":\"EEUU confirma ampliar el alto al fuego durante dos semanas\"}]},{\"@type\":\"WebSite\",\"@id\":\"https:\\\/\\\/www.eldiario.net\\\/portal\\\/#website\",\"url\":\"https:\\\/\\\/www.eldiario.net\\\/portal\\\/\",\"name\":\"El Diario - Decano de la prensa nacional\",\"description\":\"El Diario - Decano de la prensa nacional\",\"publisher\":{\"@id\":\"https:\\\/\\\/www.eldiario.net\\\/portal\\\/#organization\"},\"potentialAction\":[{\"@type\":\"SearchAction\",\"target\":{\"@type\":\"EntryPoint\",\"urlTemplate\":\"https:\\\/\\\/www.eldiario.net\\\/portal\\\/?s={search_term_string}\"},\"query-input\":{\"@type\":\"PropertyValueSpecification\",\"valueRequired\":true,\"valueName\":\"search_term_string\"}}],\"inLanguage\":\"es\"},{\"@type\":\"Organization\",\"@id\":\"https:\\\/\\\/www.eldiario.net\\\/portal\\\/#organization\",\"name\":\"El Diario - Decano de la prensa nacional\",\"url\":\"https:\\\/\\\/www.eldiario.net\\\/portal\\\/\",\"logo\":{\"@type\":\"ImageObject\",\"inLanguage\":\"es\",\"@id\":\"https:\\\/\\\/www.eldiario.net\\\/portal\\\/#\\\/schema\\\/logo\\\/image\\\/\",\"url\":\"https:\\\/\\\/www.eldiario.net\\\/portal\\\/wp-content\\\/uploads\\\/2023\\\/07\\\/logo_ED.jpg\",\"contentUrl\":\"https:\\\/\\\/www.eldiario.net\\\/portal\\\/wp-content\\\/uploads\\\/2023\\\/07\\\/logo_ED.jpg\",\"width\":272,\"height\":52,\"caption\":\"El Diario - Decano de la prensa nacional\"},\"image\":{\"@id\":\"https:\\\/\\\/www.eldiario.net\\\/portal\\\/#\\\/schema\\\/logo\\\/image\\\/\"},\"sameAs\":[\"https:\\\/\\\/www.facebook.com\\\/eldiario.bolivia\\\/\",\"https:\\\/\\\/x.com\\\/eldiario_net\"]},{\"@type\":\"Person\",\"@id\":\"https:\\\/\\\/www.eldiario.net\\\/portal\\\/#\\\/schema\\\/person\\\/f46445640444750d7d753ccd04ae01b7\",\"name\":\"Jeanette\",\"image\":{\"@type\":\"ImageObject\",\"inLanguage\":\"es\",\"@id\":\"https:\\\/\\\/secure.gravatar.com\\\/avatar\\\/3ea2118a5f7dad2b7138b1187a6b7ee55f160b9968b66013c3a3ef39dd7e5798?s=96&d=mm&r=g\",\"url\":\"https:\\\/\\\/secure.gravatar.com\\\/avatar\\\/3ea2118a5f7dad2b7138b1187a6b7ee55f160b9968b66013c3a3ef39dd7e5798?s=96&d=mm&r=g\",\"contentUrl\":\"https:\\\/\\\/secure.gravatar.com\\\/avatar\\\/3ea2118a5f7dad2b7138b1187a6b7ee55f160b9968b66013c3a3ef39dd7e5798?s=96&d=mm&r=g\",\"caption\":\"Jeanette\"},\"sameAs\":[\"https:\\\/\\\/www.eldiario.net\\\/portal\"],\"url\":\"https:\\\/\\\/www.eldiario.net\\\/portal\\\/author\\\/jeanette\\\/\"}]}<\/script>\n<!-- \/ Yoast SEO plugin. -->","yoast_head_json":{"title":"EEUU confirma ampliar el alto al fuego durante dos semanas - El Diario - Bolivia","robots":{"index":"index","follow":"follow","max-snippet":"max-snippet:-1","max-image-preview":"max-image-preview:large","max-video-preview":"max-video-preview:-1"},"canonical":"https:\/\/www.eldiario.net\/portal\/2023\/12\/17\/eeuu-confirma-ampliar-el-alto-al-fuego-durante-dos-semanas\/","og_locale":"es_ES","og_type":"article","og_title":"EEUU confirma ampliar el alto al fuego durante dos semanas - El Diario - Bolivia","og_description":"La portavoz del Consejo de Seguridad Nacional de Estados Unidos, Adrienne Watson, confirm\u00f3 que el alto al fuego en la Rep\u00fablica Democr\u00e1tica del Congo (RDC) se ampliar\u00e1 por dos semanas, tras haberse realizado durante 72 horas. \u00abEstados Unidos acoge con satisfacci\u00f3n la pr\u00f3rroga de dos semanas del alto el fuego en el este de la [&hellip;]","og_url":"https:\/\/www.eldiario.net\/portal\/2023\/12\/17\/eeuu-confirma-ampliar-el-alto-al-fuego-durante-dos-semanas\/","og_site_name":"El Diario - Bolivia","article_publisher":"https:\/\/www.facebook.com\/eldiario.bolivia\/","article_published_time":"2023-12-17T11:47:50+00:00","og_image":[{"width":2560,"height":1440,"url":"https:\/\/www.eldiario.net\/portal\/wp-content\/uploads\/2023\/12\/CASAS-scaled-1.jpg","type":"image\/jpeg"}],"author":"Jeanette","twitter_card":"summary_large_image","twitter_creator":"@eldiario_net","twitter_site":"@eldiario_net","twitter_misc":{"Escrito por":"Jeanette","Tiempo de lectura":"2 minutos"},"schema":{"@context":"https:\/\/schema.org","@graph":[{"@type":"Article","@id":"https:\/\/www.eldiario.net\/portal\/2023\/12\/17\/eeuu-confirma-ampliar-el-alto-al-fuego-durante-dos-semanas\/#article","isPartOf":{"@id":"https:\/\/www.eldiario.net\/portal\/2023\/12\/17\/eeuu-confirma-ampliar-el-alto-al-fuego-durante-dos-semanas\/"},"author":{"name":"Jeanette","@id":"https:\/\/www.eldiario.net\/portal\/#\/schema\/person\/f46445640444750d7d753ccd04ae01b7"},"headline":"EEUU confirma ampliar el alto al fuego durante dos semanas","datePublished":"2023-12-17T11:47:50+00:00","mainEntityOfPage":{"@id":"https:\/\/www.eldiario.net\/portal\/2023\/12\/17\/eeuu-confirma-ampliar-el-alto-al-fuego-durante-dos-semanas\/"},"wordCount":412,"publisher":{"@id":"https:\/\/www.eldiario.net\/portal\/#organization"},"image":{"@id":"https:\/\/www.eldiario.net\/portal\/2023\/12\/17\/eeuu-confirma-ampliar-el-alto-al-fuego-durante-dos-semanas\/#primaryimage"},"thumbnailUrl":"https:\/\/www.eldiario.net\/portal\/wp-content\/uploads\/2023\/12\/CASAS-scaled-1.jpg","articleSection":["Internacional"],"inLanguage":"es"},{"@type":"WebPage","@id":"https:\/\/www.eldiario.net\/portal\/2023\/12\/17\/eeuu-confirma-ampliar-el-alto-al-fuego-durante-dos-semanas\/","url":"https:\/\/www.eldiario.net\/portal\/2023\/12\/17\/eeuu-confirma-ampliar-el-alto-al-fuego-durante-dos-semanas\/","name":"EEUU confirma ampliar el alto al fuego durante dos semanas - El Diario - Bolivia","isPartOf":{"@id":"https:\/\/www.eldiario.net\/portal\/#website"},"primaryImageOfPage":{"@id":"https:\/\/www.eldiario.net\/portal\/2023\/12\/17\/eeuu-confirma-ampliar-el-alto-al-fuego-durante-dos-semanas\/#primaryimage"},"image":{"@id":"https:\/\/www.eldiario.net\/portal\/2023\/12\/17\/eeuu-confirma-ampliar-el-alto-al-fuego-durante-dos-semanas\/#primaryimage"},"thumbnailUrl":"https:\/\/www.eldiario.net\/portal\/wp-content\/uploads\/2023\/12\/CASAS-scaled-1.jpg","datePublished":"2023-12-17T11:47:50+00:00","breadcrumb":{"@id":"https:\/\/www.eldiario.net\/portal\/2023\/12\/17\/eeuu-confirma-ampliar-el-alto-al-fuego-durante-dos-semanas\/#breadcrumb"},"inLanguage":"es","potentialAction":[{"@type":"ReadAction","target":["https:\/\/www.eldiario.net\/portal\/2023\/12\/17\/eeuu-confirma-ampliar-el-alto-al-fuego-durante-dos-semanas\/"]}]},{"@type":"ImageObject","inLanguage":"es","@id":"https:\/\/www.eldiario.net\/portal\/2023\/12\/17\/eeuu-confirma-ampliar-el-alto-al-fuego-durante-dos-semanas\/#primaryimage","url":"https:\/\/www.eldiario.net\/portal\/wp-content\/uploads\/2023\/12\/CASAS-scaled-1.jpg","contentUrl":"https:\/\/www.eldiario.net\/portal\/wp-content\/uploads\/2023\/12\/CASAS-scaled-1.jpg","width":2560,"height":1440,"caption":"EL ACUERDO ENTRE AMBAS CAPITALES DURAR\u00c1 HASTA EL 28 DE ESTE MES. INFOBAE"},{"@type":"BreadcrumbList","@id":"https:\/\/www.eldiario.net\/portal\/2023\/12\/17\/eeuu-confirma-ampliar-el-alto-al-fuego-durante-dos-semanas\/#breadcrumb","itemListElement":[{"@type":"ListItem","position":1,"name":"Portada","item":"https:\/\/www.eldiario.net\/portal\/"},{"@type":"ListItem","position":2,"name":"EEUU confirma ampliar el alto al fuego durante dos semanas"}]},{"@type":"WebSite","@id":"https:\/\/www.eldiario.net\/portal\/#website","url":"https:\/\/www.eldiario.net\/portal\/","name":"El Diario - Decano de la prensa nacional","description":"El Diario - Decano de la prensa nacional","publisher":{"@id":"https:\/\/www.eldiario.net\/portal\/#organization"},"potentialAction":[{"@type":"SearchAction","target":{"@type":"EntryPoint","urlTemplate":"https:\/\/www.eldiario.net\/portal\/?s={search_term_string}"},"query-input":{"@type":"PropertyValueSpecification","valueRequired":true,"valueName":"search_term_string"}}],"inLanguage":"es"},{"@type":"Organization","@id":"https:\/\/www.eldiario.net\/portal\/#organization","name":"El Diario - Decano de la prensa nacional","url":"https:\/\/www.eldiario.net\/portal\/","logo":{"@type":"ImageObject","inLanguage":"es","@id":"https:\/\/www.eldiario.net\/portal\/#\/schema\/logo\/image\/","url":"https:\/\/www.eldiario.net\/portal\/wp-content\/uploads\/2023\/07\/logo_ED.jpg","contentUrl":"https:\/\/www.eldiario.net\/portal\/wp-content\/uploads\/2023\/07\/logo_ED.jpg","width":272,"height":52,"caption":"El Diario - Decano de la prensa nacional"},"image":{"@id":"https:\/\/www.eldiario.net\/portal\/#\/schema\/logo\/image\/"},"sameAs":["https:\/\/www.facebook.com\/eldiario.bolivia\/","https:\/\/x.com\/eldiario_net"]},{"@type":"Person","@id":"https:\/\/www.eldiario.net\/portal\/#\/schema\/person\/f46445640444750d7d753ccd04ae01b7","name":"Jeanette","image":{"@type":"ImageObject","inLanguage":"es","@id":"https:\/\/secure.gravatar.com\/avatar\/3ea2118a5f7dad2b7138b1187a6b7ee55f160b9968b66013c3a3ef39dd7e5798?s=96&d=mm&r=g","url":"https:\/\/secure.gravatar.com\/avatar\/3ea2118a5f7dad2b7138b1187a6b7ee55f160b9968b66013c3a3ef39dd7e5798?s=96&d=mm&r=g","contentUrl":"https:\/\/secure.gravatar.com\/avatar\/3ea2118a5f7dad2b7138b1187a6b7ee55f160b9968b66013c3a3ef39dd7e5798?s=96&d=mm&r=g","caption":"Jeanette"},"sameAs":["https:\/\/www.eldiario.net\/portal"],"url":"https:\/\/www.eldiario.net\/portal\/author\/jeanette\/"}]}},"_links":{"self":[{"href":"https:\/\/www.eldiario.net\/portal\/wp-json\/wp\/v2\/posts\/193325","targetHints":{"allow":["GET"]}}],"collection":[{"href":"https:\/\/www.eldiario.net\/portal\/wp-json\/wp\/v2\/posts"}],"about":[{"href":"https:\/\/www.eldiario.net\/portal\/wp-json\/wp\/v2\/types\/post"}],"author":[{"embeddable":true,"href":"https:\/\/www.eldiario.net\/portal\/wp-json\/wp\/v2\/users\/1"}],"replies":[{"embeddable":true,"href":"https:\/\/www.eldiario.net\/portal\/wp-json\/wp\/v2\/comments?post=193325"}],"version-history":[{"count":0,"href":"https:\/\/www.eldiario.net\/portal\/wp-json\/wp\/v2\/posts\/193325\/revisions"}],"wp:featuredmedia":[{"embeddable":true,"href":"https:\/\/www.eldiario.net\/portal\/wp-json\/wp\/v2\/media\/193326"}],"wp:attachment":[{"href":"https:\/\/www.eldiario.net\/portal\/wp-json\/wp\/v2\/media?parent=193325"}],"wp:term":[{"taxonomy":"category","embeddable":true,"href":"https:\/\/www.eldiario.net\/portal\/wp-json\/wp\/v2\/categories?post=193325"},{"taxonomy":"post_tag","embeddable":true,"href":"https:\/\/www.eldiario.net\/portal\/wp-json\/wp\/v2\/tags?post=193325"}],"curies":[{"name":"wp","href":"https:\/\/api.w.org\/{rel}","templated":true}]}}