{"id":193322,"date":"2023-12-17T07:46:38","date_gmt":"2023-12-17T11:46:38","guid":{"rendered":"https:\/\/www.eldiario.net\/portal\/?p=193322"},"modified":"2023-12-17T07:46:38","modified_gmt":"2023-12-17T11:46:38","slug":"casi-700-personas-mueren-al-dia-por-disparos-de-armas-de-fuego","status":"publish","type":"post","link":"https:\/\/www.eldiario.net\/portal\/2023\/12\/17\/casi-700-personas-mueren-al-dia-por-disparos-de-armas-de-fuego\/","title":{"rendered":"Casi 700 personas mueren al d\u00eda  por disparos de armas de fuego"},"content":{"rendered":"<p>\u00abEsto supone m\u00e1s de 700 personas al d\u00eda, o sea, una persona que muere por armas peque\u00f1as cada dos minutos\u00bb, afirm\u00f3 Izumi Nakamitsu. Adem\u00e1s explic\u00f3 que las armas peque\u00f1as y ligeras son las armas preferidas para iniciar, mantener y exacerbar conflictos, violencia armada, terrorismo y otras formas de delincuencia organizada.<br \/>\nNakamitsu destac\u00f3 la necesidad de adoptar enfoques complementarios para responder al empeoramiento y a la compleja amenaza a la seguridad que plantean dichas armas e inst\u00f3 a fortalecer los marcos nacionales y regionales y a \u00abtraducir\u00bb los compromisos globales en medidas adaptadas a nivel local, as\u00ed como a establecer objetivos nacionales y regionales voluntarios y medir el progreso con ese fin.<br \/>\n\u00abLas buenas pr\u00e1cticas y las lecciones aprendidas de iniciativas regionales exitosas demuestran la importancia de contar con marcos s\u00f3lidos de seguimiento y evaluaci\u00f3n para medir el progreso en la implementaci\u00f3n e informar una mayor programaci\u00f3n y formulaci\u00f3n de pol\u00edticas\u00bb, dijo Nakamitsu.<br \/>\nEl representante que tambi\u00e9n dirige la Oficina de Asuntos de Desarme de las Naciones Unidas, subray\u00f3 el impacto diferenciado en las mujeres y ha pedido que se recopilen datos de mejor calidad para un an\u00e1lisis m\u00e1s preciso.<br \/>\n\u00abSe alienta al Consejo de Seguridad a ordenar a las entidades de la ONU que recopilen sistem\u00e1ticamente dichos datos, incluso al registrar las v\u00edctimas y monitorear los incidentes de violencia sexual relacionada con el conflicto\u00bb, inst\u00f3 a los embajadores.<br \/>\nLa alta funcionaria tambi\u00e9n expres\u00f3 su grave preocupaci\u00f3n por los flujos il\u00edcitos de armas y municiones en violaci\u00f3n de los embargos de armas. \u00abEl tr\u00e1fico il\u00edcito de armas y su desv\u00edo, en violaci\u00f3n de los embargos de armas ordenados por el Consejo de Seguridad, siguen estando documentados\u00bb, sostuvo.<br \/>\nNakamitsu record\u00f3 el informe del Secretario General sobre la cuesti\u00f3n: En particular, se alienta al Consejo a seguir solicitando informes de los Estados Miembro sobre las medidas que adoptaron para aplicar embargos de armas y sobre sus esfuerzos por cooperar y compartir informaci\u00f3n con los paneles de expertos. (Europa Press)<\/p>\n","protected":false},"excerpt":{"rendered":"<p>\u00abEsto supone m\u00e1s de 700 personas al d\u00eda, o sea, una persona que muere por armas peque\u00f1as cada dos minutos\u00bb, afirm\u00f3 Izumi Nakamitsu. Adem\u00e1s explic\u00f3 que las armas peque\u00f1as y ligeras son las armas preferidas para iniciar, mantener y exacerbar conflictos, violencia armada, terrorismo y otras formas de delincuencia organizada. Nakamitsu destac\u00f3 la necesidad de [&hellip;]<\/p>\n","protected":false},"author":1,"featured_media":193323,"comment_status":"closed","ping_status":"open","sticky":false,"template":"","format":"standard","meta":{"_acf_changed":false,"footnotes":""},"categories":[3],"tags":[],"class_list":["post-193322","post","type-post","status-publish","format-standard","has-post-thumbnail","category-internacional"],"acf":{"antetitulo":""},"yoast_head":"<!-- This site is optimized with the Yoast SEO plugin v28.3 - https:\/\/yoast.com\/product\/yoast-seo-wordpress\/ -->\n<title>Casi 700 personas mueren al d\u00eda por disparos de armas de fuego - El Diario - Bolivia<\/title>\n<meta name=\"robots\" content=\"index, follow, max-snippet:-1, max-image-preview:large, max-video-preview:-1\" \/>\n<link rel=\"canonical\" href=\"https:\/\/www.eldiario.net\/portal\/2023\/12\/17\/casi-700-personas-mueren-al-dia-por-disparos-de-armas-de-fuego\/\" \/>\n<meta property=\"og:locale\" content=\"es_ES\" \/>\n<meta property=\"og:type\" content=\"article\" \/>\n<meta property=\"og:title\" content=\"Casi 700 personas mueren al d\u00eda por disparos de armas de fuego - El Diario - Bolivia\" \/>\n<meta property=\"og:description\" content=\"\u00abEsto supone m\u00e1s de 700 personas al d\u00eda, o sea, una persona que muere por armas peque\u00f1as cada dos minutos\u00bb, afirm\u00f3 Izumi Nakamitsu. Adem\u00e1s explic\u00f3 que las armas peque\u00f1as y ligeras son las armas preferidas para iniciar, mantener y exacerbar conflictos, violencia armada, terrorismo y otras formas de delincuencia organizada. Nakamitsu destac\u00f3 la necesidad de [&hellip;]\" \/>\n<meta property=\"og:url\" content=\"https:\/\/www.eldiario.net\/portal\/2023\/12\/17\/casi-700-personas-mueren-al-dia-por-disparos-de-armas-de-fuego\/\" \/>\n<meta property=\"og:site_name\" content=\"El Diario - Bolivia\" \/>\n<meta property=\"article:publisher\" content=\"https:\/\/www.facebook.com\/eldiario.bolivia\/\" \/>\n<meta property=\"article:published_time\" content=\"2023-12-17T11:46:38+00:00\" \/>\n<meta property=\"og:image\" content=\"https:\/\/www.eldiario.net\/portal\/wp-content\/uploads\/2023\/12\/REVOLVER.jpg\" \/>\n\t<meta property=\"og:image:width\" content=\"1200\" \/>\n\t<meta property=\"og:image:height\" content=\"839\" \/>\n\t<meta property=\"og:image:type\" content=\"image\/jpeg\" \/>\n<meta name=\"author\" content=\"Jeanette\" \/>\n<meta name=\"twitter:card\" content=\"summary_large_image\" \/>\n<meta name=\"twitter:creator\" content=\"@eldiario_net\" \/>\n<meta name=\"twitter:site\" content=\"@eldiario_net\" \/>\n<meta name=\"twitter:label1\" content=\"Escrito por\" \/>\n\t<meta name=\"twitter:data1\" content=\"Jeanette\" \/>\n\t<meta name=\"twitter:label2\" content=\"Tiempo de lectura\" \/>\n\t<meta name=\"twitter:data2\" content=\"2 minutos\" \/>\n<script type=\"application\/ld+json\" class=\"yoast-schema-graph\">{\"@context\":\"https:\\\/\\\/schema.org\",\"@graph\":[{\"@type\":\"Article\",\"@id\":\"https:\\\/\\\/www.eldiario.net\\\/portal\\\/2023\\\/12\\\/17\\\/casi-700-personas-mueren-al-dia-por-disparos-de-armas-de-fuego\\\/#article\",\"isPartOf\":{\"@id\":\"https:\\\/\\\/www.eldiario.net\\\/portal\\\/2023\\\/12\\\/17\\\/casi-700-personas-mueren-al-dia-por-disparos-de-armas-de-fuego\\\/\"},\"author\":{\"name\":\"Jeanette\",\"@id\":\"https:\\\/\\\/www.eldiario.net\\\/portal\\\/#\\\/schema\\\/person\\\/f46445640444750d7d753ccd04ae01b7\"},\"headline\":\"Casi 700 personas mueren al d\u00eda por disparos de armas de fuego\",\"datePublished\":\"2023-12-17T11:46:38+00:00\",\"mainEntityOfPage\":{\"@id\":\"https:\\\/\\\/www.eldiario.net\\\/portal\\\/2023\\\/12\\\/17\\\/casi-700-personas-mueren-al-dia-por-disparos-de-armas-de-fuego\\\/\"},\"wordCount\":364,\"publisher\":{\"@id\":\"https:\\\/\\\/www.eldiario.net\\\/portal\\\/#organization\"},\"image\":{\"@id\":\"https:\\\/\\\/www.eldiario.net\\\/portal\\\/2023\\\/12\\\/17\\\/casi-700-personas-mueren-al-dia-por-disparos-de-armas-de-fuego\\\/#primaryimage\"},\"thumbnailUrl\":\"https:\\\/\\\/www.eldiario.net\\\/portal\\\/wp-content\\\/uploads\\\/2023\\\/12\\\/REVOLVER.jpg\",\"articleSection\":[\"Internacional\"],\"inLanguage\":\"es\"},{\"@type\":\"WebPage\",\"@id\":\"https:\\\/\\\/www.eldiario.net\\\/portal\\\/2023\\\/12\\\/17\\\/casi-700-personas-mueren-al-dia-por-disparos-de-armas-de-fuego\\\/\",\"url\":\"https:\\\/\\\/www.eldiario.net\\\/portal\\\/2023\\\/12\\\/17\\\/casi-700-personas-mueren-al-dia-por-disparos-de-armas-de-fuego\\\/\",\"name\":\"Casi 700 personas mueren al d\u00eda por disparos de armas de fuego - El Diario - Bolivia\",\"isPartOf\":{\"@id\":\"https:\\\/\\\/www.eldiario.net\\\/portal\\\/#website\"},\"primaryImageOfPage\":{\"@id\":\"https:\\\/\\\/www.eldiario.net\\\/portal\\\/2023\\\/12\\\/17\\\/casi-700-personas-mueren-al-dia-por-disparos-de-armas-de-fuego\\\/#primaryimage\"},\"image\":{\"@id\":\"https:\\\/\\\/www.eldiario.net\\\/portal\\\/2023\\\/12\\\/17\\\/casi-700-personas-mueren-al-dia-por-disparos-de-armas-de-fuego\\\/#primaryimage\"},\"thumbnailUrl\":\"https:\\\/\\\/www.eldiario.net\\\/portal\\\/wp-content\\\/uploads\\\/2023\\\/12\\\/REVOLVER.jpg\",\"datePublished\":\"2023-12-17T11:46:38+00:00\",\"breadcrumb\":{\"@id\":\"https:\\\/\\\/www.eldiario.net\\\/portal\\\/2023\\\/12\\\/17\\\/casi-700-personas-mueren-al-dia-por-disparos-de-armas-de-fuego\\\/#breadcrumb\"},\"inLanguage\":\"es\",\"potentialAction\":[{\"@type\":\"ReadAction\",\"target\":[\"https:\\\/\\\/www.eldiario.net\\\/portal\\\/2023\\\/12\\\/17\\\/casi-700-personas-mueren-al-dia-por-disparos-de-armas-de-fuego\\\/\"]}]},{\"@type\":\"ImageObject\",\"inLanguage\":\"es\",\"@id\":\"https:\\\/\\\/www.eldiario.net\\\/portal\\\/2023\\\/12\\\/17\\\/casi-700-personas-mueren-al-dia-por-disparos-de-armas-de-fuego\\\/#primaryimage\",\"url\":\"https:\\\/\\\/www.eldiario.net\\\/portal\\\/wp-content\\\/uploads\\\/2023\\\/12\\\/REVOLVER.jpg\",\"contentUrl\":\"https:\\\/\\\/www.eldiario.net\\\/portal\\\/wp-content\\\/uploads\\\/2023\\\/12\\\/REVOLVER.jpg\",\"width\":1200,\"height\":839,\"caption\":\"LAS ARMAS DE FUEGO DE CORTO ALCANCE SON LOS M\u00c1S UTILIZADOS. Europa Press\"},{\"@type\":\"BreadcrumbList\",\"@id\":\"https:\\\/\\\/www.eldiario.net\\\/portal\\\/2023\\\/12\\\/17\\\/casi-700-personas-mueren-al-dia-por-disparos-de-armas-de-fuego\\\/#breadcrumb\",\"itemListElement\":[{\"@type\":\"ListItem\",\"position\":1,\"name\":\"Portada\",\"item\":\"https:\\\/\\\/www.eldiario.net\\\/portal\\\/\"},{\"@type\":\"ListItem\",\"position\":2,\"name\":\"Casi 700 personas mueren al d\u00eda por disparos de armas de fuego\"}]},{\"@type\":\"WebSite\",\"@id\":\"https:\\\/\\\/www.eldiario.net\\\/portal\\\/#website\",\"url\":\"https:\\\/\\\/www.eldiario.net\\\/portal\\\/\",\"name\":\"El Diario - Decano de la prensa nacional\",\"description\":\"El Diario - Decano de la prensa nacional\",\"publisher\":{\"@id\":\"https:\\\/\\\/www.eldiario.net\\\/portal\\\/#organization\"},\"potentialAction\":[{\"@type\":\"SearchAction\",\"target\":{\"@type\":\"EntryPoint\",\"urlTemplate\":\"https:\\\/\\\/www.eldiario.net\\\/portal\\\/?s={search_term_string}\"},\"query-input\":{\"@type\":\"PropertyValueSpecification\",\"valueRequired\":true,\"valueName\":\"search_term_string\"}}],\"inLanguage\":\"es\"},{\"@type\":\"Organization\",\"@id\":\"https:\\\/\\\/www.eldiario.net\\\/portal\\\/#organization\",\"name\":\"El Diario - Decano de la prensa nacional\",\"url\":\"https:\\\/\\\/www.eldiario.net\\\/portal\\\/\",\"logo\":{\"@type\":\"ImageObject\",\"inLanguage\":\"es\",\"@id\":\"https:\\\/\\\/www.eldiario.net\\\/portal\\\/#\\\/schema\\\/logo\\\/image\\\/\",\"url\":\"https:\\\/\\\/www.eldiario.net\\\/portal\\\/wp-content\\\/uploads\\\/2023\\\/07\\\/logo_ED.jpg\",\"contentUrl\":\"https:\\\/\\\/www.eldiario.net\\\/portal\\\/wp-content\\\/uploads\\\/2023\\\/07\\\/logo_ED.jpg\",\"width\":272,\"height\":52,\"caption\":\"El Diario - Decano de la prensa nacional\"},\"image\":{\"@id\":\"https:\\\/\\\/www.eldiario.net\\\/portal\\\/#\\\/schema\\\/logo\\\/image\\\/\"},\"sameAs\":[\"https:\\\/\\\/www.facebook.com\\\/eldiario.bolivia\\\/\",\"https:\\\/\\\/x.com\\\/eldiario_net\"]},{\"@type\":\"Person\",\"@id\":\"https:\\\/\\\/www.eldiario.net\\\/portal\\\/#\\\/schema\\\/person\\\/f46445640444750d7d753ccd04ae01b7\",\"name\":\"Jeanette\",\"image\":{\"@type\":\"ImageObject\",\"inLanguage\":\"es\",\"@id\":\"https:\\\/\\\/secure.gravatar.com\\\/avatar\\\/3ea2118a5f7dad2b7138b1187a6b7ee55f160b9968b66013c3a3ef39dd7e5798?s=96&d=mm&r=g\",\"url\":\"https:\\\/\\\/secure.gravatar.com\\\/avatar\\\/3ea2118a5f7dad2b7138b1187a6b7ee55f160b9968b66013c3a3ef39dd7e5798?s=96&d=mm&r=g\",\"contentUrl\":\"https:\\\/\\\/secure.gravatar.com\\\/avatar\\\/3ea2118a5f7dad2b7138b1187a6b7ee55f160b9968b66013c3a3ef39dd7e5798?s=96&d=mm&r=g\",\"caption\":\"Jeanette\"},\"sameAs\":[\"https:\\\/\\\/www.eldiario.net\\\/portal\"],\"url\":\"https:\\\/\\\/www.eldiario.net\\\/portal\\\/author\\\/jeanette\\\/\"}]}<\/script>\n<!-- \/ Yoast SEO plugin. -->","yoast_head_json":{"title":"Casi 700 personas mueren al d\u00eda por disparos de armas de fuego - El Diario - Bolivia","robots":{"index":"index","follow":"follow","max-snippet":"max-snippet:-1","max-image-preview":"max-image-preview:large","max-video-preview":"max-video-preview:-1"},"canonical":"https:\/\/www.eldiario.net\/portal\/2023\/12\/17\/casi-700-personas-mueren-al-dia-por-disparos-de-armas-de-fuego\/","og_locale":"es_ES","og_type":"article","og_title":"Casi 700 personas mueren al d\u00eda por disparos de armas de fuego - El Diario - Bolivia","og_description":"\u00abEsto supone m\u00e1s de 700 personas al d\u00eda, o sea, una persona que muere por armas peque\u00f1as cada dos minutos\u00bb, afirm\u00f3 Izumi Nakamitsu. Adem\u00e1s explic\u00f3 que las armas peque\u00f1as y ligeras son las armas preferidas para iniciar, mantener y exacerbar conflictos, violencia armada, terrorismo y otras formas de delincuencia organizada. Nakamitsu destac\u00f3 la necesidad de [&hellip;]","og_url":"https:\/\/www.eldiario.net\/portal\/2023\/12\/17\/casi-700-personas-mueren-al-dia-por-disparos-de-armas-de-fuego\/","og_site_name":"El Diario - Bolivia","article_publisher":"https:\/\/www.facebook.com\/eldiario.bolivia\/","article_published_time":"2023-12-17T11:46:38+00:00","og_image":[{"width":1200,"height":839,"url":"https:\/\/www.eldiario.net\/portal\/wp-content\/uploads\/2023\/12\/REVOLVER.jpg","type":"image\/jpeg"}],"author":"Jeanette","twitter_card":"summary_large_image","twitter_creator":"@eldiario_net","twitter_site":"@eldiario_net","twitter_misc":{"Escrito por":"Jeanette","Tiempo de lectura":"2 minutos"},"schema":{"@context":"https:\/\/schema.org","@graph":[{"@type":"Article","@id":"https:\/\/www.eldiario.net\/portal\/2023\/12\/17\/casi-700-personas-mueren-al-dia-por-disparos-de-armas-de-fuego\/#article","isPartOf":{"@id":"https:\/\/www.eldiario.net\/portal\/2023\/12\/17\/casi-700-personas-mueren-al-dia-por-disparos-de-armas-de-fuego\/"},"author":{"name":"Jeanette","@id":"https:\/\/www.eldiario.net\/portal\/#\/schema\/person\/f46445640444750d7d753ccd04ae01b7"},"headline":"Casi 700 personas mueren al d\u00eda por disparos de armas de fuego","datePublished":"2023-12-17T11:46:38+00:00","mainEntityOfPage":{"@id":"https:\/\/www.eldiario.net\/portal\/2023\/12\/17\/casi-700-personas-mueren-al-dia-por-disparos-de-armas-de-fuego\/"},"wordCount":364,"publisher":{"@id":"https:\/\/www.eldiario.net\/portal\/#organization"},"image":{"@id":"https:\/\/www.eldiario.net\/portal\/2023\/12\/17\/casi-700-personas-mueren-al-dia-por-disparos-de-armas-de-fuego\/#primaryimage"},"thumbnailUrl":"https:\/\/www.eldiario.net\/portal\/wp-content\/uploads\/2023\/12\/REVOLVER.jpg","articleSection":["Internacional"],"inLanguage":"es"},{"@type":"WebPage","@id":"https:\/\/www.eldiario.net\/portal\/2023\/12\/17\/casi-700-personas-mueren-al-dia-por-disparos-de-armas-de-fuego\/","url":"https:\/\/www.eldiario.net\/portal\/2023\/12\/17\/casi-700-personas-mueren-al-dia-por-disparos-de-armas-de-fuego\/","name":"Casi 700 personas mueren al d\u00eda por disparos de armas de fuego - El Diario - Bolivia","isPartOf":{"@id":"https:\/\/www.eldiario.net\/portal\/#website"},"primaryImageOfPage":{"@id":"https:\/\/www.eldiario.net\/portal\/2023\/12\/17\/casi-700-personas-mueren-al-dia-por-disparos-de-armas-de-fuego\/#primaryimage"},"image":{"@id":"https:\/\/www.eldiario.net\/portal\/2023\/12\/17\/casi-700-personas-mueren-al-dia-por-disparos-de-armas-de-fuego\/#primaryimage"},"thumbnailUrl":"https:\/\/www.eldiario.net\/portal\/wp-content\/uploads\/2023\/12\/REVOLVER.jpg","datePublished":"2023-12-17T11:46:38+00:00","breadcrumb":{"@id":"https:\/\/www.eldiario.net\/portal\/2023\/12\/17\/casi-700-personas-mueren-al-dia-por-disparos-de-armas-de-fuego\/#breadcrumb"},"inLanguage":"es","potentialAction":[{"@type":"ReadAction","target":["https:\/\/www.eldiario.net\/portal\/2023\/12\/17\/casi-700-personas-mueren-al-dia-por-disparos-de-armas-de-fuego\/"]}]},{"@type":"ImageObject","inLanguage":"es","@id":"https:\/\/www.eldiario.net\/portal\/2023\/12\/17\/casi-700-personas-mueren-al-dia-por-disparos-de-armas-de-fuego\/#primaryimage","url":"https:\/\/www.eldiario.net\/portal\/wp-content\/uploads\/2023\/12\/REVOLVER.jpg","contentUrl":"https:\/\/www.eldiario.net\/portal\/wp-content\/uploads\/2023\/12\/REVOLVER.jpg","width":1200,"height":839,"caption":"LAS ARMAS DE FUEGO DE CORTO ALCANCE SON LOS M\u00c1S UTILIZADOS. Europa Press"},{"@type":"BreadcrumbList","@id":"https:\/\/www.eldiario.net\/portal\/2023\/12\/17\/casi-700-personas-mueren-al-dia-por-disparos-de-armas-de-fuego\/#breadcrumb","itemListElement":[{"@type":"ListItem","position":1,"name":"Portada","item":"https:\/\/www.eldiario.net\/portal\/"},{"@type":"ListItem","position":2,"name":"Casi 700 personas mueren al d\u00eda por disparos de armas de fuego"}]},{"@type":"WebSite","@id":"https:\/\/www.eldiario.net\/portal\/#website","url":"https:\/\/www.eldiario.net\/portal\/","name":"El Diario - Decano de la prensa nacional","description":"El Diario - Decano de la prensa nacional","publisher":{"@id":"https:\/\/www.eldiario.net\/portal\/#organization"},"potentialAction":[{"@type":"SearchAction","target":{"@type":"EntryPoint","urlTemplate":"https:\/\/www.eldiario.net\/portal\/?s={search_term_string}"},"query-input":{"@type":"PropertyValueSpecification","valueRequired":true,"valueName":"search_term_string"}}],"inLanguage":"es"},{"@type":"Organization","@id":"https:\/\/www.eldiario.net\/portal\/#organization","name":"El Diario - Decano de la prensa nacional","url":"https:\/\/www.eldiario.net\/portal\/","logo":{"@type":"ImageObject","inLanguage":"es","@id":"https:\/\/www.eldiario.net\/portal\/#\/schema\/logo\/image\/","url":"https:\/\/www.eldiario.net\/portal\/wp-content\/uploads\/2023\/07\/logo_ED.jpg","contentUrl":"https:\/\/www.eldiario.net\/portal\/wp-content\/uploads\/2023\/07\/logo_ED.jpg","width":272,"height":52,"caption":"El Diario - Decano de la prensa nacional"},"image":{"@id":"https:\/\/www.eldiario.net\/portal\/#\/schema\/logo\/image\/"},"sameAs":["https:\/\/www.facebook.com\/eldiario.bolivia\/","https:\/\/x.com\/eldiario_net"]},{"@type":"Person","@id":"https:\/\/www.eldiario.net\/portal\/#\/schema\/person\/f46445640444750d7d753ccd04ae01b7","name":"Jeanette","image":{"@type":"ImageObject","inLanguage":"es","@id":"https:\/\/secure.gravatar.com\/avatar\/3ea2118a5f7dad2b7138b1187a6b7ee55f160b9968b66013c3a3ef39dd7e5798?s=96&d=mm&r=g","url":"https:\/\/secure.gravatar.com\/avatar\/3ea2118a5f7dad2b7138b1187a6b7ee55f160b9968b66013c3a3ef39dd7e5798?s=96&d=mm&r=g","contentUrl":"https:\/\/secure.gravatar.com\/avatar\/3ea2118a5f7dad2b7138b1187a6b7ee55f160b9968b66013c3a3ef39dd7e5798?s=96&d=mm&r=g","caption":"Jeanette"},"sameAs":["https:\/\/www.eldiario.net\/portal"],"url":"https:\/\/www.eldiario.net\/portal\/author\/jeanette\/"}]}},"_links":{"self":[{"href":"https:\/\/www.eldiario.net\/portal\/wp-json\/wp\/v2\/posts\/193322","targetHints":{"allow":["GET"]}}],"collection":[{"href":"https:\/\/www.eldiario.net\/portal\/wp-json\/wp\/v2\/posts"}],"about":[{"href":"https:\/\/www.eldiario.net\/portal\/wp-json\/wp\/v2\/types\/post"}],"author":[{"embeddable":true,"href":"https:\/\/www.eldiario.net\/portal\/wp-json\/wp\/v2\/users\/1"}],"replies":[{"embeddable":true,"href":"https:\/\/www.eldiario.net\/portal\/wp-json\/wp\/v2\/comments?post=193322"}],"version-history":[{"count":0,"href":"https:\/\/www.eldiario.net\/portal\/wp-json\/wp\/v2\/posts\/193322\/revisions"}],"wp:featuredmedia":[{"embeddable":true,"href":"https:\/\/www.eldiario.net\/portal\/wp-json\/wp\/v2\/media\/193323"}],"wp:attachment":[{"href":"https:\/\/www.eldiario.net\/portal\/wp-json\/wp\/v2\/media?parent=193322"}],"wp:term":[{"taxonomy":"category","embeddable":true,"href":"https:\/\/www.eldiario.net\/portal\/wp-json\/wp\/v2\/categories?post=193322"},{"taxonomy":"post_tag","embeddable":true,"href":"https:\/\/www.eldiario.net\/portal\/wp-json\/wp\/v2\/tags?post=193322"}],"curies":[{"name":"wp","href":"https:\/\/api.w.org\/{rel}","templated":true}]}}