{"id":193305,"date":"2023-12-17T07:40:44","date_gmt":"2023-12-17T11:40:44","guid":{"rendered":"https:\/\/www.eldiario.net\/portal\/?p=193305"},"modified":"2023-12-17T07:40:44","modified_gmt":"2023-12-17T11:40:44","slug":"bolivia-cierra-el-ano-con-cuatro-factores-economicos-negativos","status":"publish","type":"post","link":"https:\/\/www.eldiario.net\/portal\/2023\/12\/17\/bolivia-cierra-el-ano-con-cuatro-factores-economicos-negativos\/","title":{"rendered":"Bolivia cierra el a\u00f1o con cuatro factores econ\u00f3micos negativos"},"content":{"rendered":"<p>A pesar de que las autoridades nacionales aseguran que no hay crisis en el pa\u00eds, los economistas sostienen que Bolivia cerrar\u00e1 esta gesti\u00f3n con aumento de deuda, escasez de d\u00f3lares, alta informalidad, d\u00e9ficit comercial y una irregular provisi\u00f3n de hidrocarburos en el mercado nacional. Adem\u00e1s, el crecimiento ser\u00e1 menor a lo estimado a principios de a\u00f1o, de 4,8% a 3%, de acuerdo a estimaciones de organismos internacionales.<br \/>\nEn un encuentro con periodistas, la pasada semana, el presidente Luis Arce, asegur\u00f3 que no hay crisis y que adem\u00e1s Bolivia est\u00e1 dentro de las econom\u00edas que m\u00e1s crecer\u00e1n; asimismo, sostuvo que la subvenci\u00f3n a los hidrocarburos continuar\u00e1.<br \/>\nTambi\u00e9n se refiri\u00f3 a una baja inflaci\u00f3n, una desocupaci\u00f3n menor y un crecimiento por encima de 2%, pero no mencion\u00f3 que la inflaci\u00f3n reprimida se basa en un subsidio de m\u00e1s de 2.000 millones de d\u00f3lares y que la informalidad absorbi\u00f3 a los trabajadores, seg\u00fan analistas.<br \/>\nJaime Dunn, analista financiero, en un foro sobre Perspectivas Econ\u00f3micas y Desaf\u00edos Empresariales 2024, organizada por BRAQ CorpAffairs &amp; Communications, indic\u00f3 que las perspectivas de Bolivia no est\u00e1n bien para este 2023. Adelant\u00f3 que los niveles de deuda mundial siguen subiendo, mientras que la deuda p\u00fablica de Bolivia (externa e interna) bordea el 80%.<\/p>\n","protected":false},"excerpt":{"rendered":"<p>A pesar de que las autoridades nacionales aseguran que no hay crisis en el pa\u00eds, los economistas sostienen que Bolivia cerrar\u00e1 esta gesti\u00f3n con aumento de deuda, escasez de d\u00f3lares, alta informalidad, d\u00e9ficit comercial y una irregular provisi\u00f3n de hidrocarburos en el mercado nacional. Adem\u00e1s, el crecimiento ser\u00e1 menor a lo estimado a principios de [&hellip;]<\/p>\n","protected":false},"author":1,"featured_media":193306,"comment_status":"closed","ping_status":"open","sticky":false,"template":"","format":"standard","meta":{"_acf_changed":false,"footnotes":""},"categories":[17],"tags":[],"class_list":["post-193305","post","type-post","status-publish","format-standard","has-post-thumbnail","category-principal"],"acf":{"antetitulo":""},"yoast_head":"<!-- This site is optimized with the Yoast SEO plugin v28.4 - https:\/\/yoast.com\/product\/yoast-seo-wordpress\/ -->\n<title>Bolivia cierra el a\u00f1o con cuatro factores econ\u00f3micos negativos - El Diario - Bolivia<\/title>\n<meta name=\"robots\" content=\"index, follow, max-snippet:-1, max-image-preview:large, max-video-preview:-1\" \/>\n<link rel=\"canonical\" href=\"https:\/\/www.eldiario.net\/portal\/2023\/12\/17\/bolivia-cierra-el-ano-con-cuatro-factores-economicos-negativos\/\" \/>\n<meta property=\"og:locale\" content=\"es_ES\" \/>\n<meta property=\"og:type\" content=\"article\" \/>\n<meta property=\"og:title\" content=\"Bolivia cierra el a\u00f1o con cuatro factores econ\u00f3micos negativos - El Diario - Bolivia\" \/>\n<meta property=\"og:description\" content=\"A pesar de que las autoridades nacionales aseguran que no hay crisis en el pa\u00eds, los economistas sostienen que Bolivia cerrar\u00e1 esta gesti\u00f3n con aumento de deuda, escasez de d\u00f3lares, alta informalidad, d\u00e9ficit comercial y una irregular provisi\u00f3n de hidrocarburos en el mercado nacional. Adem\u00e1s, el crecimiento ser\u00e1 menor a lo estimado a principios de [&hellip;]\" \/>\n<meta property=\"og:url\" content=\"https:\/\/www.eldiario.net\/portal\/2023\/12\/17\/bolivia-cierra-el-ano-con-cuatro-factores-economicos-negativos\/\" \/>\n<meta property=\"og:site_name\" content=\"El Diario - Bolivia\" \/>\n<meta property=\"article:publisher\" content=\"https:\/\/www.facebook.com\/eldiario.bolivia\/\" \/>\n<meta property=\"article:published_time\" content=\"2023-12-17T11:40:44+00:00\" \/>\n<meta property=\"og:image\" content=\"https:\/\/www.eldiario.net\/portal\/wp-content\/uploads\/2023\/12\/P-1-15-cm-x-11-2.jpg\" \/>\n\t<meta property=\"og:image:width\" content=\"785\" \/>\n\t<meta property=\"og:image:height\" content=\"558\" \/>\n\t<meta property=\"og:image:type\" content=\"image\/jpeg\" \/>\n<meta name=\"author\" content=\"Jeanette\" \/>\n<meta name=\"twitter:card\" content=\"summary_large_image\" \/>\n<meta name=\"twitter:creator\" content=\"@eldiario_net\" \/>\n<meta name=\"twitter:site\" content=\"@eldiario_net\" \/>\n<meta name=\"twitter:label1\" content=\"Escrito por\" \/>\n\t<meta name=\"twitter:data1\" content=\"Jeanette\" \/>\n\t<meta name=\"twitter:label2\" content=\"Tiempo de lectura\" \/>\n\t<meta name=\"twitter:data2\" content=\"2 minutos\" \/>\n<script type=\"application\/ld+json\" class=\"yoast-schema-graph\">{\"@context\":\"https:\\\/\\\/schema.org\",\"@graph\":[{\"@type\":\"Article\",\"@id\":\"https:\\\/\\\/www.eldiario.net\\\/portal\\\/2023\\\/12\\\/17\\\/bolivia-cierra-el-ano-con-cuatro-factores-economicos-negativos\\\/#article\",\"isPartOf\":{\"@id\":\"https:\\\/\\\/www.eldiario.net\\\/portal\\\/2023\\\/12\\\/17\\\/bolivia-cierra-el-ano-con-cuatro-factores-economicos-negativos\\\/\"},\"author\":{\"name\":\"Jeanette\",\"@id\":\"https:\\\/\\\/www.eldiario.net\\\/portal\\\/#\\\/schema\\\/person\\\/f46445640444750d7d753ccd04ae01b7\"},\"headline\":\"Bolivia cierra el a\u00f1o con cuatro factores econ\u00f3micos negativos\",\"datePublished\":\"2023-12-17T11:40:44+00:00\",\"mainEntityOfPage\":{\"@id\":\"https:\\\/\\\/www.eldiario.net\\\/portal\\\/2023\\\/12\\\/17\\\/bolivia-cierra-el-ano-con-cuatro-factores-economicos-negativos\\\/\"},\"wordCount\":232,\"publisher\":{\"@id\":\"https:\\\/\\\/www.eldiario.net\\\/portal\\\/#organization\"},\"image\":{\"@id\":\"https:\\\/\\\/www.eldiario.net\\\/portal\\\/2023\\\/12\\\/17\\\/bolivia-cierra-el-ano-con-cuatro-factores-economicos-negativos\\\/#primaryimage\"},\"thumbnailUrl\":\"https:\\\/\\\/www.eldiario.net\\\/portal\\\/wp-content\\\/uploads\\\/2023\\\/12\\\/P-1-15-cm-x-11-2.jpg\",\"articleSection\":[\"Principal\"],\"inLanguage\":\"es\"},{\"@type\":\"WebPage\",\"@id\":\"https:\\\/\\\/www.eldiario.net\\\/portal\\\/2023\\\/12\\\/17\\\/bolivia-cierra-el-ano-con-cuatro-factores-economicos-negativos\\\/\",\"url\":\"https:\\\/\\\/www.eldiario.net\\\/portal\\\/2023\\\/12\\\/17\\\/bolivia-cierra-el-ano-con-cuatro-factores-economicos-negativos\\\/\",\"name\":\"Bolivia cierra el a\u00f1o con cuatro factores econ\u00f3micos negativos - El Diario - Bolivia\",\"isPartOf\":{\"@id\":\"https:\\\/\\\/www.eldiario.net\\\/portal\\\/#website\"},\"primaryImageOfPage\":{\"@id\":\"https:\\\/\\\/www.eldiario.net\\\/portal\\\/2023\\\/12\\\/17\\\/bolivia-cierra-el-ano-con-cuatro-factores-economicos-negativos\\\/#primaryimage\"},\"image\":{\"@id\":\"https:\\\/\\\/www.eldiario.net\\\/portal\\\/2023\\\/12\\\/17\\\/bolivia-cierra-el-ano-con-cuatro-factores-economicos-negativos\\\/#primaryimage\"},\"thumbnailUrl\":\"https:\\\/\\\/www.eldiario.net\\\/portal\\\/wp-content\\\/uploads\\\/2023\\\/12\\\/P-1-15-cm-x-11-2.jpg\",\"datePublished\":\"2023-12-17T11:40:44+00:00\",\"breadcrumb\":{\"@id\":\"https:\\\/\\\/www.eldiario.net\\\/portal\\\/2023\\\/12\\\/17\\\/bolivia-cierra-el-ano-con-cuatro-factores-economicos-negativos\\\/#breadcrumb\"},\"inLanguage\":\"es\",\"potentialAction\":[{\"@type\":\"ReadAction\",\"target\":[\"https:\\\/\\\/www.eldiario.net\\\/portal\\\/2023\\\/12\\\/17\\\/bolivia-cierra-el-ano-con-cuatro-factores-economicos-negativos\\\/\"]}]},{\"@type\":\"ImageObject\",\"inLanguage\":\"es\",\"@id\":\"https:\\\/\\\/www.eldiario.net\\\/portal\\\/2023\\\/12\\\/17\\\/bolivia-cierra-el-ano-con-cuatro-factores-economicos-negativos\\\/#primaryimage\",\"url\":\"https:\\\/\\\/www.eldiario.net\\\/portal\\\/wp-content\\\/uploads\\\/2023\\\/12\\\/P-1-15-cm-x-11-2.jpg\",\"contentUrl\":\"https:\\\/\\\/www.eldiario.net\\\/portal\\\/wp-content\\\/uploads\\\/2023\\\/12\\\/P-1-15-cm-x-11-2.jpg\",\"width\":785,\"height\":558,\"caption\":\"Estudios realizados por Cedla sostienen que 86 de cada 100 trabajadores bolivianos est\u00e1n en la informalidad.\"},{\"@type\":\"BreadcrumbList\",\"@id\":\"https:\\\/\\\/www.eldiario.net\\\/portal\\\/2023\\\/12\\\/17\\\/bolivia-cierra-el-ano-con-cuatro-factores-economicos-negativos\\\/#breadcrumb\",\"itemListElement\":[{\"@type\":\"ListItem\",\"position\":1,\"name\":\"Portada\",\"item\":\"https:\\\/\\\/www.eldiario.net\\\/portal\\\/\"},{\"@type\":\"ListItem\",\"position\":2,\"name\":\"Bolivia cierra el a\u00f1o con cuatro factores econ\u00f3micos negativos\"}]},{\"@type\":\"WebSite\",\"@id\":\"https:\\\/\\\/www.eldiario.net\\\/portal\\\/#website\",\"url\":\"https:\\\/\\\/www.eldiario.net\\\/portal\\\/\",\"name\":\"El Diario - Decano de la prensa nacional\",\"description\":\"El Diario - Decano de la prensa nacional\",\"publisher\":{\"@id\":\"https:\\\/\\\/www.eldiario.net\\\/portal\\\/#organization\"},\"potentialAction\":[{\"@type\":\"SearchAction\",\"target\":{\"@type\":\"EntryPoint\",\"urlTemplate\":\"https:\\\/\\\/www.eldiario.net\\\/portal\\\/?s={search_term_string}\"},\"query-input\":{\"@type\":\"PropertyValueSpecification\",\"valueRequired\":true,\"valueName\":\"search_term_string\"}}],\"inLanguage\":\"es\"},{\"@type\":\"Organization\",\"@id\":\"https:\\\/\\\/www.eldiario.net\\\/portal\\\/#organization\",\"name\":\"El Diario - Decano de la prensa nacional\",\"url\":\"https:\\\/\\\/www.eldiario.net\\\/portal\\\/\",\"logo\":{\"@type\":\"ImageObject\",\"inLanguage\":\"es\",\"@id\":\"https:\\\/\\\/www.eldiario.net\\\/portal\\\/#\\\/schema\\\/logo\\\/image\\\/\",\"url\":\"https:\\\/\\\/www.eldiario.net\\\/portal\\\/wp-content\\\/uploads\\\/2023\\\/07\\\/logo_ED.jpg\",\"contentUrl\":\"https:\\\/\\\/www.eldiario.net\\\/portal\\\/wp-content\\\/uploads\\\/2023\\\/07\\\/logo_ED.jpg\",\"width\":272,\"height\":52,\"caption\":\"El Diario - Decano de la prensa nacional\"},\"image\":{\"@id\":\"https:\\\/\\\/www.eldiario.net\\\/portal\\\/#\\\/schema\\\/logo\\\/image\\\/\"},\"sameAs\":[\"https:\\\/\\\/www.facebook.com\\\/eldiario.bolivia\\\/\",\"https:\\\/\\\/x.com\\\/eldiario_net\"]},{\"@type\":\"Person\",\"@id\":\"https:\\\/\\\/www.eldiario.net\\\/portal\\\/#\\\/schema\\\/person\\\/f46445640444750d7d753ccd04ae01b7\",\"name\":\"Jeanette\",\"image\":{\"@type\":\"ImageObject\",\"inLanguage\":\"es\",\"@id\":\"https:\\\/\\\/secure.gravatar.com\\\/avatar\\\/3ea2118a5f7dad2b7138b1187a6b7ee55f160b9968b66013c3a3ef39dd7e5798?s=96&d=mm&r=g\",\"url\":\"https:\\\/\\\/secure.gravatar.com\\\/avatar\\\/3ea2118a5f7dad2b7138b1187a6b7ee55f160b9968b66013c3a3ef39dd7e5798?s=96&d=mm&r=g\",\"contentUrl\":\"https:\\\/\\\/secure.gravatar.com\\\/avatar\\\/3ea2118a5f7dad2b7138b1187a6b7ee55f160b9968b66013c3a3ef39dd7e5798?s=96&d=mm&r=g\",\"caption\":\"Jeanette\"},\"sameAs\":[\"https:\\\/\\\/www.eldiario.net\\\/portal\"],\"url\":\"https:\\\/\\\/www.eldiario.net\\\/portal\\\/author\\\/jeanette\\\/\"}]}<\/script>\n<!-- \/ Yoast SEO plugin. -->","yoast_head_json":{"title":"Bolivia cierra el a\u00f1o con cuatro factores econ\u00f3micos negativos - El Diario - Bolivia","robots":{"index":"index","follow":"follow","max-snippet":"max-snippet:-1","max-image-preview":"max-image-preview:large","max-video-preview":"max-video-preview:-1"},"canonical":"https:\/\/www.eldiario.net\/portal\/2023\/12\/17\/bolivia-cierra-el-ano-con-cuatro-factores-economicos-negativos\/","og_locale":"es_ES","og_type":"article","og_title":"Bolivia cierra el a\u00f1o con cuatro factores econ\u00f3micos negativos - El Diario - Bolivia","og_description":"A pesar de que las autoridades nacionales aseguran que no hay crisis en el pa\u00eds, los economistas sostienen que Bolivia cerrar\u00e1 esta gesti\u00f3n con aumento de deuda, escasez de d\u00f3lares, alta informalidad, d\u00e9ficit comercial y una irregular provisi\u00f3n de hidrocarburos en el mercado nacional. Adem\u00e1s, el crecimiento ser\u00e1 menor a lo estimado a principios de [&hellip;]","og_url":"https:\/\/www.eldiario.net\/portal\/2023\/12\/17\/bolivia-cierra-el-ano-con-cuatro-factores-economicos-negativos\/","og_site_name":"El Diario - Bolivia","article_publisher":"https:\/\/www.facebook.com\/eldiario.bolivia\/","article_published_time":"2023-12-17T11:40:44+00:00","og_image":[{"width":785,"height":558,"url":"https:\/\/www.eldiario.net\/portal\/wp-content\/uploads\/2023\/12\/P-1-15-cm-x-11-2.jpg","type":"image\/jpeg"}],"author":"Jeanette","twitter_card":"summary_large_image","twitter_creator":"@eldiario_net","twitter_site":"@eldiario_net","twitter_misc":{"Escrito por":"Jeanette","Tiempo de lectura":"2 minutos"},"schema":{"@context":"https:\/\/schema.org","@graph":[{"@type":"Article","@id":"https:\/\/www.eldiario.net\/portal\/2023\/12\/17\/bolivia-cierra-el-ano-con-cuatro-factores-economicos-negativos\/#article","isPartOf":{"@id":"https:\/\/www.eldiario.net\/portal\/2023\/12\/17\/bolivia-cierra-el-ano-con-cuatro-factores-economicos-negativos\/"},"author":{"name":"Jeanette","@id":"https:\/\/www.eldiario.net\/portal\/#\/schema\/person\/f46445640444750d7d753ccd04ae01b7"},"headline":"Bolivia cierra el a\u00f1o con cuatro factores econ\u00f3micos negativos","datePublished":"2023-12-17T11:40:44+00:00","mainEntityOfPage":{"@id":"https:\/\/www.eldiario.net\/portal\/2023\/12\/17\/bolivia-cierra-el-ano-con-cuatro-factores-economicos-negativos\/"},"wordCount":232,"publisher":{"@id":"https:\/\/www.eldiario.net\/portal\/#organization"},"image":{"@id":"https:\/\/www.eldiario.net\/portal\/2023\/12\/17\/bolivia-cierra-el-ano-con-cuatro-factores-economicos-negativos\/#primaryimage"},"thumbnailUrl":"https:\/\/www.eldiario.net\/portal\/wp-content\/uploads\/2023\/12\/P-1-15-cm-x-11-2.jpg","articleSection":["Principal"],"inLanguage":"es"},{"@type":"WebPage","@id":"https:\/\/www.eldiario.net\/portal\/2023\/12\/17\/bolivia-cierra-el-ano-con-cuatro-factores-economicos-negativos\/","url":"https:\/\/www.eldiario.net\/portal\/2023\/12\/17\/bolivia-cierra-el-ano-con-cuatro-factores-economicos-negativos\/","name":"Bolivia cierra el a\u00f1o con cuatro factores econ\u00f3micos negativos - El Diario - Bolivia","isPartOf":{"@id":"https:\/\/www.eldiario.net\/portal\/#website"},"primaryImageOfPage":{"@id":"https:\/\/www.eldiario.net\/portal\/2023\/12\/17\/bolivia-cierra-el-ano-con-cuatro-factores-economicos-negativos\/#primaryimage"},"image":{"@id":"https:\/\/www.eldiario.net\/portal\/2023\/12\/17\/bolivia-cierra-el-ano-con-cuatro-factores-economicos-negativos\/#primaryimage"},"thumbnailUrl":"https:\/\/www.eldiario.net\/portal\/wp-content\/uploads\/2023\/12\/P-1-15-cm-x-11-2.jpg","datePublished":"2023-12-17T11:40:44+00:00","breadcrumb":{"@id":"https:\/\/www.eldiario.net\/portal\/2023\/12\/17\/bolivia-cierra-el-ano-con-cuatro-factores-economicos-negativos\/#breadcrumb"},"inLanguage":"es","potentialAction":[{"@type":"ReadAction","target":["https:\/\/www.eldiario.net\/portal\/2023\/12\/17\/bolivia-cierra-el-ano-con-cuatro-factores-economicos-negativos\/"]}]},{"@type":"ImageObject","inLanguage":"es","@id":"https:\/\/www.eldiario.net\/portal\/2023\/12\/17\/bolivia-cierra-el-ano-con-cuatro-factores-economicos-negativos\/#primaryimage","url":"https:\/\/www.eldiario.net\/portal\/wp-content\/uploads\/2023\/12\/P-1-15-cm-x-11-2.jpg","contentUrl":"https:\/\/www.eldiario.net\/portal\/wp-content\/uploads\/2023\/12\/P-1-15-cm-x-11-2.jpg","width":785,"height":558,"caption":"Estudios realizados por Cedla sostienen que 86 de cada 100 trabajadores bolivianos est\u00e1n en la informalidad."},{"@type":"BreadcrumbList","@id":"https:\/\/www.eldiario.net\/portal\/2023\/12\/17\/bolivia-cierra-el-ano-con-cuatro-factores-economicos-negativos\/#breadcrumb","itemListElement":[{"@type":"ListItem","position":1,"name":"Portada","item":"https:\/\/www.eldiario.net\/portal\/"},{"@type":"ListItem","position":2,"name":"Bolivia cierra el a\u00f1o con cuatro factores econ\u00f3micos negativos"}]},{"@type":"WebSite","@id":"https:\/\/www.eldiario.net\/portal\/#website","url":"https:\/\/www.eldiario.net\/portal\/","name":"El Diario - Decano de la prensa nacional","description":"El Diario - Decano de la prensa nacional","publisher":{"@id":"https:\/\/www.eldiario.net\/portal\/#organization"},"potentialAction":[{"@type":"SearchAction","target":{"@type":"EntryPoint","urlTemplate":"https:\/\/www.eldiario.net\/portal\/?s={search_term_string}"},"query-input":{"@type":"PropertyValueSpecification","valueRequired":true,"valueName":"search_term_string"}}],"inLanguage":"es"},{"@type":"Organization","@id":"https:\/\/www.eldiario.net\/portal\/#organization","name":"El Diario - Decano de la prensa nacional","url":"https:\/\/www.eldiario.net\/portal\/","logo":{"@type":"ImageObject","inLanguage":"es","@id":"https:\/\/www.eldiario.net\/portal\/#\/schema\/logo\/image\/","url":"https:\/\/www.eldiario.net\/portal\/wp-content\/uploads\/2023\/07\/logo_ED.jpg","contentUrl":"https:\/\/www.eldiario.net\/portal\/wp-content\/uploads\/2023\/07\/logo_ED.jpg","width":272,"height":52,"caption":"El Diario - Decano de la prensa nacional"},"image":{"@id":"https:\/\/www.eldiario.net\/portal\/#\/schema\/logo\/image\/"},"sameAs":["https:\/\/www.facebook.com\/eldiario.bolivia\/","https:\/\/x.com\/eldiario_net"]},{"@type":"Person","@id":"https:\/\/www.eldiario.net\/portal\/#\/schema\/person\/f46445640444750d7d753ccd04ae01b7","name":"Jeanette","image":{"@type":"ImageObject","inLanguage":"es","@id":"https:\/\/secure.gravatar.com\/avatar\/3ea2118a5f7dad2b7138b1187a6b7ee55f160b9968b66013c3a3ef39dd7e5798?s=96&d=mm&r=g","url":"https:\/\/secure.gravatar.com\/avatar\/3ea2118a5f7dad2b7138b1187a6b7ee55f160b9968b66013c3a3ef39dd7e5798?s=96&d=mm&r=g","contentUrl":"https:\/\/secure.gravatar.com\/avatar\/3ea2118a5f7dad2b7138b1187a6b7ee55f160b9968b66013c3a3ef39dd7e5798?s=96&d=mm&r=g","caption":"Jeanette"},"sameAs":["https:\/\/www.eldiario.net\/portal"],"url":"https:\/\/www.eldiario.net\/portal\/author\/jeanette\/"}]}},"_links":{"self":[{"href":"https:\/\/www.eldiario.net\/portal\/wp-json\/wp\/v2\/posts\/193305","targetHints":{"allow":["GET"]}}],"collection":[{"href":"https:\/\/www.eldiario.net\/portal\/wp-json\/wp\/v2\/posts"}],"about":[{"href":"https:\/\/www.eldiario.net\/portal\/wp-json\/wp\/v2\/types\/post"}],"author":[{"embeddable":true,"href":"https:\/\/www.eldiario.net\/portal\/wp-json\/wp\/v2\/users\/1"}],"replies":[{"embeddable":true,"href":"https:\/\/www.eldiario.net\/portal\/wp-json\/wp\/v2\/comments?post=193305"}],"version-history":[{"count":0,"href":"https:\/\/www.eldiario.net\/portal\/wp-json\/wp\/v2\/posts\/193305\/revisions"}],"wp:featuredmedia":[{"embeddable":true,"href":"https:\/\/www.eldiario.net\/portal\/wp-json\/wp\/v2\/media\/193306"}],"wp:attachment":[{"href":"https:\/\/www.eldiario.net\/portal\/wp-json\/wp\/v2\/media?parent=193305"}],"wp:term":[{"taxonomy":"category","embeddable":true,"href":"https:\/\/www.eldiario.net\/portal\/wp-json\/wp\/v2\/categories?post=193305"},{"taxonomy":"post_tag","embeddable":true,"href":"https:\/\/www.eldiario.net\/portal\/wp-json\/wp\/v2\/tags?post=193305"}],"curies":[{"name":"wp","href":"https:\/\/api.w.org\/{rel}","templated":true}]}}