{"id":193295,"date":"2023-12-17T07:36:16","date_gmt":"2023-12-17T11:36:16","guid":{"rendered":"https:\/\/www.eldiario.net\/portal\/?p=193295"},"modified":"2023-12-17T07:36:16","modified_gmt":"2023-12-17T11:36:16","slug":"dos-hechos-de-transito-dejan-seis-muertos-y-siete-heridos","status":"publish","type":"post","link":"https:\/\/www.eldiario.net\/portal\/2023\/12\/17\/dos-hechos-de-transito-dejan-seis-muertos-y-siete-heridos\/","title":{"rendered":"Dos hechos de tr\u00e1nsito dejan seis muertos y siete heridos"},"content":{"rendered":"<p class=\"v1MsoNormal\">Dos hechos de tr\u00e1nsito suscitados ayer dejaron el saldo de seis muertos y al menos siete heridos; los infortunios se registraron en Santa Cruz y Potos\u00ed.\u00a0De las personas fallecidas, s\u00f3lo dos lograron ser identificadas y sus familiares fueron notificados con la lamentable noticia.<\/p>\n<p class=\"v1MsoNormal\">El primer siniestro sucedi\u00f3 esta madrugada en la carretera Potos\u00ed-Chuquisaca. Un bus de la empresa 6 de Octubre volc\u00f3 cerca del puente de Ckonapaya, a unos ocho kil\u00f3metros de Betanzos.<\/p>\n<p class=\"v1MsoNormal\">Seg\u00fan la informaci\u00f3n preliminar, el veh\u00edculo parti\u00f3 desde la ciudad de Tarija con destino a la capital del pa\u00eds, pero en el tramo tuvo que esquivar a un veh\u00edculo particular que invadi\u00f3 el carril y provoc\u00f3 el accidente.<\/p>\n<p class=\"v1MsoNormal\">Medios locales informan que son siete los pasajeros que tuvieron que ser trasladados a nosocomios de Sucre, el resto de los ocupantes del bus continu\u00f3 su viaje haciendo un transbordo.<\/p>\n<p class=\"v1MsoNormal\">El accidente m\u00e1s lamentable de la jornada se dio entre un minib\u00fas y la carrocer\u00eda de un cami\u00f3n. El hecho sucedi\u00f3 en la carretera nueva Santa Cruz \u2013 Cochabamba, por el municipio cruce\u00f1o de Portachuelo.<\/p>\n<p class=\"v1MsoNormal\">El hecho fue catalogado como colisi\u00f3n por alcance, el minib\u00fas de transporte p\u00fablico perteneciente al sindicato 16 de Julio se llev\u00f3 la peor parte, porque el cami\u00f3n no sufri\u00f3 p\u00e9rdidas ni da\u00f1os humanos.<\/p>\n<p class=\"v1MsoNormal\">El impacto habr\u00eda ocurrido cuando el cami\u00f3n tuvo que frenar para reducir velocidad frente a un rompemuelle; en ese entonces, el veh\u00edculo peque\u00f1o impact\u00f3 con la carrocer\u00eda del cami\u00f3n.<\/p>\n<p class=\"v1MsoNormal\">De todas las personas fallecidas, s\u00f3lo dos pudieron ser identificadas y sus familiares fueron notificados con la lamentable noticia. Se espera que en las pr\u00f3ximas horas tambi\u00e9n se reconozcan a los otros cuatro muertos. (ANF)<\/p>\n<p class=\"v1MsoNormal\">\n","protected":false},"excerpt":{"rendered":"<p>Dos hechos de tr\u00e1nsito suscitados ayer dejaron el saldo de seis muertos y al menos siete heridos; los infortunios se registraron en Santa Cruz y Potos\u00ed.\u00a0De las personas fallecidas, s\u00f3lo dos lograron ser identificadas y sus familiares fueron notificados con la lamentable noticia. El primer siniestro sucedi\u00f3 esta madrugada en la carretera Potos\u00ed-Chuquisaca. Un bus [&hellip;]<\/p>\n","protected":false},"author":1,"featured_media":193296,"comment_status":"closed","ping_status":"open","sticky":false,"template":"","format":"standard","meta":{"_acf_changed":false,"footnotes":""},"categories":[15],"tags":[],"class_list":["post-193295","post","type-post","status-publish","format-standard","has-post-thumbnail","category-portada"],"acf":{"antetitulo":""},"yoast_head":"<!-- This site is optimized with the Yoast SEO plugin v28.4 - https:\/\/yoast.com\/product\/yoast-seo-wordpress\/ -->\n<title>Dos hechos de tr\u00e1nsito dejan seis muertos y siete heridos - El Diario - Bolivia<\/title>\n<meta name=\"robots\" content=\"index, follow, max-snippet:-1, max-image-preview:large, max-video-preview:-1\" \/>\n<link rel=\"canonical\" href=\"https:\/\/www.eldiario.net\/portal\/2023\/12\/17\/dos-hechos-de-transito-dejan-seis-muertos-y-siete-heridos\/\" \/>\n<meta property=\"og:locale\" content=\"es_ES\" \/>\n<meta property=\"og:type\" content=\"article\" \/>\n<meta property=\"og:title\" content=\"Dos hechos de tr\u00e1nsito dejan seis muertos y siete heridos - El Diario - Bolivia\" \/>\n<meta property=\"og:description\" content=\"Dos hechos de tr\u00e1nsito suscitados ayer dejaron el saldo de seis muertos y al menos siete heridos; los infortunios se registraron en Santa Cruz y Potos\u00ed.\u00a0De las personas fallecidas, s\u00f3lo dos lograron ser identificadas y sus familiares fueron notificados con la lamentable noticia. El primer siniestro sucedi\u00f3 esta madrugada en la carretera Potos\u00ed-Chuquisaca. Un bus [&hellip;]\" \/>\n<meta property=\"og:url\" content=\"https:\/\/www.eldiario.net\/portal\/2023\/12\/17\/dos-hechos-de-transito-dejan-seis-muertos-y-siete-heridos\/\" \/>\n<meta property=\"og:site_name\" content=\"El Diario - Bolivia\" \/>\n<meta property=\"article:publisher\" content=\"https:\/\/www.facebook.com\/eldiario.bolivia\/\" \/>\n<meta property=\"article:published_time\" content=\"2023-12-17T11:36:16+00:00\" \/>\n<meta property=\"og:image\" content=\"https:\/\/www.eldiario.net\/portal\/wp-content\/uploads\/2023\/12\/hechos-de-transito-anf.jpg\" \/>\n\t<meta property=\"og:image:width\" content=\"600\" \/>\n\t<meta property=\"og:image:height\" content=\"338\" \/>\n\t<meta property=\"og:image:type\" content=\"image\/jpeg\" \/>\n<meta name=\"author\" content=\"Jeanette\" \/>\n<meta name=\"twitter:card\" content=\"summary_large_image\" \/>\n<meta name=\"twitter:creator\" content=\"@eldiario_net\" \/>\n<meta name=\"twitter:site\" content=\"@eldiario_net\" \/>\n<meta name=\"twitter:label1\" content=\"Escrito por\" \/>\n\t<meta name=\"twitter:data1\" content=\"Jeanette\" \/>\n\t<meta name=\"twitter:label2\" content=\"Tiempo de lectura\" \/>\n\t<meta name=\"twitter:data2\" content=\"2 minutos\" \/>\n<script type=\"application\/ld+json\" class=\"yoast-schema-graph\">{\"@context\":\"https:\\\/\\\/schema.org\",\"@graph\":[{\"@type\":\"Article\",\"@id\":\"https:\\\/\\\/www.eldiario.net\\\/portal\\\/2023\\\/12\\\/17\\\/dos-hechos-de-transito-dejan-seis-muertos-y-siete-heridos\\\/#article\",\"isPartOf\":{\"@id\":\"https:\\\/\\\/www.eldiario.net\\\/portal\\\/2023\\\/12\\\/17\\\/dos-hechos-de-transito-dejan-seis-muertos-y-siete-heridos\\\/\"},\"author\":{\"name\":\"Jeanette\",\"@id\":\"https:\\\/\\\/www.eldiario.net\\\/portal\\\/#\\\/schema\\\/person\\\/f46445640444750d7d753ccd04ae01b7\"},\"headline\":\"Dos hechos de tr\u00e1nsito dejan seis muertos y siete heridos\",\"datePublished\":\"2023-12-17T11:36:16+00:00\",\"mainEntityOfPage\":{\"@id\":\"https:\\\/\\\/www.eldiario.net\\\/portal\\\/2023\\\/12\\\/17\\\/dos-hechos-de-transito-dejan-seis-muertos-y-siete-heridos\\\/\"},\"wordCount\":311,\"publisher\":{\"@id\":\"https:\\\/\\\/www.eldiario.net\\\/portal\\\/#organization\"},\"image\":{\"@id\":\"https:\\\/\\\/www.eldiario.net\\\/portal\\\/2023\\\/12\\\/17\\\/dos-hechos-de-transito-dejan-seis-muertos-y-siete-heridos\\\/#primaryimage\"},\"thumbnailUrl\":\"https:\\\/\\\/www.eldiario.net\\\/portal\\\/wp-content\\\/uploads\\\/2023\\\/12\\\/hechos-de-transito-anf.jpg\",\"articleSection\":[\"Portada\"],\"inLanguage\":\"es\"},{\"@type\":\"WebPage\",\"@id\":\"https:\\\/\\\/www.eldiario.net\\\/portal\\\/2023\\\/12\\\/17\\\/dos-hechos-de-transito-dejan-seis-muertos-y-siete-heridos\\\/\",\"url\":\"https:\\\/\\\/www.eldiario.net\\\/portal\\\/2023\\\/12\\\/17\\\/dos-hechos-de-transito-dejan-seis-muertos-y-siete-heridos\\\/\",\"name\":\"Dos hechos de tr\u00e1nsito dejan seis muertos y siete heridos - El Diario - Bolivia\",\"isPartOf\":{\"@id\":\"https:\\\/\\\/www.eldiario.net\\\/portal\\\/#website\"},\"primaryImageOfPage\":{\"@id\":\"https:\\\/\\\/www.eldiario.net\\\/portal\\\/2023\\\/12\\\/17\\\/dos-hechos-de-transito-dejan-seis-muertos-y-siete-heridos\\\/#primaryimage\"},\"image\":{\"@id\":\"https:\\\/\\\/www.eldiario.net\\\/portal\\\/2023\\\/12\\\/17\\\/dos-hechos-de-transito-dejan-seis-muertos-y-siete-heridos\\\/#primaryimage\"},\"thumbnailUrl\":\"https:\\\/\\\/www.eldiario.net\\\/portal\\\/wp-content\\\/uploads\\\/2023\\\/12\\\/hechos-de-transito-anf.jpg\",\"datePublished\":\"2023-12-17T11:36:16+00:00\",\"breadcrumb\":{\"@id\":\"https:\\\/\\\/www.eldiario.net\\\/portal\\\/2023\\\/12\\\/17\\\/dos-hechos-de-transito-dejan-seis-muertos-y-siete-heridos\\\/#breadcrumb\"},\"inLanguage\":\"es\",\"potentialAction\":[{\"@type\":\"ReadAction\",\"target\":[\"https:\\\/\\\/www.eldiario.net\\\/portal\\\/2023\\\/12\\\/17\\\/dos-hechos-de-transito-dejan-seis-muertos-y-siete-heridos\\\/\"]}]},{\"@type\":\"ImageObject\",\"inLanguage\":\"es\",\"@id\":\"https:\\\/\\\/www.eldiario.net\\\/portal\\\/2023\\\/12\\\/17\\\/dos-hechos-de-transito-dejan-seis-muertos-y-siete-heridos\\\/#primaryimage\",\"url\":\"https:\\\/\\\/www.eldiario.net\\\/portal\\\/wp-content\\\/uploads\\\/2023\\\/12\\\/hechos-de-transito-anf.jpg\",\"contentUrl\":\"https:\\\/\\\/www.eldiario.net\\\/portal\\\/wp-content\\\/uploads\\\/2023\\\/12\\\/hechos-de-transito-anf.jpg\",\"width\":600,\"height\":338,\"caption\":\"Tragedia en carreteras del oriente y del occidente. CREDITO: ANF\"},{\"@type\":\"BreadcrumbList\",\"@id\":\"https:\\\/\\\/www.eldiario.net\\\/portal\\\/2023\\\/12\\\/17\\\/dos-hechos-de-transito-dejan-seis-muertos-y-siete-heridos\\\/#breadcrumb\",\"itemListElement\":[{\"@type\":\"ListItem\",\"position\":1,\"name\":\"Portada\",\"item\":\"https:\\\/\\\/www.eldiario.net\\\/portal\\\/\"},{\"@type\":\"ListItem\",\"position\":2,\"name\":\"Dos hechos de tr\u00e1nsito dejan seis muertos y siete heridos\"}]},{\"@type\":\"WebSite\",\"@id\":\"https:\\\/\\\/www.eldiario.net\\\/portal\\\/#website\",\"url\":\"https:\\\/\\\/www.eldiario.net\\\/portal\\\/\",\"name\":\"El Diario - Decano de la prensa nacional\",\"description\":\"El Diario - Decano de la prensa nacional\",\"publisher\":{\"@id\":\"https:\\\/\\\/www.eldiario.net\\\/portal\\\/#organization\"},\"potentialAction\":[{\"@type\":\"SearchAction\",\"target\":{\"@type\":\"EntryPoint\",\"urlTemplate\":\"https:\\\/\\\/www.eldiario.net\\\/portal\\\/?s={search_term_string}\"},\"query-input\":{\"@type\":\"PropertyValueSpecification\",\"valueRequired\":true,\"valueName\":\"search_term_string\"}}],\"inLanguage\":\"es\"},{\"@type\":\"Organization\",\"@id\":\"https:\\\/\\\/www.eldiario.net\\\/portal\\\/#organization\",\"name\":\"El Diario - Decano de la prensa nacional\",\"url\":\"https:\\\/\\\/www.eldiario.net\\\/portal\\\/\",\"logo\":{\"@type\":\"ImageObject\",\"inLanguage\":\"es\",\"@id\":\"https:\\\/\\\/www.eldiario.net\\\/portal\\\/#\\\/schema\\\/logo\\\/image\\\/\",\"url\":\"https:\\\/\\\/www.eldiario.net\\\/portal\\\/wp-content\\\/uploads\\\/2023\\\/07\\\/logo_ED.jpg\",\"contentUrl\":\"https:\\\/\\\/www.eldiario.net\\\/portal\\\/wp-content\\\/uploads\\\/2023\\\/07\\\/logo_ED.jpg\",\"width\":272,\"height\":52,\"caption\":\"El Diario - Decano de la prensa nacional\"},\"image\":{\"@id\":\"https:\\\/\\\/www.eldiario.net\\\/portal\\\/#\\\/schema\\\/logo\\\/image\\\/\"},\"sameAs\":[\"https:\\\/\\\/www.facebook.com\\\/eldiario.bolivia\\\/\",\"https:\\\/\\\/x.com\\\/eldiario_net\"]},{\"@type\":\"Person\",\"@id\":\"https:\\\/\\\/www.eldiario.net\\\/portal\\\/#\\\/schema\\\/person\\\/f46445640444750d7d753ccd04ae01b7\",\"name\":\"Jeanette\",\"image\":{\"@type\":\"ImageObject\",\"inLanguage\":\"es\",\"@id\":\"https:\\\/\\\/secure.gravatar.com\\\/avatar\\\/3ea2118a5f7dad2b7138b1187a6b7ee55f160b9968b66013c3a3ef39dd7e5798?s=96&d=mm&r=g\",\"url\":\"https:\\\/\\\/secure.gravatar.com\\\/avatar\\\/3ea2118a5f7dad2b7138b1187a6b7ee55f160b9968b66013c3a3ef39dd7e5798?s=96&d=mm&r=g\",\"contentUrl\":\"https:\\\/\\\/secure.gravatar.com\\\/avatar\\\/3ea2118a5f7dad2b7138b1187a6b7ee55f160b9968b66013c3a3ef39dd7e5798?s=96&d=mm&r=g\",\"caption\":\"Jeanette\"},\"sameAs\":[\"https:\\\/\\\/www.eldiario.net\\\/portal\"],\"url\":\"https:\\\/\\\/www.eldiario.net\\\/portal\\\/author\\\/jeanette\\\/\"}]}<\/script>\n<!-- \/ Yoast SEO plugin. -->","yoast_head_json":{"title":"Dos hechos de tr\u00e1nsito dejan seis muertos y siete heridos - El Diario - Bolivia","robots":{"index":"index","follow":"follow","max-snippet":"max-snippet:-1","max-image-preview":"max-image-preview:large","max-video-preview":"max-video-preview:-1"},"canonical":"https:\/\/www.eldiario.net\/portal\/2023\/12\/17\/dos-hechos-de-transito-dejan-seis-muertos-y-siete-heridos\/","og_locale":"es_ES","og_type":"article","og_title":"Dos hechos de tr\u00e1nsito dejan seis muertos y siete heridos - El Diario - Bolivia","og_description":"Dos hechos de tr\u00e1nsito suscitados ayer dejaron el saldo de seis muertos y al menos siete heridos; los infortunios se registraron en Santa Cruz y Potos\u00ed.\u00a0De las personas fallecidas, s\u00f3lo dos lograron ser identificadas y sus familiares fueron notificados con la lamentable noticia. El primer siniestro sucedi\u00f3 esta madrugada en la carretera Potos\u00ed-Chuquisaca. Un bus [&hellip;]","og_url":"https:\/\/www.eldiario.net\/portal\/2023\/12\/17\/dos-hechos-de-transito-dejan-seis-muertos-y-siete-heridos\/","og_site_name":"El Diario - Bolivia","article_publisher":"https:\/\/www.facebook.com\/eldiario.bolivia\/","article_published_time":"2023-12-17T11:36:16+00:00","og_image":[{"width":600,"height":338,"url":"https:\/\/www.eldiario.net\/portal\/wp-content\/uploads\/2023\/12\/hechos-de-transito-anf.jpg","type":"image\/jpeg"}],"author":"Jeanette","twitter_card":"summary_large_image","twitter_creator":"@eldiario_net","twitter_site":"@eldiario_net","twitter_misc":{"Escrito por":"Jeanette","Tiempo de lectura":"2 minutos"},"schema":{"@context":"https:\/\/schema.org","@graph":[{"@type":"Article","@id":"https:\/\/www.eldiario.net\/portal\/2023\/12\/17\/dos-hechos-de-transito-dejan-seis-muertos-y-siete-heridos\/#article","isPartOf":{"@id":"https:\/\/www.eldiario.net\/portal\/2023\/12\/17\/dos-hechos-de-transito-dejan-seis-muertos-y-siete-heridos\/"},"author":{"name":"Jeanette","@id":"https:\/\/www.eldiario.net\/portal\/#\/schema\/person\/f46445640444750d7d753ccd04ae01b7"},"headline":"Dos hechos de tr\u00e1nsito dejan seis muertos y siete heridos","datePublished":"2023-12-17T11:36:16+00:00","mainEntityOfPage":{"@id":"https:\/\/www.eldiario.net\/portal\/2023\/12\/17\/dos-hechos-de-transito-dejan-seis-muertos-y-siete-heridos\/"},"wordCount":311,"publisher":{"@id":"https:\/\/www.eldiario.net\/portal\/#organization"},"image":{"@id":"https:\/\/www.eldiario.net\/portal\/2023\/12\/17\/dos-hechos-de-transito-dejan-seis-muertos-y-siete-heridos\/#primaryimage"},"thumbnailUrl":"https:\/\/www.eldiario.net\/portal\/wp-content\/uploads\/2023\/12\/hechos-de-transito-anf.jpg","articleSection":["Portada"],"inLanguage":"es"},{"@type":"WebPage","@id":"https:\/\/www.eldiario.net\/portal\/2023\/12\/17\/dos-hechos-de-transito-dejan-seis-muertos-y-siete-heridos\/","url":"https:\/\/www.eldiario.net\/portal\/2023\/12\/17\/dos-hechos-de-transito-dejan-seis-muertos-y-siete-heridos\/","name":"Dos hechos de tr\u00e1nsito dejan seis muertos y siete heridos - El Diario - Bolivia","isPartOf":{"@id":"https:\/\/www.eldiario.net\/portal\/#website"},"primaryImageOfPage":{"@id":"https:\/\/www.eldiario.net\/portal\/2023\/12\/17\/dos-hechos-de-transito-dejan-seis-muertos-y-siete-heridos\/#primaryimage"},"image":{"@id":"https:\/\/www.eldiario.net\/portal\/2023\/12\/17\/dos-hechos-de-transito-dejan-seis-muertos-y-siete-heridos\/#primaryimage"},"thumbnailUrl":"https:\/\/www.eldiario.net\/portal\/wp-content\/uploads\/2023\/12\/hechos-de-transito-anf.jpg","datePublished":"2023-12-17T11:36:16+00:00","breadcrumb":{"@id":"https:\/\/www.eldiario.net\/portal\/2023\/12\/17\/dos-hechos-de-transito-dejan-seis-muertos-y-siete-heridos\/#breadcrumb"},"inLanguage":"es","potentialAction":[{"@type":"ReadAction","target":["https:\/\/www.eldiario.net\/portal\/2023\/12\/17\/dos-hechos-de-transito-dejan-seis-muertos-y-siete-heridos\/"]}]},{"@type":"ImageObject","inLanguage":"es","@id":"https:\/\/www.eldiario.net\/portal\/2023\/12\/17\/dos-hechos-de-transito-dejan-seis-muertos-y-siete-heridos\/#primaryimage","url":"https:\/\/www.eldiario.net\/portal\/wp-content\/uploads\/2023\/12\/hechos-de-transito-anf.jpg","contentUrl":"https:\/\/www.eldiario.net\/portal\/wp-content\/uploads\/2023\/12\/hechos-de-transito-anf.jpg","width":600,"height":338,"caption":"Tragedia en carreteras del oriente y del occidente. CREDITO: ANF"},{"@type":"BreadcrumbList","@id":"https:\/\/www.eldiario.net\/portal\/2023\/12\/17\/dos-hechos-de-transito-dejan-seis-muertos-y-siete-heridos\/#breadcrumb","itemListElement":[{"@type":"ListItem","position":1,"name":"Portada","item":"https:\/\/www.eldiario.net\/portal\/"},{"@type":"ListItem","position":2,"name":"Dos hechos de tr\u00e1nsito dejan seis muertos y siete heridos"}]},{"@type":"WebSite","@id":"https:\/\/www.eldiario.net\/portal\/#website","url":"https:\/\/www.eldiario.net\/portal\/","name":"El Diario - Decano de la prensa nacional","description":"El Diario - Decano de la prensa nacional","publisher":{"@id":"https:\/\/www.eldiario.net\/portal\/#organization"},"potentialAction":[{"@type":"SearchAction","target":{"@type":"EntryPoint","urlTemplate":"https:\/\/www.eldiario.net\/portal\/?s={search_term_string}"},"query-input":{"@type":"PropertyValueSpecification","valueRequired":true,"valueName":"search_term_string"}}],"inLanguage":"es"},{"@type":"Organization","@id":"https:\/\/www.eldiario.net\/portal\/#organization","name":"El Diario - Decano de la prensa nacional","url":"https:\/\/www.eldiario.net\/portal\/","logo":{"@type":"ImageObject","inLanguage":"es","@id":"https:\/\/www.eldiario.net\/portal\/#\/schema\/logo\/image\/","url":"https:\/\/www.eldiario.net\/portal\/wp-content\/uploads\/2023\/07\/logo_ED.jpg","contentUrl":"https:\/\/www.eldiario.net\/portal\/wp-content\/uploads\/2023\/07\/logo_ED.jpg","width":272,"height":52,"caption":"El Diario - Decano de la prensa nacional"},"image":{"@id":"https:\/\/www.eldiario.net\/portal\/#\/schema\/logo\/image\/"},"sameAs":["https:\/\/www.facebook.com\/eldiario.bolivia\/","https:\/\/x.com\/eldiario_net"]},{"@type":"Person","@id":"https:\/\/www.eldiario.net\/portal\/#\/schema\/person\/f46445640444750d7d753ccd04ae01b7","name":"Jeanette","image":{"@type":"ImageObject","inLanguage":"es","@id":"https:\/\/secure.gravatar.com\/avatar\/3ea2118a5f7dad2b7138b1187a6b7ee55f160b9968b66013c3a3ef39dd7e5798?s=96&d=mm&r=g","url":"https:\/\/secure.gravatar.com\/avatar\/3ea2118a5f7dad2b7138b1187a6b7ee55f160b9968b66013c3a3ef39dd7e5798?s=96&d=mm&r=g","contentUrl":"https:\/\/secure.gravatar.com\/avatar\/3ea2118a5f7dad2b7138b1187a6b7ee55f160b9968b66013c3a3ef39dd7e5798?s=96&d=mm&r=g","caption":"Jeanette"},"sameAs":["https:\/\/www.eldiario.net\/portal"],"url":"https:\/\/www.eldiario.net\/portal\/author\/jeanette\/"}]}},"_links":{"self":[{"href":"https:\/\/www.eldiario.net\/portal\/wp-json\/wp\/v2\/posts\/193295","targetHints":{"allow":["GET"]}}],"collection":[{"href":"https:\/\/www.eldiario.net\/portal\/wp-json\/wp\/v2\/posts"}],"about":[{"href":"https:\/\/www.eldiario.net\/portal\/wp-json\/wp\/v2\/types\/post"}],"author":[{"embeddable":true,"href":"https:\/\/www.eldiario.net\/portal\/wp-json\/wp\/v2\/users\/1"}],"replies":[{"embeddable":true,"href":"https:\/\/www.eldiario.net\/portal\/wp-json\/wp\/v2\/comments?post=193295"}],"version-history":[{"count":0,"href":"https:\/\/www.eldiario.net\/portal\/wp-json\/wp\/v2\/posts\/193295\/revisions"}],"wp:featuredmedia":[{"embeddable":true,"href":"https:\/\/www.eldiario.net\/portal\/wp-json\/wp\/v2\/media\/193296"}],"wp:attachment":[{"href":"https:\/\/www.eldiario.net\/portal\/wp-json\/wp\/v2\/media?parent=193295"}],"wp:term":[{"taxonomy":"category","embeddable":true,"href":"https:\/\/www.eldiario.net\/portal\/wp-json\/wp\/v2\/categories?post=193295"},{"taxonomy":"post_tag","embeddable":true,"href":"https:\/\/www.eldiario.net\/portal\/wp-json\/wp\/v2\/tags?post=193295"}],"curies":[{"name":"wp","href":"https:\/\/api.w.org\/{rel}","templated":true}]}}