{"id":193279,"date":"2023-12-17T00:21:37","date_gmt":"2023-12-17T04:21:37","guid":{"rendered":"https:\/\/www.eldiario.net\/portal\/?p=193279"},"modified":"2023-12-17T00:21:37","modified_gmt":"2023-12-17T04:21:37","slug":"aquaman-y-el-reino-perdido-protagonizada-por-jason-momoa","status":"publish","type":"post","link":"https:\/\/www.eldiario.net\/portal\/2023\/12\/17\/aquaman-y-el-reino-perdido-protagonizada-por-jason-momoa\/","title":{"rendered":"\u201cAquaman y el Reino Perdido\u201d, protagonizada por Jason Momoa"},"content":{"rendered":"<p>La pel\u00edcula Aquaman y el Reino Perdido est\u00e1 basada en el personaje de DC Comics, Aquaman. Es la secuela de Aquaman (2018) y la decimoquinta y \u00faltima pel\u00edcula del Universo extendido de DC (DCEU). La pel\u00edcula ser\u00e1 dirigida por James Wan, a partir de un guion escrito por David Leslie Johnson-McGoldrick y es protagonizada por Jason Momoa como Arthur Curry \/ Aquaman junto a, Amber Heard, Patrick Wilson, Dolph Lundgren, Yahya Abdul-Mateen II, Temuera Morrison, y Nicole Kidman.<br \/>\nMomoa ide\u00f3 una historia para una secuela de Aquaman durante la producci\u00f3n de la primera pel\u00edcula. Johnson-McGoldrick firm\u00f3 para escribir el guion un mes despu\u00e9s. En agosto de 2020, se confirm\u00f3 que Wan dirigir\u00e1 la pel\u00edcula y dijo que la pel\u00edcula ampliar\u00eda la construcci\u00f3n del mundo de Aquaman, y anunci\u00f3 el t\u00edtulo de la secuela en junio de 2021. El rodaje comenz\u00f3 a finales de mes y concluy\u00f3 en enero de 2022, teniendo lugar en Reino Unido, Haw\u00e1i y Los \u00c1ngeles.<br \/>\nAquaman y el Reino Perdido se estrena en los cines de Bolivia el 21 de diciembre de 2023.<br \/>\nVarios a\u00f1os despu\u00e9s de los acontecimientos de la primera pel\u00edcula, Arthur Curry \/ Aquaman se ve obligado a proteger Atlantis y sus seres queridos de la devastaci\u00f3n despu\u00e9s de que David Kane \/ Manta Negra desate un antiguo poder obteniendo el Tridente Negro maldito. Para lograrlo, tendr\u00e1 que buscar la ayuda de un improbable aliado, su hermano Orm.<br \/>\nEl reparto<br \/>\n\u2022\tJason Momoa como Arthur Curry \/ Aquaman:<br \/>\nEl rey mitad atlante, mitad humano de Atlantis que puede nadar a velocidades supers\u00f3nicas y comunicarse con la vida acu\u00e1tica.<br \/>\n\u2022\tPatrick Wilson como Orm Marius \/ Ocean Master:<br \/>\nMedio hermano atlante de Arthur y ex rey de Atlantis, que est\u00e1 encarcelado tras sus cr\u00edmenes contra Atlantis. Arthur lo recluta para luchar contra Manta.<br \/>\n\u2022\tAmber Heard como Mera:<br \/>\nLa Reina de la Atlantis, esposa de Arthur, madre de Arthur Jr. e hija del Rey Nereus que puede controlar el agua con su mente y comunicarse telep\u00e1ticamente con otros atlantes.<br \/>\n\u2022\tYahya Abdul-Mateen II como David Kane \/ Manta Negra:<br \/>\nUn pirata despiadado y mercenario de alta mar que usa un traje blindado atlante, y empu\u00f1a el poderoso Tridente Negro, buscando matar a Aquaman como venganza por la muerte de su padre. El director James Wan hab\u00eda planeado desde la primera pel\u00edcula que Kane se convirtiera en el villano principal de su secuela.<br \/>\n\u2022\tNicole Kidman como Atlanna: la madre de Arthur y ex reina de Atlantis.<br \/>\nCompletando el reparto est\u00e1n Dolph Lundgren como Nereus, el rey de Xebel y el padre de Mera;  Randall Park como el Dr. Stephen Shin, un bi\u00f3logo marino obsesionado con encontrar a Atlantis;  y Temuera Morrison como Thomas Curry, el padre de Arthur que trabaja como farero.  Tambi\u00e9n aparecen Vincent Regan como Atlan, el primer rey de Atlantis; Jani Zhao como Stingray; Indya Moore como Karshon.<br \/>\n<div id='gallery-1' class='gallery galleryid-193279 gallery-columns-3 gallery-size-medium'><figure class='gallery-item'>\n\t\t\t<div class='gallery-icon portrait'>\n\t\t\t\t<a href='https:\/\/www.eldiario.net\/portal\/2023\/12\/17\/aquaman-y-el-reino-perdido-protagonizada-por-jason-momoa\/aquaman-y-el-reino-perdido-protagonizada-por-jason-momoa-2\/'><img loading=\"lazy\" decoding=\"async\" width=\"203\" height=\"300\" src=\"https:\/\/www.eldiario.net\/portal\/wp-content\/uploads\/2023\/12\/Aquaman-y-el-Reino-Perdido-protagonizada-por-Jason-Momoa-2-scaled-1-203x300.jpg\" class=\"attachment-medium size-medium\" alt=\"\" srcset=\"https:\/\/www.eldiario.net\/portal\/wp-content\/uploads\/2023\/12\/Aquaman-y-el-Reino-Perdido-protagonizada-por-Jason-Momoa-2-scaled-1-203x300.jpg 203w, https:\/\/www.eldiario.net\/portal\/wp-content\/uploads\/2023\/12\/Aquaman-y-el-Reino-Perdido-protagonizada-por-Jason-Momoa-2-scaled-1-691x1024.jpg 691w, https:\/\/www.eldiario.net\/portal\/wp-content\/uploads\/2023\/12\/Aquaman-y-el-Reino-Perdido-protagonizada-por-Jason-Momoa-2-scaled-1-768x1138.jpg 768w, https:\/\/www.eldiario.net\/portal\/wp-content\/uploads\/2023\/12\/Aquaman-y-el-Reino-Perdido-protagonizada-por-Jason-Momoa-2-scaled-1-1037x1536.jpg 1037w, https:\/\/www.eldiario.net\/portal\/wp-content\/uploads\/2023\/12\/Aquaman-y-el-Reino-Perdido-protagonizada-por-Jason-Momoa-2-scaled-1-1382x2048.jpg 1382w, https:\/\/www.eldiario.net\/portal\/wp-content\/uploads\/2023\/12\/Aquaman-y-el-Reino-Perdido-protagonizada-por-Jason-Momoa-2-scaled-1-696x1031.jpg 696w, https:\/\/www.eldiario.net\/portal\/wp-content\/uploads\/2023\/12\/Aquaman-y-el-Reino-Perdido-protagonizada-por-Jason-Momoa-2-scaled-1-1068x1582.jpg 1068w, https:\/\/www.eldiario.net\/portal\/wp-content\/uploads\/2023\/12\/Aquaman-y-el-Reino-Perdido-protagonizada-por-Jason-Momoa-2-scaled-1.jpg 1728w\" sizes=\"auto, (max-width: 203px) 100vw, 203px\" \/><\/a>\n\t\t\t<\/div><\/figure><figure class='gallery-item'>\n\t\t\t<div class='gallery-icon landscape'>\n\t\t\t\t<a href='https:\/\/www.eldiario.net\/portal\/2023\/12\/17\/aquaman-y-el-reino-perdido-protagonizada-por-jason-momoa\/aquaman-y-el-reino-perdido-protagonizada-por-jason-momoa-3\/'><img loading=\"lazy\" decoding=\"async\" width=\"300\" height=\"300\" src=\"https:\/\/www.eldiario.net\/portal\/wp-content\/uploads\/2023\/12\/Aquaman-y-el-Reino-Perdido-protagonizada-por-Jason-Momoa-300x300.jpg\" class=\"attachment-medium size-medium\" alt=\"\" srcset=\"https:\/\/www.eldiario.net\/portal\/wp-content\/uploads\/2023\/12\/Aquaman-y-el-Reino-Perdido-protagonizada-por-Jason-Momoa-300x300.jpg 300w, https:\/\/www.eldiario.net\/portal\/wp-content\/uploads\/2023\/12\/Aquaman-y-el-Reino-Perdido-protagonizada-por-Jason-Momoa-1024x1024.jpg 1024w, https:\/\/www.eldiario.net\/portal\/wp-content\/uploads\/2023\/12\/Aquaman-y-el-Reino-Perdido-protagonizada-por-Jason-Momoa-150x150.jpg 150w, https:\/\/www.eldiario.net\/portal\/wp-content\/uploads\/2023\/12\/Aquaman-y-el-Reino-Perdido-protagonizada-por-Jason-Momoa-768x768.jpg 768w, https:\/\/www.eldiario.net\/portal\/wp-content\/uploads\/2023\/12\/Aquaman-y-el-Reino-Perdido-protagonizada-por-Jason-Momoa-1536x1536.jpg 1536w, https:\/\/www.eldiario.net\/portal\/wp-content\/uploads\/2023\/12\/Aquaman-y-el-Reino-Perdido-protagonizada-por-Jason-Momoa-696x696.jpg 696w, https:\/\/www.eldiario.net\/portal\/wp-content\/uploads\/2023\/12\/Aquaman-y-el-Reino-Perdido-protagonizada-por-Jason-Momoa-1068x1068.jpg 1068w, https:\/\/www.eldiario.net\/portal\/wp-content\/uploads\/2023\/12\/Aquaman-y-el-Reino-Perdido-protagonizada-por-Jason-Momoa-1920x1920.jpg 1920w, https:\/\/www.eldiario.net\/portal\/wp-content\/uploads\/2023\/12\/Aquaman-y-el-Reino-Perdido-protagonizada-por-Jason-Momoa.jpg 1936w\" sizes=\"auto, (max-width: 300px) 100vw, 300px\" \/><\/a>\n\t\t\t<\/div><\/figure>\n\t\t<\/div>\n<\/p>\n","protected":false},"excerpt":{"rendered":"<p>La pel\u00edcula Aquaman y el Reino Perdido est\u00e1 basada en el personaje de DC Comics, Aquaman. Es la secuela de Aquaman (2018) y la decimoquinta y \u00faltima pel\u00edcula del Universo extendido de DC (DCEU). La pel\u00edcula ser\u00e1 dirigida por James Wan, a partir de un guion escrito por David Leslie Johnson-McGoldrick y es protagonizada por [&hellip;]<\/p>\n","protected":false},"author":1,"featured_media":193280,"comment_status":"closed","ping_status":"open","sticky":false,"template":"","format":"standard","meta":{"_acf_changed":false,"footnotes":""},"categories":[45],"tags":[],"class_list":["post-193279","post","type-post","status-publish","format-standard","has-post-thumbnail","category-cine-mundo"],"acf":{"antetitulo":""},"yoast_head":"<!-- This site is optimized with the Yoast SEO plugin v28.4 - https:\/\/yoast.com\/product\/yoast-seo-wordpress\/ -->\n<title>\u201cAquaman y el Reino Perdido\u201d, protagonizada por Jason Momoa - El Diario - Bolivia<\/title>\n<meta name=\"robots\" content=\"index, follow, max-snippet:-1, max-image-preview:large, max-video-preview:-1\" \/>\n<link rel=\"canonical\" href=\"https:\/\/www.eldiario.net\/portal\/2023\/12\/17\/aquaman-y-el-reino-perdido-protagonizada-por-jason-momoa\/\" \/>\n<meta property=\"og:locale\" content=\"es_ES\" \/>\n<meta property=\"og:type\" content=\"article\" \/>\n<meta property=\"og:title\" content=\"\u201cAquaman y el Reino Perdido\u201d, protagonizada por Jason Momoa - El Diario - Bolivia\" \/>\n<meta property=\"og:description\" content=\"La pel\u00edcula Aquaman y el Reino Perdido est\u00e1 basada en el personaje de DC Comics, Aquaman. Es la secuela de Aquaman (2018) y la decimoquinta y \u00faltima pel\u00edcula del Universo extendido de DC (DCEU). La pel\u00edcula ser\u00e1 dirigida por James Wan, a partir de un guion escrito por David Leslie Johnson-McGoldrick y es protagonizada por [&hellip;]\" \/>\n<meta property=\"og:url\" content=\"https:\/\/www.eldiario.net\/portal\/2023\/12\/17\/aquaman-y-el-reino-perdido-protagonizada-por-jason-momoa\/\" \/>\n<meta property=\"og:site_name\" content=\"El Diario - Bolivia\" \/>\n<meta property=\"article:publisher\" content=\"https:\/\/www.facebook.com\/eldiario.bolivia\/\" \/>\n<meta property=\"article:published_time\" content=\"2023-12-17T04:21:37+00:00\" \/>\n<meta property=\"og:image\" content=\"https:\/\/www.eldiario.net\/portal\/wp-content\/uploads\/2023\/12\/Aquaman-y-el-Reino-Perdido-protagonizada-por-Jason-Momoa-2-scaled-1.jpg\" \/>\n\t<meta property=\"og:image:width\" content=\"1728\" \/>\n\t<meta property=\"og:image:height\" content=\"2560\" \/>\n\t<meta property=\"og:image:type\" content=\"image\/jpeg\" \/>\n<meta name=\"author\" content=\"Jeanette\" \/>\n<meta name=\"twitter:card\" content=\"summary_large_image\" \/>\n<meta name=\"twitter:creator\" content=\"@eldiario_net\" \/>\n<meta name=\"twitter:site\" content=\"@eldiario_net\" \/>\n<meta name=\"twitter:label1\" content=\"Escrito por\" \/>\n\t<meta name=\"twitter:data1\" content=\"Jeanette\" \/>\n\t<meta name=\"twitter:label2\" content=\"Tiempo de lectura\" \/>\n\t<meta name=\"twitter:data2\" content=\"1 minuto\" \/>\n<script type=\"application\/ld+json\" class=\"yoast-schema-graph\">{\"@context\":\"https:\\\/\\\/schema.org\",\"@graph\":[{\"@type\":\"Article\",\"@id\":\"https:\\\/\\\/www.eldiario.net\\\/portal\\\/2023\\\/12\\\/17\\\/aquaman-y-el-reino-perdido-protagonizada-por-jason-momoa\\\/#article\",\"isPartOf\":{\"@id\":\"https:\\\/\\\/www.eldiario.net\\\/portal\\\/2023\\\/12\\\/17\\\/aquaman-y-el-reino-perdido-protagonizada-por-jason-momoa\\\/\"},\"author\":{\"name\":\"Jeanette\",\"@id\":\"https:\\\/\\\/www.eldiario.net\\\/portal\\\/#\\\/schema\\\/person\\\/f46445640444750d7d753ccd04ae01b7\"},\"headline\":\"\u201cAquaman y el Reino Perdido\u201d, protagonizada por Jason Momoa\",\"datePublished\":\"2023-12-17T04:21:37+00:00\",\"mainEntityOfPage\":{\"@id\":\"https:\\\/\\\/www.eldiario.net\\\/portal\\\/2023\\\/12\\\/17\\\/aquaman-y-el-reino-perdido-protagonizada-por-jason-momoa\\\/\"},\"wordCount\":500,\"publisher\":{\"@id\":\"https:\\\/\\\/www.eldiario.net\\\/portal\\\/#organization\"},\"image\":{\"@id\":\"https:\\\/\\\/www.eldiario.net\\\/portal\\\/2023\\\/12\\\/17\\\/aquaman-y-el-reino-perdido-protagonizada-por-jason-momoa\\\/#primaryimage\"},\"thumbnailUrl\":\"https:\\\/\\\/www.eldiario.net\\\/portal\\\/wp-content\\\/uploads\\\/2023\\\/12\\\/Aquaman-y-el-Reino-Perdido-protagonizada-por-Jason-Momoa-2-scaled-1.jpg\",\"articleSection\":[\"Cine Mundo\"],\"inLanguage\":\"es\"},{\"@type\":\"WebPage\",\"@id\":\"https:\\\/\\\/www.eldiario.net\\\/portal\\\/2023\\\/12\\\/17\\\/aquaman-y-el-reino-perdido-protagonizada-por-jason-momoa\\\/\",\"url\":\"https:\\\/\\\/www.eldiario.net\\\/portal\\\/2023\\\/12\\\/17\\\/aquaman-y-el-reino-perdido-protagonizada-por-jason-momoa\\\/\",\"name\":\"\u201cAquaman y el Reino Perdido\u201d, protagonizada por Jason Momoa - El Diario - Bolivia\",\"isPartOf\":{\"@id\":\"https:\\\/\\\/www.eldiario.net\\\/portal\\\/#website\"},\"primaryImageOfPage\":{\"@id\":\"https:\\\/\\\/www.eldiario.net\\\/portal\\\/2023\\\/12\\\/17\\\/aquaman-y-el-reino-perdido-protagonizada-por-jason-momoa\\\/#primaryimage\"},\"image\":{\"@id\":\"https:\\\/\\\/www.eldiario.net\\\/portal\\\/2023\\\/12\\\/17\\\/aquaman-y-el-reino-perdido-protagonizada-por-jason-momoa\\\/#primaryimage\"},\"thumbnailUrl\":\"https:\\\/\\\/www.eldiario.net\\\/portal\\\/wp-content\\\/uploads\\\/2023\\\/12\\\/Aquaman-y-el-Reino-Perdido-protagonizada-por-Jason-Momoa-2-scaled-1.jpg\",\"datePublished\":\"2023-12-17T04:21:37+00:00\",\"breadcrumb\":{\"@id\":\"https:\\\/\\\/www.eldiario.net\\\/portal\\\/2023\\\/12\\\/17\\\/aquaman-y-el-reino-perdido-protagonizada-por-jason-momoa\\\/#breadcrumb\"},\"inLanguage\":\"es\",\"potentialAction\":[{\"@type\":\"ReadAction\",\"target\":[\"https:\\\/\\\/www.eldiario.net\\\/portal\\\/2023\\\/12\\\/17\\\/aquaman-y-el-reino-perdido-protagonizada-por-jason-momoa\\\/\"]}]},{\"@type\":\"ImageObject\",\"inLanguage\":\"es\",\"@id\":\"https:\\\/\\\/www.eldiario.net\\\/portal\\\/2023\\\/12\\\/17\\\/aquaman-y-el-reino-perdido-protagonizada-por-jason-momoa\\\/#primaryimage\",\"url\":\"https:\\\/\\\/www.eldiario.net\\\/portal\\\/wp-content\\\/uploads\\\/2023\\\/12\\\/Aquaman-y-el-Reino-Perdido-protagonizada-por-Jason-Momoa-2-scaled-1.jpg\",\"contentUrl\":\"https:\\\/\\\/www.eldiario.net\\\/portal\\\/wp-content\\\/uploads\\\/2023\\\/12\\\/Aquaman-y-el-Reino-Perdido-protagonizada-por-Jason-Momoa-2-scaled-1.jpg\",\"width\":1728,\"height\":2560},{\"@type\":\"BreadcrumbList\",\"@id\":\"https:\\\/\\\/www.eldiario.net\\\/portal\\\/2023\\\/12\\\/17\\\/aquaman-y-el-reino-perdido-protagonizada-por-jason-momoa\\\/#breadcrumb\",\"itemListElement\":[{\"@type\":\"ListItem\",\"position\":1,\"name\":\"Portada\",\"item\":\"https:\\\/\\\/www.eldiario.net\\\/portal\\\/\"},{\"@type\":\"ListItem\",\"position\":2,\"name\":\"\u201cAquaman y el Reino Perdido\u201d, protagonizada por Jason Momoa\"}]},{\"@type\":\"WebSite\",\"@id\":\"https:\\\/\\\/www.eldiario.net\\\/portal\\\/#website\",\"url\":\"https:\\\/\\\/www.eldiario.net\\\/portal\\\/\",\"name\":\"El Diario - Decano de la prensa nacional\",\"description\":\"El Diario - Decano de la prensa nacional\",\"publisher\":{\"@id\":\"https:\\\/\\\/www.eldiario.net\\\/portal\\\/#organization\"},\"potentialAction\":[{\"@type\":\"SearchAction\",\"target\":{\"@type\":\"EntryPoint\",\"urlTemplate\":\"https:\\\/\\\/www.eldiario.net\\\/portal\\\/?s={search_term_string}\"},\"query-input\":{\"@type\":\"PropertyValueSpecification\",\"valueRequired\":true,\"valueName\":\"search_term_string\"}}],\"inLanguage\":\"es\"},{\"@type\":\"Organization\",\"@id\":\"https:\\\/\\\/www.eldiario.net\\\/portal\\\/#organization\",\"name\":\"El Diario - Decano de la prensa nacional\",\"url\":\"https:\\\/\\\/www.eldiario.net\\\/portal\\\/\",\"logo\":{\"@type\":\"ImageObject\",\"inLanguage\":\"es\",\"@id\":\"https:\\\/\\\/www.eldiario.net\\\/portal\\\/#\\\/schema\\\/logo\\\/image\\\/\",\"url\":\"https:\\\/\\\/www.eldiario.net\\\/portal\\\/wp-content\\\/uploads\\\/2023\\\/07\\\/logo_ED.jpg\",\"contentUrl\":\"https:\\\/\\\/www.eldiario.net\\\/portal\\\/wp-content\\\/uploads\\\/2023\\\/07\\\/logo_ED.jpg\",\"width\":272,\"height\":52,\"caption\":\"El Diario - Decano de la prensa nacional\"},\"image\":{\"@id\":\"https:\\\/\\\/www.eldiario.net\\\/portal\\\/#\\\/schema\\\/logo\\\/image\\\/\"},\"sameAs\":[\"https:\\\/\\\/www.facebook.com\\\/eldiario.bolivia\\\/\",\"https:\\\/\\\/x.com\\\/eldiario_net\"]},{\"@type\":\"Person\",\"@id\":\"https:\\\/\\\/www.eldiario.net\\\/portal\\\/#\\\/schema\\\/person\\\/f46445640444750d7d753ccd04ae01b7\",\"name\":\"Jeanette\",\"image\":{\"@type\":\"ImageObject\",\"inLanguage\":\"es\",\"@id\":\"https:\\\/\\\/secure.gravatar.com\\\/avatar\\\/3ea2118a5f7dad2b7138b1187a6b7ee55f160b9968b66013c3a3ef39dd7e5798?s=96&d=mm&r=g\",\"url\":\"https:\\\/\\\/secure.gravatar.com\\\/avatar\\\/3ea2118a5f7dad2b7138b1187a6b7ee55f160b9968b66013c3a3ef39dd7e5798?s=96&d=mm&r=g\",\"contentUrl\":\"https:\\\/\\\/secure.gravatar.com\\\/avatar\\\/3ea2118a5f7dad2b7138b1187a6b7ee55f160b9968b66013c3a3ef39dd7e5798?s=96&d=mm&r=g\",\"caption\":\"Jeanette\"},\"sameAs\":[\"https:\\\/\\\/www.eldiario.net\\\/portal\"],\"url\":\"https:\\\/\\\/www.eldiario.net\\\/portal\\\/author\\\/jeanette\\\/\"}]}<\/script>\n<!-- \/ Yoast SEO plugin. -->","yoast_head_json":{"title":"\u201cAquaman y el Reino Perdido\u201d, protagonizada por Jason Momoa - El Diario - Bolivia","robots":{"index":"index","follow":"follow","max-snippet":"max-snippet:-1","max-image-preview":"max-image-preview:large","max-video-preview":"max-video-preview:-1"},"canonical":"https:\/\/www.eldiario.net\/portal\/2023\/12\/17\/aquaman-y-el-reino-perdido-protagonizada-por-jason-momoa\/","og_locale":"es_ES","og_type":"article","og_title":"\u201cAquaman y el Reino Perdido\u201d, protagonizada por Jason Momoa - El Diario - Bolivia","og_description":"La pel\u00edcula Aquaman y el Reino Perdido est\u00e1 basada en el personaje de DC Comics, Aquaman. Es la secuela de Aquaman (2018) y la decimoquinta y \u00faltima pel\u00edcula del Universo extendido de DC (DCEU). La pel\u00edcula ser\u00e1 dirigida por James Wan, a partir de un guion escrito por David Leslie Johnson-McGoldrick y es protagonizada por [&hellip;]","og_url":"https:\/\/www.eldiario.net\/portal\/2023\/12\/17\/aquaman-y-el-reino-perdido-protagonizada-por-jason-momoa\/","og_site_name":"El Diario - Bolivia","article_publisher":"https:\/\/www.facebook.com\/eldiario.bolivia\/","article_published_time":"2023-12-17T04:21:37+00:00","og_image":[{"width":1728,"height":2560,"url":"https:\/\/www.eldiario.net\/portal\/wp-content\/uploads\/2023\/12\/Aquaman-y-el-Reino-Perdido-protagonizada-por-Jason-Momoa-2-scaled-1.jpg","type":"image\/jpeg"}],"author":"Jeanette","twitter_card":"summary_large_image","twitter_creator":"@eldiario_net","twitter_site":"@eldiario_net","twitter_misc":{"Escrito por":"Jeanette","Tiempo de lectura":"1 minuto"},"schema":{"@context":"https:\/\/schema.org","@graph":[{"@type":"Article","@id":"https:\/\/www.eldiario.net\/portal\/2023\/12\/17\/aquaman-y-el-reino-perdido-protagonizada-por-jason-momoa\/#article","isPartOf":{"@id":"https:\/\/www.eldiario.net\/portal\/2023\/12\/17\/aquaman-y-el-reino-perdido-protagonizada-por-jason-momoa\/"},"author":{"name":"Jeanette","@id":"https:\/\/www.eldiario.net\/portal\/#\/schema\/person\/f46445640444750d7d753ccd04ae01b7"},"headline":"\u201cAquaman y el Reino Perdido\u201d, protagonizada por Jason Momoa","datePublished":"2023-12-17T04:21:37+00:00","mainEntityOfPage":{"@id":"https:\/\/www.eldiario.net\/portal\/2023\/12\/17\/aquaman-y-el-reino-perdido-protagonizada-por-jason-momoa\/"},"wordCount":500,"publisher":{"@id":"https:\/\/www.eldiario.net\/portal\/#organization"},"image":{"@id":"https:\/\/www.eldiario.net\/portal\/2023\/12\/17\/aquaman-y-el-reino-perdido-protagonizada-por-jason-momoa\/#primaryimage"},"thumbnailUrl":"https:\/\/www.eldiario.net\/portal\/wp-content\/uploads\/2023\/12\/Aquaman-y-el-Reino-Perdido-protagonizada-por-Jason-Momoa-2-scaled-1.jpg","articleSection":["Cine Mundo"],"inLanguage":"es"},{"@type":"WebPage","@id":"https:\/\/www.eldiario.net\/portal\/2023\/12\/17\/aquaman-y-el-reino-perdido-protagonizada-por-jason-momoa\/","url":"https:\/\/www.eldiario.net\/portal\/2023\/12\/17\/aquaman-y-el-reino-perdido-protagonizada-por-jason-momoa\/","name":"\u201cAquaman y el Reino Perdido\u201d, protagonizada por Jason Momoa - El Diario - Bolivia","isPartOf":{"@id":"https:\/\/www.eldiario.net\/portal\/#website"},"primaryImageOfPage":{"@id":"https:\/\/www.eldiario.net\/portal\/2023\/12\/17\/aquaman-y-el-reino-perdido-protagonizada-por-jason-momoa\/#primaryimage"},"image":{"@id":"https:\/\/www.eldiario.net\/portal\/2023\/12\/17\/aquaman-y-el-reino-perdido-protagonizada-por-jason-momoa\/#primaryimage"},"thumbnailUrl":"https:\/\/www.eldiario.net\/portal\/wp-content\/uploads\/2023\/12\/Aquaman-y-el-Reino-Perdido-protagonizada-por-Jason-Momoa-2-scaled-1.jpg","datePublished":"2023-12-17T04:21:37+00:00","breadcrumb":{"@id":"https:\/\/www.eldiario.net\/portal\/2023\/12\/17\/aquaman-y-el-reino-perdido-protagonizada-por-jason-momoa\/#breadcrumb"},"inLanguage":"es","potentialAction":[{"@type":"ReadAction","target":["https:\/\/www.eldiario.net\/portal\/2023\/12\/17\/aquaman-y-el-reino-perdido-protagonizada-por-jason-momoa\/"]}]},{"@type":"ImageObject","inLanguage":"es","@id":"https:\/\/www.eldiario.net\/portal\/2023\/12\/17\/aquaman-y-el-reino-perdido-protagonizada-por-jason-momoa\/#primaryimage","url":"https:\/\/www.eldiario.net\/portal\/wp-content\/uploads\/2023\/12\/Aquaman-y-el-Reino-Perdido-protagonizada-por-Jason-Momoa-2-scaled-1.jpg","contentUrl":"https:\/\/www.eldiario.net\/portal\/wp-content\/uploads\/2023\/12\/Aquaman-y-el-Reino-Perdido-protagonizada-por-Jason-Momoa-2-scaled-1.jpg","width":1728,"height":2560},{"@type":"BreadcrumbList","@id":"https:\/\/www.eldiario.net\/portal\/2023\/12\/17\/aquaman-y-el-reino-perdido-protagonizada-por-jason-momoa\/#breadcrumb","itemListElement":[{"@type":"ListItem","position":1,"name":"Portada","item":"https:\/\/www.eldiario.net\/portal\/"},{"@type":"ListItem","position":2,"name":"\u201cAquaman y el Reino Perdido\u201d, protagonizada por Jason Momoa"}]},{"@type":"WebSite","@id":"https:\/\/www.eldiario.net\/portal\/#website","url":"https:\/\/www.eldiario.net\/portal\/","name":"El Diario - Decano de la prensa nacional","description":"El Diario - Decano de la prensa nacional","publisher":{"@id":"https:\/\/www.eldiario.net\/portal\/#organization"},"potentialAction":[{"@type":"SearchAction","target":{"@type":"EntryPoint","urlTemplate":"https:\/\/www.eldiario.net\/portal\/?s={search_term_string}"},"query-input":{"@type":"PropertyValueSpecification","valueRequired":true,"valueName":"search_term_string"}}],"inLanguage":"es"},{"@type":"Organization","@id":"https:\/\/www.eldiario.net\/portal\/#organization","name":"El Diario - Decano de la prensa nacional","url":"https:\/\/www.eldiario.net\/portal\/","logo":{"@type":"ImageObject","inLanguage":"es","@id":"https:\/\/www.eldiario.net\/portal\/#\/schema\/logo\/image\/","url":"https:\/\/www.eldiario.net\/portal\/wp-content\/uploads\/2023\/07\/logo_ED.jpg","contentUrl":"https:\/\/www.eldiario.net\/portal\/wp-content\/uploads\/2023\/07\/logo_ED.jpg","width":272,"height":52,"caption":"El Diario - Decano de la prensa nacional"},"image":{"@id":"https:\/\/www.eldiario.net\/portal\/#\/schema\/logo\/image\/"},"sameAs":["https:\/\/www.facebook.com\/eldiario.bolivia\/","https:\/\/x.com\/eldiario_net"]},{"@type":"Person","@id":"https:\/\/www.eldiario.net\/portal\/#\/schema\/person\/f46445640444750d7d753ccd04ae01b7","name":"Jeanette","image":{"@type":"ImageObject","inLanguage":"es","@id":"https:\/\/secure.gravatar.com\/avatar\/3ea2118a5f7dad2b7138b1187a6b7ee55f160b9968b66013c3a3ef39dd7e5798?s=96&d=mm&r=g","url":"https:\/\/secure.gravatar.com\/avatar\/3ea2118a5f7dad2b7138b1187a6b7ee55f160b9968b66013c3a3ef39dd7e5798?s=96&d=mm&r=g","contentUrl":"https:\/\/secure.gravatar.com\/avatar\/3ea2118a5f7dad2b7138b1187a6b7ee55f160b9968b66013c3a3ef39dd7e5798?s=96&d=mm&r=g","caption":"Jeanette"},"sameAs":["https:\/\/www.eldiario.net\/portal"],"url":"https:\/\/www.eldiario.net\/portal\/author\/jeanette\/"}]}},"_links":{"self":[{"href":"https:\/\/www.eldiario.net\/portal\/wp-json\/wp\/v2\/posts\/193279","targetHints":{"allow":["GET"]}}],"collection":[{"href":"https:\/\/www.eldiario.net\/portal\/wp-json\/wp\/v2\/posts"}],"about":[{"href":"https:\/\/www.eldiario.net\/portal\/wp-json\/wp\/v2\/types\/post"}],"author":[{"embeddable":true,"href":"https:\/\/www.eldiario.net\/portal\/wp-json\/wp\/v2\/users\/1"}],"replies":[{"embeddable":true,"href":"https:\/\/www.eldiario.net\/portal\/wp-json\/wp\/v2\/comments?post=193279"}],"version-history":[{"count":0,"href":"https:\/\/www.eldiario.net\/portal\/wp-json\/wp\/v2\/posts\/193279\/revisions"}],"wp:featuredmedia":[{"embeddable":true,"href":"https:\/\/www.eldiario.net\/portal\/wp-json\/wp\/v2\/media\/193280"}],"wp:attachment":[{"href":"https:\/\/www.eldiario.net\/portal\/wp-json\/wp\/v2\/media?parent=193279"}],"wp:term":[{"taxonomy":"category","embeddable":true,"href":"https:\/\/www.eldiario.net\/portal\/wp-json\/wp\/v2\/categories?post=193279"},{"taxonomy":"post_tag","embeddable":true,"href":"https:\/\/www.eldiario.net\/portal\/wp-json\/wp\/v2\/tags?post=193279"}],"curies":[{"name":"wp","href":"https:\/\/api.w.org\/{rel}","templated":true}]}}