{"id":193273,"date":"2023-12-17T00:19:51","date_gmt":"2023-12-17T04:19:51","guid":{"rendered":"https:\/\/www.eldiario.net\/portal\/?p=193273"},"modified":"2023-12-17T00:19:51","modified_gmt":"2023-12-17T04:19:51","slug":"cantar-bailar-y-volar-con-willy-wonka","status":"publish","type":"post","link":"https:\/\/www.eldiario.net\/portal\/2023\/12\/17\/cantar-bailar-y-volar-con-willy-wonka\/","title":{"rendered":"Cantar, bailar y volar con Willy Wonka"},"content":{"rendered":"<p>La m\u00fasica se suma a la magia de la historia de Willy Wonka, con seis canciones originales de Neil Hannon (con letra de Hannon, junto con Farnaby y King), junto a las muy queridas \u201cPure Imagination\u201d y el tema \u201cOompa Loompa\u201d. Las seis nuevas canciones son: \u201cA Hatful of Dreams\u201d, \u201cYou&#8217;ve Never Had Chocolate Like This\u201d, \u201cScrub Scrub\u201d, \u201cSweet Tooth\u201d, \u201cFor A Moment\u201d y \u201cA World of Your Own\u201d.<br \/>\nEl departamento musical de la pel\u00edcula contaba entre sus filas con el compositor Joby Talbot, el letrista Hannon, el supervisor musical James Taylor y el productor musical Charlie Rosen, as\u00ed como con un editor musical, un operador de ProTools en el plat\u00f3 y un asistente musical en el plat\u00f3 todos los d\u00edas.  Tambi\u00e9n hab\u00eda un preparador vocal, un ingeniero de mezclas y ayudantes que trabajaban con el reparto y en segundo plano.<br \/>\nLa preparaci\u00f3n vocal comenz\u00f3 cuatro meses previos al inicio de rodaje, lo que supuso la preparaci\u00f3n e investigaci\u00f3n con el reparto, los arreglos de Rosen de las pistas desde maquetas de piano a maquetas totalmente producidas y la pregrabaci\u00f3n de voces e instrumentos. Taylor y Rosen crearon el sonido de \u201cWonka\u201d prestando especial atenci\u00f3n a la instrumentaci\u00f3n, incorporando los sonidos de instrumentos como el acorde\u00f3n, el banjo y el dulcimer.<br \/>\nUna vez establecido el sonido y construidas las pistas, lleg\u00f3 el momento de a\u00f1adir las voces de los actores, pregrabando las canciones en Abbey Road; las pistas se reprodujeron durante el rodaje, y tambi\u00e9n se realizaron algunas grabaciones en directo en el set. Un estudio in situ permiti\u00f3 grabar cualquier cambio inmediato, ofreciendo la posibilidad de ajustar las voces sobre la marcha.<br \/>\n\tAdem\u00e1s de toda la preparaci\u00f3n vocal y musical, los miembros del reparto empezaron a trabajar con el core\u00f3grafo Christopher Gatelli al mismo tiempo que comenzaban su preparaci\u00f3n para cantar. Gatelli llam\u00f3 la atenci\u00f3n de King con su trabajo coreografiando la divertida rutina de sal\u00f3n de baile de los a\u00f1os 40 en \u201c\u00a1Ave, C\u00e9sar!\u201d de 2016. Gatelli \ttrabaj\u00f3 para crear un lenguaje visual y un estilo de baile para \u201cWonka\u201d incorporando una variedad de estilos para adaptarse a la m\u00fasica \u2014tap, vals, incluso un showtopper al estilo Broadway, con una l\u00ednea de baile en la que lanzan los pies al aire en coordinaci\u00f3n\u2014.<br \/>\nCuando se requer\u00eda una coreograf\u00eda a\u00e9rea, el equipo de Flying By Foy trabajaba con los realizadores y Gatelli, ideando formas t\u00e9cnicas de lograr las ideas creativas implicadas en la visi\u00f3n de King; Foy estaba representado en un equipo b\u00e1sico de tres personas.<br \/>\nLa mayor secuencia de vuelo tiene lugar una vez que Willy suministra Hoverchocs a los clientes en la plaza del pueblo, y el n\u00famero resultante se convierte en un ballet a\u00e9reo para las hasta veinte personas que act\u00faan, flotan en posiciones individuales y viajan a diferentes velocidades y alturas (con una c\u00e1mara descende a trav\u00e9s de ellos). El sistema de arneses y suspensi\u00f3n patentado por Foy permite la repetici\u00f3n exacta de los movimientos en cada toma, con todo cronometrado al milisegundo; fueron capaces de perfeccionar el toque ligero que King quer\u00eda con un control total sobre el movimiento de los artistas en todo momento. Este control tambi\u00e9n permiti\u00f3 combinar a la perfecci\u00f3n el vuelo y el baile en el d\u00fao de Willy y Noodle.<\/p>\n","protected":false},"excerpt":{"rendered":"<p>La m\u00fasica se suma a la magia de la historia de Willy Wonka, con seis canciones originales de Neil Hannon (con letra de Hannon, junto con Farnaby y King), junto a las muy queridas \u201cPure Imagination\u201d y el tema \u201cOompa Loompa\u201d. Las seis nuevas canciones son: \u201cA Hatful of Dreams\u201d, \u201cYou&#8217;ve Never Had Chocolate Like [&hellip;]<\/p>\n","protected":false},"author":1,"featured_media":193274,"comment_status":"closed","ping_status":"open","sticky":false,"template":"","format":"standard","meta":{"_acf_changed":false,"footnotes":""},"categories":[45],"tags":[],"class_list":["post-193273","post","type-post","status-publish","format-standard","has-post-thumbnail","category-cine-mundo"],"acf":{"antetitulo":""},"yoast_head":"<!-- This site is optimized with the Yoast SEO plugin v28.4 - https:\/\/yoast.com\/product\/yoast-seo-wordpress\/ -->\n<title>Cantar, bailar y volar con Willy Wonka - El Diario - Bolivia<\/title>\n<meta name=\"robots\" content=\"index, follow, max-snippet:-1, max-image-preview:large, max-video-preview:-1\" \/>\n<link rel=\"canonical\" href=\"https:\/\/www.eldiario.net\/portal\/2023\/12\/17\/cantar-bailar-y-volar-con-willy-wonka\/\" \/>\n<meta property=\"og:locale\" content=\"es_ES\" \/>\n<meta property=\"og:type\" content=\"article\" \/>\n<meta property=\"og:title\" content=\"Cantar, bailar y volar con Willy Wonka - El Diario - Bolivia\" \/>\n<meta property=\"og:description\" content=\"La m\u00fasica se suma a la magia de la historia de Willy Wonka, con seis canciones originales de Neil Hannon (con letra de Hannon, junto con Farnaby y King), junto a las muy queridas \u201cPure Imagination\u201d y el tema \u201cOompa Loompa\u201d. Las seis nuevas canciones son: \u201cA Hatful of Dreams\u201d, \u201cYou&#8217;ve Never Had Chocolate Like [&hellip;]\" \/>\n<meta property=\"og:url\" content=\"https:\/\/www.eldiario.net\/portal\/2023\/12\/17\/cantar-bailar-y-volar-con-willy-wonka\/\" \/>\n<meta property=\"og:site_name\" content=\"El Diario - Bolivia\" \/>\n<meta property=\"article:publisher\" content=\"https:\/\/www.facebook.com\/eldiario.bolivia\/\" \/>\n<meta property=\"article:published_time\" content=\"2023-12-17T04:19:51+00:00\" \/>\n<meta property=\"og:image\" content=\"https:\/\/www.eldiario.net\/portal\/wp-content\/uploads\/2023\/12\/Cantar-bailar-y-volar-con-Willy-Wonka-4.jpg\" \/>\n\t<meta property=\"og:image:width\" content=\"1638\" \/>\n\t<meta property=\"og:image:height\" content=\"2048\" \/>\n\t<meta property=\"og:image:type\" content=\"image\/jpeg\" \/>\n<meta name=\"author\" content=\"Jeanette\" \/>\n<meta name=\"twitter:card\" content=\"summary_large_image\" \/>\n<meta name=\"twitter:creator\" content=\"@eldiario_net\" \/>\n<meta name=\"twitter:site\" content=\"@eldiario_net\" \/>\n<meta name=\"twitter:label1\" content=\"Escrito por\" \/>\n\t<meta name=\"twitter:data1\" content=\"Jeanette\" \/>\n\t<meta name=\"twitter:label2\" content=\"Tiempo de lectura\" \/>\n\t<meta name=\"twitter:data2\" content=\"1 minuto\" \/>\n<script type=\"application\/ld+json\" class=\"yoast-schema-graph\">{\"@context\":\"https:\\\/\\\/schema.org\",\"@graph\":[{\"@type\":\"Article\",\"@id\":\"https:\\\/\\\/www.eldiario.net\\\/portal\\\/2023\\\/12\\\/17\\\/cantar-bailar-y-volar-con-willy-wonka\\\/#article\",\"isPartOf\":{\"@id\":\"https:\\\/\\\/www.eldiario.net\\\/portal\\\/2023\\\/12\\\/17\\\/cantar-bailar-y-volar-con-willy-wonka\\\/\"},\"author\":{\"name\":\"Jeanette\",\"@id\":\"https:\\\/\\\/www.eldiario.net\\\/portal\\\/#\\\/schema\\\/person\\\/f46445640444750d7d753ccd04ae01b7\"},\"headline\":\"Cantar, bailar y volar con Willy Wonka\",\"datePublished\":\"2023-12-17T04:19:51+00:00\",\"mainEntityOfPage\":{\"@id\":\"https:\\\/\\\/www.eldiario.net\\\/portal\\\/2023\\\/12\\\/17\\\/cantar-bailar-y-volar-con-willy-wonka\\\/\"},\"wordCount\":589,\"publisher\":{\"@id\":\"https:\\\/\\\/www.eldiario.net\\\/portal\\\/#organization\"},\"image\":{\"@id\":\"https:\\\/\\\/www.eldiario.net\\\/portal\\\/2023\\\/12\\\/17\\\/cantar-bailar-y-volar-con-willy-wonka\\\/#primaryimage\"},\"thumbnailUrl\":\"https:\\\/\\\/www.eldiario.net\\\/portal\\\/wp-content\\\/uploads\\\/2023\\\/12\\\/Cantar-bailar-y-volar-con-Willy-Wonka-4.jpg\",\"articleSection\":[\"Cine Mundo\"],\"inLanguage\":\"es\"},{\"@type\":\"WebPage\",\"@id\":\"https:\\\/\\\/www.eldiario.net\\\/portal\\\/2023\\\/12\\\/17\\\/cantar-bailar-y-volar-con-willy-wonka\\\/\",\"url\":\"https:\\\/\\\/www.eldiario.net\\\/portal\\\/2023\\\/12\\\/17\\\/cantar-bailar-y-volar-con-willy-wonka\\\/\",\"name\":\"Cantar, bailar y volar con Willy Wonka - El Diario - Bolivia\",\"isPartOf\":{\"@id\":\"https:\\\/\\\/www.eldiario.net\\\/portal\\\/#website\"},\"primaryImageOfPage\":{\"@id\":\"https:\\\/\\\/www.eldiario.net\\\/portal\\\/2023\\\/12\\\/17\\\/cantar-bailar-y-volar-con-willy-wonka\\\/#primaryimage\"},\"image\":{\"@id\":\"https:\\\/\\\/www.eldiario.net\\\/portal\\\/2023\\\/12\\\/17\\\/cantar-bailar-y-volar-con-willy-wonka\\\/#primaryimage\"},\"thumbnailUrl\":\"https:\\\/\\\/www.eldiario.net\\\/portal\\\/wp-content\\\/uploads\\\/2023\\\/12\\\/Cantar-bailar-y-volar-con-Willy-Wonka-4.jpg\",\"datePublished\":\"2023-12-17T04:19:51+00:00\",\"breadcrumb\":{\"@id\":\"https:\\\/\\\/www.eldiario.net\\\/portal\\\/2023\\\/12\\\/17\\\/cantar-bailar-y-volar-con-willy-wonka\\\/#breadcrumb\"},\"inLanguage\":\"es\",\"potentialAction\":[{\"@type\":\"ReadAction\",\"target\":[\"https:\\\/\\\/www.eldiario.net\\\/portal\\\/2023\\\/12\\\/17\\\/cantar-bailar-y-volar-con-willy-wonka\\\/\"]}]},{\"@type\":\"ImageObject\",\"inLanguage\":\"es\",\"@id\":\"https:\\\/\\\/www.eldiario.net\\\/portal\\\/2023\\\/12\\\/17\\\/cantar-bailar-y-volar-con-willy-wonka\\\/#primaryimage\",\"url\":\"https:\\\/\\\/www.eldiario.net\\\/portal\\\/wp-content\\\/uploads\\\/2023\\\/12\\\/Cantar-bailar-y-volar-con-Willy-Wonka-4.jpg\",\"contentUrl\":\"https:\\\/\\\/www.eldiario.net\\\/portal\\\/wp-content\\\/uploads\\\/2023\\\/12\\\/Cantar-bailar-y-volar-con-Willy-Wonka-4.jpg\",\"width\":1638,\"height\":2048},{\"@type\":\"BreadcrumbList\",\"@id\":\"https:\\\/\\\/www.eldiario.net\\\/portal\\\/2023\\\/12\\\/17\\\/cantar-bailar-y-volar-con-willy-wonka\\\/#breadcrumb\",\"itemListElement\":[{\"@type\":\"ListItem\",\"position\":1,\"name\":\"Portada\",\"item\":\"https:\\\/\\\/www.eldiario.net\\\/portal\\\/\"},{\"@type\":\"ListItem\",\"position\":2,\"name\":\"Cantar, bailar y volar con Willy Wonka\"}]},{\"@type\":\"WebSite\",\"@id\":\"https:\\\/\\\/www.eldiario.net\\\/portal\\\/#website\",\"url\":\"https:\\\/\\\/www.eldiario.net\\\/portal\\\/\",\"name\":\"El Diario - Decano de la prensa nacional\",\"description\":\"El Diario - Decano de la prensa nacional\",\"publisher\":{\"@id\":\"https:\\\/\\\/www.eldiario.net\\\/portal\\\/#organization\"},\"potentialAction\":[{\"@type\":\"SearchAction\",\"target\":{\"@type\":\"EntryPoint\",\"urlTemplate\":\"https:\\\/\\\/www.eldiario.net\\\/portal\\\/?s={search_term_string}\"},\"query-input\":{\"@type\":\"PropertyValueSpecification\",\"valueRequired\":true,\"valueName\":\"search_term_string\"}}],\"inLanguage\":\"es\"},{\"@type\":\"Organization\",\"@id\":\"https:\\\/\\\/www.eldiario.net\\\/portal\\\/#organization\",\"name\":\"El Diario - Decano de la prensa nacional\",\"url\":\"https:\\\/\\\/www.eldiario.net\\\/portal\\\/\",\"logo\":{\"@type\":\"ImageObject\",\"inLanguage\":\"es\",\"@id\":\"https:\\\/\\\/www.eldiario.net\\\/portal\\\/#\\\/schema\\\/logo\\\/image\\\/\",\"url\":\"https:\\\/\\\/www.eldiario.net\\\/portal\\\/wp-content\\\/uploads\\\/2023\\\/07\\\/logo_ED.jpg\",\"contentUrl\":\"https:\\\/\\\/www.eldiario.net\\\/portal\\\/wp-content\\\/uploads\\\/2023\\\/07\\\/logo_ED.jpg\",\"width\":272,\"height\":52,\"caption\":\"El Diario - Decano de la prensa nacional\"},\"image\":{\"@id\":\"https:\\\/\\\/www.eldiario.net\\\/portal\\\/#\\\/schema\\\/logo\\\/image\\\/\"},\"sameAs\":[\"https:\\\/\\\/www.facebook.com\\\/eldiario.bolivia\\\/\",\"https:\\\/\\\/x.com\\\/eldiario_net\"]},{\"@type\":\"Person\",\"@id\":\"https:\\\/\\\/www.eldiario.net\\\/portal\\\/#\\\/schema\\\/person\\\/f46445640444750d7d753ccd04ae01b7\",\"name\":\"Jeanette\",\"image\":{\"@type\":\"ImageObject\",\"inLanguage\":\"es\",\"@id\":\"https:\\\/\\\/secure.gravatar.com\\\/avatar\\\/3ea2118a5f7dad2b7138b1187a6b7ee55f160b9968b66013c3a3ef39dd7e5798?s=96&d=mm&r=g\",\"url\":\"https:\\\/\\\/secure.gravatar.com\\\/avatar\\\/3ea2118a5f7dad2b7138b1187a6b7ee55f160b9968b66013c3a3ef39dd7e5798?s=96&d=mm&r=g\",\"contentUrl\":\"https:\\\/\\\/secure.gravatar.com\\\/avatar\\\/3ea2118a5f7dad2b7138b1187a6b7ee55f160b9968b66013c3a3ef39dd7e5798?s=96&d=mm&r=g\",\"caption\":\"Jeanette\"},\"sameAs\":[\"https:\\\/\\\/www.eldiario.net\\\/portal\"],\"url\":\"https:\\\/\\\/www.eldiario.net\\\/portal\\\/author\\\/jeanette\\\/\"}]}<\/script>\n<!-- \/ Yoast SEO plugin. -->","yoast_head_json":{"title":"Cantar, bailar y volar con Willy Wonka - El Diario - Bolivia","robots":{"index":"index","follow":"follow","max-snippet":"max-snippet:-1","max-image-preview":"max-image-preview:large","max-video-preview":"max-video-preview:-1"},"canonical":"https:\/\/www.eldiario.net\/portal\/2023\/12\/17\/cantar-bailar-y-volar-con-willy-wonka\/","og_locale":"es_ES","og_type":"article","og_title":"Cantar, bailar y volar con Willy Wonka - El Diario - Bolivia","og_description":"La m\u00fasica se suma a la magia de la historia de Willy Wonka, con seis canciones originales de Neil Hannon (con letra de Hannon, junto con Farnaby y King), junto a las muy queridas \u201cPure Imagination\u201d y el tema \u201cOompa Loompa\u201d. Las seis nuevas canciones son: \u201cA Hatful of Dreams\u201d, \u201cYou&#8217;ve Never Had Chocolate Like [&hellip;]","og_url":"https:\/\/www.eldiario.net\/portal\/2023\/12\/17\/cantar-bailar-y-volar-con-willy-wonka\/","og_site_name":"El Diario - Bolivia","article_publisher":"https:\/\/www.facebook.com\/eldiario.bolivia\/","article_published_time":"2023-12-17T04:19:51+00:00","og_image":[{"width":1638,"height":2048,"url":"https:\/\/www.eldiario.net\/portal\/wp-content\/uploads\/2023\/12\/Cantar-bailar-y-volar-con-Willy-Wonka-4.jpg","type":"image\/jpeg"}],"author":"Jeanette","twitter_card":"summary_large_image","twitter_creator":"@eldiario_net","twitter_site":"@eldiario_net","twitter_misc":{"Escrito por":"Jeanette","Tiempo de lectura":"1 minuto"},"schema":{"@context":"https:\/\/schema.org","@graph":[{"@type":"Article","@id":"https:\/\/www.eldiario.net\/portal\/2023\/12\/17\/cantar-bailar-y-volar-con-willy-wonka\/#article","isPartOf":{"@id":"https:\/\/www.eldiario.net\/portal\/2023\/12\/17\/cantar-bailar-y-volar-con-willy-wonka\/"},"author":{"name":"Jeanette","@id":"https:\/\/www.eldiario.net\/portal\/#\/schema\/person\/f46445640444750d7d753ccd04ae01b7"},"headline":"Cantar, bailar y volar con Willy Wonka","datePublished":"2023-12-17T04:19:51+00:00","mainEntityOfPage":{"@id":"https:\/\/www.eldiario.net\/portal\/2023\/12\/17\/cantar-bailar-y-volar-con-willy-wonka\/"},"wordCount":589,"publisher":{"@id":"https:\/\/www.eldiario.net\/portal\/#organization"},"image":{"@id":"https:\/\/www.eldiario.net\/portal\/2023\/12\/17\/cantar-bailar-y-volar-con-willy-wonka\/#primaryimage"},"thumbnailUrl":"https:\/\/www.eldiario.net\/portal\/wp-content\/uploads\/2023\/12\/Cantar-bailar-y-volar-con-Willy-Wonka-4.jpg","articleSection":["Cine Mundo"],"inLanguage":"es"},{"@type":"WebPage","@id":"https:\/\/www.eldiario.net\/portal\/2023\/12\/17\/cantar-bailar-y-volar-con-willy-wonka\/","url":"https:\/\/www.eldiario.net\/portal\/2023\/12\/17\/cantar-bailar-y-volar-con-willy-wonka\/","name":"Cantar, bailar y volar con Willy Wonka - El Diario - Bolivia","isPartOf":{"@id":"https:\/\/www.eldiario.net\/portal\/#website"},"primaryImageOfPage":{"@id":"https:\/\/www.eldiario.net\/portal\/2023\/12\/17\/cantar-bailar-y-volar-con-willy-wonka\/#primaryimage"},"image":{"@id":"https:\/\/www.eldiario.net\/portal\/2023\/12\/17\/cantar-bailar-y-volar-con-willy-wonka\/#primaryimage"},"thumbnailUrl":"https:\/\/www.eldiario.net\/portal\/wp-content\/uploads\/2023\/12\/Cantar-bailar-y-volar-con-Willy-Wonka-4.jpg","datePublished":"2023-12-17T04:19:51+00:00","breadcrumb":{"@id":"https:\/\/www.eldiario.net\/portal\/2023\/12\/17\/cantar-bailar-y-volar-con-willy-wonka\/#breadcrumb"},"inLanguage":"es","potentialAction":[{"@type":"ReadAction","target":["https:\/\/www.eldiario.net\/portal\/2023\/12\/17\/cantar-bailar-y-volar-con-willy-wonka\/"]}]},{"@type":"ImageObject","inLanguage":"es","@id":"https:\/\/www.eldiario.net\/portal\/2023\/12\/17\/cantar-bailar-y-volar-con-willy-wonka\/#primaryimage","url":"https:\/\/www.eldiario.net\/portal\/wp-content\/uploads\/2023\/12\/Cantar-bailar-y-volar-con-Willy-Wonka-4.jpg","contentUrl":"https:\/\/www.eldiario.net\/portal\/wp-content\/uploads\/2023\/12\/Cantar-bailar-y-volar-con-Willy-Wonka-4.jpg","width":1638,"height":2048},{"@type":"BreadcrumbList","@id":"https:\/\/www.eldiario.net\/portal\/2023\/12\/17\/cantar-bailar-y-volar-con-willy-wonka\/#breadcrumb","itemListElement":[{"@type":"ListItem","position":1,"name":"Portada","item":"https:\/\/www.eldiario.net\/portal\/"},{"@type":"ListItem","position":2,"name":"Cantar, bailar y volar con Willy Wonka"}]},{"@type":"WebSite","@id":"https:\/\/www.eldiario.net\/portal\/#website","url":"https:\/\/www.eldiario.net\/portal\/","name":"El Diario - Decano de la prensa nacional","description":"El Diario - Decano de la prensa nacional","publisher":{"@id":"https:\/\/www.eldiario.net\/portal\/#organization"},"potentialAction":[{"@type":"SearchAction","target":{"@type":"EntryPoint","urlTemplate":"https:\/\/www.eldiario.net\/portal\/?s={search_term_string}"},"query-input":{"@type":"PropertyValueSpecification","valueRequired":true,"valueName":"search_term_string"}}],"inLanguage":"es"},{"@type":"Organization","@id":"https:\/\/www.eldiario.net\/portal\/#organization","name":"El Diario - Decano de la prensa nacional","url":"https:\/\/www.eldiario.net\/portal\/","logo":{"@type":"ImageObject","inLanguage":"es","@id":"https:\/\/www.eldiario.net\/portal\/#\/schema\/logo\/image\/","url":"https:\/\/www.eldiario.net\/portal\/wp-content\/uploads\/2023\/07\/logo_ED.jpg","contentUrl":"https:\/\/www.eldiario.net\/portal\/wp-content\/uploads\/2023\/07\/logo_ED.jpg","width":272,"height":52,"caption":"El Diario - Decano de la prensa nacional"},"image":{"@id":"https:\/\/www.eldiario.net\/portal\/#\/schema\/logo\/image\/"},"sameAs":["https:\/\/www.facebook.com\/eldiario.bolivia\/","https:\/\/x.com\/eldiario_net"]},{"@type":"Person","@id":"https:\/\/www.eldiario.net\/portal\/#\/schema\/person\/f46445640444750d7d753ccd04ae01b7","name":"Jeanette","image":{"@type":"ImageObject","inLanguage":"es","@id":"https:\/\/secure.gravatar.com\/avatar\/3ea2118a5f7dad2b7138b1187a6b7ee55f160b9968b66013c3a3ef39dd7e5798?s=96&d=mm&r=g","url":"https:\/\/secure.gravatar.com\/avatar\/3ea2118a5f7dad2b7138b1187a6b7ee55f160b9968b66013c3a3ef39dd7e5798?s=96&d=mm&r=g","contentUrl":"https:\/\/secure.gravatar.com\/avatar\/3ea2118a5f7dad2b7138b1187a6b7ee55f160b9968b66013c3a3ef39dd7e5798?s=96&d=mm&r=g","caption":"Jeanette"},"sameAs":["https:\/\/www.eldiario.net\/portal"],"url":"https:\/\/www.eldiario.net\/portal\/author\/jeanette\/"}]}},"_links":{"self":[{"href":"https:\/\/www.eldiario.net\/portal\/wp-json\/wp\/v2\/posts\/193273","targetHints":{"allow":["GET"]}}],"collection":[{"href":"https:\/\/www.eldiario.net\/portal\/wp-json\/wp\/v2\/posts"}],"about":[{"href":"https:\/\/www.eldiario.net\/portal\/wp-json\/wp\/v2\/types\/post"}],"author":[{"embeddable":true,"href":"https:\/\/www.eldiario.net\/portal\/wp-json\/wp\/v2\/users\/1"}],"replies":[{"embeddable":true,"href":"https:\/\/www.eldiario.net\/portal\/wp-json\/wp\/v2\/comments?post=193273"}],"version-history":[{"count":0,"href":"https:\/\/www.eldiario.net\/portal\/wp-json\/wp\/v2\/posts\/193273\/revisions"}],"wp:featuredmedia":[{"embeddable":true,"href":"https:\/\/www.eldiario.net\/portal\/wp-json\/wp\/v2\/media\/193274"}],"wp:attachment":[{"href":"https:\/\/www.eldiario.net\/portal\/wp-json\/wp\/v2\/media?parent=193273"}],"wp:term":[{"taxonomy":"category","embeddable":true,"href":"https:\/\/www.eldiario.net\/portal\/wp-json\/wp\/v2\/categories?post=193273"},{"taxonomy":"post_tag","embeddable":true,"href":"https:\/\/www.eldiario.net\/portal\/wp-json\/wp\/v2\/tags?post=193273"}],"curies":[{"name":"wp","href":"https:\/\/api.w.org\/{rel}","templated":true}]}}