{"id":193270,"date":"2023-12-17T00:18:57","date_gmt":"2023-12-17T04:18:57","guid":{"rendered":"https:\/\/www.eldiario.net\/portal\/?p=193270"},"modified":"2023-12-17T00:18:57","modified_gmt":"2023-12-17T04:18:57","slug":"el-director-que-se-enamora-de-una-historia","status":"publish","type":"post","link":"https:\/\/www.eldiario.net\/portal\/2023\/12\/17\/el-director-que-se-enamora-de-una-historia\/","title":{"rendered":"El director que se enamora de una historia"},"content":{"rendered":"<p>Cuando la historia del equipo samoano lleg\u00f3 a los ojos y los o\u00eddos de Waititi, el realizador supo de inmediato que este hecho real ten\u00eda todos los condimentos que hacen a una gran pel\u00edcula: un fracaso \u00e9pico, un equipo que une fuerzas detr\u00e1s de un objetivo y un sue\u00f1o que finalmente se hace realidad.<br \/>\n\u201cUno siempre est\u00e1 buscando inspiraci\u00f3n, pero en este caso estaba todo ah\u00ed. Sent\u00ed que era un proyecto especial. Es la historia definitiva de un grupo de perdedores que se redime\u201d, se\u00f1ala el director.<br \/>\nComprometido con el proyecto en 2015, Waititi se dispuso a reimaginar la historia y no simplemente hacer un remake del documental. \u201cCuando uno filma una pel\u00edcula que es una adaptaci\u00f3n de un documental, debe permitirse la libertad de cambiar algunas cosas. Es una oportunidad de profundizar en los personajes y entenderlos desde su humanidad para que el p\u00fablico los conozca mejor y pueda identificarse con ellos\u201d, dice Waititi.<br \/>\nEl rodaje de Gol Gana tuvo lugar cuatro a\u00f1os m\u00e1s tarde en Oahu, Hawai, donde el equipo creativo trabaj\u00f3 intensamente para imprimirle autenticidad a la historia. Cuenta el productor Garrett Basch: \u201cDurante el proceso, la prioridad de Taika fue ser aut\u00e9ntico, particularmente al recrear la cultura polinesia. Fuimos muy cuidadosos y pusimos atenci\u00f3n en todos los aspectos de la producci\u00f3n, incluidos el casting, el vestuario y el dise\u00f1o de producci\u00f3n, para garantizar un retrato genuino del pueblo de Samoa Americana y su entorno\u201d.<br \/>\nSeg\u00fan los colaboradores del director, el film respira la \u201cimpronta Waititi\u201d por todos sus poros. Verdad, humor, humanidad, comprensi\u00f3n, conexi\u00f3n\u2026 Palabras como estas aparecen una y otra vez cuando el equipo creativo y el elenco de GOL GANA se refieren a Waititi. La actriz Elisabeth Moss, quien interpreta a la exesposa de Rongen en la pel\u00edcula, se\u00f1ala que la historia realza una habilidad especial que tiene el director.<br \/>\n\u201cTaika es experto en combinar los tiempos de la comedia con algo que te rompe el coraz\u00f3n, que es algo muy dif\u00edcil de hacer y no mucha gente lo logra\u201d, observa Moss.<br \/>\nEn el mismo sentido, Fassbender concluye: \u201cTaika tiene un talento muy especial. Cuando uno cuenta historias humanas y realmente quiere llevar al p\u00fablico en un viaje emotivo, la risa siempre es la mejor herramienta. \u00c9l entiende esto, entiende a la gente y le encanta lo que hace\u201d.<\/p>\n","protected":false},"excerpt":{"rendered":"<p>Cuando la historia del equipo samoano lleg\u00f3 a los ojos y los o\u00eddos de Waititi, el realizador supo de inmediato que este hecho real ten\u00eda todos los condimentos que hacen a una gran pel\u00edcula: un fracaso \u00e9pico, un equipo que une fuerzas detr\u00e1s de un objetivo y un sue\u00f1o que finalmente se hace realidad. \u201cUno [&hellip;]<\/p>\n","protected":false},"author":1,"featured_media":193271,"comment_status":"closed","ping_status":"open","sticky":false,"template":"","format":"standard","meta":{"_acf_changed":false,"footnotes":""},"categories":[45],"tags":[],"class_list":["post-193270","post","type-post","status-publish","format-standard","has-post-thumbnail","category-cine-mundo"],"acf":{"antetitulo":""},"yoast_head":"<!-- This site is optimized with the Yoast SEO plugin v28.4 - https:\/\/yoast.com\/product\/yoast-seo-wordpress\/ -->\n<title>El director que se enamora de una historia - El Diario - Bolivia<\/title>\n<meta name=\"robots\" content=\"index, follow, max-snippet:-1, max-image-preview:large, max-video-preview:-1\" \/>\n<link rel=\"canonical\" href=\"https:\/\/www.eldiario.net\/portal\/2023\/12\/17\/el-director-que-se-enamora-de-una-historia\/\" \/>\n<meta property=\"og:locale\" content=\"es_ES\" \/>\n<meta property=\"og:type\" content=\"article\" \/>\n<meta property=\"og:title\" content=\"El director que se enamora de una historia - El Diario - Bolivia\" \/>\n<meta property=\"og:description\" content=\"Cuando la historia del equipo samoano lleg\u00f3 a los ojos y los o\u00eddos de Waititi, el realizador supo de inmediato que este hecho real ten\u00eda todos los condimentos que hacen a una gran pel\u00edcula: un fracaso \u00e9pico, un equipo que une fuerzas detr\u00e1s de un objetivo y un sue\u00f1o que finalmente se hace realidad. \u201cUno [&hellip;]\" \/>\n<meta property=\"og:url\" content=\"https:\/\/www.eldiario.net\/portal\/2023\/12\/17\/el-director-que-se-enamora-de-una-historia\/\" \/>\n<meta property=\"og:site_name\" content=\"El Diario - Bolivia\" \/>\n<meta property=\"article:publisher\" content=\"https:\/\/www.facebook.com\/eldiario.bolivia\/\" \/>\n<meta property=\"article:published_time\" content=\"2023-12-17T04:18:57+00:00\" \/>\n<meta property=\"og:image\" content=\"https:\/\/www.eldiario.net\/portal\/wp-content\/uploads\/2023\/12\/El-director-que-se-enamora-de-una-historia-scaled-1.jpg\" \/>\n\t<meta property=\"og:image:width\" content=\"2560\" \/>\n\t<meta property=\"og:image:height\" content=\"1707\" \/>\n\t<meta property=\"og:image:type\" content=\"image\/jpeg\" \/>\n<meta name=\"author\" content=\"Jeanette\" \/>\n<meta name=\"twitter:card\" content=\"summary_large_image\" \/>\n<meta name=\"twitter:creator\" content=\"@eldiario_net\" \/>\n<meta name=\"twitter:site\" content=\"@eldiario_net\" \/>\n<meta name=\"twitter:label1\" content=\"Escrito por\" \/>\n\t<meta name=\"twitter:data1\" content=\"Jeanette\" \/>\n\t<meta name=\"twitter:label2\" content=\"Tiempo de lectura\" \/>\n\t<meta name=\"twitter:data2\" content=\"1 minuto\" \/>\n<script type=\"application\/ld+json\" class=\"yoast-schema-graph\">{\"@context\":\"https:\\\/\\\/schema.org\",\"@graph\":[{\"@type\":\"Article\",\"@id\":\"https:\\\/\\\/www.eldiario.net\\\/portal\\\/2023\\\/12\\\/17\\\/el-director-que-se-enamora-de-una-historia\\\/#article\",\"isPartOf\":{\"@id\":\"https:\\\/\\\/www.eldiario.net\\\/portal\\\/2023\\\/12\\\/17\\\/el-director-que-se-enamora-de-una-historia\\\/\"},\"author\":{\"name\":\"Jeanette\",\"@id\":\"https:\\\/\\\/www.eldiario.net\\\/portal\\\/#\\\/schema\\\/person\\\/f46445640444750d7d753ccd04ae01b7\"},\"headline\":\"El director que se enamora de una historia\",\"datePublished\":\"2023-12-17T04:18:57+00:00\",\"mainEntityOfPage\":{\"@id\":\"https:\\\/\\\/www.eldiario.net\\\/portal\\\/2023\\\/12\\\/17\\\/el-director-que-se-enamora-de-una-historia\\\/\"},\"wordCount\":417,\"publisher\":{\"@id\":\"https:\\\/\\\/www.eldiario.net\\\/portal\\\/#organization\"},\"image\":{\"@id\":\"https:\\\/\\\/www.eldiario.net\\\/portal\\\/2023\\\/12\\\/17\\\/el-director-que-se-enamora-de-una-historia\\\/#primaryimage\"},\"thumbnailUrl\":\"https:\\\/\\\/www.eldiario.net\\\/portal\\\/wp-content\\\/uploads\\\/2023\\\/12\\\/El-director-que-se-enamora-de-una-historia-scaled-1.jpg\",\"articleSection\":[\"Cine Mundo\"],\"inLanguage\":\"es\"},{\"@type\":\"WebPage\",\"@id\":\"https:\\\/\\\/www.eldiario.net\\\/portal\\\/2023\\\/12\\\/17\\\/el-director-que-se-enamora-de-una-historia\\\/\",\"url\":\"https:\\\/\\\/www.eldiario.net\\\/portal\\\/2023\\\/12\\\/17\\\/el-director-que-se-enamora-de-una-historia\\\/\",\"name\":\"El director que se enamora de una historia - El Diario - Bolivia\",\"isPartOf\":{\"@id\":\"https:\\\/\\\/www.eldiario.net\\\/portal\\\/#website\"},\"primaryImageOfPage\":{\"@id\":\"https:\\\/\\\/www.eldiario.net\\\/portal\\\/2023\\\/12\\\/17\\\/el-director-que-se-enamora-de-una-historia\\\/#primaryimage\"},\"image\":{\"@id\":\"https:\\\/\\\/www.eldiario.net\\\/portal\\\/2023\\\/12\\\/17\\\/el-director-que-se-enamora-de-una-historia\\\/#primaryimage\"},\"thumbnailUrl\":\"https:\\\/\\\/www.eldiario.net\\\/portal\\\/wp-content\\\/uploads\\\/2023\\\/12\\\/El-director-que-se-enamora-de-una-historia-scaled-1.jpg\",\"datePublished\":\"2023-12-17T04:18:57+00:00\",\"breadcrumb\":{\"@id\":\"https:\\\/\\\/www.eldiario.net\\\/portal\\\/2023\\\/12\\\/17\\\/el-director-que-se-enamora-de-una-historia\\\/#breadcrumb\"},\"inLanguage\":\"es\",\"potentialAction\":[{\"@type\":\"ReadAction\",\"target\":[\"https:\\\/\\\/www.eldiario.net\\\/portal\\\/2023\\\/12\\\/17\\\/el-director-que-se-enamora-de-una-historia\\\/\"]}]},{\"@type\":\"ImageObject\",\"inLanguage\":\"es\",\"@id\":\"https:\\\/\\\/www.eldiario.net\\\/portal\\\/2023\\\/12\\\/17\\\/el-director-que-se-enamora-de-una-historia\\\/#primaryimage\",\"url\":\"https:\\\/\\\/www.eldiario.net\\\/portal\\\/wp-content\\\/uploads\\\/2023\\\/12\\\/El-director-que-se-enamora-de-una-historia-scaled-1.jpg\",\"contentUrl\":\"https:\\\/\\\/www.eldiario.net\\\/portal\\\/wp-content\\\/uploads\\\/2023\\\/12\\\/El-director-que-se-enamora-de-una-historia-scaled-1.jpg\",\"width\":2560,\"height\":1707,\"caption\":\"Taika Waititi on the set of NEXT GOAL WINS. Photo by Hilary Bronwyn Gayle. Courtesy of Searchlight Pictures. \u00a9 2022 20th Century Studios All Rights Reserved.\"},{\"@type\":\"BreadcrumbList\",\"@id\":\"https:\\\/\\\/www.eldiario.net\\\/portal\\\/2023\\\/12\\\/17\\\/el-director-que-se-enamora-de-una-historia\\\/#breadcrumb\",\"itemListElement\":[{\"@type\":\"ListItem\",\"position\":1,\"name\":\"Portada\",\"item\":\"https:\\\/\\\/www.eldiario.net\\\/portal\\\/\"},{\"@type\":\"ListItem\",\"position\":2,\"name\":\"El director que se enamora de una historia\"}]},{\"@type\":\"WebSite\",\"@id\":\"https:\\\/\\\/www.eldiario.net\\\/portal\\\/#website\",\"url\":\"https:\\\/\\\/www.eldiario.net\\\/portal\\\/\",\"name\":\"El Diario - Decano de la prensa nacional\",\"description\":\"El Diario - Decano de la prensa nacional\",\"publisher\":{\"@id\":\"https:\\\/\\\/www.eldiario.net\\\/portal\\\/#organization\"},\"potentialAction\":[{\"@type\":\"SearchAction\",\"target\":{\"@type\":\"EntryPoint\",\"urlTemplate\":\"https:\\\/\\\/www.eldiario.net\\\/portal\\\/?s={search_term_string}\"},\"query-input\":{\"@type\":\"PropertyValueSpecification\",\"valueRequired\":true,\"valueName\":\"search_term_string\"}}],\"inLanguage\":\"es\"},{\"@type\":\"Organization\",\"@id\":\"https:\\\/\\\/www.eldiario.net\\\/portal\\\/#organization\",\"name\":\"El Diario - Decano de la prensa nacional\",\"url\":\"https:\\\/\\\/www.eldiario.net\\\/portal\\\/\",\"logo\":{\"@type\":\"ImageObject\",\"inLanguage\":\"es\",\"@id\":\"https:\\\/\\\/www.eldiario.net\\\/portal\\\/#\\\/schema\\\/logo\\\/image\\\/\",\"url\":\"https:\\\/\\\/www.eldiario.net\\\/portal\\\/wp-content\\\/uploads\\\/2023\\\/07\\\/logo_ED.jpg\",\"contentUrl\":\"https:\\\/\\\/www.eldiario.net\\\/portal\\\/wp-content\\\/uploads\\\/2023\\\/07\\\/logo_ED.jpg\",\"width\":272,\"height\":52,\"caption\":\"El Diario - Decano de la prensa nacional\"},\"image\":{\"@id\":\"https:\\\/\\\/www.eldiario.net\\\/portal\\\/#\\\/schema\\\/logo\\\/image\\\/\"},\"sameAs\":[\"https:\\\/\\\/www.facebook.com\\\/eldiario.bolivia\\\/\",\"https:\\\/\\\/x.com\\\/eldiario_net\"]},{\"@type\":\"Person\",\"@id\":\"https:\\\/\\\/www.eldiario.net\\\/portal\\\/#\\\/schema\\\/person\\\/f46445640444750d7d753ccd04ae01b7\",\"name\":\"Jeanette\",\"image\":{\"@type\":\"ImageObject\",\"inLanguage\":\"es\",\"@id\":\"https:\\\/\\\/secure.gravatar.com\\\/avatar\\\/3ea2118a5f7dad2b7138b1187a6b7ee55f160b9968b66013c3a3ef39dd7e5798?s=96&d=mm&r=g\",\"url\":\"https:\\\/\\\/secure.gravatar.com\\\/avatar\\\/3ea2118a5f7dad2b7138b1187a6b7ee55f160b9968b66013c3a3ef39dd7e5798?s=96&d=mm&r=g\",\"contentUrl\":\"https:\\\/\\\/secure.gravatar.com\\\/avatar\\\/3ea2118a5f7dad2b7138b1187a6b7ee55f160b9968b66013c3a3ef39dd7e5798?s=96&d=mm&r=g\",\"caption\":\"Jeanette\"},\"sameAs\":[\"https:\\\/\\\/www.eldiario.net\\\/portal\"],\"url\":\"https:\\\/\\\/www.eldiario.net\\\/portal\\\/author\\\/jeanette\\\/\"}]}<\/script>\n<!-- \/ Yoast SEO plugin. -->","yoast_head_json":{"title":"El director que se enamora de una historia - El Diario - Bolivia","robots":{"index":"index","follow":"follow","max-snippet":"max-snippet:-1","max-image-preview":"max-image-preview:large","max-video-preview":"max-video-preview:-1"},"canonical":"https:\/\/www.eldiario.net\/portal\/2023\/12\/17\/el-director-que-se-enamora-de-una-historia\/","og_locale":"es_ES","og_type":"article","og_title":"El director que se enamora de una historia - El Diario - Bolivia","og_description":"Cuando la historia del equipo samoano lleg\u00f3 a los ojos y los o\u00eddos de Waititi, el realizador supo de inmediato que este hecho real ten\u00eda todos los condimentos que hacen a una gran pel\u00edcula: un fracaso \u00e9pico, un equipo que une fuerzas detr\u00e1s de un objetivo y un sue\u00f1o que finalmente se hace realidad. \u201cUno [&hellip;]","og_url":"https:\/\/www.eldiario.net\/portal\/2023\/12\/17\/el-director-que-se-enamora-de-una-historia\/","og_site_name":"El Diario - Bolivia","article_publisher":"https:\/\/www.facebook.com\/eldiario.bolivia\/","article_published_time":"2023-12-17T04:18:57+00:00","og_image":[{"width":2560,"height":1707,"url":"https:\/\/www.eldiario.net\/portal\/wp-content\/uploads\/2023\/12\/El-director-que-se-enamora-de-una-historia-scaled-1.jpg","type":"image\/jpeg"}],"author":"Jeanette","twitter_card":"summary_large_image","twitter_creator":"@eldiario_net","twitter_site":"@eldiario_net","twitter_misc":{"Escrito por":"Jeanette","Tiempo de lectura":"1 minuto"},"schema":{"@context":"https:\/\/schema.org","@graph":[{"@type":"Article","@id":"https:\/\/www.eldiario.net\/portal\/2023\/12\/17\/el-director-que-se-enamora-de-una-historia\/#article","isPartOf":{"@id":"https:\/\/www.eldiario.net\/portal\/2023\/12\/17\/el-director-que-se-enamora-de-una-historia\/"},"author":{"name":"Jeanette","@id":"https:\/\/www.eldiario.net\/portal\/#\/schema\/person\/f46445640444750d7d753ccd04ae01b7"},"headline":"El director que se enamora de una historia","datePublished":"2023-12-17T04:18:57+00:00","mainEntityOfPage":{"@id":"https:\/\/www.eldiario.net\/portal\/2023\/12\/17\/el-director-que-se-enamora-de-una-historia\/"},"wordCount":417,"publisher":{"@id":"https:\/\/www.eldiario.net\/portal\/#organization"},"image":{"@id":"https:\/\/www.eldiario.net\/portal\/2023\/12\/17\/el-director-que-se-enamora-de-una-historia\/#primaryimage"},"thumbnailUrl":"https:\/\/www.eldiario.net\/portal\/wp-content\/uploads\/2023\/12\/El-director-que-se-enamora-de-una-historia-scaled-1.jpg","articleSection":["Cine Mundo"],"inLanguage":"es"},{"@type":"WebPage","@id":"https:\/\/www.eldiario.net\/portal\/2023\/12\/17\/el-director-que-se-enamora-de-una-historia\/","url":"https:\/\/www.eldiario.net\/portal\/2023\/12\/17\/el-director-que-se-enamora-de-una-historia\/","name":"El director que se enamora de una historia - El Diario - Bolivia","isPartOf":{"@id":"https:\/\/www.eldiario.net\/portal\/#website"},"primaryImageOfPage":{"@id":"https:\/\/www.eldiario.net\/portal\/2023\/12\/17\/el-director-que-se-enamora-de-una-historia\/#primaryimage"},"image":{"@id":"https:\/\/www.eldiario.net\/portal\/2023\/12\/17\/el-director-que-se-enamora-de-una-historia\/#primaryimage"},"thumbnailUrl":"https:\/\/www.eldiario.net\/portal\/wp-content\/uploads\/2023\/12\/El-director-que-se-enamora-de-una-historia-scaled-1.jpg","datePublished":"2023-12-17T04:18:57+00:00","breadcrumb":{"@id":"https:\/\/www.eldiario.net\/portal\/2023\/12\/17\/el-director-que-se-enamora-de-una-historia\/#breadcrumb"},"inLanguage":"es","potentialAction":[{"@type":"ReadAction","target":["https:\/\/www.eldiario.net\/portal\/2023\/12\/17\/el-director-que-se-enamora-de-una-historia\/"]}]},{"@type":"ImageObject","inLanguage":"es","@id":"https:\/\/www.eldiario.net\/portal\/2023\/12\/17\/el-director-que-se-enamora-de-una-historia\/#primaryimage","url":"https:\/\/www.eldiario.net\/portal\/wp-content\/uploads\/2023\/12\/El-director-que-se-enamora-de-una-historia-scaled-1.jpg","contentUrl":"https:\/\/www.eldiario.net\/portal\/wp-content\/uploads\/2023\/12\/El-director-que-se-enamora-de-una-historia-scaled-1.jpg","width":2560,"height":1707,"caption":"Taika Waititi on the set of NEXT GOAL WINS. Photo by Hilary Bronwyn Gayle. Courtesy of Searchlight Pictures. \u00a9 2022 20th Century Studios All Rights Reserved."},{"@type":"BreadcrumbList","@id":"https:\/\/www.eldiario.net\/portal\/2023\/12\/17\/el-director-que-se-enamora-de-una-historia\/#breadcrumb","itemListElement":[{"@type":"ListItem","position":1,"name":"Portada","item":"https:\/\/www.eldiario.net\/portal\/"},{"@type":"ListItem","position":2,"name":"El director que se enamora de una historia"}]},{"@type":"WebSite","@id":"https:\/\/www.eldiario.net\/portal\/#website","url":"https:\/\/www.eldiario.net\/portal\/","name":"El Diario - Decano de la prensa nacional","description":"El Diario - Decano de la prensa nacional","publisher":{"@id":"https:\/\/www.eldiario.net\/portal\/#organization"},"potentialAction":[{"@type":"SearchAction","target":{"@type":"EntryPoint","urlTemplate":"https:\/\/www.eldiario.net\/portal\/?s={search_term_string}"},"query-input":{"@type":"PropertyValueSpecification","valueRequired":true,"valueName":"search_term_string"}}],"inLanguage":"es"},{"@type":"Organization","@id":"https:\/\/www.eldiario.net\/portal\/#organization","name":"El Diario - Decano de la prensa nacional","url":"https:\/\/www.eldiario.net\/portal\/","logo":{"@type":"ImageObject","inLanguage":"es","@id":"https:\/\/www.eldiario.net\/portal\/#\/schema\/logo\/image\/","url":"https:\/\/www.eldiario.net\/portal\/wp-content\/uploads\/2023\/07\/logo_ED.jpg","contentUrl":"https:\/\/www.eldiario.net\/portal\/wp-content\/uploads\/2023\/07\/logo_ED.jpg","width":272,"height":52,"caption":"El Diario - Decano de la prensa nacional"},"image":{"@id":"https:\/\/www.eldiario.net\/portal\/#\/schema\/logo\/image\/"},"sameAs":["https:\/\/www.facebook.com\/eldiario.bolivia\/","https:\/\/x.com\/eldiario_net"]},{"@type":"Person","@id":"https:\/\/www.eldiario.net\/portal\/#\/schema\/person\/f46445640444750d7d753ccd04ae01b7","name":"Jeanette","image":{"@type":"ImageObject","inLanguage":"es","@id":"https:\/\/secure.gravatar.com\/avatar\/3ea2118a5f7dad2b7138b1187a6b7ee55f160b9968b66013c3a3ef39dd7e5798?s=96&d=mm&r=g","url":"https:\/\/secure.gravatar.com\/avatar\/3ea2118a5f7dad2b7138b1187a6b7ee55f160b9968b66013c3a3ef39dd7e5798?s=96&d=mm&r=g","contentUrl":"https:\/\/secure.gravatar.com\/avatar\/3ea2118a5f7dad2b7138b1187a6b7ee55f160b9968b66013c3a3ef39dd7e5798?s=96&d=mm&r=g","caption":"Jeanette"},"sameAs":["https:\/\/www.eldiario.net\/portal"],"url":"https:\/\/www.eldiario.net\/portal\/author\/jeanette\/"}]}},"_links":{"self":[{"href":"https:\/\/www.eldiario.net\/portal\/wp-json\/wp\/v2\/posts\/193270","targetHints":{"allow":["GET"]}}],"collection":[{"href":"https:\/\/www.eldiario.net\/portal\/wp-json\/wp\/v2\/posts"}],"about":[{"href":"https:\/\/www.eldiario.net\/portal\/wp-json\/wp\/v2\/types\/post"}],"author":[{"embeddable":true,"href":"https:\/\/www.eldiario.net\/portal\/wp-json\/wp\/v2\/users\/1"}],"replies":[{"embeddable":true,"href":"https:\/\/www.eldiario.net\/portal\/wp-json\/wp\/v2\/comments?post=193270"}],"version-history":[{"count":0,"href":"https:\/\/www.eldiario.net\/portal\/wp-json\/wp\/v2\/posts\/193270\/revisions"}],"wp:featuredmedia":[{"embeddable":true,"href":"https:\/\/www.eldiario.net\/portal\/wp-json\/wp\/v2\/media\/193271"}],"wp:attachment":[{"href":"https:\/\/www.eldiario.net\/portal\/wp-json\/wp\/v2\/media?parent=193270"}],"wp:term":[{"taxonomy":"category","embeddable":true,"href":"https:\/\/www.eldiario.net\/portal\/wp-json\/wp\/v2\/categories?post=193270"},{"taxonomy":"post_tag","embeddable":true,"href":"https:\/\/www.eldiario.net\/portal\/wp-json\/wp\/v2\/tags?post=193270"}],"curies":[{"name":"wp","href":"https:\/\/api.w.org\/{rel}","templated":true}]}}