{"id":193250,"date":"2023-12-17T00:12:07","date_gmt":"2023-12-17T04:12:07","guid":{"rendered":"https:\/\/www.eldiario.net\/portal\/?p=193250"},"modified":"2023-12-17T00:12:07","modified_gmt":"2023-12-17T04:12:07","slug":"muchachos-la-pelicula-de-la-gente","status":"publish","type":"post","link":"https:\/\/www.eldiario.net\/portal\/2023\/12\/17\/muchachos-la-pelicula-de-la-gente\/","title":{"rendered":"MUCHACHOS, LA PEL\u00cdCULA DE LA GENTE"},"content":{"rendered":"<p>Con la voz de Guillermo Francella, esta experiencia cinematogr\u00e1fica invitar\u00e1 a<br \/>\nrememorar el \u00e9pico camino de la Scaloneta hasta el d\u00eda que qued\u00f3 en la historia de<br \/>\ntodos los argentinos.<br \/>\n\u201cMuchachos, la pel\u00edcula de la gente\u201d, narrada por Guillermo Francella y basada en un cuento de Hern\u00e1n Casciari -autor de \u201cLa valija de Messi\u201d, se estren\u00f3 en los cines de todo el pa\u00eds el pr\u00f3ximo 14 de diciembre e invita a los espectadores a sumergirse en el coraz\u00f3n de la hinchada argentina y volver a sufrir, re\u00edr, llorary revivir los siete partidos del Mundial y sus festejos, por primera vez en la pantalla grande.<br \/>\nDirigida por Jes\u00fas Braceras -creador de \u201cMonz\u00f3n\u201d y \u201cBarrabrava\u201d- y con el sello de los hermanos Pol y Agust\u00edn Bossi junto a su padre Pablo, esta producci\u00f3n de Pampa Films cuenta con videos in\u00e9ditos proporcionados por la FIFA, material audiovisual generado por seguidores de la selecci\u00f3n argentina de f\u00fatbol -hasta hoy desconocidos- e influencers que pudieron disfrutar del Mundial desde los imponentes estadios de Qatar como Momo,Markito Navaja, Marti Benza, Fran MG, Owen Pelle, El Pabell\u00f3n, Joaco Lopez, Morena Beltr\u00e1n, Nico Occhiato, Alfre Montes de Oca -de Paren La Mano- y Alaska.<br \/>\n\u201cPonerle mi voz a este maravilloso proyecto me hizo revivir cada momento de ese diciembre at\u00edpico que quedar\u00e1 para la eternidad en nuestra piel. Festejar con calor, sentir como en las calles se replicaba la emoci\u00f3n que ven\u00eda desde cada estadio, con abrazos entre desconocidos, unidos en una \u00fanica pasi\u00f3n y la 9 de Julio colmada de punta a punta, son algunas de las cosas que quedar\u00e1n guardadas para siempre en nuestra memoria y que est\u00e1n visibles en esta pel\u00edcula que nos invita a repetir sin parar: \u00a1Hermoso aniversario \u00bfverdad?!\u201d, comento Guillermo Francella.<br \/>\n\u201cMuchachos, la pel\u00edcula de la gente\u201d es mucho m\u00e1s que una pel\u00edcula, es una experiencia<br \/>\ncinematogr\u00e1fica que a trav\u00e9s de videos obtenidos mediante la convocatoria a argentinos en todo el mundo y material in\u00e9dito con tomas de drone de los festejos y de la llegada de la Selecci\u00f3n, llevar\u00e1 al p\u00fablico a ese diciembre eterno donde las calles se ti\u00f1eron de celeste y blanco. <\/p>\n<p>La inconfundible voz de Guillermo Francella nos acompa\u00f1ar\u00e1 a revivir las risas, sufrimientos, causalidades, c\u00e1balas, locuras y alegr\u00edas, que s\u00f3lo nuestro pueblo puede entender.<\/p>\n<p>Desde Cha\u00f1ar Ladeado a Londres; de Tupungato a Beijing; desde las calles silenciosas de los pueblos rurales de Argentina hasta los bulliciosos estadios de Qatar, \u201cMuchachos, la pel\u00edcula de la gente\u201d muestra historias de l\u00e1grimas, pasi\u00f3n y gloria de un pa\u00eds que so\u00f1aba con la tercera estrella. A partir del 14 de diciembre, esta experiencia inolvidable, est\u00e1 disponible en las salas de cine de todo el pa\u00eds.<br \/>\n<div id='gallery-1' class='gallery galleryid-193250 gallery-columns-3 gallery-size-medium'><figure class='gallery-item'>\n\t\t\t<div class='gallery-icon landscape'>\n\t\t\t\t<a href='https:\/\/www.eldiario.net\/portal\/2023\/12\/17\/muchachos-la-pelicula-de-la-gente\/muchachos-la-pelicula-de-la-gente-2\/'><img loading=\"lazy\" decoding=\"async\" width=\"300\" height=\"200\" src=\"https:\/\/www.eldiario.net\/portal\/wp-content\/uploads\/2023\/12\/MUCHACHOS-LA-PELICULA-DE-LA-GENTE-2-scaled-1-300x200.jpg\" class=\"attachment-medium size-medium\" alt=\"\" srcset=\"https:\/\/www.eldiario.net\/portal\/wp-content\/uploads\/2023\/12\/MUCHACHOS-LA-PELICULA-DE-LA-GENTE-2-scaled-1-300x200.jpg 300w, https:\/\/www.eldiario.net\/portal\/wp-content\/uploads\/2023\/12\/MUCHACHOS-LA-PELICULA-DE-LA-GENTE-2-scaled-1-1024x683.jpg 1024w, https:\/\/www.eldiario.net\/portal\/wp-content\/uploads\/2023\/12\/MUCHACHOS-LA-PELICULA-DE-LA-GENTE-2-scaled-1-768x512.jpg 768w, https:\/\/www.eldiario.net\/portal\/wp-content\/uploads\/2023\/12\/MUCHACHOS-LA-PELICULA-DE-LA-GENTE-2-scaled-1-1536x1024.jpg 1536w, https:\/\/www.eldiario.net\/portal\/wp-content\/uploads\/2023\/12\/MUCHACHOS-LA-PELICULA-DE-LA-GENTE-2-scaled-1-2048x1366.jpg 2048w, https:\/\/www.eldiario.net\/portal\/wp-content\/uploads\/2023\/12\/MUCHACHOS-LA-PELICULA-DE-LA-GENTE-2-scaled-1-696x464.jpg 696w, https:\/\/www.eldiario.net\/portal\/wp-content\/uploads\/2023\/12\/MUCHACHOS-LA-PELICULA-DE-LA-GENTE-2-scaled-1-1068x712.jpg 1068w, https:\/\/www.eldiario.net\/portal\/wp-content\/uploads\/2023\/12\/MUCHACHOS-LA-PELICULA-DE-LA-GENTE-2-scaled-1-1920x1280.jpg 1920w\" sizes=\"auto, (max-width: 300px) 100vw, 300px\" \/><\/a>\n\t\t\t<\/div><\/figure><figure class='gallery-item'>\n\t\t\t<div class='gallery-icon landscape'>\n\t\t\t\t<a href='https:\/\/www.eldiario.net\/portal\/2023\/12\/17\/muchachos-la-pelicula-de-la-gente\/muchachos-la-pelicula-de-la-gente-3\/'><img loading=\"lazy\" decoding=\"async\" width=\"300\" height=\"200\" src=\"https:\/\/www.eldiario.net\/portal\/wp-content\/uploads\/2023\/12\/MUCHACHOS-LA-PELICULA-DE-LA-GENTE-3-scaled-1-300x200.jpg\" class=\"attachment-medium size-medium\" alt=\"\" srcset=\"https:\/\/www.eldiario.net\/portal\/wp-content\/uploads\/2023\/12\/MUCHACHOS-LA-PELICULA-DE-LA-GENTE-3-scaled-1-300x200.jpg 300w, https:\/\/www.eldiario.net\/portal\/wp-content\/uploads\/2023\/12\/MUCHACHOS-LA-PELICULA-DE-LA-GENTE-3-scaled-1-1024x683.jpg 1024w, https:\/\/www.eldiario.net\/portal\/wp-content\/uploads\/2023\/12\/MUCHACHOS-LA-PELICULA-DE-LA-GENTE-3-scaled-1-768x512.jpg 768w, https:\/\/www.eldiario.net\/portal\/wp-content\/uploads\/2023\/12\/MUCHACHOS-LA-PELICULA-DE-LA-GENTE-3-scaled-1-1536x1024.jpg 1536w, https:\/\/www.eldiario.net\/portal\/wp-content\/uploads\/2023\/12\/MUCHACHOS-LA-PELICULA-DE-LA-GENTE-3-scaled-1-2048x1366.jpg 2048w, https:\/\/www.eldiario.net\/portal\/wp-content\/uploads\/2023\/12\/MUCHACHOS-LA-PELICULA-DE-LA-GENTE-3-scaled-1-696x464.jpg 696w, https:\/\/www.eldiario.net\/portal\/wp-content\/uploads\/2023\/12\/MUCHACHOS-LA-PELICULA-DE-LA-GENTE-3-scaled-1-1068x712.jpg 1068w, https:\/\/www.eldiario.net\/portal\/wp-content\/uploads\/2023\/12\/MUCHACHOS-LA-PELICULA-DE-LA-GENTE-3-scaled-1-1920x1280.jpg 1920w\" sizes=\"auto, (max-width: 300px) 100vw, 300px\" \/><\/a>\n\t\t\t<\/div><\/figure><figure class='gallery-item'>\n\t\t\t<div class='gallery-icon landscape'>\n\t\t\t\t<a href='https:\/\/www.eldiario.net\/portal\/2023\/12\/17\/muchachos-la-pelicula-de-la-gente\/muchachos-la-pelicula-de-la-gente-4\/'><img loading=\"lazy\" decoding=\"async\" width=\"300\" height=\"200\" src=\"https:\/\/www.eldiario.net\/portal\/wp-content\/uploads\/2023\/12\/MUCHACHOS-LA-PELICULA-DE-LA-GENTE-scaled-1-300x200.jpg\" class=\"attachment-medium size-medium\" alt=\"\" srcset=\"https:\/\/www.eldiario.net\/portal\/wp-content\/uploads\/2023\/12\/MUCHACHOS-LA-PELICULA-DE-LA-GENTE-scaled-1-300x200.jpg 300w, https:\/\/www.eldiario.net\/portal\/wp-content\/uploads\/2023\/12\/MUCHACHOS-LA-PELICULA-DE-LA-GENTE-scaled-1-1024x683.jpg 1024w, https:\/\/www.eldiario.net\/portal\/wp-content\/uploads\/2023\/12\/MUCHACHOS-LA-PELICULA-DE-LA-GENTE-scaled-1-768x512.jpg 768w, https:\/\/www.eldiario.net\/portal\/wp-content\/uploads\/2023\/12\/MUCHACHOS-LA-PELICULA-DE-LA-GENTE-scaled-1-1536x1024.jpg 1536w, https:\/\/www.eldiario.net\/portal\/wp-content\/uploads\/2023\/12\/MUCHACHOS-LA-PELICULA-DE-LA-GENTE-scaled-1-2048x1366.jpg 2048w, https:\/\/www.eldiario.net\/portal\/wp-content\/uploads\/2023\/12\/MUCHACHOS-LA-PELICULA-DE-LA-GENTE-scaled-1-696x464.jpg 696w, https:\/\/www.eldiario.net\/portal\/wp-content\/uploads\/2023\/12\/MUCHACHOS-LA-PELICULA-DE-LA-GENTE-scaled-1-1068x712.jpg 1068w, https:\/\/www.eldiario.net\/portal\/wp-content\/uploads\/2023\/12\/MUCHACHOS-LA-PELICULA-DE-LA-GENTE-scaled-1-1920x1280.jpg 1920w\" sizes=\"auto, (max-width: 300px) 100vw, 300px\" \/><\/a>\n\t\t\t<\/div><\/figure>\n\t\t<\/div>\n<\/p>\n","protected":false},"excerpt":{"rendered":"<p>Con la voz de Guillermo Francella, esta experiencia cinematogr\u00e1fica invitar\u00e1 a rememorar el \u00e9pico camino de la Scaloneta hasta el d\u00eda que qued\u00f3 en la historia de todos los argentinos. \u201cMuchachos, la pel\u00edcula de la gente\u201d, narrada por Guillermo Francella y basada en un cuento de Hern\u00e1n Casciari -autor de \u201cLa valija de Messi\u201d, se [&hellip;]<\/p>\n","protected":false},"author":1,"featured_media":193251,"comment_status":"closed","ping_status":"open","sticky":false,"template":"","format":"standard","meta":{"_acf_changed":false,"footnotes":""},"categories":[45],"tags":[],"class_list":["post-193250","post","type-post","status-publish","format-standard","has-post-thumbnail","category-cine-mundo"],"acf":{"antetitulo":""},"yoast_head":"<!-- This site is optimized with the Yoast SEO plugin v28.4 - https:\/\/yoast.com\/product\/yoast-seo-wordpress\/ -->\n<title>MUCHACHOS, LA PEL\u00cdCULA DE LA GENTE - El Diario - Bolivia<\/title>\n<meta name=\"robots\" content=\"index, follow, max-snippet:-1, max-image-preview:large, max-video-preview:-1\" \/>\n<link rel=\"canonical\" href=\"https:\/\/www.eldiario.net\/portal\/2023\/12\/17\/muchachos-la-pelicula-de-la-gente\/\" \/>\n<meta property=\"og:locale\" content=\"es_ES\" \/>\n<meta property=\"og:type\" content=\"article\" \/>\n<meta property=\"og:title\" content=\"MUCHACHOS, LA PEL\u00cdCULA DE LA GENTE - El Diario - Bolivia\" \/>\n<meta property=\"og:description\" content=\"Con la voz de Guillermo Francella, esta experiencia cinematogr\u00e1fica invitar\u00e1 a rememorar el \u00e9pico camino de la Scaloneta hasta el d\u00eda que qued\u00f3 en la historia de todos los argentinos. \u201cMuchachos, la pel\u00edcula de la gente\u201d, narrada por Guillermo Francella y basada en un cuento de Hern\u00e1n Casciari -autor de \u201cLa valija de Messi\u201d, se [&hellip;]\" \/>\n<meta property=\"og:url\" content=\"https:\/\/www.eldiario.net\/portal\/2023\/12\/17\/muchachos-la-pelicula-de-la-gente\/\" \/>\n<meta property=\"og:site_name\" content=\"El Diario - Bolivia\" \/>\n<meta property=\"article:publisher\" content=\"https:\/\/www.facebook.com\/eldiario.bolivia\/\" \/>\n<meta property=\"article:published_time\" content=\"2023-12-17T04:12:07+00:00\" \/>\n<meta property=\"og:image\" content=\"https:\/\/www.eldiario.net\/portal\/wp-content\/uploads\/2023\/12\/MUCHACHOS-LA-PELICULA-DE-LA-GENTE-2-scaled-1.jpg\" \/>\n\t<meta property=\"og:image:width\" content=\"2560\" \/>\n\t<meta property=\"og:image:height\" content=\"1707\" \/>\n\t<meta property=\"og:image:type\" content=\"image\/jpeg\" \/>\n<meta name=\"author\" content=\"Jeanette\" \/>\n<meta name=\"twitter:card\" content=\"summary_large_image\" \/>\n<meta name=\"twitter:creator\" content=\"@eldiario_net\" \/>\n<meta name=\"twitter:site\" content=\"@eldiario_net\" \/>\n<meta name=\"twitter:label1\" content=\"Escrito por\" \/>\n\t<meta name=\"twitter:data1\" content=\"Jeanette\" \/>\n\t<meta name=\"twitter:label2\" content=\"Tiempo de lectura\" \/>\n\t<meta name=\"twitter:data2\" content=\"1 minuto\" \/>\n<script type=\"application\/ld+json\" class=\"yoast-schema-graph\">{\"@context\":\"https:\\\/\\\/schema.org\",\"@graph\":[{\"@type\":\"Article\",\"@id\":\"https:\\\/\\\/www.eldiario.net\\\/portal\\\/2023\\\/12\\\/17\\\/muchachos-la-pelicula-de-la-gente\\\/#article\",\"isPartOf\":{\"@id\":\"https:\\\/\\\/www.eldiario.net\\\/portal\\\/2023\\\/12\\\/17\\\/muchachos-la-pelicula-de-la-gente\\\/\"},\"author\":{\"name\":\"Jeanette\",\"@id\":\"https:\\\/\\\/www.eldiario.net\\\/portal\\\/#\\\/schema\\\/person\\\/f46445640444750d7d753ccd04ae01b7\"},\"headline\":\"MUCHACHOS, LA PEL\u00cdCULA DE LA GENTE\",\"datePublished\":\"2023-12-17T04:12:07+00:00\",\"mainEntityOfPage\":{\"@id\":\"https:\\\/\\\/www.eldiario.net\\\/portal\\\/2023\\\/12\\\/17\\\/muchachos-la-pelicula-de-la-gente\\\/\"},\"wordCount\":498,\"publisher\":{\"@id\":\"https:\\\/\\\/www.eldiario.net\\\/portal\\\/#organization\"},\"image\":{\"@id\":\"https:\\\/\\\/www.eldiario.net\\\/portal\\\/2023\\\/12\\\/17\\\/muchachos-la-pelicula-de-la-gente\\\/#primaryimage\"},\"thumbnailUrl\":\"https:\\\/\\\/www.eldiario.net\\\/portal\\\/wp-content\\\/uploads\\\/2023\\\/12\\\/MUCHACHOS-LA-PELICULA-DE-LA-GENTE-2-scaled-1.jpg\",\"articleSection\":[\"Cine Mundo\"],\"inLanguage\":\"es\"},{\"@type\":\"WebPage\",\"@id\":\"https:\\\/\\\/www.eldiario.net\\\/portal\\\/2023\\\/12\\\/17\\\/muchachos-la-pelicula-de-la-gente\\\/\",\"url\":\"https:\\\/\\\/www.eldiario.net\\\/portal\\\/2023\\\/12\\\/17\\\/muchachos-la-pelicula-de-la-gente\\\/\",\"name\":\"MUCHACHOS, LA PEL\u00cdCULA DE LA GENTE - El Diario - Bolivia\",\"isPartOf\":{\"@id\":\"https:\\\/\\\/www.eldiario.net\\\/portal\\\/#website\"},\"primaryImageOfPage\":{\"@id\":\"https:\\\/\\\/www.eldiario.net\\\/portal\\\/2023\\\/12\\\/17\\\/muchachos-la-pelicula-de-la-gente\\\/#primaryimage\"},\"image\":{\"@id\":\"https:\\\/\\\/www.eldiario.net\\\/portal\\\/2023\\\/12\\\/17\\\/muchachos-la-pelicula-de-la-gente\\\/#primaryimage\"},\"thumbnailUrl\":\"https:\\\/\\\/www.eldiario.net\\\/portal\\\/wp-content\\\/uploads\\\/2023\\\/12\\\/MUCHACHOS-LA-PELICULA-DE-LA-GENTE-2-scaled-1.jpg\",\"datePublished\":\"2023-12-17T04:12:07+00:00\",\"breadcrumb\":{\"@id\":\"https:\\\/\\\/www.eldiario.net\\\/portal\\\/2023\\\/12\\\/17\\\/muchachos-la-pelicula-de-la-gente\\\/#breadcrumb\"},\"inLanguage\":\"es\",\"potentialAction\":[{\"@type\":\"ReadAction\",\"target\":[\"https:\\\/\\\/www.eldiario.net\\\/portal\\\/2023\\\/12\\\/17\\\/muchachos-la-pelicula-de-la-gente\\\/\"]}]},{\"@type\":\"ImageObject\",\"inLanguage\":\"es\",\"@id\":\"https:\\\/\\\/www.eldiario.net\\\/portal\\\/2023\\\/12\\\/17\\\/muchachos-la-pelicula-de-la-gente\\\/#primaryimage\",\"url\":\"https:\\\/\\\/www.eldiario.net\\\/portal\\\/wp-content\\\/uploads\\\/2023\\\/12\\\/MUCHACHOS-LA-PELICULA-DE-LA-GENTE-2-scaled-1.jpg\",\"contentUrl\":\"https:\\\/\\\/www.eldiario.net\\\/portal\\\/wp-content\\\/uploads\\\/2023\\\/12\\\/MUCHACHOS-LA-PELICULA-DE-LA-GENTE-2-scaled-1.jpg\",\"width\":2560,\"height\":1707},{\"@type\":\"BreadcrumbList\",\"@id\":\"https:\\\/\\\/www.eldiario.net\\\/portal\\\/2023\\\/12\\\/17\\\/muchachos-la-pelicula-de-la-gente\\\/#breadcrumb\",\"itemListElement\":[{\"@type\":\"ListItem\",\"position\":1,\"name\":\"Portada\",\"item\":\"https:\\\/\\\/www.eldiario.net\\\/portal\\\/\"},{\"@type\":\"ListItem\",\"position\":2,\"name\":\"MUCHACHOS, LA PEL\u00cdCULA DE LA GENTE\"}]},{\"@type\":\"WebSite\",\"@id\":\"https:\\\/\\\/www.eldiario.net\\\/portal\\\/#website\",\"url\":\"https:\\\/\\\/www.eldiario.net\\\/portal\\\/\",\"name\":\"El Diario - Decano de la prensa nacional\",\"description\":\"El Diario - Decano de la prensa nacional\",\"publisher\":{\"@id\":\"https:\\\/\\\/www.eldiario.net\\\/portal\\\/#organization\"},\"potentialAction\":[{\"@type\":\"SearchAction\",\"target\":{\"@type\":\"EntryPoint\",\"urlTemplate\":\"https:\\\/\\\/www.eldiario.net\\\/portal\\\/?s={search_term_string}\"},\"query-input\":{\"@type\":\"PropertyValueSpecification\",\"valueRequired\":true,\"valueName\":\"search_term_string\"}}],\"inLanguage\":\"es\"},{\"@type\":\"Organization\",\"@id\":\"https:\\\/\\\/www.eldiario.net\\\/portal\\\/#organization\",\"name\":\"El Diario - Decano de la prensa nacional\",\"url\":\"https:\\\/\\\/www.eldiario.net\\\/portal\\\/\",\"logo\":{\"@type\":\"ImageObject\",\"inLanguage\":\"es\",\"@id\":\"https:\\\/\\\/www.eldiario.net\\\/portal\\\/#\\\/schema\\\/logo\\\/image\\\/\",\"url\":\"https:\\\/\\\/www.eldiario.net\\\/portal\\\/wp-content\\\/uploads\\\/2023\\\/07\\\/logo_ED.jpg\",\"contentUrl\":\"https:\\\/\\\/www.eldiario.net\\\/portal\\\/wp-content\\\/uploads\\\/2023\\\/07\\\/logo_ED.jpg\",\"width\":272,\"height\":52,\"caption\":\"El Diario - Decano de la prensa nacional\"},\"image\":{\"@id\":\"https:\\\/\\\/www.eldiario.net\\\/portal\\\/#\\\/schema\\\/logo\\\/image\\\/\"},\"sameAs\":[\"https:\\\/\\\/www.facebook.com\\\/eldiario.bolivia\\\/\",\"https:\\\/\\\/x.com\\\/eldiario_net\"]},{\"@type\":\"Person\",\"@id\":\"https:\\\/\\\/www.eldiario.net\\\/portal\\\/#\\\/schema\\\/person\\\/f46445640444750d7d753ccd04ae01b7\",\"name\":\"Jeanette\",\"image\":{\"@type\":\"ImageObject\",\"inLanguage\":\"es\",\"@id\":\"https:\\\/\\\/secure.gravatar.com\\\/avatar\\\/3ea2118a5f7dad2b7138b1187a6b7ee55f160b9968b66013c3a3ef39dd7e5798?s=96&d=mm&r=g\",\"url\":\"https:\\\/\\\/secure.gravatar.com\\\/avatar\\\/3ea2118a5f7dad2b7138b1187a6b7ee55f160b9968b66013c3a3ef39dd7e5798?s=96&d=mm&r=g\",\"contentUrl\":\"https:\\\/\\\/secure.gravatar.com\\\/avatar\\\/3ea2118a5f7dad2b7138b1187a6b7ee55f160b9968b66013c3a3ef39dd7e5798?s=96&d=mm&r=g\",\"caption\":\"Jeanette\"},\"sameAs\":[\"https:\\\/\\\/www.eldiario.net\\\/portal\"],\"url\":\"https:\\\/\\\/www.eldiario.net\\\/portal\\\/author\\\/jeanette\\\/\"}]}<\/script>\n<!-- \/ Yoast SEO plugin. -->","yoast_head_json":{"title":"MUCHACHOS, LA PEL\u00cdCULA DE LA GENTE - El Diario - Bolivia","robots":{"index":"index","follow":"follow","max-snippet":"max-snippet:-1","max-image-preview":"max-image-preview:large","max-video-preview":"max-video-preview:-1"},"canonical":"https:\/\/www.eldiario.net\/portal\/2023\/12\/17\/muchachos-la-pelicula-de-la-gente\/","og_locale":"es_ES","og_type":"article","og_title":"MUCHACHOS, LA PEL\u00cdCULA DE LA GENTE - El Diario - Bolivia","og_description":"Con la voz de Guillermo Francella, esta experiencia cinematogr\u00e1fica invitar\u00e1 a rememorar el \u00e9pico camino de la Scaloneta hasta el d\u00eda que qued\u00f3 en la historia de todos los argentinos. \u201cMuchachos, la pel\u00edcula de la gente\u201d, narrada por Guillermo Francella y basada en un cuento de Hern\u00e1n Casciari -autor de \u201cLa valija de Messi\u201d, se [&hellip;]","og_url":"https:\/\/www.eldiario.net\/portal\/2023\/12\/17\/muchachos-la-pelicula-de-la-gente\/","og_site_name":"El Diario - Bolivia","article_publisher":"https:\/\/www.facebook.com\/eldiario.bolivia\/","article_published_time":"2023-12-17T04:12:07+00:00","og_image":[{"width":2560,"height":1707,"url":"https:\/\/www.eldiario.net\/portal\/wp-content\/uploads\/2023\/12\/MUCHACHOS-LA-PELICULA-DE-LA-GENTE-2-scaled-1.jpg","type":"image\/jpeg"}],"author":"Jeanette","twitter_card":"summary_large_image","twitter_creator":"@eldiario_net","twitter_site":"@eldiario_net","twitter_misc":{"Escrito por":"Jeanette","Tiempo de lectura":"1 minuto"},"schema":{"@context":"https:\/\/schema.org","@graph":[{"@type":"Article","@id":"https:\/\/www.eldiario.net\/portal\/2023\/12\/17\/muchachos-la-pelicula-de-la-gente\/#article","isPartOf":{"@id":"https:\/\/www.eldiario.net\/portal\/2023\/12\/17\/muchachos-la-pelicula-de-la-gente\/"},"author":{"name":"Jeanette","@id":"https:\/\/www.eldiario.net\/portal\/#\/schema\/person\/f46445640444750d7d753ccd04ae01b7"},"headline":"MUCHACHOS, LA PEL\u00cdCULA DE LA GENTE","datePublished":"2023-12-17T04:12:07+00:00","mainEntityOfPage":{"@id":"https:\/\/www.eldiario.net\/portal\/2023\/12\/17\/muchachos-la-pelicula-de-la-gente\/"},"wordCount":498,"publisher":{"@id":"https:\/\/www.eldiario.net\/portal\/#organization"},"image":{"@id":"https:\/\/www.eldiario.net\/portal\/2023\/12\/17\/muchachos-la-pelicula-de-la-gente\/#primaryimage"},"thumbnailUrl":"https:\/\/www.eldiario.net\/portal\/wp-content\/uploads\/2023\/12\/MUCHACHOS-LA-PELICULA-DE-LA-GENTE-2-scaled-1.jpg","articleSection":["Cine Mundo"],"inLanguage":"es"},{"@type":"WebPage","@id":"https:\/\/www.eldiario.net\/portal\/2023\/12\/17\/muchachos-la-pelicula-de-la-gente\/","url":"https:\/\/www.eldiario.net\/portal\/2023\/12\/17\/muchachos-la-pelicula-de-la-gente\/","name":"MUCHACHOS, LA PEL\u00cdCULA DE LA GENTE - El Diario - Bolivia","isPartOf":{"@id":"https:\/\/www.eldiario.net\/portal\/#website"},"primaryImageOfPage":{"@id":"https:\/\/www.eldiario.net\/portal\/2023\/12\/17\/muchachos-la-pelicula-de-la-gente\/#primaryimage"},"image":{"@id":"https:\/\/www.eldiario.net\/portal\/2023\/12\/17\/muchachos-la-pelicula-de-la-gente\/#primaryimage"},"thumbnailUrl":"https:\/\/www.eldiario.net\/portal\/wp-content\/uploads\/2023\/12\/MUCHACHOS-LA-PELICULA-DE-LA-GENTE-2-scaled-1.jpg","datePublished":"2023-12-17T04:12:07+00:00","breadcrumb":{"@id":"https:\/\/www.eldiario.net\/portal\/2023\/12\/17\/muchachos-la-pelicula-de-la-gente\/#breadcrumb"},"inLanguage":"es","potentialAction":[{"@type":"ReadAction","target":["https:\/\/www.eldiario.net\/portal\/2023\/12\/17\/muchachos-la-pelicula-de-la-gente\/"]}]},{"@type":"ImageObject","inLanguage":"es","@id":"https:\/\/www.eldiario.net\/portal\/2023\/12\/17\/muchachos-la-pelicula-de-la-gente\/#primaryimage","url":"https:\/\/www.eldiario.net\/portal\/wp-content\/uploads\/2023\/12\/MUCHACHOS-LA-PELICULA-DE-LA-GENTE-2-scaled-1.jpg","contentUrl":"https:\/\/www.eldiario.net\/portal\/wp-content\/uploads\/2023\/12\/MUCHACHOS-LA-PELICULA-DE-LA-GENTE-2-scaled-1.jpg","width":2560,"height":1707},{"@type":"BreadcrumbList","@id":"https:\/\/www.eldiario.net\/portal\/2023\/12\/17\/muchachos-la-pelicula-de-la-gente\/#breadcrumb","itemListElement":[{"@type":"ListItem","position":1,"name":"Portada","item":"https:\/\/www.eldiario.net\/portal\/"},{"@type":"ListItem","position":2,"name":"MUCHACHOS, LA PEL\u00cdCULA DE LA GENTE"}]},{"@type":"WebSite","@id":"https:\/\/www.eldiario.net\/portal\/#website","url":"https:\/\/www.eldiario.net\/portal\/","name":"El Diario - Decano de la prensa nacional","description":"El Diario - Decano de la prensa nacional","publisher":{"@id":"https:\/\/www.eldiario.net\/portal\/#organization"},"potentialAction":[{"@type":"SearchAction","target":{"@type":"EntryPoint","urlTemplate":"https:\/\/www.eldiario.net\/portal\/?s={search_term_string}"},"query-input":{"@type":"PropertyValueSpecification","valueRequired":true,"valueName":"search_term_string"}}],"inLanguage":"es"},{"@type":"Organization","@id":"https:\/\/www.eldiario.net\/portal\/#organization","name":"El Diario - Decano de la prensa nacional","url":"https:\/\/www.eldiario.net\/portal\/","logo":{"@type":"ImageObject","inLanguage":"es","@id":"https:\/\/www.eldiario.net\/portal\/#\/schema\/logo\/image\/","url":"https:\/\/www.eldiario.net\/portal\/wp-content\/uploads\/2023\/07\/logo_ED.jpg","contentUrl":"https:\/\/www.eldiario.net\/portal\/wp-content\/uploads\/2023\/07\/logo_ED.jpg","width":272,"height":52,"caption":"El Diario - Decano de la prensa nacional"},"image":{"@id":"https:\/\/www.eldiario.net\/portal\/#\/schema\/logo\/image\/"},"sameAs":["https:\/\/www.facebook.com\/eldiario.bolivia\/","https:\/\/x.com\/eldiario_net"]},{"@type":"Person","@id":"https:\/\/www.eldiario.net\/portal\/#\/schema\/person\/f46445640444750d7d753ccd04ae01b7","name":"Jeanette","image":{"@type":"ImageObject","inLanguage":"es","@id":"https:\/\/secure.gravatar.com\/avatar\/3ea2118a5f7dad2b7138b1187a6b7ee55f160b9968b66013c3a3ef39dd7e5798?s=96&d=mm&r=g","url":"https:\/\/secure.gravatar.com\/avatar\/3ea2118a5f7dad2b7138b1187a6b7ee55f160b9968b66013c3a3ef39dd7e5798?s=96&d=mm&r=g","contentUrl":"https:\/\/secure.gravatar.com\/avatar\/3ea2118a5f7dad2b7138b1187a6b7ee55f160b9968b66013c3a3ef39dd7e5798?s=96&d=mm&r=g","caption":"Jeanette"},"sameAs":["https:\/\/www.eldiario.net\/portal"],"url":"https:\/\/www.eldiario.net\/portal\/author\/jeanette\/"}]}},"_links":{"self":[{"href":"https:\/\/www.eldiario.net\/portal\/wp-json\/wp\/v2\/posts\/193250","targetHints":{"allow":["GET"]}}],"collection":[{"href":"https:\/\/www.eldiario.net\/portal\/wp-json\/wp\/v2\/posts"}],"about":[{"href":"https:\/\/www.eldiario.net\/portal\/wp-json\/wp\/v2\/types\/post"}],"author":[{"embeddable":true,"href":"https:\/\/www.eldiario.net\/portal\/wp-json\/wp\/v2\/users\/1"}],"replies":[{"embeddable":true,"href":"https:\/\/www.eldiario.net\/portal\/wp-json\/wp\/v2\/comments?post=193250"}],"version-history":[{"count":0,"href":"https:\/\/www.eldiario.net\/portal\/wp-json\/wp\/v2\/posts\/193250\/revisions"}],"wp:featuredmedia":[{"embeddable":true,"href":"https:\/\/www.eldiario.net\/portal\/wp-json\/wp\/v2\/media\/193251"}],"wp:attachment":[{"href":"https:\/\/www.eldiario.net\/portal\/wp-json\/wp\/v2\/media?parent=193250"}],"wp:term":[{"taxonomy":"category","embeddable":true,"href":"https:\/\/www.eldiario.net\/portal\/wp-json\/wp\/v2\/categories?post=193250"},{"taxonomy":"post_tag","embeddable":true,"href":"https:\/\/www.eldiario.net\/portal\/wp-json\/wp\/v2\/tags?post=193250"}],"curies":[{"name":"wp","href":"https:\/\/api.w.org\/{rel}","templated":true}]}}