{"id":193227,"date":"2023-12-16T07:05:09","date_gmt":"2023-12-16T11:05:09","guid":{"rendered":"https:\/\/www.eldiario.net\/portal\/?p=193227"},"modified":"2023-12-16T07:05:09","modified_gmt":"2023-12-16T11:05:09","slug":"jose-luis-duarte-y-sus-amigos-en-un-gran-concierto-navideno-familiar","status":"publish","type":"post","link":"https:\/\/www.eldiario.net\/portal\/2023\/12\/16\/jose-luis-duarte-y-sus-amigos-en-un-gran-concierto-navideno-familiar\/","title":{"rendered":"Jos\u00e9 Luis Duarte y sus amigos en  un gran concierto navide\u00f1o familiar"},"content":{"rendered":"<p>Ya llega Navidad y qu\u00e9 mejor regalo que disfrutar del c\u00e1lido concierto que brindar\u00e1 el destacado tenor l\u00edrico boliviano Jos\u00e9 Luis Duarte junto a experimentados artistas, el jueves 21 de diciembre, a horas 19:30, en el Teatro Nuna, ubicado en la calle 21 de Calacoto No. 8509 (Parada PumaKatari), zona sur de la ciudad de La Paz.<\/p>\n<p>\u201cNavidad en Familia\u2026 Jos\u00e9 Luis Duarte y sus amigos\u201d es el nombre del concierto que tendr\u00e1 lindas canciones y muchas sorpresas.<\/p>\n<p>A pocos d\u00edas de esta presentaci\u00f3n navide\u00f1a, Jos\u00e9 Luis convers\u00f3 con La Gu\u00eda no s\u00f3lo del concierto, sino tambi\u00e9n de su carrera, de su trabajo y del buen momento art\u00edstico que est\u00e1 viviendo.<\/p>\n<p><strong>LG: \u00bfQu\u00e9 caracter\u00edsticas especiales tendr\u00e1 el concierto de Navidad?<\/strong><\/p>\n<p>JL: El concierto ser\u00e1 con repertorio renovado. Invitar\u00e9 a un grupo vocal de 6 cantantes, <em>Sound Vox<\/em>, que interpretar\u00e1 algunas canciones a capella y tendr\u00e1 la presencia por primera vez del Grinch. Mucha gente me pidi\u00f3 que cante la canci\u00f3n de este personaje, as\u00ed que no solo la cantar\u00e9, sino que tambi\u00e9n me vestir\u00e9 y maquillar\u00e9 como \u00e9l, ser\u00e1 divertido.<\/p>\n<p><strong>LG: \u00bfCon cu\u00e1les amigos compartir\u00e1s escenario?<\/strong><\/p>\n<p>JL: Mis amigos de siempre, los m\u00fasicos que a\u00f1o tras a\u00f1o hacemos este lindo concierto bajo la direcci\u00f3n del maestro Luis Garc\u00eda (junto a Roberto Morales, saxofonista; Pablo Soria, guitarrista; Christian Laguna, bajista y Eduardo Navarre, baterista). Adem\u00e1s, estar\u00e1 presente Andrea Camacho, acompa\u00f1\u00e1ndome en esta velada, quien es una de las revelaciones de los \u00faltimos a\u00f1os. Tambi\u00e9n estar\u00e1 el grupo vocal <em>Sound Vox<\/em>, dirigido por Roc\u00edo Juanes y, claro, como todos los a\u00f1os, mi gran amigo Juan Carlos Arana estar\u00e1 presentando el show.<\/p>\n<p><strong>LG: \u00bfCu\u00e1l ser\u00e1 el repertorio de este concierto?<\/strong><\/p>\n<p>JL: Ser\u00e1 muy variado. Estaremos empezando con canciones en espa\u00f1ol que popularizaron Luis Aguil\u00e9, Jos\u00e9 Luis Perales y Gloria Estefan, adicionalmente cantar\u00e9 canciones con el estilo de Michael Bubble con mi banda, que se caracteriza por dar un toque de jazz a cada canci\u00f3n.<\/p>\n<p><strong>LG: \u00bfQu\u00e9 esperas lograr con esta presentaci\u00f3n?<\/strong><\/p>\n<p>JL: Espero que la familia completa se re\u00fana en el lind\u00edsimo teatro Nuna para disfrutar este maravilloso concierto y, claro, que el esp\u00edritu navide\u00f1o inunde sus corazones con cada interpretaci\u00f3n.<\/p>\n<p><strong>LG: \u00bfQu\u00e9 balance haces de esta gesti\u00f3n que acaba, que es lo que m\u00e1s resaltas a nivel art\u00edstico?<\/strong><\/p>\n<p>JL: Definitivamente haber cantado con Pl\u00e1cido Domingo, que catapult\u00f3 mi carrera de cantante lirico. Esta gesti\u00f3n fue muy linda, cant\u00e9 en las principales ciudades y teatros de nuestro pa\u00eds, cantando desde sinf\u00f3nicos corales, musicales, homenajes y, adem\u00e1s, me dieron un lindo reconocimiento desde el Concejo Municipal de La Paz. Pude cantar gracias a la productora \u00c9pica, que dirige mi amiga Mar\u00eda Luz Salas K., el papel principal de Canio de la \u00f3pera I Plagliacci de Leoncavallo, que es lo que m\u00e1s destaco este a\u00f1o y cerrar\u00e9 con broche de oro con mi concierto de Navidad.<\/p>\n<p><strong>LG: \u00bfQu\u00e9 destacas de tu participaci\u00f3n en el homenaje a Gilberto Rojas Sinf\u00f3nico?<\/strong><\/p>\n<p>JL: Poder cantar su m\u00fasica, ya que para m\u00ed es un gran privilegio, y agradezco a Andr\u00e9s Rojas por permitirme ser parte de este lindo evento. Adicionalmente el poder reunir a artistas consagrados de la cumbia, el rock boliviano, el folclore de nuestro pa\u00eds y a m\u00ed, que me dedico a la \u00f3pera. Definitivamente fue atinado reunir a cantantes de diferentes estilos musicales con un solo fin, homenajear a un gran compositor boliviano. El p\u00fablico sali\u00f3 maravillado y feliz por dicha presentaci\u00f3n. Otro aspecto destacable fue la participaci\u00f3n de j\u00f3venes valores del Coro y Orquesta de la Universidad Loyola, bajo la gran direcci\u00f3n del maestro y amigo Sergio Ar\u00e9valo.<\/p>\n<p><strong>LG: \u00bfHace cu\u00e1ntos a\u00f1os cantas?<\/strong><\/p>\n<p>JL: Con este 2023 ya son 36 a\u00f1os de carrera art\u00edstica profesional.<\/p>\n<p><strong>LG: \u00bfQu\u00e9 te dio la m\u00fasica hasta el momento?<\/strong><\/p>\n<p>JL: Gracias a toda mi trayectoria, el Honorable Concejo Municipal de La Paz, a trav\u00e9s del concejal Jorge Dul\u00f3n, me otorg\u00f3 la condecoraci\u00f3n <em>Emilio Villanueva Pe\u00f1aranda<\/em>, algo que me enorgullece much\u00edsimo. Y, claro, el reconocimiento del p\u00fablico, productores y amigos de arte, con los que compart\u00ed varios escenarios nacionales e internacionales.<\/p>\n<p><strong>LG: \u00bfCu\u00e1les fueron tus mayores logros?<\/strong><\/p>\n<p>JL: Podr\u00eda enumerar varios logros y an\u00e9cdotas que tuve en todos estos a\u00f1os de carrera art\u00edstica, entre representar a Bolivia en festivales internacionales, cantar y audicionar en diferentes partes del mundo, pero las m\u00e1s destacadas fueron: primero, gracias a Ricardo Estrada B. y Katerina Tretyakova, mis maestros en Barcelona, Espa\u00f1a, quienes hicieron posible que pase clases maestras con la soprano Montserrat Caball\u00e9. Y segundo, y lo m\u00e1s importante, haber compartido escenario con nada m\u00e1s y nada menos con el gran tenor Pl\u00e1cido Domingo y ser dirigido por Eugene Kohn, un director de renombre internacional, fueron mis m\u00e1s grandes logros. Adicionalmente los dos discos \u201cAlgo que cantarte\u201d y \u201cSonidos de Bolivia\u201d, que grab\u00e9 junto a mi gran amiga Susana Renjel, con nuestro D\u00fao Cadenza, fue tambi\u00e9n algo que me llen\u00f3 de orgullo. Estos discos los pueden encontrar en Spotify.<\/p>\n<p><strong>LG: \u00bfQu\u00e9 es lo que m\u00e1s resaltas de tu voz?<\/strong><\/p>\n<p>JL: Con el transcurso de los a\u00f1os, creo que lo que m\u00e1s creci\u00f3 en mi voz fue la potencia. Los sonidistas me miran feo porque piensan que romper\u00e9 sus micr\u00f3fonos (sonr\u00ede). Esto me permite interpretar obras de gran envergadura, como son las \u00f3peras, especialmente de Giacomo Puccini. Me pas\u00f3 una linda an\u00e9cdota en el concierto en homenaje a Gilberto Rojas. Se me apag\u00f3 el micr\u00f3fono por unos instantes y cant\u00e9 a voz en cuello, como se dice popularmente, hasta que me repusieron el sonido. Fue divertido el momento y el p\u00fablico me premi\u00f3 con sus aplausos por lo que pas\u00f3.<\/p>\n<p><strong>LG: \u00bfQu\u00e9 se viene en tu carrera musical en 2024?<\/strong><\/p>\n<p>JL: Ya tengo comprometidos dos musicales, una \u00f3pera, una cantata, una zarzuela, conciertos junto al grupo Rubik y adicionalmente mi maestro Ricardo Estrada me est\u00e1 preparando para mi concierto denominado \u201cConcierto del tenor Jos\u00e9 Luis Duarte replicando grandes roles de Pl\u00e1cido Domingo\u201d. Esto ser\u00e1 en abril de 2024, estar\u00e9 cantando obras de Giuseppe Verdi, Giordano y Saint Saens.<\/p>\n<p><strong>LG: \u00bfDeseas agregar algo?<\/strong><\/p>\n<p>JL: Primero agradecer a Dios por tan lindas bendiciones que me da cada a\u00f1o y tambi\u00e9n a mi esposa Maggi, mis hijos Luc\u00eda y Andr\u00e9s, mi nieta Florencia, por siempre apoyarme en todo este tiempo en mi carrera como tenor l\u00edrico y decir a todas los j\u00f3venes que quieran abrazar esta carrera, que los sue\u00f1os se cumplen y que pueden hacerlo, as\u00ed que adelante.<\/p>\n<div id='gallery-1' class='gallery galleryid-193227 gallery-columns-3 gallery-size-medium'><figure class='gallery-item'>\n\t\t\t<div class='gallery-icon landscape'>\n\t\t\t\t<a href='https:\/\/www.eldiario.net\/portal\/2023\/12\/16\/jose-luis-duarte-y-sus-amigos-en-un-gran-concierto-navideno-familiar\/jose-1principal\/'><img loading=\"lazy\" decoding=\"async\" width=\"300\" height=\"150\" src=\"https:\/\/www.eldiario.net\/portal\/wp-content\/uploads\/2023\/12\/jose-1PRINCIPAL-300x150.jpg\" class=\"attachment-medium size-medium\" alt=\"\" srcset=\"https:\/\/www.eldiario.net\/portal\/wp-content\/uploads\/2023\/12\/jose-1PRINCIPAL-300x150.jpg 300w, https:\/\/www.eldiario.net\/portal\/wp-content\/uploads\/2023\/12\/jose-1PRINCIPAL-1024x512.jpg 1024w, https:\/\/www.eldiario.net\/portal\/wp-content\/uploads\/2023\/12\/jose-1PRINCIPAL-768x384.jpg 768w, https:\/\/www.eldiario.net\/portal\/wp-content\/uploads\/2023\/12\/jose-1PRINCIPAL-1536x768.jpg 1536w, https:\/\/www.eldiario.net\/portal\/wp-content\/uploads\/2023\/12\/jose-1PRINCIPAL-696x348.jpg 696w, https:\/\/www.eldiario.net\/portal\/wp-content\/uploads\/2023\/12\/jose-1PRINCIPAL-1068x534.jpg 1068w, https:\/\/www.eldiario.net\/portal\/wp-content\/uploads\/2023\/12\/jose-1PRINCIPAL.jpg 1574w\" sizes=\"auto, (max-width: 300px) 100vw, 300px\" \/><\/a>\n\t\t\t<\/div><\/figure><figure class='gallery-item'>\n\t\t\t<div class='gallery-icon landscape'>\n\t\t\t\t<a href='https:\/\/www.eldiario.net\/portal\/2023\/12\/16\/jose-luis-duarte-y-sus-amigos-en-un-gran-concierto-navideno-familiar\/jose-2-pie-de-foto-placido-domingo-jose-luis-duarte-y-eugene-kohn\/'><img loading=\"lazy\" decoding=\"async\" width=\"300\" height=\"254\" src=\"https:\/\/www.eldiario.net\/portal\/wp-content\/uploads\/2023\/12\/jose-2-pie-de-foto-Placido-Domingo-Jose-Luis-Duarte-y-Eugene-Kohn.--300x254.jpg\" class=\"attachment-medium size-medium\" alt=\"\" srcset=\"https:\/\/www.eldiario.net\/portal\/wp-content\/uploads\/2023\/12\/jose-2-pie-de-foto-Placido-Domingo-Jose-Luis-Duarte-y-Eugene-Kohn.--300x254.jpg 300w, https:\/\/www.eldiario.net\/portal\/wp-content\/uploads\/2023\/12\/jose-2-pie-de-foto-Placido-Domingo-Jose-Luis-Duarte-y-Eugene-Kohn.--1024x866.jpg 1024w, https:\/\/www.eldiario.net\/portal\/wp-content\/uploads\/2023\/12\/jose-2-pie-de-foto-Placido-Domingo-Jose-Luis-Duarte-y-Eugene-Kohn.--768x649.jpg 768w, https:\/\/www.eldiario.net\/portal\/wp-content\/uploads\/2023\/12\/jose-2-pie-de-foto-Placido-Domingo-Jose-Luis-Duarte-y-Eugene-Kohn.--696x588.jpg 696w, https:\/\/www.eldiario.net\/portal\/wp-content\/uploads\/2023\/12\/jose-2-pie-de-foto-Placido-Domingo-Jose-Luis-Duarte-y-Eugene-Kohn.--1068x903.jpg 1068w, https:\/\/www.eldiario.net\/portal\/wp-content\/uploads\/2023\/12\/jose-2-pie-de-foto-Placido-Domingo-Jose-Luis-Duarte-y-Eugene-Kohn.-.jpg 1242w\" sizes=\"auto, (max-width: 300px) 100vw, 300px\" \/><\/a>\n\t\t\t<\/div><\/figure><figure class='gallery-item'>\n\t\t\t<div class='gallery-icon landscape'>\n\t\t\t\t<a href='https:\/\/www.eldiario.net\/portal\/2023\/12\/16\/jose-luis-duarte-y-sus-amigos-en-un-gran-concierto-navideno-familiar\/jose-3-pie-de-foto-el-tenor-boliviano-con-montserrat-caballe\/'><img loading=\"lazy\" decoding=\"async\" width=\"300\" height=\"300\" src=\"https:\/\/www.eldiario.net\/portal\/wp-content\/uploads\/2023\/12\/jose-3-pie-de-foto-El-tenor-boliviano-con-Montserrat-Caballe.--300x300.jpg\" class=\"attachment-medium size-medium\" alt=\"\" srcset=\"https:\/\/www.eldiario.net\/portal\/wp-content\/uploads\/2023\/12\/jose-3-pie-de-foto-El-tenor-boliviano-con-Montserrat-Caballe.--300x300.jpg 300w, https:\/\/www.eldiario.net\/portal\/wp-content\/uploads\/2023\/12\/jose-3-pie-de-foto-El-tenor-boliviano-con-Montserrat-Caballe.--150x150.jpg 150w, https:\/\/www.eldiario.net\/portal\/wp-content\/uploads\/2023\/12\/jose-3-pie-de-foto-El-tenor-boliviano-con-Montserrat-Caballe.--768x768.jpg 768w, https:\/\/www.eldiario.net\/portal\/wp-content\/uploads\/2023\/12\/jose-3-pie-de-foto-El-tenor-boliviano-con-Montserrat-Caballe.--696x696.jpg 696w, https:\/\/www.eldiario.net\/portal\/wp-content\/uploads\/2023\/12\/jose-3-pie-de-foto-El-tenor-boliviano-con-Montserrat-Caballe.-.jpg 810w\" sizes=\"auto, (max-width: 300px) 100vw, 300px\" \/><\/a>\n\t\t\t<\/div><\/figure><figure class='gallery-item'>\n\t\t\t<div class='gallery-icon portrait'>\n\t\t\t\t<a href='https:\/\/www.eldiario.net\/portal\/2023\/12\/16\/jose-luis-duarte-y-sus-amigos-en-un-gran-concierto-navideno-familiar\/jose-4-2\/'><img loading=\"lazy\" decoding=\"async\" width=\"225\" height=\"300\" src=\"https:\/\/www.eldiario.net\/portal\/wp-content\/uploads\/2023\/12\/jose-4--225x300.jpg\" class=\"attachment-medium size-medium\" alt=\"\" srcset=\"https:\/\/www.eldiario.net\/portal\/wp-content\/uploads\/2023\/12\/jose-4--225x300.jpg 225w, https:\/\/www.eldiario.net\/portal\/wp-content\/uploads\/2023\/12\/jose-4--768x1024.jpg 768w, https:\/\/www.eldiario.net\/portal\/wp-content\/uploads\/2023\/12\/jose-4--696x928.jpg 696w, https:\/\/www.eldiario.net\/portal\/wp-content\/uploads\/2023\/12\/jose-4-.jpg 843w\" sizes=\"auto, (max-width: 225px) 100vw, 225px\" \/><\/a>\n\t\t\t<\/div><\/figure><figure class='gallery-item'>\n\t\t\t<div class='gallery-icon landscape'>\n\t\t\t\t<a href='https:\/\/www.eldiario.net\/portal\/2023\/12\/16\/jose-luis-duarte-y-sus-amigos-en-un-gran-concierto-navideno-familiar\/jose-5-2\/'><img loading=\"lazy\" decoding=\"async\" width=\"300\" height=\"225\" src=\"https:\/\/www.eldiario.net\/portal\/wp-content\/uploads\/2023\/12\/jose-5--300x225.jpg\" class=\"attachment-medium size-medium\" alt=\"\" srcset=\"https:\/\/www.eldiario.net\/portal\/wp-content\/uploads\/2023\/12\/jose-5--300x225.jpg 300w, https:\/\/www.eldiario.net\/portal\/wp-content\/uploads\/2023\/12\/jose-5--1024x768.jpg 1024w, https:\/\/www.eldiario.net\/portal\/wp-content\/uploads\/2023\/12\/jose-5--768x576.jpg 768w, https:\/\/www.eldiario.net\/portal\/wp-content\/uploads\/2023\/12\/jose-5--696x522.jpg 696w, https:\/\/www.eldiario.net\/portal\/wp-content\/uploads\/2023\/12\/jose-5--1068x801.jpg 1068w, https:\/\/www.eldiario.net\/portal\/wp-content\/uploads\/2023\/12\/jose-5-.jpg 1280w\" sizes=\"auto, (max-width: 300px) 100vw, 300px\" \/><\/a>\n\t\t\t<\/div><\/figure><figure class='gallery-item'>\n\t\t\t<div class='gallery-icon portrait'>\n\t\t\t\t<a href='https:\/\/www.eldiario.net\/portal\/2023\/12\/16\/jose-luis-duarte-y-sus-amigos-en-un-gran-concierto-navideno-familiar\/jose-6-2\/'><img loading=\"lazy\" decoding=\"async\" width=\"210\" height=\"300\" src=\"https:\/\/www.eldiario.net\/portal\/wp-content\/uploads\/2023\/12\/jose-6--210x300.jpg\" class=\"attachment-medium size-medium\" alt=\"\" srcset=\"https:\/\/www.eldiario.net\/portal\/wp-content\/uploads\/2023\/12\/jose-6--210x300.jpg 210w, https:\/\/www.eldiario.net\/portal\/wp-content\/uploads\/2023\/12\/jose-6-.jpg 343w\" sizes=\"auto, (max-width: 210px) 100vw, 210px\" \/><\/a>\n\t\t\t<\/div><\/figure><figure class='gallery-item'>\n\t\t\t<div class='gallery-icon portrait'>\n\t\t\t\t<a href='https:\/\/www.eldiario.net\/portal\/2023\/12\/16\/jose-luis-duarte-y-sus-amigos-en-un-gran-concierto-navideno-familiar\/jose-7-2\/'><img loading=\"lazy\" decoding=\"async\" width=\"262\" height=\"300\" src=\"https:\/\/www.eldiario.net\/portal\/wp-content\/uploads\/2023\/12\/jose-7--262x300.jpg\" class=\"attachment-medium size-medium\" alt=\"\" srcset=\"https:\/\/www.eldiario.net\/portal\/wp-content\/uploads\/2023\/12\/jose-7--262x300.jpg 262w, https:\/\/www.eldiario.net\/portal\/wp-content\/uploads\/2023\/12\/jose-7--768x878.jpg 768w, https:\/\/www.eldiario.net\/portal\/wp-content\/uploads\/2023\/12\/jose-7--696x796.jpg 696w, https:\/\/www.eldiario.net\/portal\/wp-content\/uploads\/2023\/12\/jose-7-.jpg 843w\" sizes=\"auto, (max-width: 262px) 100vw, 262px\" \/><\/a>\n\t\t\t<\/div><\/figure>\n\t\t<\/div>\n\n","protected":false},"excerpt":{"rendered":"<p>Ya llega Navidad y qu\u00e9 mejor regalo que disfrutar del c\u00e1lido concierto que brindar\u00e1 el destacado tenor l\u00edrico boliviano Jos\u00e9 Luis Duarte junto a experimentados artistas, el jueves 21 de diciembre, a horas 19:30, en el Teatro Nuna, ubicado en la calle 21 de Calacoto No. 8509 (Parada PumaKatari), zona sur de la ciudad de [&hellip;]<\/p>\n","protected":false},"author":1,"featured_media":193228,"comment_status":"closed","ping_status":"open","sticky":false,"template":"","format":"standard","meta":{"_acf_changed":false,"footnotes":""},"categories":[41],"tags":[],"class_list":["post-193227","post","type-post","status-publish","format-standard","has-post-thumbnail","category-la-guia"],"acf":{"antetitulo":""},"yoast_head":"<!-- This site is optimized with the Yoast SEO plugin v28.3 - https:\/\/yoast.com\/product\/yoast-seo-wordpress\/ -->\n<title>Jos\u00e9 Luis Duarte y sus amigos en un gran concierto navide\u00f1o familiar - El Diario - Bolivia<\/title>\n<meta name=\"robots\" content=\"index, follow, max-snippet:-1, max-image-preview:large, max-video-preview:-1\" \/>\n<link rel=\"canonical\" href=\"https:\/\/www.eldiario.net\/portal\/2023\/12\/16\/jose-luis-duarte-y-sus-amigos-en-un-gran-concierto-navideno-familiar\/\" \/>\n<meta property=\"og:locale\" content=\"es_ES\" \/>\n<meta property=\"og:type\" content=\"article\" \/>\n<meta property=\"og:title\" content=\"Jos\u00e9 Luis Duarte y sus amigos en un gran concierto navide\u00f1o familiar - El Diario - Bolivia\" \/>\n<meta property=\"og:description\" content=\"Ya llega Navidad y qu\u00e9 mejor regalo que disfrutar del c\u00e1lido concierto que brindar\u00e1 el destacado tenor l\u00edrico boliviano Jos\u00e9 Luis Duarte junto a experimentados artistas, el jueves 21 de diciembre, a horas 19:30, en el Teatro Nuna, ubicado en la calle 21 de Calacoto No. 8509 (Parada PumaKatari), zona sur de la ciudad de [&hellip;]\" \/>\n<meta property=\"og:url\" content=\"https:\/\/www.eldiario.net\/portal\/2023\/12\/16\/jose-luis-duarte-y-sus-amigos-en-un-gran-concierto-navideno-familiar\/\" \/>\n<meta property=\"og:site_name\" content=\"El Diario - Bolivia\" \/>\n<meta property=\"article:publisher\" content=\"https:\/\/www.facebook.com\/eldiario.bolivia\/\" \/>\n<meta property=\"article:published_time\" content=\"2023-12-16T11:05:09+00:00\" \/>\n<meta property=\"og:image\" content=\"https:\/\/www.eldiario.net\/portal\/wp-content\/uploads\/2023\/12\/jose-1PRINCIPAL.jpg\" \/>\n\t<meta property=\"og:image:width\" content=\"1574\" \/>\n\t<meta property=\"og:image:height\" content=\"787\" \/>\n\t<meta property=\"og:image:type\" content=\"image\/jpeg\" \/>\n<meta name=\"author\" content=\"Jeanette\" \/>\n<meta name=\"twitter:card\" content=\"summary_large_image\" \/>\n<meta name=\"twitter:creator\" content=\"@eldiario_net\" \/>\n<meta name=\"twitter:site\" content=\"@eldiario_net\" \/>\n<meta name=\"twitter:label1\" content=\"Escrito por\" \/>\n\t<meta name=\"twitter:data1\" content=\"Jeanette\" \/>\n\t<meta name=\"twitter:label2\" content=\"Tiempo de lectura\" \/>\n\t<meta name=\"twitter:data2\" content=\"6 minutos\" \/>\n<script type=\"application\/ld+json\" class=\"yoast-schema-graph\">{\"@context\":\"https:\\\/\\\/schema.org\",\"@graph\":[{\"@type\":\"Article\",\"@id\":\"https:\\\/\\\/www.eldiario.net\\\/portal\\\/2023\\\/12\\\/16\\\/jose-luis-duarte-y-sus-amigos-en-un-gran-concierto-navideno-familiar\\\/#article\",\"isPartOf\":{\"@id\":\"https:\\\/\\\/www.eldiario.net\\\/portal\\\/2023\\\/12\\\/16\\\/jose-luis-duarte-y-sus-amigos-en-un-gran-concierto-navideno-familiar\\\/\"},\"author\":{\"name\":\"Jeanette\",\"@id\":\"https:\\\/\\\/www.eldiario.net\\\/portal\\\/#\\\/schema\\\/person\\\/f46445640444750d7d753ccd04ae01b7\"},\"headline\":\"Jos\u00e9 Luis Duarte y sus amigos en un gran concierto navide\u00f1o familiar\",\"datePublished\":\"2023-12-16T11:05:09+00:00\",\"mainEntityOfPage\":{\"@id\":\"https:\\\/\\\/www.eldiario.net\\\/portal\\\/2023\\\/12\\\/16\\\/jose-luis-duarte-y-sus-amigos-en-un-gran-concierto-navideno-familiar\\\/\"},\"wordCount\":1164,\"publisher\":{\"@id\":\"https:\\\/\\\/www.eldiario.net\\\/portal\\\/#organization\"},\"image\":{\"@id\":\"https:\\\/\\\/www.eldiario.net\\\/portal\\\/2023\\\/12\\\/16\\\/jose-luis-duarte-y-sus-amigos-en-un-gran-concierto-navideno-familiar\\\/#primaryimage\"},\"thumbnailUrl\":\"https:\\\/\\\/www.eldiario.net\\\/portal\\\/wp-content\\\/uploads\\\/2023\\\/12\\\/jose-1PRINCIPAL.jpg\",\"articleSection\":[\"La Gu\u00eda\"],\"inLanguage\":\"es\"},{\"@type\":\"WebPage\",\"@id\":\"https:\\\/\\\/www.eldiario.net\\\/portal\\\/2023\\\/12\\\/16\\\/jose-luis-duarte-y-sus-amigos-en-un-gran-concierto-navideno-familiar\\\/\",\"url\":\"https:\\\/\\\/www.eldiario.net\\\/portal\\\/2023\\\/12\\\/16\\\/jose-luis-duarte-y-sus-amigos-en-un-gran-concierto-navideno-familiar\\\/\",\"name\":\"Jos\u00e9 Luis Duarte y sus amigos en un gran concierto navide\u00f1o familiar - El Diario - Bolivia\",\"isPartOf\":{\"@id\":\"https:\\\/\\\/www.eldiario.net\\\/portal\\\/#website\"},\"primaryImageOfPage\":{\"@id\":\"https:\\\/\\\/www.eldiario.net\\\/portal\\\/2023\\\/12\\\/16\\\/jose-luis-duarte-y-sus-amigos-en-un-gran-concierto-navideno-familiar\\\/#primaryimage\"},\"image\":{\"@id\":\"https:\\\/\\\/www.eldiario.net\\\/portal\\\/2023\\\/12\\\/16\\\/jose-luis-duarte-y-sus-amigos-en-un-gran-concierto-navideno-familiar\\\/#primaryimage\"},\"thumbnailUrl\":\"https:\\\/\\\/www.eldiario.net\\\/portal\\\/wp-content\\\/uploads\\\/2023\\\/12\\\/jose-1PRINCIPAL.jpg\",\"datePublished\":\"2023-12-16T11:05:09+00:00\",\"breadcrumb\":{\"@id\":\"https:\\\/\\\/www.eldiario.net\\\/portal\\\/2023\\\/12\\\/16\\\/jose-luis-duarte-y-sus-amigos-en-un-gran-concierto-navideno-familiar\\\/#breadcrumb\"},\"inLanguage\":\"es\",\"potentialAction\":[{\"@type\":\"ReadAction\",\"target\":[\"https:\\\/\\\/www.eldiario.net\\\/portal\\\/2023\\\/12\\\/16\\\/jose-luis-duarte-y-sus-amigos-en-un-gran-concierto-navideno-familiar\\\/\"]}]},{\"@type\":\"ImageObject\",\"inLanguage\":\"es\",\"@id\":\"https:\\\/\\\/www.eldiario.net\\\/portal\\\/2023\\\/12\\\/16\\\/jose-luis-duarte-y-sus-amigos-en-un-gran-concierto-navideno-familiar\\\/#primaryimage\",\"url\":\"https:\\\/\\\/www.eldiario.net\\\/portal\\\/wp-content\\\/uploads\\\/2023\\\/12\\\/jose-1PRINCIPAL.jpg\",\"contentUrl\":\"https:\\\/\\\/www.eldiario.net\\\/portal\\\/wp-content\\\/uploads\\\/2023\\\/12\\\/jose-1PRINCIPAL.jpg\",\"width\":1574,\"height\":787},{\"@type\":\"BreadcrumbList\",\"@id\":\"https:\\\/\\\/www.eldiario.net\\\/portal\\\/2023\\\/12\\\/16\\\/jose-luis-duarte-y-sus-amigos-en-un-gran-concierto-navideno-familiar\\\/#breadcrumb\",\"itemListElement\":[{\"@type\":\"ListItem\",\"position\":1,\"name\":\"Portada\",\"item\":\"https:\\\/\\\/www.eldiario.net\\\/portal\\\/\"},{\"@type\":\"ListItem\",\"position\":2,\"name\":\"Jos\u00e9 Luis Duarte y sus amigos en un gran concierto navide\u00f1o familiar\"}]},{\"@type\":\"WebSite\",\"@id\":\"https:\\\/\\\/www.eldiario.net\\\/portal\\\/#website\",\"url\":\"https:\\\/\\\/www.eldiario.net\\\/portal\\\/\",\"name\":\"El Diario - Decano de la prensa nacional\",\"description\":\"El Diario - Decano de la prensa nacional\",\"publisher\":{\"@id\":\"https:\\\/\\\/www.eldiario.net\\\/portal\\\/#organization\"},\"potentialAction\":[{\"@type\":\"SearchAction\",\"target\":{\"@type\":\"EntryPoint\",\"urlTemplate\":\"https:\\\/\\\/www.eldiario.net\\\/portal\\\/?s={search_term_string}\"},\"query-input\":{\"@type\":\"PropertyValueSpecification\",\"valueRequired\":true,\"valueName\":\"search_term_string\"}}],\"inLanguage\":\"es\"},{\"@type\":\"Organization\",\"@id\":\"https:\\\/\\\/www.eldiario.net\\\/portal\\\/#organization\",\"name\":\"El Diario - Decano de la prensa nacional\",\"url\":\"https:\\\/\\\/www.eldiario.net\\\/portal\\\/\",\"logo\":{\"@type\":\"ImageObject\",\"inLanguage\":\"es\",\"@id\":\"https:\\\/\\\/www.eldiario.net\\\/portal\\\/#\\\/schema\\\/logo\\\/image\\\/\",\"url\":\"https:\\\/\\\/www.eldiario.net\\\/portal\\\/wp-content\\\/uploads\\\/2023\\\/07\\\/logo_ED.jpg\",\"contentUrl\":\"https:\\\/\\\/www.eldiario.net\\\/portal\\\/wp-content\\\/uploads\\\/2023\\\/07\\\/logo_ED.jpg\",\"width\":272,\"height\":52,\"caption\":\"El Diario - Decano de la prensa nacional\"},\"image\":{\"@id\":\"https:\\\/\\\/www.eldiario.net\\\/portal\\\/#\\\/schema\\\/logo\\\/image\\\/\"},\"sameAs\":[\"https:\\\/\\\/www.facebook.com\\\/eldiario.bolivia\\\/\",\"https:\\\/\\\/x.com\\\/eldiario_net\"]},{\"@type\":\"Person\",\"@id\":\"https:\\\/\\\/www.eldiario.net\\\/portal\\\/#\\\/schema\\\/person\\\/f46445640444750d7d753ccd04ae01b7\",\"name\":\"Jeanette\",\"image\":{\"@type\":\"ImageObject\",\"inLanguage\":\"es\",\"@id\":\"https:\\\/\\\/secure.gravatar.com\\\/avatar\\\/3ea2118a5f7dad2b7138b1187a6b7ee55f160b9968b66013c3a3ef39dd7e5798?s=96&d=mm&r=g\",\"url\":\"https:\\\/\\\/secure.gravatar.com\\\/avatar\\\/3ea2118a5f7dad2b7138b1187a6b7ee55f160b9968b66013c3a3ef39dd7e5798?s=96&d=mm&r=g\",\"contentUrl\":\"https:\\\/\\\/secure.gravatar.com\\\/avatar\\\/3ea2118a5f7dad2b7138b1187a6b7ee55f160b9968b66013c3a3ef39dd7e5798?s=96&d=mm&r=g\",\"caption\":\"Jeanette\"},\"sameAs\":[\"https:\\\/\\\/www.eldiario.net\\\/portal\"],\"url\":\"https:\\\/\\\/www.eldiario.net\\\/portal\\\/author\\\/jeanette\\\/\"}]}<\/script>\n<!-- \/ Yoast SEO plugin. -->","yoast_head_json":{"title":"Jos\u00e9 Luis Duarte y sus amigos en un gran concierto navide\u00f1o familiar - El Diario - Bolivia","robots":{"index":"index","follow":"follow","max-snippet":"max-snippet:-1","max-image-preview":"max-image-preview:large","max-video-preview":"max-video-preview:-1"},"canonical":"https:\/\/www.eldiario.net\/portal\/2023\/12\/16\/jose-luis-duarte-y-sus-amigos-en-un-gran-concierto-navideno-familiar\/","og_locale":"es_ES","og_type":"article","og_title":"Jos\u00e9 Luis Duarte y sus amigos en un gran concierto navide\u00f1o familiar - El Diario - Bolivia","og_description":"Ya llega Navidad y qu\u00e9 mejor regalo que disfrutar del c\u00e1lido concierto que brindar\u00e1 el destacado tenor l\u00edrico boliviano Jos\u00e9 Luis Duarte junto a experimentados artistas, el jueves 21 de diciembre, a horas 19:30, en el Teatro Nuna, ubicado en la calle 21 de Calacoto No. 8509 (Parada PumaKatari), zona sur de la ciudad de [&hellip;]","og_url":"https:\/\/www.eldiario.net\/portal\/2023\/12\/16\/jose-luis-duarte-y-sus-amigos-en-un-gran-concierto-navideno-familiar\/","og_site_name":"El Diario - Bolivia","article_publisher":"https:\/\/www.facebook.com\/eldiario.bolivia\/","article_published_time":"2023-12-16T11:05:09+00:00","og_image":[{"width":1574,"height":787,"url":"https:\/\/www.eldiario.net\/portal\/wp-content\/uploads\/2023\/12\/jose-1PRINCIPAL.jpg","type":"image\/jpeg"}],"author":"Jeanette","twitter_card":"summary_large_image","twitter_creator":"@eldiario_net","twitter_site":"@eldiario_net","twitter_misc":{"Escrito por":"Jeanette","Tiempo de lectura":"6 minutos"},"schema":{"@context":"https:\/\/schema.org","@graph":[{"@type":"Article","@id":"https:\/\/www.eldiario.net\/portal\/2023\/12\/16\/jose-luis-duarte-y-sus-amigos-en-un-gran-concierto-navideno-familiar\/#article","isPartOf":{"@id":"https:\/\/www.eldiario.net\/portal\/2023\/12\/16\/jose-luis-duarte-y-sus-amigos-en-un-gran-concierto-navideno-familiar\/"},"author":{"name":"Jeanette","@id":"https:\/\/www.eldiario.net\/portal\/#\/schema\/person\/f46445640444750d7d753ccd04ae01b7"},"headline":"Jos\u00e9 Luis Duarte y sus amigos en un gran concierto navide\u00f1o familiar","datePublished":"2023-12-16T11:05:09+00:00","mainEntityOfPage":{"@id":"https:\/\/www.eldiario.net\/portal\/2023\/12\/16\/jose-luis-duarte-y-sus-amigos-en-un-gran-concierto-navideno-familiar\/"},"wordCount":1164,"publisher":{"@id":"https:\/\/www.eldiario.net\/portal\/#organization"},"image":{"@id":"https:\/\/www.eldiario.net\/portal\/2023\/12\/16\/jose-luis-duarte-y-sus-amigos-en-un-gran-concierto-navideno-familiar\/#primaryimage"},"thumbnailUrl":"https:\/\/www.eldiario.net\/portal\/wp-content\/uploads\/2023\/12\/jose-1PRINCIPAL.jpg","articleSection":["La Gu\u00eda"],"inLanguage":"es"},{"@type":"WebPage","@id":"https:\/\/www.eldiario.net\/portal\/2023\/12\/16\/jose-luis-duarte-y-sus-amigos-en-un-gran-concierto-navideno-familiar\/","url":"https:\/\/www.eldiario.net\/portal\/2023\/12\/16\/jose-luis-duarte-y-sus-amigos-en-un-gran-concierto-navideno-familiar\/","name":"Jos\u00e9 Luis Duarte y sus amigos en un gran concierto navide\u00f1o familiar - El Diario - Bolivia","isPartOf":{"@id":"https:\/\/www.eldiario.net\/portal\/#website"},"primaryImageOfPage":{"@id":"https:\/\/www.eldiario.net\/portal\/2023\/12\/16\/jose-luis-duarte-y-sus-amigos-en-un-gran-concierto-navideno-familiar\/#primaryimage"},"image":{"@id":"https:\/\/www.eldiario.net\/portal\/2023\/12\/16\/jose-luis-duarte-y-sus-amigos-en-un-gran-concierto-navideno-familiar\/#primaryimage"},"thumbnailUrl":"https:\/\/www.eldiario.net\/portal\/wp-content\/uploads\/2023\/12\/jose-1PRINCIPAL.jpg","datePublished":"2023-12-16T11:05:09+00:00","breadcrumb":{"@id":"https:\/\/www.eldiario.net\/portal\/2023\/12\/16\/jose-luis-duarte-y-sus-amigos-en-un-gran-concierto-navideno-familiar\/#breadcrumb"},"inLanguage":"es","potentialAction":[{"@type":"ReadAction","target":["https:\/\/www.eldiario.net\/portal\/2023\/12\/16\/jose-luis-duarte-y-sus-amigos-en-un-gran-concierto-navideno-familiar\/"]}]},{"@type":"ImageObject","inLanguage":"es","@id":"https:\/\/www.eldiario.net\/portal\/2023\/12\/16\/jose-luis-duarte-y-sus-amigos-en-un-gran-concierto-navideno-familiar\/#primaryimage","url":"https:\/\/www.eldiario.net\/portal\/wp-content\/uploads\/2023\/12\/jose-1PRINCIPAL.jpg","contentUrl":"https:\/\/www.eldiario.net\/portal\/wp-content\/uploads\/2023\/12\/jose-1PRINCIPAL.jpg","width":1574,"height":787},{"@type":"BreadcrumbList","@id":"https:\/\/www.eldiario.net\/portal\/2023\/12\/16\/jose-luis-duarte-y-sus-amigos-en-un-gran-concierto-navideno-familiar\/#breadcrumb","itemListElement":[{"@type":"ListItem","position":1,"name":"Portada","item":"https:\/\/www.eldiario.net\/portal\/"},{"@type":"ListItem","position":2,"name":"Jos\u00e9 Luis Duarte y sus amigos en un gran concierto navide\u00f1o familiar"}]},{"@type":"WebSite","@id":"https:\/\/www.eldiario.net\/portal\/#website","url":"https:\/\/www.eldiario.net\/portal\/","name":"El Diario - Decano de la prensa nacional","description":"El Diario - Decano de la prensa nacional","publisher":{"@id":"https:\/\/www.eldiario.net\/portal\/#organization"},"potentialAction":[{"@type":"SearchAction","target":{"@type":"EntryPoint","urlTemplate":"https:\/\/www.eldiario.net\/portal\/?s={search_term_string}"},"query-input":{"@type":"PropertyValueSpecification","valueRequired":true,"valueName":"search_term_string"}}],"inLanguage":"es"},{"@type":"Organization","@id":"https:\/\/www.eldiario.net\/portal\/#organization","name":"El Diario - Decano de la prensa nacional","url":"https:\/\/www.eldiario.net\/portal\/","logo":{"@type":"ImageObject","inLanguage":"es","@id":"https:\/\/www.eldiario.net\/portal\/#\/schema\/logo\/image\/","url":"https:\/\/www.eldiario.net\/portal\/wp-content\/uploads\/2023\/07\/logo_ED.jpg","contentUrl":"https:\/\/www.eldiario.net\/portal\/wp-content\/uploads\/2023\/07\/logo_ED.jpg","width":272,"height":52,"caption":"El Diario - Decano de la prensa nacional"},"image":{"@id":"https:\/\/www.eldiario.net\/portal\/#\/schema\/logo\/image\/"},"sameAs":["https:\/\/www.facebook.com\/eldiario.bolivia\/","https:\/\/x.com\/eldiario_net"]},{"@type":"Person","@id":"https:\/\/www.eldiario.net\/portal\/#\/schema\/person\/f46445640444750d7d753ccd04ae01b7","name":"Jeanette","image":{"@type":"ImageObject","inLanguage":"es","@id":"https:\/\/secure.gravatar.com\/avatar\/3ea2118a5f7dad2b7138b1187a6b7ee55f160b9968b66013c3a3ef39dd7e5798?s=96&d=mm&r=g","url":"https:\/\/secure.gravatar.com\/avatar\/3ea2118a5f7dad2b7138b1187a6b7ee55f160b9968b66013c3a3ef39dd7e5798?s=96&d=mm&r=g","contentUrl":"https:\/\/secure.gravatar.com\/avatar\/3ea2118a5f7dad2b7138b1187a6b7ee55f160b9968b66013c3a3ef39dd7e5798?s=96&d=mm&r=g","caption":"Jeanette"},"sameAs":["https:\/\/www.eldiario.net\/portal"],"url":"https:\/\/www.eldiario.net\/portal\/author\/jeanette\/"}]}},"_links":{"self":[{"href":"https:\/\/www.eldiario.net\/portal\/wp-json\/wp\/v2\/posts\/193227","targetHints":{"allow":["GET"]}}],"collection":[{"href":"https:\/\/www.eldiario.net\/portal\/wp-json\/wp\/v2\/posts"}],"about":[{"href":"https:\/\/www.eldiario.net\/portal\/wp-json\/wp\/v2\/types\/post"}],"author":[{"embeddable":true,"href":"https:\/\/www.eldiario.net\/portal\/wp-json\/wp\/v2\/users\/1"}],"replies":[{"embeddable":true,"href":"https:\/\/www.eldiario.net\/portal\/wp-json\/wp\/v2\/comments?post=193227"}],"version-history":[{"count":0,"href":"https:\/\/www.eldiario.net\/portal\/wp-json\/wp\/v2\/posts\/193227\/revisions"}],"wp:featuredmedia":[{"embeddable":true,"href":"https:\/\/www.eldiario.net\/portal\/wp-json\/wp\/v2\/media\/193228"}],"wp:attachment":[{"href":"https:\/\/www.eldiario.net\/portal\/wp-json\/wp\/v2\/media?parent=193227"}],"wp:term":[{"taxonomy":"category","embeddable":true,"href":"https:\/\/www.eldiario.net\/portal\/wp-json\/wp\/v2\/categories?post=193227"},{"taxonomy":"post_tag","embeddable":true,"href":"https:\/\/www.eldiario.net\/portal\/wp-json\/wp\/v2\/tags?post=193227"}],"curies":[{"name":"wp","href":"https:\/\/api.w.org\/{rel}","templated":true}]}}