{"id":193219,"date":"2023-12-16T07:01:42","date_gmt":"2023-12-16T11:01:42","guid":{"rendered":"https:\/\/www.eldiario.net\/portal\/?p=193219"},"modified":"2023-12-16T07:01:42","modified_gmt":"2023-12-16T11:01:42","slug":"inti-otorga-beca-al-atleta-olimpico-hector-garibay","status":"publish","type":"post","link":"https:\/\/www.eldiario.net\/portal\/2023\/12\/16\/inti-otorga-beca-al-atleta-olimpico-hector-garibay\/","title":{"rendered":"Inti otorga beca al atleta ol\u00edmpico H\u00e9ctor Garibay"},"content":{"rendered":"<p>Comprometida con el desarrollo sostenible y el bienestar social, Droguer\u00eda Inti otorg\u00f3 una beca al atleta boliviano H\u00e9ctor Garibay, quien viene atravesando el mejor momento de su ca-rrera deportiva. El respaldo incluye suplementos nutricionales, acompa\u00f1amiento m\u00e9dico y cient\u00edfico.<br \/>\nEl atleta expres\u00f3 su agradecimiento a la empresa por el apoyo. \u201cM\u00e1s que ser un patrocinador, Inti es un aliado que comparte mi sue\u00f1o de darle una alegr\u00eda a Bolivia con una medalla ol\u00edmpica. S\u00e9 que con su apoyo y el de todo el pa\u00eds, podr\u00e9 dar lo mejor de m\u00ed en las Olimpiadas de Par\u00eds 2024\u201d, dijo el atleta.<br \/>\nRandy Linares, gerente regional de Droguer\u00eda Inti en La Paz, manifest\u00f3 que el equipo multidisciplinario que acompa\u00f1a a H\u00e9ctor decidi\u00f3 sumar a esta etapa de entrenamiento a las mejores empresas de cada sector y as\u00ed fue que decidi\u00f3 trabajar con Inti para brindarle las mejores condiciones, con el deseo de que alcance su sue\u00f1o dorado.<br \/>\n\u201cDroguer\u00eda Inti cree en la capacidad de Garibay y por eso queremos apoyarle a mejorar su desempe\u00f1o deportivo para que represente de la mejor manera a nuestro pa\u00eds y podamos darle una alegr\u00eda a la poblaci\u00f3n boliviana. Adem\u00e1s del apoyo econ\u00f3mico, coordinaremos con su equipo, para fortalecer su nutrici\u00f3n y brindarle el acompa\u00f1amiento m\u00e9dico cient\u00edfico para que llegue con el mejor estado de salud a la competencia\u201d, asever\u00f3 Linares.<\/p>\n<div id='gallery-1' class='gallery galleryid-193219 gallery-columns-3 gallery-size-medium'><figure class='gallery-item'>\n\t\t\t<div class='gallery-icon portrait'>\n\t\t\t\t<a href='https:\/\/www.eldiario.net\/portal\/2023\/12\/16\/inti-otorga-beca-al-atleta-olimpico-hector-garibay\/dsc_4276\/'><img loading=\"lazy\" decoding=\"async\" width=\"200\" height=\"300\" src=\"https:\/\/www.eldiario.net\/portal\/wp-content\/uploads\/2023\/12\/DSC_4276-200x300.jpg\" class=\"attachment-medium size-medium\" alt=\"\" aria-describedby=\"gallery-1-193220\" srcset=\"https:\/\/www.eldiario.net\/portal\/wp-content\/uploads\/2023\/12\/DSC_4276-200x300.jpg 200w, https:\/\/www.eldiario.net\/portal\/wp-content\/uploads\/2023\/12\/DSC_4276-683x1024.jpg 683w, https:\/\/www.eldiario.net\/portal\/wp-content\/uploads\/2023\/12\/DSC_4276-768x1152.jpg 768w, https:\/\/www.eldiario.net\/portal\/wp-content\/uploads\/2023\/12\/DSC_4276-696x1044.jpg 696w, https:\/\/www.eldiario.net\/portal\/wp-content\/uploads\/2023\/12\/DSC_4276.jpg 1000w\" sizes=\"auto, (max-width: 200px) 100vw, 200px\" \/><\/a>\n\t\t\t<\/div>\n\t\t\t\t<figcaption class='wp-caption-text gallery-caption' id='gallery-1-193220'>\n\t\t\t\tANDR\u00c9S TEDESQUI Y GIOVANNA MENDOZA.\n\t\t\t\t<\/figcaption><\/figure><figure class='gallery-item'>\n\t\t\t<div class='gallery-icon portrait'>\n\t\t\t\t<a href='https:\/\/www.eldiario.net\/portal\/2023\/12\/16\/inti-otorga-beca-al-atleta-olimpico-hector-garibay\/dsc_4277\/'><img loading=\"lazy\" decoding=\"async\" width=\"200\" height=\"300\" src=\"https:\/\/www.eldiario.net\/portal\/wp-content\/uploads\/2023\/12\/DSC_4277-200x300.jpg\" class=\"attachment-medium size-medium\" alt=\"\" aria-describedby=\"gallery-1-193221\" srcset=\"https:\/\/www.eldiario.net\/portal\/wp-content\/uploads\/2023\/12\/DSC_4277-200x300.jpg 200w, https:\/\/www.eldiario.net\/portal\/wp-content\/uploads\/2023\/12\/DSC_4277-683x1024.jpg 683w, https:\/\/www.eldiario.net\/portal\/wp-content\/uploads\/2023\/12\/DSC_4277-768x1152.jpg 768w, https:\/\/www.eldiario.net\/portal\/wp-content\/uploads\/2023\/12\/DSC_4277-696x1044.jpg 696w, https:\/\/www.eldiario.net\/portal\/wp-content\/uploads\/2023\/12\/DSC_4277.jpg 1000w\" sizes=\"auto, (max-width: 200px) 100vw, 200px\" \/><\/a>\n\t\t\t<\/div>\n\t\t\t\t<figcaption class='wp-caption-text gallery-caption' id='gallery-1-193221'>\n\t\t\t\t   RODRIGO CARMONA Y GONZALO COBO.\n\t\t\t\t<\/figcaption><\/figure><figure class='gallery-item'>\n\t\t\t<div class='gallery-icon landscape'>\n\t\t\t\t<a href='https:\/\/www.eldiario.net\/portal\/2023\/12\/16\/inti-otorga-beca-al-atleta-olimpico-hector-garibay\/inti\/'><img loading=\"lazy\" decoding=\"async\" width=\"300\" height=\"200\" src=\"https:\/\/www.eldiario.net\/portal\/wp-content\/uploads\/2023\/12\/INTI-300x200.jpg\" class=\"attachment-medium size-medium\" alt=\"\" aria-describedby=\"gallery-1-193222\" srcset=\"https:\/\/www.eldiario.net\/portal\/wp-content\/uploads\/2023\/12\/INTI-300x200.jpg 300w, https:\/\/www.eldiario.net\/portal\/wp-content\/uploads\/2023\/12\/INTI-768x511.jpg 768w, https:\/\/www.eldiario.net\/portal\/wp-content\/uploads\/2023\/12\/INTI-696x464.jpg 696w, https:\/\/www.eldiario.net\/portal\/wp-content\/uploads\/2023\/12\/INTI.jpg 1000w\" sizes=\"auto, (max-width: 300px) 100vw, 300px\" \/><\/a>\n\t\t\t<\/div>\n\t\t\t\t<figcaption class='wp-caption-text gallery-caption' id='gallery-1-193222'>\n\t\t\t\tEL ATLETA ORURE\u00d1O H\u00c9CTOR GARIBAY RECIBE EL RESPALDO DE DROGUER\u00cdA INTI.\n\t\t\t\t<\/figcaption><\/figure><figure class='gallery-item'>\n\t\t\t<div class='gallery-icon landscape'>\n\t\t\t\t<a href='https:\/\/www.eldiario.net\/portal\/2023\/12\/16\/inti-otorga-beca-al-atleta-olimpico-hector-garibay\/dsc_4271\/'><img loading=\"lazy\" decoding=\"async\" width=\"300\" height=\"200\" src=\"https:\/\/www.eldiario.net\/portal\/wp-content\/uploads\/2023\/12\/DSC_4271-300x200.jpg\" class=\"attachment-medium size-medium\" alt=\"\" aria-describedby=\"gallery-1-193223\" srcset=\"https:\/\/www.eldiario.net\/portal\/wp-content\/uploads\/2023\/12\/DSC_4271-300x200.jpg 300w, https:\/\/www.eldiario.net\/portal\/wp-content\/uploads\/2023\/12\/DSC_4271-768x512.jpg 768w, https:\/\/www.eldiario.net\/portal\/wp-content\/uploads\/2023\/12\/DSC_4271-696x464.jpg 696w, https:\/\/www.eldiario.net\/portal\/wp-content\/uploads\/2023\/12\/DSC_4271.jpg 1000w\" sizes=\"auto, (max-width: 300px) 100vw, 300px\" \/><\/a>\n\t\t\t<\/div>\n\t\t\t\t<figcaption class='wp-caption-text gallery-caption' id='gallery-1-193223'>\n\t\t\t\tH\u00c9CTOR GARIBAY AGRADECE A DROGUER\u00cdA INTI.\n\t\t\t\t<\/figcaption><\/figure><figure class='gallery-item'>\n\t\t\t<div class='gallery-icon landscape'>\n\t\t\t\t<a href='https:\/\/www.eldiario.net\/portal\/2023\/12\/16\/inti-otorga-beca-al-atleta-olimpico-hector-garibay\/dsc_4272\/'><img loading=\"lazy\" decoding=\"async\" width=\"300\" height=\"200\" src=\"https:\/\/www.eldiario.net\/portal\/wp-content\/uploads\/2023\/12\/DSC_4272-300x200.jpg\" class=\"attachment-medium size-medium\" alt=\"\" aria-describedby=\"gallery-1-193224\" srcset=\"https:\/\/www.eldiario.net\/portal\/wp-content\/uploads\/2023\/12\/DSC_4272-300x200.jpg 300w, https:\/\/www.eldiario.net\/portal\/wp-content\/uploads\/2023\/12\/DSC_4272-768x512.jpg 768w, https:\/\/www.eldiario.net\/portal\/wp-content\/uploads\/2023\/12\/DSC_4272-696x464.jpg 696w, https:\/\/www.eldiario.net\/portal\/wp-content\/uploads\/2023\/12\/DSC_4272.jpg 1000w\" sizes=\"auto, (max-width: 300px) 100vw, 300px\" \/><\/a>\n\t\t\t<\/div>\n\t\t\t\t<figcaption class='wp-caption-text gallery-caption' id='gallery-1-193224'>\n\t\t\t\t   RANDY LINARES, GERENTE REGIONAL DE DROGUER\u00cdA INTI EN LA PAZ; H\u00c9CTOR GARIBAY Y MAURICIO ESPINOZA.\n\t\t\t\t<\/figcaption><\/figure><figure class='gallery-item'>\n\t\t\t<div class='gallery-icon landscape'>\n\t\t\t\t<a href='https:\/\/www.eldiario.net\/portal\/2023\/12\/16\/inti-otorga-beca-al-atleta-olimpico-hector-garibay\/dsc_4275\/'><img loading=\"lazy\" decoding=\"async\" width=\"300\" height=\"200\" src=\"https:\/\/www.eldiario.net\/portal\/wp-content\/uploads\/2023\/12\/DSC_4275-300x200.jpg\" class=\"attachment-medium size-medium\" alt=\"\" aria-describedby=\"gallery-1-193225\" srcset=\"https:\/\/www.eldiario.net\/portal\/wp-content\/uploads\/2023\/12\/DSC_4275-300x200.jpg 300w, https:\/\/www.eldiario.net\/portal\/wp-content\/uploads\/2023\/12\/DSC_4275-768x512.jpg 768w, https:\/\/www.eldiario.net\/portal\/wp-content\/uploads\/2023\/12\/DSC_4275-696x464.jpg 696w, https:\/\/www.eldiario.net\/portal\/wp-content\/uploads\/2023\/12\/DSC_4275.jpg 1000w\" sizes=\"auto, (max-width: 300px) 100vw, 300px\" \/><\/a>\n\t\t\t<\/div>\n\t\t\t\t<figcaption class='wp-caption-text gallery-caption' id='gallery-1-193225'>\n\t\t\t\tKAREN LLEWELLYN, ANDREA M\u00c9RIDA Y PAMELA ROJAS.\n\t\t\t\t<\/figcaption><\/figure>\n\t\t<\/div>\n\n","protected":false},"excerpt":{"rendered":"<p>Comprometida con el desarrollo sostenible y el bienestar social, Droguer\u00eda Inti otorg\u00f3 una beca al atleta boliviano H\u00e9ctor Garibay, quien viene atravesando el mejor momento de su ca-rrera deportiva. El respaldo incluye suplementos nutricionales, acompa\u00f1amiento m\u00e9dico y cient\u00edfico. El atleta expres\u00f3 su agradecimiento a la empresa por el apoyo. \u201cM\u00e1s que ser un patrocinador, Inti [&hellip;]<\/p>\n","protected":false},"author":1,"featured_media":193222,"comment_status":"closed","ping_status":"open","sticky":false,"template":"","format":"standard","meta":{"_acf_changed":false,"footnotes":""},"categories":[40],"tags":[],"class_list":["post-193219","post","type-post","status-publish","format-standard","has-post-thumbnail","category-sociales"],"acf":{"antetitulo":""},"yoast_head":"<!-- This site is optimized with the Yoast SEO plugin v28.3 - https:\/\/yoast.com\/product\/yoast-seo-wordpress\/ -->\n<title>Inti otorga beca al atleta ol\u00edmpico H\u00e9ctor Garibay - El Diario - Bolivia<\/title>\n<meta name=\"robots\" content=\"index, follow, max-snippet:-1, max-image-preview:large, max-video-preview:-1\" \/>\n<link rel=\"canonical\" href=\"https:\/\/www.eldiario.net\/portal\/2023\/12\/16\/inti-otorga-beca-al-atleta-olimpico-hector-garibay\/\" \/>\n<meta property=\"og:locale\" content=\"es_ES\" \/>\n<meta property=\"og:type\" content=\"article\" \/>\n<meta property=\"og:title\" content=\"Inti otorga beca al atleta ol\u00edmpico H\u00e9ctor Garibay - El Diario - Bolivia\" \/>\n<meta property=\"og:description\" content=\"Comprometida con el desarrollo sostenible y el bienestar social, Droguer\u00eda Inti otorg\u00f3 una beca al atleta boliviano H\u00e9ctor Garibay, quien viene atravesando el mejor momento de su ca-rrera deportiva. El respaldo incluye suplementos nutricionales, acompa\u00f1amiento m\u00e9dico y cient\u00edfico. El atleta expres\u00f3 su agradecimiento a la empresa por el apoyo. \u201cM\u00e1s que ser un patrocinador, Inti [&hellip;]\" \/>\n<meta property=\"og:url\" content=\"https:\/\/www.eldiario.net\/portal\/2023\/12\/16\/inti-otorga-beca-al-atleta-olimpico-hector-garibay\/\" \/>\n<meta property=\"og:site_name\" content=\"El Diario - Bolivia\" \/>\n<meta property=\"article:publisher\" content=\"https:\/\/www.facebook.com\/eldiario.bolivia\/\" \/>\n<meta property=\"article:published_time\" content=\"2023-12-16T11:01:42+00:00\" \/>\n<meta property=\"og:image\" content=\"https:\/\/www.eldiario.net\/portal\/wp-content\/uploads\/2023\/12\/INTI.jpg\" \/>\n\t<meta property=\"og:image:width\" content=\"1000\" \/>\n\t<meta property=\"og:image:height\" content=\"666\" \/>\n\t<meta property=\"og:image:type\" content=\"image\/jpeg\" \/>\n<meta name=\"author\" content=\"Jeanette\" \/>\n<meta name=\"twitter:card\" content=\"summary_large_image\" \/>\n<meta name=\"twitter:creator\" content=\"@eldiario_net\" \/>\n<meta name=\"twitter:site\" content=\"@eldiario_net\" \/>\n<meta name=\"twitter:label1\" content=\"Escrito por\" \/>\n\t<meta name=\"twitter:data1\" content=\"Jeanette\" \/>\n\t<meta name=\"twitter:label2\" content=\"Tiempo de lectura\" \/>\n\t<meta name=\"twitter:data2\" content=\"2 minutos\" \/>\n<script type=\"application\/ld+json\" class=\"yoast-schema-graph\">{\"@context\":\"https:\\\/\\\/schema.org\",\"@graph\":[{\"@type\":\"Article\",\"@id\":\"https:\\\/\\\/www.eldiario.net\\\/portal\\\/2023\\\/12\\\/16\\\/inti-otorga-beca-al-atleta-olimpico-hector-garibay\\\/#article\",\"isPartOf\":{\"@id\":\"https:\\\/\\\/www.eldiario.net\\\/portal\\\/2023\\\/12\\\/16\\\/inti-otorga-beca-al-atleta-olimpico-hector-garibay\\\/\"},\"author\":{\"name\":\"Jeanette\",\"@id\":\"https:\\\/\\\/www.eldiario.net\\\/portal\\\/#\\\/schema\\\/person\\\/f46445640444750d7d753ccd04ae01b7\"},\"headline\":\"Inti otorga beca al atleta ol\u00edmpico H\u00e9ctor Garibay\",\"datePublished\":\"2023-12-16T11:01:42+00:00\",\"mainEntityOfPage\":{\"@id\":\"https:\\\/\\\/www.eldiario.net\\\/portal\\\/2023\\\/12\\\/16\\\/inti-otorga-beca-al-atleta-olimpico-hector-garibay\\\/\"},\"wordCount\":261,\"publisher\":{\"@id\":\"https:\\\/\\\/www.eldiario.net\\\/portal\\\/#organization\"},\"image\":{\"@id\":\"https:\\\/\\\/www.eldiario.net\\\/portal\\\/2023\\\/12\\\/16\\\/inti-otorga-beca-al-atleta-olimpico-hector-garibay\\\/#primaryimage\"},\"thumbnailUrl\":\"https:\\\/\\\/www.eldiario.net\\\/portal\\\/wp-content\\\/uploads\\\/2023\\\/12\\\/INTI.jpg\",\"articleSection\":[\"Sociales\"],\"inLanguage\":\"es\"},{\"@type\":\"WebPage\",\"@id\":\"https:\\\/\\\/www.eldiario.net\\\/portal\\\/2023\\\/12\\\/16\\\/inti-otorga-beca-al-atleta-olimpico-hector-garibay\\\/\",\"url\":\"https:\\\/\\\/www.eldiario.net\\\/portal\\\/2023\\\/12\\\/16\\\/inti-otorga-beca-al-atleta-olimpico-hector-garibay\\\/\",\"name\":\"Inti otorga beca al atleta ol\u00edmpico H\u00e9ctor Garibay - El Diario - Bolivia\",\"isPartOf\":{\"@id\":\"https:\\\/\\\/www.eldiario.net\\\/portal\\\/#website\"},\"primaryImageOfPage\":{\"@id\":\"https:\\\/\\\/www.eldiario.net\\\/portal\\\/2023\\\/12\\\/16\\\/inti-otorga-beca-al-atleta-olimpico-hector-garibay\\\/#primaryimage\"},\"image\":{\"@id\":\"https:\\\/\\\/www.eldiario.net\\\/portal\\\/2023\\\/12\\\/16\\\/inti-otorga-beca-al-atleta-olimpico-hector-garibay\\\/#primaryimage\"},\"thumbnailUrl\":\"https:\\\/\\\/www.eldiario.net\\\/portal\\\/wp-content\\\/uploads\\\/2023\\\/12\\\/INTI.jpg\",\"datePublished\":\"2023-12-16T11:01:42+00:00\",\"breadcrumb\":{\"@id\":\"https:\\\/\\\/www.eldiario.net\\\/portal\\\/2023\\\/12\\\/16\\\/inti-otorga-beca-al-atleta-olimpico-hector-garibay\\\/#breadcrumb\"},\"inLanguage\":\"es\",\"potentialAction\":[{\"@type\":\"ReadAction\",\"target\":[\"https:\\\/\\\/www.eldiario.net\\\/portal\\\/2023\\\/12\\\/16\\\/inti-otorga-beca-al-atleta-olimpico-hector-garibay\\\/\"]}]},{\"@type\":\"ImageObject\",\"inLanguage\":\"es\",\"@id\":\"https:\\\/\\\/www.eldiario.net\\\/portal\\\/2023\\\/12\\\/16\\\/inti-otorga-beca-al-atleta-olimpico-hector-garibay\\\/#primaryimage\",\"url\":\"https:\\\/\\\/www.eldiario.net\\\/portal\\\/wp-content\\\/uploads\\\/2023\\\/12\\\/INTI.jpg\",\"contentUrl\":\"https:\\\/\\\/www.eldiario.net\\\/portal\\\/wp-content\\\/uploads\\\/2023\\\/12\\\/INTI.jpg\",\"width\":1000,\"height\":666,\"caption\":\"EL ATLETA ORURE\u00d1O H\u00c9CTOR GARIBAY RECIBE EL RESPALDO DE DROGUER\u00cdA INTI.\"},{\"@type\":\"BreadcrumbList\",\"@id\":\"https:\\\/\\\/www.eldiario.net\\\/portal\\\/2023\\\/12\\\/16\\\/inti-otorga-beca-al-atleta-olimpico-hector-garibay\\\/#breadcrumb\",\"itemListElement\":[{\"@type\":\"ListItem\",\"position\":1,\"name\":\"Portada\",\"item\":\"https:\\\/\\\/www.eldiario.net\\\/portal\\\/\"},{\"@type\":\"ListItem\",\"position\":2,\"name\":\"Inti otorga beca al atleta ol\u00edmpico H\u00e9ctor Garibay\"}]},{\"@type\":\"WebSite\",\"@id\":\"https:\\\/\\\/www.eldiario.net\\\/portal\\\/#website\",\"url\":\"https:\\\/\\\/www.eldiario.net\\\/portal\\\/\",\"name\":\"El Diario - Decano de la prensa nacional\",\"description\":\"El Diario - Decano de la prensa nacional\",\"publisher\":{\"@id\":\"https:\\\/\\\/www.eldiario.net\\\/portal\\\/#organization\"},\"potentialAction\":[{\"@type\":\"SearchAction\",\"target\":{\"@type\":\"EntryPoint\",\"urlTemplate\":\"https:\\\/\\\/www.eldiario.net\\\/portal\\\/?s={search_term_string}\"},\"query-input\":{\"@type\":\"PropertyValueSpecification\",\"valueRequired\":true,\"valueName\":\"search_term_string\"}}],\"inLanguage\":\"es\"},{\"@type\":\"Organization\",\"@id\":\"https:\\\/\\\/www.eldiario.net\\\/portal\\\/#organization\",\"name\":\"El Diario - Decano de la prensa nacional\",\"url\":\"https:\\\/\\\/www.eldiario.net\\\/portal\\\/\",\"logo\":{\"@type\":\"ImageObject\",\"inLanguage\":\"es\",\"@id\":\"https:\\\/\\\/www.eldiario.net\\\/portal\\\/#\\\/schema\\\/logo\\\/image\\\/\",\"url\":\"https:\\\/\\\/www.eldiario.net\\\/portal\\\/wp-content\\\/uploads\\\/2023\\\/07\\\/logo_ED.jpg\",\"contentUrl\":\"https:\\\/\\\/www.eldiario.net\\\/portal\\\/wp-content\\\/uploads\\\/2023\\\/07\\\/logo_ED.jpg\",\"width\":272,\"height\":52,\"caption\":\"El Diario - Decano de la prensa nacional\"},\"image\":{\"@id\":\"https:\\\/\\\/www.eldiario.net\\\/portal\\\/#\\\/schema\\\/logo\\\/image\\\/\"},\"sameAs\":[\"https:\\\/\\\/www.facebook.com\\\/eldiario.bolivia\\\/\",\"https:\\\/\\\/x.com\\\/eldiario_net\"]},{\"@type\":\"Person\",\"@id\":\"https:\\\/\\\/www.eldiario.net\\\/portal\\\/#\\\/schema\\\/person\\\/f46445640444750d7d753ccd04ae01b7\",\"name\":\"Jeanette\",\"image\":{\"@type\":\"ImageObject\",\"inLanguage\":\"es\",\"@id\":\"https:\\\/\\\/secure.gravatar.com\\\/avatar\\\/3ea2118a5f7dad2b7138b1187a6b7ee55f160b9968b66013c3a3ef39dd7e5798?s=96&d=mm&r=g\",\"url\":\"https:\\\/\\\/secure.gravatar.com\\\/avatar\\\/3ea2118a5f7dad2b7138b1187a6b7ee55f160b9968b66013c3a3ef39dd7e5798?s=96&d=mm&r=g\",\"contentUrl\":\"https:\\\/\\\/secure.gravatar.com\\\/avatar\\\/3ea2118a5f7dad2b7138b1187a6b7ee55f160b9968b66013c3a3ef39dd7e5798?s=96&d=mm&r=g\",\"caption\":\"Jeanette\"},\"sameAs\":[\"https:\\\/\\\/www.eldiario.net\\\/portal\"],\"url\":\"https:\\\/\\\/www.eldiario.net\\\/portal\\\/author\\\/jeanette\\\/\"}]}<\/script>\n<!-- \/ Yoast SEO plugin. -->","yoast_head_json":{"title":"Inti otorga beca al atleta ol\u00edmpico H\u00e9ctor Garibay - El Diario - Bolivia","robots":{"index":"index","follow":"follow","max-snippet":"max-snippet:-1","max-image-preview":"max-image-preview:large","max-video-preview":"max-video-preview:-1"},"canonical":"https:\/\/www.eldiario.net\/portal\/2023\/12\/16\/inti-otorga-beca-al-atleta-olimpico-hector-garibay\/","og_locale":"es_ES","og_type":"article","og_title":"Inti otorga beca al atleta ol\u00edmpico H\u00e9ctor Garibay - El Diario - Bolivia","og_description":"Comprometida con el desarrollo sostenible y el bienestar social, Droguer\u00eda Inti otorg\u00f3 una beca al atleta boliviano H\u00e9ctor Garibay, quien viene atravesando el mejor momento de su ca-rrera deportiva. El respaldo incluye suplementos nutricionales, acompa\u00f1amiento m\u00e9dico y cient\u00edfico. El atleta expres\u00f3 su agradecimiento a la empresa por el apoyo. \u201cM\u00e1s que ser un patrocinador, Inti [&hellip;]","og_url":"https:\/\/www.eldiario.net\/portal\/2023\/12\/16\/inti-otorga-beca-al-atleta-olimpico-hector-garibay\/","og_site_name":"El Diario - Bolivia","article_publisher":"https:\/\/www.facebook.com\/eldiario.bolivia\/","article_published_time":"2023-12-16T11:01:42+00:00","og_image":[{"width":1000,"height":666,"url":"https:\/\/www.eldiario.net\/portal\/wp-content\/uploads\/2023\/12\/INTI.jpg","type":"image\/jpeg"}],"author":"Jeanette","twitter_card":"summary_large_image","twitter_creator":"@eldiario_net","twitter_site":"@eldiario_net","twitter_misc":{"Escrito por":"Jeanette","Tiempo de lectura":"2 minutos"},"schema":{"@context":"https:\/\/schema.org","@graph":[{"@type":"Article","@id":"https:\/\/www.eldiario.net\/portal\/2023\/12\/16\/inti-otorga-beca-al-atleta-olimpico-hector-garibay\/#article","isPartOf":{"@id":"https:\/\/www.eldiario.net\/portal\/2023\/12\/16\/inti-otorga-beca-al-atleta-olimpico-hector-garibay\/"},"author":{"name":"Jeanette","@id":"https:\/\/www.eldiario.net\/portal\/#\/schema\/person\/f46445640444750d7d753ccd04ae01b7"},"headline":"Inti otorga beca al atleta ol\u00edmpico H\u00e9ctor Garibay","datePublished":"2023-12-16T11:01:42+00:00","mainEntityOfPage":{"@id":"https:\/\/www.eldiario.net\/portal\/2023\/12\/16\/inti-otorga-beca-al-atleta-olimpico-hector-garibay\/"},"wordCount":261,"publisher":{"@id":"https:\/\/www.eldiario.net\/portal\/#organization"},"image":{"@id":"https:\/\/www.eldiario.net\/portal\/2023\/12\/16\/inti-otorga-beca-al-atleta-olimpico-hector-garibay\/#primaryimage"},"thumbnailUrl":"https:\/\/www.eldiario.net\/portal\/wp-content\/uploads\/2023\/12\/INTI.jpg","articleSection":["Sociales"],"inLanguage":"es"},{"@type":"WebPage","@id":"https:\/\/www.eldiario.net\/portal\/2023\/12\/16\/inti-otorga-beca-al-atleta-olimpico-hector-garibay\/","url":"https:\/\/www.eldiario.net\/portal\/2023\/12\/16\/inti-otorga-beca-al-atleta-olimpico-hector-garibay\/","name":"Inti otorga beca al atleta ol\u00edmpico H\u00e9ctor Garibay - El Diario - Bolivia","isPartOf":{"@id":"https:\/\/www.eldiario.net\/portal\/#website"},"primaryImageOfPage":{"@id":"https:\/\/www.eldiario.net\/portal\/2023\/12\/16\/inti-otorga-beca-al-atleta-olimpico-hector-garibay\/#primaryimage"},"image":{"@id":"https:\/\/www.eldiario.net\/portal\/2023\/12\/16\/inti-otorga-beca-al-atleta-olimpico-hector-garibay\/#primaryimage"},"thumbnailUrl":"https:\/\/www.eldiario.net\/portal\/wp-content\/uploads\/2023\/12\/INTI.jpg","datePublished":"2023-12-16T11:01:42+00:00","breadcrumb":{"@id":"https:\/\/www.eldiario.net\/portal\/2023\/12\/16\/inti-otorga-beca-al-atleta-olimpico-hector-garibay\/#breadcrumb"},"inLanguage":"es","potentialAction":[{"@type":"ReadAction","target":["https:\/\/www.eldiario.net\/portal\/2023\/12\/16\/inti-otorga-beca-al-atleta-olimpico-hector-garibay\/"]}]},{"@type":"ImageObject","inLanguage":"es","@id":"https:\/\/www.eldiario.net\/portal\/2023\/12\/16\/inti-otorga-beca-al-atleta-olimpico-hector-garibay\/#primaryimage","url":"https:\/\/www.eldiario.net\/portal\/wp-content\/uploads\/2023\/12\/INTI.jpg","contentUrl":"https:\/\/www.eldiario.net\/portal\/wp-content\/uploads\/2023\/12\/INTI.jpg","width":1000,"height":666,"caption":"EL ATLETA ORURE\u00d1O H\u00c9CTOR GARIBAY RECIBE EL RESPALDO DE DROGUER\u00cdA INTI."},{"@type":"BreadcrumbList","@id":"https:\/\/www.eldiario.net\/portal\/2023\/12\/16\/inti-otorga-beca-al-atleta-olimpico-hector-garibay\/#breadcrumb","itemListElement":[{"@type":"ListItem","position":1,"name":"Portada","item":"https:\/\/www.eldiario.net\/portal\/"},{"@type":"ListItem","position":2,"name":"Inti otorga beca al atleta ol\u00edmpico H\u00e9ctor Garibay"}]},{"@type":"WebSite","@id":"https:\/\/www.eldiario.net\/portal\/#website","url":"https:\/\/www.eldiario.net\/portal\/","name":"El Diario - Decano de la prensa nacional","description":"El Diario - Decano de la prensa nacional","publisher":{"@id":"https:\/\/www.eldiario.net\/portal\/#organization"},"potentialAction":[{"@type":"SearchAction","target":{"@type":"EntryPoint","urlTemplate":"https:\/\/www.eldiario.net\/portal\/?s={search_term_string}"},"query-input":{"@type":"PropertyValueSpecification","valueRequired":true,"valueName":"search_term_string"}}],"inLanguage":"es"},{"@type":"Organization","@id":"https:\/\/www.eldiario.net\/portal\/#organization","name":"El Diario - Decano de la prensa nacional","url":"https:\/\/www.eldiario.net\/portal\/","logo":{"@type":"ImageObject","inLanguage":"es","@id":"https:\/\/www.eldiario.net\/portal\/#\/schema\/logo\/image\/","url":"https:\/\/www.eldiario.net\/portal\/wp-content\/uploads\/2023\/07\/logo_ED.jpg","contentUrl":"https:\/\/www.eldiario.net\/portal\/wp-content\/uploads\/2023\/07\/logo_ED.jpg","width":272,"height":52,"caption":"El Diario - Decano de la prensa nacional"},"image":{"@id":"https:\/\/www.eldiario.net\/portal\/#\/schema\/logo\/image\/"},"sameAs":["https:\/\/www.facebook.com\/eldiario.bolivia\/","https:\/\/x.com\/eldiario_net"]},{"@type":"Person","@id":"https:\/\/www.eldiario.net\/portal\/#\/schema\/person\/f46445640444750d7d753ccd04ae01b7","name":"Jeanette","image":{"@type":"ImageObject","inLanguage":"es","@id":"https:\/\/secure.gravatar.com\/avatar\/3ea2118a5f7dad2b7138b1187a6b7ee55f160b9968b66013c3a3ef39dd7e5798?s=96&d=mm&r=g","url":"https:\/\/secure.gravatar.com\/avatar\/3ea2118a5f7dad2b7138b1187a6b7ee55f160b9968b66013c3a3ef39dd7e5798?s=96&d=mm&r=g","contentUrl":"https:\/\/secure.gravatar.com\/avatar\/3ea2118a5f7dad2b7138b1187a6b7ee55f160b9968b66013c3a3ef39dd7e5798?s=96&d=mm&r=g","caption":"Jeanette"},"sameAs":["https:\/\/www.eldiario.net\/portal"],"url":"https:\/\/www.eldiario.net\/portal\/author\/jeanette\/"}]}},"_links":{"self":[{"href":"https:\/\/www.eldiario.net\/portal\/wp-json\/wp\/v2\/posts\/193219","targetHints":{"allow":["GET"]}}],"collection":[{"href":"https:\/\/www.eldiario.net\/portal\/wp-json\/wp\/v2\/posts"}],"about":[{"href":"https:\/\/www.eldiario.net\/portal\/wp-json\/wp\/v2\/types\/post"}],"author":[{"embeddable":true,"href":"https:\/\/www.eldiario.net\/portal\/wp-json\/wp\/v2\/users\/1"}],"replies":[{"embeddable":true,"href":"https:\/\/www.eldiario.net\/portal\/wp-json\/wp\/v2\/comments?post=193219"}],"version-history":[{"count":0,"href":"https:\/\/www.eldiario.net\/portal\/wp-json\/wp\/v2\/posts\/193219\/revisions"}],"wp:featuredmedia":[{"embeddable":true,"href":"https:\/\/www.eldiario.net\/portal\/wp-json\/wp\/v2\/media\/193222"}],"wp:attachment":[{"href":"https:\/\/www.eldiario.net\/portal\/wp-json\/wp\/v2\/media?parent=193219"}],"wp:term":[{"taxonomy":"category","embeddable":true,"href":"https:\/\/www.eldiario.net\/portal\/wp-json\/wp\/v2\/categories?post=193219"},{"taxonomy":"post_tag","embeddable":true,"href":"https:\/\/www.eldiario.net\/portal\/wp-json\/wp\/v2\/tags?post=193219"}],"curies":[{"name":"wp","href":"https:\/\/api.w.org\/{rel}","templated":true}]}}