{"id":193213,"date":"2023-12-16T06:58:07","date_gmt":"2023-12-16T10:58:07","guid":{"rendered":"https:\/\/www.eldiario.net\/portal\/?p=193213"},"modified":"2023-12-16T06:58:07","modified_gmt":"2023-12-16T10:58:07","slug":"dakar-2024-sin-bolivianos","status":"publish","type":"post","link":"https:\/\/www.eldiario.net\/portal\/2023\/12\/16\/dakar-2024-sin-bolivianos\/","title":{"rendered":"DAKAR 2024: SIN BOLIVIANOS"},"content":{"rendered":"<p>Los altos costos, las nuevas prioridades y otras realidades, hicieron que ning\u00fan boliviano se presente en el pr\u00f3ximo Rally Dakar 2024, certamen mundial en el cual Bolivia estuvo con representantes durante 13 a\u00f1os de manera ininterrumpida.<br \/>\nBolivia comenz\u00f3 a tener representaci\u00f3n en la prueba denominada como la \u201cM\u00e1s peligrosa del mundo\u201d desde hace 13 a\u00f1os. Juan Carlos \u201cChavo\u201d Salvatierra fue uno de los pioneros en el pa\u00eds en contar con las condiciones, exigencias y econom\u00eda para encarar este certamen. Sus buenos pasos en esta competencia hicieron que otros nacionales se animaran a ser parte.<br \/>\nDe varios pilotos que hicieron su paso y que el Rally Dakar tenga buena presencia sudamericana, hoy en d\u00eda es muy complicado estar presente. Pasaron los a\u00f1os y hoy en d\u00eda ning\u00fan deportista puede costear los millonarios gastos.<br \/>\nLuego de 13 a\u00f1os al hilo, Bolivia no tendr\u00e1 ning\u00fan representante en el Rally Dakar, pues Daniel Nosiglia, quien en el \u00faltimo tiempo era el \u00fanico que corr\u00eda en la prueba anunci\u00f3 que no ser\u00e1 parte de la edici\u00f3n de 2024 a desarrollarse en Arabia Saudita del 5 al 19 de enero.<br \/>\n\u201cRecib\u00ed muchas preguntas si estar\u00e9 o no en el siguiente Dakar. Mi equipo (escuder\u00eda espa\u00f1ola Rieju Team) decidi\u00f3 no ir como equipo oficial. Lo cual me deja con la posibilidad de ir como piloto privado corriendo con el 100% de gastos\u201d, public\u00f3 Nosiglia en las cuentas de sus redes sociales.<br \/>\nAgreg\u00f3 que \u201cno llegamos ni cerca del presupuesto para poder hacer un Dakar competitivo como lo quisiera hacer&#8230; por lo tanto este a\u00f1o quedare fuera. De igual manera estoy listo porque hicimos toda la preparaci\u00f3n durante el a\u00f1o. El compromiso siempre va a seguir y el objetivo ser\u00e1 trabajar para poder llegar al Dakar 2025. Muchas gracias a todos los que est\u00e1n siempre\u201d, expres\u00f3.<\/p>\n<p>DESDE EL 2011, DE CHAVO Y BULACIA A S\u00d3LO NOSIGLIA<br \/>\nEl 2011 fue el primer a\u00f1o de pilotos bolivianos en el Rally Dakar, este certamen (que se corr\u00eda en los desiertos de \u00c1frica) se iba a correr en Sudam\u00e9rica por Argentina Y Chile. Ambos pilotos tuvieron interesantes resultados.<br \/>\nEl 2012, los pilotos Marco Bulacia, Luis Barbery y Gustavo de Rada en automovilismo y Juan Carlos \u201cChavo\u201d Salvatierra en motociclismo fueron anotados por Bolivia en este prueba.<br \/>\nEl 2013, Bolivia present\u00f3 a seis competidores, estando adem\u00e1s muy cerca de ser una de las sedes. Marco Bulacia en la categor\u00eda T1, Luis Barbery y Miguel \u00c1ngel Zambrana en categor\u00eda T\u201d, Juan Carlos \u201cChavo\u201d Salvatierra en motos, Leonardo y Diego Mart\u00ednez en cuadriciclos, fueron los representantes nacionales. Per\u00fa, Argentina y Chile, fueron los pa\u00edses sede.<br \/>\nEl 2014, Bolivia ya tuvo a ocho pilotos inscritos y a su primera vez como parte de la ruta de la competencia. Salvatierra, Fabricio Fuentes, Walter Nosiglia, Bulacia, Miguel Bulacia, Ramiro Aguirre, Barbery, Ernesto Eterovic, fueron los deportistas.<br \/>\nEl 2015, el pa\u00eds se mantuvo como parte de la ruta, esta vez con m\u00e1s competidores. Salvatierra, Fuentes, Nosiglia, Sergio Mita, Bulacia, Etevoric, Barbery, Rolando Careaga y el debut de Fortunato Maldonado.<br \/>\nEl 2016, Bolivia ya tuvo a once representantes: Juan Carlos Salvatierra, Fabricio Fuentes y Dany Nogales en motos; W\u00e1lter Nosiglia y Leonardo Mart\u00ednez en cuadriciclos; Luis Barbery, Marco Bulacia, Fortunato Maldonado, Julio Roca, Rodrigo Guti\u00e9rrez y Delio Vel\u00e1squez.<br \/>\nLa edici\u00f3n en que m\u00e1s pilotos bolivianos participaron fue en 2017 con 15 corredores. Daniel y Walter Nosiglia Jr., Suany Mart\u00ednez, Orlando Careaga, Eduardo Peredo, Walter Nosiglia Navarro, Juan Carlos Salvatierra, Fabricio Fuentes, Danny Nogales, Leonardo Martinez, Marco Bulacia, Rodrigo Guti\u00e9rrez, Luis Barbery, Julio Roca y Fortunato Maldonado.<br \/>\nEl 2018, el pa\u00eds baj\u00f3 a 12 pilotos. Juan Carlos Salvatierra, Fabricio Fuentes, W\u00e1lter Jr. y Daniel Nosiglia, Danny Nogales (motos), Marco Bulacia (autos), W\u00e1lter Nosiglia, Suanny y Leonardo Mart\u00ednez (cuadratracks) son quienes ya conocieron el Dakar. Hern\u00e1n Paredes (quads), Luciano P\u00e9rez y Rilver V\u00e1squez (autos) fueron los debutantes.<br \/>\nEl 2019 participaron los Nosiglia hijos y su padre Walter, Nogales, Salvatierra, Suany Mart\u00ednez y su padre y Barbery fueron los participantes.<br \/>\nEl 2020, s\u00f3lo Daniel Nosiglia y Leo Mart\u00ednez hicieron presencia. Lo peor fue que Nosiglia abandon\u00f3 r\u00e1pido por un fuerte accidente.<br \/>\nEl 2021 fue complicado para los Nosiglia ser parte del Dakar, la cual ya se corri\u00f3 en Arabia Saudita. Los Mart\u00ednez, padre e hija, fueron los participantes.<br \/>\nFinalmente, los temas econ\u00f3micos hicieron que los deportistas bolivianos desistan en ir al Rally Dakar, siendo Daniel Nosiglia el \u00fanico nacional el 2022 y 2023. Para este 2024 ya no habr\u00e1 ninguna bandera boliviana, de acuerdo a la confirmaci&#8217;on de la FEBAD.<\/p>\n<p><em><strong>ERWIN QUISPE PERCA<\/strong><\/em><\/p>\n<div id='gallery-1' class='gallery galleryid-193213 gallery-columns-3 gallery-size-medium'><figure class='gallery-item'>\n\t\t\t<div class='gallery-icon landscape'>\n\t\t\t\t<a href='https:\/\/www.eldiario.net\/portal\/2023\/12\/16\/dakar-2024-sin-bolivianos\/foto-2-113\/'><img loading=\"lazy\" decoding=\"async\" width=\"300\" height=\"168\" src=\"https:\/\/www.eldiario.net\/portal\/wp-content\/uploads\/2023\/12\/FOTO-2-1-300x168.jpg\" class=\"attachment-medium size-medium\" alt=\"\" srcset=\"https:\/\/www.eldiario.net\/portal\/wp-content\/uploads\/2023\/12\/FOTO-2-1-300x168.jpg 300w, https:\/\/www.eldiario.net\/portal\/wp-content\/uploads\/2023\/12\/FOTO-2-1-768x430.jpg 768w, https:\/\/www.eldiario.net\/portal\/wp-content\/uploads\/2023\/12\/FOTO-2-1-696x390.jpg 696w, https:\/\/www.eldiario.net\/portal\/wp-content\/uploads\/2023\/12\/FOTO-2-1.jpg 1000w\" sizes=\"auto, (max-width: 300px) 100vw, 300px\" \/><\/a>\n\t\t\t<\/div><\/figure><figure class='gallery-item'>\n\t\t\t<div class='gallery-icon landscape'>\n\t\t\t\t<a href='https:\/\/www.eldiario.net\/portal\/2023\/12\/16\/dakar-2024-sin-bolivianos\/foto-3-85\/'><img loading=\"lazy\" decoding=\"async\" width=\"300\" height=\"217\" src=\"https:\/\/www.eldiario.net\/portal\/wp-content\/uploads\/2023\/12\/FOTO-3-1-300x217.jpg\" class=\"attachment-medium size-medium\" alt=\"\" srcset=\"https:\/\/www.eldiario.net\/portal\/wp-content\/uploads\/2023\/12\/FOTO-3-1-300x217.jpg 300w, https:\/\/www.eldiario.net\/portal\/wp-content\/uploads\/2023\/12\/FOTO-3-1-768x555.jpg 768w, https:\/\/www.eldiario.net\/portal\/wp-content\/uploads\/2023\/12\/FOTO-3-1-696x503.jpg 696w, https:\/\/www.eldiario.net\/portal\/wp-content\/uploads\/2023\/12\/FOTO-3-1.jpg 1000w\" sizes=\"auto, (max-width: 300px) 100vw, 300px\" \/><\/a>\n\t\t\t<\/div><\/figure><figure class='gallery-item'>\n\t\t\t<div class='gallery-icon landscape'>\n\t\t\t\t<a href='https:\/\/www.eldiario.net\/portal\/2023\/12\/16\/dakar-2024-sin-bolivianos\/foto-4-76\/'><img loading=\"lazy\" decoding=\"async\" width=\"300\" height=\"208\" src=\"https:\/\/www.eldiario.net\/portal\/wp-content\/uploads\/2023\/12\/FOTO-4-1-300x208.jpg\" class=\"attachment-medium size-medium\" alt=\"\" srcset=\"https:\/\/www.eldiario.net\/portal\/wp-content\/uploads\/2023\/12\/FOTO-4-1-300x208.jpg 300w, https:\/\/www.eldiario.net\/portal\/wp-content\/uploads\/2023\/12\/FOTO-4-1-768x531.jpg 768w, https:\/\/www.eldiario.net\/portal\/wp-content\/uploads\/2023\/12\/FOTO-4-1-218x150.jpg 218w, https:\/\/www.eldiario.net\/portal\/wp-content\/uploads\/2023\/12\/FOTO-4-1-696x482.jpg 696w, https:\/\/www.eldiario.net\/portal\/wp-content\/uploads\/2023\/12\/FOTO-4-1.jpg 1000w\" sizes=\"auto, (max-width: 300px) 100vw, 300px\" \/><\/a>\n\t\t\t<\/div><\/figure><figure class='gallery-item'>\n\t\t\t<div class='gallery-icon landscape'>\n\t\t\t\t<a href='https:\/\/www.eldiario.net\/portal\/2023\/12\/16\/dakar-2024-sin-bolivianos\/principal-91\/'><img loading=\"lazy\" decoding=\"async\" width=\"300\" height=\"180\" src=\"https:\/\/www.eldiario.net\/portal\/wp-content\/uploads\/2023\/12\/PRINCIPAL-4-300x180.jpg\" class=\"attachment-medium size-medium\" alt=\"\" srcset=\"https:\/\/www.eldiario.net\/portal\/wp-content\/uploads\/2023\/12\/PRINCIPAL-4-300x180.jpg 300w, https:\/\/www.eldiario.net\/portal\/wp-content\/uploads\/2023\/12\/PRINCIPAL-4-768x461.jpg 768w, https:\/\/www.eldiario.net\/portal\/wp-content\/uploads\/2023\/12\/PRINCIPAL-4-696x418.jpg 696w, https:\/\/www.eldiario.net\/portal\/wp-content\/uploads\/2023\/12\/PRINCIPAL-4.jpg 1000w\" sizes=\"auto, (max-width: 300px) 100vw, 300px\" \/><\/a>\n\t\t\t<\/div><\/figure>\n\t\t<\/div>\n\n","protected":false},"excerpt":{"rendered":"<p>Los altos costos, las nuevas prioridades y otras realidades, hicieron que ning\u00fan boliviano se presente en el pr\u00f3ximo Rally Dakar 2024, certamen mundial en el cual Bolivia estuvo con representantes durante 13 a\u00f1os de manera ininterrumpida. Bolivia comenz\u00f3 a tener representaci\u00f3n en la prueba denominada como la \u201cM\u00e1s peligrosa del mundo\u201d desde hace 13 a\u00f1os. [&hellip;]<\/p>\n","protected":false},"author":1,"featured_media":193217,"comment_status":"closed","ping_status":"open","sticky":false,"template":"","format":"standard","meta":{"_acf_changed":false,"footnotes":""},"categories":[6],"tags":[],"class_list":["post-193213","post","type-post","status-publish","format-standard","has-post-thumbnail","category-deportes"],"acf":{"antetitulo":""},"yoast_head":"<!-- This site is optimized with the Yoast SEO plugin v28.3 - https:\/\/yoast.com\/product\/yoast-seo-wordpress\/ -->\n<title>DAKAR 2024: SIN BOLIVIANOS - El Diario - Bolivia<\/title>\n<meta name=\"robots\" content=\"index, follow, max-snippet:-1, max-image-preview:large, max-video-preview:-1\" \/>\n<link rel=\"canonical\" href=\"https:\/\/www.eldiario.net\/portal\/2023\/12\/16\/dakar-2024-sin-bolivianos\/\" \/>\n<meta property=\"og:locale\" content=\"es_ES\" \/>\n<meta property=\"og:type\" content=\"article\" \/>\n<meta property=\"og:title\" content=\"DAKAR 2024: SIN BOLIVIANOS - El Diario - Bolivia\" \/>\n<meta property=\"og:description\" content=\"Los altos costos, las nuevas prioridades y otras realidades, hicieron que ning\u00fan boliviano se presente en el pr\u00f3ximo Rally Dakar 2024, certamen mundial en el cual Bolivia estuvo con representantes durante 13 a\u00f1os de manera ininterrumpida. Bolivia comenz\u00f3 a tener representaci\u00f3n en la prueba denominada como la \u201cM\u00e1s peligrosa del mundo\u201d desde hace 13 a\u00f1os. [&hellip;]\" \/>\n<meta property=\"og:url\" content=\"https:\/\/www.eldiario.net\/portal\/2023\/12\/16\/dakar-2024-sin-bolivianos\/\" \/>\n<meta property=\"og:site_name\" content=\"El Diario - Bolivia\" \/>\n<meta property=\"article:publisher\" content=\"https:\/\/www.facebook.com\/eldiario.bolivia\/\" \/>\n<meta property=\"article:published_time\" content=\"2023-12-16T10:58:07+00:00\" \/>\n<meta property=\"og:image\" content=\"https:\/\/www.eldiario.net\/portal\/wp-content\/uploads\/2023\/12\/PRINCIPAL-4.jpg\" \/>\n\t<meta property=\"og:image:width\" content=\"1000\" \/>\n\t<meta property=\"og:image:height\" content=\"600\" \/>\n\t<meta property=\"og:image:type\" content=\"image\/jpeg\" \/>\n<meta name=\"author\" content=\"Jeanette\" \/>\n<meta name=\"twitter:card\" content=\"summary_large_image\" \/>\n<meta name=\"twitter:creator\" content=\"@eldiario_net\" \/>\n<meta name=\"twitter:site\" content=\"@eldiario_net\" \/>\n<meta name=\"twitter:label1\" content=\"Escrito por\" \/>\n\t<meta name=\"twitter:data1\" content=\"Jeanette\" \/>\n\t<meta name=\"twitter:label2\" content=\"Tiempo de lectura\" \/>\n\t<meta name=\"twitter:data2\" content=\"4 minutos\" \/>\n<script type=\"application\/ld+json\" class=\"yoast-schema-graph\">{\"@context\":\"https:\\\/\\\/schema.org\",\"@graph\":[{\"@type\":\"Article\",\"@id\":\"https:\\\/\\\/www.eldiario.net\\\/portal\\\/2023\\\/12\\\/16\\\/dakar-2024-sin-bolivianos\\\/#article\",\"isPartOf\":{\"@id\":\"https:\\\/\\\/www.eldiario.net\\\/portal\\\/2023\\\/12\\\/16\\\/dakar-2024-sin-bolivianos\\\/\"},\"author\":{\"name\":\"Jeanette\",\"@id\":\"https:\\\/\\\/www.eldiario.net\\\/portal\\\/#\\\/schema\\\/person\\\/f46445640444750d7d753ccd04ae01b7\"},\"headline\":\"DAKAR 2024: SIN BOLIVIANOS\",\"datePublished\":\"2023-12-16T10:58:07+00:00\",\"mainEntityOfPage\":{\"@id\":\"https:\\\/\\\/www.eldiario.net\\\/portal\\\/2023\\\/12\\\/16\\\/dakar-2024-sin-bolivianos\\\/\"},\"wordCount\":786,\"publisher\":{\"@id\":\"https:\\\/\\\/www.eldiario.net\\\/portal\\\/#organization\"},\"image\":{\"@id\":\"https:\\\/\\\/www.eldiario.net\\\/portal\\\/2023\\\/12\\\/16\\\/dakar-2024-sin-bolivianos\\\/#primaryimage\"},\"thumbnailUrl\":\"https:\\\/\\\/www.eldiario.net\\\/portal\\\/wp-content\\\/uploads\\\/2023\\\/12\\\/PRINCIPAL-4.jpg\",\"articleSection\":[\"Deportes\"],\"inLanguage\":\"es\"},{\"@type\":\"WebPage\",\"@id\":\"https:\\\/\\\/www.eldiario.net\\\/portal\\\/2023\\\/12\\\/16\\\/dakar-2024-sin-bolivianos\\\/\",\"url\":\"https:\\\/\\\/www.eldiario.net\\\/portal\\\/2023\\\/12\\\/16\\\/dakar-2024-sin-bolivianos\\\/\",\"name\":\"DAKAR 2024: SIN BOLIVIANOS - El Diario - Bolivia\",\"isPartOf\":{\"@id\":\"https:\\\/\\\/www.eldiario.net\\\/portal\\\/#website\"},\"primaryImageOfPage\":{\"@id\":\"https:\\\/\\\/www.eldiario.net\\\/portal\\\/2023\\\/12\\\/16\\\/dakar-2024-sin-bolivianos\\\/#primaryimage\"},\"image\":{\"@id\":\"https:\\\/\\\/www.eldiario.net\\\/portal\\\/2023\\\/12\\\/16\\\/dakar-2024-sin-bolivianos\\\/#primaryimage\"},\"thumbnailUrl\":\"https:\\\/\\\/www.eldiario.net\\\/portal\\\/wp-content\\\/uploads\\\/2023\\\/12\\\/PRINCIPAL-4.jpg\",\"datePublished\":\"2023-12-16T10:58:07+00:00\",\"breadcrumb\":{\"@id\":\"https:\\\/\\\/www.eldiario.net\\\/portal\\\/2023\\\/12\\\/16\\\/dakar-2024-sin-bolivianos\\\/#breadcrumb\"},\"inLanguage\":\"es\",\"potentialAction\":[{\"@type\":\"ReadAction\",\"target\":[\"https:\\\/\\\/www.eldiario.net\\\/portal\\\/2023\\\/12\\\/16\\\/dakar-2024-sin-bolivianos\\\/\"]}]},{\"@type\":\"ImageObject\",\"inLanguage\":\"es\",\"@id\":\"https:\\\/\\\/www.eldiario.net\\\/portal\\\/2023\\\/12\\\/16\\\/dakar-2024-sin-bolivianos\\\/#primaryimage\",\"url\":\"https:\\\/\\\/www.eldiario.net\\\/portal\\\/wp-content\\\/uploads\\\/2023\\\/12\\\/PRINCIPAL-4.jpg\",\"contentUrl\":\"https:\\\/\\\/www.eldiario.net\\\/portal\\\/wp-content\\\/uploads\\\/2023\\\/12\\\/PRINCIPAL-4.jpg\",\"width\":1000,\"height\":600},{\"@type\":\"BreadcrumbList\",\"@id\":\"https:\\\/\\\/www.eldiario.net\\\/portal\\\/2023\\\/12\\\/16\\\/dakar-2024-sin-bolivianos\\\/#breadcrumb\",\"itemListElement\":[{\"@type\":\"ListItem\",\"position\":1,\"name\":\"Portada\",\"item\":\"https:\\\/\\\/www.eldiario.net\\\/portal\\\/\"},{\"@type\":\"ListItem\",\"position\":2,\"name\":\"DAKAR 2024: SIN BOLIVIANOS\"}]},{\"@type\":\"WebSite\",\"@id\":\"https:\\\/\\\/www.eldiario.net\\\/portal\\\/#website\",\"url\":\"https:\\\/\\\/www.eldiario.net\\\/portal\\\/\",\"name\":\"El Diario - Decano de la prensa nacional\",\"description\":\"El Diario - Decano de la prensa nacional\",\"publisher\":{\"@id\":\"https:\\\/\\\/www.eldiario.net\\\/portal\\\/#organization\"},\"potentialAction\":[{\"@type\":\"SearchAction\",\"target\":{\"@type\":\"EntryPoint\",\"urlTemplate\":\"https:\\\/\\\/www.eldiario.net\\\/portal\\\/?s={search_term_string}\"},\"query-input\":{\"@type\":\"PropertyValueSpecification\",\"valueRequired\":true,\"valueName\":\"search_term_string\"}}],\"inLanguage\":\"es\"},{\"@type\":\"Organization\",\"@id\":\"https:\\\/\\\/www.eldiario.net\\\/portal\\\/#organization\",\"name\":\"El Diario - Decano de la prensa nacional\",\"url\":\"https:\\\/\\\/www.eldiario.net\\\/portal\\\/\",\"logo\":{\"@type\":\"ImageObject\",\"inLanguage\":\"es\",\"@id\":\"https:\\\/\\\/www.eldiario.net\\\/portal\\\/#\\\/schema\\\/logo\\\/image\\\/\",\"url\":\"https:\\\/\\\/www.eldiario.net\\\/portal\\\/wp-content\\\/uploads\\\/2023\\\/07\\\/logo_ED.jpg\",\"contentUrl\":\"https:\\\/\\\/www.eldiario.net\\\/portal\\\/wp-content\\\/uploads\\\/2023\\\/07\\\/logo_ED.jpg\",\"width\":272,\"height\":52,\"caption\":\"El Diario - Decano de la prensa nacional\"},\"image\":{\"@id\":\"https:\\\/\\\/www.eldiario.net\\\/portal\\\/#\\\/schema\\\/logo\\\/image\\\/\"},\"sameAs\":[\"https:\\\/\\\/www.facebook.com\\\/eldiario.bolivia\\\/\",\"https:\\\/\\\/x.com\\\/eldiario_net\"]},{\"@type\":\"Person\",\"@id\":\"https:\\\/\\\/www.eldiario.net\\\/portal\\\/#\\\/schema\\\/person\\\/f46445640444750d7d753ccd04ae01b7\",\"name\":\"Jeanette\",\"image\":{\"@type\":\"ImageObject\",\"inLanguage\":\"es\",\"@id\":\"https:\\\/\\\/secure.gravatar.com\\\/avatar\\\/3ea2118a5f7dad2b7138b1187a6b7ee55f160b9968b66013c3a3ef39dd7e5798?s=96&d=mm&r=g\",\"url\":\"https:\\\/\\\/secure.gravatar.com\\\/avatar\\\/3ea2118a5f7dad2b7138b1187a6b7ee55f160b9968b66013c3a3ef39dd7e5798?s=96&d=mm&r=g\",\"contentUrl\":\"https:\\\/\\\/secure.gravatar.com\\\/avatar\\\/3ea2118a5f7dad2b7138b1187a6b7ee55f160b9968b66013c3a3ef39dd7e5798?s=96&d=mm&r=g\",\"caption\":\"Jeanette\"},\"sameAs\":[\"https:\\\/\\\/www.eldiario.net\\\/portal\"],\"url\":\"https:\\\/\\\/www.eldiario.net\\\/portal\\\/author\\\/jeanette\\\/\"}]}<\/script>\n<!-- \/ Yoast SEO plugin. -->","yoast_head_json":{"title":"DAKAR 2024: SIN BOLIVIANOS - El Diario - Bolivia","robots":{"index":"index","follow":"follow","max-snippet":"max-snippet:-1","max-image-preview":"max-image-preview:large","max-video-preview":"max-video-preview:-1"},"canonical":"https:\/\/www.eldiario.net\/portal\/2023\/12\/16\/dakar-2024-sin-bolivianos\/","og_locale":"es_ES","og_type":"article","og_title":"DAKAR 2024: SIN BOLIVIANOS - El Diario - Bolivia","og_description":"Los altos costos, las nuevas prioridades y otras realidades, hicieron que ning\u00fan boliviano se presente en el pr\u00f3ximo Rally Dakar 2024, certamen mundial en el cual Bolivia estuvo con representantes durante 13 a\u00f1os de manera ininterrumpida. Bolivia comenz\u00f3 a tener representaci\u00f3n en la prueba denominada como la \u201cM\u00e1s peligrosa del mundo\u201d desde hace 13 a\u00f1os. [&hellip;]","og_url":"https:\/\/www.eldiario.net\/portal\/2023\/12\/16\/dakar-2024-sin-bolivianos\/","og_site_name":"El Diario - Bolivia","article_publisher":"https:\/\/www.facebook.com\/eldiario.bolivia\/","article_published_time":"2023-12-16T10:58:07+00:00","og_image":[{"width":1000,"height":600,"url":"https:\/\/www.eldiario.net\/portal\/wp-content\/uploads\/2023\/12\/PRINCIPAL-4.jpg","type":"image\/jpeg"}],"author":"Jeanette","twitter_card":"summary_large_image","twitter_creator":"@eldiario_net","twitter_site":"@eldiario_net","twitter_misc":{"Escrito por":"Jeanette","Tiempo de lectura":"4 minutos"},"schema":{"@context":"https:\/\/schema.org","@graph":[{"@type":"Article","@id":"https:\/\/www.eldiario.net\/portal\/2023\/12\/16\/dakar-2024-sin-bolivianos\/#article","isPartOf":{"@id":"https:\/\/www.eldiario.net\/portal\/2023\/12\/16\/dakar-2024-sin-bolivianos\/"},"author":{"name":"Jeanette","@id":"https:\/\/www.eldiario.net\/portal\/#\/schema\/person\/f46445640444750d7d753ccd04ae01b7"},"headline":"DAKAR 2024: SIN BOLIVIANOS","datePublished":"2023-12-16T10:58:07+00:00","mainEntityOfPage":{"@id":"https:\/\/www.eldiario.net\/portal\/2023\/12\/16\/dakar-2024-sin-bolivianos\/"},"wordCount":786,"publisher":{"@id":"https:\/\/www.eldiario.net\/portal\/#organization"},"image":{"@id":"https:\/\/www.eldiario.net\/portal\/2023\/12\/16\/dakar-2024-sin-bolivianos\/#primaryimage"},"thumbnailUrl":"https:\/\/www.eldiario.net\/portal\/wp-content\/uploads\/2023\/12\/PRINCIPAL-4.jpg","articleSection":["Deportes"],"inLanguage":"es"},{"@type":"WebPage","@id":"https:\/\/www.eldiario.net\/portal\/2023\/12\/16\/dakar-2024-sin-bolivianos\/","url":"https:\/\/www.eldiario.net\/portal\/2023\/12\/16\/dakar-2024-sin-bolivianos\/","name":"DAKAR 2024: SIN BOLIVIANOS - El Diario - Bolivia","isPartOf":{"@id":"https:\/\/www.eldiario.net\/portal\/#website"},"primaryImageOfPage":{"@id":"https:\/\/www.eldiario.net\/portal\/2023\/12\/16\/dakar-2024-sin-bolivianos\/#primaryimage"},"image":{"@id":"https:\/\/www.eldiario.net\/portal\/2023\/12\/16\/dakar-2024-sin-bolivianos\/#primaryimage"},"thumbnailUrl":"https:\/\/www.eldiario.net\/portal\/wp-content\/uploads\/2023\/12\/PRINCIPAL-4.jpg","datePublished":"2023-12-16T10:58:07+00:00","breadcrumb":{"@id":"https:\/\/www.eldiario.net\/portal\/2023\/12\/16\/dakar-2024-sin-bolivianos\/#breadcrumb"},"inLanguage":"es","potentialAction":[{"@type":"ReadAction","target":["https:\/\/www.eldiario.net\/portal\/2023\/12\/16\/dakar-2024-sin-bolivianos\/"]}]},{"@type":"ImageObject","inLanguage":"es","@id":"https:\/\/www.eldiario.net\/portal\/2023\/12\/16\/dakar-2024-sin-bolivianos\/#primaryimage","url":"https:\/\/www.eldiario.net\/portal\/wp-content\/uploads\/2023\/12\/PRINCIPAL-4.jpg","contentUrl":"https:\/\/www.eldiario.net\/portal\/wp-content\/uploads\/2023\/12\/PRINCIPAL-4.jpg","width":1000,"height":600},{"@type":"BreadcrumbList","@id":"https:\/\/www.eldiario.net\/portal\/2023\/12\/16\/dakar-2024-sin-bolivianos\/#breadcrumb","itemListElement":[{"@type":"ListItem","position":1,"name":"Portada","item":"https:\/\/www.eldiario.net\/portal\/"},{"@type":"ListItem","position":2,"name":"DAKAR 2024: SIN BOLIVIANOS"}]},{"@type":"WebSite","@id":"https:\/\/www.eldiario.net\/portal\/#website","url":"https:\/\/www.eldiario.net\/portal\/","name":"El Diario - Decano de la prensa nacional","description":"El Diario - Decano de la prensa nacional","publisher":{"@id":"https:\/\/www.eldiario.net\/portal\/#organization"},"potentialAction":[{"@type":"SearchAction","target":{"@type":"EntryPoint","urlTemplate":"https:\/\/www.eldiario.net\/portal\/?s={search_term_string}"},"query-input":{"@type":"PropertyValueSpecification","valueRequired":true,"valueName":"search_term_string"}}],"inLanguage":"es"},{"@type":"Organization","@id":"https:\/\/www.eldiario.net\/portal\/#organization","name":"El Diario - Decano de la prensa nacional","url":"https:\/\/www.eldiario.net\/portal\/","logo":{"@type":"ImageObject","inLanguage":"es","@id":"https:\/\/www.eldiario.net\/portal\/#\/schema\/logo\/image\/","url":"https:\/\/www.eldiario.net\/portal\/wp-content\/uploads\/2023\/07\/logo_ED.jpg","contentUrl":"https:\/\/www.eldiario.net\/portal\/wp-content\/uploads\/2023\/07\/logo_ED.jpg","width":272,"height":52,"caption":"El Diario - Decano de la prensa nacional"},"image":{"@id":"https:\/\/www.eldiario.net\/portal\/#\/schema\/logo\/image\/"},"sameAs":["https:\/\/www.facebook.com\/eldiario.bolivia\/","https:\/\/x.com\/eldiario_net"]},{"@type":"Person","@id":"https:\/\/www.eldiario.net\/portal\/#\/schema\/person\/f46445640444750d7d753ccd04ae01b7","name":"Jeanette","image":{"@type":"ImageObject","inLanguage":"es","@id":"https:\/\/secure.gravatar.com\/avatar\/3ea2118a5f7dad2b7138b1187a6b7ee55f160b9968b66013c3a3ef39dd7e5798?s=96&d=mm&r=g","url":"https:\/\/secure.gravatar.com\/avatar\/3ea2118a5f7dad2b7138b1187a6b7ee55f160b9968b66013c3a3ef39dd7e5798?s=96&d=mm&r=g","contentUrl":"https:\/\/secure.gravatar.com\/avatar\/3ea2118a5f7dad2b7138b1187a6b7ee55f160b9968b66013c3a3ef39dd7e5798?s=96&d=mm&r=g","caption":"Jeanette"},"sameAs":["https:\/\/www.eldiario.net\/portal"],"url":"https:\/\/www.eldiario.net\/portal\/author\/jeanette\/"}]}},"_links":{"self":[{"href":"https:\/\/www.eldiario.net\/portal\/wp-json\/wp\/v2\/posts\/193213","targetHints":{"allow":["GET"]}}],"collection":[{"href":"https:\/\/www.eldiario.net\/portal\/wp-json\/wp\/v2\/posts"}],"about":[{"href":"https:\/\/www.eldiario.net\/portal\/wp-json\/wp\/v2\/types\/post"}],"author":[{"embeddable":true,"href":"https:\/\/www.eldiario.net\/portal\/wp-json\/wp\/v2\/users\/1"}],"replies":[{"embeddable":true,"href":"https:\/\/www.eldiario.net\/portal\/wp-json\/wp\/v2\/comments?post=193213"}],"version-history":[{"count":0,"href":"https:\/\/www.eldiario.net\/portal\/wp-json\/wp\/v2\/posts\/193213\/revisions"}],"wp:featuredmedia":[{"embeddable":true,"href":"https:\/\/www.eldiario.net\/portal\/wp-json\/wp\/v2\/media\/193217"}],"wp:attachment":[{"href":"https:\/\/www.eldiario.net\/portal\/wp-json\/wp\/v2\/media?parent=193213"}],"wp:term":[{"taxonomy":"category","embeddable":true,"href":"https:\/\/www.eldiario.net\/portal\/wp-json\/wp\/v2\/categories?post=193213"},{"taxonomy":"post_tag","embeddable":true,"href":"https:\/\/www.eldiario.net\/portal\/wp-json\/wp\/v2\/tags?post=193213"}],"curies":[{"name":"wp","href":"https:\/\/api.w.org\/{rel}","templated":true}]}}