{"id":193210,"date":"2023-12-16T06:54:53","date_gmt":"2023-12-16T10:54:53","guid":{"rendered":"https:\/\/www.eldiario.net\/portal\/?p=193210"},"modified":"2023-12-16T06:54:53","modified_gmt":"2023-12-16T10:54:53","slug":"el-raid-en-arabia-saudita-sera-indomable","status":"publish","type":"post","link":"https:\/\/www.eldiario.net\/portal\/2023\/12\/16\/el-raid-en-arabia-saudita-sera-indomable\/","title":{"rendered":"El raid en Arabia Saudita ser\u00e1 \u00abindomable\u00bb"},"content":{"rendered":"<p>El Rally Dakar se pone a rodar el pr\u00f3ximo 5 de enero con toda su caravana en la primera gran cita de un a\u00f1o plagado de grandes eventos deportivos y, como de costumbre, las cifras del raid confirman la dimensi\u00f3n de esta competici\u00f3n en la que coches, quads, motos y camiones se lanzan sobre las dunas.<br \/>\nLo har\u00e1n por quinta vez consecutiva sobre las pistas de Arabia Saud\u00ed, en una edici\u00f3n que se disputar\u00e1 del 5 al 19 de enero y que contar\u00e1 con un 60 % de nuevos recorridos, adem\u00e1s de una etapa de 48 horas en la que los pilotos tendr\u00e1n que pernoctar en sacos de dormir y tiendas de campa\u00f1a.<br \/>\n7.891 KIL\u00d3METROS: La competici\u00f3n se desarrollar\u00e1 durante m\u00e1s de 7.891 kil\u00f3metros a lo largo y ancho de Arabia Saud\u00ed en doce etapas y un pr\u00f3logo. De los casi 8.000 kil\u00f3metros que recorrer\u00e1n pilotos y copilotos, un total de 4.727 ser\u00e1n cronometrados.<br \/>\n778 PARTICIPANTES: El Dakar alcanza una cifra r\u00e9cord en participantes, con un total de 778 participantes entre pilotos y copilotos, de los que 135 ser\u00e1n rookies. Habr\u00e1 un total de 187 equipos. Entre ellos, habr\u00e1 129 leyendas.<br \/>\n46 MUJERES: Un total de 46 mujeres disputar\u00e1n el raid m\u00e1s importante del mundo. Esto supone un avance respecto a 2020, la primera edici\u00f3n disputada en Arabia Saud\u00ed, cuando apenas fueron 12 (lo que representaba un 2,10 % del total de participantes) las mujeres competidoras del Dakar. Este 2024 supondr\u00e1 ya un 5,91 % del total de la competici\u00f3n.<br \/>\n434 VEH\u00cdCULOS: M\u00e1s de 400 veh\u00edculos se lanzar\u00e1n sobre las dunas de Arabia Saud\u00ed, desglosados en 137 en motos, 10 quads, un total de 72 Ultimates (la de coches, en la que por ejemplo participa el espa\u00f1ol Carlos Sainz) y 46 camiones. Habr\u00e1 otros 42 veh\u00edculos Challenger y 36 SSV, algo m\u00e1s peque\u00f1os que los Ultimate, mientras que habr\u00e1 66 coches cl\u00e1sicos y 14 Dakar Classic que participar\u00e1n en la prueba Dakar Classic, adaptada a coches de \u00e9poca.<br \/>\n72 NACIONALIDADES: Habr\u00e1 un total de 72 nacionalidades presentes en este Dakar: 163 franceses, 119 espa\u00f1oles y 72 italianos monopolizan el podio, en un a\u00f1o en el que los espa\u00f1oles ser\u00e1n la segunda mayor nacionalidad.<br \/>\nUNA ETAPA DE 48 HORAS: Una etapa de 48 horas y m\u00e1s de 600 kil\u00f3metros cronometrados en la que los corredores deber\u00e1n parar al anochecer, dormir en un saco de dormir en medio de las dunas y volver a rodar en cuanto amanezca en un concepto de etapa totalmente novedoso.<br \/>\n4.200 HORAS DE DIFUSI\u00d3N EN TV: El Dakar tuvo una difusi\u00f3n de al menos 4.200 horas en programas de televisi\u00f3n. En total, 190 pa\u00edses difundieron im\u00e1genes a trav\u00e9s de unas 70 cadenas de televisi\u00f3n. Este a\u00f1o, la organizaci\u00f3n espera superar esos datos.<\/p>\n","protected":false},"excerpt":{"rendered":"<p>El Rally Dakar se pone a rodar el pr\u00f3ximo 5 de enero con toda su caravana en la primera gran cita de un a\u00f1o plagado de grandes eventos deportivos y, como de costumbre, las cifras del raid confirman la dimensi\u00f3n de esta competici\u00f3n en la que coches, quads, motos y camiones se lanzan sobre las [&hellip;]<\/p>\n","protected":false},"author":1,"featured_media":193211,"comment_status":"closed","ping_status":"open","sticky":false,"template":"","format":"standard","meta":{"_acf_changed":false,"footnotes":""},"categories":[6],"tags":[],"class_list":["post-193210","post","type-post","status-publish","format-standard","has-post-thumbnail","category-deportes"],"acf":{"antetitulo":""},"yoast_head":"<!-- This site is optimized with the Yoast SEO plugin v28.3 - https:\/\/yoast.com\/product\/yoast-seo-wordpress\/ -->\n<title>El raid en Arabia Saudita ser\u00e1 &quot;indomable&quot; - El Diario - Bolivia<\/title>\n<meta name=\"robots\" content=\"index, follow, max-snippet:-1, max-image-preview:large, max-video-preview:-1\" \/>\n<link rel=\"canonical\" href=\"https:\/\/www.eldiario.net\/portal\/2023\/12\/16\/el-raid-en-arabia-saudita-sera-indomable\/\" \/>\n<meta property=\"og:locale\" content=\"es_ES\" \/>\n<meta property=\"og:type\" content=\"article\" \/>\n<meta property=\"og:title\" content=\"El raid en Arabia Saudita ser\u00e1 &quot;indomable&quot; - El Diario - Bolivia\" \/>\n<meta property=\"og:description\" content=\"El Rally Dakar se pone a rodar el pr\u00f3ximo 5 de enero con toda su caravana en la primera gran cita de un a\u00f1o plagado de grandes eventos deportivos y, como de costumbre, las cifras del raid confirman la dimensi\u00f3n de esta competici\u00f3n en la que coches, quads, motos y camiones se lanzan sobre las [&hellip;]\" \/>\n<meta property=\"og:url\" content=\"https:\/\/www.eldiario.net\/portal\/2023\/12\/16\/el-raid-en-arabia-saudita-sera-indomable\/\" \/>\n<meta property=\"og:site_name\" content=\"El Diario - Bolivia\" \/>\n<meta property=\"article:publisher\" content=\"https:\/\/www.facebook.com\/eldiario.bolivia\/\" \/>\n<meta property=\"article:published_time\" content=\"2023-12-16T10:54:53+00:00\" \/>\n<meta property=\"og:image\" content=\"https:\/\/www.eldiario.net\/portal\/wp-content\/uploads\/2023\/12\/ABAJO-ARABIA.jpg\" \/>\n\t<meta property=\"og:image:width\" content=\"1000\" \/>\n\t<meta property=\"og:image:height\" content=\"666\" \/>\n\t<meta property=\"og:image:type\" content=\"image\/jpeg\" \/>\n<meta name=\"author\" content=\"Jeanette\" \/>\n<meta name=\"twitter:card\" content=\"summary_large_image\" \/>\n<meta name=\"twitter:creator\" content=\"@eldiario_net\" \/>\n<meta name=\"twitter:site\" content=\"@eldiario_net\" \/>\n<meta name=\"twitter:label1\" content=\"Escrito por\" \/>\n\t<meta name=\"twitter:data1\" content=\"Jeanette\" \/>\n\t<meta name=\"twitter:label2\" content=\"Tiempo de lectura\" \/>\n\t<meta name=\"twitter:data2\" content=\"3 minutos\" \/>\n<script type=\"application\/ld+json\" class=\"yoast-schema-graph\">{\"@context\":\"https:\\\/\\\/schema.org\",\"@graph\":[{\"@type\":\"Article\",\"@id\":\"https:\\\/\\\/www.eldiario.net\\\/portal\\\/2023\\\/12\\\/16\\\/el-raid-en-arabia-saudita-sera-indomable\\\/#article\",\"isPartOf\":{\"@id\":\"https:\\\/\\\/www.eldiario.net\\\/portal\\\/2023\\\/12\\\/16\\\/el-raid-en-arabia-saudita-sera-indomable\\\/\"},\"author\":{\"name\":\"Jeanette\",\"@id\":\"https:\\\/\\\/www.eldiario.net\\\/portal\\\/#\\\/schema\\\/person\\\/f46445640444750d7d753ccd04ae01b7\"},\"headline\":\"El raid en Arabia Saudita ser\u00e1 \u00abindomable\u00bb\",\"datePublished\":\"2023-12-16T10:54:53+00:00\",\"mainEntityOfPage\":{\"@id\":\"https:\\\/\\\/www.eldiario.net\\\/portal\\\/2023\\\/12\\\/16\\\/el-raid-en-arabia-saudita-sera-indomable\\\/\"},\"wordCount\":465,\"publisher\":{\"@id\":\"https:\\\/\\\/www.eldiario.net\\\/portal\\\/#organization\"},\"image\":{\"@id\":\"https:\\\/\\\/www.eldiario.net\\\/portal\\\/2023\\\/12\\\/16\\\/el-raid-en-arabia-saudita-sera-indomable\\\/#primaryimage\"},\"thumbnailUrl\":\"https:\\\/\\\/www.eldiario.net\\\/portal\\\/wp-content\\\/uploads\\\/2023\\\/12\\\/ABAJO-ARABIA.jpg\",\"articleSection\":[\"Deportes\"],\"inLanguage\":\"es\"},{\"@type\":\"WebPage\",\"@id\":\"https:\\\/\\\/www.eldiario.net\\\/portal\\\/2023\\\/12\\\/16\\\/el-raid-en-arabia-saudita-sera-indomable\\\/\",\"url\":\"https:\\\/\\\/www.eldiario.net\\\/portal\\\/2023\\\/12\\\/16\\\/el-raid-en-arabia-saudita-sera-indomable\\\/\",\"name\":\"El raid en Arabia Saudita ser\u00e1 \\\"indomable\\\" - El Diario - Bolivia\",\"isPartOf\":{\"@id\":\"https:\\\/\\\/www.eldiario.net\\\/portal\\\/#website\"},\"primaryImageOfPage\":{\"@id\":\"https:\\\/\\\/www.eldiario.net\\\/portal\\\/2023\\\/12\\\/16\\\/el-raid-en-arabia-saudita-sera-indomable\\\/#primaryimage\"},\"image\":{\"@id\":\"https:\\\/\\\/www.eldiario.net\\\/portal\\\/2023\\\/12\\\/16\\\/el-raid-en-arabia-saudita-sera-indomable\\\/#primaryimage\"},\"thumbnailUrl\":\"https:\\\/\\\/www.eldiario.net\\\/portal\\\/wp-content\\\/uploads\\\/2023\\\/12\\\/ABAJO-ARABIA.jpg\",\"datePublished\":\"2023-12-16T10:54:53+00:00\",\"breadcrumb\":{\"@id\":\"https:\\\/\\\/www.eldiario.net\\\/portal\\\/2023\\\/12\\\/16\\\/el-raid-en-arabia-saudita-sera-indomable\\\/#breadcrumb\"},\"inLanguage\":\"es\",\"potentialAction\":[{\"@type\":\"ReadAction\",\"target\":[\"https:\\\/\\\/www.eldiario.net\\\/portal\\\/2023\\\/12\\\/16\\\/el-raid-en-arabia-saudita-sera-indomable\\\/\"]}]},{\"@type\":\"ImageObject\",\"inLanguage\":\"es\",\"@id\":\"https:\\\/\\\/www.eldiario.net\\\/portal\\\/2023\\\/12\\\/16\\\/el-raid-en-arabia-saudita-sera-indomable\\\/#primaryimage\",\"url\":\"https:\\\/\\\/www.eldiario.net\\\/portal\\\/wp-content\\\/uploads\\\/2023\\\/12\\\/ABAJO-ARABIA.jpg\",\"contentUrl\":\"https:\\\/\\\/www.eldiario.net\\\/portal\\\/wp-content\\\/uploads\\\/2023\\\/12\\\/ABAJO-ARABIA.jpg\",\"width\":1000,\"height\":666},{\"@type\":\"BreadcrumbList\",\"@id\":\"https:\\\/\\\/www.eldiario.net\\\/portal\\\/2023\\\/12\\\/16\\\/el-raid-en-arabia-saudita-sera-indomable\\\/#breadcrumb\",\"itemListElement\":[{\"@type\":\"ListItem\",\"position\":1,\"name\":\"Portada\",\"item\":\"https:\\\/\\\/www.eldiario.net\\\/portal\\\/\"},{\"@type\":\"ListItem\",\"position\":2,\"name\":\"El raid en Arabia Saudita ser\u00e1 \u00abindomable\u00bb\"}]},{\"@type\":\"WebSite\",\"@id\":\"https:\\\/\\\/www.eldiario.net\\\/portal\\\/#website\",\"url\":\"https:\\\/\\\/www.eldiario.net\\\/portal\\\/\",\"name\":\"El Diario - Decano de la prensa nacional\",\"description\":\"El Diario - Decano de la prensa nacional\",\"publisher\":{\"@id\":\"https:\\\/\\\/www.eldiario.net\\\/portal\\\/#organization\"},\"potentialAction\":[{\"@type\":\"SearchAction\",\"target\":{\"@type\":\"EntryPoint\",\"urlTemplate\":\"https:\\\/\\\/www.eldiario.net\\\/portal\\\/?s={search_term_string}\"},\"query-input\":{\"@type\":\"PropertyValueSpecification\",\"valueRequired\":true,\"valueName\":\"search_term_string\"}}],\"inLanguage\":\"es\"},{\"@type\":\"Organization\",\"@id\":\"https:\\\/\\\/www.eldiario.net\\\/portal\\\/#organization\",\"name\":\"El Diario - Decano de la prensa nacional\",\"url\":\"https:\\\/\\\/www.eldiario.net\\\/portal\\\/\",\"logo\":{\"@type\":\"ImageObject\",\"inLanguage\":\"es\",\"@id\":\"https:\\\/\\\/www.eldiario.net\\\/portal\\\/#\\\/schema\\\/logo\\\/image\\\/\",\"url\":\"https:\\\/\\\/www.eldiario.net\\\/portal\\\/wp-content\\\/uploads\\\/2023\\\/07\\\/logo_ED.jpg\",\"contentUrl\":\"https:\\\/\\\/www.eldiario.net\\\/portal\\\/wp-content\\\/uploads\\\/2023\\\/07\\\/logo_ED.jpg\",\"width\":272,\"height\":52,\"caption\":\"El Diario - Decano de la prensa nacional\"},\"image\":{\"@id\":\"https:\\\/\\\/www.eldiario.net\\\/portal\\\/#\\\/schema\\\/logo\\\/image\\\/\"},\"sameAs\":[\"https:\\\/\\\/www.facebook.com\\\/eldiario.bolivia\\\/\",\"https:\\\/\\\/x.com\\\/eldiario_net\"]},{\"@type\":\"Person\",\"@id\":\"https:\\\/\\\/www.eldiario.net\\\/portal\\\/#\\\/schema\\\/person\\\/f46445640444750d7d753ccd04ae01b7\",\"name\":\"Jeanette\",\"image\":{\"@type\":\"ImageObject\",\"inLanguage\":\"es\",\"@id\":\"https:\\\/\\\/secure.gravatar.com\\\/avatar\\\/3ea2118a5f7dad2b7138b1187a6b7ee55f160b9968b66013c3a3ef39dd7e5798?s=96&d=mm&r=g\",\"url\":\"https:\\\/\\\/secure.gravatar.com\\\/avatar\\\/3ea2118a5f7dad2b7138b1187a6b7ee55f160b9968b66013c3a3ef39dd7e5798?s=96&d=mm&r=g\",\"contentUrl\":\"https:\\\/\\\/secure.gravatar.com\\\/avatar\\\/3ea2118a5f7dad2b7138b1187a6b7ee55f160b9968b66013c3a3ef39dd7e5798?s=96&d=mm&r=g\",\"caption\":\"Jeanette\"},\"sameAs\":[\"https:\\\/\\\/www.eldiario.net\\\/portal\"],\"url\":\"https:\\\/\\\/www.eldiario.net\\\/portal\\\/author\\\/jeanette\\\/\"}]}<\/script>\n<!-- \/ Yoast SEO plugin. -->","yoast_head_json":{"title":"El raid en Arabia Saudita ser\u00e1 \"indomable\" - El Diario - Bolivia","robots":{"index":"index","follow":"follow","max-snippet":"max-snippet:-1","max-image-preview":"max-image-preview:large","max-video-preview":"max-video-preview:-1"},"canonical":"https:\/\/www.eldiario.net\/portal\/2023\/12\/16\/el-raid-en-arabia-saudita-sera-indomable\/","og_locale":"es_ES","og_type":"article","og_title":"El raid en Arabia Saudita ser\u00e1 \"indomable\" - El Diario - Bolivia","og_description":"El Rally Dakar se pone a rodar el pr\u00f3ximo 5 de enero con toda su caravana en la primera gran cita de un a\u00f1o plagado de grandes eventos deportivos y, como de costumbre, las cifras del raid confirman la dimensi\u00f3n de esta competici\u00f3n en la que coches, quads, motos y camiones se lanzan sobre las [&hellip;]","og_url":"https:\/\/www.eldiario.net\/portal\/2023\/12\/16\/el-raid-en-arabia-saudita-sera-indomable\/","og_site_name":"El Diario - Bolivia","article_publisher":"https:\/\/www.facebook.com\/eldiario.bolivia\/","article_published_time":"2023-12-16T10:54:53+00:00","og_image":[{"width":1000,"height":666,"url":"https:\/\/www.eldiario.net\/portal\/wp-content\/uploads\/2023\/12\/ABAJO-ARABIA.jpg","type":"image\/jpeg"}],"author":"Jeanette","twitter_card":"summary_large_image","twitter_creator":"@eldiario_net","twitter_site":"@eldiario_net","twitter_misc":{"Escrito por":"Jeanette","Tiempo de lectura":"3 minutos"},"schema":{"@context":"https:\/\/schema.org","@graph":[{"@type":"Article","@id":"https:\/\/www.eldiario.net\/portal\/2023\/12\/16\/el-raid-en-arabia-saudita-sera-indomable\/#article","isPartOf":{"@id":"https:\/\/www.eldiario.net\/portal\/2023\/12\/16\/el-raid-en-arabia-saudita-sera-indomable\/"},"author":{"name":"Jeanette","@id":"https:\/\/www.eldiario.net\/portal\/#\/schema\/person\/f46445640444750d7d753ccd04ae01b7"},"headline":"El raid en Arabia Saudita ser\u00e1 \u00abindomable\u00bb","datePublished":"2023-12-16T10:54:53+00:00","mainEntityOfPage":{"@id":"https:\/\/www.eldiario.net\/portal\/2023\/12\/16\/el-raid-en-arabia-saudita-sera-indomable\/"},"wordCount":465,"publisher":{"@id":"https:\/\/www.eldiario.net\/portal\/#organization"},"image":{"@id":"https:\/\/www.eldiario.net\/portal\/2023\/12\/16\/el-raid-en-arabia-saudita-sera-indomable\/#primaryimage"},"thumbnailUrl":"https:\/\/www.eldiario.net\/portal\/wp-content\/uploads\/2023\/12\/ABAJO-ARABIA.jpg","articleSection":["Deportes"],"inLanguage":"es"},{"@type":"WebPage","@id":"https:\/\/www.eldiario.net\/portal\/2023\/12\/16\/el-raid-en-arabia-saudita-sera-indomable\/","url":"https:\/\/www.eldiario.net\/portal\/2023\/12\/16\/el-raid-en-arabia-saudita-sera-indomable\/","name":"El raid en Arabia Saudita ser\u00e1 \"indomable\" - El Diario - Bolivia","isPartOf":{"@id":"https:\/\/www.eldiario.net\/portal\/#website"},"primaryImageOfPage":{"@id":"https:\/\/www.eldiario.net\/portal\/2023\/12\/16\/el-raid-en-arabia-saudita-sera-indomable\/#primaryimage"},"image":{"@id":"https:\/\/www.eldiario.net\/portal\/2023\/12\/16\/el-raid-en-arabia-saudita-sera-indomable\/#primaryimage"},"thumbnailUrl":"https:\/\/www.eldiario.net\/portal\/wp-content\/uploads\/2023\/12\/ABAJO-ARABIA.jpg","datePublished":"2023-12-16T10:54:53+00:00","breadcrumb":{"@id":"https:\/\/www.eldiario.net\/portal\/2023\/12\/16\/el-raid-en-arabia-saudita-sera-indomable\/#breadcrumb"},"inLanguage":"es","potentialAction":[{"@type":"ReadAction","target":["https:\/\/www.eldiario.net\/portal\/2023\/12\/16\/el-raid-en-arabia-saudita-sera-indomable\/"]}]},{"@type":"ImageObject","inLanguage":"es","@id":"https:\/\/www.eldiario.net\/portal\/2023\/12\/16\/el-raid-en-arabia-saudita-sera-indomable\/#primaryimage","url":"https:\/\/www.eldiario.net\/portal\/wp-content\/uploads\/2023\/12\/ABAJO-ARABIA.jpg","contentUrl":"https:\/\/www.eldiario.net\/portal\/wp-content\/uploads\/2023\/12\/ABAJO-ARABIA.jpg","width":1000,"height":666},{"@type":"BreadcrumbList","@id":"https:\/\/www.eldiario.net\/portal\/2023\/12\/16\/el-raid-en-arabia-saudita-sera-indomable\/#breadcrumb","itemListElement":[{"@type":"ListItem","position":1,"name":"Portada","item":"https:\/\/www.eldiario.net\/portal\/"},{"@type":"ListItem","position":2,"name":"El raid en Arabia Saudita ser\u00e1 \u00abindomable\u00bb"}]},{"@type":"WebSite","@id":"https:\/\/www.eldiario.net\/portal\/#website","url":"https:\/\/www.eldiario.net\/portal\/","name":"El Diario - Decano de la prensa nacional","description":"El Diario - Decano de la prensa nacional","publisher":{"@id":"https:\/\/www.eldiario.net\/portal\/#organization"},"potentialAction":[{"@type":"SearchAction","target":{"@type":"EntryPoint","urlTemplate":"https:\/\/www.eldiario.net\/portal\/?s={search_term_string}"},"query-input":{"@type":"PropertyValueSpecification","valueRequired":true,"valueName":"search_term_string"}}],"inLanguage":"es"},{"@type":"Organization","@id":"https:\/\/www.eldiario.net\/portal\/#organization","name":"El Diario - Decano de la prensa nacional","url":"https:\/\/www.eldiario.net\/portal\/","logo":{"@type":"ImageObject","inLanguage":"es","@id":"https:\/\/www.eldiario.net\/portal\/#\/schema\/logo\/image\/","url":"https:\/\/www.eldiario.net\/portal\/wp-content\/uploads\/2023\/07\/logo_ED.jpg","contentUrl":"https:\/\/www.eldiario.net\/portal\/wp-content\/uploads\/2023\/07\/logo_ED.jpg","width":272,"height":52,"caption":"El Diario - Decano de la prensa nacional"},"image":{"@id":"https:\/\/www.eldiario.net\/portal\/#\/schema\/logo\/image\/"},"sameAs":["https:\/\/www.facebook.com\/eldiario.bolivia\/","https:\/\/x.com\/eldiario_net"]},{"@type":"Person","@id":"https:\/\/www.eldiario.net\/portal\/#\/schema\/person\/f46445640444750d7d753ccd04ae01b7","name":"Jeanette","image":{"@type":"ImageObject","inLanguage":"es","@id":"https:\/\/secure.gravatar.com\/avatar\/3ea2118a5f7dad2b7138b1187a6b7ee55f160b9968b66013c3a3ef39dd7e5798?s=96&d=mm&r=g","url":"https:\/\/secure.gravatar.com\/avatar\/3ea2118a5f7dad2b7138b1187a6b7ee55f160b9968b66013c3a3ef39dd7e5798?s=96&d=mm&r=g","contentUrl":"https:\/\/secure.gravatar.com\/avatar\/3ea2118a5f7dad2b7138b1187a6b7ee55f160b9968b66013c3a3ef39dd7e5798?s=96&d=mm&r=g","caption":"Jeanette"},"sameAs":["https:\/\/www.eldiario.net\/portal"],"url":"https:\/\/www.eldiario.net\/portal\/author\/jeanette\/"}]}},"_links":{"self":[{"href":"https:\/\/www.eldiario.net\/portal\/wp-json\/wp\/v2\/posts\/193210","targetHints":{"allow":["GET"]}}],"collection":[{"href":"https:\/\/www.eldiario.net\/portal\/wp-json\/wp\/v2\/posts"}],"about":[{"href":"https:\/\/www.eldiario.net\/portal\/wp-json\/wp\/v2\/types\/post"}],"author":[{"embeddable":true,"href":"https:\/\/www.eldiario.net\/portal\/wp-json\/wp\/v2\/users\/1"}],"replies":[{"embeddable":true,"href":"https:\/\/www.eldiario.net\/portal\/wp-json\/wp\/v2\/comments?post=193210"}],"version-history":[{"count":0,"href":"https:\/\/www.eldiario.net\/portal\/wp-json\/wp\/v2\/posts\/193210\/revisions"}],"wp:featuredmedia":[{"embeddable":true,"href":"https:\/\/www.eldiario.net\/portal\/wp-json\/wp\/v2\/media\/193211"}],"wp:attachment":[{"href":"https:\/\/www.eldiario.net\/portal\/wp-json\/wp\/v2\/media?parent=193210"}],"wp:term":[{"taxonomy":"category","embeddable":true,"href":"https:\/\/www.eldiario.net\/portal\/wp-json\/wp\/v2\/categories?post=193210"},{"taxonomy":"post_tag","embeddable":true,"href":"https:\/\/www.eldiario.net\/portal\/wp-json\/wp\/v2\/tags?post=193210"}],"curies":[{"name":"wp","href":"https:\/\/api.w.org\/{rel}","templated":true}]}}