{"id":193199,"date":"2023-12-16T06:50:45","date_gmt":"2023-12-16T10:50:45","guid":{"rendered":"https:\/\/www.eldiario.net\/portal\/?p=193199"},"modified":"2023-12-16T06:50:45","modified_gmt":"2023-12-16T10:50:45","slug":"arranca-la-preparacion-de-la-sub-23","status":"publish","type":"post","link":"https:\/\/www.eldiario.net\/portal\/2023\/12\/16\/arranca-la-preparacion-de-la-sub-23\/","title":{"rendered":"ARRANCA LA PREPARACI\u00d3N DE LA SUB-23"},"content":{"rendered":"<p>Bajo la direcci\u00f3n t\u00e9cnica de Pablo Daniel Escobar, la Selecci\u00f3n Sub-23 reanud\u00f3 sus entrenamientos este viernes por la tarde, en una de las canchas del club Blooming como parte de la preparaci\u00f3n antes del viaje a Lima, Per\u00fa, donde el 19 y 22 de este mes disputar\u00e1 partidos amistosos contra el cuadro bicolor camino al torneo Preol\u00edmpico Venezuela 2024.<br \/>\nComo estaba planificado, el seleccionado se puso a trabajar, una labor que durar\u00e1 tres d\u00edas en la ciudad de Santa Cruz, ya que el viaje al vecino pa\u00eds est\u00e1 previsto para el lunes 18 de diciembre. El elenco verde que comanda Escobar comienza a tomar forma rumbo al desaf\u00edo internacional, que disputar\u00e1 desde el 20 de enero.<br \/>\nLa n\u00f3mina inicial del elenco verde tiene a una veintena de jugadores, de los cuales destacan la presencia de Leonardo Zabala (Palmeiras, Brasil), Fernando Nava (Atl\u00e9tico Paranaense, Brasil) y Daniel Ribera (Talleres de C\u00f3rdoba, Argentina), quienes estuvieron en la primera sesi\u00f3n de este micro ciclo.<br \/>\nEn cuanto a los jugadores de Always Ready, Blooming, Bol\u00edvar y Wilstermann reci\u00e9n se incorporar\u00e1n este domingo, ya que en el caso de los dos primeros este s\u00e1bado disputar\u00e1n la final del torneo nacional Sub-20, en el estadio Patria de Sucre, y los celestes y rojos deben jugar la primera final en el estadio F\u00e9lix Capriles.<br \/>\nEscobar llevar\u00e1 adelante este s\u00e1bado la segunda sesi\u00f3n. Una vez en territorio peruano, el entrenador paraguayo-boliviano definir\u00e1 la formaci\u00f3n con la cual enfrentar\u00e1 a Per\u00fa. Despu\u00e9s de estos elencos, la Sub-23 continuar\u00e1 su preparaci\u00f3n, habr\u00e1 unos d\u00edas de pausa por las festividades de fin de a\u00f1o antes de seguir con las pr\u00e1cticas hasta el d\u00eda del viaje a Venezuela.<br \/>\nEn el torneo Preol\u00edmpico, Bolivia jugar\u00e1 contra: Venezuela (20 de enero), Brasil (23 de enero), Ecuador (26 de enero) y Colombia (1 de febrero) por el grupo \u201cB\u201d, del cual los dos primeros avanzar\u00e1n al cuadrangular final.<\/p>\n<div id='gallery-1' class='gallery galleryid-193199 gallery-columns-3 gallery-size-medium'><figure class='gallery-item'>\n\t\t\t<div class='gallery-icon landscape'>\n\t\t\t\t<a href='https:\/\/www.eldiario.net\/portal\/2023\/12\/16\/arranca-la-preparacion-de-la-sub-23\/sub23-2\/'><img loading=\"lazy\" decoding=\"async\" width=\"300\" height=\"200\" src=\"https:\/\/www.eldiario.net\/portal\/wp-content\/uploads\/2023\/12\/SUB23-2-300x200.jpg\" class=\"attachment-medium size-medium\" alt=\"\" srcset=\"https:\/\/www.eldiario.net\/portal\/wp-content\/uploads\/2023\/12\/SUB23-2-300x200.jpg 300w, https:\/\/www.eldiario.net\/portal\/wp-content\/uploads\/2023\/12\/SUB23-2-768x512.jpg 768w, https:\/\/www.eldiario.net\/portal\/wp-content\/uploads\/2023\/12\/SUB23-2-696x464.jpg 696w, https:\/\/www.eldiario.net\/portal\/wp-content\/uploads\/2023\/12\/SUB23-2.jpg 1000w\" sizes=\"auto, (max-width: 300px) 100vw, 300px\" \/><\/a>\n\t\t\t<\/div><\/figure><figure class='gallery-item'>\n\t\t\t<div class='gallery-icon landscape'>\n\t\t\t\t<a href='https:\/\/www.eldiario.net\/portal\/2023\/12\/16\/arranca-la-preparacion-de-la-sub-23\/sub23-1\/'><img loading=\"lazy\" decoding=\"async\" width=\"300\" height=\"200\" src=\"https:\/\/www.eldiario.net\/portal\/wp-content\/uploads\/2023\/12\/SUB23-1-300x200.jpg\" class=\"attachment-medium size-medium\" alt=\"\" srcset=\"https:\/\/www.eldiario.net\/portal\/wp-content\/uploads\/2023\/12\/SUB23-1-300x200.jpg 300w, https:\/\/www.eldiario.net\/portal\/wp-content\/uploads\/2023\/12\/SUB23-1-768x512.jpg 768w, https:\/\/www.eldiario.net\/portal\/wp-content\/uploads\/2023\/12\/SUB23-1-696x464.jpg 696w, https:\/\/www.eldiario.net\/portal\/wp-content\/uploads\/2023\/12\/SUB23-1.jpg 1000w\" sizes=\"auto, (max-width: 300px) 100vw, 300px\" \/><\/a>\n\t\t\t<\/div><\/figure>\n\t\t<\/div>\n\n","protected":false},"excerpt":{"rendered":"<p>Bajo la direcci\u00f3n t\u00e9cnica de Pablo Daniel Escobar, la Selecci\u00f3n Sub-23 reanud\u00f3 sus entrenamientos este viernes por la tarde, en una de las canchas del club Blooming como parte de la preparaci\u00f3n antes del viaje a Lima, Per\u00fa, donde el 19 y 22 de este mes disputar\u00e1 partidos amistosos contra el cuadro bicolor camino al [&hellip;]<\/p>\n","protected":false},"author":1,"featured_media":193200,"comment_status":"closed","ping_status":"open","sticky":false,"template":"","format":"standard","meta":{"_acf_changed":false,"footnotes":""},"categories":[6],"tags":[],"class_list":["post-193199","post","type-post","status-publish","format-standard","has-post-thumbnail","category-deportes"],"acf":{"antetitulo":""},"yoast_head":"<!-- This site is optimized with the Yoast SEO plugin v28.3 - https:\/\/yoast.com\/product\/yoast-seo-wordpress\/ -->\n<title>ARRANCA LA PREPARACI\u00d3N DE LA SUB-23 - El Diario - Bolivia<\/title>\n<meta name=\"robots\" content=\"index, follow, max-snippet:-1, max-image-preview:large, max-video-preview:-1\" \/>\n<link rel=\"canonical\" href=\"https:\/\/www.eldiario.net\/portal\/2023\/12\/16\/arranca-la-preparacion-de-la-sub-23\/\" \/>\n<meta property=\"og:locale\" content=\"es_ES\" \/>\n<meta property=\"og:type\" content=\"article\" \/>\n<meta property=\"og:title\" content=\"ARRANCA LA PREPARACI\u00d3N DE LA SUB-23 - El Diario - Bolivia\" \/>\n<meta property=\"og:description\" content=\"Bajo la direcci\u00f3n t\u00e9cnica de Pablo Daniel Escobar, la Selecci\u00f3n Sub-23 reanud\u00f3 sus entrenamientos este viernes por la tarde, en una de las canchas del club Blooming como parte de la preparaci\u00f3n antes del viaje a Lima, Per\u00fa, donde el 19 y 22 de este mes disputar\u00e1 partidos amistosos contra el cuadro bicolor camino al [&hellip;]\" \/>\n<meta property=\"og:url\" content=\"https:\/\/www.eldiario.net\/portal\/2023\/12\/16\/arranca-la-preparacion-de-la-sub-23\/\" \/>\n<meta property=\"og:site_name\" content=\"El Diario - Bolivia\" \/>\n<meta property=\"article:publisher\" content=\"https:\/\/www.facebook.com\/eldiario.bolivia\/\" \/>\n<meta property=\"article:published_time\" content=\"2023-12-16T10:50:45+00:00\" \/>\n<meta property=\"og:image\" content=\"https:\/\/www.eldiario.net\/portal\/wp-content\/uploads\/2023\/12\/SUB23-2.jpg\" \/>\n\t<meta property=\"og:image:width\" content=\"1000\" \/>\n\t<meta property=\"og:image:height\" content=\"667\" \/>\n\t<meta property=\"og:image:type\" content=\"image\/jpeg\" \/>\n<meta name=\"author\" content=\"Jeanette\" \/>\n<meta name=\"twitter:card\" content=\"summary_large_image\" \/>\n<meta name=\"twitter:creator\" content=\"@eldiario_net\" \/>\n<meta name=\"twitter:site\" content=\"@eldiario_net\" \/>\n<meta name=\"twitter:label1\" content=\"Escrito por\" \/>\n\t<meta name=\"twitter:data1\" content=\"Jeanette\" \/>\n\t<meta name=\"twitter:label2\" content=\"Tiempo de lectura\" \/>\n\t<meta name=\"twitter:data2\" content=\"2 minutos\" \/>\n<script type=\"application\/ld+json\" class=\"yoast-schema-graph\">{\"@context\":\"https:\\\/\\\/schema.org\",\"@graph\":[{\"@type\":\"Article\",\"@id\":\"https:\\\/\\\/www.eldiario.net\\\/portal\\\/2023\\\/12\\\/16\\\/arranca-la-preparacion-de-la-sub-23\\\/#article\",\"isPartOf\":{\"@id\":\"https:\\\/\\\/www.eldiario.net\\\/portal\\\/2023\\\/12\\\/16\\\/arranca-la-preparacion-de-la-sub-23\\\/\"},\"author\":{\"name\":\"Jeanette\",\"@id\":\"https:\\\/\\\/www.eldiario.net\\\/portal\\\/#\\\/schema\\\/person\\\/f46445640444750d7d753ccd04ae01b7\"},\"headline\":\"ARRANCA LA PREPARACI\u00d3N DE LA SUB-23\",\"datePublished\":\"2023-12-16T10:50:45+00:00\",\"mainEntityOfPage\":{\"@id\":\"https:\\\/\\\/www.eldiario.net\\\/portal\\\/2023\\\/12\\\/16\\\/arranca-la-preparacion-de-la-sub-23\\\/\"},\"wordCount\":344,\"publisher\":{\"@id\":\"https:\\\/\\\/www.eldiario.net\\\/portal\\\/#organization\"},\"image\":{\"@id\":\"https:\\\/\\\/www.eldiario.net\\\/portal\\\/2023\\\/12\\\/16\\\/arranca-la-preparacion-de-la-sub-23\\\/#primaryimage\"},\"thumbnailUrl\":\"https:\\\/\\\/www.eldiario.net\\\/portal\\\/wp-content\\\/uploads\\\/2023\\\/12\\\/SUB23-2.jpg\",\"articleSection\":[\"Deportes\"],\"inLanguage\":\"es\"},{\"@type\":\"WebPage\",\"@id\":\"https:\\\/\\\/www.eldiario.net\\\/portal\\\/2023\\\/12\\\/16\\\/arranca-la-preparacion-de-la-sub-23\\\/\",\"url\":\"https:\\\/\\\/www.eldiario.net\\\/portal\\\/2023\\\/12\\\/16\\\/arranca-la-preparacion-de-la-sub-23\\\/\",\"name\":\"ARRANCA LA PREPARACI\u00d3N DE LA SUB-23 - El Diario - Bolivia\",\"isPartOf\":{\"@id\":\"https:\\\/\\\/www.eldiario.net\\\/portal\\\/#website\"},\"primaryImageOfPage\":{\"@id\":\"https:\\\/\\\/www.eldiario.net\\\/portal\\\/2023\\\/12\\\/16\\\/arranca-la-preparacion-de-la-sub-23\\\/#primaryimage\"},\"image\":{\"@id\":\"https:\\\/\\\/www.eldiario.net\\\/portal\\\/2023\\\/12\\\/16\\\/arranca-la-preparacion-de-la-sub-23\\\/#primaryimage\"},\"thumbnailUrl\":\"https:\\\/\\\/www.eldiario.net\\\/portal\\\/wp-content\\\/uploads\\\/2023\\\/12\\\/SUB23-2.jpg\",\"datePublished\":\"2023-12-16T10:50:45+00:00\",\"breadcrumb\":{\"@id\":\"https:\\\/\\\/www.eldiario.net\\\/portal\\\/2023\\\/12\\\/16\\\/arranca-la-preparacion-de-la-sub-23\\\/#breadcrumb\"},\"inLanguage\":\"es\",\"potentialAction\":[{\"@type\":\"ReadAction\",\"target\":[\"https:\\\/\\\/www.eldiario.net\\\/portal\\\/2023\\\/12\\\/16\\\/arranca-la-preparacion-de-la-sub-23\\\/\"]}]},{\"@type\":\"ImageObject\",\"inLanguage\":\"es\",\"@id\":\"https:\\\/\\\/www.eldiario.net\\\/portal\\\/2023\\\/12\\\/16\\\/arranca-la-preparacion-de-la-sub-23\\\/#primaryimage\",\"url\":\"https:\\\/\\\/www.eldiario.net\\\/portal\\\/wp-content\\\/uploads\\\/2023\\\/12\\\/SUB23-2.jpg\",\"contentUrl\":\"https:\\\/\\\/www.eldiario.net\\\/portal\\\/wp-content\\\/uploads\\\/2023\\\/12\\\/SUB23-2.jpg\",\"width\":1000,\"height\":667},{\"@type\":\"BreadcrumbList\",\"@id\":\"https:\\\/\\\/www.eldiario.net\\\/portal\\\/2023\\\/12\\\/16\\\/arranca-la-preparacion-de-la-sub-23\\\/#breadcrumb\",\"itemListElement\":[{\"@type\":\"ListItem\",\"position\":1,\"name\":\"Portada\",\"item\":\"https:\\\/\\\/www.eldiario.net\\\/portal\\\/\"},{\"@type\":\"ListItem\",\"position\":2,\"name\":\"ARRANCA LA PREPARACI\u00d3N DE LA SUB-23\"}]},{\"@type\":\"WebSite\",\"@id\":\"https:\\\/\\\/www.eldiario.net\\\/portal\\\/#website\",\"url\":\"https:\\\/\\\/www.eldiario.net\\\/portal\\\/\",\"name\":\"El Diario - Decano de la prensa nacional\",\"description\":\"El Diario - Decano de la prensa nacional\",\"publisher\":{\"@id\":\"https:\\\/\\\/www.eldiario.net\\\/portal\\\/#organization\"},\"potentialAction\":[{\"@type\":\"SearchAction\",\"target\":{\"@type\":\"EntryPoint\",\"urlTemplate\":\"https:\\\/\\\/www.eldiario.net\\\/portal\\\/?s={search_term_string}\"},\"query-input\":{\"@type\":\"PropertyValueSpecification\",\"valueRequired\":true,\"valueName\":\"search_term_string\"}}],\"inLanguage\":\"es\"},{\"@type\":\"Organization\",\"@id\":\"https:\\\/\\\/www.eldiario.net\\\/portal\\\/#organization\",\"name\":\"El Diario - Decano de la prensa nacional\",\"url\":\"https:\\\/\\\/www.eldiario.net\\\/portal\\\/\",\"logo\":{\"@type\":\"ImageObject\",\"inLanguage\":\"es\",\"@id\":\"https:\\\/\\\/www.eldiario.net\\\/portal\\\/#\\\/schema\\\/logo\\\/image\\\/\",\"url\":\"https:\\\/\\\/www.eldiario.net\\\/portal\\\/wp-content\\\/uploads\\\/2023\\\/07\\\/logo_ED.jpg\",\"contentUrl\":\"https:\\\/\\\/www.eldiario.net\\\/portal\\\/wp-content\\\/uploads\\\/2023\\\/07\\\/logo_ED.jpg\",\"width\":272,\"height\":52,\"caption\":\"El Diario - Decano de la prensa nacional\"},\"image\":{\"@id\":\"https:\\\/\\\/www.eldiario.net\\\/portal\\\/#\\\/schema\\\/logo\\\/image\\\/\"},\"sameAs\":[\"https:\\\/\\\/www.facebook.com\\\/eldiario.bolivia\\\/\",\"https:\\\/\\\/x.com\\\/eldiario_net\"]},{\"@type\":\"Person\",\"@id\":\"https:\\\/\\\/www.eldiario.net\\\/portal\\\/#\\\/schema\\\/person\\\/f46445640444750d7d753ccd04ae01b7\",\"name\":\"Jeanette\",\"image\":{\"@type\":\"ImageObject\",\"inLanguage\":\"es\",\"@id\":\"https:\\\/\\\/secure.gravatar.com\\\/avatar\\\/3ea2118a5f7dad2b7138b1187a6b7ee55f160b9968b66013c3a3ef39dd7e5798?s=96&d=mm&r=g\",\"url\":\"https:\\\/\\\/secure.gravatar.com\\\/avatar\\\/3ea2118a5f7dad2b7138b1187a6b7ee55f160b9968b66013c3a3ef39dd7e5798?s=96&d=mm&r=g\",\"contentUrl\":\"https:\\\/\\\/secure.gravatar.com\\\/avatar\\\/3ea2118a5f7dad2b7138b1187a6b7ee55f160b9968b66013c3a3ef39dd7e5798?s=96&d=mm&r=g\",\"caption\":\"Jeanette\"},\"sameAs\":[\"https:\\\/\\\/www.eldiario.net\\\/portal\"],\"url\":\"https:\\\/\\\/www.eldiario.net\\\/portal\\\/author\\\/jeanette\\\/\"}]}<\/script>\n<!-- \/ Yoast SEO plugin. -->","yoast_head_json":{"title":"ARRANCA LA PREPARACI\u00d3N DE LA SUB-23 - El Diario - Bolivia","robots":{"index":"index","follow":"follow","max-snippet":"max-snippet:-1","max-image-preview":"max-image-preview:large","max-video-preview":"max-video-preview:-1"},"canonical":"https:\/\/www.eldiario.net\/portal\/2023\/12\/16\/arranca-la-preparacion-de-la-sub-23\/","og_locale":"es_ES","og_type":"article","og_title":"ARRANCA LA PREPARACI\u00d3N DE LA SUB-23 - El Diario - Bolivia","og_description":"Bajo la direcci\u00f3n t\u00e9cnica de Pablo Daniel Escobar, la Selecci\u00f3n Sub-23 reanud\u00f3 sus entrenamientos este viernes por la tarde, en una de las canchas del club Blooming como parte de la preparaci\u00f3n antes del viaje a Lima, Per\u00fa, donde el 19 y 22 de este mes disputar\u00e1 partidos amistosos contra el cuadro bicolor camino al [&hellip;]","og_url":"https:\/\/www.eldiario.net\/portal\/2023\/12\/16\/arranca-la-preparacion-de-la-sub-23\/","og_site_name":"El Diario - Bolivia","article_publisher":"https:\/\/www.facebook.com\/eldiario.bolivia\/","article_published_time":"2023-12-16T10:50:45+00:00","og_image":[{"width":1000,"height":667,"url":"https:\/\/www.eldiario.net\/portal\/wp-content\/uploads\/2023\/12\/SUB23-2.jpg","type":"image\/jpeg"}],"author":"Jeanette","twitter_card":"summary_large_image","twitter_creator":"@eldiario_net","twitter_site":"@eldiario_net","twitter_misc":{"Escrito por":"Jeanette","Tiempo de lectura":"2 minutos"},"schema":{"@context":"https:\/\/schema.org","@graph":[{"@type":"Article","@id":"https:\/\/www.eldiario.net\/portal\/2023\/12\/16\/arranca-la-preparacion-de-la-sub-23\/#article","isPartOf":{"@id":"https:\/\/www.eldiario.net\/portal\/2023\/12\/16\/arranca-la-preparacion-de-la-sub-23\/"},"author":{"name":"Jeanette","@id":"https:\/\/www.eldiario.net\/portal\/#\/schema\/person\/f46445640444750d7d753ccd04ae01b7"},"headline":"ARRANCA LA PREPARACI\u00d3N DE LA SUB-23","datePublished":"2023-12-16T10:50:45+00:00","mainEntityOfPage":{"@id":"https:\/\/www.eldiario.net\/portal\/2023\/12\/16\/arranca-la-preparacion-de-la-sub-23\/"},"wordCount":344,"publisher":{"@id":"https:\/\/www.eldiario.net\/portal\/#organization"},"image":{"@id":"https:\/\/www.eldiario.net\/portal\/2023\/12\/16\/arranca-la-preparacion-de-la-sub-23\/#primaryimage"},"thumbnailUrl":"https:\/\/www.eldiario.net\/portal\/wp-content\/uploads\/2023\/12\/SUB23-2.jpg","articleSection":["Deportes"],"inLanguage":"es"},{"@type":"WebPage","@id":"https:\/\/www.eldiario.net\/portal\/2023\/12\/16\/arranca-la-preparacion-de-la-sub-23\/","url":"https:\/\/www.eldiario.net\/portal\/2023\/12\/16\/arranca-la-preparacion-de-la-sub-23\/","name":"ARRANCA LA PREPARACI\u00d3N DE LA SUB-23 - El Diario - Bolivia","isPartOf":{"@id":"https:\/\/www.eldiario.net\/portal\/#website"},"primaryImageOfPage":{"@id":"https:\/\/www.eldiario.net\/portal\/2023\/12\/16\/arranca-la-preparacion-de-la-sub-23\/#primaryimage"},"image":{"@id":"https:\/\/www.eldiario.net\/portal\/2023\/12\/16\/arranca-la-preparacion-de-la-sub-23\/#primaryimage"},"thumbnailUrl":"https:\/\/www.eldiario.net\/portal\/wp-content\/uploads\/2023\/12\/SUB23-2.jpg","datePublished":"2023-12-16T10:50:45+00:00","breadcrumb":{"@id":"https:\/\/www.eldiario.net\/portal\/2023\/12\/16\/arranca-la-preparacion-de-la-sub-23\/#breadcrumb"},"inLanguage":"es","potentialAction":[{"@type":"ReadAction","target":["https:\/\/www.eldiario.net\/portal\/2023\/12\/16\/arranca-la-preparacion-de-la-sub-23\/"]}]},{"@type":"ImageObject","inLanguage":"es","@id":"https:\/\/www.eldiario.net\/portal\/2023\/12\/16\/arranca-la-preparacion-de-la-sub-23\/#primaryimage","url":"https:\/\/www.eldiario.net\/portal\/wp-content\/uploads\/2023\/12\/SUB23-2.jpg","contentUrl":"https:\/\/www.eldiario.net\/portal\/wp-content\/uploads\/2023\/12\/SUB23-2.jpg","width":1000,"height":667},{"@type":"BreadcrumbList","@id":"https:\/\/www.eldiario.net\/portal\/2023\/12\/16\/arranca-la-preparacion-de-la-sub-23\/#breadcrumb","itemListElement":[{"@type":"ListItem","position":1,"name":"Portada","item":"https:\/\/www.eldiario.net\/portal\/"},{"@type":"ListItem","position":2,"name":"ARRANCA LA PREPARACI\u00d3N DE LA SUB-23"}]},{"@type":"WebSite","@id":"https:\/\/www.eldiario.net\/portal\/#website","url":"https:\/\/www.eldiario.net\/portal\/","name":"El Diario - Decano de la prensa nacional","description":"El Diario - Decano de la prensa nacional","publisher":{"@id":"https:\/\/www.eldiario.net\/portal\/#organization"},"potentialAction":[{"@type":"SearchAction","target":{"@type":"EntryPoint","urlTemplate":"https:\/\/www.eldiario.net\/portal\/?s={search_term_string}"},"query-input":{"@type":"PropertyValueSpecification","valueRequired":true,"valueName":"search_term_string"}}],"inLanguage":"es"},{"@type":"Organization","@id":"https:\/\/www.eldiario.net\/portal\/#organization","name":"El Diario - Decano de la prensa nacional","url":"https:\/\/www.eldiario.net\/portal\/","logo":{"@type":"ImageObject","inLanguage":"es","@id":"https:\/\/www.eldiario.net\/portal\/#\/schema\/logo\/image\/","url":"https:\/\/www.eldiario.net\/portal\/wp-content\/uploads\/2023\/07\/logo_ED.jpg","contentUrl":"https:\/\/www.eldiario.net\/portal\/wp-content\/uploads\/2023\/07\/logo_ED.jpg","width":272,"height":52,"caption":"El Diario - Decano de la prensa nacional"},"image":{"@id":"https:\/\/www.eldiario.net\/portal\/#\/schema\/logo\/image\/"},"sameAs":["https:\/\/www.facebook.com\/eldiario.bolivia\/","https:\/\/x.com\/eldiario_net"]},{"@type":"Person","@id":"https:\/\/www.eldiario.net\/portal\/#\/schema\/person\/f46445640444750d7d753ccd04ae01b7","name":"Jeanette","image":{"@type":"ImageObject","inLanguage":"es","@id":"https:\/\/secure.gravatar.com\/avatar\/3ea2118a5f7dad2b7138b1187a6b7ee55f160b9968b66013c3a3ef39dd7e5798?s=96&d=mm&r=g","url":"https:\/\/secure.gravatar.com\/avatar\/3ea2118a5f7dad2b7138b1187a6b7ee55f160b9968b66013c3a3ef39dd7e5798?s=96&d=mm&r=g","contentUrl":"https:\/\/secure.gravatar.com\/avatar\/3ea2118a5f7dad2b7138b1187a6b7ee55f160b9968b66013c3a3ef39dd7e5798?s=96&d=mm&r=g","caption":"Jeanette"},"sameAs":["https:\/\/www.eldiario.net\/portal"],"url":"https:\/\/www.eldiario.net\/portal\/author\/jeanette\/"}]}},"_links":{"self":[{"href":"https:\/\/www.eldiario.net\/portal\/wp-json\/wp\/v2\/posts\/193199","targetHints":{"allow":["GET"]}}],"collection":[{"href":"https:\/\/www.eldiario.net\/portal\/wp-json\/wp\/v2\/posts"}],"about":[{"href":"https:\/\/www.eldiario.net\/portal\/wp-json\/wp\/v2\/types\/post"}],"author":[{"embeddable":true,"href":"https:\/\/www.eldiario.net\/portal\/wp-json\/wp\/v2\/users\/1"}],"replies":[{"embeddable":true,"href":"https:\/\/www.eldiario.net\/portal\/wp-json\/wp\/v2\/comments?post=193199"}],"version-history":[{"count":0,"href":"https:\/\/www.eldiario.net\/portal\/wp-json\/wp\/v2\/posts\/193199\/revisions"}],"wp:featuredmedia":[{"embeddable":true,"href":"https:\/\/www.eldiario.net\/portal\/wp-json\/wp\/v2\/media\/193200"}],"wp:attachment":[{"href":"https:\/\/www.eldiario.net\/portal\/wp-json\/wp\/v2\/media?parent=193199"}],"wp:term":[{"taxonomy":"category","embeddable":true,"href":"https:\/\/www.eldiario.net\/portal\/wp-json\/wp\/v2\/categories?post=193199"},{"taxonomy":"post_tag","embeddable":true,"href":"https:\/\/www.eldiario.net\/portal\/wp-json\/wp\/v2\/tags?post=193199"}],"curies":[{"name":"wp","href":"https:\/\/api.w.org\/{rel}","templated":true}]}}