{"id":193190,"date":"2023-12-16T06:48:14","date_gmt":"2023-12-16T10:48:14","guid":{"rendered":"https:\/\/www.eldiario.net\/portal\/?p=193190"},"modified":"2023-12-16T06:48:14","modified_gmt":"2023-12-16T10:48:14","slug":"villegas-se-mantiene-al-mando-del-gv-san-jose-para-la-temporada-2024","status":"publish","type":"post","link":"https:\/\/www.eldiario.net\/portal\/2023\/12\/16\/villegas-se-mantiene-al-mando-del-gv-san-jose-para-la-temporada-2024\/","title":{"rendered":"Villegas se mantiene al mando del GV San Jos\u00e9 para la temporada 2024"},"content":{"rendered":"<p>El idilio entre el director t\u00e9cnico Eduardo Villegas y el club Gualberto Villarroel San Jos\u00e9 continuar\u00e1 en la temporada 2024, tras la renovaci\u00f3n del contrato que anunci\u00f3 la instituci\u00f3n orure\u00f1a, que sigue disfrutando de su ascenso a la Divisi\u00f3n Profesional, como campe\u00f3n de la Copa Sim\u00f3n Bol\u00edvar.<br \/>\nLuego de cerrar las negociaciones d\u00edas despu\u00e9s de la conquista del t\u00edtulo de campe\u00f3n en el torneo de ascenso, GV San Jos\u00e9 inform\u00f3, la noche de este jueves, a trav\u00e9s de su p\u00e1gina oficial, que Villegas renov\u00f3 junto a su cuerpo t\u00e9cnico.<br \/>\nEl entrenador cochabambino lleg\u00f3 en febrero de este a\u00f1o a Oruro para asumir el reto de devolver a Oruro su plaza en el profesionalismo con GV San Jos\u00e9. Este objetivo fue cumplido, ahora se traz\u00f3 una siguiente meta, que buscar\u00e1 plasmar\u00e1 en el a\u00f1o del debut de este plantel en el Campeonato de la Divisi\u00f3n Profesional, se trata de lograr la clasificaci\u00f3n a un torneo internacional.<br \/>\nEl trabajo de Villegas dej\u00f3 conforme a la dirigencia del club, que preside Paulo Folster, que comenzaron a planificar la siguiente temporada y el retorno a los entrenamientos. De la misma manera, inici\u00f3 la b\u00fasqueda de los primeros refuerzos nacionales y extranjeros, adem\u00e1s de ver qui\u00e9nes se quedar\u00e1n y qu\u00e9 jugadores se marchar\u00e1n del actual elenco.<\/p>\n","protected":false},"excerpt":{"rendered":"<p>El idilio entre el director t\u00e9cnico Eduardo Villegas y el club Gualberto Villarroel San Jos\u00e9 continuar\u00e1 en la temporada 2024, tras la renovaci\u00f3n del contrato que anunci\u00f3 la instituci\u00f3n orure\u00f1a, que sigue disfrutando de su ascenso a la Divisi\u00f3n Profesional, como campe\u00f3n de la Copa Sim\u00f3n Bol\u00edvar. Luego de cerrar las negociaciones d\u00edas despu\u00e9s de [&hellip;]<\/p>\n","protected":false},"author":1,"featured_media":193191,"comment_status":"closed","ping_status":"open","sticky":false,"template":"","format":"standard","meta":{"_acf_changed":false,"footnotes":""},"categories":[6],"tags":[],"class_list":["post-193190","post","type-post","status-publish","format-standard","has-post-thumbnail","category-deportes"],"acf":{"antetitulo":""},"yoast_head":"<!-- This site is optimized with the Yoast SEO plugin v28.3 - https:\/\/yoast.com\/product\/yoast-seo-wordpress\/ -->\n<title>Villegas se mantiene al mando del GV San Jos\u00e9 para la temporada 2024 - El Diario - Bolivia<\/title>\n<meta name=\"robots\" content=\"index, follow, max-snippet:-1, max-image-preview:large, max-video-preview:-1\" \/>\n<link rel=\"canonical\" href=\"https:\/\/www.eldiario.net\/portal\/2023\/12\/16\/villegas-se-mantiene-al-mando-del-gv-san-jose-para-la-temporada-2024\/\" \/>\n<meta property=\"og:locale\" content=\"es_ES\" \/>\n<meta property=\"og:type\" content=\"article\" \/>\n<meta property=\"og:title\" content=\"Villegas se mantiene al mando del GV San Jos\u00e9 para la temporada 2024 - El Diario - Bolivia\" \/>\n<meta property=\"og:description\" content=\"El idilio entre el director t\u00e9cnico Eduardo Villegas y el club Gualberto Villarroel San Jos\u00e9 continuar\u00e1 en la temporada 2024, tras la renovaci\u00f3n del contrato que anunci\u00f3 la instituci\u00f3n orure\u00f1a, que sigue disfrutando de su ascenso a la Divisi\u00f3n Profesional, como campe\u00f3n de la Copa Sim\u00f3n Bol\u00edvar. Luego de cerrar las negociaciones d\u00edas despu\u00e9s de [&hellip;]\" \/>\n<meta property=\"og:url\" content=\"https:\/\/www.eldiario.net\/portal\/2023\/12\/16\/villegas-se-mantiene-al-mando-del-gv-san-jose-para-la-temporada-2024\/\" \/>\n<meta property=\"og:site_name\" content=\"El Diario - Bolivia\" \/>\n<meta property=\"article:publisher\" content=\"https:\/\/www.facebook.com\/eldiario.bolivia\/\" \/>\n<meta property=\"article:published_time\" content=\"2023-12-16T10:48:14+00:00\" \/>\n<meta property=\"og:image\" content=\"https:\/\/www.eldiario.net\/portal\/wp-content\/uploads\/2023\/12\/villegas-1.jpg\" \/>\n\t<meta property=\"og:image:width\" content=\"1000\" \/>\n\t<meta property=\"og:image:height\" content=\"668\" \/>\n\t<meta property=\"og:image:type\" content=\"image\/jpeg\" \/>\n<meta name=\"author\" content=\"Jeanette\" \/>\n<meta name=\"twitter:card\" content=\"summary_large_image\" \/>\n<meta name=\"twitter:creator\" content=\"@eldiario_net\" \/>\n<meta name=\"twitter:site\" content=\"@eldiario_net\" \/>\n<meta name=\"twitter:label1\" content=\"Escrito por\" \/>\n\t<meta name=\"twitter:data1\" content=\"Jeanette\" \/>\n\t<meta name=\"twitter:label2\" content=\"Tiempo de lectura\" \/>\n\t<meta name=\"twitter:data2\" content=\"2 minutos\" \/>\n<script type=\"application\/ld+json\" class=\"yoast-schema-graph\">{\"@context\":\"https:\\\/\\\/schema.org\",\"@graph\":[{\"@type\":\"Article\",\"@id\":\"https:\\\/\\\/www.eldiario.net\\\/portal\\\/2023\\\/12\\\/16\\\/villegas-se-mantiene-al-mando-del-gv-san-jose-para-la-temporada-2024\\\/#article\",\"isPartOf\":{\"@id\":\"https:\\\/\\\/www.eldiario.net\\\/portal\\\/2023\\\/12\\\/16\\\/villegas-se-mantiene-al-mando-del-gv-san-jose-para-la-temporada-2024\\\/\"},\"author\":{\"name\":\"Jeanette\",\"@id\":\"https:\\\/\\\/www.eldiario.net\\\/portal\\\/#\\\/schema\\\/person\\\/f46445640444750d7d753ccd04ae01b7\"},\"headline\":\"Villegas se mantiene al mando del GV San Jos\u00e9 para la temporada 2024\",\"datePublished\":\"2023-12-16T10:48:14+00:00\",\"mainEntityOfPage\":{\"@id\":\"https:\\\/\\\/www.eldiario.net\\\/portal\\\/2023\\\/12\\\/16\\\/villegas-se-mantiene-al-mando-del-gv-san-jose-para-la-temporada-2024\\\/\"},\"wordCount\":246,\"publisher\":{\"@id\":\"https:\\\/\\\/www.eldiario.net\\\/portal\\\/#organization\"},\"image\":{\"@id\":\"https:\\\/\\\/www.eldiario.net\\\/portal\\\/2023\\\/12\\\/16\\\/villegas-se-mantiene-al-mando-del-gv-san-jose-para-la-temporada-2024\\\/#primaryimage\"},\"thumbnailUrl\":\"https:\\\/\\\/www.eldiario.net\\\/portal\\\/wp-content\\\/uploads\\\/2023\\\/12\\\/villegas-1.jpg\",\"articleSection\":[\"Deportes\"],\"inLanguage\":\"es\"},{\"@type\":\"WebPage\",\"@id\":\"https:\\\/\\\/www.eldiario.net\\\/portal\\\/2023\\\/12\\\/16\\\/villegas-se-mantiene-al-mando-del-gv-san-jose-para-la-temporada-2024\\\/\",\"url\":\"https:\\\/\\\/www.eldiario.net\\\/portal\\\/2023\\\/12\\\/16\\\/villegas-se-mantiene-al-mando-del-gv-san-jose-para-la-temporada-2024\\\/\",\"name\":\"Villegas se mantiene al mando del GV San Jos\u00e9 para la temporada 2024 - El Diario - Bolivia\",\"isPartOf\":{\"@id\":\"https:\\\/\\\/www.eldiario.net\\\/portal\\\/#website\"},\"primaryImageOfPage\":{\"@id\":\"https:\\\/\\\/www.eldiario.net\\\/portal\\\/2023\\\/12\\\/16\\\/villegas-se-mantiene-al-mando-del-gv-san-jose-para-la-temporada-2024\\\/#primaryimage\"},\"image\":{\"@id\":\"https:\\\/\\\/www.eldiario.net\\\/portal\\\/2023\\\/12\\\/16\\\/villegas-se-mantiene-al-mando-del-gv-san-jose-para-la-temporada-2024\\\/#primaryimage\"},\"thumbnailUrl\":\"https:\\\/\\\/www.eldiario.net\\\/portal\\\/wp-content\\\/uploads\\\/2023\\\/12\\\/villegas-1.jpg\",\"datePublished\":\"2023-12-16T10:48:14+00:00\",\"breadcrumb\":{\"@id\":\"https:\\\/\\\/www.eldiario.net\\\/portal\\\/2023\\\/12\\\/16\\\/villegas-se-mantiene-al-mando-del-gv-san-jose-para-la-temporada-2024\\\/#breadcrumb\"},\"inLanguage\":\"es\",\"potentialAction\":[{\"@type\":\"ReadAction\",\"target\":[\"https:\\\/\\\/www.eldiario.net\\\/portal\\\/2023\\\/12\\\/16\\\/villegas-se-mantiene-al-mando-del-gv-san-jose-para-la-temporada-2024\\\/\"]}]},{\"@type\":\"ImageObject\",\"inLanguage\":\"es\",\"@id\":\"https:\\\/\\\/www.eldiario.net\\\/portal\\\/2023\\\/12\\\/16\\\/villegas-se-mantiene-al-mando-del-gv-san-jose-para-la-temporada-2024\\\/#primaryimage\",\"url\":\"https:\\\/\\\/www.eldiario.net\\\/portal\\\/wp-content\\\/uploads\\\/2023\\\/12\\\/villegas-1.jpg\",\"contentUrl\":\"https:\\\/\\\/www.eldiario.net\\\/portal\\\/wp-content\\\/uploads\\\/2023\\\/12\\\/villegas-1.jpg\",\"width\":1000,\"height\":668},{\"@type\":\"BreadcrumbList\",\"@id\":\"https:\\\/\\\/www.eldiario.net\\\/portal\\\/2023\\\/12\\\/16\\\/villegas-se-mantiene-al-mando-del-gv-san-jose-para-la-temporada-2024\\\/#breadcrumb\",\"itemListElement\":[{\"@type\":\"ListItem\",\"position\":1,\"name\":\"Portada\",\"item\":\"https:\\\/\\\/www.eldiario.net\\\/portal\\\/\"},{\"@type\":\"ListItem\",\"position\":2,\"name\":\"Villegas se mantiene al mando del GV San Jos\u00e9 para la temporada 2024\"}]},{\"@type\":\"WebSite\",\"@id\":\"https:\\\/\\\/www.eldiario.net\\\/portal\\\/#website\",\"url\":\"https:\\\/\\\/www.eldiario.net\\\/portal\\\/\",\"name\":\"El Diario - Decano de la prensa nacional\",\"description\":\"El Diario - Decano de la prensa nacional\",\"publisher\":{\"@id\":\"https:\\\/\\\/www.eldiario.net\\\/portal\\\/#organization\"},\"potentialAction\":[{\"@type\":\"SearchAction\",\"target\":{\"@type\":\"EntryPoint\",\"urlTemplate\":\"https:\\\/\\\/www.eldiario.net\\\/portal\\\/?s={search_term_string}\"},\"query-input\":{\"@type\":\"PropertyValueSpecification\",\"valueRequired\":true,\"valueName\":\"search_term_string\"}}],\"inLanguage\":\"es\"},{\"@type\":\"Organization\",\"@id\":\"https:\\\/\\\/www.eldiario.net\\\/portal\\\/#organization\",\"name\":\"El Diario - Decano de la prensa nacional\",\"url\":\"https:\\\/\\\/www.eldiario.net\\\/portal\\\/\",\"logo\":{\"@type\":\"ImageObject\",\"inLanguage\":\"es\",\"@id\":\"https:\\\/\\\/www.eldiario.net\\\/portal\\\/#\\\/schema\\\/logo\\\/image\\\/\",\"url\":\"https:\\\/\\\/www.eldiario.net\\\/portal\\\/wp-content\\\/uploads\\\/2023\\\/07\\\/logo_ED.jpg\",\"contentUrl\":\"https:\\\/\\\/www.eldiario.net\\\/portal\\\/wp-content\\\/uploads\\\/2023\\\/07\\\/logo_ED.jpg\",\"width\":272,\"height\":52,\"caption\":\"El Diario - Decano de la prensa nacional\"},\"image\":{\"@id\":\"https:\\\/\\\/www.eldiario.net\\\/portal\\\/#\\\/schema\\\/logo\\\/image\\\/\"},\"sameAs\":[\"https:\\\/\\\/www.facebook.com\\\/eldiario.bolivia\\\/\",\"https:\\\/\\\/x.com\\\/eldiario_net\"]},{\"@type\":\"Person\",\"@id\":\"https:\\\/\\\/www.eldiario.net\\\/portal\\\/#\\\/schema\\\/person\\\/f46445640444750d7d753ccd04ae01b7\",\"name\":\"Jeanette\",\"image\":{\"@type\":\"ImageObject\",\"inLanguage\":\"es\",\"@id\":\"https:\\\/\\\/secure.gravatar.com\\\/avatar\\\/3ea2118a5f7dad2b7138b1187a6b7ee55f160b9968b66013c3a3ef39dd7e5798?s=96&d=mm&r=g\",\"url\":\"https:\\\/\\\/secure.gravatar.com\\\/avatar\\\/3ea2118a5f7dad2b7138b1187a6b7ee55f160b9968b66013c3a3ef39dd7e5798?s=96&d=mm&r=g\",\"contentUrl\":\"https:\\\/\\\/secure.gravatar.com\\\/avatar\\\/3ea2118a5f7dad2b7138b1187a6b7ee55f160b9968b66013c3a3ef39dd7e5798?s=96&d=mm&r=g\",\"caption\":\"Jeanette\"},\"sameAs\":[\"https:\\\/\\\/www.eldiario.net\\\/portal\"],\"url\":\"https:\\\/\\\/www.eldiario.net\\\/portal\\\/author\\\/jeanette\\\/\"}]}<\/script>\n<!-- \/ Yoast SEO plugin. -->","yoast_head_json":{"title":"Villegas se mantiene al mando del GV San Jos\u00e9 para la temporada 2024 - El Diario - Bolivia","robots":{"index":"index","follow":"follow","max-snippet":"max-snippet:-1","max-image-preview":"max-image-preview:large","max-video-preview":"max-video-preview:-1"},"canonical":"https:\/\/www.eldiario.net\/portal\/2023\/12\/16\/villegas-se-mantiene-al-mando-del-gv-san-jose-para-la-temporada-2024\/","og_locale":"es_ES","og_type":"article","og_title":"Villegas se mantiene al mando del GV San Jos\u00e9 para la temporada 2024 - El Diario - Bolivia","og_description":"El idilio entre el director t\u00e9cnico Eduardo Villegas y el club Gualberto Villarroel San Jos\u00e9 continuar\u00e1 en la temporada 2024, tras la renovaci\u00f3n del contrato que anunci\u00f3 la instituci\u00f3n orure\u00f1a, que sigue disfrutando de su ascenso a la Divisi\u00f3n Profesional, como campe\u00f3n de la Copa Sim\u00f3n Bol\u00edvar. Luego de cerrar las negociaciones d\u00edas despu\u00e9s de [&hellip;]","og_url":"https:\/\/www.eldiario.net\/portal\/2023\/12\/16\/villegas-se-mantiene-al-mando-del-gv-san-jose-para-la-temporada-2024\/","og_site_name":"El Diario - Bolivia","article_publisher":"https:\/\/www.facebook.com\/eldiario.bolivia\/","article_published_time":"2023-12-16T10:48:14+00:00","og_image":[{"width":1000,"height":668,"url":"https:\/\/www.eldiario.net\/portal\/wp-content\/uploads\/2023\/12\/villegas-1.jpg","type":"image\/jpeg"}],"author":"Jeanette","twitter_card":"summary_large_image","twitter_creator":"@eldiario_net","twitter_site":"@eldiario_net","twitter_misc":{"Escrito por":"Jeanette","Tiempo de lectura":"2 minutos"},"schema":{"@context":"https:\/\/schema.org","@graph":[{"@type":"Article","@id":"https:\/\/www.eldiario.net\/portal\/2023\/12\/16\/villegas-se-mantiene-al-mando-del-gv-san-jose-para-la-temporada-2024\/#article","isPartOf":{"@id":"https:\/\/www.eldiario.net\/portal\/2023\/12\/16\/villegas-se-mantiene-al-mando-del-gv-san-jose-para-la-temporada-2024\/"},"author":{"name":"Jeanette","@id":"https:\/\/www.eldiario.net\/portal\/#\/schema\/person\/f46445640444750d7d753ccd04ae01b7"},"headline":"Villegas se mantiene al mando del GV San Jos\u00e9 para la temporada 2024","datePublished":"2023-12-16T10:48:14+00:00","mainEntityOfPage":{"@id":"https:\/\/www.eldiario.net\/portal\/2023\/12\/16\/villegas-se-mantiene-al-mando-del-gv-san-jose-para-la-temporada-2024\/"},"wordCount":246,"publisher":{"@id":"https:\/\/www.eldiario.net\/portal\/#organization"},"image":{"@id":"https:\/\/www.eldiario.net\/portal\/2023\/12\/16\/villegas-se-mantiene-al-mando-del-gv-san-jose-para-la-temporada-2024\/#primaryimage"},"thumbnailUrl":"https:\/\/www.eldiario.net\/portal\/wp-content\/uploads\/2023\/12\/villegas-1.jpg","articleSection":["Deportes"],"inLanguage":"es"},{"@type":"WebPage","@id":"https:\/\/www.eldiario.net\/portal\/2023\/12\/16\/villegas-se-mantiene-al-mando-del-gv-san-jose-para-la-temporada-2024\/","url":"https:\/\/www.eldiario.net\/portal\/2023\/12\/16\/villegas-se-mantiene-al-mando-del-gv-san-jose-para-la-temporada-2024\/","name":"Villegas se mantiene al mando del GV San Jos\u00e9 para la temporada 2024 - El Diario - Bolivia","isPartOf":{"@id":"https:\/\/www.eldiario.net\/portal\/#website"},"primaryImageOfPage":{"@id":"https:\/\/www.eldiario.net\/portal\/2023\/12\/16\/villegas-se-mantiene-al-mando-del-gv-san-jose-para-la-temporada-2024\/#primaryimage"},"image":{"@id":"https:\/\/www.eldiario.net\/portal\/2023\/12\/16\/villegas-se-mantiene-al-mando-del-gv-san-jose-para-la-temporada-2024\/#primaryimage"},"thumbnailUrl":"https:\/\/www.eldiario.net\/portal\/wp-content\/uploads\/2023\/12\/villegas-1.jpg","datePublished":"2023-12-16T10:48:14+00:00","breadcrumb":{"@id":"https:\/\/www.eldiario.net\/portal\/2023\/12\/16\/villegas-se-mantiene-al-mando-del-gv-san-jose-para-la-temporada-2024\/#breadcrumb"},"inLanguage":"es","potentialAction":[{"@type":"ReadAction","target":["https:\/\/www.eldiario.net\/portal\/2023\/12\/16\/villegas-se-mantiene-al-mando-del-gv-san-jose-para-la-temporada-2024\/"]}]},{"@type":"ImageObject","inLanguage":"es","@id":"https:\/\/www.eldiario.net\/portal\/2023\/12\/16\/villegas-se-mantiene-al-mando-del-gv-san-jose-para-la-temporada-2024\/#primaryimage","url":"https:\/\/www.eldiario.net\/portal\/wp-content\/uploads\/2023\/12\/villegas-1.jpg","contentUrl":"https:\/\/www.eldiario.net\/portal\/wp-content\/uploads\/2023\/12\/villegas-1.jpg","width":1000,"height":668},{"@type":"BreadcrumbList","@id":"https:\/\/www.eldiario.net\/portal\/2023\/12\/16\/villegas-se-mantiene-al-mando-del-gv-san-jose-para-la-temporada-2024\/#breadcrumb","itemListElement":[{"@type":"ListItem","position":1,"name":"Portada","item":"https:\/\/www.eldiario.net\/portal\/"},{"@type":"ListItem","position":2,"name":"Villegas se mantiene al mando del GV San Jos\u00e9 para la temporada 2024"}]},{"@type":"WebSite","@id":"https:\/\/www.eldiario.net\/portal\/#website","url":"https:\/\/www.eldiario.net\/portal\/","name":"El Diario - Decano de la prensa nacional","description":"El Diario - Decano de la prensa nacional","publisher":{"@id":"https:\/\/www.eldiario.net\/portal\/#organization"},"potentialAction":[{"@type":"SearchAction","target":{"@type":"EntryPoint","urlTemplate":"https:\/\/www.eldiario.net\/portal\/?s={search_term_string}"},"query-input":{"@type":"PropertyValueSpecification","valueRequired":true,"valueName":"search_term_string"}}],"inLanguage":"es"},{"@type":"Organization","@id":"https:\/\/www.eldiario.net\/portal\/#organization","name":"El Diario - Decano de la prensa nacional","url":"https:\/\/www.eldiario.net\/portal\/","logo":{"@type":"ImageObject","inLanguage":"es","@id":"https:\/\/www.eldiario.net\/portal\/#\/schema\/logo\/image\/","url":"https:\/\/www.eldiario.net\/portal\/wp-content\/uploads\/2023\/07\/logo_ED.jpg","contentUrl":"https:\/\/www.eldiario.net\/portal\/wp-content\/uploads\/2023\/07\/logo_ED.jpg","width":272,"height":52,"caption":"El Diario - Decano de la prensa nacional"},"image":{"@id":"https:\/\/www.eldiario.net\/portal\/#\/schema\/logo\/image\/"},"sameAs":["https:\/\/www.facebook.com\/eldiario.bolivia\/","https:\/\/x.com\/eldiario_net"]},{"@type":"Person","@id":"https:\/\/www.eldiario.net\/portal\/#\/schema\/person\/f46445640444750d7d753ccd04ae01b7","name":"Jeanette","image":{"@type":"ImageObject","inLanguage":"es","@id":"https:\/\/secure.gravatar.com\/avatar\/3ea2118a5f7dad2b7138b1187a6b7ee55f160b9968b66013c3a3ef39dd7e5798?s=96&d=mm&r=g","url":"https:\/\/secure.gravatar.com\/avatar\/3ea2118a5f7dad2b7138b1187a6b7ee55f160b9968b66013c3a3ef39dd7e5798?s=96&d=mm&r=g","contentUrl":"https:\/\/secure.gravatar.com\/avatar\/3ea2118a5f7dad2b7138b1187a6b7ee55f160b9968b66013c3a3ef39dd7e5798?s=96&d=mm&r=g","caption":"Jeanette"},"sameAs":["https:\/\/www.eldiario.net\/portal"],"url":"https:\/\/www.eldiario.net\/portal\/author\/jeanette\/"}]}},"_links":{"self":[{"href":"https:\/\/www.eldiario.net\/portal\/wp-json\/wp\/v2\/posts\/193190","targetHints":{"allow":["GET"]}}],"collection":[{"href":"https:\/\/www.eldiario.net\/portal\/wp-json\/wp\/v2\/posts"}],"about":[{"href":"https:\/\/www.eldiario.net\/portal\/wp-json\/wp\/v2\/types\/post"}],"author":[{"embeddable":true,"href":"https:\/\/www.eldiario.net\/portal\/wp-json\/wp\/v2\/users\/1"}],"replies":[{"embeddable":true,"href":"https:\/\/www.eldiario.net\/portal\/wp-json\/wp\/v2\/comments?post=193190"}],"version-history":[{"count":0,"href":"https:\/\/www.eldiario.net\/portal\/wp-json\/wp\/v2\/posts\/193190\/revisions"}],"wp:featuredmedia":[{"embeddable":true,"href":"https:\/\/www.eldiario.net\/portal\/wp-json\/wp\/v2\/media\/193191"}],"wp:attachment":[{"href":"https:\/\/www.eldiario.net\/portal\/wp-json\/wp\/v2\/media?parent=193190"}],"wp:term":[{"taxonomy":"category","embeddable":true,"href":"https:\/\/www.eldiario.net\/portal\/wp-json\/wp\/v2\/categories?post=193190"},{"taxonomy":"post_tag","embeddable":true,"href":"https:\/\/www.eldiario.net\/portal\/wp-json\/wp\/v2\/tags?post=193190"}],"curies":[{"name":"wp","href":"https:\/\/api.w.org\/{rel}","templated":true}]}}