{"id":193187,"date":"2023-12-16T06:44:47","date_gmt":"2023-12-16T10:44:47","guid":{"rendered":"https:\/\/www.eldiario.net\/portal\/?p=193187"},"modified":"2023-12-16T06:44:47","modified_gmt":"2023-12-16T10:44:47","slug":"exigen-sesion-de-alp-que-viabilice-salida-para-las-elecciones-judiciales","status":"publish","type":"post","link":"https:\/\/www.eldiario.net\/portal\/2023\/12\/16\/exigen-sesion-de-alp-que-viabilice-salida-para-las-elecciones-judiciales\/","title":{"rendered":"Exigen sesi\u00f3n de ALP que viabilice  salida para las elecciones judiciales"},"content":{"rendered":"<p>Con la finalidad de poder responder a la \u201cautopr\u00f3rroga\u201d de funciones determinada por el Tribunal Constitucional Plurinacional (TCP) y tratar una ley para garantizar la realizaci\u00f3n de las elecciones judiciales. Asamble\u00edstas de oposici\u00f3n exigen que la presidencia de la Asamblea Legislativa Plurinacional (ALP) convoque a sesi\u00f3n plenaria para tratar estos temas.<br \/>\nEn representaci\u00f3n de la alianza Comunidad Ciudadana, el jefe de bancada por esta organizaci\u00f3n pol\u00edtica en Senadores, Guillermo Seoane, anunci\u00f3 haber solicitado, mediante nota remitida al presidente nato de la ALP, David Choquehuanca, la inmediata convocatoria a sesi\u00f3n del Congreso, para tratar las observaciones del TCP al Proyecto de Ley 144 y as\u00ed poder viabilizar esta elecci\u00f3n en el menor tiempo posible.<br \/>\nEn criterio del parlamentario representante de Cochabamba, el tratamiento de esta problem\u00e1tica debe ser una prioridad para el Parlamento, como primer poder del Estado y por estar en juego el respeto de la democracia y la normativa nacional.<br \/>\n\u201cEstamos pidiendo a Choquehuanca que, si es posible, no hayan vacaciones o receso legislativo y que se puedan tratar estos temas. La justicia es un problema que tiene que ver con la defensa de la democracia y nuestra Constituci\u00f3n\u201d, dijo.<br \/>\nEn la misma l\u00ednea, el diputado Carlos Alarc\u00f3n, pidi\u00f3 dar prioridad al tratamiento de normas para solucionar el tema de la elecci\u00f3n judicial y responder a los intentos de pr\u00f3rroga determinada por las actuales cabezas de la justicia.<br \/>\n\u201cExigimos que se convoque inmediatamente a sesi\u00f3n del pleno de la ALP, para tratar la ley del Senado que viabiliza las elecciones judiciales y se deje de lado el receso de fin de a\u00f1o. Simult\u00e1neamente el Senado puede tratar el lunes la Ley de nulidad de la autopr\u00f3rroga\u201d, expres\u00f3 Alarc\u00f3n desde sus redes sociales.<br \/>\nCuestionando la maniobra con la que desde la Comisi\u00f3n de Constituci\u00f3n en Diputados se envi\u00f3 el PL 144 \u201cen consulta\u201d directamente, sin ponerla a consideraci\u00f3n del pleno en la C\u00e1mara Baja. Seoane, adem\u00e1s rechaz\u00f3 las declaraciones del presidente, Luis Arce, en las que deslind\u00f3 responsabilidades del Gobierno en todos los inconvenientes presentados durante el proceso.<br \/>\n\u201cQue no nos hagan creer que este es un problema fundamentalmente del Parlamento, este es un problema del Gobierno porque hay una alianza espec\u00edficamente entre el Ejecutivo y el \u00d3rgano Judicial para no llevar adelante las Elecciones Judiciales\u201d, se\u00f1al\u00f3 el legislador de oposici\u00f3n afirmando que desde el poder se busca mantener el control sobre un \u201cgarrote judicial\u201d para usarlo contra todas las voces contrarias a la actual administraci\u00f3n.<br \/>\nEl jueves, Arce hab\u00eda cuestionado que se trate de responsabilizar al Gobierno por el fracaso de los comicios judiciales en esta gesti\u00f3n, se\u00f1alando que a la poblaci\u00f3n le interesa resolver el problema de la justicia, m\u00e1s all\u00e1 de quienes sean los magistrados.<br \/>\n\u201cPueden cambiar a quien sea por votaci\u00f3n o elecci\u00f3n, igual no se resolver\u00e1 el problema y a la gente no le interesa qui\u00e9nes son los magistrados\u201d, explic\u00f3 la autoridad, afirmando adem\u00e1s que existen intensiones de sectores para tratar de responsabilizar pol\u00edticamente al Gobierno en este tema y otros.<br \/>\nSeoane pidi\u00f3 no entrar en el juego del oficialismo, se\u00f1alando que se pretende \u201celectoralizar y politizar\u201d un problema que es de inter\u00e9s nacional, mismo que est\u00e1 m\u00e1s all\u00e1 de la pugna entre \u201carcistas\u201d y \u201cevistas\u201d en el Parlamento.<br \/>\nEn ese sentido, puntualiz\u00f3 que las leyes propuestas hasta el momento por la oposici\u00f3n, han sido iniciativas que en ocasiones recibieron respaldo y apoyo del ala renovadora, y en otras, del ala radical en el MAS. \u201cSe siente que hay un desgate profundo del Gobierno nacional y del proceso de cambio que ya tiene m\u00e1s de 17 a\u00f1os, se siente una mayor crisis econ\u00f3mica y nos quieren hacer creer que entre ellos se va decidir los destinos del pa\u00eds\u201d, se\u00f1al\u00f3 el parlamentario.<br \/>\nAnteriormente, el diputado Oscar Michel, de la agrupaci\u00f3n Creemos, hab\u00eda pedido convocar al pleno de la ALP para trabajar por tiempo y materia hasta resolver constitucionalmente elecci\u00f3n de autoridades judiciales y responder a las recientes acciones arbitrarias por parte del TCP.<br \/>\nEl asamble\u00edsta cruce\u00f1o sostuvo que esta ser\u00eda una de las opciones expeditas para resolver la crisis institucional generada por la prolongada postergaci\u00f3n de la convocatoria a elecciones de altas autoridades judiciales, as\u00ed como una respuesta a los intentos de prorroga dispuestos por el Tribunal Constitucional esta semana.<br \/>\n\u201cSe\u00f1or Choquehuanca inicie, junto a los presidentes de las c\u00e1maras de Diputados y Senadores, un juicio de responsabilidades contra esos tribunos que se prorrogaron en su mandato\u201d, declar\u00f3 Michel tras se\u00f1alar que las autoridades legislativas eluden asumir esa responsabilidad porque el Gobierno tiene un plan, que es dilatar las elecciones judiciales.<br \/>\nDesde el oficialismo, el diputado Juan Jos\u00e9 J\u00e1uregui, presidente de la Comisi\u00f3n de Constituci\u00f3n en la C\u00e1mara Baja, rechaz\u00f3 las versiones que apuntan a supuestas maniobras para hacer fracasar el proceso de los comicios judiciales y responsabiliz\u00f3 al Senado por los retrasos, se\u00f1alando que el Proyecto de Ley 144, incluy\u00f3 art\u00edculos inconstitucionales en su redacci\u00f3n.<br \/>\n\u201cLa propuesta normativa aprobada en la C\u00e1mara de Senadores, ten\u00eda visiblemente muchos elementos inconstitucionales que lastimosamente, de manera muy poco responsable se han incorporado. En alg\u00fan momento del proceso habr\u00edan sido objeto para la interposici\u00f3n de recursos constitucionales\u201d, sostuvo.<\/p>\n","protected":false},"excerpt":{"rendered":"<p>Con la finalidad de poder responder a la \u201cautopr\u00f3rroga\u201d de funciones determinada por el Tribunal Constitucional Plurinacional (TCP) y tratar una ley para garantizar la realizaci\u00f3n de las elecciones judiciales. Asamble\u00edstas de oposici\u00f3n exigen que la presidencia de la Asamblea Legislativa Plurinacional (ALP) convoque a sesi\u00f3n plenaria para tratar estos temas. En representaci\u00f3n de la [&hellip;]<\/p>\n","protected":false},"author":1,"featured_media":193188,"comment_status":"closed","ping_status":"open","sticky":false,"template":"","format":"standard","meta":{"_acf_changed":false,"footnotes":""},"categories":[14],"tags":[],"class_list":["post-193187","post","type-post","status-publish","format-standard","has-post-thumbnail","category-politica"],"acf":{"antetitulo":""},"yoast_head":"<!-- This site is optimized with the Yoast SEO plugin v28.3 - https:\/\/yoast.com\/product\/yoast-seo-wordpress\/ -->\n<title>Exigen sesi\u00f3n de ALP que viabilice salida para las elecciones judiciales - El Diario - Bolivia<\/title>\n<meta name=\"robots\" content=\"index, follow, max-snippet:-1, max-image-preview:large, max-video-preview:-1\" \/>\n<link rel=\"canonical\" href=\"https:\/\/www.eldiario.net\/portal\/2023\/12\/16\/exigen-sesion-de-alp-que-viabilice-salida-para-las-elecciones-judiciales\/\" \/>\n<meta property=\"og:locale\" content=\"es_ES\" \/>\n<meta property=\"og:type\" content=\"article\" \/>\n<meta property=\"og:title\" content=\"Exigen sesi\u00f3n de ALP que viabilice salida para las elecciones judiciales - El Diario - Bolivia\" \/>\n<meta property=\"og:description\" content=\"Con la finalidad de poder responder a la \u201cautopr\u00f3rroga\u201d de funciones determinada por el Tribunal Constitucional Plurinacional (TCP) y tratar una ley para garantizar la realizaci\u00f3n de las elecciones judiciales. Asamble\u00edstas de oposici\u00f3n exigen que la presidencia de la Asamblea Legislativa Plurinacional (ALP) convoque a sesi\u00f3n plenaria para tratar estos temas. En representaci\u00f3n de la [&hellip;]\" \/>\n<meta property=\"og:url\" content=\"https:\/\/www.eldiario.net\/portal\/2023\/12\/16\/exigen-sesion-de-alp-que-viabilice-salida-para-las-elecciones-judiciales\/\" \/>\n<meta property=\"og:site_name\" content=\"El Diario - Bolivia\" \/>\n<meta property=\"article:publisher\" content=\"https:\/\/www.facebook.com\/eldiario.bolivia\/\" \/>\n<meta property=\"article:published_time\" content=\"2023-12-16T10:44:47+00:00\" \/>\n<meta property=\"og:image\" content=\"https:\/\/www.eldiario.net\/portal\/wp-content\/uploads\/2023\/12\/40-POL-6.jpg\" \/>\n\t<meta property=\"og:image:width\" content=\"1280\" \/>\n\t<meta property=\"og:image:height\" content=\"853\" \/>\n\t<meta property=\"og:image:type\" content=\"image\/jpeg\" \/>\n<meta name=\"author\" content=\"Jeanette\" \/>\n<meta name=\"twitter:card\" content=\"summary_large_image\" \/>\n<meta name=\"twitter:creator\" content=\"@eldiario_net\" \/>\n<meta name=\"twitter:site\" content=\"@eldiario_net\" \/>\n<meta name=\"twitter:label1\" content=\"Escrito por\" \/>\n\t<meta name=\"twitter:data1\" content=\"Jeanette\" \/>\n\t<meta name=\"twitter:label2\" content=\"Tiempo de lectura\" \/>\n\t<meta name=\"twitter:data2\" content=\"4 minutos\" \/>\n<script type=\"application\/ld+json\" class=\"yoast-schema-graph\">{\"@context\":\"https:\\\/\\\/schema.org\",\"@graph\":[{\"@type\":\"Article\",\"@id\":\"https:\\\/\\\/www.eldiario.net\\\/portal\\\/2023\\\/12\\\/16\\\/exigen-sesion-de-alp-que-viabilice-salida-para-las-elecciones-judiciales\\\/#article\",\"isPartOf\":{\"@id\":\"https:\\\/\\\/www.eldiario.net\\\/portal\\\/2023\\\/12\\\/16\\\/exigen-sesion-de-alp-que-viabilice-salida-para-las-elecciones-judiciales\\\/\"},\"author\":{\"name\":\"Jeanette\",\"@id\":\"https:\\\/\\\/www.eldiario.net\\\/portal\\\/#\\\/schema\\\/person\\\/f46445640444750d7d753ccd04ae01b7\"},\"headline\":\"Exigen sesi\u00f3n de ALP que viabilice salida para las elecciones judiciales\",\"datePublished\":\"2023-12-16T10:44:47+00:00\",\"mainEntityOfPage\":{\"@id\":\"https:\\\/\\\/www.eldiario.net\\\/portal\\\/2023\\\/12\\\/16\\\/exigen-sesion-de-alp-que-viabilice-salida-para-las-elecciones-judiciales\\\/\"},\"wordCount\":928,\"publisher\":{\"@id\":\"https:\\\/\\\/www.eldiario.net\\\/portal\\\/#organization\"},\"image\":{\"@id\":\"https:\\\/\\\/www.eldiario.net\\\/portal\\\/2023\\\/12\\\/16\\\/exigen-sesion-de-alp-que-viabilice-salida-para-las-elecciones-judiciales\\\/#primaryimage\"},\"thumbnailUrl\":\"https:\\\/\\\/www.eldiario.net\\\/portal\\\/wp-content\\\/uploads\\\/2023\\\/12\\\/40-POL-6.jpg\",\"articleSection\":[\"Pol\u00edtica\"],\"inLanguage\":\"es\"},{\"@type\":\"WebPage\",\"@id\":\"https:\\\/\\\/www.eldiario.net\\\/portal\\\/2023\\\/12\\\/16\\\/exigen-sesion-de-alp-que-viabilice-salida-para-las-elecciones-judiciales\\\/\",\"url\":\"https:\\\/\\\/www.eldiario.net\\\/portal\\\/2023\\\/12\\\/16\\\/exigen-sesion-de-alp-que-viabilice-salida-para-las-elecciones-judiciales\\\/\",\"name\":\"Exigen sesi\u00f3n de ALP que viabilice salida para las elecciones judiciales - El Diario - Bolivia\",\"isPartOf\":{\"@id\":\"https:\\\/\\\/www.eldiario.net\\\/portal\\\/#website\"},\"primaryImageOfPage\":{\"@id\":\"https:\\\/\\\/www.eldiario.net\\\/portal\\\/2023\\\/12\\\/16\\\/exigen-sesion-de-alp-que-viabilice-salida-para-las-elecciones-judiciales\\\/#primaryimage\"},\"image\":{\"@id\":\"https:\\\/\\\/www.eldiario.net\\\/portal\\\/2023\\\/12\\\/16\\\/exigen-sesion-de-alp-que-viabilice-salida-para-las-elecciones-judiciales\\\/#primaryimage\"},\"thumbnailUrl\":\"https:\\\/\\\/www.eldiario.net\\\/portal\\\/wp-content\\\/uploads\\\/2023\\\/12\\\/40-POL-6.jpg\",\"datePublished\":\"2023-12-16T10:44:47+00:00\",\"breadcrumb\":{\"@id\":\"https:\\\/\\\/www.eldiario.net\\\/portal\\\/2023\\\/12\\\/16\\\/exigen-sesion-de-alp-que-viabilice-salida-para-las-elecciones-judiciales\\\/#breadcrumb\"},\"inLanguage\":\"es\",\"potentialAction\":[{\"@type\":\"ReadAction\",\"target\":[\"https:\\\/\\\/www.eldiario.net\\\/portal\\\/2023\\\/12\\\/16\\\/exigen-sesion-de-alp-que-viabilice-salida-para-las-elecciones-judiciales\\\/\"]}]},{\"@type\":\"ImageObject\",\"inLanguage\":\"es\",\"@id\":\"https:\\\/\\\/www.eldiario.net\\\/portal\\\/2023\\\/12\\\/16\\\/exigen-sesion-de-alp-que-viabilice-salida-para-las-elecciones-judiciales\\\/#primaryimage\",\"url\":\"https:\\\/\\\/www.eldiario.net\\\/portal\\\/wp-content\\\/uploads\\\/2023\\\/12\\\/40-POL-6.jpg\",\"contentUrl\":\"https:\\\/\\\/www.eldiario.net\\\/portal\\\/wp-content\\\/uploads\\\/2023\\\/12\\\/40-POL-6.jpg\",\"width\":1280,\"height\":853,\"caption\":\"Sesi\u00f3n de ALP. (referencial)\"},{\"@type\":\"BreadcrumbList\",\"@id\":\"https:\\\/\\\/www.eldiario.net\\\/portal\\\/2023\\\/12\\\/16\\\/exigen-sesion-de-alp-que-viabilice-salida-para-las-elecciones-judiciales\\\/#breadcrumb\",\"itemListElement\":[{\"@type\":\"ListItem\",\"position\":1,\"name\":\"Portada\",\"item\":\"https:\\\/\\\/www.eldiario.net\\\/portal\\\/\"},{\"@type\":\"ListItem\",\"position\":2,\"name\":\"Exigen sesi\u00f3n de ALP que viabilice salida para las elecciones judiciales\"}]},{\"@type\":\"WebSite\",\"@id\":\"https:\\\/\\\/www.eldiario.net\\\/portal\\\/#website\",\"url\":\"https:\\\/\\\/www.eldiario.net\\\/portal\\\/\",\"name\":\"El Diario - Decano de la prensa nacional\",\"description\":\"El Diario - Decano de la prensa nacional\",\"publisher\":{\"@id\":\"https:\\\/\\\/www.eldiario.net\\\/portal\\\/#organization\"},\"potentialAction\":[{\"@type\":\"SearchAction\",\"target\":{\"@type\":\"EntryPoint\",\"urlTemplate\":\"https:\\\/\\\/www.eldiario.net\\\/portal\\\/?s={search_term_string}\"},\"query-input\":{\"@type\":\"PropertyValueSpecification\",\"valueRequired\":true,\"valueName\":\"search_term_string\"}}],\"inLanguage\":\"es\"},{\"@type\":\"Organization\",\"@id\":\"https:\\\/\\\/www.eldiario.net\\\/portal\\\/#organization\",\"name\":\"El Diario - Decano de la prensa nacional\",\"url\":\"https:\\\/\\\/www.eldiario.net\\\/portal\\\/\",\"logo\":{\"@type\":\"ImageObject\",\"inLanguage\":\"es\",\"@id\":\"https:\\\/\\\/www.eldiario.net\\\/portal\\\/#\\\/schema\\\/logo\\\/image\\\/\",\"url\":\"https:\\\/\\\/www.eldiario.net\\\/portal\\\/wp-content\\\/uploads\\\/2023\\\/07\\\/logo_ED.jpg\",\"contentUrl\":\"https:\\\/\\\/www.eldiario.net\\\/portal\\\/wp-content\\\/uploads\\\/2023\\\/07\\\/logo_ED.jpg\",\"width\":272,\"height\":52,\"caption\":\"El Diario - Decano de la prensa nacional\"},\"image\":{\"@id\":\"https:\\\/\\\/www.eldiario.net\\\/portal\\\/#\\\/schema\\\/logo\\\/image\\\/\"},\"sameAs\":[\"https:\\\/\\\/www.facebook.com\\\/eldiario.bolivia\\\/\",\"https:\\\/\\\/x.com\\\/eldiario_net\"]},{\"@type\":\"Person\",\"@id\":\"https:\\\/\\\/www.eldiario.net\\\/portal\\\/#\\\/schema\\\/person\\\/f46445640444750d7d753ccd04ae01b7\",\"name\":\"Jeanette\",\"image\":{\"@type\":\"ImageObject\",\"inLanguage\":\"es\",\"@id\":\"https:\\\/\\\/secure.gravatar.com\\\/avatar\\\/3ea2118a5f7dad2b7138b1187a6b7ee55f160b9968b66013c3a3ef39dd7e5798?s=96&d=mm&r=g\",\"url\":\"https:\\\/\\\/secure.gravatar.com\\\/avatar\\\/3ea2118a5f7dad2b7138b1187a6b7ee55f160b9968b66013c3a3ef39dd7e5798?s=96&d=mm&r=g\",\"contentUrl\":\"https:\\\/\\\/secure.gravatar.com\\\/avatar\\\/3ea2118a5f7dad2b7138b1187a6b7ee55f160b9968b66013c3a3ef39dd7e5798?s=96&d=mm&r=g\",\"caption\":\"Jeanette\"},\"sameAs\":[\"https:\\\/\\\/www.eldiario.net\\\/portal\"],\"url\":\"https:\\\/\\\/www.eldiario.net\\\/portal\\\/author\\\/jeanette\\\/\"}]}<\/script>\n<!-- \/ Yoast SEO plugin. -->","yoast_head_json":{"title":"Exigen sesi\u00f3n de ALP que viabilice salida para las elecciones judiciales - El Diario - Bolivia","robots":{"index":"index","follow":"follow","max-snippet":"max-snippet:-1","max-image-preview":"max-image-preview:large","max-video-preview":"max-video-preview:-1"},"canonical":"https:\/\/www.eldiario.net\/portal\/2023\/12\/16\/exigen-sesion-de-alp-que-viabilice-salida-para-las-elecciones-judiciales\/","og_locale":"es_ES","og_type":"article","og_title":"Exigen sesi\u00f3n de ALP que viabilice salida para las elecciones judiciales - El Diario - Bolivia","og_description":"Con la finalidad de poder responder a la \u201cautopr\u00f3rroga\u201d de funciones determinada por el Tribunal Constitucional Plurinacional (TCP) y tratar una ley para garantizar la realizaci\u00f3n de las elecciones judiciales. Asamble\u00edstas de oposici\u00f3n exigen que la presidencia de la Asamblea Legislativa Plurinacional (ALP) convoque a sesi\u00f3n plenaria para tratar estos temas. En representaci\u00f3n de la [&hellip;]","og_url":"https:\/\/www.eldiario.net\/portal\/2023\/12\/16\/exigen-sesion-de-alp-que-viabilice-salida-para-las-elecciones-judiciales\/","og_site_name":"El Diario - Bolivia","article_publisher":"https:\/\/www.facebook.com\/eldiario.bolivia\/","article_published_time":"2023-12-16T10:44:47+00:00","og_image":[{"width":1280,"height":853,"url":"https:\/\/www.eldiario.net\/portal\/wp-content\/uploads\/2023\/12\/40-POL-6.jpg","type":"image\/jpeg"}],"author":"Jeanette","twitter_card":"summary_large_image","twitter_creator":"@eldiario_net","twitter_site":"@eldiario_net","twitter_misc":{"Escrito por":"Jeanette","Tiempo de lectura":"4 minutos"},"schema":{"@context":"https:\/\/schema.org","@graph":[{"@type":"Article","@id":"https:\/\/www.eldiario.net\/portal\/2023\/12\/16\/exigen-sesion-de-alp-que-viabilice-salida-para-las-elecciones-judiciales\/#article","isPartOf":{"@id":"https:\/\/www.eldiario.net\/portal\/2023\/12\/16\/exigen-sesion-de-alp-que-viabilice-salida-para-las-elecciones-judiciales\/"},"author":{"name":"Jeanette","@id":"https:\/\/www.eldiario.net\/portal\/#\/schema\/person\/f46445640444750d7d753ccd04ae01b7"},"headline":"Exigen sesi\u00f3n de ALP que viabilice salida para las elecciones judiciales","datePublished":"2023-12-16T10:44:47+00:00","mainEntityOfPage":{"@id":"https:\/\/www.eldiario.net\/portal\/2023\/12\/16\/exigen-sesion-de-alp-que-viabilice-salida-para-las-elecciones-judiciales\/"},"wordCount":928,"publisher":{"@id":"https:\/\/www.eldiario.net\/portal\/#organization"},"image":{"@id":"https:\/\/www.eldiario.net\/portal\/2023\/12\/16\/exigen-sesion-de-alp-que-viabilice-salida-para-las-elecciones-judiciales\/#primaryimage"},"thumbnailUrl":"https:\/\/www.eldiario.net\/portal\/wp-content\/uploads\/2023\/12\/40-POL-6.jpg","articleSection":["Pol\u00edtica"],"inLanguage":"es"},{"@type":"WebPage","@id":"https:\/\/www.eldiario.net\/portal\/2023\/12\/16\/exigen-sesion-de-alp-que-viabilice-salida-para-las-elecciones-judiciales\/","url":"https:\/\/www.eldiario.net\/portal\/2023\/12\/16\/exigen-sesion-de-alp-que-viabilice-salida-para-las-elecciones-judiciales\/","name":"Exigen sesi\u00f3n de ALP que viabilice salida para las elecciones judiciales - El Diario - Bolivia","isPartOf":{"@id":"https:\/\/www.eldiario.net\/portal\/#website"},"primaryImageOfPage":{"@id":"https:\/\/www.eldiario.net\/portal\/2023\/12\/16\/exigen-sesion-de-alp-que-viabilice-salida-para-las-elecciones-judiciales\/#primaryimage"},"image":{"@id":"https:\/\/www.eldiario.net\/portal\/2023\/12\/16\/exigen-sesion-de-alp-que-viabilice-salida-para-las-elecciones-judiciales\/#primaryimage"},"thumbnailUrl":"https:\/\/www.eldiario.net\/portal\/wp-content\/uploads\/2023\/12\/40-POL-6.jpg","datePublished":"2023-12-16T10:44:47+00:00","breadcrumb":{"@id":"https:\/\/www.eldiario.net\/portal\/2023\/12\/16\/exigen-sesion-de-alp-que-viabilice-salida-para-las-elecciones-judiciales\/#breadcrumb"},"inLanguage":"es","potentialAction":[{"@type":"ReadAction","target":["https:\/\/www.eldiario.net\/portal\/2023\/12\/16\/exigen-sesion-de-alp-que-viabilice-salida-para-las-elecciones-judiciales\/"]}]},{"@type":"ImageObject","inLanguage":"es","@id":"https:\/\/www.eldiario.net\/portal\/2023\/12\/16\/exigen-sesion-de-alp-que-viabilice-salida-para-las-elecciones-judiciales\/#primaryimage","url":"https:\/\/www.eldiario.net\/portal\/wp-content\/uploads\/2023\/12\/40-POL-6.jpg","contentUrl":"https:\/\/www.eldiario.net\/portal\/wp-content\/uploads\/2023\/12\/40-POL-6.jpg","width":1280,"height":853,"caption":"Sesi\u00f3n de ALP. (referencial)"},{"@type":"BreadcrumbList","@id":"https:\/\/www.eldiario.net\/portal\/2023\/12\/16\/exigen-sesion-de-alp-que-viabilice-salida-para-las-elecciones-judiciales\/#breadcrumb","itemListElement":[{"@type":"ListItem","position":1,"name":"Portada","item":"https:\/\/www.eldiario.net\/portal\/"},{"@type":"ListItem","position":2,"name":"Exigen sesi\u00f3n de ALP que viabilice salida para las elecciones judiciales"}]},{"@type":"WebSite","@id":"https:\/\/www.eldiario.net\/portal\/#website","url":"https:\/\/www.eldiario.net\/portal\/","name":"El Diario - Decano de la prensa nacional","description":"El Diario - Decano de la prensa nacional","publisher":{"@id":"https:\/\/www.eldiario.net\/portal\/#organization"},"potentialAction":[{"@type":"SearchAction","target":{"@type":"EntryPoint","urlTemplate":"https:\/\/www.eldiario.net\/portal\/?s={search_term_string}"},"query-input":{"@type":"PropertyValueSpecification","valueRequired":true,"valueName":"search_term_string"}}],"inLanguage":"es"},{"@type":"Organization","@id":"https:\/\/www.eldiario.net\/portal\/#organization","name":"El Diario - Decano de la prensa nacional","url":"https:\/\/www.eldiario.net\/portal\/","logo":{"@type":"ImageObject","inLanguage":"es","@id":"https:\/\/www.eldiario.net\/portal\/#\/schema\/logo\/image\/","url":"https:\/\/www.eldiario.net\/portal\/wp-content\/uploads\/2023\/07\/logo_ED.jpg","contentUrl":"https:\/\/www.eldiario.net\/portal\/wp-content\/uploads\/2023\/07\/logo_ED.jpg","width":272,"height":52,"caption":"El Diario - Decano de la prensa nacional"},"image":{"@id":"https:\/\/www.eldiario.net\/portal\/#\/schema\/logo\/image\/"},"sameAs":["https:\/\/www.facebook.com\/eldiario.bolivia\/","https:\/\/x.com\/eldiario_net"]},{"@type":"Person","@id":"https:\/\/www.eldiario.net\/portal\/#\/schema\/person\/f46445640444750d7d753ccd04ae01b7","name":"Jeanette","image":{"@type":"ImageObject","inLanguage":"es","@id":"https:\/\/secure.gravatar.com\/avatar\/3ea2118a5f7dad2b7138b1187a6b7ee55f160b9968b66013c3a3ef39dd7e5798?s=96&d=mm&r=g","url":"https:\/\/secure.gravatar.com\/avatar\/3ea2118a5f7dad2b7138b1187a6b7ee55f160b9968b66013c3a3ef39dd7e5798?s=96&d=mm&r=g","contentUrl":"https:\/\/secure.gravatar.com\/avatar\/3ea2118a5f7dad2b7138b1187a6b7ee55f160b9968b66013c3a3ef39dd7e5798?s=96&d=mm&r=g","caption":"Jeanette"},"sameAs":["https:\/\/www.eldiario.net\/portal"],"url":"https:\/\/www.eldiario.net\/portal\/author\/jeanette\/"}]}},"_links":{"self":[{"href":"https:\/\/www.eldiario.net\/portal\/wp-json\/wp\/v2\/posts\/193187","targetHints":{"allow":["GET"]}}],"collection":[{"href":"https:\/\/www.eldiario.net\/portal\/wp-json\/wp\/v2\/posts"}],"about":[{"href":"https:\/\/www.eldiario.net\/portal\/wp-json\/wp\/v2\/types\/post"}],"author":[{"embeddable":true,"href":"https:\/\/www.eldiario.net\/portal\/wp-json\/wp\/v2\/users\/1"}],"replies":[{"embeddable":true,"href":"https:\/\/www.eldiario.net\/portal\/wp-json\/wp\/v2\/comments?post=193187"}],"version-history":[{"count":0,"href":"https:\/\/www.eldiario.net\/portal\/wp-json\/wp\/v2\/posts\/193187\/revisions"}],"wp:featuredmedia":[{"embeddable":true,"href":"https:\/\/www.eldiario.net\/portal\/wp-json\/wp\/v2\/media\/193188"}],"wp:attachment":[{"href":"https:\/\/www.eldiario.net\/portal\/wp-json\/wp\/v2\/media?parent=193187"}],"wp:term":[{"taxonomy":"category","embeddable":true,"href":"https:\/\/www.eldiario.net\/portal\/wp-json\/wp\/v2\/categories?post=193187"},{"taxonomy":"post_tag","embeddable":true,"href":"https:\/\/www.eldiario.net\/portal\/wp-json\/wp\/v2\/tags?post=193187"}],"curies":[{"name":"wp","href":"https:\/\/api.w.org\/{rel}","templated":true}]}}