{"id":193184,"date":"2023-12-16T06:43:49","date_gmt":"2023-12-16T10:43:49","guid":{"rendered":"https:\/\/www.eldiario.net\/portal\/?p=193184"},"modified":"2023-12-16T06:43:49","modified_gmt":"2023-12-16T10:43:49","slug":"piden-informe-sobre-licitacion-y-recepcion-de-ruta-por-el-sillar","status":"publish","type":"post","link":"https:\/\/www.eldiario.net\/portal\/2023\/12\/16\/piden-informe-sobre-licitacion-y-recepcion-de-ruta-por-el-sillar\/","title":{"rendered":"Piden informe sobre licitaci\u00f3n y  recepci\u00f3n de ruta por El Sillar"},"content":{"rendered":"<p>Mediante una Petici\u00f3n de Informe Escrito (PIE), el diputado por la agrupaci\u00f3n Creemos, Oscar Michel, solicit\u00f3 al ministro de Obras P\u00fablicas, Servicios y Vivienda, Edgar Monta\u00f1o, detallar con los debidos sustentos t\u00e9cnicos y administrativos, todo el proceso de convocatoria p\u00fablica a compulsa, adjudicaci\u00f3n y recepci\u00f3n de la nueva carretera que atraviesa la zona de El Sillar.<br \/>\nAnte la p\u00e9rdida f\u00edsica de este tramo vial, al que se suman las p\u00e9rdidas ocasionadas al transporte y otros da\u00f1os colaterales, el informe documentado exige conocer las acciones de reposici\u00f3n iniciadas y si fue ejecutada la boleta de garant\u00eda por $us 20 millones, entregados por la adjudicataria Sinohydro Corporation Limited.<br \/>\n\u201cCu\u00e1ntas empresas se presentaron a este proceso de contrataci\u00f3n de la Doble V\u00eda El Sillar y detalle el monto ofertado por cada una de ellas, tambi\u00e9n tenga a bien remitir el informe de la Comisi\u00f3n de Calificaci\u00f3n, as\u00ed como la Resoluci\u00f3n de Adjudicaci\u00f3n y si hubo adendas al mismo. De ser as\u00ed, remita tanto el contrato como las adendas. Tambi\u00e9n informe el estado de avance f\u00edsico para la reparaci\u00f3n de la obra en cuesti\u00f3n; as\u00ed mismo, tenga a bien detallar el total del estado financiero final. Detalle las fechas y los montos de los desembolsos que han realizado en este proyecto, adjunte documentaci\u00f3n de respaldo\u201d, se\u00f1ala parte de la Petici\u00f3n de Informe Escrito, enviado por la Asamblea Legislativa.<br \/>\nEn este contexto, Michel se\u00f1al\u00f3 que el ministro Monta\u00f1o le debe explicar al pa\u00eds bajo qu\u00e9 criterios fue adjudicada esa carretera, frente a los escandalosos hechos de corrupci\u00f3n que involucran las inversiones delegadas a la Administradora Boliviana de Carreteras.<br \/>\nEl acto de fiscalizaci\u00f3n legislativa sobre esta inversi\u00f3n cobra especial importancia debido al desastre ocurrido en el kil\u00f3metro 105 de la carretera por el hundimiento de la plataforma asf\u00e1ltica, tras un derrumbe debido a las permanentes filtraciones de agua.<\/p>\n","protected":false},"excerpt":{"rendered":"<p>Mediante una Petici\u00f3n de Informe Escrito (PIE), el diputado por la agrupaci\u00f3n Creemos, Oscar Michel, solicit\u00f3 al ministro de Obras P\u00fablicas, Servicios y Vivienda, Edgar Monta\u00f1o, detallar con los debidos sustentos t\u00e9cnicos y administrativos, todo el proceso de convocatoria p\u00fablica a compulsa, adjudicaci\u00f3n y recepci\u00f3n de la nueva carretera que atraviesa la zona de El [&hellip;]<\/p>\n","protected":false},"author":1,"featured_media":193185,"comment_status":"closed","ping_status":"open","sticky":false,"template":"","format":"standard","meta":{"_acf_changed":false,"footnotes":""},"categories":[14],"tags":[],"class_list":["post-193184","post","type-post","status-publish","format-standard","has-post-thumbnail","category-politica"],"acf":{"antetitulo":""},"yoast_head":"<!-- This site is optimized with the Yoast SEO plugin v28.3 - https:\/\/yoast.com\/product\/yoast-seo-wordpress\/ -->\n<title>Piden informe sobre licitaci\u00f3n y recepci\u00f3n de ruta por El Sillar - El Diario - Bolivia<\/title>\n<meta name=\"robots\" content=\"index, follow, max-snippet:-1, max-image-preview:large, max-video-preview:-1\" \/>\n<link rel=\"canonical\" href=\"https:\/\/www.eldiario.net\/portal\/2023\/12\/16\/piden-informe-sobre-licitacion-y-recepcion-de-ruta-por-el-sillar\/\" \/>\n<meta property=\"og:locale\" content=\"es_ES\" \/>\n<meta property=\"og:type\" content=\"article\" \/>\n<meta property=\"og:title\" content=\"Piden informe sobre licitaci\u00f3n y recepci\u00f3n de ruta por El Sillar - El Diario - Bolivia\" \/>\n<meta property=\"og:description\" content=\"Mediante una Petici\u00f3n de Informe Escrito (PIE), el diputado por la agrupaci\u00f3n Creemos, Oscar Michel, solicit\u00f3 al ministro de Obras P\u00fablicas, Servicios y Vivienda, Edgar Monta\u00f1o, detallar con los debidos sustentos t\u00e9cnicos y administrativos, todo el proceso de convocatoria p\u00fablica a compulsa, adjudicaci\u00f3n y recepci\u00f3n de la nueva carretera que atraviesa la zona de El [&hellip;]\" \/>\n<meta property=\"og:url\" content=\"https:\/\/www.eldiario.net\/portal\/2023\/12\/16\/piden-informe-sobre-licitacion-y-recepcion-de-ruta-por-el-sillar\/\" \/>\n<meta property=\"og:site_name\" content=\"El Diario - Bolivia\" \/>\n<meta property=\"article:publisher\" content=\"https:\/\/www.facebook.com\/eldiario.bolivia\/\" \/>\n<meta property=\"article:published_time\" content=\"2023-12-16T10:43:49+00:00\" \/>\n<meta property=\"og:image\" content=\"https:\/\/www.eldiario.net\/portal\/wp-content\/uploads\/2023\/12\/42-POL-3.jpg\" \/>\n\t<meta property=\"og:image:width\" content=\"640\" \/>\n\t<meta property=\"og:image:height\" content=\"480\" \/>\n\t<meta property=\"og:image:type\" content=\"image\/jpeg\" \/>\n<meta name=\"author\" content=\"Jeanette\" \/>\n<meta name=\"twitter:card\" content=\"summary_large_image\" \/>\n<meta name=\"twitter:creator\" content=\"@eldiario_net\" \/>\n<meta name=\"twitter:site\" content=\"@eldiario_net\" \/>\n<meta name=\"twitter:label1\" content=\"Escrito por\" \/>\n\t<meta name=\"twitter:data1\" content=\"Jeanette\" \/>\n\t<meta name=\"twitter:label2\" content=\"Tiempo de lectura\" \/>\n\t<meta name=\"twitter:data2\" content=\"2 minutos\" \/>\n<script type=\"application\/ld+json\" class=\"yoast-schema-graph\">{\"@context\":\"https:\\\/\\\/schema.org\",\"@graph\":[{\"@type\":\"Article\",\"@id\":\"https:\\\/\\\/www.eldiario.net\\\/portal\\\/2023\\\/12\\\/16\\\/piden-informe-sobre-licitacion-y-recepcion-de-ruta-por-el-sillar\\\/#article\",\"isPartOf\":{\"@id\":\"https:\\\/\\\/www.eldiario.net\\\/portal\\\/2023\\\/12\\\/16\\\/piden-informe-sobre-licitacion-y-recepcion-de-ruta-por-el-sillar\\\/\"},\"author\":{\"name\":\"Jeanette\",\"@id\":\"https:\\\/\\\/www.eldiario.net\\\/portal\\\/#\\\/schema\\\/person\\\/f46445640444750d7d753ccd04ae01b7\"},\"headline\":\"Piden informe sobre licitaci\u00f3n y recepci\u00f3n de ruta por El Sillar\",\"datePublished\":\"2023-12-16T10:43:49+00:00\",\"mainEntityOfPage\":{\"@id\":\"https:\\\/\\\/www.eldiario.net\\\/portal\\\/2023\\\/12\\\/16\\\/piden-informe-sobre-licitacion-y-recepcion-de-ruta-por-el-sillar\\\/\"},\"wordCount\":350,\"publisher\":{\"@id\":\"https:\\\/\\\/www.eldiario.net\\\/portal\\\/#organization\"},\"image\":{\"@id\":\"https:\\\/\\\/www.eldiario.net\\\/portal\\\/2023\\\/12\\\/16\\\/piden-informe-sobre-licitacion-y-recepcion-de-ruta-por-el-sillar\\\/#primaryimage\"},\"thumbnailUrl\":\"https:\\\/\\\/www.eldiario.net\\\/portal\\\/wp-content\\\/uploads\\\/2023\\\/12\\\/42-POL-3.jpg\",\"articleSection\":[\"Pol\u00edtica\"],\"inLanguage\":\"es\"},{\"@type\":\"WebPage\",\"@id\":\"https:\\\/\\\/www.eldiario.net\\\/portal\\\/2023\\\/12\\\/16\\\/piden-informe-sobre-licitacion-y-recepcion-de-ruta-por-el-sillar\\\/\",\"url\":\"https:\\\/\\\/www.eldiario.net\\\/portal\\\/2023\\\/12\\\/16\\\/piden-informe-sobre-licitacion-y-recepcion-de-ruta-por-el-sillar\\\/\",\"name\":\"Piden informe sobre licitaci\u00f3n y recepci\u00f3n de ruta por El Sillar - El Diario - Bolivia\",\"isPartOf\":{\"@id\":\"https:\\\/\\\/www.eldiario.net\\\/portal\\\/#website\"},\"primaryImageOfPage\":{\"@id\":\"https:\\\/\\\/www.eldiario.net\\\/portal\\\/2023\\\/12\\\/16\\\/piden-informe-sobre-licitacion-y-recepcion-de-ruta-por-el-sillar\\\/#primaryimage\"},\"image\":{\"@id\":\"https:\\\/\\\/www.eldiario.net\\\/portal\\\/2023\\\/12\\\/16\\\/piden-informe-sobre-licitacion-y-recepcion-de-ruta-por-el-sillar\\\/#primaryimage\"},\"thumbnailUrl\":\"https:\\\/\\\/www.eldiario.net\\\/portal\\\/wp-content\\\/uploads\\\/2023\\\/12\\\/42-POL-3.jpg\",\"datePublished\":\"2023-12-16T10:43:49+00:00\",\"breadcrumb\":{\"@id\":\"https:\\\/\\\/www.eldiario.net\\\/portal\\\/2023\\\/12\\\/16\\\/piden-informe-sobre-licitacion-y-recepcion-de-ruta-por-el-sillar\\\/#breadcrumb\"},\"inLanguage\":\"es\",\"potentialAction\":[{\"@type\":\"ReadAction\",\"target\":[\"https:\\\/\\\/www.eldiario.net\\\/portal\\\/2023\\\/12\\\/16\\\/piden-informe-sobre-licitacion-y-recepcion-de-ruta-por-el-sillar\\\/\"]}]},{\"@type\":\"ImageObject\",\"inLanguage\":\"es\",\"@id\":\"https:\\\/\\\/www.eldiario.net\\\/portal\\\/2023\\\/12\\\/16\\\/piden-informe-sobre-licitacion-y-recepcion-de-ruta-por-el-sillar\\\/#primaryimage\",\"url\":\"https:\\\/\\\/www.eldiario.net\\\/portal\\\/wp-content\\\/uploads\\\/2023\\\/12\\\/42-POL-3.jpg\",\"contentUrl\":\"https:\\\/\\\/www.eldiario.net\\\/portal\\\/wp-content\\\/uploads\\\/2023\\\/12\\\/42-POL-3.jpg\",\"width\":640,\"height\":480,\"caption\":\"Diputado Oscar Michel (Creemos).\"},{\"@type\":\"BreadcrumbList\",\"@id\":\"https:\\\/\\\/www.eldiario.net\\\/portal\\\/2023\\\/12\\\/16\\\/piden-informe-sobre-licitacion-y-recepcion-de-ruta-por-el-sillar\\\/#breadcrumb\",\"itemListElement\":[{\"@type\":\"ListItem\",\"position\":1,\"name\":\"Portada\",\"item\":\"https:\\\/\\\/www.eldiario.net\\\/portal\\\/\"},{\"@type\":\"ListItem\",\"position\":2,\"name\":\"Piden informe sobre licitaci\u00f3n y recepci\u00f3n de ruta por El Sillar\"}]},{\"@type\":\"WebSite\",\"@id\":\"https:\\\/\\\/www.eldiario.net\\\/portal\\\/#website\",\"url\":\"https:\\\/\\\/www.eldiario.net\\\/portal\\\/\",\"name\":\"El Diario - Decano de la prensa nacional\",\"description\":\"El Diario - Decano de la prensa nacional\",\"publisher\":{\"@id\":\"https:\\\/\\\/www.eldiario.net\\\/portal\\\/#organization\"},\"potentialAction\":[{\"@type\":\"SearchAction\",\"target\":{\"@type\":\"EntryPoint\",\"urlTemplate\":\"https:\\\/\\\/www.eldiario.net\\\/portal\\\/?s={search_term_string}\"},\"query-input\":{\"@type\":\"PropertyValueSpecification\",\"valueRequired\":true,\"valueName\":\"search_term_string\"}}],\"inLanguage\":\"es\"},{\"@type\":\"Organization\",\"@id\":\"https:\\\/\\\/www.eldiario.net\\\/portal\\\/#organization\",\"name\":\"El Diario - Decano de la prensa nacional\",\"url\":\"https:\\\/\\\/www.eldiario.net\\\/portal\\\/\",\"logo\":{\"@type\":\"ImageObject\",\"inLanguage\":\"es\",\"@id\":\"https:\\\/\\\/www.eldiario.net\\\/portal\\\/#\\\/schema\\\/logo\\\/image\\\/\",\"url\":\"https:\\\/\\\/www.eldiario.net\\\/portal\\\/wp-content\\\/uploads\\\/2023\\\/07\\\/logo_ED.jpg\",\"contentUrl\":\"https:\\\/\\\/www.eldiario.net\\\/portal\\\/wp-content\\\/uploads\\\/2023\\\/07\\\/logo_ED.jpg\",\"width\":272,\"height\":52,\"caption\":\"El Diario - Decano de la prensa nacional\"},\"image\":{\"@id\":\"https:\\\/\\\/www.eldiario.net\\\/portal\\\/#\\\/schema\\\/logo\\\/image\\\/\"},\"sameAs\":[\"https:\\\/\\\/www.facebook.com\\\/eldiario.bolivia\\\/\",\"https:\\\/\\\/x.com\\\/eldiario_net\"]},{\"@type\":\"Person\",\"@id\":\"https:\\\/\\\/www.eldiario.net\\\/portal\\\/#\\\/schema\\\/person\\\/f46445640444750d7d753ccd04ae01b7\",\"name\":\"Jeanette\",\"image\":{\"@type\":\"ImageObject\",\"inLanguage\":\"es\",\"@id\":\"https:\\\/\\\/secure.gravatar.com\\\/avatar\\\/3ea2118a5f7dad2b7138b1187a6b7ee55f160b9968b66013c3a3ef39dd7e5798?s=96&d=mm&r=g\",\"url\":\"https:\\\/\\\/secure.gravatar.com\\\/avatar\\\/3ea2118a5f7dad2b7138b1187a6b7ee55f160b9968b66013c3a3ef39dd7e5798?s=96&d=mm&r=g\",\"contentUrl\":\"https:\\\/\\\/secure.gravatar.com\\\/avatar\\\/3ea2118a5f7dad2b7138b1187a6b7ee55f160b9968b66013c3a3ef39dd7e5798?s=96&d=mm&r=g\",\"caption\":\"Jeanette\"},\"sameAs\":[\"https:\\\/\\\/www.eldiario.net\\\/portal\"],\"url\":\"https:\\\/\\\/www.eldiario.net\\\/portal\\\/author\\\/jeanette\\\/\"}]}<\/script>\n<!-- \/ Yoast SEO plugin. -->","yoast_head_json":{"title":"Piden informe sobre licitaci\u00f3n y recepci\u00f3n de ruta por El Sillar - El Diario - Bolivia","robots":{"index":"index","follow":"follow","max-snippet":"max-snippet:-1","max-image-preview":"max-image-preview:large","max-video-preview":"max-video-preview:-1"},"canonical":"https:\/\/www.eldiario.net\/portal\/2023\/12\/16\/piden-informe-sobre-licitacion-y-recepcion-de-ruta-por-el-sillar\/","og_locale":"es_ES","og_type":"article","og_title":"Piden informe sobre licitaci\u00f3n y recepci\u00f3n de ruta por El Sillar - El Diario - Bolivia","og_description":"Mediante una Petici\u00f3n de Informe Escrito (PIE), el diputado por la agrupaci\u00f3n Creemos, Oscar Michel, solicit\u00f3 al ministro de Obras P\u00fablicas, Servicios y Vivienda, Edgar Monta\u00f1o, detallar con los debidos sustentos t\u00e9cnicos y administrativos, todo el proceso de convocatoria p\u00fablica a compulsa, adjudicaci\u00f3n y recepci\u00f3n de la nueva carretera que atraviesa la zona de El [&hellip;]","og_url":"https:\/\/www.eldiario.net\/portal\/2023\/12\/16\/piden-informe-sobre-licitacion-y-recepcion-de-ruta-por-el-sillar\/","og_site_name":"El Diario - Bolivia","article_publisher":"https:\/\/www.facebook.com\/eldiario.bolivia\/","article_published_time":"2023-12-16T10:43:49+00:00","og_image":[{"width":640,"height":480,"url":"https:\/\/www.eldiario.net\/portal\/wp-content\/uploads\/2023\/12\/42-POL-3.jpg","type":"image\/jpeg"}],"author":"Jeanette","twitter_card":"summary_large_image","twitter_creator":"@eldiario_net","twitter_site":"@eldiario_net","twitter_misc":{"Escrito por":"Jeanette","Tiempo de lectura":"2 minutos"},"schema":{"@context":"https:\/\/schema.org","@graph":[{"@type":"Article","@id":"https:\/\/www.eldiario.net\/portal\/2023\/12\/16\/piden-informe-sobre-licitacion-y-recepcion-de-ruta-por-el-sillar\/#article","isPartOf":{"@id":"https:\/\/www.eldiario.net\/portal\/2023\/12\/16\/piden-informe-sobre-licitacion-y-recepcion-de-ruta-por-el-sillar\/"},"author":{"name":"Jeanette","@id":"https:\/\/www.eldiario.net\/portal\/#\/schema\/person\/f46445640444750d7d753ccd04ae01b7"},"headline":"Piden informe sobre licitaci\u00f3n y recepci\u00f3n de ruta por El Sillar","datePublished":"2023-12-16T10:43:49+00:00","mainEntityOfPage":{"@id":"https:\/\/www.eldiario.net\/portal\/2023\/12\/16\/piden-informe-sobre-licitacion-y-recepcion-de-ruta-por-el-sillar\/"},"wordCount":350,"publisher":{"@id":"https:\/\/www.eldiario.net\/portal\/#organization"},"image":{"@id":"https:\/\/www.eldiario.net\/portal\/2023\/12\/16\/piden-informe-sobre-licitacion-y-recepcion-de-ruta-por-el-sillar\/#primaryimage"},"thumbnailUrl":"https:\/\/www.eldiario.net\/portal\/wp-content\/uploads\/2023\/12\/42-POL-3.jpg","articleSection":["Pol\u00edtica"],"inLanguage":"es"},{"@type":"WebPage","@id":"https:\/\/www.eldiario.net\/portal\/2023\/12\/16\/piden-informe-sobre-licitacion-y-recepcion-de-ruta-por-el-sillar\/","url":"https:\/\/www.eldiario.net\/portal\/2023\/12\/16\/piden-informe-sobre-licitacion-y-recepcion-de-ruta-por-el-sillar\/","name":"Piden informe sobre licitaci\u00f3n y recepci\u00f3n de ruta por El Sillar - El Diario - Bolivia","isPartOf":{"@id":"https:\/\/www.eldiario.net\/portal\/#website"},"primaryImageOfPage":{"@id":"https:\/\/www.eldiario.net\/portal\/2023\/12\/16\/piden-informe-sobre-licitacion-y-recepcion-de-ruta-por-el-sillar\/#primaryimage"},"image":{"@id":"https:\/\/www.eldiario.net\/portal\/2023\/12\/16\/piden-informe-sobre-licitacion-y-recepcion-de-ruta-por-el-sillar\/#primaryimage"},"thumbnailUrl":"https:\/\/www.eldiario.net\/portal\/wp-content\/uploads\/2023\/12\/42-POL-3.jpg","datePublished":"2023-12-16T10:43:49+00:00","breadcrumb":{"@id":"https:\/\/www.eldiario.net\/portal\/2023\/12\/16\/piden-informe-sobre-licitacion-y-recepcion-de-ruta-por-el-sillar\/#breadcrumb"},"inLanguage":"es","potentialAction":[{"@type":"ReadAction","target":["https:\/\/www.eldiario.net\/portal\/2023\/12\/16\/piden-informe-sobre-licitacion-y-recepcion-de-ruta-por-el-sillar\/"]}]},{"@type":"ImageObject","inLanguage":"es","@id":"https:\/\/www.eldiario.net\/portal\/2023\/12\/16\/piden-informe-sobre-licitacion-y-recepcion-de-ruta-por-el-sillar\/#primaryimage","url":"https:\/\/www.eldiario.net\/portal\/wp-content\/uploads\/2023\/12\/42-POL-3.jpg","contentUrl":"https:\/\/www.eldiario.net\/portal\/wp-content\/uploads\/2023\/12\/42-POL-3.jpg","width":640,"height":480,"caption":"Diputado Oscar Michel (Creemos)."},{"@type":"BreadcrumbList","@id":"https:\/\/www.eldiario.net\/portal\/2023\/12\/16\/piden-informe-sobre-licitacion-y-recepcion-de-ruta-por-el-sillar\/#breadcrumb","itemListElement":[{"@type":"ListItem","position":1,"name":"Portada","item":"https:\/\/www.eldiario.net\/portal\/"},{"@type":"ListItem","position":2,"name":"Piden informe sobre licitaci\u00f3n y recepci\u00f3n de ruta por El Sillar"}]},{"@type":"WebSite","@id":"https:\/\/www.eldiario.net\/portal\/#website","url":"https:\/\/www.eldiario.net\/portal\/","name":"El Diario - Decano de la prensa nacional","description":"El Diario - Decano de la prensa nacional","publisher":{"@id":"https:\/\/www.eldiario.net\/portal\/#organization"},"potentialAction":[{"@type":"SearchAction","target":{"@type":"EntryPoint","urlTemplate":"https:\/\/www.eldiario.net\/portal\/?s={search_term_string}"},"query-input":{"@type":"PropertyValueSpecification","valueRequired":true,"valueName":"search_term_string"}}],"inLanguage":"es"},{"@type":"Organization","@id":"https:\/\/www.eldiario.net\/portal\/#organization","name":"El Diario - Decano de la prensa nacional","url":"https:\/\/www.eldiario.net\/portal\/","logo":{"@type":"ImageObject","inLanguage":"es","@id":"https:\/\/www.eldiario.net\/portal\/#\/schema\/logo\/image\/","url":"https:\/\/www.eldiario.net\/portal\/wp-content\/uploads\/2023\/07\/logo_ED.jpg","contentUrl":"https:\/\/www.eldiario.net\/portal\/wp-content\/uploads\/2023\/07\/logo_ED.jpg","width":272,"height":52,"caption":"El Diario - Decano de la prensa nacional"},"image":{"@id":"https:\/\/www.eldiario.net\/portal\/#\/schema\/logo\/image\/"},"sameAs":["https:\/\/www.facebook.com\/eldiario.bolivia\/","https:\/\/x.com\/eldiario_net"]},{"@type":"Person","@id":"https:\/\/www.eldiario.net\/portal\/#\/schema\/person\/f46445640444750d7d753ccd04ae01b7","name":"Jeanette","image":{"@type":"ImageObject","inLanguage":"es","@id":"https:\/\/secure.gravatar.com\/avatar\/3ea2118a5f7dad2b7138b1187a6b7ee55f160b9968b66013c3a3ef39dd7e5798?s=96&d=mm&r=g","url":"https:\/\/secure.gravatar.com\/avatar\/3ea2118a5f7dad2b7138b1187a6b7ee55f160b9968b66013c3a3ef39dd7e5798?s=96&d=mm&r=g","contentUrl":"https:\/\/secure.gravatar.com\/avatar\/3ea2118a5f7dad2b7138b1187a6b7ee55f160b9968b66013c3a3ef39dd7e5798?s=96&d=mm&r=g","caption":"Jeanette"},"sameAs":["https:\/\/www.eldiario.net\/portal"],"url":"https:\/\/www.eldiario.net\/portal\/author\/jeanette\/"}]}},"_links":{"self":[{"href":"https:\/\/www.eldiario.net\/portal\/wp-json\/wp\/v2\/posts\/193184","targetHints":{"allow":["GET"]}}],"collection":[{"href":"https:\/\/www.eldiario.net\/portal\/wp-json\/wp\/v2\/posts"}],"about":[{"href":"https:\/\/www.eldiario.net\/portal\/wp-json\/wp\/v2\/types\/post"}],"author":[{"embeddable":true,"href":"https:\/\/www.eldiario.net\/portal\/wp-json\/wp\/v2\/users\/1"}],"replies":[{"embeddable":true,"href":"https:\/\/www.eldiario.net\/portal\/wp-json\/wp\/v2\/comments?post=193184"}],"version-history":[{"count":0,"href":"https:\/\/www.eldiario.net\/portal\/wp-json\/wp\/v2\/posts\/193184\/revisions"}],"wp:featuredmedia":[{"embeddable":true,"href":"https:\/\/www.eldiario.net\/portal\/wp-json\/wp\/v2\/media\/193185"}],"wp:attachment":[{"href":"https:\/\/www.eldiario.net\/portal\/wp-json\/wp\/v2\/media?parent=193184"}],"wp:term":[{"taxonomy":"category","embeddable":true,"href":"https:\/\/www.eldiario.net\/portal\/wp-json\/wp\/v2\/categories?post=193184"},{"taxonomy":"post_tag","embeddable":true,"href":"https:\/\/www.eldiario.net\/portal\/wp-json\/wp\/v2\/tags?post=193184"}],"curies":[{"name":"wp","href":"https:\/\/api.w.org\/{rel}","templated":true}]}}