{"id":193181,"date":"2023-12-16T06:43:01","date_gmt":"2023-12-16T10:43:01","guid":{"rendered":"https:\/\/www.eldiario.net\/portal\/?p=193181"},"modified":"2023-12-16T06:43:01","modified_gmt":"2023-12-16T10:43:01","slug":"onu-toma-conocimiento-de-la-abusiva-detencion-preventiva-en-el-pais","status":"publish","type":"post","link":"https:\/\/www.eldiario.net\/portal\/2023\/12\/16\/onu-toma-conocimiento-de-la-abusiva-detencion-preventiva-en-el-pais\/","title":{"rendered":"ONU toma conocimiento de la abusiva  detenci\u00f3n preventiva en el pa\u00eds"},"content":{"rendered":"<p>El coordinador residente del Sistema de Naciones Unidas en Bolivia, Rafael Ram\u00edrez Mesec, mediante una carta enviada a la senadora Centa Rek, confirm\u00f3 la recepci\u00f3n de la denunciada, presentada respecto a la utilizaci\u00f3n abusiva y desmedida de la detenci\u00f3n preventiva en el pa\u00eds, de forma espec\u00edfica en el caso de la exalcaldesa de Santa Cruz de la Sierra, Ang\u00e9lica Sosa, que fue transmitido a las instancias correspondientes de este organismo.<br \/>\nDesde sus redes sociales, Rek inform\u00f3 haber sido notificada con la confirmaci\u00f3n de entrega de la nota en la que denunci\u00f3 el empleo excesivo de la detenci\u00f3n preventiva en perjuicio de la exalcaldesa Sosa.<br \/>\n\u201cLe informo que transmitiremos su denuncia a las instancias de la Organizaci\u00f3n de las Naciones Unidas que correspondan\u201d, se\u00f1ala Ram\u00edrez Mersec en su carta de respuesta a Rek.<br \/>\nEl pasado 7 de diciembre, la senadora cruce\u00f1a remiti\u00f3 distintas notas de denuncia ante la Comisi\u00f3n Interamericana de Derechos Humanos, Organizaci\u00f3n de las Naciones Unidas y otros organismos internacionales, alertando sobre el empleo irracional y excesivo de la figura de la \u201cdetenci\u00f3n preventiva\u201d contra presos pol\u00edticos en Bolivia.<br \/>\nSe\u00f1al\u00f3 que estas acciones se constituyen en una violaci\u00f3n de derechos y garant\u00edas judiciales reconocidos en los art\u00edculos 5, 7, 8, 25, 26 y 17 de la Convenci\u00f3n Americana sobre Derechos Humanos, adem\u00e1s de la injerencia y presiones pol\u00edticas que se ejercen sobre operadores de justicia para evitar el cese de esta medida.<br \/>\nEn la denuncia, Rek especifica el caso de la exalcaldesa Sosa, como un ejemplo de la situaci\u00f3n que vive la mayor\u00eda de los presos pol\u00edticos en Bolivia, que sufren la manipulaci\u00f3n de la justicia y su instrumentalizaci\u00f3n por parte del gobierno del MAS, as\u00ed como el incumplimiento de las garant\u00edas y la protecci\u00f3n judicial, derechos humanos que deben ser garantizados en todos los casos sin importar la calidad de la persona, el proceso, o su posible culpabilidad, en virtud del principio de igualdad ante la ley.<\/p>\n","protected":false},"excerpt":{"rendered":"<p>El coordinador residente del Sistema de Naciones Unidas en Bolivia, Rafael Ram\u00edrez Mesec, mediante una carta enviada a la senadora Centa Rek, confirm\u00f3 la recepci\u00f3n de la denunciada, presentada respecto a la utilizaci\u00f3n abusiva y desmedida de la detenci\u00f3n preventiva en el pa\u00eds, de forma espec\u00edfica en el caso de la exalcaldesa de Santa Cruz [&hellip;]<\/p>\n","protected":false},"author":1,"featured_media":193182,"comment_status":"closed","ping_status":"open","sticky":false,"template":"","format":"standard","meta":{"_acf_changed":false,"footnotes":""},"categories":[14],"tags":[],"class_list":["post-193181","post","type-post","status-publish","format-standard","has-post-thumbnail","category-politica"],"acf":{"antetitulo":""},"yoast_head":"<!-- This site is optimized with the Yoast SEO plugin v28.4 - https:\/\/yoast.com\/product\/yoast-seo-wordpress\/ -->\n<title>ONU toma conocimiento de la abusiva detenci\u00f3n preventiva en el pa\u00eds - El Diario - Bolivia<\/title>\n<meta name=\"robots\" content=\"index, follow, max-snippet:-1, max-image-preview:large, max-video-preview:-1\" \/>\n<link rel=\"canonical\" href=\"https:\/\/www.eldiario.net\/portal\/2023\/12\/16\/onu-toma-conocimiento-de-la-abusiva-detencion-preventiva-en-el-pais\/\" \/>\n<meta property=\"og:locale\" content=\"es_ES\" \/>\n<meta property=\"og:type\" content=\"article\" \/>\n<meta property=\"og:title\" content=\"ONU toma conocimiento de la abusiva detenci\u00f3n preventiva en el pa\u00eds - El Diario - Bolivia\" \/>\n<meta property=\"og:description\" content=\"El coordinador residente del Sistema de Naciones Unidas en Bolivia, Rafael Ram\u00edrez Mesec, mediante una carta enviada a la senadora Centa Rek, confirm\u00f3 la recepci\u00f3n de la denunciada, presentada respecto a la utilizaci\u00f3n abusiva y desmedida de la detenci\u00f3n preventiva en el pa\u00eds, de forma espec\u00edfica en el caso de la exalcaldesa de Santa Cruz [&hellip;]\" \/>\n<meta property=\"og:url\" content=\"https:\/\/www.eldiario.net\/portal\/2023\/12\/16\/onu-toma-conocimiento-de-la-abusiva-detencion-preventiva-en-el-pais\/\" \/>\n<meta property=\"og:site_name\" content=\"El Diario - Bolivia\" \/>\n<meta property=\"article:publisher\" content=\"https:\/\/www.facebook.com\/eldiario.bolivia\/\" \/>\n<meta property=\"article:published_time\" content=\"2023-12-16T10:43:01+00:00\" \/>\n<meta property=\"og:image\" content=\"https:\/\/www.eldiario.net\/portal\/wp-content\/uploads\/2023\/12\/41-POL-3.jpg\" \/>\n\t<meta property=\"og:image:width\" content=\"1280\" \/>\n\t<meta property=\"og:image:height\" content=\"853\" \/>\n\t<meta property=\"og:image:type\" content=\"image\/jpeg\" \/>\n<meta name=\"author\" content=\"Jeanette\" \/>\n<meta name=\"twitter:card\" content=\"summary_large_image\" \/>\n<meta name=\"twitter:creator\" content=\"@eldiario_net\" \/>\n<meta name=\"twitter:site\" content=\"@eldiario_net\" \/>\n<meta name=\"twitter:label1\" content=\"Escrito por\" \/>\n\t<meta name=\"twitter:data1\" content=\"Jeanette\" \/>\n\t<meta name=\"twitter:label2\" content=\"Tiempo de lectura\" \/>\n\t<meta name=\"twitter:data2\" content=\"2 minutos\" \/>\n<script type=\"application\/ld+json\" class=\"yoast-schema-graph\">{\"@context\":\"https:\\\/\\\/schema.org\",\"@graph\":[{\"@type\":\"Article\",\"@id\":\"https:\\\/\\\/www.eldiario.net\\\/portal\\\/2023\\\/12\\\/16\\\/onu-toma-conocimiento-de-la-abusiva-detencion-preventiva-en-el-pais\\\/#article\",\"isPartOf\":{\"@id\":\"https:\\\/\\\/www.eldiario.net\\\/portal\\\/2023\\\/12\\\/16\\\/onu-toma-conocimiento-de-la-abusiva-detencion-preventiva-en-el-pais\\\/\"},\"author\":{\"name\":\"Jeanette\",\"@id\":\"https:\\\/\\\/www.eldiario.net\\\/portal\\\/#\\\/schema\\\/person\\\/f46445640444750d7d753ccd04ae01b7\"},\"headline\":\"ONU toma conocimiento de la abusiva detenci\u00f3n preventiva en el pa\u00eds\",\"datePublished\":\"2023-12-16T10:43:01+00:00\",\"mainEntityOfPage\":{\"@id\":\"https:\\\/\\\/www.eldiario.net\\\/portal\\\/2023\\\/12\\\/16\\\/onu-toma-conocimiento-de-la-abusiva-detencion-preventiva-en-el-pais\\\/\"},\"wordCount\":356,\"publisher\":{\"@id\":\"https:\\\/\\\/www.eldiario.net\\\/portal\\\/#organization\"},\"image\":{\"@id\":\"https:\\\/\\\/www.eldiario.net\\\/portal\\\/2023\\\/12\\\/16\\\/onu-toma-conocimiento-de-la-abusiva-detencion-preventiva-en-el-pais\\\/#primaryimage\"},\"thumbnailUrl\":\"https:\\\/\\\/www.eldiario.net\\\/portal\\\/wp-content\\\/uploads\\\/2023\\\/12\\\/41-POL-3.jpg\",\"articleSection\":[\"Pol\u00edtica\"],\"inLanguage\":\"es\"},{\"@type\":\"WebPage\",\"@id\":\"https:\\\/\\\/www.eldiario.net\\\/portal\\\/2023\\\/12\\\/16\\\/onu-toma-conocimiento-de-la-abusiva-detencion-preventiva-en-el-pais\\\/\",\"url\":\"https:\\\/\\\/www.eldiario.net\\\/portal\\\/2023\\\/12\\\/16\\\/onu-toma-conocimiento-de-la-abusiva-detencion-preventiva-en-el-pais\\\/\",\"name\":\"ONU toma conocimiento de la abusiva detenci\u00f3n preventiva en el pa\u00eds - El Diario - Bolivia\",\"isPartOf\":{\"@id\":\"https:\\\/\\\/www.eldiario.net\\\/portal\\\/#website\"},\"primaryImageOfPage\":{\"@id\":\"https:\\\/\\\/www.eldiario.net\\\/portal\\\/2023\\\/12\\\/16\\\/onu-toma-conocimiento-de-la-abusiva-detencion-preventiva-en-el-pais\\\/#primaryimage\"},\"image\":{\"@id\":\"https:\\\/\\\/www.eldiario.net\\\/portal\\\/2023\\\/12\\\/16\\\/onu-toma-conocimiento-de-la-abusiva-detencion-preventiva-en-el-pais\\\/#primaryimage\"},\"thumbnailUrl\":\"https:\\\/\\\/www.eldiario.net\\\/portal\\\/wp-content\\\/uploads\\\/2023\\\/12\\\/41-POL-3.jpg\",\"datePublished\":\"2023-12-16T10:43:01+00:00\",\"breadcrumb\":{\"@id\":\"https:\\\/\\\/www.eldiario.net\\\/portal\\\/2023\\\/12\\\/16\\\/onu-toma-conocimiento-de-la-abusiva-detencion-preventiva-en-el-pais\\\/#breadcrumb\"},\"inLanguage\":\"es\",\"potentialAction\":[{\"@type\":\"ReadAction\",\"target\":[\"https:\\\/\\\/www.eldiario.net\\\/portal\\\/2023\\\/12\\\/16\\\/onu-toma-conocimiento-de-la-abusiva-detencion-preventiva-en-el-pais\\\/\"]}]},{\"@type\":\"ImageObject\",\"inLanguage\":\"es\",\"@id\":\"https:\\\/\\\/www.eldiario.net\\\/portal\\\/2023\\\/12\\\/16\\\/onu-toma-conocimiento-de-la-abusiva-detencion-preventiva-en-el-pais\\\/#primaryimage\",\"url\":\"https:\\\/\\\/www.eldiario.net\\\/portal\\\/wp-content\\\/uploads\\\/2023\\\/12\\\/41-POL-3.jpg\",\"contentUrl\":\"https:\\\/\\\/www.eldiario.net\\\/portal\\\/wp-content\\\/uploads\\\/2023\\\/12\\\/41-POL-3.jpg\",\"width\":1280,\"height\":853,\"caption\":\"Senadora Centa Rek (Creemos).\"},{\"@type\":\"BreadcrumbList\",\"@id\":\"https:\\\/\\\/www.eldiario.net\\\/portal\\\/2023\\\/12\\\/16\\\/onu-toma-conocimiento-de-la-abusiva-detencion-preventiva-en-el-pais\\\/#breadcrumb\",\"itemListElement\":[{\"@type\":\"ListItem\",\"position\":1,\"name\":\"Portada\",\"item\":\"https:\\\/\\\/www.eldiario.net\\\/portal\\\/\"},{\"@type\":\"ListItem\",\"position\":2,\"name\":\"ONU toma conocimiento de la abusiva detenci\u00f3n preventiva en el pa\u00eds\"}]},{\"@type\":\"WebSite\",\"@id\":\"https:\\\/\\\/www.eldiario.net\\\/portal\\\/#website\",\"url\":\"https:\\\/\\\/www.eldiario.net\\\/portal\\\/\",\"name\":\"El Diario - Decano de la prensa nacional\",\"description\":\"El Diario - Decano de la prensa nacional\",\"publisher\":{\"@id\":\"https:\\\/\\\/www.eldiario.net\\\/portal\\\/#organization\"},\"potentialAction\":[{\"@type\":\"SearchAction\",\"target\":{\"@type\":\"EntryPoint\",\"urlTemplate\":\"https:\\\/\\\/www.eldiario.net\\\/portal\\\/?s={search_term_string}\"},\"query-input\":{\"@type\":\"PropertyValueSpecification\",\"valueRequired\":true,\"valueName\":\"search_term_string\"}}],\"inLanguage\":\"es\"},{\"@type\":\"Organization\",\"@id\":\"https:\\\/\\\/www.eldiario.net\\\/portal\\\/#organization\",\"name\":\"El Diario - Decano de la prensa nacional\",\"url\":\"https:\\\/\\\/www.eldiario.net\\\/portal\\\/\",\"logo\":{\"@type\":\"ImageObject\",\"inLanguage\":\"es\",\"@id\":\"https:\\\/\\\/www.eldiario.net\\\/portal\\\/#\\\/schema\\\/logo\\\/image\\\/\",\"url\":\"https:\\\/\\\/www.eldiario.net\\\/portal\\\/wp-content\\\/uploads\\\/2023\\\/07\\\/logo_ED.jpg\",\"contentUrl\":\"https:\\\/\\\/www.eldiario.net\\\/portal\\\/wp-content\\\/uploads\\\/2023\\\/07\\\/logo_ED.jpg\",\"width\":272,\"height\":52,\"caption\":\"El Diario - Decano de la prensa nacional\"},\"image\":{\"@id\":\"https:\\\/\\\/www.eldiario.net\\\/portal\\\/#\\\/schema\\\/logo\\\/image\\\/\"},\"sameAs\":[\"https:\\\/\\\/www.facebook.com\\\/eldiario.bolivia\\\/\",\"https:\\\/\\\/x.com\\\/eldiario_net\"]},{\"@type\":\"Person\",\"@id\":\"https:\\\/\\\/www.eldiario.net\\\/portal\\\/#\\\/schema\\\/person\\\/f46445640444750d7d753ccd04ae01b7\",\"name\":\"Jeanette\",\"image\":{\"@type\":\"ImageObject\",\"inLanguage\":\"es\",\"@id\":\"https:\\\/\\\/secure.gravatar.com\\\/avatar\\\/3ea2118a5f7dad2b7138b1187a6b7ee55f160b9968b66013c3a3ef39dd7e5798?s=96&d=mm&r=g\",\"url\":\"https:\\\/\\\/secure.gravatar.com\\\/avatar\\\/3ea2118a5f7dad2b7138b1187a6b7ee55f160b9968b66013c3a3ef39dd7e5798?s=96&d=mm&r=g\",\"contentUrl\":\"https:\\\/\\\/secure.gravatar.com\\\/avatar\\\/3ea2118a5f7dad2b7138b1187a6b7ee55f160b9968b66013c3a3ef39dd7e5798?s=96&d=mm&r=g\",\"caption\":\"Jeanette\"},\"sameAs\":[\"https:\\\/\\\/www.eldiario.net\\\/portal\"],\"url\":\"https:\\\/\\\/www.eldiario.net\\\/portal\\\/author\\\/jeanette\\\/\"}]}<\/script>\n<!-- \/ Yoast SEO plugin. -->","yoast_head_json":{"title":"ONU toma conocimiento de la abusiva detenci\u00f3n preventiva en el pa\u00eds - El Diario - Bolivia","robots":{"index":"index","follow":"follow","max-snippet":"max-snippet:-1","max-image-preview":"max-image-preview:large","max-video-preview":"max-video-preview:-1"},"canonical":"https:\/\/www.eldiario.net\/portal\/2023\/12\/16\/onu-toma-conocimiento-de-la-abusiva-detencion-preventiva-en-el-pais\/","og_locale":"es_ES","og_type":"article","og_title":"ONU toma conocimiento de la abusiva detenci\u00f3n preventiva en el pa\u00eds - El Diario - Bolivia","og_description":"El coordinador residente del Sistema de Naciones Unidas en Bolivia, Rafael Ram\u00edrez Mesec, mediante una carta enviada a la senadora Centa Rek, confirm\u00f3 la recepci\u00f3n de la denunciada, presentada respecto a la utilizaci\u00f3n abusiva y desmedida de la detenci\u00f3n preventiva en el pa\u00eds, de forma espec\u00edfica en el caso de la exalcaldesa de Santa Cruz [&hellip;]","og_url":"https:\/\/www.eldiario.net\/portal\/2023\/12\/16\/onu-toma-conocimiento-de-la-abusiva-detencion-preventiva-en-el-pais\/","og_site_name":"El Diario - Bolivia","article_publisher":"https:\/\/www.facebook.com\/eldiario.bolivia\/","article_published_time":"2023-12-16T10:43:01+00:00","og_image":[{"width":1280,"height":853,"url":"https:\/\/www.eldiario.net\/portal\/wp-content\/uploads\/2023\/12\/41-POL-3.jpg","type":"image\/jpeg"}],"author":"Jeanette","twitter_card":"summary_large_image","twitter_creator":"@eldiario_net","twitter_site":"@eldiario_net","twitter_misc":{"Escrito por":"Jeanette","Tiempo de lectura":"2 minutos"},"schema":{"@context":"https:\/\/schema.org","@graph":[{"@type":"Article","@id":"https:\/\/www.eldiario.net\/portal\/2023\/12\/16\/onu-toma-conocimiento-de-la-abusiva-detencion-preventiva-en-el-pais\/#article","isPartOf":{"@id":"https:\/\/www.eldiario.net\/portal\/2023\/12\/16\/onu-toma-conocimiento-de-la-abusiva-detencion-preventiva-en-el-pais\/"},"author":{"name":"Jeanette","@id":"https:\/\/www.eldiario.net\/portal\/#\/schema\/person\/f46445640444750d7d753ccd04ae01b7"},"headline":"ONU toma conocimiento de la abusiva detenci\u00f3n preventiva en el pa\u00eds","datePublished":"2023-12-16T10:43:01+00:00","mainEntityOfPage":{"@id":"https:\/\/www.eldiario.net\/portal\/2023\/12\/16\/onu-toma-conocimiento-de-la-abusiva-detencion-preventiva-en-el-pais\/"},"wordCount":356,"publisher":{"@id":"https:\/\/www.eldiario.net\/portal\/#organization"},"image":{"@id":"https:\/\/www.eldiario.net\/portal\/2023\/12\/16\/onu-toma-conocimiento-de-la-abusiva-detencion-preventiva-en-el-pais\/#primaryimage"},"thumbnailUrl":"https:\/\/www.eldiario.net\/portal\/wp-content\/uploads\/2023\/12\/41-POL-3.jpg","articleSection":["Pol\u00edtica"],"inLanguage":"es"},{"@type":"WebPage","@id":"https:\/\/www.eldiario.net\/portal\/2023\/12\/16\/onu-toma-conocimiento-de-la-abusiva-detencion-preventiva-en-el-pais\/","url":"https:\/\/www.eldiario.net\/portal\/2023\/12\/16\/onu-toma-conocimiento-de-la-abusiva-detencion-preventiva-en-el-pais\/","name":"ONU toma conocimiento de la abusiva detenci\u00f3n preventiva en el pa\u00eds - El Diario - Bolivia","isPartOf":{"@id":"https:\/\/www.eldiario.net\/portal\/#website"},"primaryImageOfPage":{"@id":"https:\/\/www.eldiario.net\/portal\/2023\/12\/16\/onu-toma-conocimiento-de-la-abusiva-detencion-preventiva-en-el-pais\/#primaryimage"},"image":{"@id":"https:\/\/www.eldiario.net\/portal\/2023\/12\/16\/onu-toma-conocimiento-de-la-abusiva-detencion-preventiva-en-el-pais\/#primaryimage"},"thumbnailUrl":"https:\/\/www.eldiario.net\/portal\/wp-content\/uploads\/2023\/12\/41-POL-3.jpg","datePublished":"2023-12-16T10:43:01+00:00","breadcrumb":{"@id":"https:\/\/www.eldiario.net\/portal\/2023\/12\/16\/onu-toma-conocimiento-de-la-abusiva-detencion-preventiva-en-el-pais\/#breadcrumb"},"inLanguage":"es","potentialAction":[{"@type":"ReadAction","target":["https:\/\/www.eldiario.net\/portal\/2023\/12\/16\/onu-toma-conocimiento-de-la-abusiva-detencion-preventiva-en-el-pais\/"]}]},{"@type":"ImageObject","inLanguage":"es","@id":"https:\/\/www.eldiario.net\/portal\/2023\/12\/16\/onu-toma-conocimiento-de-la-abusiva-detencion-preventiva-en-el-pais\/#primaryimage","url":"https:\/\/www.eldiario.net\/portal\/wp-content\/uploads\/2023\/12\/41-POL-3.jpg","contentUrl":"https:\/\/www.eldiario.net\/portal\/wp-content\/uploads\/2023\/12\/41-POL-3.jpg","width":1280,"height":853,"caption":"Senadora Centa Rek (Creemos)."},{"@type":"BreadcrumbList","@id":"https:\/\/www.eldiario.net\/portal\/2023\/12\/16\/onu-toma-conocimiento-de-la-abusiva-detencion-preventiva-en-el-pais\/#breadcrumb","itemListElement":[{"@type":"ListItem","position":1,"name":"Portada","item":"https:\/\/www.eldiario.net\/portal\/"},{"@type":"ListItem","position":2,"name":"ONU toma conocimiento de la abusiva detenci\u00f3n preventiva en el pa\u00eds"}]},{"@type":"WebSite","@id":"https:\/\/www.eldiario.net\/portal\/#website","url":"https:\/\/www.eldiario.net\/portal\/","name":"El Diario - Decano de la prensa nacional","description":"El Diario - Decano de la prensa nacional","publisher":{"@id":"https:\/\/www.eldiario.net\/portal\/#organization"},"potentialAction":[{"@type":"SearchAction","target":{"@type":"EntryPoint","urlTemplate":"https:\/\/www.eldiario.net\/portal\/?s={search_term_string}"},"query-input":{"@type":"PropertyValueSpecification","valueRequired":true,"valueName":"search_term_string"}}],"inLanguage":"es"},{"@type":"Organization","@id":"https:\/\/www.eldiario.net\/portal\/#organization","name":"El Diario - Decano de la prensa nacional","url":"https:\/\/www.eldiario.net\/portal\/","logo":{"@type":"ImageObject","inLanguage":"es","@id":"https:\/\/www.eldiario.net\/portal\/#\/schema\/logo\/image\/","url":"https:\/\/www.eldiario.net\/portal\/wp-content\/uploads\/2023\/07\/logo_ED.jpg","contentUrl":"https:\/\/www.eldiario.net\/portal\/wp-content\/uploads\/2023\/07\/logo_ED.jpg","width":272,"height":52,"caption":"El Diario - Decano de la prensa nacional"},"image":{"@id":"https:\/\/www.eldiario.net\/portal\/#\/schema\/logo\/image\/"},"sameAs":["https:\/\/www.facebook.com\/eldiario.bolivia\/","https:\/\/x.com\/eldiario_net"]},{"@type":"Person","@id":"https:\/\/www.eldiario.net\/portal\/#\/schema\/person\/f46445640444750d7d753ccd04ae01b7","name":"Jeanette","image":{"@type":"ImageObject","inLanguage":"es","@id":"https:\/\/secure.gravatar.com\/avatar\/3ea2118a5f7dad2b7138b1187a6b7ee55f160b9968b66013c3a3ef39dd7e5798?s=96&d=mm&r=g","url":"https:\/\/secure.gravatar.com\/avatar\/3ea2118a5f7dad2b7138b1187a6b7ee55f160b9968b66013c3a3ef39dd7e5798?s=96&d=mm&r=g","contentUrl":"https:\/\/secure.gravatar.com\/avatar\/3ea2118a5f7dad2b7138b1187a6b7ee55f160b9968b66013c3a3ef39dd7e5798?s=96&d=mm&r=g","caption":"Jeanette"},"sameAs":["https:\/\/www.eldiario.net\/portal"],"url":"https:\/\/www.eldiario.net\/portal\/author\/jeanette\/"}]}},"_links":{"self":[{"href":"https:\/\/www.eldiario.net\/portal\/wp-json\/wp\/v2\/posts\/193181","targetHints":{"allow":["GET"]}}],"collection":[{"href":"https:\/\/www.eldiario.net\/portal\/wp-json\/wp\/v2\/posts"}],"about":[{"href":"https:\/\/www.eldiario.net\/portal\/wp-json\/wp\/v2\/types\/post"}],"author":[{"embeddable":true,"href":"https:\/\/www.eldiario.net\/portal\/wp-json\/wp\/v2\/users\/1"}],"replies":[{"embeddable":true,"href":"https:\/\/www.eldiario.net\/portal\/wp-json\/wp\/v2\/comments?post=193181"}],"version-history":[{"count":0,"href":"https:\/\/www.eldiario.net\/portal\/wp-json\/wp\/v2\/posts\/193181\/revisions"}],"wp:featuredmedia":[{"embeddable":true,"href":"https:\/\/www.eldiario.net\/portal\/wp-json\/wp\/v2\/media\/193182"}],"wp:attachment":[{"href":"https:\/\/www.eldiario.net\/portal\/wp-json\/wp\/v2\/media?parent=193181"}],"wp:term":[{"taxonomy":"category","embeddable":true,"href":"https:\/\/www.eldiario.net\/portal\/wp-json\/wp\/v2\/categories?post=193181"},{"taxonomy":"post_tag","embeddable":true,"href":"https:\/\/www.eldiario.net\/portal\/wp-json\/wp\/v2\/tags?post=193181"}],"curies":[{"name":"wp","href":"https:\/\/api.w.org\/{rel}","templated":true}]}}