{"id":193177,"date":"2023-12-16T06:40:36","date_gmt":"2023-12-16T10:40:36","guid":{"rendered":"https:\/\/www.eldiario.net\/portal\/?p=193177"},"modified":"2023-12-16T06:40:36","modified_gmt":"2023-12-16T10:40:36","slug":"senalan-que-morales-se-convirtio-en-vocero-y-articulador-de-la-oposicion","status":"publish","type":"post","link":"https:\/\/www.eldiario.net\/portal\/2023\/12\/16\/senalan-que-morales-se-convirtio-en-vocero-y-articulador-de-la-oposicion\/","title":{"rendered":"Se\u00f1alan que Morales se convirti\u00f3 en  vocero y articulador de la oposici\u00f3n"},"content":{"rendered":"<p>Luego que el presidente del Estado, Luis Arce Catacora, se\u00f1alara que Evo Morales se convirti\u00f3 en el principal opositor a su gesti\u00f3n de Gobierno, el diputado por el Movimiento al Socialismo (MAS), Juan Jos\u00e9 J\u00e1uregui, acus\u00f3 al dirigente cocalero de haberse constituido, en la actualidad, en el \u201cvocero, intelectual y articulador\u201d de las fuerzas de oposici\u00f3n.<br \/>\nEn declaraciones a medios de prensa, J\u00e1uregui afirm\u00f3 que a lo largo del a\u00f1o que culmina, se pudo evidenciar una supuesta coordinaci\u00f3n entre el \u201cala radical\u201d en el oficialismo y los partidos de oposici\u00f3n en la ALP.<br \/>\n\u201cCreo que se ha ido visualizando durante estos \u00faltimos 365 d\u00edas que Evo Morales se ha convertido en el vocero, el intelectual y el articulador de la oposici\u00f3n. Eso se ha materializado en varios eventos, el m\u00e1s reciente fue la aprobaci\u00f3n a la modificaci\u00f3n del Presupuesto General del Estado\u201d, dijo el asamble\u00edsta del ala denominada \u201carcista\u201d.<br \/>\nEl parlamentario representante del departamento de Oruro, a\u00f1adi\u00f3 a su argumento que existen otros casos donde se vio una articulaci\u00f3n para bloquear la aprobaci\u00f3n de normativas, tal como ocurri\u00f3 durante el tratamiento de la Ley del Oro.<br \/>\n\u201cHubo una articulaci\u00f3n entre la oposici\u00f3n y el \u2018evismo\u2019 para poder bloquear esta norma. De la misma manera ha existido un compromiso de los radicales del MAS, se materializ\u00f3 en un acuerdo donde incluso se admiti\u00f3 la existencia de presos pol\u00edticos\u201d, sostuvo.<br \/>\nEn ese contexto, J\u00e1uregui indic\u00f3 que el presidente Arce no se equivoc\u00f3 al apuntar a Morales como uno de los principales articuladores, intelectuales y coordinadores de la oposici\u00f3n, concluy\u00f3.<br \/>\nRespondiendo a estas aseveraciones, el senador Guillermo Seoane, de Comunidad Ciudadana, aclar\u00f3 que a lo largo de la presente gesti\u00f3n, desde la oposici\u00f3n se plantearon distintas iniciativas y proyectos de normativa, mismos que, en ocasiones, recibieron respaldo y apoyo del ala renovadora, y en otras, del ala radical en el MAS, por lo que queda descartada cualquier posibilidad de coordinaci\u00f3n o acercamiento con alguna de las facciones del masismo en la ALP.<br \/>\nAsimismo, pidi\u00f3 no entrar en el juego del oficialismo, que busca \u201cpolitizar y electoralizar\u201d cuanto tema se analiza en el Parlamento.<\/p>\n","protected":false},"excerpt":{"rendered":"<p>Luego que el presidente del Estado, Luis Arce Catacora, se\u00f1alara que Evo Morales se convirti\u00f3 en el principal opositor a su gesti\u00f3n de Gobierno, el diputado por el Movimiento al Socialismo (MAS), Juan Jos\u00e9 J\u00e1uregui, acus\u00f3 al dirigente cocalero de haberse constituido, en la actualidad, en el \u201cvocero, intelectual y articulador\u201d de las fuerzas de [&hellip;]<\/p>\n","protected":false},"author":1,"featured_media":193178,"comment_status":"closed","ping_status":"open","sticky":false,"template":"","format":"standard","meta":{"_acf_changed":false,"footnotes":""},"categories":[14],"tags":[],"class_list":["post-193177","post","type-post","status-publish","format-standard","has-post-thumbnail","category-politica"],"acf":{"antetitulo":""},"yoast_head":"<!-- This site is optimized with the Yoast SEO plugin v28.4 - https:\/\/yoast.com\/product\/yoast-seo-wordpress\/ -->\n<title>Se\u00f1alan que Morales se convirti\u00f3 en vocero y articulador de la oposici\u00f3n - El Diario - Bolivia<\/title>\n<meta name=\"robots\" content=\"index, follow, max-snippet:-1, max-image-preview:large, max-video-preview:-1\" \/>\n<link rel=\"canonical\" href=\"https:\/\/www.eldiario.net\/portal\/2023\/12\/16\/senalan-que-morales-se-convirtio-en-vocero-y-articulador-de-la-oposicion\/\" \/>\n<meta property=\"og:locale\" content=\"es_ES\" \/>\n<meta property=\"og:type\" content=\"article\" \/>\n<meta property=\"og:title\" content=\"Se\u00f1alan que Morales se convirti\u00f3 en vocero y articulador de la oposici\u00f3n - El Diario - Bolivia\" \/>\n<meta property=\"og:description\" content=\"Luego que el presidente del Estado, Luis Arce Catacora, se\u00f1alara que Evo Morales se convirti\u00f3 en el principal opositor a su gesti\u00f3n de Gobierno, el diputado por el Movimiento al Socialismo (MAS), Juan Jos\u00e9 J\u00e1uregui, acus\u00f3 al dirigente cocalero de haberse constituido, en la actualidad, en el \u201cvocero, intelectual y articulador\u201d de las fuerzas de [&hellip;]\" \/>\n<meta property=\"og:url\" content=\"https:\/\/www.eldiario.net\/portal\/2023\/12\/16\/senalan-que-morales-se-convirtio-en-vocero-y-articulador-de-la-oposicion\/\" \/>\n<meta property=\"og:site_name\" content=\"El Diario - Bolivia\" \/>\n<meta property=\"article:publisher\" content=\"https:\/\/www.facebook.com\/eldiario.bolivia\/\" \/>\n<meta property=\"article:published_time\" content=\"2023-12-16T10:40:36+00:00\" \/>\n<meta property=\"og:image\" content=\"https:\/\/www.eldiario.net\/portal\/wp-content\/uploads\/2023\/12\/43-POL.jpeg\" \/>\n\t<meta property=\"og:image:width\" content=\"1142\" \/>\n\t<meta property=\"og:image:height\" content=\"761\" \/>\n\t<meta property=\"og:image:type\" content=\"image\/jpeg\" \/>\n<meta name=\"author\" content=\"Jeanette\" \/>\n<meta name=\"twitter:card\" content=\"summary_large_image\" \/>\n<meta name=\"twitter:creator\" content=\"@eldiario_net\" \/>\n<meta name=\"twitter:site\" content=\"@eldiario_net\" \/>\n<meta name=\"twitter:label1\" content=\"Escrito por\" \/>\n\t<meta name=\"twitter:data1\" content=\"Jeanette\" \/>\n\t<meta name=\"twitter:label2\" content=\"Tiempo de lectura\" \/>\n\t<meta name=\"twitter:data2\" content=\"2 minutos\" \/>\n<script type=\"application\/ld+json\" class=\"yoast-schema-graph\">{\"@context\":\"https:\\\/\\\/schema.org\",\"@graph\":[{\"@type\":\"Article\",\"@id\":\"https:\\\/\\\/www.eldiario.net\\\/portal\\\/2023\\\/12\\\/16\\\/senalan-que-morales-se-convirtio-en-vocero-y-articulador-de-la-oposicion\\\/#article\",\"isPartOf\":{\"@id\":\"https:\\\/\\\/www.eldiario.net\\\/portal\\\/2023\\\/12\\\/16\\\/senalan-que-morales-se-convirtio-en-vocero-y-articulador-de-la-oposicion\\\/\"},\"author\":{\"name\":\"Jeanette\",\"@id\":\"https:\\\/\\\/www.eldiario.net\\\/portal\\\/#\\\/schema\\\/person\\\/f46445640444750d7d753ccd04ae01b7\"},\"headline\":\"Se\u00f1alan que Morales se convirti\u00f3 en vocero y articulador de la oposici\u00f3n\",\"datePublished\":\"2023-12-16T10:40:36+00:00\",\"mainEntityOfPage\":{\"@id\":\"https:\\\/\\\/www.eldiario.net\\\/portal\\\/2023\\\/12\\\/16\\\/senalan-que-morales-se-convirtio-en-vocero-y-articulador-de-la-oposicion\\\/\"},\"wordCount\":388,\"publisher\":{\"@id\":\"https:\\\/\\\/www.eldiario.net\\\/portal\\\/#organization\"},\"image\":{\"@id\":\"https:\\\/\\\/www.eldiario.net\\\/portal\\\/2023\\\/12\\\/16\\\/senalan-que-morales-se-convirtio-en-vocero-y-articulador-de-la-oposicion\\\/#primaryimage\"},\"thumbnailUrl\":\"https:\\\/\\\/www.eldiario.net\\\/portal\\\/wp-content\\\/uploads\\\/2023\\\/12\\\/43-POL.jpeg\",\"articleSection\":[\"Pol\u00edtica\"],\"inLanguage\":\"es\"},{\"@type\":\"WebPage\",\"@id\":\"https:\\\/\\\/www.eldiario.net\\\/portal\\\/2023\\\/12\\\/16\\\/senalan-que-morales-se-convirtio-en-vocero-y-articulador-de-la-oposicion\\\/\",\"url\":\"https:\\\/\\\/www.eldiario.net\\\/portal\\\/2023\\\/12\\\/16\\\/senalan-que-morales-se-convirtio-en-vocero-y-articulador-de-la-oposicion\\\/\",\"name\":\"Se\u00f1alan que Morales se convirti\u00f3 en vocero y articulador de la oposici\u00f3n - El Diario - Bolivia\",\"isPartOf\":{\"@id\":\"https:\\\/\\\/www.eldiario.net\\\/portal\\\/#website\"},\"primaryImageOfPage\":{\"@id\":\"https:\\\/\\\/www.eldiario.net\\\/portal\\\/2023\\\/12\\\/16\\\/senalan-que-morales-se-convirtio-en-vocero-y-articulador-de-la-oposicion\\\/#primaryimage\"},\"image\":{\"@id\":\"https:\\\/\\\/www.eldiario.net\\\/portal\\\/2023\\\/12\\\/16\\\/senalan-que-morales-se-convirtio-en-vocero-y-articulador-de-la-oposicion\\\/#primaryimage\"},\"thumbnailUrl\":\"https:\\\/\\\/www.eldiario.net\\\/portal\\\/wp-content\\\/uploads\\\/2023\\\/12\\\/43-POL.jpeg\",\"datePublished\":\"2023-12-16T10:40:36+00:00\",\"breadcrumb\":{\"@id\":\"https:\\\/\\\/www.eldiario.net\\\/portal\\\/2023\\\/12\\\/16\\\/senalan-que-morales-se-convirtio-en-vocero-y-articulador-de-la-oposicion\\\/#breadcrumb\"},\"inLanguage\":\"es\",\"potentialAction\":[{\"@type\":\"ReadAction\",\"target\":[\"https:\\\/\\\/www.eldiario.net\\\/portal\\\/2023\\\/12\\\/16\\\/senalan-que-morales-se-convirtio-en-vocero-y-articulador-de-la-oposicion\\\/\"]}]},{\"@type\":\"ImageObject\",\"inLanguage\":\"es\",\"@id\":\"https:\\\/\\\/www.eldiario.net\\\/portal\\\/2023\\\/12\\\/16\\\/senalan-que-morales-se-convirtio-en-vocero-y-articulador-de-la-oposicion\\\/#primaryimage\",\"url\":\"https:\\\/\\\/www.eldiario.net\\\/portal\\\/wp-content\\\/uploads\\\/2023\\\/12\\\/43-POL.jpeg\",\"contentUrl\":\"https:\\\/\\\/www.eldiario.net\\\/portal\\\/wp-content\\\/uploads\\\/2023\\\/12\\\/43-POL.jpeg\",\"width\":1142,\"height\":761,\"caption\":\"Diputado Juan Jos\u00e9 J\u00e1uregui (MAS).\"},{\"@type\":\"BreadcrumbList\",\"@id\":\"https:\\\/\\\/www.eldiario.net\\\/portal\\\/2023\\\/12\\\/16\\\/senalan-que-morales-se-convirtio-en-vocero-y-articulador-de-la-oposicion\\\/#breadcrumb\",\"itemListElement\":[{\"@type\":\"ListItem\",\"position\":1,\"name\":\"Portada\",\"item\":\"https:\\\/\\\/www.eldiario.net\\\/portal\\\/\"},{\"@type\":\"ListItem\",\"position\":2,\"name\":\"Se\u00f1alan que Morales se convirti\u00f3 en vocero y articulador de la oposici\u00f3n\"}]},{\"@type\":\"WebSite\",\"@id\":\"https:\\\/\\\/www.eldiario.net\\\/portal\\\/#website\",\"url\":\"https:\\\/\\\/www.eldiario.net\\\/portal\\\/\",\"name\":\"El Diario - Decano de la prensa nacional\",\"description\":\"El Diario - Decano de la prensa nacional\",\"publisher\":{\"@id\":\"https:\\\/\\\/www.eldiario.net\\\/portal\\\/#organization\"},\"potentialAction\":[{\"@type\":\"SearchAction\",\"target\":{\"@type\":\"EntryPoint\",\"urlTemplate\":\"https:\\\/\\\/www.eldiario.net\\\/portal\\\/?s={search_term_string}\"},\"query-input\":{\"@type\":\"PropertyValueSpecification\",\"valueRequired\":true,\"valueName\":\"search_term_string\"}}],\"inLanguage\":\"es\"},{\"@type\":\"Organization\",\"@id\":\"https:\\\/\\\/www.eldiario.net\\\/portal\\\/#organization\",\"name\":\"El Diario - Decano de la prensa nacional\",\"url\":\"https:\\\/\\\/www.eldiario.net\\\/portal\\\/\",\"logo\":{\"@type\":\"ImageObject\",\"inLanguage\":\"es\",\"@id\":\"https:\\\/\\\/www.eldiario.net\\\/portal\\\/#\\\/schema\\\/logo\\\/image\\\/\",\"url\":\"https:\\\/\\\/www.eldiario.net\\\/portal\\\/wp-content\\\/uploads\\\/2023\\\/07\\\/logo_ED.jpg\",\"contentUrl\":\"https:\\\/\\\/www.eldiario.net\\\/portal\\\/wp-content\\\/uploads\\\/2023\\\/07\\\/logo_ED.jpg\",\"width\":272,\"height\":52,\"caption\":\"El Diario - Decano de la prensa nacional\"},\"image\":{\"@id\":\"https:\\\/\\\/www.eldiario.net\\\/portal\\\/#\\\/schema\\\/logo\\\/image\\\/\"},\"sameAs\":[\"https:\\\/\\\/www.facebook.com\\\/eldiario.bolivia\\\/\",\"https:\\\/\\\/x.com\\\/eldiario_net\"]},{\"@type\":\"Person\",\"@id\":\"https:\\\/\\\/www.eldiario.net\\\/portal\\\/#\\\/schema\\\/person\\\/f46445640444750d7d753ccd04ae01b7\",\"name\":\"Jeanette\",\"image\":{\"@type\":\"ImageObject\",\"inLanguage\":\"es\",\"@id\":\"https:\\\/\\\/secure.gravatar.com\\\/avatar\\\/3ea2118a5f7dad2b7138b1187a6b7ee55f160b9968b66013c3a3ef39dd7e5798?s=96&d=mm&r=g\",\"url\":\"https:\\\/\\\/secure.gravatar.com\\\/avatar\\\/3ea2118a5f7dad2b7138b1187a6b7ee55f160b9968b66013c3a3ef39dd7e5798?s=96&d=mm&r=g\",\"contentUrl\":\"https:\\\/\\\/secure.gravatar.com\\\/avatar\\\/3ea2118a5f7dad2b7138b1187a6b7ee55f160b9968b66013c3a3ef39dd7e5798?s=96&d=mm&r=g\",\"caption\":\"Jeanette\"},\"sameAs\":[\"https:\\\/\\\/www.eldiario.net\\\/portal\"],\"url\":\"https:\\\/\\\/www.eldiario.net\\\/portal\\\/author\\\/jeanette\\\/\"}]}<\/script>\n<!-- \/ Yoast SEO plugin. -->","yoast_head_json":{"title":"Se\u00f1alan que Morales se convirti\u00f3 en vocero y articulador de la oposici\u00f3n - El Diario - Bolivia","robots":{"index":"index","follow":"follow","max-snippet":"max-snippet:-1","max-image-preview":"max-image-preview:large","max-video-preview":"max-video-preview:-1"},"canonical":"https:\/\/www.eldiario.net\/portal\/2023\/12\/16\/senalan-que-morales-se-convirtio-en-vocero-y-articulador-de-la-oposicion\/","og_locale":"es_ES","og_type":"article","og_title":"Se\u00f1alan que Morales se convirti\u00f3 en vocero y articulador de la oposici\u00f3n - El Diario - Bolivia","og_description":"Luego que el presidente del Estado, Luis Arce Catacora, se\u00f1alara que Evo Morales se convirti\u00f3 en el principal opositor a su gesti\u00f3n de Gobierno, el diputado por el Movimiento al Socialismo (MAS), Juan Jos\u00e9 J\u00e1uregui, acus\u00f3 al dirigente cocalero de haberse constituido, en la actualidad, en el \u201cvocero, intelectual y articulador\u201d de las fuerzas de [&hellip;]","og_url":"https:\/\/www.eldiario.net\/portal\/2023\/12\/16\/senalan-que-morales-se-convirtio-en-vocero-y-articulador-de-la-oposicion\/","og_site_name":"El Diario - Bolivia","article_publisher":"https:\/\/www.facebook.com\/eldiario.bolivia\/","article_published_time":"2023-12-16T10:40:36+00:00","og_image":[{"width":1142,"height":761,"url":"https:\/\/www.eldiario.net\/portal\/wp-content\/uploads\/2023\/12\/43-POL.jpeg","type":"image\/jpeg"}],"author":"Jeanette","twitter_card":"summary_large_image","twitter_creator":"@eldiario_net","twitter_site":"@eldiario_net","twitter_misc":{"Escrito por":"Jeanette","Tiempo de lectura":"2 minutos"},"schema":{"@context":"https:\/\/schema.org","@graph":[{"@type":"Article","@id":"https:\/\/www.eldiario.net\/portal\/2023\/12\/16\/senalan-que-morales-se-convirtio-en-vocero-y-articulador-de-la-oposicion\/#article","isPartOf":{"@id":"https:\/\/www.eldiario.net\/portal\/2023\/12\/16\/senalan-que-morales-se-convirtio-en-vocero-y-articulador-de-la-oposicion\/"},"author":{"name":"Jeanette","@id":"https:\/\/www.eldiario.net\/portal\/#\/schema\/person\/f46445640444750d7d753ccd04ae01b7"},"headline":"Se\u00f1alan que Morales se convirti\u00f3 en vocero y articulador de la oposici\u00f3n","datePublished":"2023-12-16T10:40:36+00:00","mainEntityOfPage":{"@id":"https:\/\/www.eldiario.net\/portal\/2023\/12\/16\/senalan-que-morales-se-convirtio-en-vocero-y-articulador-de-la-oposicion\/"},"wordCount":388,"publisher":{"@id":"https:\/\/www.eldiario.net\/portal\/#organization"},"image":{"@id":"https:\/\/www.eldiario.net\/portal\/2023\/12\/16\/senalan-que-morales-se-convirtio-en-vocero-y-articulador-de-la-oposicion\/#primaryimage"},"thumbnailUrl":"https:\/\/www.eldiario.net\/portal\/wp-content\/uploads\/2023\/12\/43-POL.jpeg","articleSection":["Pol\u00edtica"],"inLanguage":"es"},{"@type":"WebPage","@id":"https:\/\/www.eldiario.net\/portal\/2023\/12\/16\/senalan-que-morales-se-convirtio-en-vocero-y-articulador-de-la-oposicion\/","url":"https:\/\/www.eldiario.net\/portal\/2023\/12\/16\/senalan-que-morales-se-convirtio-en-vocero-y-articulador-de-la-oposicion\/","name":"Se\u00f1alan que Morales se convirti\u00f3 en vocero y articulador de la oposici\u00f3n - El Diario - Bolivia","isPartOf":{"@id":"https:\/\/www.eldiario.net\/portal\/#website"},"primaryImageOfPage":{"@id":"https:\/\/www.eldiario.net\/portal\/2023\/12\/16\/senalan-que-morales-se-convirtio-en-vocero-y-articulador-de-la-oposicion\/#primaryimage"},"image":{"@id":"https:\/\/www.eldiario.net\/portal\/2023\/12\/16\/senalan-que-morales-se-convirtio-en-vocero-y-articulador-de-la-oposicion\/#primaryimage"},"thumbnailUrl":"https:\/\/www.eldiario.net\/portal\/wp-content\/uploads\/2023\/12\/43-POL.jpeg","datePublished":"2023-12-16T10:40:36+00:00","breadcrumb":{"@id":"https:\/\/www.eldiario.net\/portal\/2023\/12\/16\/senalan-que-morales-se-convirtio-en-vocero-y-articulador-de-la-oposicion\/#breadcrumb"},"inLanguage":"es","potentialAction":[{"@type":"ReadAction","target":["https:\/\/www.eldiario.net\/portal\/2023\/12\/16\/senalan-que-morales-se-convirtio-en-vocero-y-articulador-de-la-oposicion\/"]}]},{"@type":"ImageObject","inLanguage":"es","@id":"https:\/\/www.eldiario.net\/portal\/2023\/12\/16\/senalan-que-morales-se-convirtio-en-vocero-y-articulador-de-la-oposicion\/#primaryimage","url":"https:\/\/www.eldiario.net\/portal\/wp-content\/uploads\/2023\/12\/43-POL.jpeg","contentUrl":"https:\/\/www.eldiario.net\/portal\/wp-content\/uploads\/2023\/12\/43-POL.jpeg","width":1142,"height":761,"caption":"Diputado Juan Jos\u00e9 J\u00e1uregui (MAS)."},{"@type":"BreadcrumbList","@id":"https:\/\/www.eldiario.net\/portal\/2023\/12\/16\/senalan-que-morales-se-convirtio-en-vocero-y-articulador-de-la-oposicion\/#breadcrumb","itemListElement":[{"@type":"ListItem","position":1,"name":"Portada","item":"https:\/\/www.eldiario.net\/portal\/"},{"@type":"ListItem","position":2,"name":"Se\u00f1alan que Morales se convirti\u00f3 en vocero y articulador de la oposici\u00f3n"}]},{"@type":"WebSite","@id":"https:\/\/www.eldiario.net\/portal\/#website","url":"https:\/\/www.eldiario.net\/portal\/","name":"El Diario - Decano de la prensa nacional","description":"El Diario - Decano de la prensa nacional","publisher":{"@id":"https:\/\/www.eldiario.net\/portal\/#organization"},"potentialAction":[{"@type":"SearchAction","target":{"@type":"EntryPoint","urlTemplate":"https:\/\/www.eldiario.net\/portal\/?s={search_term_string}"},"query-input":{"@type":"PropertyValueSpecification","valueRequired":true,"valueName":"search_term_string"}}],"inLanguage":"es"},{"@type":"Organization","@id":"https:\/\/www.eldiario.net\/portal\/#organization","name":"El Diario - Decano de la prensa nacional","url":"https:\/\/www.eldiario.net\/portal\/","logo":{"@type":"ImageObject","inLanguage":"es","@id":"https:\/\/www.eldiario.net\/portal\/#\/schema\/logo\/image\/","url":"https:\/\/www.eldiario.net\/portal\/wp-content\/uploads\/2023\/07\/logo_ED.jpg","contentUrl":"https:\/\/www.eldiario.net\/portal\/wp-content\/uploads\/2023\/07\/logo_ED.jpg","width":272,"height":52,"caption":"El Diario - Decano de la prensa nacional"},"image":{"@id":"https:\/\/www.eldiario.net\/portal\/#\/schema\/logo\/image\/"},"sameAs":["https:\/\/www.facebook.com\/eldiario.bolivia\/","https:\/\/x.com\/eldiario_net"]},{"@type":"Person","@id":"https:\/\/www.eldiario.net\/portal\/#\/schema\/person\/f46445640444750d7d753ccd04ae01b7","name":"Jeanette","image":{"@type":"ImageObject","inLanguage":"es","@id":"https:\/\/secure.gravatar.com\/avatar\/3ea2118a5f7dad2b7138b1187a6b7ee55f160b9968b66013c3a3ef39dd7e5798?s=96&d=mm&r=g","url":"https:\/\/secure.gravatar.com\/avatar\/3ea2118a5f7dad2b7138b1187a6b7ee55f160b9968b66013c3a3ef39dd7e5798?s=96&d=mm&r=g","contentUrl":"https:\/\/secure.gravatar.com\/avatar\/3ea2118a5f7dad2b7138b1187a6b7ee55f160b9968b66013c3a3ef39dd7e5798?s=96&d=mm&r=g","caption":"Jeanette"},"sameAs":["https:\/\/www.eldiario.net\/portal"],"url":"https:\/\/www.eldiario.net\/portal\/author\/jeanette\/"}]}},"_links":{"self":[{"href":"https:\/\/www.eldiario.net\/portal\/wp-json\/wp\/v2\/posts\/193177","targetHints":{"allow":["GET"]}}],"collection":[{"href":"https:\/\/www.eldiario.net\/portal\/wp-json\/wp\/v2\/posts"}],"about":[{"href":"https:\/\/www.eldiario.net\/portal\/wp-json\/wp\/v2\/types\/post"}],"author":[{"embeddable":true,"href":"https:\/\/www.eldiario.net\/portal\/wp-json\/wp\/v2\/users\/1"}],"replies":[{"embeddable":true,"href":"https:\/\/www.eldiario.net\/portal\/wp-json\/wp\/v2\/comments?post=193177"}],"version-history":[{"count":0,"href":"https:\/\/www.eldiario.net\/portal\/wp-json\/wp\/v2\/posts\/193177\/revisions"}],"wp:featuredmedia":[{"embeddable":true,"href":"https:\/\/www.eldiario.net\/portal\/wp-json\/wp\/v2\/media\/193178"}],"wp:attachment":[{"href":"https:\/\/www.eldiario.net\/portal\/wp-json\/wp\/v2\/media?parent=193177"}],"wp:term":[{"taxonomy":"category","embeddable":true,"href":"https:\/\/www.eldiario.net\/portal\/wp-json\/wp\/v2\/categories?post=193177"},{"taxonomy":"post_tag","embeddable":true,"href":"https:\/\/www.eldiario.net\/portal\/wp-json\/wp\/v2\/tags?post=193177"}],"curies":[{"name":"wp","href":"https:\/\/api.w.org\/{rel}","templated":true}]}}