{"id":193095,"date":"2023-12-16T06:10:03","date_gmt":"2023-12-16T10:10:03","guid":{"rendered":"https:\/\/www.eldiario.net\/portal\/?p=193095"},"modified":"2023-12-16T06:10:03","modified_gmt":"2023-12-16T10:10:03","slug":"comercio-boliviano-pasa-por-un-mal-momento","status":"publish","type":"post","link":"https:\/\/www.eldiario.net\/portal\/2023\/12\/16\/comercio-boliviano-pasa-por-un-mal-momento\/","title":{"rendered":"Comercio boliviano pasa  por un mal momento"},"content":{"rendered":"<p>El comercio boliviano pasa por un mal momento; los exportadores esperaban que en la presente gesti\u00f3n sea mejor a la gesti\u00f3n pasada, que alcanz\u00f3 m\u00e1s de 13.500 millones de d\u00f3lares, y que a septiembre registr\u00f3 un super\u00e1vit de 2.000 millones, pero al mismo per\u00edodo de la presente gesti\u00f3n solo muestra d\u00e9ficit de 79 millones, de acuerdo a una evaluaci\u00f3n del gerente general del Instituto Boliviano de Comercio Exterior (Ibce), Gary Rodr\u00edguez.<br \/>\nEl gerente del Ibce inform\u00f3 que las exportaciones a septiembre de 2022 alcanzaron los 10.850 millones de d\u00f3lares, mientras que las importaciones en el mismo per\u00edodo fueron de 8.681 millones, con un super\u00e1vit de 2.169 millones.<br \/>\nPero en el mismo per\u00edodo de 2023 las ventas sumaron 8.357 millones de d\u00f3lares y las ventas 8.437 millones, con un d\u00e9ficit comercial de 79 millones. Expres\u00f3 su preocupaci\u00f3n porque el comercio boliviano no est\u00e1 mejor que el a\u00f1o pasado.<br \/>\nPor esa raz\u00f3n, Rodr\u00edguez sostiene que se tiene mucho trabajo en materia de comercio exterior para normalizar la llegada de la divisa estadounidense en el sistema financiero, en el mercado nacional.<br \/>\nEl experto se\u00f1ala el camino para alcanzar ese objetivo, como primera sugerencia indica que se requiere el concurso del Gobierno a trav\u00e9s de pol\u00edticas p\u00fablicas para desarrollar las ventas al extranjero y crecer.<br \/>\nAsegur\u00f3 que productos agropecuarios, agroindustriales y forestales madereros, son los principales rubros que se deben apoyar para aumentar la llegada de divisas al pa\u00eds.<br \/>\nAsimismo, la sustituci\u00f3n competitiva de las importaciones es vital para evitar la salida de los d\u00f3lares de la econom\u00eda nacional, pero se requiere un trabajo conjunto p\u00fablico privado, dijo a tiempo de destacar el acuerdo alcanzado entre los ca\u00f1eros y el Ministerio de Hidrocarburos, sobre el precio y la compra de etanol para los siguientes tres a\u00f1os.<br \/>\nEl empresario arriesga su inversi\u00f3n por el pa\u00eds y s\u00f3lo requiere que el Gobierno brinde las condiciones para asegurar el retorno del capital. \u00abNo se necesita cupos de exportaciones\u00bb, apunt\u00f3.<br \/>\nDatos<br \/>\nAl mes de septiembre de 2023, las exportaciones cayeron 23%, dejando de ingresar al pa\u00eds casi 2.500 millones de d\u00f3lares respecto al mismo per\u00edodo de la pasada gesti\u00f3n; por otra parte, las importaciones experimentaron un decrecimiento del -3%.<br \/>\nEl saldo comercial de Bolivia en el per\u00edodo enero-septiembre del 2023 fue deficitario en 79 millones de d\u00f3lares, significando una ca\u00edda del 104% respecto al super\u00e1vit comercial registrado en la pasada gesti\u00f3n.<br \/>\nA septiembre de 2023, los principales pa\u00edses de destino para las exportaciones fueron: Brasil con el 14% de participaci\u00f3n, seguido de India (12%) y China (11%); mientras que entre los principales proveedores de Bolivia se encuentran: China representando el 21% del total importado, secundado por Brasil (16%) y Argentina (10%).<br \/>\nEl mayor super\u00e1vit comercial se registr\u00f3 con India, con 853 millones de d\u00f3lares, por su parte el mayor d\u00e9ficit comercial lo obtuvo con China (-875 millones de d\u00f3lares).<br \/>\nLa compra de combustibles y la ca\u00edda de las exportaciones de gas desequilibrar\u00e1n el comercio boliviano, pues los expertos se\u00f1alan que Bolivia dej\u00f3 de ser productor de hidrocarburos para convertirse en importador neto desde abril de 2022.<\/p>\n","protected":false},"excerpt":{"rendered":"<p>El comercio boliviano pasa por un mal momento; los exportadores esperaban que en la presente gesti\u00f3n sea mejor a la gesti\u00f3n pasada, que alcanz\u00f3 m\u00e1s de 13.500 millones de d\u00f3lares, y que a septiembre registr\u00f3 un super\u00e1vit de 2.000 millones, pero al mismo per\u00edodo de la presente gesti\u00f3n solo muestra d\u00e9ficit de 79 millones, de [&hellip;]<\/p>\n","protected":false},"author":1,"featured_media":193096,"comment_status":"closed","ping_status":"open","sticky":false,"template":"","format":"standard","meta":{"_acf_changed":false,"footnotes":""},"categories":[7],"tags":[],"class_list":["post-193095","post","type-post","status-publish","format-standard","has-post-thumbnail","category-economia"],"acf":{"antetitulo":""},"yoast_head":"<!-- This site is optimized with the Yoast SEO plugin v28.4 - https:\/\/yoast.com\/product\/yoast-seo-wordpress\/ -->\n<title>Comercio boliviano pasa por un mal momento - El Diario - Bolivia<\/title>\n<meta name=\"robots\" content=\"index, follow, max-snippet:-1, max-image-preview:large, max-video-preview:-1\" \/>\n<link rel=\"canonical\" href=\"https:\/\/www.eldiario.net\/portal\/2023\/12\/16\/comercio-boliviano-pasa-por-un-mal-momento\/\" \/>\n<meta property=\"og:locale\" content=\"es_ES\" \/>\n<meta property=\"og:type\" content=\"article\" \/>\n<meta property=\"og:title\" content=\"Comercio boliviano pasa por un mal momento - El Diario - Bolivia\" \/>\n<meta property=\"og:description\" content=\"El comercio boliviano pasa por un mal momento; los exportadores esperaban que en la presente gesti\u00f3n sea mejor a la gesti\u00f3n pasada, que alcanz\u00f3 m\u00e1s de 13.500 millones de d\u00f3lares, y que a septiembre registr\u00f3 un super\u00e1vit de 2.000 millones, pero al mismo per\u00edodo de la presente gesti\u00f3n solo muestra d\u00e9ficit de 79 millones, de [&hellip;]\" \/>\n<meta property=\"og:url\" content=\"https:\/\/www.eldiario.net\/portal\/2023\/12\/16\/comercio-boliviano-pasa-por-un-mal-momento\/\" \/>\n<meta property=\"og:site_name\" content=\"El Diario - Bolivia\" \/>\n<meta property=\"article:publisher\" content=\"https:\/\/www.facebook.com\/eldiario.bolivia\/\" \/>\n<meta property=\"article:published_time\" content=\"2023-12-16T10:10:03+00:00\" \/>\n<meta property=\"og:image\" content=\"https:\/\/www.eldiario.net\/portal\/wp-content\/uploads\/2023\/12\/comercio.jpg\" \/>\n\t<meta property=\"og:image:width\" content=\"1914\" \/>\n\t<meta property=\"og:image:height\" content=\"972\" \/>\n\t<meta property=\"og:image:type\" content=\"image\/jpeg\" \/>\n<meta name=\"author\" content=\"Jeanette\" \/>\n<meta name=\"twitter:card\" content=\"summary_large_image\" \/>\n<meta name=\"twitter:creator\" content=\"@eldiario_net\" \/>\n<meta name=\"twitter:site\" content=\"@eldiario_net\" \/>\n<meta name=\"twitter:label1\" content=\"Escrito por\" \/>\n\t<meta name=\"twitter:data1\" content=\"Jeanette\" \/>\n\t<meta name=\"twitter:label2\" content=\"Tiempo de lectura\" \/>\n\t<meta name=\"twitter:data2\" content=\"3 minutos\" \/>\n<script type=\"application\/ld+json\" class=\"yoast-schema-graph\">{\"@context\":\"https:\\\/\\\/schema.org\",\"@graph\":[{\"@type\":\"Article\",\"@id\":\"https:\\\/\\\/www.eldiario.net\\\/portal\\\/2023\\\/12\\\/16\\\/comercio-boliviano-pasa-por-un-mal-momento\\\/#article\",\"isPartOf\":{\"@id\":\"https:\\\/\\\/www.eldiario.net\\\/portal\\\/2023\\\/12\\\/16\\\/comercio-boliviano-pasa-por-un-mal-momento\\\/\"},\"author\":{\"name\":\"Jeanette\",\"@id\":\"https:\\\/\\\/www.eldiario.net\\\/portal\\\/#\\\/schema\\\/person\\\/2c57cf2b7a7ae032e449e4c9b1019eac\"},\"headline\":\"Comercio boliviano pasa por un mal momento\",\"datePublished\":\"2023-12-16T10:10:03+00:00\",\"mainEntityOfPage\":{\"@id\":\"https:\\\/\\\/www.eldiario.net\\\/portal\\\/2023\\\/12\\\/16\\\/comercio-boliviano-pasa-por-un-mal-momento\\\/\"},\"wordCount\":541,\"publisher\":{\"@id\":\"https:\\\/\\\/www.eldiario.net\\\/portal\\\/#organization\"},\"image\":{\"@id\":\"https:\\\/\\\/www.eldiario.net\\\/portal\\\/2023\\\/12\\\/16\\\/comercio-boliviano-pasa-por-un-mal-momento\\\/#primaryimage\"},\"thumbnailUrl\":\"https:\\\/\\\/www.eldiario.net\\\/portal\\\/wp-content\\\/uploads\\\/2023\\\/12\\\/comercio.jpg\",\"articleSection\":[\"Econom\u00eda\"],\"inLanguage\":\"es\"},{\"@type\":\"WebPage\",\"@id\":\"https:\\\/\\\/www.eldiario.net\\\/portal\\\/2023\\\/12\\\/16\\\/comercio-boliviano-pasa-por-un-mal-momento\\\/\",\"url\":\"https:\\\/\\\/www.eldiario.net\\\/portal\\\/2023\\\/12\\\/16\\\/comercio-boliviano-pasa-por-un-mal-momento\\\/\",\"name\":\"Comercio boliviano pasa por un mal momento - El Diario - Bolivia\",\"isPartOf\":{\"@id\":\"https:\\\/\\\/www.eldiario.net\\\/portal\\\/#website\"},\"primaryImageOfPage\":{\"@id\":\"https:\\\/\\\/www.eldiario.net\\\/portal\\\/2023\\\/12\\\/16\\\/comercio-boliviano-pasa-por-un-mal-momento\\\/#primaryimage\"},\"image\":{\"@id\":\"https:\\\/\\\/www.eldiario.net\\\/portal\\\/2023\\\/12\\\/16\\\/comercio-boliviano-pasa-por-un-mal-momento\\\/#primaryimage\"},\"thumbnailUrl\":\"https:\\\/\\\/www.eldiario.net\\\/portal\\\/wp-content\\\/uploads\\\/2023\\\/12\\\/comercio.jpg\",\"datePublished\":\"2023-12-16T10:10:03+00:00\",\"breadcrumb\":{\"@id\":\"https:\\\/\\\/www.eldiario.net\\\/portal\\\/2023\\\/12\\\/16\\\/comercio-boliviano-pasa-por-un-mal-momento\\\/#breadcrumb\"},\"inLanguage\":\"es\",\"potentialAction\":[{\"@type\":\"ReadAction\",\"target\":[\"https:\\\/\\\/www.eldiario.net\\\/portal\\\/2023\\\/12\\\/16\\\/comercio-boliviano-pasa-por-un-mal-momento\\\/\"]}]},{\"@type\":\"ImageObject\",\"inLanguage\":\"es\",\"@id\":\"https:\\\/\\\/www.eldiario.net\\\/portal\\\/2023\\\/12\\\/16\\\/comercio-boliviano-pasa-por-un-mal-momento\\\/#primaryimage\",\"url\":\"https:\\\/\\\/www.eldiario.net\\\/portal\\\/wp-content\\\/uploads\\\/2023\\\/12\\\/comercio.jpg\",\"contentUrl\":\"https:\\\/\\\/www.eldiario.net\\\/portal\\\/wp-content\\\/uploads\\\/2023\\\/12\\\/comercio.jpg\",\"width\":1914,\"height\":972},{\"@type\":\"BreadcrumbList\",\"@id\":\"https:\\\/\\\/www.eldiario.net\\\/portal\\\/2023\\\/12\\\/16\\\/comercio-boliviano-pasa-por-un-mal-momento\\\/#breadcrumb\",\"itemListElement\":[{\"@type\":\"ListItem\",\"position\":1,\"name\":\"Portada\",\"item\":\"https:\\\/\\\/www.eldiario.net\\\/portal\\\/\"},{\"@type\":\"ListItem\",\"position\":2,\"name\":\"Comercio boliviano pasa por un mal momento\"}]},{\"@type\":\"WebSite\",\"@id\":\"https:\\\/\\\/www.eldiario.net\\\/portal\\\/#website\",\"url\":\"https:\\\/\\\/www.eldiario.net\\\/portal\\\/\",\"name\":\"El Diario - Decano de la prensa nacional\",\"description\":\"El Diario - Decano de la prensa nacional\",\"publisher\":{\"@id\":\"https:\\\/\\\/www.eldiario.net\\\/portal\\\/#organization\"},\"potentialAction\":[{\"@type\":\"SearchAction\",\"target\":{\"@type\":\"EntryPoint\",\"urlTemplate\":\"https:\\\/\\\/www.eldiario.net\\\/portal\\\/?s={search_term_string}\"},\"query-input\":{\"@type\":\"PropertyValueSpecification\",\"valueRequired\":true,\"valueName\":\"search_term_string\"}}],\"inLanguage\":\"es\"},{\"@type\":\"Organization\",\"@id\":\"https:\\\/\\\/www.eldiario.net\\\/portal\\\/#organization\",\"name\":\"El Diario - Decano de la prensa nacional\",\"url\":\"https:\\\/\\\/www.eldiario.net\\\/portal\\\/\",\"logo\":{\"@type\":\"ImageObject\",\"inLanguage\":\"es\",\"@id\":\"https:\\\/\\\/www.eldiario.net\\\/portal\\\/#\\\/schema\\\/logo\\\/image\\\/\",\"url\":\"https:\\\/\\\/www.eldiario.net\\\/portal\\\/wp-content\\\/uploads\\\/2023\\\/07\\\/logo_ED.jpg\",\"contentUrl\":\"https:\\\/\\\/www.eldiario.net\\\/portal\\\/wp-content\\\/uploads\\\/2023\\\/07\\\/logo_ED.jpg\",\"width\":272,\"height\":52,\"caption\":\"El Diario - Decano de la prensa nacional\"},\"image\":{\"@id\":\"https:\\\/\\\/www.eldiario.net\\\/portal\\\/#\\\/schema\\\/logo\\\/image\\\/\"},\"sameAs\":[\"https:\\\/\\\/www.facebook.com\\\/eldiario.bolivia\\\/\",\"https:\\\/\\\/x.com\\\/eldiario_net\"]},{\"@type\":\"Person\",\"@id\":\"https:\\\/\\\/www.eldiario.net\\\/portal\\\/#\\\/schema\\\/person\\\/2c57cf2b7a7ae032e449e4c9b1019eac\",\"name\":\"Jeanette\",\"image\":{\"@type\":\"ImageObject\",\"inLanguage\":\"es\",\"@id\":\"https:\\\/\\\/secure.gravatar.com\\\/avatar\\\/3ea2118a5f7dad2b7138b1187a6b7ee55f160b9968b66013c3a3ef39dd7e5798?s=96&d=mm&r=g\",\"url\":\"https:\\\/\\\/secure.gravatar.com\\\/avatar\\\/3ea2118a5f7dad2b7138b1187a6b7ee55f160b9968b66013c3a3ef39dd7e5798?s=96&d=mm&r=g\",\"contentUrl\":\"https:\\\/\\\/secure.gravatar.com\\\/avatar\\\/3ea2118a5f7dad2b7138b1187a6b7ee55f160b9968b66013c3a3ef39dd7e5798?s=96&d=mm&r=g\",\"caption\":\"Jeanette\"},\"sameAs\":[\"https:\\\/\\\/www.eldiario.net\\\/portal\"],\"url\":\"https:\\\/\\\/www.eldiario.net\\\/portal\\\/author\\\/jeanette\\\/\"}]}<\/script>\n<!-- \/ Yoast SEO plugin. -->","yoast_head_json":{"title":"Comercio boliviano pasa por un mal momento - El Diario - Bolivia","robots":{"index":"index","follow":"follow","max-snippet":"max-snippet:-1","max-image-preview":"max-image-preview:large","max-video-preview":"max-video-preview:-1"},"canonical":"https:\/\/www.eldiario.net\/portal\/2023\/12\/16\/comercio-boliviano-pasa-por-un-mal-momento\/","og_locale":"es_ES","og_type":"article","og_title":"Comercio boliviano pasa por un mal momento - El Diario - Bolivia","og_description":"El comercio boliviano pasa por un mal momento; los exportadores esperaban que en la presente gesti\u00f3n sea mejor a la gesti\u00f3n pasada, que alcanz\u00f3 m\u00e1s de 13.500 millones de d\u00f3lares, y que a septiembre registr\u00f3 un super\u00e1vit de 2.000 millones, pero al mismo per\u00edodo de la presente gesti\u00f3n solo muestra d\u00e9ficit de 79 millones, de [&hellip;]","og_url":"https:\/\/www.eldiario.net\/portal\/2023\/12\/16\/comercio-boliviano-pasa-por-un-mal-momento\/","og_site_name":"El Diario - Bolivia","article_publisher":"https:\/\/www.facebook.com\/eldiario.bolivia\/","article_published_time":"2023-12-16T10:10:03+00:00","og_image":[{"width":1914,"height":972,"url":"https:\/\/www.eldiario.net\/portal\/wp-content\/uploads\/2023\/12\/comercio.jpg","type":"image\/jpeg"}],"author":"Jeanette","twitter_card":"summary_large_image","twitter_creator":"@eldiario_net","twitter_site":"@eldiario_net","twitter_misc":{"Escrito por":"Jeanette","Tiempo de lectura":"3 minutos"},"schema":{"@context":"https:\/\/schema.org","@graph":[{"@type":"Article","@id":"https:\/\/www.eldiario.net\/portal\/2023\/12\/16\/comercio-boliviano-pasa-por-un-mal-momento\/#article","isPartOf":{"@id":"https:\/\/www.eldiario.net\/portal\/2023\/12\/16\/comercio-boliviano-pasa-por-un-mal-momento\/"},"author":{"name":"Jeanette","@id":"https:\/\/www.eldiario.net\/portal\/#\/schema\/person\/2c57cf2b7a7ae032e449e4c9b1019eac"},"headline":"Comercio boliviano pasa por un mal momento","datePublished":"2023-12-16T10:10:03+00:00","mainEntityOfPage":{"@id":"https:\/\/www.eldiario.net\/portal\/2023\/12\/16\/comercio-boliviano-pasa-por-un-mal-momento\/"},"wordCount":541,"publisher":{"@id":"https:\/\/www.eldiario.net\/portal\/#organization"},"image":{"@id":"https:\/\/www.eldiario.net\/portal\/2023\/12\/16\/comercio-boliviano-pasa-por-un-mal-momento\/#primaryimage"},"thumbnailUrl":"https:\/\/www.eldiario.net\/portal\/wp-content\/uploads\/2023\/12\/comercio.jpg","articleSection":["Econom\u00eda"],"inLanguage":"es"},{"@type":"WebPage","@id":"https:\/\/www.eldiario.net\/portal\/2023\/12\/16\/comercio-boliviano-pasa-por-un-mal-momento\/","url":"https:\/\/www.eldiario.net\/portal\/2023\/12\/16\/comercio-boliviano-pasa-por-un-mal-momento\/","name":"Comercio boliviano pasa por un mal momento - El Diario - Bolivia","isPartOf":{"@id":"https:\/\/www.eldiario.net\/portal\/#website"},"primaryImageOfPage":{"@id":"https:\/\/www.eldiario.net\/portal\/2023\/12\/16\/comercio-boliviano-pasa-por-un-mal-momento\/#primaryimage"},"image":{"@id":"https:\/\/www.eldiario.net\/portal\/2023\/12\/16\/comercio-boliviano-pasa-por-un-mal-momento\/#primaryimage"},"thumbnailUrl":"https:\/\/www.eldiario.net\/portal\/wp-content\/uploads\/2023\/12\/comercio.jpg","datePublished":"2023-12-16T10:10:03+00:00","breadcrumb":{"@id":"https:\/\/www.eldiario.net\/portal\/2023\/12\/16\/comercio-boliviano-pasa-por-un-mal-momento\/#breadcrumb"},"inLanguage":"es","potentialAction":[{"@type":"ReadAction","target":["https:\/\/www.eldiario.net\/portal\/2023\/12\/16\/comercio-boliviano-pasa-por-un-mal-momento\/"]}]},{"@type":"ImageObject","inLanguage":"es","@id":"https:\/\/www.eldiario.net\/portal\/2023\/12\/16\/comercio-boliviano-pasa-por-un-mal-momento\/#primaryimage","url":"https:\/\/www.eldiario.net\/portal\/wp-content\/uploads\/2023\/12\/comercio.jpg","contentUrl":"https:\/\/www.eldiario.net\/portal\/wp-content\/uploads\/2023\/12\/comercio.jpg","width":1914,"height":972},{"@type":"BreadcrumbList","@id":"https:\/\/www.eldiario.net\/portal\/2023\/12\/16\/comercio-boliviano-pasa-por-un-mal-momento\/#breadcrumb","itemListElement":[{"@type":"ListItem","position":1,"name":"Portada","item":"https:\/\/www.eldiario.net\/portal\/"},{"@type":"ListItem","position":2,"name":"Comercio boliviano pasa por un mal momento"}]},{"@type":"WebSite","@id":"https:\/\/www.eldiario.net\/portal\/#website","url":"https:\/\/www.eldiario.net\/portal\/","name":"El Diario - Decano de la prensa nacional","description":"El Diario - Decano de la prensa nacional","publisher":{"@id":"https:\/\/www.eldiario.net\/portal\/#organization"},"potentialAction":[{"@type":"SearchAction","target":{"@type":"EntryPoint","urlTemplate":"https:\/\/www.eldiario.net\/portal\/?s={search_term_string}"},"query-input":{"@type":"PropertyValueSpecification","valueRequired":true,"valueName":"search_term_string"}}],"inLanguage":"es"},{"@type":"Organization","@id":"https:\/\/www.eldiario.net\/portal\/#organization","name":"El Diario - Decano de la prensa nacional","url":"https:\/\/www.eldiario.net\/portal\/","logo":{"@type":"ImageObject","inLanguage":"es","@id":"https:\/\/www.eldiario.net\/portal\/#\/schema\/logo\/image\/","url":"https:\/\/www.eldiario.net\/portal\/wp-content\/uploads\/2023\/07\/logo_ED.jpg","contentUrl":"https:\/\/www.eldiario.net\/portal\/wp-content\/uploads\/2023\/07\/logo_ED.jpg","width":272,"height":52,"caption":"El Diario - Decano de la prensa nacional"},"image":{"@id":"https:\/\/www.eldiario.net\/portal\/#\/schema\/logo\/image\/"},"sameAs":["https:\/\/www.facebook.com\/eldiario.bolivia\/","https:\/\/x.com\/eldiario_net"]},{"@type":"Person","@id":"https:\/\/www.eldiario.net\/portal\/#\/schema\/person\/2c57cf2b7a7ae032e449e4c9b1019eac","name":"Jeanette","image":{"@type":"ImageObject","inLanguage":"es","@id":"https:\/\/secure.gravatar.com\/avatar\/3ea2118a5f7dad2b7138b1187a6b7ee55f160b9968b66013c3a3ef39dd7e5798?s=96&d=mm&r=g","url":"https:\/\/secure.gravatar.com\/avatar\/3ea2118a5f7dad2b7138b1187a6b7ee55f160b9968b66013c3a3ef39dd7e5798?s=96&d=mm&r=g","contentUrl":"https:\/\/secure.gravatar.com\/avatar\/3ea2118a5f7dad2b7138b1187a6b7ee55f160b9968b66013c3a3ef39dd7e5798?s=96&d=mm&r=g","caption":"Jeanette"},"sameAs":["https:\/\/www.eldiario.net\/portal"],"url":"https:\/\/www.eldiario.net\/portal\/author\/jeanette\/"}]}},"_links":{"self":[{"href":"https:\/\/www.eldiario.net\/portal\/wp-json\/wp\/v2\/posts\/193095","targetHints":{"allow":["GET"]}}],"collection":[{"href":"https:\/\/www.eldiario.net\/portal\/wp-json\/wp\/v2\/posts"}],"about":[{"href":"https:\/\/www.eldiario.net\/portal\/wp-json\/wp\/v2\/types\/post"}],"author":[{"embeddable":true,"href":"https:\/\/www.eldiario.net\/portal\/wp-json\/wp\/v2\/users\/1"}],"replies":[{"embeddable":true,"href":"https:\/\/www.eldiario.net\/portal\/wp-json\/wp\/v2\/comments?post=193095"}],"version-history":[{"count":0,"href":"https:\/\/www.eldiario.net\/portal\/wp-json\/wp\/v2\/posts\/193095\/revisions"}],"wp:featuredmedia":[{"embeddable":true,"href":"https:\/\/www.eldiario.net\/portal\/wp-json\/wp\/v2\/media\/193096"}],"wp:attachment":[{"href":"https:\/\/www.eldiario.net\/portal\/wp-json\/wp\/v2\/media?parent=193095"}],"wp:term":[{"taxonomy":"category","embeddable":true,"href":"https:\/\/www.eldiario.net\/portal\/wp-json\/wp\/v2\/categories?post=193095"},{"taxonomy":"post_tag","embeddable":true,"href":"https:\/\/www.eldiario.net\/portal\/wp-json\/wp\/v2\/tags?post=193095"}],"curies":[{"name":"wp","href":"https:\/\/api.w.org\/{rel}","templated":true}]}}