{"id":193092,"date":"2023-12-16T06:09:27","date_gmt":"2023-12-16T10:09:27","guid":{"rendered":"https:\/\/www.eldiario.net\/portal\/?p=193092"},"modified":"2023-12-16T06:09:27","modified_gmt":"2023-12-16T10:09:27","slug":"inauguraron-planta-industrial-de-carbonato-de-litio-en-uyuni","status":"publish","type":"post","link":"https:\/\/www.eldiario.net\/portal\/2023\/12\/16\/inauguraron-planta-industrial-de-carbonato-de-litio-en-uyuni\/","title":{"rendered":"Inauguraron planta industrial  de carbonato de litio en Uyuni"},"content":{"rendered":"<p>Tras varios a\u00f1os, se inaugur\u00f3 la planta industrial de carbonato de litio, materia prima para la elaboraci\u00f3n de bater\u00edas, en el Salar de Uyuni, Potos\u00ed. La inversi\u00f3n empez\u00f3 con 100 millones de d\u00f3lares en 2018, pero al concluir la obra las autoridades nacionales indicaron que el costo fue de 766,9 millones de bolivianos, es decir, m\u00e1s del precio inicial.<br \/>\nEl presidente de Bolivia, Luis Arce Catacora, inaugur\u00f3 ayer la Planta Industrial de Carbonato de Litio, ubicado en el municipio de Colcha K, departamento de Potos\u00ed, para dar inicio a la producci\u00f3n de este compuesto a escala industrial para la elaboraci\u00f3n de bater\u00edas.<br \/>\n\u201cHoy es un d\u00eda hist\u00f3rico, no solamente se trata de inaugurar las actividades de nuestra Planta de Producci\u00f3n de Carbonato de Litio, en Potos\u00ed, sino que damos un paso trascendental en la vida econ\u00f3mica, hist\u00f3rica de nuestro pa\u00eds al entrar de plano al proceso industrializador de nuestro litio boliviano\u201d, manifest\u00f3 el primer mandatario durante el acto.<br \/>\nLa construcci\u00f3n de la factor\u00eda inici\u00f3 en 2018, a cargo de la empresa Asociaci\u00f3n Maison-Cmec, sin embargo, los trabajos se prolongaron por m\u00e1s de cuatro a\u00f1os, debido a la paralizaci\u00f3n de obras por ajustes t\u00e9cnicos necesarios.<br \/>\nEl ministro de Hidrocarburos y Energ\u00edas, Franklin Molina, resalt\u00f3 el trabajo de reingenier\u00eda que realiz\u00f3 YLB para reiniciar la obra paralizada y resolver los inconvenientes t\u00e9cnicos hallados desde el dise\u00f1o original, permitiendo apresurar la puesta en marcha.<br \/>\n\u00abQuiero expresar mi felicitaci\u00f3n y agradecimiento a los profesionales t\u00e9cnicos de YLB; estamos verdaderamente orgullosos de su dedicaci\u00f3n y contribuci\u00f3n a este esfuerzo\u00bb, expres\u00f3.<br \/>\nA su turno, la presidenta de YLB, Karla Calder\u00f3n, inform\u00f3 que inicialmente, la Planta alcanzar\u00e1 un 30% de la capacidad que ha sido proyectada y progresivamente la producci\u00f3n se incrementar\u00e1 hasta alcanzar su m\u00e1xima capacidad productiva prevista para la gesti\u00f3n 2025.<br \/>\nLa nueva planta cuenta con distintas \u00e1reas, como la nave principal, donde se desarrolla el proceso principal de producci\u00f3n de carbonato de litio, adicionalmente se tienen naves secundarias dedicadas al tratamiento de soluciones, producto de la cristalizaci\u00f3n de la sal, adem\u00e1s de servicios auxiliares para la provisi\u00f3n de vapor, agua caliente y aire comprimido.<br \/>\nCon el inicio de operaciones de la Planta Industrial, Bolivia ingresa al mercado internacional como productor de carbonato de litio boliviano de alta pureza, que tiene gran demanda en el mundo para el cambio de la matriz energ\u00e9tica.<br \/>\nBolivia ingresar\u00e1 al mercado mundial de litio con un precio bajo. El 2022, el precio de la tonelada de carbonato de litio alcanzaba los 80.000 d\u00f3lares, pero en los \u00faltimos meses la cifra baj\u00f3 a 13.000 d\u00f3lares.<br \/>\nYa advirtieron los especialistas en el tema. Ingresan nuevos actores en el negocio del litio y con el descubrimiento que se hicieron en Estados Unidos, el panorama no es nada alentador, m\u00e1s cuando la poblaci\u00f3n desconoce los acuerdos alcanzados por el Gobierno con empresas chinas y rusas, seg\u00fan expresan preocupaci\u00f3n los internautas.<\/p>\n","protected":false},"excerpt":{"rendered":"<p>Tras varios a\u00f1os, se inaugur\u00f3 la planta industrial de carbonato de litio, materia prima para la elaboraci\u00f3n de bater\u00edas, en el Salar de Uyuni, Potos\u00ed. La inversi\u00f3n empez\u00f3 con 100 millones de d\u00f3lares en 2018, pero al concluir la obra las autoridades nacionales indicaron que el costo fue de 766,9 millones de bolivianos, es decir, [&hellip;]<\/p>\n","protected":false},"author":1,"featured_media":193093,"comment_status":"closed","ping_status":"open","sticky":false,"template":"","format":"standard","meta":{"_acf_changed":false,"footnotes":""},"categories":[7],"tags":[],"class_list":["post-193092","post","type-post","status-publish","format-standard","has-post-thumbnail","category-economia"],"acf":{"antetitulo":""},"yoast_head":"<!-- This site is optimized with the Yoast SEO plugin v28.4 - https:\/\/yoast.com\/product\/yoast-seo-wordpress\/ -->\n<title>Inauguraron planta industrial de carbonato de litio en Uyuni - El Diario - Bolivia<\/title>\n<meta name=\"robots\" content=\"index, follow, max-snippet:-1, max-image-preview:large, max-video-preview:-1\" \/>\n<link rel=\"canonical\" href=\"https:\/\/www.eldiario.net\/portal\/2023\/12\/16\/inauguraron-planta-industrial-de-carbonato-de-litio-en-uyuni\/\" \/>\n<meta property=\"og:locale\" content=\"es_ES\" \/>\n<meta property=\"og:type\" content=\"article\" \/>\n<meta property=\"og:title\" content=\"Inauguraron planta industrial de carbonato de litio en Uyuni - El Diario - Bolivia\" \/>\n<meta property=\"og:description\" content=\"Tras varios a\u00f1os, se inaugur\u00f3 la planta industrial de carbonato de litio, materia prima para la elaboraci\u00f3n de bater\u00edas, en el Salar de Uyuni, Potos\u00ed. La inversi\u00f3n empez\u00f3 con 100 millones de d\u00f3lares en 2018, pero al concluir la obra las autoridades nacionales indicaron que el costo fue de 766,9 millones de bolivianos, es decir, [&hellip;]\" \/>\n<meta property=\"og:url\" content=\"https:\/\/www.eldiario.net\/portal\/2023\/12\/16\/inauguraron-planta-industrial-de-carbonato-de-litio-en-uyuni\/\" \/>\n<meta property=\"og:site_name\" content=\"El Diario - Bolivia\" \/>\n<meta property=\"article:publisher\" content=\"https:\/\/www.facebook.com\/eldiario.bolivia\/\" \/>\n<meta property=\"article:published_time\" content=\"2023-12-16T10:09:27+00:00\" \/>\n<meta property=\"og:image\" content=\"https:\/\/www.eldiario.net\/portal\/wp-content\/uploads\/2023\/12\/litio.jpg\" \/>\n\t<meta property=\"og:image:width\" content=\"1436\" \/>\n\t<meta property=\"og:image:height\" content=\"796\" \/>\n\t<meta property=\"og:image:type\" content=\"image\/jpeg\" \/>\n<meta name=\"author\" content=\"Jeanette\" \/>\n<meta name=\"twitter:card\" content=\"summary_large_image\" \/>\n<meta name=\"twitter:creator\" content=\"@eldiario_net\" \/>\n<meta name=\"twitter:site\" content=\"@eldiario_net\" \/>\n<meta name=\"twitter:label1\" content=\"Escrito por\" \/>\n\t<meta name=\"twitter:data1\" content=\"Jeanette\" \/>\n\t<meta name=\"twitter:label2\" content=\"Tiempo de lectura\" \/>\n\t<meta name=\"twitter:data2\" content=\"3 minutos\" \/>\n<script type=\"application\/ld+json\" class=\"yoast-schema-graph\">{\"@context\":\"https:\\\/\\\/schema.org\",\"@graph\":[{\"@type\":\"Article\",\"@id\":\"https:\\\/\\\/www.eldiario.net\\\/portal\\\/2023\\\/12\\\/16\\\/inauguraron-planta-industrial-de-carbonato-de-litio-en-uyuni\\\/#article\",\"isPartOf\":{\"@id\":\"https:\\\/\\\/www.eldiario.net\\\/portal\\\/2023\\\/12\\\/16\\\/inauguraron-planta-industrial-de-carbonato-de-litio-en-uyuni\\\/\"},\"author\":{\"name\":\"Jeanette\",\"@id\":\"https:\\\/\\\/www.eldiario.net\\\/portal\\\/#\\\/schema\\\/person\\\/2c57cf2b7a7ae032e449e4c9b1019eac\"},\"headline\":\"Inauguraron planta industrial de carbonato de litio en Uyuni\",\"datePublished\":\"2023-12-16T10:09:27+00:00\",\"mainEntityOfPage\":{\"@id\":\"https:\\\/\\\/www.eldiario.net\\\/portal\\\/2023\\\/12\\\/16\\\/inauguraron-planta-industrial-de-carbonato-de-litio-en-uyuni\\\/\"},\"wordCount\":522,\"publisher\":{\"@id\":\"https:\\\/\\\/www.eldiario.net\\\/portal\\\/#organization\"},\"image\":{\"@id\":\"https:\\\/\\\/www.eldiario.net\\\/portal\\\/2023\\\/12\\\/16\\\/inauguraron-planta-industrial-de-carbonato-de-litio-en-uyuni\\\/#primaryimage\"},\"thumbnailUrl\":\"https:\\\/\\\/www.eldiario.net\\\/portal\\\/wp-content\\\/uploads\\\/2023\\\/12\\\/litio.jpg\",\"articleSection\":[\"Econom\u00eda\"],\"inLanguage\":\"es\"},{\"@type\":\"WebPage\",\"@id\":\"https:\\\/\\\/www.eldiario.net\\\/portal\\\/2023\\\/12\\\/16\\\/inauguraron-planta-industrial-de-carbonato-de-litio-en-uyuni\\\/\",\"url\":\"https:\\\/\\\/www.eldiario.net\\\/portal\\\/2023\\\/12\\\/16\\\/inauguraron-planta-industrial-de-carbonato-de-litio-en-uyuni\\\/\",\"name\":\"Inauguraron planta industrial de carbonato de litio en Uyuni - El Diario - Bolivia\",\"isPartOf\":{\"@id\":\"https:\\\/\\\/www.eldiario.net\\\/portal\\\/#website\"},\"primaryImageOfPage\":{\"@id\":\"https:\\\/\\\/www.eldiario.net\\\/portal\\\/2023\\\/12\\\/16\\\/inauguraron-planta-industrial-de-carbonato-de-litio-en-uyuni\\\/#primaryimage\"},\"image\":{\"@id\":\"https:\\\/\\\/www.eldiario.net\\\/portal\\\/2023\\\/12\\\/16\\\/inauguraron-planta-industrial-de-carbonato-de-litio-en-uyuni\\\/#primaryimage\"},\"thumbnailUrl\":\"https:\\\/\\\/www.eldiario.net\\\/portal\\\/wp-content\\\/uploads\\\/2023\\\/12\\\/litio.jpg\",\"datePublished\":\"2023-12-16T10:09:27+00:00\",\"breadcrumb\":{\"@id\":\"https:\\\/\\\/www.eldiario.net\\\/portal\\\/2023\\\/12\\\/16\\\/inauguraron-planta-industrial-de-carbonato-de-litio-en-uyuni\\\/#breadcrumb\"},\"inLanguage\":\"es\",\"potentialAction\":[{\"@type\":\"ReadAction\",\"target\":[\"https:\\\/\\\/www.eldiario.net\\\/portal\\\/2023\\\/12\\\/16\\\/inauguraron-planta-industrial-de-carbonato-de-litio-en-uyuni\\\/\"]}]},{\"@type\":\"ImageObject\",\"inLanguage\":\"es\",\"@id\":\"https:\\\/\\\/www.eldiario.net\\\/portal\\\/2023\\\/12\\\/16\\\/inauguraron-planta-industrial-de-carbonato-de-litio-en-uyuni\\\/#primaryimage\",\"url\":\"https:\\\/\\\/www.eldiario.net\\\/portal\\\/wp-content\\\/uploads\\\/2023\\\/12\\\/litio.jpg\",\"contentUrl\":\"https:\\\/\\\/www.eldiario.net\\\/portal\\\/wp-content\\\/uploads\\\/2023\\\/12\\\/litio.jpg\",\"width\":1436,\"height\":796,\"caption\":\"planta industrial de carbonato de litio.\"},{\"@type\":\"BreadcrumbList\",\"@id\":\"https:\\\/\\\/www.eldiario.net\\\/portal\\\/2023\\\/12\\\/16\\\/inauguraron-planta-industrial-de-carbonato-de-litio-en-uyuni\\\/#breadcrumb\",\"itemListElement\":[{\"@type\":\"ListItem\",\"position\":1,\"name\":\"Portada\",\"item\":\"https:\\\/\\\/www.eldiario.net\\\/portal\\\/\"},{\"@type\":\"ListItem\",\"position\":2,\"name\":\"Inauguraron planta industrial de carbonato de litio en Uyuni\"}]},{\"@type\":\"WebSite\",\"@id\":\"https:\\\/\\\/www.eldiario.net\\\/portal\\\/#website\",\"url\":\"https:\\\/\\\/www.eldiario.net\\\/portal\\\/\",\"name\":\"El Diario - Decano de la prensa nacional\",\"description\":\"El Diario - Decano de la prensa nacional\",\"publisher\":{\"@id\":\"https:\\\/\\\/www.eldiario.net\\\/portal\\\/#organization\"},\"potentialAction\":[{\"@type\":\"SearchAction\",\"target\":{\"@type\":\"EntryPoint\",\"urlTemplate\":\"https:\\\/\\\/www.eldiario.net\\\/portal\\\/?s={search_term_string}\"},\"query-input\":{\"@type\":\"PropertyValueSpecification\",\"valueRequired\":true,\"valueName\":\"search_term_string\"}}],\"inLanguage\":\"es\"},{\"@type\":\"Organization\",\"@id\":\"https:\\\/\\\/www.eldiario.net\\\/portal\\\/#organization\",\"name\":\"El Diario - Decano de la prensa nacional\",\"url\":\"https:\\\/\\\/www.eldiario.net\\\/portal\\\/\",\"logo\":{\"@type\":\"ImageObject\",\"inLanguage\":\"es\",\"@id\":\"https:\\\/\\\/www.eldiario.net\\\/portal\\\/#\\\/schema\\\/logo\\\/image\\\/\",\"url\":\"https:\\\/\\\/www.eldiario.net\\\/portal\\\/wp-content\\\/uploads\\\/2023\\\/07\\\/logo_ED.jpg\",\"contentUrl\":\"https:\\\/\\\/www.eldiario.net\\\/portal\\\/wp-content\\\/uploads\\\/2023\\\/07\\\/logo_ED.jpg\",\"width\":272,\"height\":52,\"caption\":\"El Diario - Decano de la prensa nacional\"},\"image\":{\"@id\":\"https:\\\/\\\/www.eldiario.net\\\/portal\\\/#\\\/schema\\\/logo\\\/image\\\/\"},\"sameAs\":[\"https:\\\/\\\/www.facebook.com\\\/eldiario.bolivia\\\/\",\"https:\\\/\\\/x.com\\\/eldiario_net\"]},{\"@type\":\"Person\",\"@id\":\"https:\\\/\\\/www.eldiario.net\\\/portal\\\/#\\\/schema\\\/person\\\/2c57cf2b7a7ae032e449e4c9b1019eac\",\"name\":\"Jeanette\",\"image\":{\"@type\":\"ImageObject\",\"inLanguage\":\"es\",\"@id\":\"https:\\\/\\\/secure.gravatar.com\\\/avatar\\\/3ea2118a5f7dad2b7138b1187a6b7ee55f160b9968b66013c3a3ef39dd7e5798?s=96&d=mm&r=g\",\"url\":\"https:\\\/\\\/secure.gravatar.com\\\/avatar\\\/3ea2118a5f7dad2b7138b1187a6b7ee55f160b9968b66013c3a3ef39dd7e5798?s=96&d=mm&r=g\",\"contentUrl\":\"https:\\\/\\\/secure.gravatar.com\\\/avatar\\\/3ea2118a5f7dad2b7138b1187a6b7ee55f160b9968b66013c3a3ef39dd7e5798?s=96&d=mm&r=g\",\"caption\":\"Jeanette\"},\"sameAs\":[\"https:\\\/\\\/www.eldiario.net\\\/portal\"],\"url\":\"https:\\\/\\\/www.eldiario.net\\\/portal\\\/author\\\/jeanette\\\/\"}]}<\/script>\n<!-- \/ Yoast SEO plugin. -->","yoast_head_json":{"title":"Inauguraron planta industrial de carbonato de litio en Uyuni - El Diario - Bolivia","robots":{"index":"index","follow":"follow","max-snippet":"max-snippet:-1","max-image-preview":"max-image-preview:large","max-video-preview":"max-video-preview:-1"},"canonical":"https:\/\/www.eldiario.net\/portal\/2023\/12\/16\/inauguraron-planta-industrial-de-carbonato-de-litio-en-uyuni\/","og_locale":"es_ES","og_type":"article","og_title":"Inauguraron planta industrial de carbonato de litio en Uyuni - El Diario - Bolivia","og_description":"Tras varios a\u00f1os, se inaugur\u00f3 la planta industrial de carbonato de litio, materia prima para la elaboraci\u00f3n de bater\u00edas, en el Salar de Uyuni, Potos\u00ed. La inversi\u00f3n empez\u00f3 con 100 millones de d\u00f3lares en 2018, pero al concluir la obra las autoridades nacionales indicaron que el costo fue de 766,9 millones de bolivianos, es decir, [&hellip;]","og_url":"https:\/\/www.eldiario.net\/portal\/2023\/12\/16\/inauguraron-planta-industrial-de-carbonato-de-litio-en-uyuni\/","og_site_name":"El Diario - Bolivia","article_publisher":"https:\/\/www.facebook.com\/eldiario.bolivia\/","article_published_time":"2023-12-16T10:09:27+00:00","og_image":[{"width":1436,"height":796,"url":"https:\/\/www.eldiario.net\/portal\/wp-content\/uploads\/2023\/12\/litio.jpg","type":"image\/jpeg"}],"author":"Jeanette","twitter_card":"summary_large_image","twitter_creator":"@eldiario_net","twitter_site":"@eldiario_net","twitter_misc":{"Escrito por":"Jeanette","Tiempo de lectura":"3 minutos"},"schema":{"@context":"https:\/\/schema.org","@graph":[{"@type":"Article","@id":"https:\/\/www.eldiario.net\/portal\/2023\/12\/16\/inauguraron-planta-industrial-de-carbonato-de-litio-en-uyuni\/#article","isPartOf":{"@id":"https:\/\/www.eldiario.net\/portal\/2023\/12\/16\/inauguraron-planta-industrial-de-carbonato-de-litio-en-uyuni\/"},"author":{"name":"Jeanette","@id":"https:\/\/www.eldiario.net\/portal\/#\/schema\/person\/2c57cf2b7a7ae032e449e4c9b1019eac"},"headline":"Inauguraron planta industrial de carbonato de litio en Uyuni","datePublished":"2023-12-16T10:09:27+00:00","mainEntityOfPage":{"@id":"https:\/\/www.eldiario.net\/portal\/2023\/12\/16\/inauguraron-planta-industrial-de-carbonato-de-litio-en-uyuni\/"},"wordCount":522,"publisher":{"@id":"https:\/\/www.eldiario.net\/portal\/#organization"},"image":{"@id":"https:\/\/www.eldiario.net\/portal\/2023\/12\/16\/inauguraron-planta-industrial-de-carbonato-de-litio-en-uyuni\/#primaryimage"},"thumbnailUrl":"https:\/\/www.eldiario.net\/portal\/wp-content\/uploads\/2023\/12\/litio.jpg","articleSection":["Econom\u00eda"],"inLanguage":"es"},{"@type":"WebPage","@id":"https:\/\/www.eldiario.net\/portal\/2023\/12\/16\/inauguraron-planta-industrial-de-carbonato-de-litio-en-uyuni\/","url":"https:\/\/www.eldiario.net\/portal\/2023\/12\/16\/inauguraron-planta-industrial-de-carbonato-de-litio-en-uyuni\/","name":"Inauguraron planta industrial de carbonato de litio en Uyuni - El Diario - Bolivia","isPartOf":{"@id":"https:\/\/www.eldiario.net\/portal\/#website"},"primaryImageOfPage":{"@id":"https:\/\/www.eldiario.net\/portal\/2023\/12\/16\/inauguraron-planta-industrial-de-carbonato-de-litio-en-uyuni\/#primaryimage"},"image":{"@id":"https:\/\/www.eldiario.net\/portal\/2023\/12\/16\/inauguraron-planta-industrial-de-carbonato-de-litio-en-uyuni\/#primaryimage"},"thumbnailUrl":"https:\/\/www.eldiario.net\/portal\/wp-content\/uploads\/2023\/12\/litio.jpg","datePublished":"2023-12-16T10:09:27+00:00","breadcrumb":{"@id":"https:\/\/www.eldiario.net\/portal\/2023\/12\/16\/inauguraron-planta-industrial-de-carbonato-de-litio-en-uyuni\/#breadcrumb"},"inLanguage":"es","potentialAction":[{"@type":"ReadAction","target":["https:\/\/www.eldiario.net\/portal\/2023\/12\/16\/inauguraron-planta-industrial-de-carbonato-de-litio-en-uyuni\/"]}]},{"@type":"ImageObject","inLanguage":"es","@id":"https:\/\/www.eldiario.net\/portal\/2023\/12\/16\/inauguraron-planta-industrial-de-carbonato-de-litio-en-uyuni\/#primaryimage","url":"https:\/\/www.eldiario.net\/portal\/wp-content\/uploads\/2023\/12\/litio.jpg","contentUrl":"https:\/\/www.eldiario.net\/portal\/wp-content\/uploads\/2023\/12\/litio.jpg","width":1436,"height":796,"caption":"planta industrial de carbonato de litio."},{"@type":"BreadcrumbList","@id":"https:\/\/www.eldiario.net\/portal\/2023\/12\/16\/inauguraron-planta-industrial-de-carbonato-de-litio-en-uyuni\/#breadcrumb","itemListElement":[{"@type":"ListItem","position":1,"name":"Portada","item":"https:\/\/www.eldiario.net\/portal\/"},{"@type":"ListItem","position":2,"name":"Inauguraron planta industrial de carbonato de litio en Uyuni"}]},{"@type":"WebSite","@id":"https:\/\/www.eldiario.net\/portal\/#website","url":"https:\/\/www.eldiario.net\/portal\/","name":"El Diario - Decano de la prensa nacional","description":"El Diario - Decano de la prensa nacional","publisher":{"@id":"https:\/\/www.eldiario.net\/portal\/#organization"},"potentialAction":[{"@type":"SearchAction","target":{"@type":"EntryPoint","urlTemplate":"https:\/\/www.eldiario.net\/portal\/?s={search_term_string}"},"query-input":{"@type":"PropertyValueSpecification","valueRequired":true,"valueName":"search_term_string"}}],"inLanguage":"es"},{"@type":"Organization","@id":"https:\/\/www.eldiario.net\/portal\/#organization","name":"El Diario - Decano de la prensa nacional","url":"https:\/\/www.eldiario.net\/portal\/","logo":{"@type":"ImageObject","inLanguage":"es","@id":"https:\/\/www.eldiario.net\/portal\/#\/schema\/logo\/image\/","url":"https:\/\/www.eldiario.net\/portal\/wp-content\/uploads\/2023\/07\/logo_ED.jpg","contentUrl":"https:\/\/www.eldiario.net\/portal\/wp-content\/uploads\/2023\/07\/logo_ED.jpg","width":272,"height":52,"caption":"El Diario - Decano de la prensa nacional"},"image":{"@id":"https:\/\/www.eldiario.net\/portal\/#\/schema\/logo\/image\/"},"sameAs":["https:\/\/www.facebook.com\/eldiario.bolivia\/","https:\/\/x.com\/eldiario_net"]},{"@type":"Person","@id":"https:\/\/www.eldiario.net\/portal\/#\/schema\/person\/2c57cf2b7a7ae032e449e4c9b1019eac","name":"Jeanette","image":{"@type":"ImageObject","inLanguage":"es","@id":"https:\/\/secure.gravatar.com\/avatar\/3ea2118a5f7dad2b7138b1187a6b7ee55f160b9968b66013c3a3ef39dd7e5798?s=96&d=mm&r=g","url":"https:\/\/secure.gravatar.com\/avatar\/3ea2118a5f7dad2b7138b1187a6b7ee55f160b9968b66013c3a3ef39dd7e5798?s=96&d=mm&r=g","contentUrl":"https:\/\/secure.gravatar.com\/avatar\/3ea2118a5f7dad2b7138b1187a6b7ee55f160b9968b66013c3a3ef39dd7e5798?s=96&d=mm&r=g","caption":"Jeanette"},"sameAs":["https:\/\/www.eldiario.net\/portal"],"url":"https:\/\/www.eldiario.net\/portal\/author\/jeanette\/"}]}},"_links":{"self":[{"href":"https:\/\/www.eldiario.net\/portal\/wp-json\/wp\/v2\/posts\/193092","targetHints":{"allow":["GET"]}}],"collection":[{"href":"https:\/\/www.eldiario.net\/portal\/wp-json\/wp\/v2\/posts"}],"about":[{"href":"https:\/\/www.eldiario.net\/portal\/wp-json\/wp\/v2\/types\/post"}],"author":[{"embeddable":true,"href":"https:\/\/www.eldiario.net\/portal\/wp-json\/wp\/v2\/users\/1"}],"replies":[{"embeddable":true,"href":"https:\/\/www.eldiario.net\/portal\/wp-json\/wp\/v2\/comments?post=193092"}],"version-history":[{"count":0,"href":"https:\/\/www.eldiario.net\/portal\/wp-json\/wp\/v2\/posts\/193092\/revisions"}],"wp:featuredmedia":[{"embeddable":true,"href":"https:\/\/www.eldiario.net\/portal\/wp-json\/wp\/v2\/media\/193093"}],"wp:attachment":[{"href":"https:\/\/www.eldiario.net\/portal\/wp-json\/wp\/v2\/media?parent=193092"}],"wp:term":[{"taxonomy":"category","embeddable":true,"href":"https:\/\/www.eldiario.net\/portal\/wp-json\/wp\/v2\/categories?post=193092"},{"taxonomy":"post_tag","embeddable":true,"href":"https:\/\/www.eldiario.net\/portal\/wp-json\/wp\/v2\/tags?post=193092"}],"curies":[{"name":"wp","href":"https:\/\/api.w.org\/{rel}","templated":true}]}}