{"id":193089,"date":"2023-12-16T06:08:44","date_gmt":"2023-12-16T10:08:44","guid":{"rendered":"https:\/\/www.eldiario.net\/portal\/?p=193089"},"modified":"2023-12-16T06:08:44","modified_gmt":"2023-12-16T10:08:44","slug":"camara-hotelera-de-la-paz-busca-aumentar-las-visitas-de-turistas","status":"publish","type":"post","link":"https:\/\/www.eldiario.net\/portal\/2023\/12\/16\/camara-hotelera-de-la-paz-busca-aumentar-las-visitas-de-turistas\/","title":{"rendered":"C\u00e1mara Hotelera de La Paz busca  aumentar las visitas de turistas"},"content":{"rendered":"<p>La C\u00e1mara Hotelera de La Paz busca incentivar el turismo a trav\u00e9s de una oferta de fin de a\u00f1o, y aumentar la llegada de visitantes a la regi\u00f3n, de esta manera superar el bajo porcentaje de ocupaci\u00f3n de los hoteles, que alcanza a 51%, por debajo del 2019.<br \/>\nEl presidente de la C\u00e1mara Hotelera de La Paz, Carlos Prommel, present\u00f3 un panorama poco alentador del sector, debido a que a la fecha el porcentaje de ocupaci\u00f3n no llega a cifras antes de la pandemia.<br \/>\nEstamos terminando el a\u00f1o con una ocupaci\u00f3n de 51% por debajo del 2019, indic\u00f3 el representante del sector a tiempo de indicar que la pandemia golpe\u00f3 duramente al sector y tambi\u00e9n los bloqueos.<br \/>\nOferta<br \/>\nAsimismo, para apoyar la recuperaci\u00f3n del turismo, la C\u00e1mara present\u00f3 una oferta de fin de a\u00f1o para que los visitantes no s\u00f3lo se queden por una noche, sino que su estad\u00eda se ampl\u00ede por m\u00e1s tiempo para que pueda visitar los atractivos tur\u00edsticos que promociona el municipio pace\u00f1o, como Siete Lagunas y el Geof\u00edsico.<br \/>\nPara ello presentaron una serie de paquetes para hoteles de cinco estrellas, de cuatro, as\u00ed como de hostales y residenciales.<br \/>\nPor su parte, el municipio de La Paz tambi\u00e9n le da una mano al sector hotelero con la presentaci\u00f3n de atractivos tur\u00edsticos para que los visitantes puedan pasar m\u00e1s tiempo y puedan realizar m\u00e1s actividades.<br \/>\nTambi\u00e9n informaron de los acuerdos alcanzados con ciudades de Chile y Per\u00fa, Iquique y Cuzco, para aumentar el flujo de visitantes a La Paz, trabajan para que el municipio pace\u00f1o no solo sea la Ciudad Maravilla, sino la capital gourmet de Bolivia.<br \/>\nSi bien Cochabamba se considera como la capital gastron\u00f3mica de Bolivia, La Paz tiene buenas perspectivas para alcanzar el objetivo de gourmet, pues de los 50 restaurantes m\u00e1s importantes de Latinoam\u00e9rica, seis est\u00e1n en Bolivia y cinco se encuentran en la urbe pace\u00f1a.<\/p>\n","protected":false},"excerpt":{"rendered":"<p>La C\u00e1mara Hotelera de La Paz busca incentivar el turismo a trav\u00e9s de una oferta de fin de a\u00f1o, y aumentar la llegada de visitantes a la regi\u00f3n, de esta manera superar el bajo porcentaje de ocupaci\u00f3n de los hoteles, que alcanza a 51%, por debajo del 2019. El presidente de la C\u00e1mara Hotelera de [&hellip;]<\/p>\n","protected":false},"author":1,"featured_media":193090,"comment_status":"closed","ping_status":"open","sticky":false,"template":"","format":"standard","meta":{"_acf_changed":false,"footnotes":""},"categories":[7],"tags":[],"class_list":["post-193089","post","type-post","status-publish","format-standard","has-post-thumbnail","category-economia"],"acf":{"antetitulo":""},"yoast_head":"<!-- This site is optimized with the Yoast SEO plugin v28.4 - https:\/\/yoast.com\/product\/yoast-seo-wordpress\/ -->\n<title>C\u00e1mara Hotelera de La Paz busca aumentar las visitas de turistas - El Diario - Bolivia<\/title>\n<meta name=\"robots\" content=\"index, follow, max-snippet:-1, max-image-preview:large, max-video-preview:-1\" \/>\n<link rel=\"canonical\" href=\"https:\/\/www.eldiario.net\/portal\/2023\/12\/16\/camara-hotelera-de-la-paz-busca-aumentar-las-visitas-de-turistas\/\" \/>\n<meta property=\"og:locale\" content=\"es_ES\" \/>\n<meta property=\"og:type\" content=\"article\" \/>\n<meta property=\"og:title\" content=\"C\u00e1mara Hotelera de La Paz busca aumentar las visitas de turistas - El Diario - Bolivia\" \/>\n<meta property=\"og:description\" content=\"La C\u00e1mara Hotelera de La Paz busca incentivar el turismo a trav\u00e9s de una oferta de fin de a\u00f1o, y aumentar la llegada de visitantes a la regi\u00f3n, de esta manera superar el bajo porcentaje de ocupaci\u00f3n de los hoteles, que alcanza a 51%, por debajo del 2019. El presidente de la C\u00e1mara Hotelera de [&hellip;]\" \/>\n<meta property=\"og:url\" content=\"https:\/\/www.eldiario.net\/portal\/2023\/12\/16\/camara-hotelera-de-la-paz-busca-aumentar-las-visitas-de-turistas\/\" \/>\n<meta property=\"og:site_name\" content=\"El Diario - Bolivia\" \/>\n<meta property=\"article:publisher\" content=\"https:\/\/www.facebook.com\/eldiario.bolivia\/\" \/>\n<meta property=\"article:published_time\" content=\"2023-12-16T10:08:44+00:00\" \/>\n<meta property=\"og:image\" content=\"https:\/\/www.eldiario.net\/portal\/wp-content\/uploads\/2023\/12\/hotel-1.jpg\" \/>\n\t<meta property=\"og:image:width\" content=\"1044\" \/>\n\t<meta property=\"og:image:height\" content=\"696\" \/>\n\t<meta property=\"og:image:type\" content=\"image\/jpeg\" \/>\n<meta name=\"author\" content=\"Jeanette\" \/>\n<meta name=\"twitter:card\" content=\"summary_large_image\" \/>\n<meta name=\"twitter:creator\" content=\"@eldiario_net\" \/>\n<meta name=\"twitter:site\" content=\"@eldiario_net\" \/>\n<meta name=\"twitter:label1\" content=\"Escrito por\" \/>\n\t<meta name=\"twitter:data1\" content=\"Jeanette\" \/>\n\t<meta name=\"twitter:label2\" content=\"Tiempo de lectura\" \/>\n\t<meta name=\"twitter:data2\" content=\"2 minutos\" \/>\n<script type=\"application\/ld+json\" class=\"yoast-schema-graph\">{\"@context\":\"https:\\\/\\\/schema.org\",\"@graph\":[{\"@type\":\"Article\",\"@id\":\"https:\\\/\\\/www.eldiario.net\\\/portal\\\/2023\\\/12\\\/16\\\/camara-hotelera-de-la-paz-busca-aumentar-las-visitas-de-turistas\\\/#article\",\"isPartOf\":{\"@id\":\"https:\\\/\\\/www.eldiario.net\\\/portal\\\/2023\\\/12\\\/16\\\/camara-hotelera-de-la-paz-busca-aumentar-las-visitas-de-turistas\\\/\"},\"author\":{\"name\":\"Jeanette\",\"@id\":\"https:\\\/\\\/www.eldiario.net\\\/portal\\\/#\\\/schema\\\/person\\\/2c57cf2b7a7ae032e449e4c9b1019eac\"},\"headline\":\"C\u00e1mara Hotelera de La Paz busca aumentar las visitas de turistas\",\"datePublished\":\"2023-12-16T10:08:44+00:00\",\"mainEntityOfPage\":{\"@id\":\"https:\\\/\\\/www.eldiario.net\\\/portal\\\/2023\\\/12\\\/16\\\/camara-hotelera-de-la-paz-busca-aumentar-las-visitas-de-turistas\\\/\"},\"wordCount\":351,\"publisher\":{\"@id\":\"https:\\\/\\\/www.eldiario.net\\\/portal\\\/#organization\"},\"image\":{\"@id\":\"https:\\\/\\\/www.eldiario.net\\\/portal\\\/2023\\\/12\\\/16\\\/camara-hotelera-de-la-paz-busca-aumentar-las-visitas-de-turistas\\\/#primaryimage\"},\"thumbnailUrl\":\"https:\\\/\\\/www.eldiario.net\\\/portal\\\/wp-content\\\/uploads\\\/2023\\\/12\\\/hotel-1.jpg\",\"articleSection\":[\"Econom\u00eda\"],\"inLanguage\":\"es\"},{\"@type\":\"WebPage\",\"@id\":\"https:\\\/\\\/www.eldiario.net\\\/portal\\\/2023\\\/12\\\/16\\\/camara-hotelera-de-la-paz-busca-aumentar-las-visitas-de-turistas\\\/\",\"url\":\"https:\\\/\\\/www.eldiario.net\\\/portal\\\/2023\\\/12\\\/16\\\/camara-hotelera-de-la-paz-busca-aumentar-las-visitas-de-turistas\\\/\",\"name\":\"C\u00e1mara Hotelera de La Paz busca aumentar las visitas de turistas - El Diario - Bolivia\",\"isPartOf\":{\"@id\":\"https:\\\/\\\/www.eldiario.net\\\/portal\\\/#website\"},\"primaryImageOfPage\":{\"@id\":\"https:\\\/\\\/www.eldiario.net\\\/portal\\\/2023\\\/12\\\/16\\\/camara-hotelera-de-la-paz-busca-aumentar-las-visitas-de-turistas\\\/#primaryimage\"},\"image\":{\"@id\":\"https:\\\/\\\/www.eldiario.net\\\/portal\\\/2023\\\/12\\\/16\\\/camara-hotelera-de-la-paz-busca-aumentar-las-visitas-de-turistas\\\/#primaryimage\"},\"thumbnailUrl\":\"https:\\\/\\\/www.eldiario.net\\\/portal\\\/wp-content\\\/uploads\\\/2023\\\/12\\\/hotel-1.jpg\",\"datePublished\":\"2023-12-16T10:08:44+00:00\",\"breadcrumb\":{\"@id\":\"https:\\\/\\\/www.eldiario.net\\\/portal\\\/2023\\\/12\\\/16\\\/camara-hotelera-de-la-paz-busca-aumentar-las-visitas-de-turistas\\\/#breadcrumb\"},\"inLanguage\":\"es\",\"potentialAction\":[{\"@type\":\"ReadAction\",\"target\":[\"https:\\\/\\\/www.eldiario.net\\\/portal\\\/2023\\\/12\\\/16\\\/camara-hotelera-de-la-paz-busca-aumentar-las-visitas-de-turistas\\\/\"]}]},{\"@type\":\"ImageObject\",\"inLanguage\":\"es\",\"@id\":\"https:\\\/\\\/www.eldiario.net\\\/portal\\\/2023\\\/12\\\/16\\\/camara-hotelera-de-la-paz-busca-aumentar-las-visitas-de-turistas\\\/#primaryimage\",\"url\":\"https:\\\/\\\/www.eldiario.net\\\/portal\\\/wp-content\\\/uploads\\\/2023\\\/12\\\/hotel-1.jpg\",\"contentUrl\":\"https:\\\/\\\/www.eldiario.net\\\/portal\\\/wp-content\\\/uploads\\\/2023\\\/12\\\/hotel-1.jpg\",\"width\":1044,\"height\":696,\"caption\":\"representantes del municipio pace\u00f1o y de la c\u00e1mara hotelera de La Paz.\"},{\"@type\":\"BreadcrumbList\",\"@id\":\"https:\\\/\\\/www.eldiario.net\\\/portal\\\/2023\\\/12\\\/16\\\/camara-hotelera-de-la-paz-busca-aumentar-las-visitas-de-turistas\\\/#breadcrumb\",\"itemListElement\":[{\"@type\":\"ListItem\",\"position\":1,\"name\":\"Portada\",\"item\":\"https:\\\/\\\/www.eldiario.net\\\/portal\\\/\"},{\"@type\":\"ListItem\",\"position\":2,\"name\":\"C\u00e1mara Hotelera de La Paz busca aumentar las visitas de turistas\"}]},{\"@type\":\"WebSite\",\"@id\":\"https:\\\/\\\/www.eldiario.net\\\/portal\\\/#website\",\"url\":\"https:\\\/\\\/www.eldiario.net\\\/portal\\\/\",\"name\":\"El Diario - Decano de la prensa nacional\",\"description\":\"El Diario - Decano de la prensa nacional\",\"publisher\":{\"@id\":\"https:\\\/\\\/www.eldiario.net\\\/portal\\\/#organization\"},\"potentialAction\":[{\"@type\":\"SearchAction\",\"target\":{\"@type\":\"EntryPoint\",\"urlTemplate\":\"https:\\\/\\\/www.eldiario.net\\\/portal\\\/?s={search_term_string}\"},\"query-input\":{\"@type\":\"PropertyValueSpecification\",\"valueRequired\":true,\"valueName\":\"search_term_string\"}}],\"inLanguage\":\"es\"},{\"@type\":\"Organization\",\"@id\":\"https:\\\/\\\/www.eldiario.net\\\/portal\\\/#organization\",\"name\":\"El Diario - Decano de la prensa nacional\",\"url\":\"https:\\\/\\\/www.eldiario.net\\\/portal\\\/\",\"logo\":{\"@type\":\"ImageObject\",\"inLanguage\":\"es\",\"@id\":\"https:\\\/\\\/www.eldiario.net\\\/portal\\\/#\\\/schema\\\/logo\\\/image\\\/\",\"url\":\"https:\\\/\\\/www.eldiario.net\\\/portal\\\/wp-content\\\/uploads\\\/2023\\\/07\\\/logo_ED.jpg\",\"contentUrl\":\"https:\\\/\\\/www.eldiario.net\\\/portal\\\/wp-content\\\/uploads\\\/2023\\\/07\\\/logo_ED.jpg\",\"width\":272,\"height\":52,\"caption\":\"El Diario - Decano de la prensa nacional\"},\"image\":{\"@id\":\"https:\\\/\\\/www.eldiario.net\\\/portal\\\/#\\\/schema\\\/logo\\\/image\\\/\"},\"sameAs\":[\"https:\\\/\\\/www.facebook.com\\\/eldiario.bolivia\\\/\",\"https:\\\/\\\/x.com\\\/eldiario_net\"]},{\"@type\":\"Person\",\"@id\":\"https:\\\/\\\/www.eldiario.net\\\/portal\\\/#\\\/schema\\\/person\\\/2c57cf2b7a7ae032e449e4c9b1019eac\",\"name\":\"Jeanette\",\"image\":{\"@type\":\"ImageObject\",\"inLanguage\":\"es\",\"@id\":\"https:\\\/\\\/secure.gravatar.com\\\/avatar\\\/3ea2118a5f7dad2b7138b1187a6b7ee55f160b9968b66013c3a3ef39dd7e5798?s=96&d=mm&r=g\",\"url\":\"https:\\\/\\\/secure.gravatar.com\\\/avatar\\\/3ea2118a5f7dad2b7138b1187a6b7ee55f160b9968b66013c3a3ef39dd7e5798?s=96&d=mm&r=g\",\"contentUrl\":\"https:\\\/\\\/secure.gravatar.com\\\/avatar\\\/3ea2118a5f7dad2b7138b1187a6b7ee55f160b9968b66013c3a3ef39dd7e5798?s=96&d=mm&r=g\",\"caption\":\"Jeanette\"},\"sameAs\":[\"https:\\\/\\\/www.eldiario.net\\\/portal\"],\"url\":\"https:\\\/\\\/www.eldiario.net\\\/portal\\\/author\\\/jeanette\\\/\"}]}<\/script>\n<!-- \/ Yoast SEO plugin. -->","yoast_head_json":{"title":"C\u00e1mara Hotelera de La Paz busca aumentar las visitas de turistas - El Diario - Bolivia","robots":{"index":"index","follow":"follow","max-snippet":"max-snippet:-1","max-image-preview":"max-image-preview:large","max-video-preview":"max-video-preview:-1"},"canonical":"https:\/\/www.eldiario.net\/portal\/2023\/12\/16\/camara-hotelera-de-la-paz-busca-aumentar-las-visitas-de-turistas\/","og_locale":"es_ES","og_type":"article","og_title":"C\u00e1mara Hotelera de La Paz busca aumentar las visitas de turistas - El Diario - Bolivia","og_description":"La C\u00e1mara Hotelera de La Paz busca incentivar el turismo a trav\u00e9s de una oferta de fin de a\u00f1o, y aumentar la llegada de visitantes a la regi\u00f3n, de esta manera superar el bajo porcentaje de ocupaci\u00f3n de los hoteles, que alcanza a 51%, por debajo del 2019. El presidente de la C\u00e1mara Hotelera de [&hellip;]","og_url":"https:\/\/www.eldiario.net\/portal\/2023\/12\/16\/camara-hotelera-de-la-paz-busca-aumentar-las-visitas-de-turistas\/","og_site_name":"El Diario - Bolivia","article_publisher":"https:\/\/www.facebook.com\/eldiario.bolivia\/","article_published_time":"2023-12-16T10:08:44+00:00","og_image":[{"width":1044,"height":696,"url":"https:\/\/www.eldiario.net\/portal\/wp-content\/uploads\/2023\/12\/hotel-1.jpg","type":"image\/jpeg"}],"author":"Jeanette","twitter_card":"summary_large_image","twitter_creator":"@eldiario_net","twitter_site":"@eldiario_net","twitter_misc":{"Escrito por":"Jeanette","Tiempo de lectura":"2 minutos"},"schema":{"@context":"https:\/\/schema.org","@graph":[{"@type":"Article","@id":"https:\/\/www.eldiario.net\/portal\/2023\/12\/16\/camara-hotelera-de-la-paz-busca-aumentar-las-visitas-de-turistas\/#article","isPartOf":{"@id":"https:\/\/www.eldiario.net\/portal\/2023\/12\/16\/camara-hotelera-de-la-paz-busca-aumentar-las-visitas-de-turistas\/"},"author":{"name":"Jeanette","@id":"https:\/\/www.eldiario.net\/portal\/#\/schema\/person\/2c57cf2b7a7ae032e449e4c9b1019eac"},"headline":"C\u00e1mara Hotelera de La Paz busca aumentar las visitas de turistas","datePublished":"2023-12-16T10:08:44+00:00","mainEntityOfPage":{"@id":"https:\/\/www.eldiario.net\/portal\/2023\/12\/16\/camara-hotelera-de-la-paz-busca-aumentar-las-visitas-de-turistas\/"},"wordCount":351,"publisher":{"@id":"https:\/\/www.eldiario.net\/portal\/#organization"},"image":{"@id":"https:\/\/www.eldiario.net\/portal\/2023\/12\/16\/camara-hotelera-de-la-paz-busca-aumentar-las-visitas-de-turistas\/#primaryimage"},"thumbnailUrl":"https:\/\/www.eldiario.net\/portal\/wp-content\/uploads\/2023\/12\/hotel-1.jpg","articleSection":["Econom\u00eda"],"inLanguage":"es"},{"@type":"WebPage","@id":"https:\/\/www.eldiario.net\/portal\/2023\/12\/16\/camara-hotelera-de-la-paz-busca-aumentar-las-visitas-de-turistas\/","url":"https:\/\/www.eldiario.net\/portal\/2023\/12\/16\/camara-hotelera-de-la-paz-busca-aumentar-las-visitas-de-turistas\/","name":"C\u00e1mara Hotelera de La Paz busca aumentar las visitas de turistas - El Diario - Bolivia","isPartOf":{"@id":"https:\/\/www.eldiario.net\/portal\/#website"},"primaryImageOfPage":{"@id":"https:\/\/www.eldiario.net\/portal\/2023\/12\/16\/camara-hotelera-de-la-paz-busca-aumentar-las-visitas-de-turistas\/#primaryimage"},"image":{"@id":"https:\/\/www.eldiario.net\/portal\/2023\/12\/16\/camara-hotelera-de-la-paz-busca-aumentar-las-visitas-de-turistas\/#primaryimage"},"thumbnailUrl":"https:\/\/www.eldiario.net\/portal\/wp-content\/uploads\/2023\/12\/hotel-1.jpg","datePublished":"2023-12-16T10:08:44+00:00","breadcrumb":{"@id":"https:\/\/www.eldiario.net\/portal\/2023\/12\/16\/camara-hotelera-de-la-paz-busca-aumentar-las-visitas-de-turistas\/#breadcrumb"},"inLanguage":"es","potentialAction":[{"@type":"ReadAction","target":["https:\/\/www.eldiario.net\/portal\/2023\/12\/16\/camara-hotelera-de-la-paz-busca-aumentar-las-visitas-de-turistas\/"]}]},{"@type":"ImageObject","inLanguage":"es","@id":"https:\/\/www.eldiario.net\/portal\/2023\/12\/16\/camara-hotelera-de-la-paz-busca-aumentar-las-visitas-de-turistas\/#primaryimage","url":"https:\/\/www.eldiario.net\/portal\/wp-content\/uploads\/2023\/12\/hotel-1.jpg","contentUrl":"https:\/\/www.eldiario.net\/portal\/wp-content\/uploads\/2023\/12\/hotel-1.jpg","width":1044,"height":696,"caption":"representantes del municipio pace\u00f1o y de la c\u00e1mara hotelera de La Paz."},{"@type":"BreadcrumbList","@id":"https:\/\/www.eldiario.net\/portal\/2023\/12\/16\/camara-hotelera-de-la-paz-busca-aumentar-las-visitas-de-turistas\/#breadcrumb","itemListElement":[{"@type":"ListItem","position":1,"name":"Portada","item":"https:\/\/www.eldiario.net\/portal\/"},{"@type":"ListItem","position":2,"name":"C\u00e1mara Hotelera de La Paz busca aumentar las visitas de turistas"}]},{"@type":"WebSite","@id":"https:\/\/www.eldiario.net\/portal\/#website","url":"https:\/\/www.eldiario.net\/portal\/","name":"El Diario - Decano de la prensa nacional","description":"El Diario - Decano de la prensa nacional","publisher":{"@id":"https:\/\/www.eldiario.net\/portal\/#organization"},"potentialAction":[{"@type":"SearchAction","target":{"@type":"EntryPoint","urlTemplate":"https:\/\/www.eldiario.net\/portal\/?s={search_term_string}"},"query-input":{"@type":"PropertyValueSpecification","valueRequired":true,"valueName":"search_term_string"}}],"inLanguage":"es"},{"@type":"Organization","@id":"https:\/\/www.eldiario.net\/portal\/#organization","name":"El Diario - Decano de la prensa nacional","url":"https:\/\/www.eldiario.net\/portal\/","logo":{"@type":"ImageObject","inLanguage":"es","@id":"https:\/\/www.eldiario.net\/portal\/#\/schema\/logo\/image\/","url":"https:\/\/www.eldiario.net\/portal\/wp-content\/uploads\/2023\/07\/logo_ED.jpg","contentUrl":"https:\/\/www.eldiario.net\/portal\/wp-content\/uploads\/2023\/07\/logo_ED.jpg","width":272,"height":52,"caption":"El Diario - Decano de la prensa nacional"},"image":{"@id":"https:\/\/www.eldiario.net\/portal\/#\/schema\/logo\/image\/"},"sameAs":["https:\/\/www.facebook.com\/eldiario.bolivia\/","https:\/\/x.com\/eldiario_net"]},{"@type":"Person","@id":"https:\/\/www.eldiario.net\/portal\/#\/schema\/person\/2c57cf2b7a7ae032e449e4c9b1019eac","name":"Jeanette","image":{"@type":"ImageObject","inLanguage":"es","@id":"https:\/\/secure.gravatar.com\/avatar\/3ea2118a5f7dad2b7138b1187a6b7ee55f160b9968b66013c3a3ef39dd7e5798?s=96&d=mm&r=g","url":"https:\/\/secure.gravatar.com\/avatar\/3ea2118a5f7dad2b7138b1187a6b7ee55f160b9968b66013c3a3ef39dd7e5798?s=96&d=mm&r=g","contentUrl":"https:\/\/secure.gravatar.com\/avatar\/3ea2118a5f7dad2b7138b1187a6b7ee55f160b9968b66013c3a3ef39dd7e5798?s=96&d=mm&r=g","caption":"Jeanette"},"sameAs":["https:\/\/www.eldiario.net\/portal"],"url":"https:\/\/www.eldiario.net\/portal\/author\/jeanette\/"}]}},"_links":{"self":[{"href":"https:\/\/www.eldiario.net\/portal\/wp-json\/wp\/v2\/posts\/193089","targetHints":{"allow":["GET"]}}],"collection":[{"href":"https:\/\/www.eldiario.net\/portal\/wp-json\/wp\/v2\/posts"}],"about":[{"href":"https:\/\/www.eldiario.net\/portal\/wp-json\/wp\/v2\/types\/post"}],"author":[{"embeddable":true,"href":"https:\/\/www.eldiario.net\/portal\/wp-json\/wp\/v2\/users\/1"}],"replies":[{"embeddable":true,"href":"https:\/\/www.eldiario.net\/portal\/wp-json\/wp\/v2\/comments?post=193089"}],"version-history":[{"count":0,"href":"https:\/\/www.eldiario.net\/portal\/wp-json\/wp\/v2\/posts\/193089\/revisions"}],"wp:featuredmedia":[{"embeddable":true,"href":"https:\/\/www.eldiario.net\/portal\/wp-json\/wp\/v2\/media\/193090"}],"wp:attachment":[{"href":"https:\/\/www.eldiario.net\/portal\/wp-json\/wp\/v2\/media?parent=193089"}],"wp:term":[{"taxonomy":"category","embeddable":true,"href":"https:\/\/www.eldiario.net\/portal\/wp-json\/wp\/v2\/categories?post=193089"},{"taxonomy":"post_tag","embeddable":true,"href":"https:\/\/www.eldiario.net\/portal\/wp-json\/wp\/v2\/tags?post=193089"}],"curies":[{"name":"wp","href":"https:\/\/api.w.org\/{rel}","templated":true}]}}