{"id":193087,"date":"2023-12-16T06:07:45","date_gmt":"2023-12-16T10:07:45","guid":{"rendered":"https:\/\/www.eldiario.net\/portal\/?p=193087"},"modified":"2023-12-16T06:07:45","modified_gmt":"2023-12-16T10:07:45","slug":"empresarios-acuerdan-diez-medidas-para-fortalecer-desarrollo-de-mipymes","status":"publish","type":"post","link":"https:\/\/www.eldiario.net\/portal\/2023\/12\/16\/empresarios-acuerdan-diez-medidas-para-fortalecer-desarrollo-de-mipymes\/","title":{"rendered":"Empresarios acuerdan diez medidas  para fortalecer desarrollo de Mipymes"},"content":{"rendered":"<p>Los representantes de las m\u00e1ximas entidades empresariales de 22 pa\u00edses de la regi\u00f3n, reunidos en el VI Foro Iberoamericano de la Mipyme realizado en Medell\u00edn, Colombia, entre el 11 y 12 de diciembre pasado, acordaron por unanimidad implementar una serie de iniciativas para contribuir a los desaf\u00edos de la productividad, la competitividad y la formalizaci\u00f3n de las micro, peque\u00f1as y medianas empresas (Mipymes) de Iberoam\u00e9rica, resaltando el enorme papel que cumplen en la generaci\u00f3n de fuentes de trabajo y aporte al desarrollo.<br \/>\nEn ese marco, Gast\u00f3n Serrano, actual Vicepresidente de la Confederaci\u00f3n de Empresarios Privados de Bolivia (Cepb) y delegado de la instituci\u00f3n, destac\u00f3 que entre los acuerdos suscritos se decidi\u00f3 fomentar la creaci\u00f3n de fuentes de financiamiento para las Mipymes; promover el di\u00e1logo para simplificar y armonizar el marco normativo en materia tributaria y laboral; contribuir en la recopilaci\u00f3n de datos sobre su realidad; visibilizar e identificar mejor las oportunidades comerciales para su desarrollo; potenciar las cadenas agroindustriales de peque\u00f1a escala para ganar en competitividad; y, ante todo, fomentar la asistencia t\u00e9cnica y la formaci\u00f3n para las Mipymes en materia de internacionalizaci\u00f3n, transformaci\u00f3n digital e implementaci\u00f3n de tecnolog\u00edas para la productividad.<br \/>\n\u201cLas Mipymes tienen una profunda relevancia social, econ\u00f3mica y ambiental y, por tanto, es una prioridad p\u00fablico-privada impulsar, mediante el desarrollo de pol\u00edticas p\u00fablicas, su competitividad y productividad, acompa\u00f1ar su digitalizaci\u00f3n, promover su potencial de internacionalizaci\u00f3n, estimular su capacidad de innovaci\u00f3n y respaldar su papel en el desarrollo sostenible\u201d, se\u00f1ala la declaraci\u00f3n final del Foro, que adem\u00e1s ser\u00e1 entregado a los Jefes de Estado y de Gobierno que participar\u00e1n en la Cumbre Iberoamericana, a realizarse en marzo de 2024 en Ecuador.<br \/>\nAl respecto, el presidente de la Cepb, Giovanni Ortu\u00f1o, se\u00f1al\u00f3 que \u201ces esencial que las Mipymes se fortalezcan a trav\u00e9s de las oportunidades generadas con las transformaciones tecnol\u00f3gicas, y para ello ser\u00e1 necesario que los programas de asistencia t\u00e9cnica, producci\u00f3n m\u00e1s limpia y promoci\u00f3n de exportaciones, tengan una mayor focalizaci\u00f3n en estas unidades productivas. Este es un esfuerzo que requiere de la articulaci\u00f3n y el trabajo conjunto entre los sectores p\u00fablico y privado, y de pol\u00edticas p\u00fablicas concebidas en varias \u00e1reas para constituir un catalizador y dinamizador de este proceso\u201d.<\/p>\n<p>&nbsp;<\/p>\n","protected":false},"excerpt":{"rendered":"<p>Los representantes de las m\u00e1ximas entidades empresariales de 22 pa\u00edses de la regi\u00f3n, reunidos en el VI Foro Iberoamericano de la Mipyme realizado en Medell\u00edn, Colombia, entre el 11 y 12 de diciembre pasado, acordaron por unanimidad implementar una serie de iniciativas para contribuir a los desaf\u00edos de la productividad, la competitividad y la formalizaci\u00f3n [&hellip;]<\/p>\n","protected":false},"author":1,"featured_media":0,"comment_status":"closed","ping_status":"open","sticky":false,"template":"","format":"standard","meta":{"_acf_changed":false,"footnotes":""},"categories":[7],"tags":[],"class_list":["post-193087","post","type-post","status-publish","format-standard","category-economia"],"acf":{"antetitulo":""},"yoast_head":"<!-- This site is optimized with the Yoast SEO plugin v28.4 - https:\/\/yoast.com\/product\/yoast-seo-wordpress\/ -->\n<title>Empresarios acuerdan diez medidas para fortalecer desarrollo de Mipymes - El Diario - Bolivia<\/title>\n<meta name=\"robots\" content=\"index, follow, max-snippet:-1, max-image-preview:large, max-video-preview:-1\" \/>\n<link rel=\"canonical\" href=\"https:\/\/www.eldiario.net\/portal\/2023\/12\/16\/empresarios-acuerdan-diez-medidas-para-fortalecer-desarrollo-de-mipymes\/\" \/>\n<meta property=\"og:locale\" content=\"es_ES\" \/>\n<meta property=\"og:type\" content=\"article\" \/>\n<meta property=\"og:title\" content=\"Empresarios acuerdan diez medidas para fortalecer desarrollo de Mipymes - El Diario - Bolivia\" \/>\n<meta property=\"og:description\" content=\"Los representantes de las m\u00e1ximas entidades empresariales de 22 pa\u00edses de la regi\u00f3n, reunidos en el VI Foro Iberoamericano de la Mipyme realizado en Medell\u00edn, Colombia, entre el 11 y 12 de diciembre pasado, acordaron por unanimidad implementar una serie de iniciativas para contribuir a los desaf\u00edos de la productividad, la competitividad y la formalizaci\u00f3n [&hellip;]\" \/>\n<meta property=\"og:url\" content=\"https:\/\/www.eldiario.net\/portal\/2023\/12\/16\/empresarios-acuerdan-diez-medidas-para-fortalecer-desarrollo-de-mipymes\/\" \/>\n<meta property=\"og:site_name\" content=\"El Diario - Bolivia\" \/>\n<meta property=\"article:publisher\" content=\"https:\/\/www.facebook.com\/eldiario.bolivia\/\" \/>\n<meta property=\"article:published_time\" content=\"2023-12-16T10:07:45+00:00\" \/>\n<meta name=\"author\" content=\"Jeanette\" \/>\n<meta name=\"twitter:card\" content=\"summary_large_image\" \/>\n<meta name=\"twitter:creator\" content=\"@eldiario_net\" \/>\n<meta name=\"twitter:site\" content=\"@eldiario_net\" \/>\n<meta name=\"twitter:label1\" content=\"Escrito por\" \/>\n\t<meta name=\"twitter:data1\" content=\"Jeanette\" \/>\n\t<meta name=\"twitter:label2\" content=\"Tiempo de lectura\" \/>\n\t<meta name=\"twitter:data2\" content=\"2 minutos\" \/>\n<script type=\"application\/ld+json\" class=\"yoast-schema-graph\">{\"@context\":\"https:\\\/\\\/schema.org\",\"@graph\":[{\"@type\":\"Article\",\"@id\":\"https:\\\/\\\/www.eldiario.net\\\/portal\\\/2023\\\/12\\\/16\\\/empresarios-acuerdan-diez-medidas-para-fortalecer-desarrollo-de-mipymes\\\/#article\",\"isPartOf\":{\"@id\":\"https:\\\/\\\/www.eldiario.net\\\/portal\\\/2023\\\/12\\\/16\\\/empresarios-acuerdan-diez-medidas-para-fortalecer-desarrollo-de-mipymes\\\/\"},\"author\":{\"name\":\"Jeanette\",\"@id\":\"https:\\\/\\\/www.eldiario.net\\\/portal\\\/#\\\/schema\\\/person\\\/2c57cf2b7a7ae032e449e4c9b1019eac\"},\"headline\":\"Empresarios acuerdan diez medidas para fortalecer desarrollo de Mipymes\",\"datePublished\":\"2023-12-16T10:07:45+00:00\",\"mainEntityOfPage\":{\"@id\":\"https:\\\/\\\/www.eldiario.net\\\/portal\\\/2023\\\/12\\\/16\\\/empresarios-acuerdan-diez-medidas-para-fortalecer-desarrollo-de-mipymes\\\/\"},\"wordCount\":416,\"publisher\":{\"@id\":\"https:\\\/\\\/www.eldiario.net\\\/portal\\\/#organization\"},\"articleSection\":[\"Econom\u00eda\"],\"inLanguage\":\"es\"},{\"@type\":\"WebPage\",\"@id\":\"https:\\\/\\\/www.eldiario.net\\\/portal\\\/2023\\\/12\\\/16\\\/empresarios-acuerdan-diez-medidas-para-fortalecer-desarrollo-de-mipymes\\\/\",\"url\":\"https:\\\/\\\/www.eldiario.net\\\/portal\\\/2023\\\/12\\\/16\\\/empresarios-acuerdan-diez-medidas-para-fortalecer-desarrollo-de-mipymes\\\/\",\"name\":\"Empresarios acuerdan diez medidas para fortalecer desarrollo de Mipymes - El Diario - Bolivia\",\"isPartOf\":{\"@id\":\"https:\\\/\\\/www.eldiario.net\\\/portal\\\/#website\"},\"datePublished\":\"2023-12-16T10:07:45+00:00\",\"breadcrumb\":{\"@id\":\"https:\\\/\\\/www.eldiario.net\\\/portal\\\/2023\\\/12\\\/16\\\/empresarios-acuerdan-diez-medidas-para-fortalecer-desarrollo-de-mipymes\\\/#breadcrumb\"},\"inLanguage\":\"es\",\"potentialAction\":[{\"@type\":\"ReadAction\",\"target\":[\"https:\\\/\\\/www.eldiario.net\\\/portal\\\/2023\\\/12\\\/16\\\/empresarios-acuerdan-diez-medidas-para-fortalecer-desarrollo-de-mipymes\\\/\"]}]},{\"@type\":\"BreadcrumbList\",\"@id\":\"https:\\\/\\\/www.eldiario.net\\\/portal\\\/2023\\\/12\\\/16\\\/empresarios-acuerdan-diez-medidas-para-fortalecer-desarrollo-de-mipymes\\\/#breadcrumb\",\"itemListElement\":[{\"@type\":\"ListItem\",\"position\":1,\"name\":\"Portada\",\"item\":\"https:\\\/\\\/www.eldiario.net\\\/portal\\\/\"},{\"@type\":\"ListItem\",\"position\":2,\"name\":\"Empresarios acuerdan diez medidas para fortalecer desarrollo de Mipymes\"}]},{\"@type\":\"WebSite\",\"@id\":\"https:\\\/\\\/www.eldiario.net\\\/portal\\\/#website\",\"url\":\"https:\\\/\\\/www.eldiario.net\\\/portal\\\/\",\"name\":\"El Diario - Decano de la prensa nacional\",\"description\":\"El Diario - Decano de la prensa nacional\",\"publisher\":{\"@id\":\"https:\\\/\\\/www.eldiario.net\\\/portal\\\/#organization\"},\"potentialAction\":[{\"@type\":\"SearchAction\",\"target\":{\"@type\":\"EntryPoint\",\"urlTemplate\":\"https:\\\/\\\/www.eldiario.net\\\/portal\\\/?s={search_term_string}\"},\"query-input\":{\"@type\":\"PropertyValueSpecification\",\"valueRequired\":true,\"valueName\":\"search_term_string\"}}],\"inLanguage\":\"es\"},{\"@type\":\"Organization\",\"@id\":\"https:\\\/\\\/www.eldiario.net\\\/portal\\\/#organization\",\"name\":\"El Diario - Decano de la prensa nacional\",\"url\":\"https:\\\/\\\/www.eldiario.net\\\/portal\\\/\",\"logo\":{\"@type\":\"ImageObject\",\"inLanguage\":\"es\",\"@id\":\"https:\\\/\\\/www.eldiario.net\\\/portal\\\/#\\\/schema\\\/logo\\\/image\\\/\",\"url\":\"https:\\\/\\\/www.eldiario.net\\\/portal\\\/wp-content\\\/uploads\\\/2023\\\/07\\\/logo_ED.jpg\",\"contentUrl\":\"https:\\\/\\\/www.eldiario.net\\\/portal\\\/wp-content\\\/uploads\\\/2023\\\/07\\\/logo_ED.jpg\",\"width\":272,\"height\":52,\"caption\":\"El Diario - Decano de la prensa nacional\"},\"image\":{\"@id\":\"https:\\\/\\\/www.eldiario.net\\\/portal\\\/#\\\/schema\\\/logo\\\/image\\\/\"},\"sameAs\":[\"https:\\\/\\\/www.facebook.com\\\/eldiario.bolivia\\\/\",\"https:\\\/\\\/x.com\\\/eldiario_net\"]},{\"@type\":\"Person\",\"@id\":\"https:\\\/\\\/www.eldiario.net\\\/portal\\\/#\\\/schema\\\/person\\\/2c57cf2b7a7ae032e449e4c9b1019eac\",\"name\":\"Jeanette\",\"image\":{\"@type\":\"ImageObject\",\"inLanguage\":\"es\",\"@id\":\"https:\\\/\\\/secure.gravatar.com\\\/avatar\\\/3ea2118a5f7dad2b7138b1187a6b7ee55f160b9968b66013c3a3ef39dd7e5798?s=96&d=mm&r=g\",\"url\":\"https:\\\/\\\/secure.gravatar.com\\\/avatar\\\/3ea2118a5f7dad2b7138b1187a6b7ee55f160b9968b66013c3a3ef39dd7e5798?s=96&d=mm&r=g\",\"contentUrl\":\"https:\\\/\\\/secure.gravatar.com\\\/avatar\\\/3ea2118a5f7dad2b7138b1187a6b7ee55f160b9968b66013c3a3ef39dd7e5798?s=96&d=mm&r=g\",\"caption\":\"Jeanette\"},\"sameAs\":[\"https:\\\/\\\/www.eldiario.net\\\/portal\"],\"url\":\"https:\\\/\\\/www.eldiario.net\\\/portal\\\/author\\\/jeanette\\\/\"}]}<\/script>\n<!-- \/ Yoast SEO plugin. -->","yoast_head_json":{"title":"Empresarios acuerdan diez medidas para fortalecer desarrollo de Mipymes - El Diario - Bolivia","robots":{"index":"index","follow":"follow","max-snippet":"max-snippet:-1","max-image-preview":"max-image-preview:large","max-video-preview":"max-video-preview:-1"},"canonical":"https:\/\/www.eldiario.net\/portal\/2023\/12\/16\/empresarios-acuerdan-diez-medidas-para-fortalecer-desarrollo-de-mipymes\/","og_locale":"es_ES","og_type":"article","og_title":"Empresarios acuerdan diez medidas para fortalecer desarrollo de Mipymes - El Diario - Bolivia","og_description":"Los representantes de las m\u00e1ximas entidades empresariales de 22 pa\u00edses de la regi\u00f3n, reunidos en el VI Foro Iberoamericano de la Mipyme realizado en Medell\u00edn, Colombia, entre el 11 y 12 de diciembre pasado, acordaron por unanimidad implementar una serie de iniciativas para contribuir a los desaf\u00edos de la productividad, la competitividad y la formalizaci\u00f3n [&hellip;]","og_url":"https:\/\/www.eldiario.net\/portal\/2023\/12\/16\/empresarios-acuerdan-diez-medidas-para-fortalecer-desarrollo-de-mipymes\/","og_site_name":"El Diario - Bolivia","article_publisher":"https:\/\/www.facebook.com\/eldiario.bolivia\/","article_published_time":"2023-12-16T10:07:45+00:00","author":"Jeanette","twitter_card":"summary_large_image","twitter_creator":"@eldiario_net","twitter_site":"@eldiario_net","twitter_misc":{"Escrito por":"Jeanette","Tiempo de lectura":"2 minutos"},"schema":{"@context":"https:\/\/schema.org","@graph":[{"@type":"Article","@id":"https:\/\/www.eldiario.net\/portal\/2023\/12\/16\/empresarios-acuerdan-diez-medidas-para-fortalecer-desarrollo-de-mipymes\/#article","isPartOf":{"@id":"https:\/\/www.eldiario.net\/portal\/2023\/12\/16\/empresarios-acuerdan-diez-medidas-para-fortalecer-desarrollo-de-mipymes\/"},"author":{"name":"Jeanette","@id":"https:\/\/www.eldiario.net\/portal\/#\/schema\/person\/2c57cf2b7a7ae032e449e4c9b1019eac"},"headline":"Empresarios acuerdan diez medidas para fortalecer desarrollo de Mipymes","datePublished":"2023-12-16T10:07:45+00:00","mainEntityOfPage":{"@id":"https:\/\/www.eldiario.net\/portal\/2023\/12\/16\/empresarios-acuerdan-diez-medidas-para-fortalecer-desarrollo-de-mipymes\/"},"wordCount":416,"publisher":{"@id":"https:\/\/www.eldiario.net\/portal\/#organization"},"articleSection":["Econom\u00eda"],"inLanguage":"es"},{"@type":"WebPage","@id":"https:\/\/www.eldiario.net\/portal\/2023\/12\/16\/empresarios-acuerdan-diez-medidas-para-fortalecer-desarrollo-de-mipymes\/","url":"https:\/\/www.eldiario.net\/portal\/2023\/12\/16\/empresarios-acuerdan-diez-medidas-para-fortalecer-desarrollo-de-mipymes\/","name":"Empresarios acuerdan diez medidas para fortalecer desarrollo de Mipymes - El Diario - Bolivia","isPartOf":{"@id":"https:\/\/www.eldiario.net\/portal\/#website"},"datePublished":"2023-12-16T10:07:45+00:00","breadcrumb":{"@id":"https:\/\/www.eldiario.net\/portal\/2023\/12\/16\/empresarios-acuerdan-diez-medidas-para-fortalecer-desarrollo-de-mipymes\/#breadcrumb"},"inLanguage":"es","potentialAction":[{"@type":"ReadAction","target":["https:\/\/www.eldiario.net\/portal\/2023\/12\/16\/empresarios-acuerdan-diez-medidas-para-fortalecer-desarrollo-de-mipymes\/"]}]},{"@type":"BreadcrumbList","@id":"https:\/\/www.eldiario.net\/portal\/2023\/12\/16\/empresarios-acuerdan-diez-medidas-para-fortalecer-desarrollo-de-mipymes\/#breadcrumb","itemListElement":[{"@type":"ListItem","position":1,"name":"Portada","item":"https:\/\/www.eldiario.net\/portal\/"},{"@type":"ListItem","position":2,"name":"Empresarios acuerdan diez medidas para fortalecer desarrollo de Mipymes"}]},{"@type":"WebSite","@id":"https:\/\/www.eldiario.net\/portal\/#website","url":"https:\/\/www.eldiario.net\/portal\/","name":"El Diario - Decano de la prensa nacional","description":"El Diario - Decano de la prensa nacional","publisher":{"@id":"https:\/\/www.eldiario.net\/portal\/#organization"},"potentialAction":[{"@type":"SearchAction","target":{"@type":"EntryPoint","urlTemplate":"https:\/\/www.eldiario.net\/portal\/?s={search_term_string}"},"query-input":{"@type":"PropertyValueSpecification","valueRequired":true,"valueName":"search_term_string"}}],"inLanguage":"es"},{"@type":"Organization","@id":"https:\/\/www.eldiario.net\/portal\/#organization","name":"El Diario - Decano de la prensa nacional","url":"https:\/\/www.eldiario.net\/portal\/","logo":{"@type":"ImageObject","inLanguage":"es","@id":"https:\/\/www.eldiario.net\/portal\/#\/schema\/logo\/image\/","url":"https:\/\/www.eldiario.net\/portal\/wp-content\/uploads\/2023\/07\/logo_ED.jpg","contentUrl":"https:\/\/www.eldiario.net\/portal\/wp-content\/uploads\/2023\/07\/logo_ED.jpg","width":272,"height":52,"caption":"El Diario - Decano de la prensa nacional"},"image":{"@id":"https:\/\/www.eldiario.net\/portal\/#\/schema\/logo\/image\/"},"sameAs":["https:\/\/www.facebook.com\/eldiario.bolivia\/","https:\/\/x.com\/eldiario_net"]},{"@type":"Person","@id":"https:\/\/www.eldiario.net\/portal\/#\/schema\/person\/2c57cf2b7a7ae032e449e4c9b1019eac","name":"Jeanette","image":{"@type":"ImageObject","inLanguage":"es","@id":"https:\/\/secure.gravatar.com\/avatar\/3ea2118a5f7dad2b7138b1187a6b7ee55f160b9968b66013c3a3ef39dd7e5798?s=96&d=mm&r=g","url":"https:\/\/secure.gravatar.com\/avatar\/3ea2118a5f7dad2b7138b1187a6b7ee55f160b9968b66013c3a3ef39dd7e5798?s=96&d=mm&r=g","contentUrl":"https:\/\/secure.gravatar.com\/avatar\/3ea2118a5f7dad2b7138b1187a6b7ee55f160b9968b66013c3a3ef39dd7e5798?s=96&d=mm&r=g","caption":"Jeanette"},"sameAs":["https:\/\/www.eldiario.net\/portal"],"url":"https:\/\/www.eldiario.net\/portal\/author\/jeanette\/"}]}},"_links":{"self":[{"href":"https:\/\/www.eldiario.net\/portal\/wp-json\/wp\/v2\/posts\/193087","targetHints":{"allow":["GET"]}}],"collection":[{"href":"https:\/\/www.eldiario.net\/portal\/wp-json\/wp\/v2\/posts"}],"about":[{"href":"https:\/\/www.eldiario.net\/portal\/wp-json\/wp\/v2\/types\/post"}],"author":[{"embeddable":true,"href":"https:\/\/www.eldiario.net\/portal\/wp-json\/wp\/v2\/users\/1"}],"replies":[{"embeddable":true,"href":"https:\/\/www.eldiario.net\/portal\/wp-json\/wp\/v2\/comments?post=193087"}],"version-history":[{"count":0,"href":"https:\/\/www.eldiario.net\/portal\/wp-json\/wp\/v2\/posts\/193087\/revisions"}],"wp:attachment":[{"href":"https:\/\/www.eldiario.net\/portal\/wp-json\/wp\/v2\/media?parent=193087"}],"wp:term":[{"taxonomy":"category","embeddable":true,"href":"https:\/\/www.eldiario.net\/portal\/wp-json\/wp\/v2\/categories?post=193087"},{"taxonomy":"post_tag","embeddable":true,"href":"https:\/\/www.eldiario.net\/portal\/wp-json\/wp\/v2\/tags?post=193087"}],"curies":[{"name":"wp","href":"https:\/\/api.w.org\/{rel}","templated":true}]}}