{"id":193085,"date":"2023-12-16T06:07:27","date_gmt":"2023-12-16T10:07:27","guid":{"rendered":"https:\/\/www.eldiario.net\/portal\/?p=193085"},"modified":"2023-12-16T06:07:27","modified_gmt":"2023-12-16T10:07:27","slug":"bolivia-importara-inflacion-de-argentina-tras-la-aplicacion-del-plan-economico","status":"publish","type":"post","link":"https:\/\/www.eldiario.net\/portal\/2023\/12\/16\/bolivia-importara-inflacion-de-argentina-tras-la-aplicacion-del-plan-economico\/","title":{"rendered":"Bolivia importar\u00e1 inflaci\u00f3n de Argentina tras la aplicaci\u00f3n del plan econ\u00f3mico"},"content":{"rendered":"<p>El precio de algunos productos en la frontera con la Argentina empez\u00f3 a subir, tras la decisi\u00f3n del gobierno de Argentina de devaluar su moneda en 54% y medios internacionales se\u00f1alan que las medidas que ser\u00e1n aplicadas en el vecino pa\u00eds afectar\u00e1n a las naciones vecinas, y Bolivia no ser\u00e1 la excepci\u00f3n pues importar\u00e1 inflaci\u00f3n, lo que se traduce el alza en el valor de los productos de contrabando, de acuerdo a una publicaci\u00f3n del medio especializado Bloomberg.<br \/>\nEl presidente del Colegio de Economistas de Tarija, Fernando Romero, se adelant\u00f3, al indicar que los precios en la frontera con la Argentina se incrementaron y que hab\u00eda dos razones: una compra anticipada de mercader\u00eda y venderlo a un valor m\u00e1s alto para no perder dinero, y aprovechar las fiestas de fin de a\u00f1o.<br \/>\nLuego de que la inflaci\u00f3n de noviembre regresara al rango de los dos d\u00edgitos, el mercado sigue de cerca las medidas implementadas por el nuevo Gobierno de Javier Milei, mientras subyace el interrogante que apunta a la posibilidad de una eventual espiralizaci\u00f3n de precios y, en un escenario m\u00e1s grave, una consecuente hiperinflaci\u00f3n, se\u00f1ala la nota de Bloomberg.<br \/>\nUno de los efectos, se reflejar\u00e1 en un aumento del precio de los productos de contrabando que llegan al pa\u00eds, Bolivia importar\u00eda inflaci\u00f3n debido a gran parte de la mercader\u00eda que se consume en las fronteras son argentinos.<br \/>\nEl medio digital, se\u00f1ala que la importaci\u00f3n de inflaci\u00f3n obedecer\u00eda a la baja competitividad que tiene Bolivia en la producci\u00f3n de alimentos.<br \/>\nEn las redes sociales, ya sali\u00f3 el presidente de Argentina, Javier Milei, para explicar la raz\u00f3n de las medidas, dijo que una parte ser\u00e1 pagada por los pol\u00edticos y el resto por el sector privado, en primera instancia.<\/p>\n","protected":false},"excerpt":{"rendered":"<p>El precio de algunos productos en la frontera con la Argentina empez\u00f3 a subir, tras la decisi\u00f3n del gobierno de Argentina de devaluar su moneda en 54% y medios internacionales se\u00f1alan que las medidas que ser\u00e1n aplicadas en el vecino pa\u00eds afectar\u00e1n a las naciones vecinas, y Bolivia no ser\u00e1 la excepci\u00f3n pues importar\u00e1 inflaci\u00f3n, [&hellip;]<\/p>\n","protected":false},"author":1,"featured_media":0,"comment_status":"closed","ping_status":"open","sticky":false,"template":"","format":"standard","meta":{"_acf_changed":false,"footnotes":""},"categories":[7],"tags":[],"class_list":["post-193085","post","type-post","status-publish","format-standard","category-economia"],"acf":{"antetitulo":""},"yoast_head":"<!-- This site is optimized with the Yoast SEO plugin v28.4 - https:\/\/yoast.com\/product\/yoast-seo-wordpress\/ -->\n<title>Bolivia importar\u00e1 inflaci\u00f3n de Argentina tras la aplicaci\u00f3n del plan econ\u00f3mico - El Diario - Bolivia<\/title>\n<meta name=\"robots\" content=\"index, follow, max-snippet:-1, max-image-preview:large, max-video-preview:-1\" \/>\n<link rel=\"canonical\" href=\"https:\/\/www.eldiario.net\/portal\/2023\/12\/16\/bolivia-importara-inflacion-de-argentina-tras-la-aplicacion-del-plan-economico\/\" \/>\n<meta property=\"og:locale\" content=\"es_ES\" \/>\n<meta property=\"og:type\" content=\"article\" \/>\n<meta property=\"og:title\" content=\"Bolivia importar\u00e1 inflaci\u00f3n de Argentina tras la aplicaci\u00f3n del plan econ\u00f3mico - El Diario - Bolivia\" \/>\n<meta property=\"og:description\" content=\"El precio de algunos productos en la frontera con la Argentina empez\u00f3 a subir, tras la decisi\u00f3n del gobierno de Argentina de devaluar su moneda en 54% y medios internacionales se\u00f1alan que las medidas que ser\u00e1n aplicadas en el vecino pa\u00eds afectar\u00e1n a las naciones vecinas, y Bolivia no ser\u00e1 la excepci\u00f3n pues importar\u00e1 inflaci\u00f3n, [&hellip;]\" \/>\n<meta property=\"og:url\" content=\"https:\/\/www.eldiario.net\/portal\/2023\/12\/16\/bolivia-importara-inflacion-de-argentina-tras-la-aplicacion-del-plan-economico\/\" \/>\n<meta property=\"og:site_name\" content=\"El Diario - Bolivia\" \/>\n<meta property=\"article:publisher\" content=\"https:\/\/www.facebook.com\/eldiario.bolivia\/\" \/>\n<meta property=\"article:published_time\" content=\"2023-12-16T10:07:27+00:00\" \/>\n<meta name=\"author\" content=\"Jeanette\" \/>\n<meta name=\"twitter:card\" content=\"summary_large_image\" \/>\n<meta name=\"twitter:creator\" content=\"@eldiario_net\" \/>\n<meta name=\"twitter:site\" content=\"@eldiario_net\" \/>\n<meta name=\"twitter:label1\" content=\"Escrito por\" \/>\n\t<meta name=\"twitter:data1\" content=\"Jeanette\" \/>\n\t<meta name=\"twitter:label2\" content=\"Tiempo de lectura\" \/>\n\t<meta name=\"twitter:data2\" content=\"2 minutos\" \/>\n<script type=\"application\/ld+json\" class=\"yoast-schema-graph\">{\"@context\":\"https:\\\/\\\/schema.org\",\"@graph\":[{\"@type\":\"Article\",\"@id\":\"https:\\\/\\\/www.eldiario.net\\\/portal\\\/2023\\\/12\\\/16\\\/bolivia-importara-inflacion-de-argentina-tras-la-aplicacion-del-plan-economico\\\/#article\",\"isPartOf\":{\"@id\":\"https:\\\/\\\/www.eldiario.net\\\/portal\\\/2023\\\/12\\\/16\\\/bolivia-importara-inflacion-de-argentina-tras-la-aplicacion-del-plan-economico\\\/\"},\"author\":{\"name\":\"Jeanette\",\"@id\":\"https:\\\/\\\/www.eldiario.net\\\/portal\\\/#\\\/schema\\\/person\\\/2c57cf2b7a7ae032e449e4c9b1019eac\"},\"headline\":\"Bolivia importar\u00e1 inflaci\u00f3n de Argentina tras la aplicaci\u00f3n del plan econ\u00f3mico\",\"datePublished\":\"2023-12-16T10:07:27+00:00\",\"mainEntityOfPage\":{\"@id\":\"https:\\\/\\\/www.eldiario.net\\\/portal\\\/2023\\\/12\\\/16\\\/bolivia-importara-inflacion-de-argentina-tras-la-aplicacion-del-plan-economico\\\/\"},\"wordCount\":330,\"publisher\":{\"@id\":\"https:\\\/\\\/www.eldiario.net\\\/portal\\\/#organization\"},\"articleSection\":[\"Econom\u00eda\"],\"inLanguage\":\"es\"},{\"@type\":\"WebPage\",\"@id\":\"https:\\\/\\\/www.eldiario.net\\\/portal\\\/2023\\\/12\\\/16\\\/bolivia-importara-inflacion-de-argentina-tras-la-aplicacion-del-plan-economico\\\/\",\"url\":\"https:\\\/\\\/www.eldiario.net\\\/portal\\\/2023\\\/12\\\/16\\\/bolivia-importara-inflacion-de-argentina-tras-la-aplicacion-del-plan-economico\\\/\",\"name\":\"Bolivia importar\u00e1 inflaci\u00f3n de Argentina tras la aplicaci\u00f3n del plan econ\u00f3mico - El Diario - Bolivia\",\"isPartOf\":{\"@id\":\"https:\\\/\\\/www.eldiario.net\\\/portal\\\/#website\"},\"datePublished\":\"2023-12-16T10:07:27+00:00\",\"breadcrumb\":{\"@id\":\"https:\\\/\\\/www.eldiario.net\\\/portal\\\/2023\\\/12\\\/16\\\/bolivia-importara-inflacion-de-argentina-tras-la-aplicacion-del-plan-economico\\\/#breadcrumb\"},\"inLanguage\":\"es\",\"potentialAction\":[{\"@type\":\"ReadAction\",\"target\":[\"https:\\\/\\\/www.eldiario.net\\\/portal\\\/2023\\\/12\\\/16\\\/bolivia-importara-inflacion-de-argentina-tras-la-aplicacion-del-plan-economico\\\/\"]}]},{\"@type\":\"BreadcrumbList\",\"@id\":\"https:\\\/\\\/www.eldiario.net\\\/portal\\\/2023\\\/12\\\/16\\\/bolivia-importara-inflacion-de-argentina-tras-la-aplicacion-del-plan-economico\\\/#breadcrumb\",\"itemListElement\":[{\"@type\":\"ListItem\",\"position\":1,\"name\":\"Portada\",\"item\":\"https:\\\/\\\/www.eldiario.net\\\/portal\\\/\"},{\"@type\":\"ListItem\",\"position\":2,\"name\":\"Bolivia importar\u00e1 inflaci\u00f3n de Argentina tras la aplicaci\u00f3n del plan econ\u00f3mico\"}]},{\"@type\":\"WebSite\",\"@id\":\"https:\\\/\\\/www.eldiario.net\\\/portal\\\/#website\",\"url\":\"https:\\\/\\\/www.eldiario.net\\\/portal\\\/\",\"name\":\"El Diario - Decano de la prensa nacional\",\"description\":\"El Diario - Decano de la prensa nacional\",\"publisher\":{\"@id\":\"https:\\\/\\\/www.eldiario.net\\\/portal\\\/#organization\"},\"potentialAction\":[{\"@type\":\"SearchAction\",\"target\":{\"@type\":\"EntryPoint\",\"urlTemplate\":\"https:\\\/\\\/www.eldiario.net\\\/portal\\\/?s={search_term_string}\"},\"query-input\":{\"@type\":\"PropertyValueSpecification\",\"valueRequired\":true,\"valueName\":\"search_term_string\"}}],\"inLanguage\":\"es\"},{\"@type\":\"Organization\",\"@id\":\"https:\\\/\\\/www.eldiario.net\\\/portal\\\/#organization\",\"name\":\"El Diario - Decano de la prensa nacional\",\"url\":\"https:\\\/\\\/www.eldiario.net\\\/portal\\\/\",\"logo\":{\"@type\":\"ImageObject\",\"inLanguage\":\"es\",\"@id\":\"https:\\\/\\\/www.eldiario.net\\\/portal\\\/#\\\/schema\\\/logo\\\/image\\\/\",\"url\":\"https:\\\/\\\/www.eldiario.net\\\/portal\\\/wp-content\\\/uploads\\\/2023\\\/07\\\/logo_ED.jpg\",\"contentUrl\":\"https:\\\/\\\/www.eldiario.net\\\/portal\\\/wp-content\\\/uploads\\\/2023\\\/07\\\/logo_ED.jpg\",\"width\":272,\"height\":52,\"caption\":\"El Diario - Decano de la prensa nacional\"},\"image\":{\"@id\":\"https:\\\/\\\/www.eldiario.net\\\/portal\\\/#\\\/schema\\\/logo\\\/image\\\/\"},\"sameAs\":[\"https:\\\/\\\/www.facebook.com\\\/eldiario.bolivia\\\/\",\"https:\\\/\\\/x.com\\\/eldiario_net\"]},{\"@type\":\"Person\",\"@id\":\"https:\\\/\\\/www.eldiario.net\\\/portal\\\/#\\\/schema\\\/person\\\/2c57cf2b7a7ae032e449e4c9b1019eac\",\"name\":\"Jeanette\",\"image\":{\"@type\":\"ImageObject\",\"inLanguage\":\"es\",\"@id\":\"https:\\\/\\\/secure.gravatar.com\\\/avatar\\\/3ea2118a5f7dad2b7138b1187a6b7ee55f160b9968b66013c3a3ef39dd7e5798?s=96&d=mm&r=g\",\"url\":\"https:\\\/\\\/secure.gravatar.com\\\/avatar\\\/3ea2118a5f7dad2b7138b1187a6b7ee55f160b9968b66013c3a3ef39dd7e5798?s=96&d=mm&r=g\",\"contentUrl\":\"https:\\\/\\\/secure.gravatar.com\\\/avatar\\\/3ea2118a5f7dad2b7138b1187a6b7ee55f160b9968b66013c3a3ef39dd7e5798?s=96&d=mm&r=g\",\"caption\":\"Jeanette\"},\"sameAs\":[\"https:\\\/\\\/www.eldiario.net\\\/portal\"],\"url\":\"https:\\\/\\\/www.eldiario.net\\\/portal\\\/author\\\/jeanette\\\/\"}]}<\/script>\n<!-- \/ Yoast SEO plugin. -->","yoast_head_json":{"title":"Bolivia importar\u00e1 inflaci\u00f3n de Argentina tras la aplicaci\u00f3n del plan econ\u00f3mico - El Diario - Bolivia","robots":{"index":"index","follow":"follow","max-snippet":"max-snippet:-1","max-image-preview":"max-image-preview:large","max-video-preview":"max-video-preview:-1"},"canonical":"https:\/\/www.eldiario.net\/portal\/2023\/12\/16\/bolivia-importara-inflacion-de-argentina-tras-la-aplicacion-del-plan-economico\/","og_locale":"es_ES","og_type":"article","og_title":"Bolivia importar\u00e1 inflaci\u00f3n de Argentina tras la aplicaci\u00f3n del plan econ\u00f3mico - El Diario - Bolivia","og_description":"El precio de algunos productos en la frontera con la Argentina empez\u00f3 a subir, tras la decisi\u00f3n del gobierno de Argentina de devaluar su moneda en 54% y medios internacionales se\u00f1alan que las medidas que ser\u00e1n aplicadas en el vecino pa\u00eds afectar\u00e1n a las naciones vecinas, y Bolivia no ser\u00e1 la excepci\u00f3n pues importar\u00e1 inflaci\u00f3n, [&hellip;]","og_url":"https:\/\/www.eldiario.net\/portal\/2023\/12\/16\/bolivia-importara-inflacion-de-argentina-tras-la-aplicacion-del-plan-economico\/","og_site_name":"El Diario - Bolivia","article_publisher":"https:\/\/www.facebook.com\/eldiario.bolivia\/","article_published_time":"2023-12-16T10:07:27+00:00","author":"Jeanette","twitter_card":"summary_large_image","twitter_creator":"@eldiario_net","twitter_site":"@eldiario_net","twitter_misc":{"Escrito por":"Jeanette","Tiempo de lectura":"2 minutos"},"schema":{"@context":"https:\/\/schema.org","@graph":[{"@type":"Article","@id":"https:\/\/www.eldiario.net\/portal\/2023\/12\/16\/bolivia-importara-inflacion-de-argentina-tras-la-aplicacion-del-plan-economico\/#article","isPartOf":{"@id":"https:\/\/www.eldiario.net\/portal\/2023\/12\/16\/bolivia-importara-inflacion-de-argentina-tras-la-aplicacion-del-plan-economico\/"},"author":{"name":"Jeanette","@id":"https:\/\/www.eldiario.net\/portal\/#\/schema\/person\/2c57cf2b7a7ae032e449e4c9b1019eac"},"headline":"Bolivia importar\u00e1 inflaci\u00f3n de Argentina tras la aplicaci\u00f3n del plan econ\u00f3mico","datePublished":"2023-12-16T10:07:27+00:00","mainEntityOfPage":{"@id":"https:\/\/www.eldiario.net\/portal\/2023\/12\/16\/bolivia-importara-inflacion-de-argentina-tras-la-aplicacion-del-plan-economico\/"},"wordCount":330,"publisher":{"@id":"https:\/\/www.eldiario.net\/portal\/#organization"},"articleSection":["Econom\u00eda"],"inLanguage":"es"},{"@type":"WebPage","@id":"https:\/\/www.eldiario.net\/portal\/2023\/12\/16\/bolivia-importara-inflacion-de-argentina-tras-la-aplicacion-del-plan-economico\/","url":"https:\/\/www.eldiario.net\/portal\/2023\/12\/16\/bolivia-importara-inflacion-de-argentina-tras-la-aplicacion-del-plan-economico\/","name":"Bolivia importar\u00e1 inflaci\u00f3n de Argentina tras la aplicaci\u00f3n del plan econ\u00f3mico - El Diario - Bolivia","isPartOf":{"@id":"https:\/\/www.eldiario.net\/portal\/#website"},"datePublished":"2023-12-16T10:07:27+00:00","breadcrumb":{"@id":"https:\/\/www.eldiario.net\/portal\/2023\/12\/16\/bolivia-importara-inflacion-de-argentina-tras-la-aplicacion-del-plan-economico\/#breadcrumb"},"inLanguage":"es","potentialAction":[{"@type":"ReadAction","target":["https:\/\/www.eldiario.net\/portal\/2023\/12\/16\/bolivia-importara-inflacion-de-argentina-tras-la-aplicacion-del-plan-economico\/"]}]},{"@type":"BreadcrumbList","@id":"https:\/\/www.eldiario.net\/portal\/2023\/12\/16\/bolivia-importara-inflacion-de-argentina-tras-la-aplicacion-del-plan-economico\/#breadcrumb","itemListElement":[{"@type":"ListItem","position":1,"name":"Portada","item":"https:\/\/www.eldiario.net\/portal\/"},{"@type":"ListItem","position":2,"name":"Bolivia importar\u00e1 inflaci\u00f3n de Argentina tras la aplicaci\u00f3n del plan econ\u00f3mico"}]},{"@type":"WebSite","@id":"https:\/\/www.eldiario.net\/portal\/#website","url":"https:\/\/www.eldiario.net\/portal\/","name":"El Diario - Decano de la prensa nacional","description":"El Diario - Decano de la prensa nacional","publisher":{"@id":"https:\/\/www.eldiario.net\/portal\/#organization"},"potentialAction":[{"@type":"SearchAction","target":{"@type":"EntryPoint","urlTemplate":"https:\/\/www.eldiario.net\/portal\/?s={search_term_string}"},"query-input":{"@type":"PropertyValueSpecification","valueRequired":true,"valueName":"search_term_string"}}],"inLanguage":"es"},{"@type":"Organization","@id":"https:\/\/www.eldiario.net\/portal\/#organization","name":"El Diario - Decano de la prensa nacional","url":"https:\/\/www.eldiario.net\/portal\/","logo":{"@type":"ImageObject","inLanguage":"es","@id":"https:\/\/www.eldiario.net\/portal\/#\/schema\/logo\/image\/","url":"https:\/\/www.eldiario.net\/portal\/wp-content\/uploads\/2023\/07\/logo_ED.jpg","contentUrl":"https:\/\/www.eldiario.net\/portal\/wp-content\/uploads\/2023\/07\/logo_ED.jpg","width":272,"height":52,"caption":"El Diario - Decano de la prensa nacional"},"image":{"@id":"https:\/\/www.eldiario.net\/portal\/#\/schema\/logo\/image\/"},"sameAs":["https:\/\/www.facebook.com\/eldiario.bolivia\/","https:\/\/x.com\/eldiario_net"]},{"@type":"Person","@id":"https:\/\/www.eldiario.net\/portal\/#\/schema\/person\/2c57cf2b7a7ae032e449e4c9b1019eac","name":"Jeanette","image":{"@type":"ImageObject","inLanguage":"es","@id":"https:\/\/secure.gravatar.com\/avatar\/3ea2118a5f7dad2b7138b1187a6b7ee55f160b9968b66013c3a3ef39dd7e5798?s=96&d=mm&r=g","url":"https:\/\/secure.gravatar.com\/avatar\/3ea2118a5f7dad2b7138b1187a6b7ee55f160b9968b66013c3a3ef39dd7e5798?s=96&d=mm&r=g","contentUrl":"https:\/\/secure.gravatar.com\/avatar\/3ea2118a5f7dad2b7138b1187a6b7ee55f160b9968b66013c3a3ef39dd7e5798?s=96&d=mm&r=g","caption":"Jeanette"},"sameAs":["https:\/\/www.eldiario.net\/portal"],"url":"https:\/\/www.eldiario.net\/portal\/author\/jeanette\/"}]}},"_links":{"self":[{"href":"https:\/\/www.eldiario.net\/portal\/wp-json\/wp\/v2\/posts\/193085","targetHints":{"allow":["GET"]}}],"collection":[{"href":"https:\/\/www.eldiario.net\/portal\/wp-json\/wp\/v2\/posts"}],"about":[{"href":"https:\/\/www.eldiario.net\/portal\/wp-json\/wp\/v2\/types\/post"}],"author":[{"embeddable":true,"href":"https:\/\/www.eldiario.net\/portal\/wp-json\/wp\/v2\/users\/1"}],"replies":[{"embeddable":true,"href":"https:\/\/www.eldiario.net\/portal\/wp-json\/wp\/v2\/comments?post=193085"}],"version-history":[{"count":0,"href":"https:\/\/www.eldiario.net\/portal\/wp-json\/wp\/v2\/posts\/193085\/revisions"}],"wp:attachment":[{"href":"https:\/\/www.eldiario.net\/portal\/wp-json\/wp\/v2\/media?parent=193085"}],"wp:term":[{"taxonomy":"category","embeddable":true,"href":"https:\/\/www.eldiario.net\/portal\/wp-json\/wp\/v2\/categories?post=193085"},{"taxonomy":"post_tag","embeddable":true,"href":"https:\/\/www.eldiario.net\/portal\/wp-json\/wp\/v2\/tags?post=193085"}],"curies":[{"name":"wp","href":"https:\/\/api.w.org\/{rel}","templated":true}]}}