{"id":193071,"date":"2023-12-16T06:02:18","date_gmt":"2023-12-16T10:02:18","guid":{"rendered":"https:\/\/www.eldiario.net\/portal\/?p=193071"},"modified":"2023-12-16T06:02:18","modified_gmt":"2023-12-16T10:02:18","slug":"mas-de-400-familias-damnificadas-por-riadas-en-tipuani","status":"publish","type":"post","link":"https:\/\/www.eldiario.net\/portal\/2023\/12\/16\/mas-de-400-familias-damnificadas-por-riadas-en-tipuani\/","title":{"rendered":"M\u00e1s de 400 familias damnificadas por  r\u00edadas en Tipuani"},"content":{"rendered":"<p>El desborde de un r\u00edo en Tipuani afect\u00f3 a tres comunidades en el norte de La Paz: Chima, Tipuani y Cangalli, dejando 480 damnificados y 96 viviendas da\u00f1adas, por lo que la Alcald\u00eda habilit\u00f3 dos colegios para albergar a los m\u00e1s perjudicados. El nivel del agua contin\u00faa ascendiendo.<br \/>\nEl municipio de Tipuani habilit\u00f3 dos colegios para albergar a los damnificados. \u201cUn servicio de campamento en dos unidades educativas que tenemos all\u00e1 para resguardar la vida de estas familias\u201d.<\/p>\n<p>&nbsp;<\/p>\n<p>i<\/p>\n","protected":false},"excerpt":{"rendered":"<p>El desborde de un r\u00edo en Tipuani afect\u00f3 a tres comunidades en el norte de La Paz: Chima, Tipuani y Cangalli, dejando 480 damnificados y 96 viviendas da\u00f1adas, por lo que la Alcald\u00eda habilit\u00f3 dos colegios para albergar a los m\u00e1s perjudicados. El nivel del agua contin\u00faa ascendiendo. El municipio de Tipuani habilit\u00f3 dos colegios [&hellip;]<\/p>\n","protected":false},"author":1,"featured_media":193072,"comment_status":"closed","ping_status":"open","sticky":false,"template":"","format":"standard","meta":{"_acf_changed":false,"footnotes":""},"categories":[15],"tags":[],"class_list":["post-193071","post","type-post","status-publish","format-standard","has-post-thumbnail","category-portada"],"acf":{"antetitulo":""},"yoast_head":"<!-- This site is optimized with the Yoast SEO plugin v28.3 - https:\/\/yoast.com\/product\/yoast-seo-wordpress\/ -->\n<title>M\u00e1s de 400 familias damnificadas por r\u00edadas en Tipuani - El Diario - Bolivia<\/title>\n<meta name=\"robots\" content=\"index, follow, max-snippet:-1, max-image-preview:large, max-video-preview:-1\" \/>\n<link rel=\"canonical\" href=\"https:\/\/www.eldiario.net\/portal\/2023\/12\/16\/mas-de-400-familias-damnificadas-por-riadas-en-tipuani\/\" \/>\n<meta property=\"og:locale\" content=\"es_ES\" \/>\n<meta property=\"og:type\" content=\"article\" \/>\n<meta property=\"og:title\" content=\"M\u00e1s de 400 familias damnificadas por r\u00edadas en Tipuani - El Diario - Bolivia\" \/>\n<meta property=\"og:description\" content=\"El desborde de un r\u00edo en Tipuani afect\u00f3 a tres comunidades en el norte de La Paz: Chima, Tipuani y Cangalli, dejando 480 damnificados y 96 viviendas da\u00f1adas, por lo que la Alcald\u00eda habilit\u00f3 dos colegios para albergar a los m\u00e1s perjudicados. El nivel del agua contin\u00faa ascendiendo. El municipio de Tipuani habilit\u00f3 dos colegios [&hellip;]\" \/>\n<meta property=\"og:url\" content=\"https:\/\/www.eldiario.net\/portal\/2023\/12\/16\/mas-de-400-familias-damnificadas-por-riadas-en-tipuani\/\" \/>\n<meta property=\"og:site_name\" content=\"El Diario - Bolivia\" \/>\n<meta property=\"article:publisher\" content=\"https:\/\/www.facebook.com\/eldiario.bolivia\/\" \/>\n<meta property=\"article:published_time\" content=\"2023-12-16T10:02:18+00:00\" \/>\n<meta property=\"og:image\" content=\"https:\/\/www.eldiario.net\/portal\/wp-content\/uploads\/2023\/12\/P-4-15-cm-x-10-1-scaled-1.jpg\" \/>\n\t<meta property=\"og:image:width\" content=\"2560\" \/>\n\t<meta property=\"og:image:height\" content=\"1333\" \/>\n\t<meta property=\"og:image:type\" content=\"image\/jpeg\" \/>\n<meta name=\"author\" content=\"Jeanette\" \/>\n<meta name=\"twitter:card\" content=\"summary_large_image\" \/>\n<meta name=\"twitter:creator\" content=\"@eldiario_net\" \/>\n<meta name=\"twitter:site\" content=\"@eldiario_net\" \/>\n<meta name=\"twitter:label1\" content=\"Escrito por\" \/>\n\t<meta name=\"twitter:data1\" content=\"Jeanette\" \/>\n\t<meta name=\"twitter:label2\" content=\"Tiempo de lectura\" \/>\n\t<meta name=\"twitter:data2\" content=\"1 minuto\" \/>\n<script type=\"application\/ld+json\" class=\"yoast-schema-graph\">{\"@context\":\"https:\\\/\\\/schema.org\",\"@graph\":[{\"@type\":\"Article\",\"@id\":\"https:\\\/\\\/www.eldiario.net\\\/portal\\\/2023\\\/12\\\/16\\\/mas-de-400-familias-damnificadas-por-riadas-en-tipuani\\\/#article\",\"isPartOf\":{\"@id\":\"https:\\\/\\\/www.eldiario.net\\\/portal\\\/2023\\\/12\\\/16\\\/mas-de-400-familias-damnificadas-por-riadas-en-tipuani\\\/\"},\"author\":{\"name\":\"Jeanette\",\"@id\":\"https:\\\/\\\/www.eldiario.net\\\/portal\\\/#\\\/schema\\\/person\\\/f46445640444750d7d753ccd04ae01b7\"},\"headline\":\"M\u00e1s de 400 familias damnificadas por r\u00edadas en Tipuani\",\"datePublished\":\"2023-12-16T10:02:18+00:00\",\"mainEntityOfPage\":{\"@id\":\"https:\\\/\\\/www.eldiario.net\\\/portal\\\/2023\\\/12\\\/16\\\/mas-de-400-familias-damnificadas-por-riadas-en-tipuani\\\/\"},\"wordCount\":93,\"publisher\":{\"@id\":\"https:\\\/\\\/www.eldiario.net\\\/portal\\\/#organization\"},\"image\":{\"@id\":\"https:\\\/\\\/www.eldiario.net\\\/portal\\\/2023\\\/12\\\/16\\\/mas-de-400-familias-damnificadas-por-riadas-en-tipuani\\\/#primaryimage\"},\"thumbnailUrl\":\"https:\\\/\\\/www.eldiario.net\\\/portal\\\/wp-content\\\/uploads\\\/2023\\\/12\\\/P-4-15-cm-x-10-1-scaled-1.jpg\",\"articleSection\":[\"Portada\"],\"inLanguage\":\"es\"},{\"@type\":\"WebPage\",\"@id\":\"https:\\\/\\\/www.eldiario.net\\\/portal\\\/2023\\\/12\\\/16\\\/mas-de-400-familias-damnificadas-por-riadas-en-tipuani\\\/\",\"url\":\"https:\\\/\\\/www.eldiario.net\\\/portal\\\/2023\\\/12\\\/16\\\/mas-de-400-familias-damnificadas-por-riadas-en-tipuani\\\/\",\"name\":\"M\u00e1s de 400 familias damnificadas por r\u00edadas en Tipuani - El Diario - Bolivia\",\"isPartOf\":{\"@id\":\"https:\\\/\\\/www.eldiario.net\\\/portal\\\/#website\"},\"primaryImageOfPage\":{\"@id\":\"https:\\\/\\\/www.eldiario.net\\\/portal\\\/2023\\\/12\\\/16\\\/mas-de-400-familias-damnificadas-por-riadas-en-tipuani\\\/#primaryimage\"},\"image\":{\"@id\":\"https:\\\/\\\/www.eldiario.net\\\/portal\\\/2023\\\/12\\\/16\\\/mas-de-400-familias-damnificadas-por-riadas-en-tipuani\\\/#primaryimage\"},\"thumbnailUrl\":\"https:\\\/\\\/www.eldiario.net\\\/portal\\\/wp-content\\\/uploads\\\/2023\\\/12\\\/P-4-15-cm-x-10-1-scaled-1.jpg\",\"datePublished\":\"2023-12-16T10:02:18+00:00\",\"breadcrumb\":{\"@id\":\"https:\\\/\\\/www.eldiario.net\\\/portal\\\/2023\\\/12\\\/16\\\/mas-de-400-familias-damnificadas-por-riadas-en-tipuani\\\/#breadcrumb\"},\"inLanguage\":\"es\",\"potentialAction\":[{\"@type\":\"ReadAction\",\"target\":[\"https:\\\/\\\/www.eldiario.net\\\/portal\\\/2023\\\/12\\\/16\\\/mas-de-400-familias-damnificadas-por-riadas-en-tipuani\\\/\"]}]},{\"@type\":\"ImageObject\",\"inLanguage\":\"es\",\"@id\":\"https:\\\/\\\/www.eldiario.net\\\/portal\\\/2023\\\/12\\\/16\\\/mas-de-400-familias-damnificadas-por-riadas-en-tipuani\\\/#primaryimage\",\"url\":\"https:\\\/\\\/www.eldiario.net\\\/portal\\\/wp-content\\\/uploads\\\/2023\\\/12\\\/P-4-15-cm-x-10-1-scaled-1.jpg\",\"contentUrl\":\"https:\\\/\\\/www.eldiario.net\\\/portal\\\/wp-content\\\/uploads\\\/2023\\\/12\\\/P-4-15-cm-x-10-1-scaled-1.jpg\",\"width\":2560,\"height\":1333,\"caption\":\"Varias comunidades contin\u00faan bajo el agua y el env\u00edo de ayuda se hace esperar; los pobladores piden la atenci\u00f3n inmediata de las autoridades, los habitantes est\u00e1n en modo de supervivencia porque los alimentos se van acabando.\"},{\"@type\":\"BreadcrumbList\",\"@id\":\"https:\\\/\\\/www.eldiario.net\\\/portal\\\/2023\\\/12\\\/16\\\/mas-de-400-familias-damnificadas-por-riadas-en-tipuani\\\/#breadcrumb\",\"itemListElement\":[{\"@type\":\"ListItem\",\"position\":1,\"name\":\"Portada\",\"item\":\"https:\\\/\\\/www.eldiario.net\\\/portal\\\/\"},{\"@type\":\"ListItem\",\"position\":2,\"name\":\"M\u00e1s de 400 familias damnificadas por r\u00edadas en Tipuani\"}]},{\"@type\":\"WebSite\",\"@id\":\"https:\\\/\\\/www.eldiario.net\\\/portal\\\/#website\",\"url\":\"https:\\\/\\\/www.eldiario.net\\\/portal\\\/\",\"name\":\"El Diario - Decano de la prensa nacional\",\"description\":\"El Diario - Decano de la prensa nacional\",\"publisher\":{\"@id\":\"https:\\\/\\\/www.eldiario.net\\\/portal\\\/#organization\"},\"potentialAction\":[{\"@type\":\"SearchAction\",\"target\":{\"@type\":\"EntryPoint\",\"urlTemplate\":\"https:\\\/\\\/www.eldiario.net\\\/portal\\\/?s={search_term_string}\"},\"query-input\":{\"@type\":\"PropertyValueSpecification\",\"valueRequired\":true,\"valueName\":\"search_term_string\"}}],\"inLanguage\":\"es\"},{\"@type\":\"Organization\",\"@id\":\"https:\\\/\\\/www.eldiario.net\\\/portal\\\/#organization\",\"name\":\"El Diario - Decano de la prensa nacional\",\"url\":\"https:\\\/\\\/www.eldiario.net\\\/portal\\\/\",\"logo\":{\"@type\":\"ImageObject\",\"inLanguage\":\"es\",\"@id\":\"https:\\\/\\\/www.eldiario.net\\\/portal\\\/#\\\/schema\\\/logo\\\/image\\\/\",\"url\":\"https:\\\/\\\/www.eldiario.net\\\/portal\\\/wp-content\\\/uploads\\\/2023\\\/07\\\/logo_ED.jpg\",\"contentUrl\":\"https:\\\/\\\/www.eldiario.net\\\/portal\\\/wp-content\\\/uploads\\\/2023\\\/07\\\/logo_ED.jpg\",\"width\":272,\"height\":52,\"caption\":\"El Diario - Decano de la prensa nacional\"},\"image\":{\"@id\":\"https:\\\/\\\/www.eldiario.net\\\/portal\\\/#\\\/schema\\\/logo\\\/image\\\/\"},\"sameAs\":[\"https:\\\/\\\/www.facebook.com\\\/eldiario.bolivia\\\/\",\"https:\\\/\\\/x.com\\\/eldiario_net\"]},{\"@type\":\"Person\",\"@id\":\"https:\\\/\\\/www.eldiario.net\\\/portal\\\/#\\\/schema\\\/person\\\/f46445640444750d7d753ccd04ae01b7\",\"name\":\"Jeanette\",\"image\":{\"@type\":\"ImageObject\",\"inLanguage\":\"es\",\"@id\":\"https:\\\/\\\/secure.gravatar.com\\\/avatar\\\/3ea2118a5f7dad2b7138b1187a6b7ee55f160b9968b66013c3a3ef39dd7e5798?s=96&d=mm&r=g\",\"url\":\"https:\\\/\\\/secure.gravatar.com\\\/avatar\\\/3ea2118a5f7dad2b7138b1187a6b7ee55f160b9968b66013c3a3ef39dd7e5798?s=96&d=mm&r=g\",\"contentUrl\":\"https:\\\/\\\/secure.gravatar.com\\\/avatar\\\/3ea2118a5f7dad2b7138b1187a6b7ee55f160b9968b66013c3a3ef39dd7e5798?s=96&d=mm&r=g\",\"caption\":\"Jeanette\"},\"sameAs\":[\"https:\\\/\\\/www.eldiario.net\\\/portal\"],\"url\":\"https:\\\/\\\/www.eldiario.net\\\/portal\\\/author\\\/jeanette\\\/\"}]}<\/script>\n<!-- \/ Yoast SEO plugin. -->","yoast_head_json":{"title":"M\u00e1s de 400 familias damnificadas por r\u00edadas en Tipuani - El Diario - Bolivia","robots":{"index":"index","follow":"follow","max-snippet":"max-snippet:-1","max-image-preview":"max-image-preview:large","max-video-preview":"max-video-preview:-1"},"canonical":"https:\/\/www.eldiario.net\/portal\/2023\/12\/16\/mas-de-400-familias-damnificadas-por-riadas-en-tipuani\/","og_locale":"es_ES","og_type":"article","og_title":"M\u00e1s de 400 familias damnificadas por r\u00edadas en Tipuani - El Diario - Bolivia","og_description":"El desborde de un r\u00edo en Tipuani afect\u00f3 a tres comunidades en el norte de La Paz: Chima, Tipuani y Cangalli, dejando 480 damnificados y 96 viviendas da\u00f1adas, por lo que la Alcald\u00eda habilit\u00f3 dos colegios para albergar a los m\u00e1s perjudicados. El nivel del agua contin\u00faa ascendiendo. El municipio de Tipuani habilit\u00f3 dos colegios [&hellip;]","og_url":"https:\/\/www.eldiario.net\/portal\/2023\/12\/16\/mas-de-400-familias-damnificadas-por-riadas-en-tipuani\/","og_site_name":"El Diario - Bolivia","article_publisher":"https:\/\/www.facebook.com\/eldiario.bolivia\/","article_published_time":"2023-12-16T10:02:18+00:00","og_image":[{"width":2560,"height":1333,"url":"https:\/\/www.eldiario.net\/portal\/wp-content\/uploads\/2023\/12\/P-4-15-cm-x-10-1-scaled-1.jpg","type":"image\/jpeg"}],"author":"Jeanette","twitter_card":"summary_large_image","twitter_creator":"@eldiario_net","twitter_site":"@eldiario_net","twitter_misc":{"Escrito por":"Jeanette","Tiempo de lectura":"1 minuto"},"schema":{"@context":"https:\/\/schema.org","@graph":[{"@type":"Article","@id":"https:\/\/www.eldiario.net\/portal\/2023\/12\/16\/mas-de-400-familias-damnificadas-por-riadas-en-tipuani\/#article","isPartOf":{"@id":"https:\/\/www.eldiario.net\/portal\/2023\/12\/16\/mas-de-400-familias-damnificadas-por-riadas-en-tipuani\/"},"author":{"name":"Jeanette","@id":"https:\/\/www.eldiario.net\/portal\/#\/schema\/person\/f46445640444750d7d753ccd04ae01b7"},"headline":"M\u00e1s de 400 familias damnificadas por r\u00edadas en Tipuani","datePublished":"2023-12-16T10:02:18+00:00","mainEntityOfPage":{"@id":"https:\/\/www.eldiario.net\/portal\/2023\/12\/16\/mas-de-400-familias-damnificadas-por-riadas-en-tipuani\/"},"wordCount":93,"publisher":{"@id":"https:\/\/www.eldiario.net\/portal\/#organization"},"image":{"@id":"https:\/\/www.eldiario.net\/portal\/2023\/12\/16\/mas-de-400-familias-damnificadas-por-riadas-en-tipuani\/#primaryimage"},"thumbnailUrl":"https:\/\/www.eldiario.net\/portal\/wp-content\/uploads\/2023\/12\/P-4-15-cm-x-10-1-scaled-1.jpg","articleSection":["Portada"],"inLanguage":"es"},{"@type":"WebPage","@id":"https:\/\/www.eldiario.net\/portal\/2023\/12\/16\/mas-de-400-familias-damnificadas-por-riadas-en-tipuani\/","url":"https:\/\/www.eldiario.net\/portal\/2023\/12\/16\/mas-de-400-familias-damnificadas-por-riadas-en-tipuani\/","name":"M\u00e1s de 400 familias damnificadas por r\u00edadas en Tipuani - El Diario - Bolivia","isPartOf":{"@id":"https:\/\/www.eldiario.net\/portal\/#website"},"primaryImageOfPage":{"@id":"https:\/\/www.eldiario.net\/portal\/2023\/12\/16\/mas-de-400-familias-damnificadas-por-riadas-en-tipuani\/#primaryimage"},"image":{"@id":"https:\/\/www.eldiario.net\/portal\/2023\/12\/16\/mas-de-400-familias-damnificadas-por-riadas-en-tipuani\/#primaryimage"},"thumbnailUrl":"https:\/\/www.eldiario.net\/portal\/wp-content\/uploads\/2023\/12\/P-4-15-cm-x-10-1-scaled-1.jpg","datePublished":"2023-12-16T10:02:18+00:00","breadcrumb":{"@id":"https:\/\/www.eldiario.net\/portal\/2023\/12\/16\/mas-de-400-familias-damnificadas-por-riadas-en-tipuani\/#breadcrumb"},"inLanguage":"es","potentialAction":[{"@type":"ReadAction","target":["https:\/\/www.eldiario.net\/portal\/2023\/12\/16\/mas-de-400-familias-damnificadas-por-riadas-en-tipuani\/"]}]},{"@type":"ImageObject","inLanguage":"es","@id":"https:\/\/www.eldiario.net\/portal\/2023\/12\/16\/mas-de-400-familias-damnificadas-por-riadas-en-tipuani\/#primaryimage","url":"https:\/\/www.eldiario.net\/portal\/wp-content\/uploads\/2023\/12\/P-4-15-cm-x-10-1-scaled-1.jpg","contentUrl":"https:\/\/www.eldiario.net\/portal\/wp-content\/uploads\/2023\/12\/P-4-15-cm-x-10-1-scaled-1.jpg","width":2560,"height":1333,"caption":"Varias comunidades contin\u00faan bajo el agua y el env\u00edo de ayuda se hace esperar; los pobladores piden la atenci\u00f3n inmediata de las autoridades, los habitantes est\u00e1n en modo de supervivencia porque los alimentos se van acabando."},{"@type":"BreadcrumbList","@id":"https:\/\/www.eldiario.net\/portal\/2023\/12\/16\/mas-de-400-familias-damnificadas-por-riadas-en-tipuani\/#breadcrumb","itemListElement":[{"@type":"ListItem","position":1,"name":"Portada","item":"https:\/\/www.eldiario.net\/portal\/"},{"@type":"ListItem","position":2,"name":"M\u00e1s de 400 familias damnificadas por r\u00edadas en Tipuani"}]},{"@type":"WebSite","@id":"https:\/\/www.eldiario.net\/portal\/#website","url":"https:\/\/www.eldiario.net\/portal\/","name":"El Diario - Decano de la prensa nacional","description":"El Diario - Decano de la prensa nacional","publisher":{"@id":"https:\/\/www.eldiario.net\/portal\/#organization"},"potentialAction":[{"@type":"SearchAction","target":{"@type":"EntryPoint","urlTemplate":"https:\/\/www.eldiario.net\/portal\/?s={search_term_string}"},"query-input":{"@type":"PropertyValueSpecification","valueRequired":true,"valueName":"search_term_string"}}],"inLanguage":"es"},{"@type":"Organization","@id":"https:\/\/www.eldiario.net\/portal\/#organization","name":"El Diario - Decano de la prensa nacional","url":"https:\/\/www.eldiario.net\/portal\/","logo":{"@type":"ImageObject","inLanguage":"es","@id":"https:\/\/www.eldiario.net\/portal\/#\/schema\/logo\/image\/","url":"https:\/\/www.eldiario.net\/portal\/wp-content\/uploads\/2023\/07\/logo_ED.jpg","contentUrl":"https:\/\/www.eldiario.net\/portal\/wp-content\/uploads\/2023\/07\/logo_ED.jpg","width":272,"height":52,"caption":"El Diario - Decano de la prensa nacional"},"image":{"@id":"https:\/\/www.eldiario.net\/portal\/#\/schema\/logo\/image\/"},"sameAs":["https:\/\/www.facebook.com\/eldiario.bolivia\/","https:\/\/x.com\/eldiario_net"]},{"@type":"Person","@id":"https:\/\/www.eldiario.net\/portal\/#\/schema\/person\/f46445640444750d7d753ccd04ae01b7","name":"Jeanette","image":{"@type":"ImageObject","inLanguage":"es","@id":"https:\/\/secure.gravatar.com\/avatar\/3ea2118a5f7dad2b7138b1187a6b7ee55f160b9968b66013c3a3ef39dd7e5798?s=96&d=mm&r=g","url":"https:\/\/secure.gravatar.com\/avatar\/3ea2118a5f7dad2b7138b1187a6b7ee55f160b9968b66013c3a3ef39dd7e5798?s=96&d=mm&r=g","contentUrl":"https:\/\/secure.gravatar.com\/avatar\/3ea2118a5f7dad2b7138b1187a6b7ee55f160b9968b66013c3a3ef39dd7e5798?s=96&d=mm&r=g","caption":"Jeanette"},"sameAs":["https:\/\/www.eldiario.net\/portal"],"url":"https:\/\/www.eldiario.net\/portal\/author\/jeanette\/"}]}},"_links":{"self":[{"href":"https:\/\/www.eldiario.net\/portal\/wp-json\/wp\/v2\/posts\/193071","targetHints":{"allow":["GET"]}}],"collection":[{"href":"https:\/\/www.eldiario.net\/portal\/wp-json\/wp\/v2\/posts"}],"about":[{"href":"https:\/\/www.eldiario.net\/portal\/wp-json\/wp\/v2\/types\/post"}],"author":[{"embeddable":true,"href":"https:\/\/www.eldiario.net\/portal\/wp-json\/wp\/v2\/users\/1"}],"replies":[{"embeddable":true,"href":"https:\/\/www.eldiario.net\/portal\/wp-json\/wp\/v2\/comments?post=193071"}],"version-history":[{"count":0,"href":"https:\/\/www.eldiario.net\/portal\/wp-json\/wp\/v2\/posts\/193071\/revisions"}],"wp:featuredmedia":[{"embeddable":true,"href":"https:\/\/www.eldiario.net\/portal\/wp-json\/wp\/v2\/media\/193072"}],"wp:attachment":[{"href":"https:\/\/www.eldiario.net\/portal\/wp-json\/wp\/v2\/media?parent=193071"}],"wp:term":[{"taxonomy":"category","embeddable":true,"href":"https:\/\/www.eldiario.net\/portal\/wp-json\/wp\/v2\/categories?post=193071"},{"taxonomy":"post_tag","embeddable":true,"href":"https:\/\/www.eldiario.net\/portal\/wp-json\/wp\/v2\/tags?post=193071"}],"curies":[{"name":"wp","href":"https:\/\/api.w.org\/{rel}","templated":true}]}}