{"id":193068,"date":"2023-12-16T06:01:26","date_gmt":"2023-12-16T10:01:26","guid":{"rendered":"https:\/\/www.eldiario.net\/portal\/?p=193068"},"modified":"2023-12-16T06:01:26","modified_gmt":"2023-12-16T10:01:26","slug":"autoridades-bolivianas-deben-decidir-en-que-via-juzgar-a-anez","status":"publish","type":"post","link":"https:\/\/www.eldiario.net\/portal\/2023\/12\/16\/autoridades-bolivianas-deben-decidir-en-que-via-juzgar-a-anez\/","title":{"rendered":"Autoridades bolivianas deben  decidir en qu\u00e9 v\u00eda juzgar a A\u00f1ez"},"content":{"rendered":"<p class=\"v1MsoNormal\">Respecto a la controversia de si a la expresidenta Jeanine A\u00f1ez le corresponde juicio ordinario o de responsabilidades, el comisionado de la Comisi\u00f3n Interamericana de Derechos Humanos (CIDH), Jos\u00e9 Luis Caballero, se\u00f1al\u00f3 que se trata de un tema a ser resuelto por autoridades competentes de Bolivia, puesto que el organismo no est\u00e1 en condiciones de emitir una determinaci\u00f3n.<\/p>\n<p class=\"v1MsoNormal\">La expresidenta A\u00f1ez fue imputada por el delito de genocidio por los casos Senkata y Sacaba, sin embargo, reclama que le corresponde juicio de responsabilidades y no proceso ordinario, al tratarse de hechos ocurridos cuando ejerc\u00eda como mandataria.<\/p>\n<p class=\"v1MsoNormal\">\u00abYo pienso que es un tema que tendr\u00eda que ser resuelto por las autoridades competentes en Bolivia. Yo creo que la Comisi\u00f3n Interamericana no est\u00e1 ahorita en condiciones de determinar si est\u00e1 bien una v\u00eda o la otra\u00bb, dijo el comisionado Caballero en entrevista con Erbol.<\/p>\n<p class=\"v1MsoNormal\">Un juicio de responsabilidades debe aprobarse mediante dos tercios de la Asamblea y se desarrolla ante el Tribunal Supremo de Justicia, mientras que en un juicio ordinario s\u00f3lo se acude a un tribunal de sentencia con acusaci\u00f3n de la Fiscal\u00eda.<\/p>\n<p class=\"v1MsoNormal\">Los acusadores de A\u00f1ez sostienen que no le corresponde juicio de responsabilidades porque \u2013seg\u00fan su criterio- no fue presidenta constitucional, mientras que la defensa asegura que s\u00ed tiene ese derecho sin importar la forma c\u00f3mo asumi\u00f3 el cargo.<\/p>\n<p class=\"v1MsoNormal\">El comisionado se\u00f1al\u00f3 que \u00ablos juristas est\u00e1n muy divididos en las opiniones\u00bb respecto a este tema.<\/p>\n<p class=\"v1MsoNormal\">Aclar\u00f3 que la Comisi\u00f3n se pronunciar\u00eda de existir en esa instancia un caso donde se haya establecido c\u00f3mo se aplica el juicio de responsabilidades, pero a priori no se puede manifestar.<\/p>\n<p class=\"v1MsoNormal\">El comisionado estuvo en Bolivia para informar el avance de las recomendaciones del Grupo Interdisciplinario de Expertos Independientes (GIEI), que investig\u00f3 los hechos de 2019.<\/p>\n<p class=\"v1MsoNormal\">Mientras el comisionado estuvo en Bolivia, se entreg\u00f3 el hotel de su hospedaje una carta de A\u00f1ez donde le ped\u00eda audiencia y le suger\u00eda que tambi\u00e9n Evo Morales debe ser investigado por los hechos de 2019. A pesar de ello, Caballero dijo que no ha cruzado palabra con la expresidenta y hasta la noche del jueves no conoc\u00eda una carta dirigida hacia su persona.<\/p>\n<p class=\"v1MsoNormal\">Consultado sobre si Evo Morales debe ser investigado, el comisionado se\u00f1al\u00f3 que \u00ablas personas que puedan tener responsabilidad en cualquier violaci\u00f3n a derechos humanos deben ser incorporadas en un tema de investigaci\u00f3n por parte de las autoridades\u00bb. (Erbol)<\/p>\n<p class=\"v1MsoNormal\">\n","protected":false},"excerpt":{"rendered":"<p>Respecto a la controversia de si a la expresidenta Jeanine A\u00f1ez le corresponde juicio ordinario o de responsabilidades, el comisionado de la Comisi\u00f3n Interamericana de Derechos Humanos (CIDH), Jos\u00e9 Luis Caballero, se\u00f1al\u00f3 que se trata de un tema a ser resuelto por autoridades competentes de Bolivia, puesto que el organismo no est\u00e1 en condiciones de [&hellip;]<\/p>\n","protected":false},"author":1,"featured_media":193069,"comment_status":"closed","ping_status":"open","sticky":false,"template":"","format":"standard","meta":{"_acf_changed":false,"footnotes":""},"categories":[15],"tags":[],"class_list":["post-193068","post","type-post","status-publish","format-standard","has-post-thumbnail","category-portada"],"acf":{"antetitulo":""},"yoast_head":"<!-- This site is optimized with the Yoast SEO plugin v28.3 - https:\/\/yoast.com\/product\/yoast-seo-wordpress\/ -->\n<title>Autoridades bolivianas deben decidir en qu\u00e9 v\u00eda juzgar a A\u00f1ez - El Diario - Bolivia<\/title>\n<meta name=\"robots\" content=\"index, follow, max-snippet:-1, max-image-preview:large, max-video-preview:-1\" \/>\n<link rel=\"canonical\" href=\"https:\/\/www.eldiario.net\/portal\/2023\/12\/16\/autoridades-bolivianas-deben-decidir-en-que-via-juzgar-a-anez\/\" \/>\n<meta property=\"og:locale\" content=\"es_ES\" \/>\n<meta property=\"og:type\" content=\"article\" \/>\n<meta property=\"og:title\" content=\"Autoridades bolivianas deben decidir en qu\u00e9 v\u00eda juzgar a A\u00f1ez - El Diario - Bolivia\" \/>\n<meta property=\"og:description\" content=\"Respecto a la controversia de si a la expresidenta Jeanine A\u00f1ez le corresponde juicio ordinario o de responsabilidades, el comisionado de la Comisi\u00f3n Interamericana de Derechos Humanos (CIDH), Jos\u00e9 Luis Caballero, se\u00f1al\u00f3 que se trata de un tema a ser resuelto por autoridades competentes de Bolivia, puesto que el organismo no est\u00e1 en condiciones de [&hellip;]\" \/>\n<meta property=\"og:url\" content=\"https:\/\/www.eldiario.net\/portal\/2023\/12\/16\/autoridades-bolivianas-deben-decidir-en-que-via-juzgar-a-anez\/\" \/>\n<meta property=\"og:site_name\" content=\"El Diario - Bolivia\" \/>\n<meta property=\"article:publisher\" content=\"https:\/\/www.facebook.com\/eldiario.bolivia\/\" \/>\n<meta property=\"article:published_time\" content=\"2023-12-16T10:01:26+00:00\" \/>\n<meta property=\"og:image\" content=\"https:\/\/www.eldiario.net\/portal\/wp-content\/uploads\/2023\/12\/P-3-10-cm-x-7-4.jpg\" \/>\n\t<meta property=\"og:image:width\" content=\"647\" \/>\n\t<meta property=\"og:image:height\" content=\"420\" \/>\n\t<meta property=\"og:image:type\" content=\"image\/jpeg\" \/>\n<meta name=\"author\" content=\"Jeanette\" \/>\n<meta name=\"twitter:card\" content=\"summary_large_image\" \/>\n<meta name=\"twitter:creator\" content=\"@eldiario_net\" \/>\n<meta name=\"twitter:site\" content=\"@eldiario_net\" \/>\n<meta name=\"twitter:label1\" content=\"Escrito por\" \/>\n\t<meta name=\"twitter:data1\" content=\"Jeanette\" \/>\n\t<meta name=\"twitter:label2\" content=\"Tiempo de lectura\" \/>\n\t<meta name=\"twitter:data2\" content=\"3 minutos\" \/>\n<script type=\"application\/ld+json\" class=\"yoast-schema-graph\">{\"@context\":\"https:\\\/\\\/schema.org\",\"@graph\":[{\"@type\":\"Article\",\"@id\":\"https:\\\/\\\/www.eldiario.net\\\/portal\\\/2023\\\/12\\\/16\\\/autoridades-bolivianas-deben-decidir-en-que-via-juzgar-a-anez\\\/#article\",\"isPartOf\":{\"@id\":\"https:\\\/\\\/www.eldiario.net\\\/portal\\\/2023\\\/12\\\/16\\\/autoridades-bolivianas-deben-decidir-en-que-via-juzgar-a-anez\\\/\"},\"author\":{\"name\":\"Jeanette\",\"@id\":\"https:\\\/\\\/www.eldiario.net\\\/portal\\\/#\\\/schema\\\/person\\\/f46445640444750d7d753ccd04ae01b7\"},\"headline\":\"Autoridades bolivianas deben decidir en qu\u00e9 v\u00eda juzgar a A\u00f1ez\",\"datePublished\":\"2023-12-16T10:01:26+00:00\",\"mainEntityOfPage\":{\"@id\":\"https:\\\/\\\/www.eldiario.net\\\/portal\\\/2023\\\/12\\\/16\\\/autoridades-bolivianas-deben-decidir-en-que-via-juzgar-a-anez\\\/\"},\"wordCount\":432,\"publisher\":{\"@id\":\"https:\\\/\\\/www.eldiario.net\\\/portal\\\/#organization\"},\"image\":{\"@id\":\"https:\\\/\\\/www.eldiario.net\\\/portal\\\/2023\\\/12\\\/16\\\/autoridades-bolivianas-deben-decidir-en-que-via-juzgar-a-anez\\\/#primaryimage\"},\"thumbnailUrl\":\"https:\\\/\\\/www.eldiario.net\\\/portal\\\/wp-content\\\/uploads\\\/2023\\\/12\\\/P-3-10-cm-x-7-4.jpg\",\"articleSection\":[\"Portada\"],\"inLanguage\":\"es\"},{\"@type\":\"WebPage\",\"@id\":\"https:\\\/\\\/www.eldiario.net\\\/portal\\\/2023\\\/12\\\/16\\\/autoridades-bolivianas-deben-decidir-en-que-via-juzgar-a-anez\\\/\",\"url\":\"https:\\\/\\\/www.eldiario.net\\\/portal\\\/2023\\\/12\\\/16\\\/autoridades-bolivianas-deben-decidir-en-que-via-juzgar-a-anez\\\/\",\"name\":\"Autoridades bolivianas deben decidir en qu\u00e9 v\u00eda juzgar a A\u00f1ez - El Diario - Bolivia\",\"isPartOf\":{\"@id\":\"https:\\\/\\\/www.eldiario.net\\\/portal\\\/#website\"},\"primaryImageOfPage\":{\"@id\":\"https:\\\/\\\/www.eldiario.net\\\/portal\\\/2023\\\/12\\\/16\\\/autoridades-bolivianas-deben-decidir-en-que-via-juzgar-a-anez\\\/#primaryimage\"},\"image\":{\"@id\":\"https:\\\/\\\/www.eldiario.net\\\/portal\\\/2023\\\/12\\\/16\\\/autoridades-bolivianas-deben-decidir-en-que-via-juzgar-a-anez\\\/#primaryimage\"},\"thumbnailUrl\":\"https:\\\/\\\/www.eldiario.net\\\/portal\\\/wp-content\\\/uploads\\\/2023\\\/12\\\/P-3-10-cm-x-7-4.jpg\",\"datePublished\":\"2023-12-16T10:01:26+00:00\",\"breadcrumb\":{\"@id\":\"https:\\\/\\\/www.eldiario.net\\\/portal\\\/2023\\\/12\\\/16\\\/autoridades-bolivianas-deben-decidir-en-que-via-juzgar-a-anez\\\/#breadcrumb\"},\"inLanguage\":\"es\",\"potentialAction\":[{\"@type\":\"ReadAction\",\"target\":[\"https:\\\/\\\/www.eldiario.net\\\/portal\\\/2023\\\/12\\\/16\\\/autoridades-bolivianas-deben-decidir-en-que-via-juzgar-a-anez\\\/\"]}]},{\"@type\":\"ImageObject\",\"inLanguage\":\"es\",\"@id\":\"https:\\\/\\\/www.eldiario.net\\\/portal\\\/2023\\\/12\\\/16\\\/autoridades-bolivianas-deben-decidir-en-que-via-juzgar-a-anez\\\/#primaryimage\",\"url\":\"https:\\\/\\\/www.eldiario.net\\\/portal\\\/wp-content\\\/uploads\\\/2023\\\/12\\\/P-3-10-cm-x-7-4.jpg\",\"contentUrl\":\"https:\\\/\\\/www.eldiario.net\\\/portal\\\/wp-content\\\/uploads\\\/2023\\\/12\\\/P-3-10-cm-x-7-4.jpg\",\"width\":647,\"height\":420,\"caption\":\"Expresidenta Jeanine A\u00f1ez CREDITO: Erbol\"},{\"@type\":\"BreadcrumbList\",\"@id\":\"https:\\\/\\\/www.eldiario.net\\\/portal\\\/2023\\\/12\\\/16\\\/autoridades-bolivianas-deben-decidir-en-que-via-juzgar-a-anez\\\/#breadcrumb\",\"itemListElement\":[{\"@type\":\"ListItem\",\"position\":1,\"name\":\"Portada\",\"item\":\"https:\\\/\\\/www.eldiario.net\\\/portal\\\/\"},{\"@type\":\"ListItem\",\"position\":2,\"name\":\"Autoridades bolivianas deben decidir en qu\u00e9 v\u00eda juzgar a A\u00f1ez\"}]},{\"@type\":\"WebSite\",\"@id\":\"https:\\\/\\\/www.eldiario.net\\\/portal\\\/#website\",\"url\":\"https:\\\/\\\/www.eldiario.net\\\/portal\\\/\",\"name\":\"El Diario - Decano de la prensa nacional\",\"description\":\"El Diario - Decano de la prensa nacional\",\"publisher\":{\"@id\":\"https:\\\/\\\/www.eldiario.net\\\/portal\\\/#organization\"},\"potentialAction\":[{\"@type\":\"SearchAction\",\"target\":{\"@type\":\"EntryPoint\",\"urlTemplate\":\"https:\\\/\\\/www.eldiario.net\\\/portal\\\/?s={search_term_string}\"},\"query-input\":{\"@type\":\"PropertyValueSpecification\",\"valueRequired\":true,\"valueName\":\"search_term_string\"}}],\"inLanguage\":\"es\"},{\"@type\":\"Organization\",\"@id\":\"https:\\\/\\\/www.eldiario.net\\\/portal\\\/#organization\",\"name\":\"El Diario - Decano de la prensa nacional\",\"url\":\"https:\\\/\\\/www.eldiario.net\\\/portal\\\/\",\"logo\":{\"@type\":\"ImageObject\",\"inLanguage\":\"es\",\"@id\":\"https:\\\/\\\/www.eldiario.net\\\/portal\\\/#\\\/schema\\\/logo\\\/image\\\/\",\"url\":\"https:\\\/\\\/www.eldiario.net\\\/portal\\\/wp-content\\\/uploads\\\/2023\\\/07\\\/logo_ED.jpg\",\"contentUrl\":\"https:\\\/\\\/www.eldiario.net\\\/portal\\\/wp-content\\\/uploads\\\/2023\\\/07\\\/logo_ED.jpg\",\"width\":272,\"height\":52,\"caption\":\"El Diario - Decano de la prensa nacional\"},\"image\":{\"@id\":\"https:\\\/\\\/www.eldiario.net\\\/portal\\\/#\\\/schema\\\/logo\\\/image\\\/\"},\"sameAs\":[\"https:\\\/\\\/www.facebook.com\\\/eldiario.bolivia\\\/\",\"https:\\\/\\\/x.com\\\/eldiario_net\"]},{\"@type\":\"Person\",\"@id\":\"https:\\\/\\\/www.eldiario.net\\\/portal\\\/#\\\/schema\\\/person\\\/f46445640444750d7d753ccd04ae01b7\",\"name\":\"Jeanette\",\"image\":{\"@type\":\"ImageObject\",\"inLanguage\":\"es\",\"@id\":\"https:\\\/\\\/secure.gravatar.com\\\/avatar\\\/3ea2118a5f7dad2b7138b1187a6b7ee55f160b9968b66013c3a3ef39dd7e5798?s=96&d=mm&r=g\",\"url\":\"https:\\\/\\\/secure.gravatar.com\\\/avatar\\\/3ea2118a5f7dad2b7138b1187a6b7ee55f160b9968b66013c3a3ef39dd7e5798?s=96&d=mm&r=g\",\"contentUrl\":\"https:\\\/\\\/secure.gravatar.com\\\/avatar\\\/3ea2118a5f7dad2b7138b1187a6b7ee55f160b9968b66013c3a3ef39dd7e5798?s=96&d=mm&r=g\",\"caption\":\"Jeanette\"},\"sameAs\":[\"https:\\\/\\\/www.eldiario.net\\\/portal\"],\"url\":\"https:\\\/\\\/www.eldiario.net\\\/portal\\\/author\\\/jeanette\\\/\"}]}<\/script>\n<!-- \/ Yoast SEO plugin. -->","yoast_head_json":{"title":"Autoridades bolivianas deben decidir en qu\u00e9 v\u00eda juzgar a A\u00f1ez - El Diario - Bolivia","robots":{"index":"index","follow":"follow","max-snippet":"max-snippet:-1","max-image-preview":"max-image-preview:large","max-video-preview":"max-video-preview:-1"},"canonical":"https:\/\/www.eldiario.net\/portal\/2023\/12\/16\/autoridades-bolivianas-deben-decidir-en-que-via-juzgar-a-anez\/","og_locale":"es_ES","og_type":"article","og_title":"Autoridades bolivianas deben decidir en qu\u00e9 v\u00eda juzgar a A\u00f1ez - El Diario - Bolivia","og_description":"Respecto a la controversia de si a la expresidenta Jeanine A\u00f1ez le corresponde juicio ordinario o de responsabilidades, el comisionado de la Comisi\u00f3n Interamericana de Derechos Humanos (CIDH), Jos\u00e9 Luis Caballero, se\u00f1al\u00f3 que se trata de un tema a ser resuelto por autoridades competentes de Bolivia, puesto que el organismo no est\u00e1 en condiciones de [&hellip;]","og_url":"https:\/\/www.eldiario.net\/portal\/2023\/12\/16\/autoridades-bolivianas-deben-decidir-en-que-via-juzgar-a-anez\/","og_site_name":"El Diario - Bolivia","article_publisher":"https:\/\/www.facebook.com\/eldiario.bolivia\/","article_published_time":"2023-12-16T10:01:26+00:00","og_image":[{"width":647,"height":420,"url":"https:\/\/www.eldiario.net\/portal\/wp-content\/uploads\/2023\/12\/P-3-10-cm-x-7-4.jpg","type":"image\/jpeg"}],"author":"Jeanette","twitter_card":"summary_large_image","twitter_creator":"@eldiario_net","twitter_site":"@eldiario_net","twitter_misc":{"Escrito por":"Jeanette","Tiempo de lectura":"3 minutos"},"schema":{"@context":"https:\/\/schema.org","@graph":[{"@type":"Article","@id":"https:\/\/www.eldiario.net\/portal\/2023\/12\/16\/autoridades-bolivianas-deben-decidir-en-que-via-juzgar-a-anez\/#article","isPartOf":{"@id":"https:\/\/www.eldiario.net\/portal\/2023\/12\/16\/autoridades-bolivianas-deben-decidir-en-que-via-juzgar-a-anez\/"},"author":{"name":"Jeanette","@id":"https:\/\/www.eldiario.net\/portal\/#\/schema\/person\/f46445640444750d7d753ccd04ae01b7"},"headline":"Autoridades bolivianas deben decidir en qu\u00e9 v\u00eda juzgar a A\u00f1ez","datePublished":"2023-12-16T10:01:26+00:00","mainEntityOfPage":{"@id":"https:\/\/www.eldiario.net\/portal\/2023\/12\/16\/autoridades-bolivianas-deben-decidir-en-que-via-juzgar-a-anez\/"},"wordCount":432,"publisher":{"@id":"https:\/\/www.eldiario.net\/portal\/#organization"},"image":{"@id":"https:\/\/www.eldiario.net\/portal\/2023\/12\/16\/autoridades-bolivianas-deben-decidir-en-que-via-juzgar-a-anez\/#primaryimage"},"thumbnailUrl":"https:\/\/www.eldiario.net\/portal\/wp-content\/uploads\/2023\/12\/P-3-10-cm-x-7-4.jpg","articleSection":["Portada"],"inLanguage":"es"},{"@type":"WebPage","@id":"https:\/\/www.eldiario.net\/portal\/2023\/12\/16\/autoridades-bolivianas-deben-decidir-en-que-via-juzgar-a-anez\/","url":"https:\/\/www.eldiario.net\/portal\/2023\/12\/16\/autoridades-bolivianas-deben-decidir-en-que-via-juzgar-a-anez\/","name":"Autoridades bolivianas deben decidir en qu\u00e9 v\u00eda juzgar a A\u00f1ez - El Diario - Bolivia","isPartOf":{"@id":"https:\/\/www.eldiario.net\/portal\/#website"},"primaryImageOfPage":{"@id":"https:\/\/www.eldiario.net\/portal\/2023\/12\/16\/autoridades-bolivianas-deben-decidir-en-que-via-juzgar-a-anez\/#primaryimage"},"image":{"@id":"https:\/\/www.eldiario.net\/portal\/2023\/12\/16\/autoridades-bolivianas-deben-decidir-en-que-via-juzgar-a-anez\/#primaryimage"},"thumbnailUrl":"https:\/\/www.eldiario.net\/portal\/wp-content\/uploads\/2023\/12\/P-3-10-cm-x-7-4.jpg","datePublished":"2023-12-16T10:01:26+00:00","breadcrumb":{"@id":"https:\/\/www.eldiario.net\/portal\/2023\/12\/16\/autoridades-bolivianas-deben-decidir-en-que-via-juzgar-a-anez\/#breadcrumb"},"inLanguage":"es","potentialAction":[{"@type":"ReadAction","target":["https:\/\/www.eldiario.net\/portal\/2023\/12\/16\/autoridades-bolivianas-deben-decidir-en-que-via-juzgar-a-anez\/"]}]},{"@type":"ImageObject","inLanguage":"es","@id":"https:\/\/www.eldiario.net\/portal\/2023\/12\/16\/autoridades-bolivianas-deben-decidir-en-que-via-juzgar-a-anez\/#primaryimage","url":"https:\/\/www.eldiario.net\/portal\/wp-content\/uploads\/2023\/12\/P-3-10-cm-x-7-4.jpg","contentUrl":"https:\/\/www.eldiario.net\/portal\/wp-content\/uploads\/2023\/12\/P-3-10-cm-x-7-4.jpg","width":647,"height":420,"caption":"Expresidenta Jeanine A\u00f1ez CREDITO: Erbol"},{"@type":"BreadcrumbList","@id":"https:\/\/www.eldiario.net\/portal\/2023\/12\/16\/autoridades-bolivianas-deben-decidir-en-que-via-juzgar-a-anez\/#breadcrumb","itemListElement":[{"@type":"ListItem","position":1,"name":"Portada","item":"https:\/\/www.eldiario.net\/portal\/"},{"@type":"ListItem","position":2,"name":"Autoridades bolivianas deben decidir en qu\u00e9 v\u00eda juzgar a A\u00f1ez"}]},{"@type":"WebSite","@id":"https:\/\/www.eldiario.net\/portal\/#website","url":"https:\/\/www.eldiario.net\/portal\/","name":"El Diario - Decano de la prensa nacional","description":"El Diario - Decano de la prensa nacional","publisher":{"@id":"https:\/\/www.eldiario.net\/portal\/#organization"},"potentialAction":[{"@type":"SearchAction","target":{"@type":"EntryPoint","urlTemplate":"https:\/\/www.eldiario.net\/portal\/?s={search_term_string}"},"query-input":{"@type":"PropertyValueSpecification","valueRequired":true,"valueName":"search_term_string"}}],"inLanguage":"es"},{"@type":"Organization","@id":"https:\/\/www.eldiario.net\/portal\/#organization","name":"El Diario - Decano de la prensa nacional","url":"https:\/\/www.eldiario.net\/portal\/","logo":{"@type":"ImageObject","inLanguage":"es","@id":"https:\/\/www.eldiario.net\/portal\/#\/schema\/logo\/image\/","url":"https:\/\/www.eldiario.net\/portal\/wp-content\/uploads\/2023\/07\/logo_ED.jpg","contentUrl":"https:\/\/www.eldiario.net\/portal\/wp-content\/uploads\/2023\/07\/logo_ED.jpg","width":272,"height":52,"caption":"El Diario - Decano de la prensa nacional"},"image":{"@id":"https:\/\/www.eldiario.net\/portal\/#\/schema\/logo\/image\/"},"sameAs":["https:\/\/www.facebook.com\/eldiario.bolivia\/","https:\/\/x.com\/eldiario_net"]},{"@type":"Person","@id":"https:\/\/www.eldiario.net\/portal\/#\/schema\/person\/f46445640444750d7d753ccd04ae01b7","name":"Jeanette","image":{"@type":"ImageObject","inLanguage":"es","@id":"https:\/\/secure.gravatar.com\/avatar\/3ea2118a5f7dad2b7138b1187a6b7ee55f160b9968b66013c3a3ef39dd7e5798?s=96&d=mm&r=g","url":"https:\/\/secure.gravatar.com\/avatar\/3ea2118a5f7dad2b7138b1187a6b7ee55f160b9968b66013c3a3ef39dd7e5798?s=96&d=mm&r=g","contentUrl":"https:\/\/secure.gravatar.com\/avatar\/3ea2118a5f7dad2b7138b1187a6b7ee55f160b9968b66013c3a3ef39dd7e5798?s=96&d=mm&r=g","caption":"Jeanette"},"sameAs":["https:\/\/www.eldiario.net\/portal"],"url":"https:\/\/www.eldiario.net\/portal\/author\/jeanette\/"}]}},"_links":{"self":[{"href":"https:\/\/www.eldiario.net\/portal\/wp-json\/wp\/v2\/posts\/193068","targetHints":{"allow":["GET"]}}],"collection":[{"href":"https:\/\/www.eldiario.net\/portal\/wp-json\/wp\/v2\/posts"}],"about":[{"href":"https:\/\/www.eldiario.net\/portal\/wp-json\/wp\/v2\/types\/post"}],"author":[{"embeddable":true,"href":"https:\/\/www.eldiario.net\/portal\/wp-json\/wp\/v2\/users\/1"}],"replies":[{"embeddable":true,"href":"https:\/\/www.eldiario.net\/portal\/wp-json\/wp\/v2\/comments?post=193068"}],"version-history":[{"count":0,"href":"https:\/\/www.eldiario.net\/portal\/wp-json\/wp\/v2\/posts\/193068\/revisions"}],"wp:featuredmedia":[{"embeddable":true,"href":"https:\/\/www.eldiario.net\/portal\/wp-json\/wp\/v2\/media\/193069"}],"wp:attachment":[{"href":"https:\/\/www.eldiario.net\/portal\/wp-json\/wp\/v2\/media?parent=193068"}],"wp:term":[{"taxonomy":"category","embeddable":true,"href":"https:\/\/www.eldiario.net\/portal\/wp-json\/wp\/v2\/categories?post=193068"},{"taxonomy":"post_tag","embeddable":true,"href":"https:\/\/www.eldiario.net\/portal\/wp-json\/wp\/v2\/tags?post=193068"}],"curies":[{"name":"wp","href":"https:\/\/api.w.org\/{rel}","templated":true}]}}