{"id":193057,"date":"2023-12-15T07:35:53","date_gmt":"2023-12-15T11:35:53","guid":{"rendered":"https:\/\/www.eldiario.net\/portal\/?p=193057"},"modified":"2023-12-15T07:35:53","modified_gmt":"2023-12-15T11:35:53","slug":"todo-sobre-las-endemias-y-los-cuidados-para-prevenirlas","status":"publish","type":"post","link":"https:\/\/www.eldiario.net\/portal\/2023\/12\/15\/todo-sobre-las-endemias-y-los-cuidados-para-prevenirlas\/","title":{"rendered":"Todo sobre las endemias y los cuidados para prevenirlas"},"content":{"rendered":"<p><strong>Por: Equipo editor<\/strong><\/p>\n<p>&nbsp;<\/p>\n<p><strong>\u00bfQu\u00e9 es una endemia?<\/strong><\/p>\n<p>&nbsp;<\/p>\n<p>La palabra endemia procede del griego y significa \u201cque afecta a un pa\u00eds\u201d. Epidemiol\u00f3gicamente podemos definir la palabra endemia como una enfermedad que se produce en una poblaci\u00f3n concreta con car\u00e1cter permanente, sin necesidad de que se introduzcan nuevos agentes etiol\u00f3gicos causantes de la enfermedad en esa poblaci\u00f3n. Puede producirse constantemente o s\u00f3lo en \u00e9pocas concretas, como el invierno. Es decir, una endemia se refiere a la presencia de casos habituales de una enfermedad en una poblaci\u00f3n concreta.<\/p>\n<p>&nbsp;<\/p>\n<p>Otro punto muy importante para considerar una enfermedad como end\u00e9mica y no epid\u00e9mica es que el n\u00famero de casos de dicha patolog\u00eda no aumente exponencialmente, sino que permanezca m\u00e1s o menos constante a lo largo del tiempo.<\/p>\n<p>&nbsp;<\/p>\n<p>Por ello, para que exista una endemia se deben cumplir dos criterios:<\/p>\n<p>&nbsp;<\/p>\n<ul>\n<li>Permanencia de la enfermedad en el tiempo.<\/li>\n<li>Que afecte a una regi\u00f3n o grupo de poblaci\u00f3n que est\u00e9 definido claramente.<\/li>\n<\/ul>\n<p>&nbsp;<\/p>\n<p><strong>\u00bfC\u00f3mo una enfermedad se vuelve end\u00e9mica?<\/strong><\/p>\n<p>&nbsp;<\/p>\n<p>Las enfermedades suelen convertirse en end\u00e9micas cuando nuestro sistema inmune\u00a0empieza a adaptarse a ellas, cuando el virus o bacteria que la origina comienza a ser conocido.<\/p>\n<p>&nbsp;<\/p>\n<p>El proceso para hacerlo es desarrollando la\u00a0propia inmunidad\u00a0o, a inducir a esta inmunidad, a\u00a0trav\u00e9s de vacunas.<\/p>\n<p>&nbsp;<\/p>\n<p>Ante esta barrera la enfermedad no desaparece completamente, pero si su virus se suele comportar como mayor levedad o lo hace afectando a grupos espec\u00edficos que por diferentes razones su inmunidad es menor.<\/p>\n<p>&nbsp;<\/p>\n<p>El resultado es que la enfermedad se vuelve consistente y predecible, con lo que los sistemas sanitarios pueden asumir los casos y en las regiones en las que se mantiene se puede realizar una vida m\u00e1s normal, aunque manteniendo ciertas precauciones.<\/p>\n<p>&nbsp;<\/p>\n<p>Su evoluci\u00f3n es bastante impredecible. Por ejemplo, la\u00a0viruela\u00a0fue end\u00e9mica durante miles de a\u00f1os causando la muerte a un tercio de las personas que se infectaban, y ha desaparecido.<\/p>\n<p>&nbsp;<\/p>\n<p>En el lado contrario, la malaria sigue siendo end\u00e9mica y mata a unas 400.000 personas al a\u00f1o.<\/p>\n<p>&nbsp;<\/p>\n<p><strong>C\u00f3mo se clasifican<\/strong><\/p>\n<p>&nbsp;<\/p>\n<p>La endemia no solamente se mantiene a lo largo del tiempo en una zona geogr\u00e1fica o poblaci\u00f3n definidas, sino que puede persistir incluso a trav\u00e9s de las diferentes estaciones del a\u00f1o, algo que no ocurre con ciertas enfermedades comunes. De acuerdo con la intensidad de la transmisi\u00f3n, es posible clasificar las enfermedades end\u00e9micas de la siguiente manera:<\/p>\n<p>&nbsp;<\/p>\n<ul>\n<li><strong>Hipoend\u00e9micas.<\/strong> Son aquellas cuyo grado de transmisi\u00f3n es muy bajo, y cuyos efectos no son realmente considerables.<\/li>\n<\/ul>\n<p>&nbsp;<\/p>\n<ul>\n<li><strong>Mesoend\u00e9micas.<\/strong> Estas enfermedades se establecen en\u00a0<a href=\"https:\/\/definicion.de\/poblacion\/\">poblaciones<\/a>peque\u00f1as. Su intensidad depende en gran parte de las condiciones de la comunidad, por lo cual se debe analizar en cada caso en particular.<\/li>\n<\/ul>\n<p>&nbsp;<\/p>\n<ul>\n<li><strong>Hiperend\u00e9micas.<\/strong> La transmisi\u00f3n de estas enfermedades end\u00e9micas es persistente aunque dura poco tiempo. Sus efectos no pueden ser combatidos por medio de la\u00a0<a href=\"https:\/\/definicion.de\/inmunidad\/\">inmunidad<\/a>de la poblaci\u00f3n.<\/li>\n<\/ul>\n<p>&nbsp;<\/p>\n<ul>\n<li><strong>Holoend\u00e9mica.<\/strong> Se trata del grupo con un mayor grado de transmisi\u00f3n, as\u00ed como una zona de distribuci\u00f3n muy amplia que se deben en general a que la poblaci\u00f3n adulta no posee la inmunidad necesaria para hacerle frente.<\/li>\n<\/ul>\n<div id='gallery-1' class='gallery galleryid-193057 gallery-columns-3 gallery-size-medium'><figure class='gallery-item'>\n\t\t\t<div class='gallery-icon landscape'>\n\t\t\t\t<a href='https:\/\/www.eldiario.net\/portal\/2023\/12\/15\/todo-sobre-las-endemias-y-los-cuidados-para-prevenirlas\/bio-diferencias-entre-epidemia-pandemia-y-endemia\/'><img loading=\"lazy\" decoding=\"async\" width=\"300\" height=\"300\" src=\"https:\/\/www.eldiario.net\/portal\/wp-content\/uploads\/2023\/12\/Bio-Diferencias-entre-Epidemia-Pandemia-y-Endemia-300x300.jpg\" class=\"attachment-medium size-medium\" alt=\"\" srcset=\"https:\/\/www.eldiario.net\/portal\/wp-content\/uploads\/2023\/12\/Bio-Diferencias-entre-Epidemia-Pandemia-y-Endemia-300x300.jpg 300w, https:\/\/www.eldiario.net\/portal\/wp-content\/uploads\/2023\/12\/Bio-Diferencias-entre-Epidemia-Pandemia-y-Endemia-150x150.jpg 150w, https:\/\/www.eldiario.net\/portal\/wp-content\/uploads\/2023\/12\/Bio-Diferencias-entre-Epidemia-Pandemia-y-Endemia-768x768.jpg 768w, https:\/\/www.eldiario.net\/portal\/wp-content\/uploads\/2023\/12\/Bio-Diferencias-entre-Epidemia-Pandemia-y-Endemia-696x696.jpg 696w, https:\/\/www.eldiario.net\/portal\/wp-content\/uploads\/2023\/12\/Bio-Diferencias-entre-Epidemia-Pandemia-y-Endemia.jpg 960w\" sizes=\"auto, (max-width: 300px) 100vw, 300px\" \/><\/a>\n\t\t\t<\/div><\/figure><figure class='gallery-item'>\n\t\t\t<div class='gallery-icon landscape'>\n\t\t\t\t<a href='https:\/\/www.eldiario.net\/portal\/2023\/12\/15\/todo-sobre-las-endemias-y-los-cuidados-para-prevenirlas\/bio-endemia-definicion\/'><img loading=\"lazy\" decoding=\"async\" width=\"300\" height=\"225\" src=\"https:\/\/www.eldiario.net\/portal\/wp-content\/uploads\/2023\/12\/Bio-Endemia-Definicion-300x225.jpg\" class=\"attachment-medium size-medium\" alt=\"\" srcset=\"https:\/\/www.eldiario.net\/portal\/wp-content\/uploads\/2023\/12\/Bio-Endemia-Definicion-300x225.jpg 300w, https:\/\/www.eldiario.net\/portal\/wp-content\/uploads\/2023\/12\/Bio-Endemia-Definicion.jpg 638w\" sizes=\"auto, (max-width: 300px) 100vw, 300px\" \/><\/a>\n\t\t\t<\/div><\/figure><figure class='gallery-item'>\n\t\t\t<div class='gallery-icon landscape'>\n\t\t\t\t<a href='https:\/\/www.eldiario.net\/portal\/2023\/12\/15\/todo-sobre-las-endemias-y-los-cuidados-para-prevenirlas\/bio-endemia\/'><img loading=\"lazy\" decoding=\"async\" width=\"300\" height=\"163\" src=\"https:\/\/www.eldiario.net\/portal\/wp-content\/uploads\/2023\/12\/Bio-Endemia-300x163.jpg\" class=\"attachment-medium size-medium\" alt=\"\" srcset=\"https:\/\/www.eldiario.net\/portal\/wp-content\/uploads\/2023\/12\/Bio-Endemia-300x163.jpg 300w, https:\/\/www.eldiario.net\/portal\/wp-content\/uploads\/2023\/12\/Bio-Endemia.jpg 474w\" sizes=\"auto, (max-width: 300px) 100vw, 300px\" \/><\/a>\n\t\t\t<\/div><\/figure>\n\t\t<\/div>\n\n","protected":false},"excerpt":{"rendered":"<p>Por: Equipo editor &nbsp; \u00bfQu\u00e9 es una endemia? &nbsp; La palabra endemia procede del griego y significa \u201cque afecta a un pa\u00eds\u201d. Epidemiol\u00f3gicamente podemos definir la palabra endemia como una enfermedad que se produce en una poblaci\u00f3n concreta con car\u00e1cter permanente, sin necesidad de que se introduzcan nuevos agentes etiol\u00f3gicos causantes de la enfermedad en [&hellip;]<\/p>\n","protected":false},"author":1,"featured_media":193058,"comment_status":"closed","ping_status":"open","sticky":false,"template":"","format":"standard","meta":{"_acf_changed":false,"footnotes":""},"categories":[43],"tags":[],"class_list":["post-193057","post","type-post","status-publish","format-standard","has-post-thumbnail","category-nuevos-horizontes"],"acf":{"antetitulo":""},"yoast_head":"<!-- This site is optimized with the Yoast SEO plugin v28.3 - https:\/\/yoast.com\/product\/yoast-seo-wordpress\/ -->\n<title>Todo sobre las endemias y los cuidados para prevenirlas - El Diario - Bolivia<\/title>\n<meta name=\"robots\" content=\"index, follow, max-snippet:-1, max-image-preview:large, max-video-preview:-1\" \/>\n<link rel=\"canonical\" href=\"https:\/\/www.eldiario.net\/portal\/2023\/12\/15\/todo-sobre-las-endemias-y-los-cuidados-para-prevenirlas\/\" \/>\n<meta property=\"og:locale\" content=\"es_ES\" \/>\n<meta property=\"og:type\" content=\"article\" \/>\n<meta property=\"og:title\" content=\"Todo sobre las endemias y los cuidados para prevenirlas - El Diario - Bolivia\" \/>\n<meta property=\"og:description\" content=\"Por: Equipo editor &nbsp; \u00bfQu\u00e9 es una endemia? &nbsp; La palabra endemia procede del griego y significa \u201cque afecta a un pa\u00eds\u201d. Epidemiol\u00f3gicamente podemos definir la palabra endemia como una enfermedad que se produce en una poblaci\u00f3n concreta con car\u00e1cter permanente, sin necesidad de que se introduzcan nuevos agentes etiol\u00f3gicos causantes de la enfermedad en [&hellip;]\" \/>\n<meta property=\"og:url\" content=\"https:\/\/www.eldiario.net\/portal\/2023\/12\/15\/todo-sobre-las-endemias-y-los-cuidados-para-prevenirlas\/\" \/>\n<meta property=\"og:site_name\" content=\"El Diario - Bolivia\" \/>\n<meta property=\"article:publisher\" content=\"https:\/\/www.facebook.com\/eldiario.bolivia\/\" \/>\n<meta property=\"article:published_time\" content=\"2023-12-15T11:35:53+00:00\" \/>\n<meta property=\"og:image\" content=\"https:\/\/www.eldiario.net\/portal\/wp-content\/uploads\/2023\/12\/Bio-Diferencias-entre-Epidemia-Pandemia-y-Endemia.jpg\" \/>\n\t<meta property=\"og:image:width\" content=\"960\" \/>\n\t<meta property=\"og:image:height\" content=\"960\" \/>\n\t<meta property=\"og:image:type\" content=\"image\/jpeg\" \/>\n<meta name=\"author\" content=\"Jeanette\" \/>\n<meta name=\"twitter:card\" content=\"summary_large_image\" \/>\n<meta name=\"twitter:creator\" content=\"@eldiario_net\" \/>\n<meta name=\"twitter:site\" content=\"@eldiario_net\" \/>\n<meta name=\"twitter:label1\" content=\"Escrito por\" \/>\n\t<meta name=\"twitter:data1\" content=\"Jeanette\" \/>\n\t<meta name=\"twitter:label2\" content=\"Tiempo de lectura\" \/>\n\t<meta name=\"twitter:data2\" content=\"3 minutos\" \/>\n<script type=\"application\/ld+json\" class=\"yoast-schema-graph\">{\"@context\":\"https:\\\/\\\/schema.org\",\"@graph\":[{\"@type\":\"Article\",\"@id\":\"https:\\\/\\\/www.eldiario.net\\\/portal\\\/2023\\\/12\\\/15\\\/todo-sobre-las-endemias-y-los-cuidados-para-prevenirlas\\\/#article\",\"isPartOf\":{\"@id\":\"https:\\\/\\\/www.eldiario.net\\\/portal\\\/2023\\\/12\\\/15\\\/todo-sobre-las-endemias-y-los-cuidados-para-prevenirlas\\\/\"},\"author\":{\"name\":\"Jeanette\",\"@id\":\"https:\\\/\\\/www.eldiario.net\\\/portal\\\/#\\\/schema\\\/person\\\/f46445640444750d7d753ccd04ae01b7\"},\"headline\":\"Todo sobre las endemias y los cuidados para prevenirlas\",\"datePublished\":\"2023-12-15T11:35:53+00:00\",\"mainEntityOfPage\":{\"@id\":\"https:\\\/\\\/www.eldiario.net\\\/portal\\\/2023\\\/12\\\/15\\\/todo-sobre-las-endemias-y-los-cuidados-para-prevenirlas\\\/\"},\"wordCount\":572,\"publisher\":{\"@id\":\"https:\\\/\\\/www.eldiario.net\\\/portal\\\/#organization\"},\"image\":{\"@id\":\"https:\\\/\\\/www.eldiario.net\\\/portal\\\/2023\\\/12\\\/15\\\/todo-sobre-las-endemias-y-los-cuidados-para-prevenirlas\\\/#primaryimage\"},\"thumbnailUrl\":\"https:\\\/\\\/www.eldiario.net\\\/portal\\\/wp-content\\\/uploads\\\/2023\\\/12\\\/Bio-Diferencias-entre-Epidemia-Pandemia-y-Endemia.jpg\",\"articleSection\":[\"Nuevos Horizontes\"],\"inLanguage\":\"es\"},{\"@type\":\"WebPage\",\"@id\":\"https:\\\/\\\/www.eldiario.net\\\/portal\\\/2023\\\/12\\\/15\\\/todo-sobre-las-endemias-y-los-cuidados-para-prevenirlas\\\/\",\"url\":\"https:\\\/\\\/www.eldiario.net\\\/portal\\\/2023\\\/12\\\/15\\\/todo-sobre-las-endemias-y-los-cuidados-para-prevenirlas\\\/\",\"name\":\"Todo sobre las endemias y los cuidados para prevenirlas - El Diario - Bolivia\",\"isPartOf\":{\"@id\":\"https:\\\/\\\/www.eldiario.net\\\/portal\\\/#website\"},\"primaryImageOfPage\":{\"@id\":\"https:\\\/\\\/www.eldiario.net\\\/portal\\\/2023\\\/12\\\/15\\\/todo-sobre-las-endemias-y-los-cuidados-para-prevenirlas\\\/#primaryimage\"},\"image\":{\"@id\":\"https:\\\/\\\/www.eldiario.net\\\/portal\\\/2023\\\/12\\\/15\\\/todo-sobre-las-endemias-y-los-cuidados-para-prevenirlas\\\/#primaryimage\"},\"thumbnailUrl\":\"https:\\\/\\\/www.eldiario.net\\\/portal\\\/wp-content\\\/uploads\\\/2023\\\/12\\\/Bio-Diferencias-entre-Epidemia-Pandemia-y-Endemia.jpg\",\"datePublished\":\"2023-12-15T11:35:53+00:00\",\"breadcrumb\":{\"@id\":\"https:\\\/\\\/www.eldiario.net\\\/portal\\\/2023\\\/12\\\/15\\\/todo-sobre-las-endemias-y-los-cuidados-para-prevenirlas\\\/#breadcrumb\"},\"inLanguage\":\"es\",\"potentialAction\":[{\"@type\":\"ReadAction\",\"target\":[\"https:\\\/\\\/www.eldiario.net\\\/portal\\\/2023\\\/12\\\/15\\\/todo-sobre-las-endemias-y-los-cuidados-para-prevenirlas\\\/\"]}]},{\"@type\":\"ImageObject\",\"inLanguage\":\"es\",\"@id\":\"https:\\\/\\\/www.eldiario.net\\\/portal\\\/2023\\\/12\\\/15\\\/todo-sobre-las-endemias-y-los-cuidados-para-prevenirlas\\\/#primaryimage\",\"url\":\"https:\\\/\\\/www.eldiario.net\\\/portal\\\/wp-content\\\/uploads\\\/2023\\\/12\\\/Bio-Diferencias-entre-Epidemia-Pandemia-y-Endemia.jpg\",\"contentUrl\":\"https:\\\/\\\/www.eldiario.net\\\/portal\\\/wp-content\\\/uploads\\\/2023\\\/12\\\/Bio-Diferencias-entre-Epidemia-Pandemia-y-Endemia.jpg\",\"width\":960,\"height\":960},{\"@type\":\"BreadcrumbList\",\"@id\":\"https:\\\/\\\/www.eldiario.net\\\/portal\\\/2023\\\/12\\\/15\\\/todo-sobre-las-endemias-y-los-cuidados-para-prevenirlas\\\/#breadcrumb\",\"itemListElement\":[{\"@type\":\"ListItem\",\"position\":1,\"name\":\"Portada\",\"item\":\"https:\\\/\\\/www.eldiario.net\\\/portal\\\/\"},{\"@type\":\"ListItem\",\"position\":2,\"name\":\"Todo sobre las endemias y los cuidados para prevenirlas\"}]},{\"@type\":\"WebSite\",\"@id\":\"https:\\\/\\\/www.eldiario.net\\\/portal\\\/#website\",\"url\":\"https:\\\/\\\/www.eldiario.net\\\/portal\\\/\",\"name\":\"El Diario - Decano de la prensa nacional\",\"description\":\"El Diario - Decano de la prensa nacional\",\"publisher\":{\"@id\":\"https:\\\/\\\/www.eldiario.net\\\/portal\\\/#organization\"},\"potentialAction\":[{\"@type\":\"SearchAction\",\"target\":{\"@type\":\"EntryPoint\",\"urlTemplate\":\"https:\\\/\\\/www.eldiario.net\\\/portal\\\/?s={search_term_string}\"},\"query-input\":{\"@type\":\"PropertyValueSpecification\",\"valueRequired\":true,\"valueName\":\"search_term_string\"}}],\"inLanguage\":\"es\"},{\"@type\":\"Organization\",\"@id\":\"https:\\\/\\\/www.eldiario.net\\\/portal\\\/#organization\",\"name\":\"El Diario - Decano de la prensa nacional\",\"url\":\"https:\\\/\\\/www.eldiario.net\\\/portal\\\/\",\"logo\":{\"@type\":\"ImageObject\",\"inLanguage\":\"es\",\"@id\":\"https:\\\/\\\/www.eldiario.net\\\/portal\\\/#\\\/schema\\\/logo\\\/image\\\/\",\"url\":\"https:\\\/\\\/www.eldiario.net\\\/portal\\\/wp-content\\\/uploads\\\/2023\\\/07\\\/logo_ED.jpg\",\"contentUrl\":\"https:\\\/\\\/www.eldiario.net\\\/portal\\\/wp-content\\\/uploads\\\/2023\\\/07\\\/logo_ED.jpg\",\"width\":272,\"height\":52,\"caption\":\"El Diario - Decano de la prensa nacional\"},\"image\":{\"@id\":\"https:\\\/\\\/www.eldiario.net\\\/portal\\\/#\\\/schema\\\/logo\\\/image\\\/\"},\"sameAs\":[\"https:\\\/\\\/www.facebook.com\\\/eldiario.bolivia\\\/\",\"https:\\\/\\\/x.com\\\/eldiario_net\"]},{\"@type\":\"Person\",\"@id\":\"https:\\\/\\\/www.eldiario.net\\\/portal\\\/#\\\/schema\\\/person\\\/f46445640444750d7d753ccd04ae01b7\",\"name\":\"Jeanette\",\"image\":{\"@type\":\"ImageObject\",\"inLanguage\":\"es\",\"@id\":\"https:\\\/\\\/secure.gravatar.com\\\/avatar\\\/3ea2118a5f7dad2b7138b1187a6b7ee55f160b9968b66013c3a3ef39dd7e5798?s=96&d=mm&r=g\",\"url\":\"https:\\\/\\\/secure.gravatar.com\\\/avatar\\\/3ea2118a5f7dad2b7138b1187a6b7ee55f160b9968b66013c3a3ef39dd7e5798?s=96&d=mm&r=g\",\"contentUrl\":\"https:\\\/\\\/secure.gravatar.com\\\/avatar\\\/3ea2118a5f7dad2b7138b1187a6b7ee55f160b9968b66013c3a3ef39dd7e5798?s=96&d=mm&r=g\",\"caption\":\"Jeanette\"},\"sameAs\":[\"https:\\\/\\\/www.eldiario.net\\\/portal\"],\"url\":\"https:\\\/\\\/www.eldiario.net\\\/portal\\\/author\\\/jeanette\\\/\"}]}<\/script>\n<!-- \/ Yoast SEO plugin. -->","yoast_head_json":{"title":"Todo sobre las endemias y los cuidados para prevenirlas - El Diario - Bolivia","robots":{"index":"index","follow":"follow","max-snippet":"max-snippet:-1","max-image-preview":"max-image-preview:large","max-video-preview":"max-video-preview:-1"},"canonical":"https:\/\/www.eldiario.net\/portal\/2023\/12\/15\/todo-sobre-las-endemias-y-los-cuidados-para-prevenirlas\/","og_locale":"es_ES","og_type":"article","og_title":"Todo sobre las endemias y los cuidados para prevenirlas - El Diario - Bolivia","og_description":"Por: Equipo editor &nbsp; \u00bfQu\u00e9 es una endemia? &nbsp; La palabra endemia procede del griego y significa \u201cque afecta a un pa\u00eds\u201d. Epidemiol\u00f3gicamente podemos definir la palabra endemia como una enfermedad que se produce en una poblaci\u00f3n concreta con car\u00e1cter permanente, sin necesidad de que se introduzcan nuevos agentes etiol\u00f3gicos causantes de la enfermedad en [&hellip;]","og_url":"https:\/\/www.eldiario.net\/portal\/2023\/12\/15\/todo-sobre-las-endemias-y-los-cuidados-para-prevenirlas\/","og_site_name":"El Diario - Bolivia","article_publisher":"https:\/\/www.facebook.com\/eldiario.bolivia\/","article_published_time":"2023-12-15T11:35:53+00:00","og_image":[{"width":960,"height":960,"url":"https:\/\/www.eldiario.net\/portal\/wp-content\/uploads\/2023\/12\/Bio-Diferencias-entre-Epidemia-Pandemia-y-Endemia.jpg","type":"image\/jpeg"}],"author":"Jeanette","twitter_card":"summary_large_image","twitter_creator":"@eldiario_net","twitter_site":"@eldiario_net","twitter_misc":{"Escrito por":"Jeanette","Tiempo de lectura":"3 minutos"},"schema":{"@context":"https:\/\/schema.org","@graph":[{"@type":"Article","@id":"https:\/\/www.eldiario.net\/portal\/2023\/12\/15\/todo-sobre-las-endemias-y-los-cuidados-para-prevenirlas\/#article","isPartOf":{"@id":"https:\/\/www.eldiario.net\/portal\/2023\/12\/15\/todo-sobre-las-endemias-y-los-cuidados-para-prevenirlas\/"},"author":{"name":"Jeanette","@id":"https:\/\/www.eldiario.net\/portal\/#\/schema\/person\/f46445640444750d7d753ccd04ae01b7"},"headline":"Todo sobre las endemias y los cuidados para prevenirlas","datePublished":"2023-12-15T11:35:53+00:00","mainEntityOfPage":{"@id":"https:\/\/www.eldiario.net\/portal\/2023\/12\/15\/todo-sobre-las-endemias-y-los-cuidados-para-prevenirlas\/"},"wordCount":572,"publisher":{"@id":"https:\/\/www.eldiario.net\/portal\/#organization"},"image":{"@id":"https:\/\/www.eldiario.net\/portal\/2023\/12\/15\/todo-sobre-las-endemias-y-los-cuidados-para-prevenirlas\/#primaryimage"},"thumbnailUrl":"https:\/\/www.eldiario.net\/portal\/wp-content\/uploads\/2023\/12\/Bio-Diferencias-entre-Epidemia-Pandemia-y-Endemia.jpg","articleSection":["Nuevos Horizontes"],"inLanguage":"es"},{"@type":"WebPage","@id":"https:\/\/www.eldiario.net\/portal\/2023\/12\/15\/todo-sobre-las-endemias-y-los-cuidados-para-prevenirlas\/","url":"https:\/\/www.eldiario.net\/portal\/2023\/12\/15\/todo-sobre-las-endemias-y-los-cuidados-para-prevenirlas\/","name":"Todo sobre las endemias y los cuidados para prevenirlas - El Diario - Bolivia","isPartOf":{"@id":"https:\/\/www.eldiario.net\/portal\/#website"},"primaryImageOfPage":{"@id":"https:\/\/www.eldiario.net\/portal\/2023\/12\/15\/todo-sobre-las-endemias-y-los-cuidados-para-prevenirlas\/#primaryimage"},"image":{"@id":"https:\/\/www.eldiario.net\/portal\/2023\/12\/15\/todo-sobre-las-endemias-y-los-cuidados-para-prevenirlas\/#primaryimage"},"thumbnailUrl":"https:\/\/www.eldiario.net\/portal\/wp-content\/uploads\/2023\/12\/Bio-Diferencias-entre-Epidemia-Pandemia-y-Endemia.jpg","datePublished":"2023-12-15T11:35:53+00:00","breadcrumb":{"@id":"https:\/\/www.eldiario.net\/portal\/2023\/12\/15\/todo-sobre-las-endemias-y-los-cuidados-para-prevenirlas\/#breadcrumb"},"inLanguage":"es","potentialAction":[{"@type":"ReadAction","target":["https:\/\/www.eldiario.net\/portal\/2023\/12\/15\/todo-sobre-las-endemias-y-los-cuidados-para-prevenirlas\/"]}]},{"@type":"ImageObject","inLanguage":"es","@id":"https:\/\/www.eldiario.net\/portal\/2023\/12\/15\/todo-sobre-las-endemias-y-los-cuidados-para-prevenirlas\/#primaryimage","url":"https:\/\/www.eldiario.net\/portal\/wp-content\/uploads\/2023\/12\/Bio-Diferencias-entre-Epidemia-Pandemia-y-Endemia.jpg","contentUrl":"https:\/\/www.eldiario.net\/portal\/wp-content\/uploads\/2023\/12\/Bio-Diferencias-entre-Epidemia-Pandemia-y-Endemia.jpg","width":960,"height":960},{"@type":"BreadcrumbList","@id":"https:\/\/www.eldiario.net\/portal\/2023\/12\/15\/todo-sobre-las-endemias-y-los-cuidados-para-prevenirlas\/#breadcrumb","itemListElement":[{"@type":"ListItem","position":1,"name":"Portada","item":"https:\/\/www.eldiario.net\/portal\/"},{"@type":"ListItem","position":2,"name":"Todo sobre las endemias y los cuidados para prevenirlas"}]},{"@type":"WebSite","@id":"https:\/\/www.eldiario.net\/portal\/#website","url":"https:\/\/www.eldiario.net\/portal\/","name":"El Diario - Decano de la prensa nacional","description":"El Diario - Decano de la prensa nacional","publisher":{"@id":"https:\/\/www.eldiario.net\/portal\/#organization"},"potentialAction":[{"@type":"SearchAction","target":{"@type":"EntryPoint","urlTemplate":"https:\/\/www.eldiario.net\/portal\/?s={search_term_string}"},"query-input":{"@type":"PropertyValueSpecification","valueRequired":true,"valueName":"search_term_string"}}],"inLanguage":"es"},{"@type":"Organization","@id":"https:\/\/www.eldiario.net\/portal\/#organization","name":"El Diario - Decano de la prensa nacional","url":"https:\/\/www.eldiario.net\/portal\/","logo":{"@type":"ImageObject","inLanguage":"es","@id":"https:\/\/www.eldiario.net\/portal\/#\/schema\/logo\/image\/","url":"https:\/\/www.eldiario.net\/portal\/wp-content\/uploads\/2023\/07\/logo_ED.jpg","contentUrl":"https:\/\/www.eldiario.net\/portal\/wp-content\/uploads\/2023\/07\/logo_ED.jpg","width":272,"height":52,"caption":"El Diario - Decano de la prensa nacional"},"image":{"@id":"https:\/\/www.eldiario.net\/portal\/#\/schema\/logo\/image\/"},"sameAs":["https:\/\/www.facebook.com\/eldiario.bolivia\/","https:\/\/x.com\/eldiario_net"]},{"@type":"Person","@id":"https:\/\/www.eldiario.net\/portal\/#\/schema\/person\/f46445640444750d7d753ccd04ae01b7","name":"Jeanette","image":{"@type":"ImageObject","inLanguage":"es","@id":"https:\/\/secure.gravatar.com\/avatar\/3ea2118a5f7dad2b7138b1187a6b7ee55f160b9968b66013c3a3ef39dd7e5798?s=96&d=mm&r=g","url":"https:\/\/secure.gravatar.com\/avatar\/3ea2118a5f7dad2b7138b1187a6b7ee55f160b9968b66013c3a3ef39dd7e5798?s=96&d=mm&r=g","contentUrl":"https:\/\/secure.gravatar.com\/avatar\/3ea2118a5f7dad2b7138b1187a6b7ee55f160b9968b66013c3a3ef39dd7e5798?s=96&d=mm&r=g","caption":"Jeanette"},"sameAs":["https:\/\/www.eldiario.net\/portal"],"url":"https:\/\/www.eldiario.net\/portal\/author\/jeanette\/"}]}},"_links":{"self":[{"href":"https:\/\/www.eldiario.net\/portal\/wp-json\/wp\/v2\/posts\/193057","targetHints":{"allow":["GET"]}}],"collection":[{"href":"https:\/\/www.eldiario.net\/portal\/wp-json\/wp\/v2\/posts"}],"about":[{"href":"https:\/\/www.eldiario.net\/portal\/wp-json\/wp\/v2\/types\/post"}],"author":[{"embeddable":true,"href":"https:\/\/www.eldiario.net\/portal\/wp-json\/wp\/v2\/users\/1"}],"replies":[{"embeddable":true,"href":"https:\/\/www.eldiario.net\/portal\/wp-json\/wp\/v2\/comments?post=193057"}],"version-history":[{"count":0,"href":"https:\/\/www.eldiario.net\/portal\/wp-json\/wp\/v2\/posts\/193057\/revisions"}],"wp:featuredmedia":[{"embeddable":true,"href":"https:\/\/www.eldiario.net\/portal\/wp-json\/wp\/v2\/media\/193058"}],"wp:attachment":[{"href":"https:\/\/www.eldiario.net\/portal\/wp-json\/wp\/v2\/media?parent=193057"}],"wp:term":[{"taxonomy":"category","embeddable":true,"href":"https:\/\/www.eldiario.net\/portal\/wp-json\/wp\/v2\/categories?post=193057"},{"taxonomy":"post_tag","embeddable":true,"href":"https:\/\/www.eldiario.net\/portal\/wp-json\/wp\/v2\/tags?post=193057"}],"curies":[{"name":"wp","href":"https:\/\/api.w.org\/{rel}","templated":true}]}}