{"id":193053,"date":"2023-12-15T07:34:13","date_gmt":"2023-12-15T11:34:13","guid":{"rendered":"https:\/\/www.eldiario.net\/portal\/?p=193053"},"modified":"2023-12-15T07:34:13","modified_gmt":"2023-12-15T11:34:13","slug":"introduccion-a-la-lectura-y-su-proceso-4","status":"publish","type":"post","link":"https:\/\/www.eldiario.net\/portal\/2023\/12\/15\/introduccion-a-la-lectura-y-su-proceso-4\/","title":{"rendered":"Introducci\u00f3n a la lectura y su proceso"},"content":{"rendered":"<p><strong>Por equipo editor<\/strong><\/p>\n<p>&nbsp;<\/p>\n<p><strong>Recordemos que\u2026<\/strong><\/p>\n<p>&nbsp;<\/p>\n<p>La lectura es un proceso en el que el lector accede a una informaci\u00f3n determinada mediante el lenguaje visual o escrito. Este enfrenta el proceso de decodificar e interpretar ciertas palabras, n\u00fameros o s\u00edmbolos, los cuales traduce en informaci\u00f3n dentro de su mente, los decodifica y aprende.<\/p>\n<p>&nbsp;<\/p>\n<p>Este proceso implica un proceso profundo de comprensi\u00f3n, y esta acci\u00f3n involucra la pr\u00e1ctica detallada de habilidades mentales superiores como la predicci\u00f3n, la inferencia, la s\u00edntesis, el an\u00e1lisis, entre otros; el trabajo del lector aporta conocimientos previos, establece hip\u00f3tesis, elabora inferencias para comprender lo que se sugiere, para finalmente construir significados posibles.<\/p>\n<p>&nbsp;<\/p>\n<p><strong>Beneficios de la lectura<\/strong><\/p>\n<p>&nbsp;<\/p>\n<p>Considerando que la lectura es una de las actividades m\u00e1s habituales que realizan las personas. Por lo mismo se entiende que existen m\u00faltiples beneficios de su pr\u00e1ctica.<\/p>\n<p>&nbsp;<\/p>\n<p><strong>1) Genera un incremento en el desarrollo de la inteligencia emocional\u00a0<\/strong><\/p>\n<p>&nbsp;<\/p>\n<p>Es a trav\u00e9s de los libros que se llega a conocer a personajes con una variedad de personalidades. Esta situaci\u00f3n facilita la empat\u00eda con los personajes por los parecidos que se encuentran. Es decir, que la lectura conduce a ponernos en su piel, a ver las cosas con otros ojos; aumentando nuestra empat\u00eda y nuestra inteligencia emocional. Esta mayor capacidad para ver las cosas desde una perspectiva distinta. Adem\u00e1s, se debe establecer que esta empat\u00eda no solo se aplica durante la lectura sino que se acaba extrapolando a nuestra vida diaria.<\/p>\n<p>&nbsp;<\/p>\n<p><strong>2) Incrementa y mejora nuestro vocabulario\u00a0<\/strong><\/p>\n<p>&nbsp;<\/p>\n<p>La lectura tiene como beneficio inherente el aprendizaje de palabras nuevas, ya que al leer nos encontramos con las mismas y podemos aprender su significado a trav\u00e9s del contexto del texto o, recurrir a un diccionario f\u00edsico o digital para comprender y facilitar la lectura.<\/p>\n<p>&nbsp;<\/p>\n<p><strong>3) Potencia nuestra cultura general\u00a0<\/strong><\/p>\n<p>&nbsp;<\/p>\n<p>Este es un efecto colateral maravilloso, por ejemplo de las novelas hist\u00f3ricas sobre estrellas o movimientos culturales. Al abrir la cubierta del libro entramos a un universo que nos es del todo desconocido. De la mano de la novela y de sus protagonistas caminamos por ese paraje y, poco a poco, cap\u00edtulo a cap\u00edtulo, vamos conociendo las singularidades que conforman ese lugar o esa etapa hist\u00f3rica.<\/p>\n<p>&nbsp;<\/p>\n<p>Y qu\u00e9 maravilla es poder soltar alguna de esas an\u00e9cdotas, curiosidades o hechos hist\u00f3ricos\u00a0despu\u00e9s cuando estemos teniendo una conversaci\u00f3n informal con amigos.<\/p>\n<p>&nbsp;<\/p>\n<p><strong>4) Perfeccionamiento de la ortograf\u00eda\u00a0<\/strong><\/p>\n<p>&nbsp;<\/p>\n<p>La lectura se puede considerar un m\u00e9todo \u00f3ptimo para mejorar la ortograf\u00eda sin estar consciente de esta acci\u00f3n. Por lo que hacerlo de forma habitual hace m\u00e1s evidente esta mejora.<\/p>\n<p>&nbsp;<\/p>\n<p><strong>5) Ayuda a combatir el estr\u00e9s<\/strong><\/p>\n<p>&nbsp;<\/p>\n<p>Cada vez m\u00e1s personas atraviesan por sensaciones de incomodidad y tedio por las pantallas, los correos, entretenimiento producido por la televisi\u00f3n, las redes, entre otros. Siendo cada vez m\u00e1s urgente \u00a0la necesidad de estar solo, desconectar, tener un momento de desconexi\u00f3n y bajar revoluciones. La lectura es el compa\u00f1ero perfecto para estos momentos, porque permite seguir disfrutando de la quietud y el silencio y a la vez transporta nuestra mente lejos de las obligaciones.<\/p>\n<div id='gallery-1' class='gallery galleryid-193053 gallery-columns-3 gallery-size-medium'><figure class='gallery-item'>\n\t\t\t<div class='gallery-icon portrait'>\n\t\t\t\t<a href='https:\/\/www.eldiario.net\/portal\/2023\/12\/15\/introduccion-a-la-lectura-y-su-proceso-4\/len-beneficios-de-la-lectura\/'><img loading=\"lazy\" decoding=\"async\" width=\"218\" height=\"300\" src=\"https:\/\/www.eldiario.net\/portal\/wp-content\/uploads\/2023\/12\/Len-Beneficios-de-la-lectura-218x300.jpg\" class=\"attachment-medium size-medium\" alt=\"\" srcset=\"https:\/\/www.eldiario.net\/portal\/wp-content\/uploads\/2023\/12\/Len-Beneficios-de-la-lectura-218x300.jpg 218w, https:\/\/www.eldiario.net\/portal\/wp-content\/uploads\/2023\/12\/Len-Beneficios-de-la-lectura.jpg 474w\" sizes=\"auto, (max-width: 218px) 100vw, 218px\" \/><\/a>\n\t\t\t<\/div><\/figure><figure class='gallery-item'>\n\t\t\t<div class='gallery-icon landscape'>\n\t\t\t\t<a href='https:\/\/www.eldiario.net\/portal\/2023\/12\/15\/introduccion-a-la-lectura-y-su-proceso-4\/len-el-cerebro-y-los-beneficios-de-la-lectura\/'><img loading=\"lazy\" decoding=\"async\" width=\"300\" height=\"258\" src=\"https:\/\/www.eldiario.net\/portal\/wp-content\/uploads\/2023\/12\/Len-El-Cerebro-y-los-Beneficios-de-la-lectura-300x258.jpg\" class=\"attachment-medium size-medium\" alt=\"\" srcset=\"https:\/\/www.eldiario.net\/portal\/wp-content\/uploads\/2023\/12\/Len-El-Cerebro-y-los-Beneficios-de-la-lectura-300x258.jpg 300w, https:\/\/www.eldiario.net\/portal\/wp-content\/uploads\/2023\/12\/Len-El-Cerebro-y-los-Beneficios-de-la-lectura.jpg 474w\" sizes=\"auto, (max-width: 300px) 100vw, 300px\" \/><\/a>\n\t\t\t<\/div><\/figure>\n\t\t<\/div>\n\n","protected":false},"excerpt":{"rendered":"<p>Por equipo editor &nbsp; Recordemos que\u2026 &nbsp; La lectura es un proceso en el que el lector accede a una informaci\u00f3n determinada mediante el lenguaje visual o escrito. Este enfrenta el proceso de decodificar e interpretar ciertas palabras, n\u00fameros o s\u00edmbolos, los cuales traduce en informaci\u00f3n dentro de su mente, los decodifica y aprende. &nbsp; [&hellip;]<\/p>\n","protected":false},"author":1,"featured_media":193054,"comment_status":"closed","ping_status":"open","sticky":false,"template":"","format":"standard","meta":{"_acf_changed":false,"footnotes":""},"categories":[43],"tags":[],"class_list":["post-193053","post","type-post","status-publish","format-standard","has-post-thumbnail","category-nuevos-horizontes"],"acf":{"antetitulo":""},"yoast_head":"<!-- This site is optimized with the Yoast SEO plugin v28.3 - https:\/\/yoast.com\/product\/yoast-seo-wordpress\/ -->\n<title>Introducci\u00f3n a la lectura y su proceso - El Diario - Bolivia<\/title>\n<meta name=\"robots\" content=\"index, follow, max-snippet:-1, max-image-preview:large, max-video-preview:-1\" \/>\n<link rel=\"canonical\" href=\"https:\/\/www.eldiario.net\/portal\/2023\/12\/15\/introduccion-a-la-lectura-y-su-proceso-4\/\" \/>\n<meta property=\"og:locale\" content=\"es_ES\" \/>\n<meta property=\"og:type\" content=\"article\" \/>\n<meta property=\"og:title\" content=\"Introducci\u00f3n a la lectura y su proceso - El Diario - Bolivia\" \/>\n<meta property=\"og:description\" content=\"Por equipo editor &nbsp; Recordemos que\u2026 &nbsp; La lectura es un proceso en el que el lector accede a una informaci\u00f3n determinada mediante el lenguaje visual o escrito. Este enfrenta el proceso de decodificar e interpretar ciertas palabras, n\u00fameros o s\u00edmbolos, los cuales traduce en informaci\u00f3n dentro de su mente, los decodifica y aprende. &nbsp; [&hellip;]\" \/>\n<meta property=\"og:url\" content=\"https:\/\/www.eldiario.net\/portal\/2023\/12\/15\/introduccion-a-la-lectura-y-su-proceso-4\/\" \/>\n<meta property=\"og:site_name\" content=\"El Diario - Bolivia\" \/>\n<meta property=\"article:publisher\" content=\"https:\/\/www.facebook.com\/eldiario.bolivia\/\" \/>\n<meta property=\"article:published_time\" content=\"2023-12-15T11:34:13+00:00\" \/>\n<meta property=\"og:image\" content=\"https:\/\/www.eldiario.net\/portal\/wp-content\/uploads\/2023\/12\/Len-Beneficios-de-la-lectura.jpg\" \/>\n\t<meta property=\"og:image:width\" content=\"474\" \/>\n\t<meta property=\"og:image:height\" content=\"652\" \/>\n\t<meta property=\"og:image:type\" content=\"image\/jpeg\" \/>\n<meta name=\"author\" content=\"Jeanette\" \/>\n<meta name=\"twitter:card\" content=\"summary_large_image\" \/>\n<meta name=\"twitter:creator\" content=\"@eldiario_net\" \/>\n<meta name=\"twitter:site\" content=\"@eldiario_net\" \/>\n<meta name=\"twitter:label1\" content=\"Escrito por\" \/>\n\t<meta name=\"twitter:data1\" content=\"Jeanette\" \/>\n\t<meta name=\"twitter:label2\" content=\"Tiempo de lectura\" \/>\n\t<meta name=\"twitter:data2\" content=\"3 minutos\" \/>\n<script type=\"application\/ld+json\" class=\"yoast-schema-graph\">{\"@context\":\"https:\\\/\\\/schema.org\",\"@graph\":[{\"@type\":\"Article\",\"@id\":\"https:\\\/\\\/www.eldiario.net\\\/portal\\\/2023\\\/12\\\/15\\\/introduccion-a-la-lectura-y-su-proceso-4\\\/#article\",\"isPartOf\":{\"@id\":\"https:\\\/\\\/www.eldiario.net\\\/portal\\\/2023\\\/12\\\/15\\\/introduccion-a-la-lectura-y-su-proceso-4\\\/\"},\"author\":{\"name\":\"Jeanette\",\"@id\":\"https:\\\/\\\/www.eldiario.net\\\/portal\\\/#\\\/schema\\\/person\\\/f46445640444750d7d753ccd04ae01b7\"},\"headline\":\"Introducci\u00f3n a la lectura y su proceso\",\"datePublished\":\"2023-12-15T11:34:13+00:00\",\"mainEntityOfPage\":{\"@id\":\"https:\\\/\\\/www.eldiario.net\\\/portal\\\/2023\\\/12\\\/15\\\/introduccion-a-la-lectura-y-su-proceso-4\\\/\"},\"wordCount\":561,\"publisher\":{\"@id\":\"https:\\\/\\\/www.eldiario.net\\\/portal\\\/#organization\"},\"image\":{\"@id\":\"https:\\\/\\\/www.eldiario.net\\\/portal\\\/2023\\\/12\\\/15\\\/introduccion-a-la-lectura-y-su-proceso-4\\\/#primaryimage\"},\"thumbnailUrl\":\"https:\\\/\\\/www.eldiario.net\\\/portal\\\/wp-content\\\/uploads\\\/2023\\\/12\\\/Len-Beneficios-de-la-lectura.jpg\",\"articleSection\":[\"Nuevos Horizontes\"],\"inLanguage\":\"es\"},{\"@type\":\"WebPage\",\"@id\":\"https:\\\/\\\/www.eldiario.net\\\/portal\\\/2023\\\/12\\\/15\\\/introduccion-a-la-lectura-y-su-proceso-4\\\/\",\"url\":\"https:\\\/\\\/www.eldiario.net\\\/portal\\\/2023\\\/12\\\/15\\\/introduccion-a-la-lectura-y-su-proceso-4\\\/\",\"name\":\"Introducci\u00f3n a la lectura y su proceso - El Diario - Bolivia\",\"isPartOf\":{\"@id\":\"https:\\\/\\\/www.eldiario.net\\\/portal\\\/#website\"},\"primaryImageOfPage\":{\"@id\":\"https:\\\/\\\/www.eldiario.net\\\/portal\\\/2023\\\/12\\\/15\\\/introduccion-a-la-lectura-y-su-proceso-4\\\/#primaryimage\"},\"image\":{\"@id\":\"https:\\\/\\\/www.eldiario.net\\\/portal\\\/2023\\\/12\\\/15\\\/introduccion-a-la-lectura-y-su-proceso-4\\\/#primaryimage\"},\"thumbnailUrl\":\"https:\\\/\\\/www.eldiario.net\\\/portal\\\/wp-content\\\/uploads\\\/2023\\\/12\\\/Len-Beneficios-de-la-lectura.jpg\",\"datePublished\":\"2023-12-15T11:34:13+00:00\",\"breadcrumb\":{\"@id\":\"https:\\\/\\\/www.eldiario.net\\\/portal\\\/2023\\\/12\\\/15\\\/introduccion-a-la-lectura-y-su-proceso-4\\\/#breadcrumb\"},\"inLanguage\":\"es\",\"potentialAction\":[{\"@type\":\"ReadAction\",\"target\":[\"https:\\\/\\\/www.eldiario.net\\\/portal\\\/2023\\\/12\\\/15\\\/introduccion-a-la-lectura-y-su-proceso-4\\\/\"]}]},{\"@type\":\"ImageObject\",\"inLanguage\":\"es\",\"@id\":\"https:\\\/\\\/www.eldiario.net\\\/portal\\\/2023\\\/12\\\/15\\\/introduccion-a-la-lectura-y-su-proceso-4\\\/#primaryimage\",\"url\":\"https:\\\/\\\/www.eldiario.net\\\/portal\\\/wp-content\\\/uploads\\\/2023\\\/12\\\/Len-Beneficios-de-la-lectura.jpg\",\"contentUrl\":\"https:\\\/\\\/www.eldiario.net\\\/portal\\\/wp-content\\\/uploads\\\/2023\\\/12\\\/Len-Beneficios-de-la-lectura.jpg\",\"width\":474,\"height\":652},{\"@type\":\"BreadcrumbList\",\"@id\":\"https:\\\/\\\/www.eldiario.net\\\/portal\\\/2023\\\/12\\\/15\\\/introduccion-a-la-lectura-y-su-proceso-4\\\/#breadcrumb\",\"itemListElement\":[{\"@type\":\"ListItem\",\"position\":1,\"name\":\"Portada\",\"item\":\"https:\\\/\\\/www.eldiario.net\\\/portal\\\/\"},{\"@type\":\"ListItem\",\"position\":2,\"name\":\"Introducci\u00f3n a la lectura y su proceso\"}]},{\"@type\":\"WebSite\",\"@id\":\"https:\\\/\\\/www.eldiario.net\\\/portal\\\/#website\",\"url\":\"https:\\\/\\\/www.eldiario.net\\\/portal\\\/\",\"name\":\"El Diario - Decano de la prensa nacional\",\"description\":\"El Diario - Decano de la prensa nacional\",\"publisher\":{\"@id\":\"https:\\\/\\\/www.eldiario.net\\\/portal\\\/#organization\"},\"potentialAction\":[{\"@type\":\"SearchAction\",\"target\":{\"@type\":\"EntryPoint\",\"urlTemplate\":\"https:\\\/\\\/www.eldiario.net\\\/portal\\\/?s={search_term_string}\"},\"query-input\":{\"@type\":\"PropertyValueSpecification\",\"valueRequired\":true,\"valueName\":\"search_term_string\"}}],\"inLanguage\":\"es\"},{\"@type\":\"Organization\",\"@id\":\"https:\\\/\\\/www.eldiario.net\\\/portal\\\/#organization\",\"name\":\"El Diario - Decano de la prensa nacional\",\"url\":\"https:\\\/\\\/www.eldiario.net\\\/portal\\\/\",\"logo\":{\"@type\":\"ImageObject\",\"inLanguage\":\"es\",\"@id\":\"https:\\\/\\\/www.eldiario.net\\\/portal\\\/#\\\/schema\\\/logo\\\/image\\\/\",\"url\":\"https:\\\/\\\/www.eldiario.net\\\/portal\\\/wp-content\\\/uploads\\\/2023\\\/07\\\/logo_ED.jpg\",\"contentUrl\":\"https:\\\/\\\/www.eldiario.net\\\/portal\\\/wp-content\\\/uploads\\\/2023\\\/07\\\/logo_ED.jpg\",\"width\":272,\"height\":52,\"caption\":\"El Diario - Decano de la prensa nacional\"},\"image\":{\"@id\":\"https:\\\/\\\/www.eldiario.net\\\/portal\\\/#\\\/schema\\\/logo\\\/image\\\/\"},\"sameAs\":[\"https:\\\/\\\/www.facebook.com\\\/eldiario.bolivia\\\/\",\"https:\\\/\\\/x.com\\\/eldiario_net\"]},{\"@type\":\"Person\",\"@id\":\"https:\\\/\\\/www.eldiario.net\\\/portal\\\/#\\\/schema\\\/person\\\/f46445640444750d7d753ccd04ae01b7\",\"name\":\"Jeanette\",\"image\":{\"@type\":\"ImageObject\",\"inLanguage\":\"es\",\"@id\":\"https:\\\/\\\/secure.gravatar.com\\\/avatar\\\/3ea2118a5f7dad2b7138b1187a6b7ee55f160b9968b66013c3a3ef39dd7e5798?s=96&d=mm&r=g\",\"url\":\"https:\\\/\\\/secure.gravatar.com\\\/avatar\\\/3ea2118a5f7dad2b7138b1187a6b7ee55f160b9968b66013c3a3ef39dd7e5798?s=96&d=mm&r=g\",\"contentUrl\":\"https:\\\/\\\/secure.gravatar.com\\\/avatar\\\/3ea2118a5f7dad2b7138b1187a6b7ee55f160b9968b66013c3a3ef39dd7e5798?s=96&d=mm&r=g\",\"caption\":\"Jeanette\"},\"sameAs\":[\"https:\\\/\\\/www.eldiario.net\\\/portal\"],\"url\":\"https:\\\/\\\/www.eldiario.net\\\/portal\\\/author\\\/jeanette\\\/\"}]}<\/script>\n<!-- \/ Yoast SEO plugin. -->","yoast_head_json":{"title":"Introducci\u00f3n a la lectura y su proceso - El Diario - Bolivia","robots":{"index":"index","follow":"follow","max-snippet":"max-snippet:-1","max-image-preview":"max-image-preview:large","max-video-preview":"max-video-preview:-1"},"canonical":"https:\/\/www.eldiario.net\/portal\/2023\/12\/15\/introduccion-a-la-lectura-y-su-proceso-4\/","og_locale":"es_ES","og_type":"article","og_title":"Introducci\u00f3n a la lectura y su proceso - El Diario - Bolivia","og_description":"Por equipo editor &nbsp; Recordemos que\u2026 &nbsp; La lectura es un proceso en el que el lector accede a una informaci\u00f3n determinada mediante el lenguaje visual o escrito. Este enfrenta el proceso de decodificar e interpretar ciertas palabras, n\u00fameros o s\u00edmbolos, los cuales traduce en informaci\u00f3n dentro de su mente, los decodifica y aprende. &nbsp; [&hellip;]","og_url":"https:\/\/www.eldiario.net\/portal\/2023\/12\/15\/introduccion-a-la-lectura-y-su-proceso-4\/","og_site_name":"El Diario - Bolivia","article_publisher":"https:\/\/www.facebook.com\/eldiario.bolivia\/","article_published_time":"2023-12-15T11:34:13+00:00","og_image":[{"width":474,"height":652,"url":"https:\/\/www.eldiario.net\/portal\/wp-content\/uploads\/2023\/12\/Len-Beneficios-de-la-lectura.jpg","type":"image\/jpeg"}],"author":"Jeanette","twitter_card":"summary_large_image","twitter_creator":"@eldiario_net","twitter_site":"@eldiario_net","twitter_misc":{"Escrito por":"Jeanette","Tiempo de lectura":"3 minutos"},"schema":{"@context":"https:\/\/schema.org","@graph":[{"@type":"Article","@id":"https:\/\/www.eldiario.net\/portal\/2023\/12\/15\/introduccion-a-la-lectura-y-su-proceso-4\/#article","isPartOf":{"@id":"https:\/\/www.eldiario.net\/portal\/2023\/12\/15\/introduccion-a-la-lectura-y-su-proceso-4\/"},"author":{"name":"Jeanette","@id":"https:\/\/www.eldiario.net\/portal\/#\/schema\/person\/f46445640444750d7d753ccd04ae01b7"},"headline":"Introducci\u00f3n a la lectura y su proceso","datePublished":"2023-12-15T11:34:13+00:00","mainEntityOfPage":{"@id":"https:\/\/www.eldiario.net\/portal\/2023\/12\/15\/introduccion-a-la-lectura-y-su-proceso-4\/"},"wordCount":561,"publisher":{"@id":"https:\/\/www.eldiario.net\/portal\/#organization"},"image":{"@id":"https:\/\/www.eldiario.net\/portal\/2023\/12\/15\/introduccion-a-la-lectura-y-su-proceso-4\/#primaryimage"},"thumbnailUrl":"https:\/\/www.eldiario.net\/portal\/wp-content\/uploads\/2023\/12\/Len-Beneficios-de-la-lectura.jpg","articleSection":["Nuevos Horizontes"],"inLanguage":"es"},{"@type":"WebPage","@id":"https:\/\/www.eldiario.net\/portal\/2023\/12\/15\/introduccion-a-la-lectura-y-su-proceso-4\/","url":"https:\/\/www.eldiario.net\/portal\/2023\/12\/15\/introduccion-a-la-lectura-y-su-proceso-4\/","name":"Introducci\u00f3n a la lectura y su proceso - El Diario - Bolivia","isPartOf":{"@id":"https:\/\/www.eldiario.net\/portal\/#website"},"primaryImageOfPage":{"@id":"https:\/\/www.eldiario.net\/portal\/2023\/12\/15\/introduccion-a-la-lectura-y-su-proceso-4\/#primaryimage"},"image":{"@id":"https:\/\/www.eldiario.net\/portal\/2023\/12\/15\/introduccion-a-la-lectura-y-su-proceso-4\/#primaryimage"},"thumbnailUrl":"https:\/\/www.eldiario.net\/portal\/wp-content\/uploads\/2023\/12\/Len-Beneficios-de-la-lectura.jpg","datePublished":"2023-12-15T11:34:13+00:00","breadcrumb":{"@id":"https:\/\/www.eldiario.net\/portal\/2023\/12\/15\/introduccion-a-la-lectura-y-su-proceso-4\/#breadcrumb"},"inLanguage":"es","potentialAction":[{"@type":"ReadAction","target":["https:\/\/www.eldiario.net\/portal\/2023\/12\/15\/introduccion-a-la-lectura-y-su-proceso-4\/"]}]},{"@type":"ImageObject","inLanguage":"es","@id":"https:\/\/www.eldiario.net\/portal\/2023\/12\/15\/introduccion-a-la-lectura-y-su-proceso-4\/#primaryimage","url":"https:\/\/www.eldiario.net\/portal\/wp-content\/uploads\/2023\/12\/Len-Beneficios-de-la-lectura.jpg","contentUrl":"https:\/\/www.eldiario.net\/portal\/wp-content\/uploads\/2023\/12\/Len-Beneficios-de-la-lectura.jpg","width":474,"height":652},{"@type":"BreadcrumbList","@id":"https:\/\/www.eldiario.net\/portal\/2023\/12\/15\/introduccion-a-la-lectura-y-su-proceso-4\/#breadcrumb","itemListElement":[{"@type":"ListItem","position":1,"name":"Portada","item":"https:\/\/www.eldiario.net\/portal\/"},{"@type":"ListItem","position":2,"name":"Introducci\u00f3n a la lectura y su proceso"}]},{"@type":"WebSite","@id":"https:\/\/www.eldiario.net\/portal\/#website","url":"https:\/\/www.eldiario.net\/portal\/","name":"El Diario - Decano de la prensa nacional","description":"El Diario - Decano de la prensa nacional","publisher":{"@id":"https:\/\/www.eldiario.net\/portal\/#organization"},"potentialAction":[{"@type":"SearchAction","target":{"@type":"EntryPoint","urlTemplate":"https:\/\/www.eldiario.net\/portal\/?s={search_term_string}"},"query-input":{"@type":"PropertyValueSpecification","valueRequired":true,"valueName":"search_term_string"}}],"inLanguage":"es"},{"@type":"Organization","@id":"https:\/\/www.eldiario.net\/portal\/#organization","name":"El Diario - Decano de la prensa nacional","url":"https:\/\/www.eldiario.net\/portal\/","logo":{"@type":"ImageObject","inLanguage":"es","@id":"https:\/\/www.eldiario.net\/portal\/#\/schema\/logo\/image\/","url":"https:\/\/www.eldiario.net\/portal\/wp-content\/uploads\/2023\/07\/logo_ED.jpg","contentUrl":"https:\/\/www.eldiario.net\/portal\/wp-content\/uploads\/2023\/07\/logo_ED.jpg","width":272,"height":52,"caption":"El Diario - Decano de la prensa nacional"},"image":{"@id":"https:\/\/www.eldiario.net\/portal\/#\/schema\/logo\/image\/"},"sameAs":["https:\/\/www.facebook.com\/eldiario.bolivia\/","https:\/\/x.com\/eldiario_net"]},{"@type":"Person","@id":"https:\/\/www.eldiario.net\/portal\/#\/schema\/person\/f46445640444750d7d753ccd04ae01b7","name":"Jeanette","image":{"@type":"ImageObject","inLanguage":"es","@id":"https:\/\/secure.gravatar.com\/avatar\/3ea2118a5f7dad2b7138b1187a6b7ee55f160b9968b66013c3a3ef39dd7e5798?s=96&d=mm&r=g","url":"https:\/\/secure.gravatar.com\/avatar\/3ea2118a5f7dad2b7138b1187a6b7ee55f160b9968b66013c3a3ef39dd7e5798?s=96&d=mm&r=g","contentUrl":"https:\/\/secure.gravatar.com\/avatar\/3ea2118a5f7dad2b7138b1187a6b7ee55f160b9968b66013c3a3ef39dd7e5798?s=96&d=mm&r=g","caption":"Jeanette"},"sameAs":["https:\/\/www.eldiario.net\/portal"],"url":"https:\/\/www.eldiario.net\/portal\/author\/jeanette\/"}]}},"_links":{"self":[{"href":"https:\/\/www.eldiario.net\/portal\/wp-json\/wp\/v2\/posts\/193053","targetHints":{"allow":["GET"]}}],"collection":[{"href":"https:\/\/www.eldiario.net\/portal\/wp-json\/wp\/v2\/posts"}],"about":[{"href":"https:\/\/www.eldiario.net\/portal\/wp-json\/wp\/v2\/types\/post"}],"author":[{"embeddable":true,"href":"https:\/\/www.eldiario.net\/portal\/wp-json\/wp\/v2\/users\/1"}],"replies":[{"embeddable":true,"href":"https:\/\/www.eldiario.net\/portal\/wp-json\/wp\/v2\/comments?post=193053"}],"version-history":[{"count":0,"href":"https:\/\/www.eldiario.net\/portal\/wp-json\/wp\/v2\/posts\/193053\/revisions"}],"wp:featuredmedia":[{"embeddable":true,"href":"https:\/\/www.eldiario.net\/portal\/wp-json\/wp\/v2\/media\/193054"}],"wp:attachment":[{"href":"https:\/\/www.eldiario.net\/portal\/wp-json\/wp\/v2\/media?parent=193053"}],"wp:term":[{"taxonomy":"category","embeddable":true,"href":"https:\/\/www.eldiario.net\/portal\/wp-json\/wp\/v2\/categories?post=193053"},{"taxonomy":"post_tag","embeddable":true,"href":"https:\/\/www.eldiario.net\/portal\/wp-json\/wp\/v2\/tags?post=193053"}],"curies":[{"name":"wp","href":"https:\/\/api.w.org\/{rel}","templated":true}]}}